{"id":55387,"date":"2021-09-03T09:40:38","date_gmt":"2021-09-03T14:40:38","guid":{"rendered":"https:\/\/pagina10.com\/web\/?p=55387"},"modified":"2021-09-03T09:40:38","modified_gmt":"2021-09-03T14:40:38","slug":"la-secretaria-de-agricultura-reactiva-el-comite-lacteo-del-sur-occidente-narino-putumayo","status":"publish","type":"post","link":"https:\/\/pagina10.com\/web\/la-secretaria-de-agricultura-reactiva-el-comite-lacteo-del-sur-occidente-narino-putumayo\/","title":{"rendered":"La Secretar\u00eda de Agricultura Reactiva el Comit\u00e9 L\u00e1cteo del Sur Occidente, Nari\u00f1o \u2013 Putumayo"},"content":{"rendered":"<p style=\"text-align: justify;\">La Secretar\u00eda de Agricultura y Desarrollo Rural y el Comit\u00e9 L\u00e1cteo del Sur Occidente de Nari\u00f1o y Putumayo, se articulan para establecer un plan de trabajo para fortalecer este sector en los dos departamentos.<\/p>\n<div style=\"text-align: justify;\">\nDentro de la estructura de este nuevo plan de trabajo, se ha considerado la articulaci\u00f3n del Consejo Nacional L\u00e1cteo, la Universidad de Nari\u00f1o y La Gobernaci\u00f3n de Nari\u00f1o a trav\u00e9s de la Secretar\u00eda de Agricultura y Desarrollo Rural, con el fin de incorporar este comit\u00e9 a los planes nacionales y desarrollar pol\u00edticas y proyectos enfocados a fortalecer el sector l\u00e1cteo.<\/div>\n<div style=\"text-align: justify;\">\nA partir de este momento el Decano de la Facultad de Ciencias Pecuarias de la Universidad de Nari\u00f1o, Bol\u00edvar Lagos, ser\u00e1 el nuevo Presidente del Comit\u00e9 L\u00e1cteo del Suroccidente. El Decano cuenta con una gran experiencia para sacar adelante las iniciativas que se proponga el comit\u00e9 en esta nueva vigencia.<\/div>\n<div style=\"text-align: justify;\">\nEste nuevo plan de trabajo se ejecutar\u00e1 sobre la base del informe presentado por la Secretar\u00eda T\u00e9cnica de 2018, a cargo de la Sociedad de Agricultores y Ganaderos de Nari\u00f1o (SAGAN).<br \/>\n\u201cImportantes los retos que se vienen para la cadena l\u00e1ctea, pero sobre todo en la defensa de la producci\u00f3n y del mercado interno; adem\u00e1s, debemos destacar que desde la Gobernaci\u00f3n de Nari\u00f1o seguiremos impulsando los proyectos y programas que est\u00e9n enfocados hacia el mejoramiento de la producci\u00f3n y la productividad del sector l\u00e1cteo, en cuanto a inocuidad, calidad y sanidad\u201d, afirm\u00f3 el Secretario de Agricultura y Desarrollo Rural de Nari\u00f1o, Jairo Chamorro.<\/div>\n<div style=\"text-align: justify;\">\n\u201cLa articulaci\u00f3n de la Secretar\u00eda de Agricultura y Desarrollo Rural del Departamento, es de vital importancia en el desarrollo de este plan de acci\u00f3n, con el fin de conocer las principales necesidades del sector, y en ese sentido mejorar la producci\u00f3n de leche en el departamento de Nari\u00f1o y el Putumayo\u201d, afirm\u00f3 el Presidente del Comit\u00e9 L\u00e1cteo del Suroccidente, Bol\u00edvar Lagos.<\/div>\n","protected":false},"excerpt":{"rendered":"<p>La Secretar\u00eda de Agricultura y Desarrollo Rural y el Comit\u00e9 L\u00e1cteo del Sur Occidente de Nari\u00f1o y Putumayo, se articulan para establecer un plan de trabajo para fortalecer este sector en los dos departamentos. Dentro de la estructura de este nuevo plan de trabajo, se ha considerado la articulaci\u00f3n del Consejo Nacional L\u00e1cteo, la Universidad [&hellip;]<\/p>\n","protected":false},"author":1,"featured_media":55388,"comment_status":"open","ping_status":"open","sticky":false,"template":"","format":"standard","meta":{"footnotes":""},"categories":[13],"tags":[],"class_list":["post-55387","post","type-post","status-publish","format-standard","has-post-thumbnail","hentry","category-economia"],"yoast_head":"<!-- This site is optimized with the Yoast SEO plugin v27.1.1 - https:\/\/yoast.com\/product\/yoast-seo-wordpress\/ -->\n<title>La Secretar\u00eda de Agricultura Reactiva el Comit\u00e9 L\u00e1cteo del Sur Occidente, Nari\u00f1o \u2013 Putumayo | P\u00e1gina10<\/title>\n<meta name=\"robots\" content=\"index, follow, max-snippet:-1, max-image-preview:large, max-video-preview:-1\" \/>\n<link rel=\"canonical\" href=\"https:\/\/pagina10.com\/web\/la-secretaria-de-agricultura-reactiva-el-comite-lacteo-del-sur-occidente-narino-putumayo\/\" \/>\n<meta property=\"og:locale\" content=\"es_ES\" \/>\n<meta property=\"og:type\" content=\"article\" \/>\n<meta property=\"og:title\" content=\"La Secretar\u00eda de Agricultura Reactiva el Comit\u00e9 L\u00e1cteo del Sur Occidente, Nari\u00f1o \u2013 Putumayo | P\u00e1gina10\" \/>\n<meta property=\"og:description\" content=\"La Secretar\u00eda de Agricultura y Desarrollo Rural y el Comit\u00e9 L\u00e1cteo del Sur Occidente de Nari\u00f1o y Putumayo, se articulan para establecer un plan de trabajo para fortalecer este sector en los dos departamentos. Dentro de la estructura de este nuevo plan de trabajo, se ha considerado la articulaci\u00f3n del Consejo Nacional L\u00e1cteo, la Universidad [&hellip;]\" \/>\n<meta property=\"og:url\" content=\"https:\/\/pagina10.com\/web\/la-secretaria-de-agricultura-reactiva-el-comite-lacteo-del-sur-occidente-narino-putumayo\/\" \/>\n<meta property=\"og:site_name\" content=\"P\u00e1gina10\" \/>\n<meta property=\"article:publisher\" content=\"https:\/\/www.facebook.com\/pag10com\" \/>\n<meta property=\"article:published_time\" content=\"2021-09-03T14:40:38+00:00\" \/>\n<meta property=\"og:image\" content=\"https:\/\/pagina10.com\/web\/wp-content\/uploads\/2021\/09\/Captura-de-Pantalla-2021-09-03-a-las-9.39.55-a.-m..png\" \/>\n\t<meta property=\"og:image:width\" content=\"388\" \/>\n\t<meta property=\"og:image:height\" content=\"268\" \/>\n\t<meta property=\"og:image:type\" content=\"image\/png\" \/>\n<meta name=\"author\" content=\"P\u00e1gina 10\" \/>\n<meta name=\"twitter:card\" content=\"summary_large_image\" \/>\n<meta name=\"twitter:creator\" content=\"@Pag10com\" \/>\n<meta name=\"twitter:site\" content=\"@Pag10com\" \/>\n<meta name=\"twitter:label1\" content=\"Escrito por\" \/>\n\t<meta name=\"twitter:data1\" content=\"P\u00e1gina 10\" \/>\n\t<meta name=\"twitter:label2\" content=\"Tiempo de lectura\" \/>\n\t<meta name=\"twitter:data2\" content=\"2 minutos\" \/>\n<script type=\"application\/ld+json\" class=\"yoast-schema-graph\">{\"@context\":\"https:\/\/schema.org\",\"@graph\":[{\"@type\":\"Article\",\"@id\":\"https:\/\/pagina10.com\/web\/la-secretaria-de-agricultura-reactiva-el-comite-lacteo-del-sur-occidente-narino-putumayo\/#article\",\"isPartOf\":{\"@id\":\"https:\/\/pagina10.com\/web\/la-secretaria-de-agricultura-reactiva-el-comite-lacteo-del-sur-occidente-narino-putumayo\/\"},\"author\":{\"name\":\"P\u00e1gina 10\",\"@id\":\"https:\/\/pagina10.com\/web\/#\/schema\/person\/2efc4a090d25b667d3bc796798a3a81b\"},\"headline\":\"La Secretar\u00eda de Agricultura Reactiva el Comit\u00e9 L\u00e1cteo del Sur Occidente, Nari\u00f1o \u2013 Putumayo\",\"datePublished\":\"2021-09-03T14:40:38+00:00\",\"mainEntityOfPage\":{\"@id\":\"https:\/\/pagina10.com\/web\/la-secretaria-de-agricultura-reactiva-el-comite-lacteo-del-sur-occidente-narino-putumayo\/\"},\"wordCount\":357,\"commentCount\":0,\"publisher\":{\"@id\":\"https:\/\/pagina10.com\/web\/#organization\"},\"image\":{\"@id\":\"https:\/\/pagina10.com\/web\/la-secretaria-de-agricultura-reactiva-el-comite-lacteo-del-sur-occidente-narino-putumayo\/#primaryimage\"},\"thumbnailUrl\":\"https:\/\/pagina10.com\/web\/wp-content\/uploads\/2021\/09\/Captura-de-Pantalla-2021-09-03-a-las-9.39.55-a.-m..png\",\"articleSection\":[\"Econom\u00eda\"],\"inLanguage\":\"es\",\"potentialAction\":[{\"@type\":\"CommentAction\",\"name\":\"Comment\",\"target\":[\"https:\/\/pagina10.com\/web\/la-secretaria-de-agricultura-reactiva-el-comite-lacteo-del-sur-occidente-narino-putumayo\/#respond\"]}]},{\"@type\":\"WebPage\",\"@id\":\"https:\/\/pagina10.com\/web\/la-secretaria-de-agricultura-reactiva-el-comite-lacteo-del-sur-occidente-narino-putumayo\/\",\"url\":\"https:\/\/pagina10.com\/web\/la-secretaria-de-agricultura-reactiva-el-comite-lacteo-del-sur-occidente-narino-putumayo\/\",\"name\":\"La Secretar\u00eda de Agricultura Reactiva el Comit\u00e9 L\u00e1cteo del Sur Occidente, Nari\u00f1o \u2013 Putumayo | P\u00e1gina10\",\"isPartOf\":{\"@id\":\"https:\/\/pagina10.com\/web\/#website\"},\"primaryImageOfPage\":{\"@id\":\"https:\/\/pagina10.com\/web\/la-secretaria-de-agricultura-reactiva-el-comite-lacteo-del-sur-occidente-narino-putumayo\/#primaryimage\"},\"image\":{\"@id\":\"https:\/\/pagina10.com\/web\/la-secretaria-de-agricultura-reactiva-el-comite-lacteo-del-sur-occidente-narino-putumayo\/#primaryimage\"},\"thumbnailUrl\":\"https:\/\/pagina10.com\/web\/wp-content\/uploads\/2021\/09\/Captura-de-Pantalla-2021-09-03-a-las-9.39.55-a.-m..png\",\"datePublished\":\"2021-09-03T14:40:38+00:00\",\"breadcrumb\":{\"@id\":\"https:\/\/pagina10.com\/web\/la-secretaria-de-agricultura-reactiva-el-comite-lacteo-del-sur-occidente-narino-putumayo\/#breadcrumb\"},\"inLanguage\":\"es\",\"potentialAction\":[{\"@type\":\"ReadAction\",\"target\":[\"https:\/\/pagina10.com\/web\/la-secretaria-de-agricultura-reactiva-el-comite-lacteo-del-sur-occidente-narino-putumayo\/\"]}]},{\"@type\":\"ImageObject\",\"inLanguage\":\"es\",\"@id\":\"https:\/\/pagina10.com\/web\/la-secretaria-de-agricultura-reactiva-el-comite-lacteo-del-sur-occidente-narino-putumayo\/#primaryimage\",\"url\":\"https:\/\/pagina10.com\/web\/wp-content\/uploads\/2021\/09\/Captura-de-Pantalla-2021-09-03-a-las-9.39.55-a.-m..png\",\"contentUrl\":\"https:\/\/pagina10.com\/web\/wp-content\/uploads\/2021\/09\/Captura-de-Pantalla-2021-09-03-a-las-9.39.55-a.-m..png\",\"width\":388,\"height\":268},{\"@type\":\"BreadcrumbList\",\"@id\":\"https:\/\/pagina10.com\/web\/la-secretaria-de-agricultura-reactiva-el-comite-lacteo-del-sur-occidente-narino-putumayo\/#breadcrumb\",\"itemListElement\":[{\"@type\":\"ListItem\",\"position\":1,\"name\":\"Portada\",\"item\":\"https:\/\/pagina10.com\/web\/\"},{\"@type\":\"ListItem\",\"position\":2,\"name\":\"La Secretar\u00eda de Agricultura Reactiva el Comit\u00e9 L\u00e1cteo del Sur Occidente, Nari\u00f1o \u2013 Putumayo\"}]},{\"@type\":\"WebSite\",\"@id\":\"https:\/\/pagina10.com\/web\/#website\",\"url\":\"https:\/\/pagina10.com\/web\/\",\"name\":\"P\u00e1gina10\",\"description\":\"Peri\u00f3dico Regional\",\"publisher\":{\"@id\":\"https:\/\/pagina10.com\/web\/#organization\"},\"alternateName\":\"P\u00e1gina10 Peri\u00f3dico Regional\",\"potentialAction\":[{\"@type\":\"SearchAction\",\"target\":{\"@type\":\"EntryPoint\",\"urlTemplate\":\"https:\/\/pagina10.com\/web\/?s={search_term_string}\"},\"query-input\":{\"@type\":\"PropertyValueSpecification\",\"valueRequired\":true,\"valueName\":\"search_term_string\"}}],\"inLanguage\":\"es\"},{\"@type\":\"Organization\",\"@id\":\"https:\/\/pagina10.com\/web\/#organization\",\"name\":\"P\u00e1gina10\",\"alternateName\":\"P\u00e1gina10 Peri\u00f3dico Regional\",\"url\":\"https:\/\/pagina10.com\/web\/\",\"logo\":{\"@type\":\"ImageObject\",\"inLanguage\":\"es\",\"@id\":\"https:\/\/pagina10.com\/web\/#\/schema\/logo\/image\/\",\"url\":\"https:\/\/pagina10.com\/web\/wp-content\/uploads\/2024\/01\/40-pagina-10-periodico-regional-pasto.jpg\",\"contentUrl\":\"https:\/\/pagina10.com\/web\/wp-content\/uploads\/2024\/01\/40-pagina-10-periodico-regional-pasto.jpg\",\"width\":1280,\"height\":720,\"caption\":\"P\u00e1gina10\"},\"image\":{\"@id\":\"https:\/\/pagina10.com\/web\/#\/schema\/logo\/image\/\"},\"sameAs\":[\"https:\/\/www.facebook.com\/pag10com\",\"https:\/\/x.com\/Pag10com\",\"https:\/\/www.instagram.com\/pagina10col\/\",\"https:\/\/youtube.com\/channel\/pag10\",\"https:\/\/www.tiktok.com\/@p10col\"]},{\"@type\":\"Person\",\"@id\":\"https:\/\/pagina10.com\/web\/#\/schema\/person\/2efc4a090d25b667d3bc796798a3a81b\",\"name\":\"P\u00e1gina 10\",\"description\":\"P\u00e1gina 10 es un peri\u00f3dico regional que nace en Colombia, en el departamento de Nari\u00f1o, con un enfoque global, fundamentado en cuatro pilares esenciales: la libertad, el pluralismo, la inclusi\u00f3n y la independencia. P\u00e1gina 10 hace referencia a Nari\u00f1o como el d\u00e9cimo departamento creado en Colombia, despu\u00e9s de un proceso pol\u00edtico liderado por actores y actrices regionales con el fin de obtener la independencia y autonom\u00eda de nuestros territorios. Con la creaci\u00f3n de P\u00e1gina 10 se pretende abrir un escenario para el dialogo, la reflexi\u00f3n y el debate que se extienda a otras geograf\u00edas de Am\u00e9rica Latina y del planeta, en una apuesta por transformar colectivamente los desaf\u00edos de un mundo contempor\u00e1neo, m\u00e1s all\u00e1 de las fronteras impuestas.\",\"url\":\"https:\/\/pagina10.com\/web\/author\/pdiezadmin\/\"}]}<\/script>\n<!-- \/ Yoast SEO plugin. -->","yoast_head_json":{"title":"La Secretar\u00eda de Agricultura Reactiva el Comit\u00e9 L\u00e1cteo del Sur Occidente, Nari\u00f1o \u2013 Putumayo | P\u00e1gina10","robots":{"index":"index","follow":"follow","max-snippet":"max-snippet:-1","max-image-preview":"max-image-preview:large","max-video-preview":"max-video-preview:-1"},"canonical":"https:\/\/pagina10.com\/web\/la-secretaria-de-agricultura-reactiva-el-comite-lacteo-del-sur-occidente-narino-putumayo\/","og_locale":"es_ES","og_type":"article","og_title":"La Secretar\u00eda de Agricultura Reactiva el Comit\u00e9 L\u00e1cteo del Sur Occidente, Nari\u00f1o \u2013 Putumayo | P\u00e1gina10","og_description":"La Secretar\u00eda de Agricultura y Desarrollo Rural y el Comit\u00e9 L\u00e1cteo del Sur Occidente de Nari\u00f1o y Putumayo, se articulan para establecer un plan de trabajo para fortalecer este sector en los dos departamentos. Dentro de la estructura de este nuevo plan de trabajo, se ha considerado la articulaci\u00f3n del Consejo Nacional L\u00e1cteo, la Universidad [&hellip;]","og_url":"https:\/\/pagina10.com\/web\/la-secretaria-de-agricultura-reactiva-el-comite-lacteo-del-sur-occidente-narino-putumayo\/","og_site_name":"P\u00e1gina10","article_publisher":"https:\/\/www.facebook.com\/pag10com","article_published_time":"2021-09-03T14:40:38+00:00","og_image":[{"width":388,"height":268,"url":"https:\/\/pagina10.com\/web\/wp-content\/uploads\/2021\/09\/Captura-de-Pantalla-2021-09-03-a-las-9.39.55-a.-m..png","type":"image\/png"}],"author":"P\u00e1gina 10","twitter_card":"summary_large_image","twitter_creator":"@Pag10com","twitter_site":"@Pag10com","twitter_misc":{"Escrito por":"P\u00e1gina 10","Tiempo de lectura":"2 minutos"},"schema":{"@context":"https:\/\/schema.org","@graph":[{"@type":"Article","@id":"https:\/\/pagina10.com\/web\/la-secretaria-de-agricultura-reactiva-el-comite-lacteo-del-sur-occidente-narino-putumayo\/#article","isPartOf":{"@id":"https:\/\/pagina10.com\/web\/la-secretaria-de-agricultura-reactiva-el-comite-lacteo-del-sur-occidente-narino-putumayo\/"},"author":{"name":"P\u00e1gina 10","@id":"https:\/\/pagina10.com\/web\/#\/schema\/person\/2efc4a090d25b667d3bc796798a3a81b"},"headline":"La Secretar\u00eda de Agricultura Reactiva el Comit\u00e9 L\u00e1cteo del Sur Occidente, Nari\u00f1o \u2013 Putumayo","datePublished":"2021-09-03T14:40:38+00:00","mainEntityOfPage":{"@id":"https:\/\/pagina10.com\/web\/la-secretaria-de-agricultura-reactiva-el-comite-lacteo-del-sur-occidente-narino-putumayo\/"},"wordCount":357,"commentCount":0,"publisher":{"@id":"https:\/\/pagina10.com\/web\/#organization"},"image":{"@id":"https:\/\/pagina10.com\/web\/la-secretaria-de-agricultura-reactiva-el-comite-lacteo-del-sur-occidente-narino-putumayo\/#primaryimage"},"thumbnailUrl":"https:\/\/pagina10.com\/web\/wp-content\/uploads\/2021\/09\/Captura-de-Pantalla-2021-09-03-a-las-9.39.55-a.-m..png","articleSection":["Econom\u00eda"],"inLanguage":"es","potentialAction":[{"@type":"CommentAction","name":"Comment","target":["https:\/\/pagina10.com\/web\/la-secretaria-de-agricultura-reactiva-el-comite-lacteo-del-sur-occidente-narino-putumayo\/#respond"]}]},{"@type":"WebPage","@id":"https:\/\/pagina10.com\/web\/la-secretaria-de-agricultura-reactiva-el-comite-lacteo-del-sur-occidente-narino-putumayo\/","url":"https:\/\/pagina10.com\/web\/la-secretaria-de-agricultura-reactiva-el-comite-lacteo-del-sur-occidente-narino-putumayo\/","name":"La Secretar\u00eda de Agricultura Reactiva el Comit\u00e9 L\u00e1cteo del Sur Occidente, Nari\u00f1o \u2013 Putumayo | P\u00e1gina10","isPartOf":{"@id":"https:\/\/pagina10.com\/web\/#website"},"primaryImageOfPage":{"@id":"https:\/\/pagina10.com\/web\/la-secretaria-de-agricultura-reactiva-el-comite-lacteo-del-sur-occidente-narino-putumayo\/#primaryimage"},"image":{"@id":"https:\/\/pagina10.com\/web\/la-secretaria-de-agricultura-reactiva-el-comite-lacteo-del-sur-occidente-narino-putumayo\/#primaryimage"},"thumbnailUrl":"https:\/\/pagina10.com\/web\/wp-content\/uploads\/2021\/09\/Captura-de-Pantalla-2021-09-03-a-las-9.39.55-a.-m..png","datePublished":"2021-09-03T14:40:38+00:00","breadcrumb":{"@id":"https:\/\/pagina10.com\/web\/la-secretaria-de-agricultura-reactiva-el-comite-lacteo-del-sur-occidente-narino-putumayo\/#breadcrumb"},"inLanguage":"es","potentialAction":[{"@type":"ReadAction","target":["https:\/\/pagina10.com\/web\/la-secretaria-de-agricultura-reactiva-el-comite-lacteo-del-sur-occidente-narino-putumayo\/"]}]},{"@type":"ImageObject","inLanguage":"es","@id":"https:\/\/pagina10.com\/web\/la-secretaria-de-agricultura-reactiva-el-comite-lacteo-del-sur-occidente-narino-putumayo\/#primaryimage","url":"https:\/\/pagina10.com\/web\/wp-content\/uploads\/2021\/09\/Captura-de-Pantalla-2021-09-03-a-las-9.39.55-a.-m..png","contentUrl":"https:\/\/pagina10.com\/web\/wp-content\/uploads\/2021\/09\/Captura-de-Pantalla-2021-09-03-a-las-9.39.55-a.-m..png","width":388,"height":268},{"@type":"BreadcrumbList","@id":"https:\/\/pagina10.com\/web\/la-secretaria-de-agricultura-reactiva-el-comite-lacteo-del-sur-occidente-narino-putumayo\/#breadcrumb","itemListElement":[{"@type":"ListItem","position":1,"name":"Portada","item":"https:\/\/pagina10.com\/web\/"},{"@type":"ListItem","position":2,"name":"La Secretar\u00eda de Agricultura Reactiva el Comit\u00e9 L\u00e1cteo del Sur Occidente, Nari\u00f1o \u2013 Putumayo"}]},{"@type":"WebSite","@id":"https:\/\/pagina10.com\/web\/#website","url":"https:\/\/pagina10.com\/web\/","name":"P\u00e1gina10","description":"Peri\u00f3dico Regional","publisher":{"@id":"https:\/\/pagina10.com\/web\/#organization"},"alternateName":"P\u00e1gina10 Peri\u00f3dico Regional","potentialAction":[{"@type":"SearchAction","target":{"@type":"EntryPoint","urlTemplate":"https:\/\/pagina10.com\/web\/?s={search_term_string}"},"query-input":{"@type":"PropertyValueSpecification","valueRequired":true,"valueName":"search_term_string"}}],"inLanguage":"es"},{"@type":"Organization","@id":"https:\/\/pagina10.com\/web\/#organization","name":"P\u00e1gina10","alternateName":"P\u00e1gina10 Peri\u00f3dico Regional","url":"https:\/\/pagina10.com\/web\/","logo":{"@type":"ImageObject","inLanguage":"es","@id":"https:\/\/pagina10.com\/web\/#\/schema\/logo\/image\/","url":"https:\/\/pagina10.com\/web\/wp-content\/uploads\/2024\/01\/40-pagina-10-periodico-regional-pasto.jpg","contentUrl":"https:\/\/pagina10.com\/web\/wp-content\/uploads\/2024\/01\/40-pagina-10-periodico-regional-pasto.jpg","width":1280,"height":720,"caption":"P\u00e1gina10"},"image":{"@id":"https:\/\/pagina10.com\/web\/#\/schema\/logo\/image\/"},"sameAs":["https:\/\/www.facebook.com\/pag10com","https:\/\/x.com\/Pag10com","https:\/\/www.instagram.com\/pagina10col\/","https:\/\/youtube.com\/channel\/pag10","https:\/\/www.tiktok.com\/@p10col"]},{"@type":"Person","@id":"https:\/\/pagina10.com\/web\/#\/schema\/person\/2efc4a090d25b667d3bc796798a3a81b","name":"P\u00e1gina 10","description":"P\u00e1gina 10 es un peri\u00f3dico regional que nace en Colombia, en el departamento de Nari\u00f1o, con un enfoque global, fundamentado en cuatro pilares esenciales: la libertad, el pluralismo, la inclusi\u00f3n y la independencia. P\u00e1gina 10 hace referencia a Nari\u00f1o como el d\u00e9cimo departamento creado en Colombia, despu\u00e9s de un proceso pol\u00edtico liderado por actores y actrices regionales con el fin de obtener la independencia y autonom\u00eda de nuestros territorios. Con la creaci\u00f3n de P\u00e1gina 10 se pretende abrir un escenario para el dialogo, la reflexi\u00f3n y el debate que se extienda a otras geograf\u00edas de Am\u00e9rica Latina y del planeta, en una apuesta por transformar colectivamente los desaf\u00edos de un mundo contempor\u00e1neo, m\u00e1s all\u00e1 de las fronteras impuestas.","url":"https:\/\/pagina10.com\/web\/author\/pdiezadmin\/"}]}},"_links":{"self":[{"href":"https:\/\/pagina10.com\/web\/wp-json\/wp\/v2\/posts\/55387","targetHints":{"allow":["GET"]}}],"collection":[{"href":"https:\/\/pagina10.com\/web\/wp-json\/wp\/v2\/posts"}],"about":[{"href":"https:\/\/pagina10.com\/web\/wp-json\/wp\/v2\/types\/post"}],"author":[{"embeddable":true,"href":"https:\/\/pagina10.com\/web\/wp-json\/wp\/v2\/users\/1"}],"replies":[{"embeddable":true,"href":"https:\/\/pagina10.com\/web\/wp-json\/wp\/v2\/comments?post=55387"}],"version-history":[{"count":1,"href":"https:\/\/pagina10.com\/web\/wp-json\/wp\/v2\/posts\/55387\/revisions"}],"predecessor-version":[{"id":55389,"href":"https:\/\/pagina10.com\/web\/wp-json\/wp\/v2\/posts\/55387\/revisions\/55389"}],"wp:featuredmedia":[{"embeddable":true,"href":"https:\/\/pagina10.com\/web\/wp-json\/wp\/v2\/media\/55388"}],"wp:attachment":[{"href":"https:\/\/pagina10.com\/web\/wp-json\/wp\/v2\/media?parent=55387"}],"wp:term":[{"taxonomy":"category","embeddable":true,"href":"https:\/\/pagina10.com\/web\/wp-json\/wp\/v2\/categories?post=55387"},{"taxonomy":"post_tag","embeddable":true,"href":"https:\/\/pagina10.com\/web\/wp-json\/wp\/v2\/tags?post=55387"}],"curies":[{"name":"wp","href":"https:\/\/api.w.org\/{rel}","templated":true}]}}