{"id":55390,"date":"2021-09-03T09:42:55","date_gmt":"2021-09-03T14:42:55","guid":{"rendered":"https:\/\/pagina10.com\/web\/?p=55390"},"modified":"2021-09-03T09:42:55","modified_gmt":"2021-09-03T14:42:55","slug":"sesiono-comite-departamental-de-lucha-contra-el-contrabando","status":"publish","type":"post","link":"https:\/\/pagina10.com\/web\/sesiono-comite-departamental-de-lucha-contra-el-contrabando\/","title":{"rendered":"Sesion\u00f3 Comit\u00e9 Departamental de Lucha Contra el Contrabando"},"content":{"rendered":"<p style=\"text-align: justify;\">Desde la regi\u00f3n se articulan acciones y estrategias para combatir el comercio il\u00edcito de licores, cerveza, cigarrillos y en general las acciones de evasi\u00f3n fiscal.<\/p>\n<div>\nAl ser Nari\u00f1o un departamento fronterizo, el contrabando es un flagelo palpable y continuo, que afecta directamente las rentas Departamentales, la capacidad de inversi\u00f3n del gobierno destinadas a la educaci\u00f3n, el deporte y la salud, aspectos esenciales que mejoran la calidad de vida de los nari\u00f1enses.<\/p>\n<div style=\"text-align: justify;\">\nPor consiguiente, dentro de los objetivos del Comit\u00e9 Departamental se estableci\u00f3 un plan integral de identificaci\u00f3n y desarticulaci\u00f3n de las bandas y contrabandistas a gran escala en Nari\u00f1o; adem\u00e1s, del dise\u00f1o de un modelo frente a los procedimientos de fiscalizaci\u00f3n y control adelantados por las distintas autoridades territoriales.<\/div>\n<div style=\"text-align: justify;\">\n\u201cEste es un evento muy importante para todos los nari\u00f1enses, porque combatir el contrabando es responsabilidad de toda la comunidad. El contrabando afecta las rentas del Departamento, la salud p\u00fablica y el comercio legal, lo cual no nos permite crecer ni reactivar la econom\u00eda en nuestro territorio\u201d, expres\u00f3 la Secretaria de Hacienda, Viviana Solarte.<\/div>\n<div style=\"text-align: justify;\">\nDentro de los compromisos asumidos en el comit\u00e9 se definieron conjuntamente con los entes de control e instituciones que lo conforman como la Federaci\u00f3n Nacional de Departamentos, la Polic\u00eda Nacional de Carreteras, Polic\u00eda de Aduana, Migraci\u00f3n Colombia, Fenalco, C\u00e1mara de Comercio de Pasto e Ipiales, Ej\u00e9rcito de Colombia y la DIAN las zonas de control y prevenci\u00f3n, con el fin de articular un trabajo que permita mayor cobertura en el Departamento.<\/div>\n<div style=\"text-align: justify;\">\nDurante la jornada se conoci\u00f3 la estrategia de comunicaci\u00f3n \u201cMe lo Tomo en Serio y a lo Legal\u201d, que tiene como objetivo la creaci\u00f3n de productos comunicativos de impacto, con el prop\u00f3sito de sensibilizar al consumidor a comprar productos legales, que contribuyan a la cultura de la legalidad en el Departamento.<\/div>\n<div style=\"text-align: justify;\">\n\u201cActualmente tenemos suscrito un convenio interadministrativo con el Departamento, mediante cuatro l\u00edneas de acci\u00f3n: capacitaci\u00f3n, comunicaci\u00f3n, fortalecimiento del grupo operativo y de an\u00e1lisis de informaci\u00f3n, con el objetivo de aunar esfuerzos para dar grandes golpes al contrabando que afectan las finanzas del territorio\u201d, concluy\u00f3, la Asesora Regional de la Federaci\u00f3n Nacional de Departamentos, Mar\u00eda Alejandra Pregonero.<\/div>\n<\/div>\n","protected":false},"excerpt":{"rendered":"<p>Desde la regi\u00f3n se articulan acciones y estrategias para combatir el comercio il\u00edcito de licores, cerveza, cigarrillos y en general las acciones de evasi\u00f3n fiscal. Al ser Nari\u00f1o un departamento fronterizo, el contrabando es un flagelo palpable y continuo, que afecta directamente las rentas Departamentales, la capacidad de inversi\u00f3n del gobierno destinadas a la educaci\u00f3n, [&hellip;]<\/p>\n","protected":false},"author":1,"featured_media":55391,"comment_status":"open","ping_status":"open","sticky":false,"template":"","format":"standard","meta":{"footnotes":""},"categories":[13],"tags":[],"class_list":["post-55390","post","type-post","status-publish","format-standard","has-post-thumbnail","hentry","category-economia"],"yoast_head":"<!-- This site is optimized with the Yoast SEO plugin v27.1.1 - https:\/\/yoast.com\/product\/yoast-seo-wordpress\/ -->\n<title>Sesion\u00f3 Comit\u00e9 Departamental de Lucha Contra el Contrabando | P\u00e1gina10<\/title>\n<meta name=\"robots\" content=\"index, follow, max-snippet:-1, max-image-preview:large, max-video-preview:-1\" \/>\n<link rel=\"canonical\" href=\"https:\/\/pagina10.com\/web\/sesiono-comite-departamental-de-lucha-contra-el-contrabando\/\" \/>\n<meta property=\"og:locale\" content=\"es_ES\" \/>\n<meta property=\"og:type\" content=\"article\" \/>\n<meta property=\"og:title\" content=\"Sesion\u00f3 Comit\u00e9 Departamental de Lucha Contra el Contrabando | P\u00e1gina10\" \/>\n<meta property=\"og:description\" content=\"Desde la regi\u00f3n se articulan acciones y estrategias para combatir el comercio il\u00edcito de licores, cerveza, cigarrillos y en general las acciones de evasi\u00f3n fiscal. Al ser Nari\u00f1o un departamento fronterizo, el contrabando es un flagelo palpable y continuo, que afecta directamente las rentas Departamentales, la capacidad de inversi\u00f3n del gobierno destinadas a la educaci\u00f3n, [&hellip;]\" \/>\n<meta property=\"og:url\" content=\"https:\/\/pagina10.com\/web\/sesiono-comite-departamental-de-lucha-contra-el-contrabando\/\" \/>\n<meta property=\"og:site_name\" content=\"P\u00e1gina10\" \/>\n<meta property=\"article:publisher\" content=\"https:\/\/www.facebook.com\/pag10com\" \/>\n<meta property=\"article:published_time\" content=\"2021-09-03T14:42:55+00:00\" \/>\n<meta property=\"og:image\" content=\"https:\/\/pagina10.com\/web\/wp-content\/uploads\/2021\/09\/Captura-de-Pantalla-2021-09-03-a-las-9.42.16-a.-m..png\" \/>\n\t<meta property=\"og:image:width\" content=\"477\" \/>\n\t<meta property=\"og:image:height\" content=\"204\" \/>\n\t<meta property=\"og:image:type\" content=\"image\/png\" \/>\n<meta name=\"author\" content=\"P\u00e1gina 10\" \/>\n<meta name=\"twitter:card\" content=\"summary_large_image\" \/>\n<meta name=\"twitter:creator\" content=\"@Pag10com\" \/>\n<meta name=\"twitter:site\" content=\"@Pag10com\" \/>\n<meta name=\"twitter:label1\" content=\"Escrito por\" \/>\n\t<meta name=\"twitter:data1\" content=\"P\u00e1gina 10\" \/>\n\t<meta name=\"twitter:label2\" content=\"Tiempo de lectura\" \/>\n\t<meta name=\"twitter:data2\" content=\"2 minutos\" \/>\n<script type=\"application\/ld+json\" class=\"yoast-schema-graph\">{\"@context\":\"https:\/\/schema.org\",\"@graph\":[{\"@type\":\"Article\",\"@id\":\"https:\/\/pagina10.com\/web\/sesiono-comite-departamental-de-lucha-contra-el-contrabando\/#article\",\"isPartOf\":{\"@id\":\"https:\/\/pagina10.com\/web\/sesiono-comite-departamental-de-lucha-contra-el-contrabando\/\"},\"author\":{\"name\":\"P\u00e1gina 10\",\"@id\":\"https:\/\/pagina10.com\/web\/#\/schema\/person\/2efc4a090d25b667d3bc796798a3a81b\"},\"headline\":\"Sesion\u00f3 Comit\u00e9 Departamental de Lucha Contra el Contrabando\",\"datePublished\":\"2021-09-03T14:42:55+00:00\",\"mainEntityOfPage\":{\"@id\":\"https:\/\/pagina10.com\/web\/sesiono-comite-departamental-de-lucha-contra-el-contrabando\/\"},\"wordCount\":393,\"commentCount\":0,\"publisher\":{\"@id\":\"https:\/\/pagina10.com\/web\/#organization\"},\"image\":{\"@id\":\"https:\/\/pagina10.com\/web\/sesiono-comite-departamental-de-lucha-contra-el-contrabando\/#primaryimage\"},\"thumbnailUrl\":\"https:\/\/pagina10.com\/web\/wp-content\/uploads\/2021\/09\/Captura-de-Pantalla-2021-09-03-a-las-9.42.16-a.-m..png\",\"articleSection\":[\"Econom\u00eda\"],\"inLanguage\":\"es\",\"potentialAction\":[{\"@type\":\"CommentAction\",\"name\":\"Comment\",\"target\":[\"https:\/\/pagina10.com\/web\/sesiono-comite-departamental-de-lucha-contra-el-contrabando\/#respond\"]}]},{\"@type\":\"WebPage\",\"@id\":\"https:\/\/pagina10.com\/web\/sesiono-comite-departamental-de-lucha-contra-el-contrabando\/\",\"url\":\"https:\/\/pagina10.com\/web\/sesiono-comite-departamental-de-lucha-contra-el-contrabando\/\",\"name\":\"Sesion\u00f3 Comit\u00e9 Departamental de Lucha Contra el Contrabando | P\u00e1gina10\",\"isPartOf\":{\"@id\":\"https:\/\/pagina10.com\/web\/#website\"},\"primaryImageOfPage\":{\"@id\":\"https:\/\/pagina10.com\/web\/sesiono-comite-departamental-de-lucha-contra-el-contrabando\/#primaryimage\"},\"image\":{\"@id\":\"https:\/\/pagina10.com\/web\/sesiono-comite-departamental-de-lucha-contra-el-contrabando\/#primaryimage\"},\"thumbnailUrl\":\"https:\/\/pagina10.com\/web\/wp-content\/uploads\/2021\/09\/Captura-de-Pantalla-2021-09-03-a-las-9.42.16-a.-m..png\",\"datePublished\":\"2021-09-03T14:42:55+00:00\",\"breadcrumb\":{\"@id\":\"https:\/\/pagina10.com\/web\/sesiono-comite-departamental-de-lucha-contra-el-contrabando\/#breadcrumb\"},\"inLanguage\":\"es\",\"potentialAction\":[{\"@type\":\"ReadAction\",\"target\":[\"https:\/\/pagina10.com\/web\/sesiono-comite-departamental-de-lucha-contra-el-contrabando\/\"]}]},{\"@type\":\"ImageObject\",\"inLanguage\":\"es\",\"@id\":\"https:\/\/pagina10.com\/web\/sesiono-comite-departamental-de-lucha-contra-el-contrabando\/#primaryimage\",\"url\":\"https:\/\/pagina10.com\/web\/wp-content\/uploads\/2021\/09\/Captura-de-Pantalla-2021-09-03-a-las-9.42.16-a.-m..png\",\"contentUrl\":\"https:\/\/pagina10.com\/web\/wp-content\/uploads\/2021\/09\/Captura-de-Pantalla-2021-09-03-a-las-9.42.16-a.-m..png\",\"width\":477,\"height\":204},{\"@type\":\"BreadcrumbList\",\"@id\":\"https:\/\/pagina10.com\/web\/sesiono-comite-departamental-de-lucha-contra-el-contrabando\/#breadcrumb\",\"itemListElement\":[{\"@type\":\"ListItem\",\"position\":1,\"name\":\"Portada\",\"item\":\"https:\/\/pagina10.com\/web\/\"},{\"@type\":\"ListItem\",\"position\":2,\"name\":\"Sesion\u00f3 Comit\u00e9 Departamental de Lucha Contra el Contrabando\"}]},{\"@type\":\"WebSite\",\"@id\":\"https:\/\/pagina10.com\/web\/#website\",\"url\":\"https:\/\/pagina10.com\/web\/\",\"name\":\"P\u00e1gina10\",\"description\":\"Peri\u00f3dico Regional\",\"publisher\":{\"@id\":\"https:\/\/pagina10.com\/web\/#organization\"},\"alternateName\":\"P\u00e1gina10 Peri\u00f3dico Regional\",\"potentialAction\":[{\"@type\":\"SearchAction\",\"target\":{\"@type\":\"EntryPoint\",\"urlTemplate\":\"https:\/\/pagina10.com\/web\/?s={search_term_string}\"},\"query-input\":{\"@type\":\"PropertyValueSpecification\",\"valueRequired\":true,\"valueName\":\"search_term_string\"}}],\"inLanguage\":\"es\"},{\"@type\":\"Organization\",\"@id\":\"https:\/\/pagina10.com\/web\/#organization\",\"name\":\"P\u00e1gina10\",\"alternateName\":\"P\u00e1gina10 Peri\u00f3dico Regional\",\"url\":\"https:\/\/pagina10.com\/web\/\",\"logo\":{\"@type\":\"ImageObject\",\"inLanguage\":\"es\",\"@id\":\"https:\/\/pagina10.com\/web\/#\/schema\/logo\/image\/\",\"url\":\"https:\/\/pagina10.com\/web\/wp-content\/uploads\/2024\/01\/40-pagina-10-periodico-regional-pasto.jpg\",\"contentUrl\":\"https:\/\/pagina10.com\/web\/wp-content\/uploads\/2024\/01\/40-pagina-10-periodico-regional-pasto.jpg\",\"width\":1280,\"height\":720,\"caption\":\"P\u00e1gina10\"},\"image\":{\"@id\":\"https:\/\/pagina10.com\/web\/#\/schema\/logo\/image\/\"},\"sameAs\":[\"https:\/\/www.facebook.com\/pag10com\",\"https:\/\/x.com\/Pag10com\",\"https:\/\/www.instagram.com\/pagina10col\/\",\"https:\/\/youtube.com\/channel\/pag10\",\"https:\/\/www.tiktok.com\/@p10col\"]},{\"@type\":\"Person\",\"@id\":\"https:\/\/pagina10.com\/web\/#\/schema\/person\/2efc4a090d25b667d3bc796798a3a81b\",\"name\":\"P\u00e1gina 10\",\"description\":\"P\u00e1gina 10 es un peri\u00f3dico regional que nace en Colombia, en el departamento de Nari\u00f1o, con un enfoque global, fundamentado en cuatro pilares esenciales: la libertad, el pluralismo, la inclusi\u00f3n y la independencia. P\u00e1gina 10 hace referencia a Nari\u00f1o como el d\u00e9cimo departamento creado en Colombia, despu\u00e9s de un proceso pol\u00edtico liderado por actores y actrices regionales con el fin de obtener la independencia y autonom\u00eda de nuestros territorios. Con la creaci\u00f3n de P\u00e1gina 10 se pretende abrir un escenario para el dialogo, la reflexi\u00f3n y el debate que se extienda a otras geograf\u00edas de Am\u00e9rica Latina y del planeta, en una apuesta por transformar colectivamente los desaf\u00edos de un mundo contempor\u00e1neo, m\u00e1s all\u00e1 de las fronteras impuestas.\",\"url\":\"https:\/\/pagina10.com\/web\/author\/pdiezadmin\/\"}]}<\/script>\n<!-- \/ Yoast SEO plugin. -->","yoast_head_json":{"title":"Sesion\u00f3 Comit\u00e9 Departamental de Lucha Contra el Contrabando | P\u00e1gina10","robots":{"index":"index","follow":"follow","max-snippet":"max-snippet:-1","max-image-preview":"max-image-preview:large","max-video-preview":"max-video-preview:-1"},"canonical":"https:\/\/pagina10.com\/web\/sesiono-comite-departamental-de-lucha-contra-el-contrabando\/","og_locale":"es_ES","og_type":"article","og_title":"Sesion\u00f3 Comit\u00e9 Departamental de Lucha Contra el Contrabando | P\u00e1gina10","og_description":"Desde la regi\u00f3n se articulan acciones y estrategias para combatir el comercio il\u00edcito de licores, cerveza, cigarrillos y en general las acciones de evasi\u00f3n fiscal. Al ser Nari\u00f1o un departamento fronterizo, el contrabando es un flagelo palpable y continuo, que afecta directamente las rentas Departamentales, la capacidad de inversi\u00f3n del gobierno destinadas a la educaci\u00f3n, [&hellip;]","og_url":"https:\/\/pagina10.com\/web\/sesiono-comite-departamental-de-lucha-contra-el-contrabando\/","og_site_name":"P\u00e1gina10","article_publisher":"https:\/\/www.facebook.com\/pag10com","article_published_time":"2021-09-03T14:42:55+00:00","og_image":[{"width":477,"height":204,"url":"https:\/\/pagina10.com\/web\/wp-content\/uploads\/2021\/09\/Captura-de-Pantalla-2021-09-03-a-las-9.42.16-a.-m..png","type":"image\/png"}],"author":"P\u00e1gina 10","twitter_card":"summary_large_image","twitter_creator":"@Pag10com","twitter_site":"@Pag10com","twitter_misc":{"Escrito por":"P\u00e1gina 10","Tiempo de lectura":"2 minutos"},"schema":{"@context":"https:\/\/schema.org","@graph":[{"@type":"Article","@id":"https:\/\/pagina10.com\/web\/sesiono-comite-departamental-de-lucha-contra-el-contrabando\/#article","isPartOf":{"@id":"https:\/\/pagina10.com\/web\/sesiono-comite-departamental-de-lucha-contra-el-contrabando\/"},"author":{"name":"P\u00e1gina 10","@id":"https:\/\/pagina10.com\/web\/#\/schema\/person\/2efc4a090d25b667d3bc796798a3a81b"},"headline":"Sesion\u00f3 Comit\u00e9 Departamental de Lucha Contra el Contrabando","datePublished":"2021-09-03T14:42:55+00:00","mainEntityOfPage":{"@id":"https:\/\/pagina10.com\/web\/sesiono-comite-departamental-de-lucha-contra-el-contrabando\/"},"wordCount":393,"commentCount":0,"publisher":{"@id":"https:\/\/pagina10.com\/web\/#organization"},"image":{"@id":"https:\/\/pagina10.com\/web\/sesiono-comite-departamental-de-lucha-contra-el-contrabando\/#primaryimage"},"thumbnailUrl":"https:\/\/pagina10.com\/web\/wp-content\/uploads\/2021\/09\/Captura-de-Pantalla-2021-09-03-a-las-9.42.16-a.-m..png","articleSection":["Econom\u00eda"],"inLanguage":"es","potentialAction":[{"@type":"CommentAction","name":"Comment","target":["https:\/\/pagina10.com\/web\/sesiono-comite-departamental-de-lucha-contra-el-contrabando\/#respond"]}]},{"@type":"WebPage","@id":"https:\/\/pagina10.com\/web\/sesiono-comite-departamental-de-lucha-contra-el-contrabando\/","url":"https:\/\/pagina10.com\/web\/sesiono-comite-departamental-de-lucha-contra-el-contrabando\/","name":"Sesion\u00f3 Comit\u00e9 Departamental de Lucha Contra el Contrabando | P\u00e1gina10","isPartOf":{"@id":"https:\/\/pagina10.com\/web\/#website"},"primaryImageOfPage":{"@id":"https:\/\/pagina10.com\/web\/sesiono-comite-departamental-de-lucha-contra-el-contrabando\/#primaryimage"},"image":{"@id":"https:\/\/pagina10.com\/web\/sesiono-comite-departamental-de-lucha-contra-el-contrabando\/#primaryimage"},"thumbnailUrl":"https:\/\/pagina10.com\/web\/wp-content\/uploads\/2021\/09\/Captura-de-Pantalla-2021-09-03-a-las-9.42.16-a.-m..png","datePublished":"2021-09-03T14:42:55+00:00","breadcrumb":{"@id":"https:\/\/pagina10.com\/web\/sesiono-comite-departamental-de-lucha-contra-el-contrabando\/#breadcrumb"},"inLanguage":"es","potentialAction":[{"@type":"ReadAction","target":["https:\/\/pagina10.com\/web\/sesiono-comite-departamental-de-lucha-contra-el-contrabando\/"]}]},{"@type":"ImageObject","inLanguage":"es","@id":"https:\/\/pagina10.com\/web\/sesiono-comite-departamental-de-lucha-contra-el-contrabando\/#primaryimage","url":"https:\/\/pagina10.com\/web\/wp-content\/uploads\/2021\/09\/Captura-de-Pantalla-2021-09-03-a-las-9.42.16-a.-m..png","contentUrl":"https:\/\/pagina10.com\/web\/wp-content\/uploads\/2021\/09\/Captura-de-Pantalla-2021-09-03-a-las-9.42.16-a.-m..png","width":477,"height":204},{"@type":"BreadcrumbList","@id":"https:\/\/pagina10.com\/web\/sesiono-comite-departamental-de-lucha-contra-el-contrabando\/#breadcrumb","itemListElement":[{"@type":"ListItem","position":1,"name":"Portada","item":"https:\/\/pagina10.com\/web\/"},{"@type":"ListItem","position":2,"name":"Sesion\u00f3 Comit\u00e9 Departamental de Lucha Contra el Contrabando"}]},{"@type":"WebSite","@id":"https:\/\/pagina10.com\/web\/#website","url":"https:\/\/pagina10.com\/web\/","name":"P\u00e1gina10","description":"Peri\u00f3dico Regional","publisher":{"@id":"https:\/\/pagina10.com\/web\/#organization"},"alternateName":"P\u00e1gina10 Peri\u00f3dico Regional","potentialAction":[{"@type":"SearchAction","target":{"@type":"EntryPoint","urlTemplate":"https:\/\/pagina10.com\/web\/?s={search_term_string}"},"query-input":{"@type":"PropertyValueSpecification","valueRequired":true,"valueName":"search_term_string"}}],"inLanguage":"es"},{"@type":"Organization","@id":"https:\/\/pagina10.com\/web\/#organization","name":"P\u00e1gina10","alternateName":"P\u00e1gina10 Peri\u00f3dico Regional","url":"https:\/\/pagina10.com\/web\/","logo":{"@type":"ImageObject","inLanguage":"es","@id":"https:\/\/pagina10.com\/web\/#\/schema\/logo\/image\/","url":"https:\/\/pagina10.com\/web\/wp-content\/uploads\/2024\/01\/40-pagina-10-periodico-regional-pasto.jpg","contentUrl":"https:\/\/pagina10.com\/web\/wp-content\/uploads\/2024\/01\/40-pagina-10-periodico-regional-pasto.jpg","width":1280,"height":720,"caption":"P\u00e1gina10"},"image":{"@id":"https:\/\/pagina10.com\/web\/#\/schema\/logo\/image\/"},"sameAs":["https:\/\/www.facebook.com\/pag10com","https:\/\/x.com\/Pag10com","https:\/\/www.instagram.com\/pagina10col\/","https:\/\/youtube.com\/channel\/pag10","https:\/\/www.tiktok.com\/@p10col"]},{"@type":"Person","@id":"https:\/\/pagina10.com\/web\/#\/schema\/person\/2efc4a090d25b667d3bc796798a3a81b","name":"P\u00e1gina 10","description":"P\u00e1gina 10 es un peri\u00f3dico regional que nace en Colombia, en el departamento de Nari\u00f1o, con un enfoque global, fundamentado en cuatro pilares esenciales: la libertad, el pluralismo, la inclusi\u00f3n y la independencia. P\u00e1gina 10 hace referencia a Nari\u00f1o como el d\u00e9cimo departamento creado en Colombia, despu\u00e9s de un proceso pol\u00edtico liderado por actores y actrices regionales con el fin de obtener la independencia y autonom\u00eda de nuestros territorios. Con la creaci\u00f3n de P\u00e1gina 10 se pretende abrir un escenario para el dialogo, la reflexi\u00f3n y el debate que se extienda a otras geograf\u00edas de Am\u00e9rica Latina y del planeta, en una apuesta por transformar colectivamente los desaf\u00edos de un mundo contempor\u00e1neo, m\u00e1s all\u00e1 de las fronteras impuestas.","url":"https:\/\/pagina10.com\/web\/author\/pdiezadmin\/"}]}},"_links":{"self":[{"href":"https:\/\/pagina10.com\/web\/wp-json\/wp\/v2\/posts\/55390","targetHints":{"allow":["GET"]}}],"collection":[{"href":"https:\/\/pagina10.com\/web\/wp-json\/wp\/v2\/posts"}],"about":[{"href":"https:\/\/pagina10.com\/web\/wp-json\/wp\/v2\/types\/post"}],"author":[{"embeddable":true,"href":"https:\/\/pagina10.com\/web\/wp-json\/wp\/v2\/users\/1"}],"replies":[{"embeddable":true,"href":"https:\/\/pagina10.com\/web\/wp-json\/wp\/v2\/comments?post=55390"}],"version-history":[{"count":1,"href":"https:\/\/pagina10.com\/web\/wp-json\/wp\/v2\/posts\/55390\/revisions"}],"predecessor-version":[{"id":55392,"href":"https:\/\/pagina10.com\/web\/wp-json\/wp\/v2\/posts\/55390\/revisions\/55392"}],"wp:featuredmedia":[{"embeddable":true,"href":"https:\/\/pagina10.com\/web\/wp-json\/wp\/v2\/media\/55391"}],"wp:attachment":[{"href":"https:\/\/pagina10.com\/web\/wp-json\/wp\/v2\/media?parent=55390"}],"wp:term":[{"taxonomy":"category","embeddable":true,"href":"https:\/\/pagina10.com\/web\/wp-json\/wp\/v2\/categories?post=55390"},{"taxonomy":"post_tag","embeddable":true,"href":"https:\/\/pagina10.com\/web\/wp-json\/wp\/v2\/tags?post=55390"}],"curies":[{"name":"wp","href":"https:\/\/api.w.org\/{rel}","templated":true}]}}