{"id":55404,"date":"2021-09-04T07:37:59","date_gmt":"2021-09-04T12:37:59","guid":{"rendered":"https:\/\/pagina10.com\/web\/?p=55404"},"modified":"2021-09-04T07:37:59","modified_gmt":"2021-09-04T12:37:59","slug":"aterrizo-en-tumaco-zara-rutherford-la-joven-piloto-que-busca-batir-record-guinness","status":"publish","type":"post","link":"https:\/\/pagina10.com\/web\/aterrizo-en-tumaco-zara-rutherford-la-joven-piloto-que-busca-batir-record-guinness\/","title":{"rendered":"Aterriz\u00f3 en Tumaco Zara Rutherford, la joven piloto que busca batir r\u00e9cord Guinness"},"content":{"rendered":"<p style=\"text-align: justify;\">El pasado 2 de septiembre lleg\u00f3 a Colombia Zara Rutherford, una piloto de tan solo 19 a\u00f1os, que, por medio de su aventura busca convertirse en la mujer m\u00e0s j\u00f3ven en darle la vuelta al mundo. Con este objetivo Zara pilotea un Shark UL que apenas pesa 325 kilos y que el 31 de octubre finalizar\u00e1 su traves\u00eda mundial en Senica, Eslovaquia<\/p>\n<p style=\"text-align: justify;\">Con el objetivo de circunnavegar el mundo, Zara eligi\u00f3 como destino el pac\u00edfico nari\u00f1ense. En este orden, la j\u00f2ven piloto lleg\u00f2 el viernes 3 de septiembre a Tumaco, durante este s\u00e1bado descansar\u00e1 y el domingo retomar\u00e1 su traves\u00eda de batir el r\u00e9cord mundial de Guinness, que dio inicio en agosto del a\u00f1o en curso.<\/p>\n<p style=\"text-align: justify;\">De acuerdo a lo anunciado en El Espectador, Zara Rutherford ha denunciado que solo el 5% de los pilotos de aviones comerciales son mujeres, as\u00ed como solo el 15% de las cient\u00edficas computacionales. \u201cEse es un n\u00famero extremadamente bajo considerando estas incre\u00edbles carreras con maravillosas oportunidades\u201d, se\u00f1al\u00f3 Rutherford<\/p>\n<p style=\"text-align: justify;\">Con lo anterior, la joven belga incentiva y hace un llamado a todas las ni\u00f1as, mujeres y j\u00f3venes a que se atrevan a ir m\u00e1s all\u00e1 de sus sue\u00f1os, que busquen inter\u00e9s en la ciencia, tecnolog\u00eda y matem\u00e1ticas.<\/p>\n<p style=\"text-align: justify;\">Por su parte, la Alcald\u00eda de Tumaco anunci\u00f3 que le da la bienvenida a la j\u00f3ven piloto y se refiri\u00f2 al objetivo de Zara de convertirse en la persona m\u00e1s j\u00f3ven en darle la vuelta al mundo, \u201cLas pautas del r\u00e9cord mundial Guinness requieren que las personas que circunnaveguen el mundo pasen por dos puntos ant\u00edpodas aproximados, es decir, dos ubicaciones en lados geogr\u00e1ficos opuestos de la Tierra. Rutherford eligi\u00f3 pasar por Tumaco (Colombia) y Jambi (Indonesia), donde planea llegar a mediados de Octubre\u201d.<\/p>\n","protected":false},"excerpt":{"rendered":"<p>El pasado 2 de septiembre lleg\u00f3 a Colombia Zara Rutherford, una piloto de tan solo 19 a\u00f1os, que, por medio de su aventura busca convertirse en la mujer m\u00e0s j\u00f3ven en darle la vuelta al mundo. Con este objetivo Zara pilotea un Shark UL que apenas pesa 325 kilos y que el 31 de octubre [&hellip;]<\/p>\n","protected":false},"author":1,"featured_media":55405,"comment_status":"open","ping_status":"open","sticky":false,"template":"","format":"standard","meta":{"footnotes":""},"categories":[14],"tags":[],"class_list":["post-55404","post","type-post","status-publish","format-standard","has-post-thumbnail","hentry","category-narino-actual"],"yoast_head":"<!-- This site is optimized with the Yoast SEO plugin v27.1.1 - https:\/\/yoast.com\/product\/yoast-seo-wordpress\/ -->\n<title>Aterriz\u00f3 en Tumaco Zara Rutherford, la joven piloto que busca batir r\u00e9cord Guinness | P\u00e1gina10<\/title>\n<meta name=\"robots\" content=\"index, follow, max-snippet:-1, max-image-preview:large, max-video-preview:-1\" \/>\n<link rel=\"canonical\" href=\"https:\/\/pagina10.com\/web\/aterrizo-en-tumaco-zara-rutherford-la-joven-piloto-que-busca-batir-record-guinness\/\" \/>\n<meta property=\"og:locale\" content=\"es_ES\" \/>\n<meta property=\"og:type\" content=\"article\" \/>\n<meta property=\"og:title\" content=\"Aterriz\u00f3 en Tumaco Zara Rutherford, la joven piloto que busca batir r\u00e9cord Guinness | P\u00e1gina10\" \/>\n<meta property=\"og:description\" content=\"El pasado 2 de septiembre lleg\u00f3 a Colombia Zara Rutherford, una piloto de tan solo 19 a\u00f1os, que, por medio de su aventura busca convertirse en la mujer m\u00e0s j\u00f3ven en darle la vuelta al mundo. Con este objetivo Zara pilotea un Shark UL que apenas pesa 325 kilos y que el 31 de octubre [&hellip;]\" \/>\n<meta property=\"og:url\" content=\"https:\/\/pagina10.com\/web\/aterrizo-en-tumaco-zara-rutherford-la-joven-piloto-que-busca-batir-record-guinness\/\" \/>\n<meta property=\"og:site_name\" content=\"P\u00e1gina10\" \/>\n<meta property=\"article:publisher\" content=\"https:\/\/www.facebook.com\/pag10com\" \/>\n<meta property=\"article:published_time\" content=\"2021-09-04T12:37:59+00:00\" \/>\n<meta property=\"og:image\" content=\"https:\/\/pagina10.com\/web\/wp-content\/uploads\/2021\/09\/mariale.jpg\" \/>\n\t<meta property=\"og:image:width\" content=\"821\" \/>\n\t<meta property=\"og:image:height\" content=\"603\" \/>\n\t<meta property=\"og:image:type\" content=\"image\/jpeg\" \/>\n<meta name=\"author\" content=\"P\u00e1gina 10\" \/>\n<meta name=\"twitter:card\" content=\"summary_large_image\" \/>\n<meta name=\"twitter:creator\" content=\"@Pag10com\" \/>\n<meta name=\"twitter:site\" content=\"@Pag10com\" \/>\n<meta name=\"twitter:label1\" content=\"Escrito por\" \/>\n\t<meta name=\"twitter:data1\" content=\"P\u00e1gina 10\" \/>\n\t<meta name=\"twitter:label2\" content=\"Tiempo de lectura\" \/>\n\t<meta name=\"twitter:data2\" content=\"2 minutos\" \/>\n<script type=\"application\/ld+json\" class=\"yoast-schema-graph\">{\"@context\":\"https:\/\/schema.org\",\"@graph\":[{\"@type\":\"Article\",\"@id\":\"https:\/\/pagina10.com\/web\/aterrizo-en-tumaco-zara-rutherford-la-joven-piloto-que-busca-batir-record-guinness\/#article\",\"isPartOf\":{\"@id\":\"https:\/\/pagina10.com\/web\/aterrizo-en-tumaco-zara-rutherford-la-joven-piloto-que-busca-batir-record-guinness\/\"},\"author\":{\"name\":\"P\u00e1gina 10\",\"@id\":\"https:\/\/pagina10.com\/web\/#\/schema\/person\/2efc4a090d25b667d3bc796798a3a81b\"},\"headline\":\"Aterriz\u00f3 en Tumaco Zara Rutherford, la joven piloto que busca batir r\u00e9cord Guinness\",\"datePublished\":\"2021-09-04T12:37:59+00:00\",\"mainEntityOfPage\":{\"@id\":\"https:\/\/pagina10.com\/web\/aterrizo-en-tumaco-zara-rutherford-la-joven-piloto-que-busca-batir-record-guinness\/\"},\"wordCount\":322,\"commentCount\":0,\"publisher\":{\"@id\":\"https:\/\/pagina10.com\/web\/#organization\"},\"image\":{\"@id\":\"https:\/\/pagina10.com\/web\/aterrizo-en-tumaco-zara-rutherford-la-joven-piloto-que-busca-batir-record-guinness\/#primaryimage\"},\"thumbnailUrl\":\"https:\/\/pagina10.com\/web\/wp-content\/uploads\/2021\/09\/mariale.jpg\",\"articleSection\":[\"Nari\u00f1o Actual\"],\"inLanguage\":\"es\",\"potentialAction\":[{\"@type\":\"CommentAction\",\"name\":\"Comment\",\"target\":[\"https:\/\/pagina10.com\/web\/aterrizo-en-tumaco-zara-rutherford-la-joven-piloto-que-busca-batir-record-guinness\/#respond\"]}]},{\"@type\":\"WebPage\",\"@id\":\"https:\/\/pagina10.com\/web\/aterrizo-en-tumaco-zara-rutherford-la-joven-piloto-que-busca-batir-record-guinness\/\",\"url\":\"https:\/\/pagina10.com\/web\/aterrizo-en-tumaco-zara-rutherford-la-joven-piloto-que-busca-batir-record-guinness\/\",\"name\":\"Aterriz\u00f3 en Tumaco Zara Rutherford, la joven piloto que busca batir r\u00e9cord Guinness | P\u00e1gina10\",\"isPartOf\":{\"@id\":\"https:\/\/pagina10.com\/web\/#website\"},\"primaryImageOfPage\":{\"@id\":\"https:\/\/pagina10.com\/web\/aterrizo-en-tumaco-zara-rutherford-la-joven-piloto-que-busca-batir-record-guinness\/#primaryimage\"},\"image\":{\"@id\":\"https:\/\/pagina10.com\/web\/aterrizo-en-tumaco-zara-rutherford-la-joven-piloto-que-busca-batir-record-guinness\/#primaryimage\"},\"thumbnailUrl\":\"https:\/\/pagina10.com\/web\/wp-content\/uploads\/2021\/09\/mariale.jpg\",\"datePublished\":\"2021-09-04T12:37:59+00:00\",\"breadcrumb\":{\"@id\":\"https:\/\/pagina10.com\/web\/aterrizo-en-tumaco-zara-rutherford-la-joven-piloto-que-busca-batir-record-guinness\/#breadcrumb\"},\"inLanguage\":\"es\",\"potentialAction\":[{\"@type\":\"ReadAction\",\"target\":[\"https:\/\/pagina10.com\/web\/aterrizo-en-tumaco-zara-rutherford-la-joven-piloto-que-busca-batir-record-guinness\/\"]}]},{\"@type\":\"ImageObject\",\"inLanguage\":\"es\",\"@id\":\"https:\/\/pagina10.com\/web\/aterrizo-en-tumaco-zara-rutherford-la-joven-piloto-que-busca-batir-record-guinness\/#primaryimage\",\"url\":\"https:\/\/pagina10.com\/web\/wp-content\/uploads\/2021\/09\/mariale.jpg\",\"contentUrl\":\"https:\/\/pagina10.com\/web\/wp-content\/uploads\/2021\/09\/mariale.jpg\",\"width\":821,\"height\":603},{\"@type\":\"BreadcrumbList\",\"@id\":\"https:\/\/pagina10.com\/web\/aterrizo-en-tumaco-zara-rutherford-la-joven-piloto-que-busca-batir-record-guinness\/#breadcrumb\",\"itemListElement\":[{\"@type\":\"ListItem\",\"position\":1,\"name\":\"Portada\",\"item\":\"https:\/\/pagina10.com\/web\/\"},{\"@type\":\"ListItem\",\"position\":2,\"name\":\"Aterriz\u00f3 en Tumaco Zara Rutherford, la joven piloto que busca batir r\u00e9cord Guinness\"}]},{\"@type\":\"WebSite\",\"@id\":\"https:\/\/pagina10.com\/web\/#website\",\"url\":\"https:\/\/pagina10.com\/web\/\",\"name\":\"P\u00e1gina10\",\"description\":\"Peri\u00f3dico Regional\",\"publisher\":{\"@id\":\"https:\/\/pagina10.com\/web\/#organization\"},\"alternateName\":\"P\u00e1gina10 Peri\u00f3dico Regional\",\"potentialAction\":[{\"@type\":\"SearchAction\",\"target\":{\"@type\":\"EntryPoint\",\"urlTemplate\":\"https:\/\/pagina10.com\/web\/?s={search_term_string}\"},\"query-input\":{\"@type\":\"PropertyValueSpecification\",\"valueRequired\":true,\"valueName\":\"search_term_string\"}}],\"inLanguage\":\"es\"},{\"@type\":\"Organization\",\"@id\":\"https:\/\/pagina10.com\/web\/#organization\",\"name\":\"P\u00e1gina10\",\"alternateName\":\"P\u00e1gina10 Peri\u00f3dico Regional\",\"url\":\"https:\/\/pagina10.com\/web\/\",\"logo\":{\"@type\":\"ImageObject\",\"inLanguage\":\"es\",\"@id\":\"https:\/\/pagina10.com\/web\/#\/schema\/logo\/image\/\",\"url\":\"https:\/\/pagina10.com\/web\/wp-content\/uploads\/2024\/01\/40-pagina-10-periodico-regional-pasto.jpg\",\"contentUrl\":\"https:\/\/pagina10.com\/web\/wp-content\/uploads\/2024\/01\/40-pagina-10-periodico-regional-pasto.jpg\",\"width\":1280,\"height\":720,\"caption\":\"P\u00e1gina10\"},\"image\":{\"@id\":\"https:\/\/pagina10.com\/web\/#\/schema\/logo\/image\/\"},\"sameAs\":[\"https:\/\/www.facebook.com\/pag10com\",\"https:\/\/x.com\/Pag10com\",\"https:\/\/www.instagram.com\/pagina10col\/\",\"https:\/\/youtube.com\/channel\/pag10\",\"https:\/\/www.tiktok.com\/@p10col\"]},{\"@type\":\"Person\",\"@id\":\"https:\/\/pagina10.com\/web\/#\/schema\/person\/2efc4a090d25b667d3bc796798a3a81b\",\"name\":\"P\u00e1gina 10\",\"description\":\"P\u00e1gina 10 es un peri\u00f3dico regional que nace en Colombia, en el departamento de Nari\u00f1o, con un enfoque global, fundamentado en cuatro pilares esenciales: la libertad, el pluralismo, la inclusi\u00f3n y la independencia. P\u00e1gina 10 hace referencia a Nari\u00f1o como el d\u00e9cimo departamento creado en Colombia, despu\u00e9s de un proceso pol\u00edtico liderado por actores y actrices regionales con el fin de obtener la independencia y autonom\u00eda de nuestros territorios. Con la creaci\u00f3n de P\u00e1gina 10 se pretende abrir un escenario para el dialogo, la reflexi\u00f3n y el debate que se extienda a otras geograf\u00edas de Am\u00e9rica Latina y del planeta, en una apuesta por transformar colectivamente los desaf\u00edos de un mundo contempor\u00e1neo, m\u00e1s all\u00e1 de las fronteras impuestas.\",\"url\":\"https:\/\/pagina10.com\/web\/author\/pdiezadmin\/\"}]}<\/script>\n<!-- \/ Yoast SEO plugin. -->","yoast_head_json":{"title":"Aterriz\u00f3 en Tumaco Zara Rutherford, la joven piloto que busca batir r\u00e9cord Guinness | P\u00e1gina10","robots":{"index":"index","follow":"follow","max-snippet":"max-snippet:-1","max-image-preview":"max-image-preview:large","max-video-preview":"max-video-preview:-1"},"canonical":"https:\/\/pagina10.com\/web\/aterrizo-en-tumaco-zara-rutherford-la-joven-piloto-que-busca-batir-record-guinness\/","og_locale":"es_ES","og_type":"article","og_title":"Aterriz\u00f3 en Tumaco Zara Rutherford, la joven piloto que busca batir r\u00e9cord Guinness | P\u00e1gina10","og_description":"El pasado 2 de septiembre lleg\u00f3 a Colombia Zara Rutherford, una piloto de tan solo 19 a\u00f1os, que, por medio de su aventura busca convertirse en la mujer m\u00e0s j\u00f3ven en darle la vuelta al mundo. Con este objetivo Zara pilotea un Shark UL que apenas pesa 325 kilos y que el 31 de octubre [&hellip;]","og_url":"https:\/\/pagina10.com\/web\/aterrizo-en-tumaco-zara-rutherford-la-joven-piloto-que-busca-batir-record-guinness\/","og_site_name":"P\u00e1gina10","article_publisher":"https:\/\/www.facebook.com\/pag10com","article_published_time":"2021-09-04T12:37:59+00:00","og_image":[{"width":821,"height":603,"url":"https:\/\/pagina10.com\/web\/wp-content\/uploads\/2021\/09\/mariale.jpg","type":"image\/jpeg"}],"author":"P\u00e1gina 10","twitter_card":"summary_large_image","twitter_creator":"@Pag10com","twitter_site":"@Pag10com","twitter_misc":{"Escrito por":"P\u00e1gina 10","Tiempo de lectura":"2 minutos"},"schema":{"@context":"https:\/\/schema.org","@graph":[{"@type":"Article","@id":"https:\/\/pagina10.com\/web\/aterrizo-en-tumaco-zara-rutherford-la-joven-piloto-que-busca-batir-record-guinness\/#article","isPartOf":{"@id":"https:\/\/pagina10.com\/web\/aterrizo-en-tumaco-zara-rutherford-la-joven-piloto-que-busca-batir-record-guinness\/"},"author":{"name":"P\u00e1gina 10","@id":"https:\/\/pagina10.com\/web\/#\/schema\/person\/2efc4a090d25b667d3bc796798a3a81b"},"headline":"Aterriz\u00f3 en Tumaco Zara Rutherford, la joven piloto que busca batir r\u00e9cord Guinness","datePublished":"2021-09-04T12:37:59+00:00","mainEntityOfPage":{"@id":"https:\/\/pagina10.com\/web\/aterrizo-en-tumaco-zara-rutherford-la-joven-piloto-que-busca-batir-record-guinness\/"},"wordCount":322,"commentCount":0,"publisher":{"@id":"https:\/\/pagina10.com\/web\/#organization"},"image":{"@id":"https:\/\/pagina10.com\/web\/aterrizo-en-tumaco-zara-rutherford-la-joven-piloto-que-busca-batir-record-guinness\/#primaryimage"},"thumbnailUrl":"https:\/\/pagina10.com\/web\/wp-content\/uploads\/2021\/09\/mariale.jpg","articleSection":["Nari\u00f1o Actual"],"inLanguage":"es","potentialAction":[{"@type":"CommentAction","name":"Comment","target":["https:\/\/pagina10.com\/web\/aterrizo-en-tumaco-zara-rutherford-la-joven-piloto-que-busca-batir-record-guinness\/#respond"]}]},{"@type":"WebPage","@id":"https:\/\/pagina10.com\/web\/aterrizo-en-tumaco-zara-rutherford-la-joven-piloto-que-busca-batir-record-guinness\/","url":"https:\/\/pagina10.com\/web\/aterrizo-en-tumaco-zara-rutherford-la-joven-piloto-que-busca-batir-record-guinness\/","name":"Aterriz\u00f3 en Tumaco Zara Rutherford, la joven piloto que busca batir r\u00e9cord Guinness | P\u00e1gina10","isPartOf":{"@id":"https:\/\/pagina10.com\/web\/#website"},"primaryImageOfPage":{"@id":"https:\/\/pagina10.com\/web\/aterrizo-en-tumaco-zara-rutherford-la-joven-piloto-que-busca-batir-record-guinness\/#primaryimage"},"image":{"@id":"https:\/\/pagina10.com\/web\/aterrizo-en-tumaco-zara-rutherford-la-joven-piloto-que-busca-batir-record-guinness\/#primaryimage"},"thumbnailUrl":"https:\/\/pagina10.com\/web\/wp-content\/uploads\/2021\/09\/mariale.jpg","datePublished":"2021-09-04T12:37:59+00:00","breadcrumb":{"@id":"https:\/\/pagina10.com\/web\/aterrizo-en-tumaco-zara-rutherford-la-joven-piloto-que-busca-batir-record-guinness\/#breadcrumb"},"inLanguage":"es","potentialAction":[{"@type":"ReadAction","target":["https:\/\/pagina10.com\/web\/aterrizo-en-tumaco-zara-rutherford-la-joven-piloto-que-busca-batir-record-guinness\/"]}]},{"@type":"ImageObject","inLanguage":"es","@id":"https:\/\/pagina10.com\/web\/aterrizo-en-tumaco-zara-rutherford-la-joven-piloto-que-busca-batir-record-guinness\/#primaryimage","url":"https:\/\/pagina10.com\/web\/wp-content\/uploads\/2021\/09\/mariale.jpg","contentUrl":"https:\/\/pagina10.com\/web\/wp-content\/uploads\/2021\/09\/mariale.jpg","width":821,"height":603},{"@type":"BreadcrumbList","@id":"https:\/\/pagina10.com\/web\/aterrizo-en-tumaco-zara-rutherford-la-joven-piloto-que-busca-batir-record-guinness\/#breadcrumb","itemListElement":[{"@type":"ListItem","position":1,"name":"Portada","item":"https:\/\/pagina10.com\/web\/"},{"@type":"ListItem","position":2,"name":"Aterriz\u00f3 en Tumaco Zara Rutherford, la joven piloto que busca batir r\u00e9cord Guinness"}]},{"@type":"WebSite","@id":"https:\/\/pagina10.com\/web\/#website","url":"https:\/\/pagina10.com\/web\/","name":"P\u00e1gina10","description":"Peri\u00f3dico Regional","publisher":{"@id":"https:\/\/pagina10.com\/web\/#organization"},"alternateName":"P\u00e1gina10 Peri\u00f3dico Regional","potentialAction":[{"@type":"SearchAction","target":{"@type":"EntryPoint","urlTemplate":"https:\/\/pagina10.com\/web\/?s={search_term_string}"},"query-input":{"@type":"PropertyValueSpecification","valueRequired":true,"valueName":"search_term_string"}}],"inLanguage":"es"},{"@type":"Organization","@id":"https:\/\/pagina10.com\/web\/#organization","name":"P\u00e1gina10","alternateName":"P\u00e1gina10 Peri\u00f3dico Regional","url":"https:\/\/pagina10.com\/web\/","logo":{"@type":"ImageObject","inLanguage":"es","@id":"https:\/\/pagina10.com\/web\/#\/schema\/logo\/image\/","url":"https:\/\/pagina10.com\/web\/wp-content\/uploads\/2024\/01\/40-pagina-10-periodico-regional-pasto.jpg","contentUrl":"https:\/\/pagina10.com\/web\/wp-content\/uploads\/2024\/01\/40-pagina-10-periodico-regional-pasto.jpg","width":1280,"height":720,"caption":"P\u00e1gina10"},"image":{"@id":"https:\/\/pagina10.com\/web\/#\/schema\/logo\/image\/"},"sameAs":["https:\/\/www.facebook.com\/pag10com","https:\/\/x.com\/Pag10com","https:\/\/www.instagram.com\/pagina10col\/","https:\/\/youtube.com\/channel\/pag10","https:\/\/www.tiktok.com\/@p10col"]},{"@type":"Person","@id":"https:\/\/pagina10.com\/web\/#\/schema\/person\/2efc4a090d25b667d3bc796798a3a81b","name":"P\u00e1gina 10","description":"P\u00e1gina 10 es un peri\u00f3dico regional que nace en Colombia, en el departamento de Nari\u00f1o, con un enfoque global, fundamentado en cuatro pilares esenciales: la libertad, el pluralismo, la inclusi\u00f3n y la independencia. P\u00e1gina 10 hace referencia a Nari\u00f1o como el d\u00e9cimo departamento creado en Colombia, despu\u00e9s de un proceso pol\u00edtico liderado por actores y actrices regionales con el fin de obtener la independencia y autonom\u00eda de nuestros territorios. Con la creaci\u00f3n de P\u00e1gina 10 se pretende abrir un escenario para el dialogo, la reflexi\u00f3n y el debate que se extienda a otras geograf\u00edas de Am\u00e9rica Latina y del planeta, en una apuesta por transformar colectivamente los desaf\u00edos de un mundo contempor\u00e1neo, m\u00e1s all\u00e1 de las fronteras impuestas.","url":"https:\/\/pagina10.com\/web\/author\/pdiezadmin\/"}]}},"_links":{"self":[{"href":"https:\/\/pagina10.com\/web\/wp-json\/wp\/v2\/posts\/55404","targetHints":{"allow":["GET"]}}],"collection":[{"href":"https:\/\/pagina10.com\/web\/wp-json\/wp\/v2\/posts"}],"about":[{"href":"https:\/\/pagina10.com\/web\/wp-json\/wp\/v2\/types\/post"}],"author":[{"embeddable":true,"href":"https:\/\/pagina10.com\/web\/wp-json\/wp\/v2\/users\/1"}],"replies":[{"embeddable":true,"href":"https:\/\/pagina10.com\/web\/wp-json\/wp\/v2\/comments?post=55404"}],"version-history":[{"count":1,"href":"https:\/\/pagina10.com\/web\/wp-json\/wp\/v2\/posts\/55404\/revisions"}],"predecessor-version":[{"id":55406,"href":"https:\/\/pagina10.com\/web\/wp-json\/wp\/v2\/posts\/55404\/revisions\/55406"}],"wp:featuredmedia":[{"embeddable":true,"href":"https:\/\/pagina10.com\/web\/wp-json\/wp\/v2\/media\/55405"}],"wp:attachment":[{"href":"https:\/\/pagina10.com\/web\/wp-json\/wp\/v2\/media?parent=55404"}],"wp:term":[{"taxonomy":"category","embeddable":true,"href":"https:\/\/pagina10.com\/web\/wp-json\/wp\/v2\/categories?post=55404"},{"taxonomy":"post_tag","embeddable":true,"href":"https:\/\/pagina10.com\/web\/wp-json\/wp\/v2\/tags?post=55404"}],"curies":[{"name":"wp","href":"https:\/\/api.w.org\/{rel}","templated":true}]}}