{"id":55407,"date":"2021-09-04T07:42:26","date_gmt":"2021-09-04T12:42:26","guid":{"rendered":"https:\/\/pagina10.com\/web\/?p=55407"},"modified":"2021-09-04T11:39:07","modified_gmt":"2021-09-04T16:39:07","slug":"gobernacion-de-narino-acompana-procesos-de-participacion-de-mujeres-narinenses","status":"publish","type":"post","link":"https:\/\/pagina10.com\/web\/gobernacion-de-narino-acompana-procesos-de-participacion-de-mujeres-narinenses\/","title":{"rendered":"Gobernaci\u00f3n de Nari\u00f1o acompa\u00f1a procesos de  participaci\u00f3n de mujeres nari\u00f1enses"},"content":{"rendered":"<p style=\"text-align: justify;\">El acompa\u00f1amiento por parte de la Gobernaci\u00f3n de Nari\u00f1o, a trav\u00e9s de la Secretar\u00eda de Equidad de G\u00e9nero e Inclusi\u00f3n Social -SEGIS, a la Asamblea Ordinaria de la Mesa Departamental de Mujeres se da en cumplimiento al compromiso institucional con una de las colectivas m\u00e1s importantes de la regi\u00f3n con relaci\u00f3n al trabajo con mujeres.<\/p>\n<p style=\"text-align: justify;\">Durante la sesi\u00f3n 55 se trataron entre otros temas, el cumplimiento de los compromisos establecidos en el Plan de Desarrollo Departamental \u2018Mi Nari\u00f1o En Defensa de lo Nuestro\u2019, con enfoque de g\u00e9nero, dupla violeta, empoderamiento econ\u00f3mico, consejos locales y departamentales, comit\u00e9 de prevenci\u00f3n de VBG, Red Prodefensoras entre otros, todos guiados a la priorizaci\u00f3n de acceso a los servicios, y garant\u00eda de derechos.<\/p>\n<p style=\"text-align: justify;\">\u201cDesde la SEGIS se realiz\u00f3 la socializaci\u00f3n del plan de acci\u00f3n para los a\u00f1os 2020 y 2021 y el desarrollo de la evaluaci\u00f3n y actualizaci\u00f3n de la Pol\u00edtica P\u00fablica, as\u00ed mismo, acciones de la Casa de las Mujeres Empoderadas, puesta en marcha de nuestra Casa Albergue para mujeres v\u00edctimas de VBG con riesgo extremo de vida\u201d, indic\u00f3 la Secretaria SEGIS, Ver\u00f3nica Caicedo.<\/p>\n<p style=\"text-align: justify;\">Por su parte, Rosa Elvia Enr\u00edquez, Representante de la Mesa Departamental de Mujeres expreso y agradeci\u00f3 el trabajo con el Gobierno Departamental. \u201cEste a\u00f1o se han desarrollado varias acciones donde se est\u00e1 logrando la incidencia en varios municipios, sobre todo, en las rutas de atenci\u00f3n a la violencia que fue un tema muy cr\u00edtico en el departamento de Nari\u00f1o el a\u00f1o pasado; tambi\u00e9n, el fortalecimiento de la Casa de la Mujer, igual el hogar de acogida que ha sido lo m\u00e1s importante teniendo en cuenta que en pandemia se agudizo la violencia\u201d.<\/p>\n<p style=\"text-align: justify;\">De esta manera se avanza en el trabajo articulado entre los entes territoriales, las organizaciones y cooperaci\u00f3n internacional para promover la defensa de las mujeres, desde nuestro plan y eje estrat\u00e9gico, Mi Nari\u00f1o Incluyente.<\/p>\n<p style=\"text-align: justify;\">\n","protected":false},"excerpt":{"rendered":"<p>El acompa\u00f1amiento por parte de la Gobernaci\u00f3n de Nari\u00f1o, a trav\u00e9s de la Secretar\u00eda de Equidad de G\u00e9nero e Inclusi\u00f3n Social -SEGIS, a la Asamblea Ordinaria de la Mesa Departamental de Mujeres se da en cumplimiento al compromiso institucional con una de las colectivas m\u00e1s importantes de la regi\u00f3n con relaci\u00f3n al trabajo con mujeres. [&hellip;]<\/p>\n","protected":false},"author":1,"featured_media":55408,"comment_status":"open","ping_status":"open","sticky":false,"template":"","format":"standard","meta":{"footnotes":""},"categories":[14],"tags":[],"class_list":["post-55407","post","type-post","status-publish","format-standard","has-post-thumbnail","hentry","category-narino-actual"],"yoast_head":"<!-- This site is optimized with the Yoast SEO plugin v27.1.1 - https:\/\/yoast.com\/product\/yoast-seo-wordpress\/ -->\n<title>Gobernaci\u00f3n de Nari\u00f1o acompa\u00f1a procesos de participaci\u00f3n de mujeres nari\u00f1enses | P\u00e1gina10<\/title>\n<meta name=\"robots\" content=\"index, follow, max-snippet:-1, max-image-preview:large, max-video-preview:-1\" \/>\n<link rel=\"canonical\" href=\"https:\/\/pagina10.com\/web\/gobernacion-de-narino-acompana-procesos-de-participacion-de-mujeres-narinenses\/\" \/>\n<meta property=\"og:locale\" content=\"es_ES\" \/>\n<meta property=\"og:type\" content=\"article\" \/>\n<meta property=\"og:title\" content=\"Gobernaci\u00f3n de Nari\u00f1o acompa\u00f1a procesos de participaci\u00f3n de mujeres nari\u00f1enses | P\u00e1gina10\" \/>\n<meta property=\"og:description\" content=\"El acompa\u00f1amiento por parte de la Gobernaci\u00f3n de Nari\u00f1o, a trav\u00e9s de la Secretar\u00eda de Equidad de G\u00e9nero e Inclusi\u00f3n Social -SEGIS, a la Asamblea Ordinaria de la Mesa Departamental de Mujeres se da en cumplimiento al compromiso institucional con una de las colectivas m\u00e1s importantes de la regi\u00f3n con relaci\u00f3n al trabajo con mujeres. [&hellip;]\" \/>\n<meta property=\"og:url\" content=\"https:\/\/pagina10.com\/web\/gobernacion-de-narino-acompana-procesos-de-participacion-de-mujeres-narinenses\/\" \/>\n<meta property=\"og:site_name\" content=\"P\u00e1gina10\" \/>\n<meta property=\"article:publisher\" content=\"https:\/\/www.facebook.com\/pag10com\" \/>\n<meta property=\"article:published_time\" content=\"2021-09-04T12:42:26+00:00\" \/>\n<meta property=\"article:modified_time\" content=\"2021-09-04T16:39:07+00:00\" \/>\n<meta property=\"og:image\" content=\"https:\/\/pagina10.com\/web\/wp-content\/uploads\/2021\/09\/1630759297232_mariale.jpg\" \/>\n\t<meta property=\"og:image:width\" content=\"1041\" \/>\n\t<meta property=\"og:image:height\" content=\"575\" \/>\n\t<meta property=\"og:image:type\" content=\"image\/jpeg\" \/>\n<meta name=\"author\" content=\"P\u00e1gina 10\" \/>\n<meta name=\"twitter:card\" content=\"summary_large_image\" \/>\n<meta name=\"twitter:creator\" content=\"@Pag10com\" \/>\n<meta name=\"twitter:site\" content=\"@Pag10com\" \/>\n<meta name=\"twitter:label1\" content=\"Escrito por\" \/>\n\t<meta name=\"twitter:data1\" content=\"P\u00e1gina 10\" \/>\n\t<meta name=\"twitter:label2\" content=\"Tiempo de lectura\" \/>\n\t<meta name=\"twitter:data2\" content=\"2 minutos\" \/>\n<script type=\"application\/ld+json\" class=\"yoast-schema-graph\">{\"@context\":\"https:\/\/schema.org\",\"@graph\":[{\"@type\":\"Article\",\"@id\":\"https:\/\/pagina10.com\/web\/gobernacion-de-narino-acompana-procesos-de-participacion-de-mujeres-narinenses\/#article\",\"isPartOf\":{\"@id\":\"https:\/\/pagina10.com\/web\/gobernacion-de-narino-acompana-procesos-de-participacion-de-mujeres-narinenses\/\"},\"author\":{\"name\":\"P\u00e1gina 10\",\"@id\":\"https:\/\/pagina10.com\/web\/#\/schema\/person\/2efc4a090d25b667d3bc796798a3a81b\"},\"headline\":\"Gobernaci\u00f3n de Nari\u00f1o acompa\u00f1a procesos de participaci\u00f3n de mujeres nari\u00f1enses\",\"datePublished\":\"2021-09-04T12:42:26+00:00\",\"dateModified\":\"2021-09-04T16:39:07+00:00\",\"mainEntityOfPage\":{\"@id\":\"https:\/\/pagina10.com\/web\/gobernacion-de-narino-acompana-procesos-de-participacion-de-mujeres-narinenses\/\"},\"wordCount\":355,\"commentCount\":0,\"publisher\":{\"@id\":\"https:\/\/pagina10.com\/web\/#organization\"},\"image\":{\"@id\":\"https:\/\/pagina10.com\/web\/gobernacion-de-narino-acompana-procesos-de-participacion-de-mujeres-narinenses\/#primaryimage\"},\"thumbnailUrl\":\"https:\/\/pagina10.com\/web\/wp-content\/uploads\/2021\/09\/1630759297232_mariale.jpg\",\"articleSection\":[\"Nari\u00f1o Actual\"],\"inLanguage\":\"es\",\"potentialAction\":[{\"@type\":\"CommentAction\",\"name\":\"Comment\",\"target\":[\"https:\/\/pagina10.com\/web\/gobernacion-de-narino-acompana-procesos-de-participacion-de-mujeres-narinenses\/#respond\"]}]},{\"@type\":\"WebPage\",\"@id\":\"https:\/\/pagina10.com\/web\/gobernacion-de-narino-acompana-procesos-de-participacion-de-mujeres-narinenses\/\",\"url\":\"https:\/\/pagina10.com\/web\/gobernacion-de-narino-acompana-procesos-de-participacion-de-mujeres-narinenses\/\",\"name\":\"Gobernaci\u00f3n de Nari\u00f1o acompa\u00f1a procesos de participaci\u00f3n de mujeres nari\u00f1enses | P\u00e1gina10\",\"isPartOf\":{\"@id\":\"https:\/\/pagina10.com\/web\/#website\"},\"primaryImageOfPage\":{\"@id\":\"https:\/\/pagina10.com\/web\/gobernacion-de-narino-acompana-procesos-de-participacion-de-mujeres-narinenses\/#primaryimage\"},\"image\":{\"@id\":\"https:\/\/pagina10.com\/web\/gobernacion-de-narino-acompana-procesos-de-participacion-de-mujeres-narinenses\/#primaryimage\"},\"thumbnailUrl\":\"https:\/\/pagina10.com\/web\/wp-content\/uploads\/2021\/09\/1630759297232_mariale.jpg\",\"datePublished\":\"2021-09-04T12:42:26+00:00\",\"dateModified\":\"2021-09-04T16:39:07+00:00\",\"breadcrumb\":{\"@id\":\"https:\/\/pagina10.com\/web\/gobernacion-de-narino-acompana-procesos-de-participacion-de-mujeres-narinenses\/#breadcrumb\"},\"inLanguage\":\"es\",\"potentialAction\":[{\"@type\":\"ReadAction\",\"target\":[\"https:\/\/pagina10.com\/web\/gobernacion-de-narino-acompana-procesos-de-participacion-de-mujeres-narinenses\/\"]}]},{\"@type\":\"ImageObject\",\"inLanguage\":\"es\",\"@id\":\"https:\/\/pagina10.com\/web\/gobernacion-de-narino-acompana-procesos-de-participacion-de-mujeres-narinenses\/#primaryimage\",\"url\":\"https:\/\/pagina10.com\/web\/wp-content\/uploads\/2021\/09\/1630759297232_mariale.jpg\",\"contentUrl\":\"https:\/\/pagina10.com\/web\/wp-content\/uploads\/2021\/09\/1630759297232_mariale.jpg\",\"width\":1041,\"height\":575},{\"@type\":\"BreadcrumbList\",\"@id\":\"https:\/\/pagina10.com\/web\/gobernacion-de-narino-acompana-procesos-de-participacion-de-mujeres-narinenses\/#breadcrumb\",\"itemListElement\":[{\"@type\":\"ListItem\",\"position\":1,\"name\":\"Portada\",\"item\":\"https:\/\/pagina10.com\/web\/\"},{\"@type\":\"ListItem\",\"position\":2,\"name\":\"Gobernaci\u00f3n de Nari\u00f1o acompa\u00f1a procesos de participaci\u00f3n de mujeres nari\u00f1enses\"}]},{\"@type\":\"WebSite\",\"@id\":\"https:\/\/pagina10.com\/web\/#website\",\"url\":\"https:\/\/pagina10.com\/web\/\",\"name\":\"P\u00e1gina10\",\"description\":\"Peri\u00f3dico Regional\",\"publisher\":{\"@id\":\"https:\/\/pagina10.com\/web\/#organization\"},\"alternateName\":\"P\u00e1gina10 Peri\u00f3dico Regional\",\"potentialAction\":[{\"@type\":\"SearchAction\",\"target\":{\"@type\":\"EntryPoint\",\"urlTemplate\":\"https:\/\/pagina10.com\/web\/?s={search_term_string}\"},\"query-input\":{\"@type\":\"PropertyValueSpecification\",\"valueRequired\":true,\"valueName\":\"search_term_string\"}}],\"inLanguage\":\"es\"},{\"@type\":\"Organization\",\"@id\":\"https:\/\/pagina10.com\/web\/#organization\",\"name\":\"P\u00e1gina10\",\"alternateName\":\"P\u00e1gina10 Peri\u00f3dico Regional\",\"url\":\"https:\/\/pagina10.com\/web\/\",\"logo\":{\"@type\":\"ImageObject\",\"inLanguage\":\"es\",\"@id\":\"https:\/\/pagina10.com\/web\/#\/schema\/logo\/image\/\",\"url\":\"https:\/\/pagina10.com\/web\/wp-content\/uploads\/2024\/01\/40-pagina-10-periodico-regional-pasto.jpg\",\"contentUrl\":\"https:\/\/pagina10.com\/web\/wp-content\/uploads\/2024\/01\/40-pagina-10-periodico-regional-pasto.jpg\",\"width\":1280,\"height\":720,\"caption\":\"P\u00e1gina10\"},\"image\":{\"@id\":\"https:\/\/pagina10.com\/web\/#\/schema\/logo\/image\/\"},\"sameAs\":[\"https:\/\/www.facebook.com\/pag10com\",\"https:\/\/x.com\/Pag10com\",\"https:\/\/www.instagram.com\/pagina10col\/\",\"https:\/\/youtube.com\/channel\/pag10\",\"https:\/\/www.tiktok.com\/@p10col\"]},{\"@type\":\"Person\",\"@id\":\"https:\/\/pagina10.com\/web\/#\/schema\/person\/2efc4a090d25b667d3bc796798a3a81b\",\"name\":\"P\u00e1gina 10\",\"description\":\"P\u00e1gina 10 es un peri\u00f3dico regional que nace en Colombia, en el departamento de Nari\u00f1o, con un enfoque global, fundamentado en cuatro pilares esenciales: la libertad, el pluralismo, la inclusi\u00f3n y la independencia. P\u00e1gina 10 hace referencia a Nari\u00f1o como el d\u00e9cimo departamento creado en Colombia, despu\u00e9s de un proceso pol\u00edtico liderado por actores y actrices regionales con el fin de obtener la independencia y autonom\u00eda de nuestros territorios. Con la creaci\u00f3n de P\u00e1gina 10 se pretende abrir un escenario para el dialogo, la reflexi\u00f3n y el debate que se extienda a otras geograf\u00edas de Am\u00e9rica Latina y del planeta, en una apuesta por transformar colectivamente los desaf\u00edos de un mundo contempor\u00e1neo, m\u00e1s all\u00e1 de las fronteras impuestas.\",\"url\":\"https:\/\/pagina10.com\/web\/author\/pdiezadmin\/\"}]}<\/script>\n<!-- \/ Yoast SEO plugin. -->","yoast_head_json":{"title":"Gobernaci\u00f3n de Nari\u00f1o acompa\u00f1a procesos de participaci\u00f3n de mujeres nari\u00f1enses | P\u00e1gina10","robots":{"index":"index","follow":"follow","max-snippet":"max-snippet:-1","max-image-preview":"max-image-preview:large","max-video-preview":"max-video-preview:-1"},"canonical":"https:\/\/pagina10.com\/web\/gobernacion-de-narino-acompana-procesos-de-participacion-de-mujeres-narinenses\/","og_locale":"es_ES","og_type":"article","og_title":"Gobernaci\u00f3n de Nari\u00f1o acompa\u00f1a procesos de participaci\u00f3n de mujeres nari\u00f1enses | P\u00e1gina10","og_description":"El acompa\u00f1amiento por parte de la Gobernaci\u00f3n de Nari\u00f1o, a trav\u00e9s de la Secretar\u00eda de Equidad de G\u00e9nero e Inclusi\u00f3n Social -SEGIS, a la Asamblea Ordinaria de la Mesa Departamental de Mujeres se da en cumplimiento al compromiso institucional con una de las colectivas m\u00e1s importantes de la regi\u00f3n con relaci\u00f3n al trabajo con mujeres. [&hellip;]","og_url":"https:\/\/pagina10.com\/web\/gobernacion-de-narino-acompana-procesos-de-participacion-de-mujeres-narinenses\/","og_site_name":"P\u00e1gina10","article_publisher":"https:\/\/www.facebook.com\/pag10com","article_published_time":"2021-09-04T12:42:26+00:00","article_modified_time":"2021-09-04T16:39:07+00:00","og_image":[{"width":1041,"height":575,"url":"https:\/\/pagina10.com\/web\/wp-content\/uploads\/2021\/09\/1630759297232_mariale.jpg","type":"image\/jpeg"}],"author":"P\u00e1gina 10","twitter_card":"summary_large_image","twitter_creator":"@Pag10com","twitter_site":"@Pag10com","twitter_misc":{"Escrito por":"P\u00e1gina 10","Tiempo de lectura":"2 minutos"},"schema":{"@context":"https:\/\/schema.org","@graph":[{"@type":"Article","@id":"https:\/\/pagina10.com\/web\/gobernacion-de-narino-acompana-procesos-de-participacion-de-mujeres-narinenses\/#article","isPartOf":{"@id":"https:\/\/pagina10.com\/web\/gobernacion-de-narino-acompana-procesos-de-participacion-de-mujeres-narinenses\/"},"author":{"name":"P\u00e1gina 10","@id":"https:\/\/pagina10.com\/web\/#\/schema\/person\/2efc4a090d25b667d3bc796798a3a81b"},"headline":"Gobernaci\u00f3n de Nari\u00f1o acompa\u00f1a procesos de participaci\u00f3n de mujeres nari\u00f1enses","datePublished":"2021-09-04T12:42:26+00:00","dateModified":"2021-09-04T16:39:07+00:00","mainEntityOfPage":{"@id":"https:\/\/pagina10.com\/web\/gobernacion-de-narino-acompana-procesos-de-participacion-de-mujeres-narinenses\/"},"wordCount":355,"commentCount":0,"publisher":{"@id":"https:\/\/pagina10.com\/web\/#organization"},"image":{"@id":"https:\/\/pagina10.com\/web\/gobernacion-de-narino-acompana-procesos-de-participacion-de-mujeres-narinenses\/#primaryimage"},"thumbnailUrl":"https:\/\/pagina10.com\/web\/wp-content\/uploads\/2021\/09\/1630759297232_mariale.jpg","articleSection":["Nari\u00f1o Actual"],"inLanguage":"es","potentialAction":[{"@type":"CommentAction","name":"Comment","target":["https:\/\/pagina10.com\/web\/gobernacion-de-narino-acompana-procesos-de-participacion-de-mujeres-narinenses\/#respond"]}]},{"@type":"WebPage","@id":"https:\/\/pagina10.com\/web\/gobernacion-de-narino-acompana-procesos-de-participacion-de-mujeres-narinenses\/","url":"https:\/\/pagina10.com\/web\/gobernacion-de-narino-acompana-procesos-de-participacion-de-mujeres-narinenses\/","name":"Gobernaci\u00f3n de Nari\u00f1o acompa\u00f1a procesos de participaci\u00f3n de mujeres nari\u00f1enses | P\u00e1gina10","isPartOf":{"@id":"https:\/\/pagina10.com\/web\/#website"},"primaryImageOfPage":{"@id":"https:\/\/pagina10.com\/web\/gobernacion-de-narino-acompana-procesos-de-participacion-de-mujeres-narinenses\/#primaryimage"},"image":{"@id":"https:\/\/pagina10.com\/web\/gobernacion-de-narino-acompana-procesos-de-participacion-de-mujeres-narinenses\/#primaryimage"},"thumbnailUrl":"https:\/\/pagina10.com\/web\/wp-content\/uploads\/2021\/09\/1630759297232_mariale.jpg","datePublished":"2021-09-04T12:42:26+00:00","dateModified":"2021-09-04T16:39:07+00:00","breadcrumb":{"@id":"https:\/\/pagina10.com\/web\/gobernacion-de-narino-acompana-procesos-de-participacion-de-mujeres-narinenses\/#breadcrumb"},"inLanguage":"es","potentialAction":[{"@type":"ReadAction","target":["https:\/\/pagina10.com\/web\/gobernacion-de-narino-acompana-procesos-de-participacion-de-mujeres-narinenses\/"]}]},{"@type":"ImageObject","inLanguage":"es","@id":"https:\/\/pagina10.com\/web\/gobernacion-de-narino-acompana-procesos-de-participacion-de-mujeres-narinenses\/#primaryimage","url":"https:\/\/pagina10.com\/web\/wp-content\/uploads\/2021\/09\/1630759297232_mariale.jpg","contentUrl":"https:\/\/pagina10.com\/web\/wp-content\/uploads\/2021\/09\/1630759297232_mariale.jpg","width":1041,"height":575},{"@type":"BreadcrumbList","@id":"https:\/\/pagina10.com\/web\/gobernacion-de-narino-acompana-procesos-de-participacion-de-mujeres-narinenses\/#breadcrumb","itemListElement":[{"@type":"ListItem","position":1,"name":"Portada","item":"https:\/\/pagina10.com\/web\/"},{"@type":"ListItem","position":2,"name":"Gobernaci\u00f3n de Nari\u00f1o acompa\u00f1a procesos de participaci\u00f3n de mujeres nari\u00f1enses"}]},{"@type":"WebSite","@id":"https:\/\/pagina10.com\/web\/#website","url":"https:\/\/pagina10.com\/web\/","name":"P\u00e1gina10","description":"Peri\u00f3dico Regional","publisher":{"@id":"https:\/\/pagina10.com\/web\/#organization"},"alternateName":"P\u00e1gina10 Peri\u00f3dico Regional","potentialAction":[{"@type":"SearchAction","target":{"@type":"EntryPoint","urlTemplate":"https:\/\/pagina10.com\/web\/?s={search_term_string}"},"query-input":{"@type":"PropertyValueSpecification","valueRequired":true,"valueName":"search_term_string"}}],"inLanguage":"es"},{"@type":"Organization","@id":"https:\/\/pagina10.com\/web\/#organization","name":"P\u00e1gina10","alternateName":"P\u00e1gina10 Peri\u00f3dico Regional","url":"https:\/\/pagina10.com\/web\/","logo":{"@type":"ImageObject","inLanguage":"es","@id":"https:\/\/pagina10.com\/web\/#\/schema\/logo\/image\/","url":"https:\/\/pagina10.com\/web\/wp-content\/uploads\/2024\/01\/40-pagina-10-periodico-regional-pasto.jpg","contentUrl":"https:\/\/pagina10.com\/web\/wp-content\/uploads\/2024\/01\/40-pagina-10-periodico-regional-pasto.jpg","width":1280,"height":720,"caption":"P\u00e1gina10"},"image":{"@id":"https:\/\/pagina10.com\/web\/#\/schema\/logo\/image\/"},"sameAs":["https:\/\/www.facebook.com\/pag10com","https:\/\/x.com\/Pag10com","https:\/\/www.instagram.com\/pagina10col\/","https:\/\/youtube.com\/channel\/pag10","https:\/\/www.tiktok.com\/@p10col"]},{"@type":"Person","@id":"https:\/\/pagina10.com\/web\/#\/schema\/person\/2efc4a090d25b667d3bc796798a3a81b","name":"P\u00e1gina 10","description":"P\u00e1gina 10 es un peri\u00f3dico regional que nace en Colombia, en el departamento de Nari\u00f1o, con un enfoque global, fundamentado en cuatro pilares esenciales: la libertad, el pluralismo, la inclusi\u00f3n y la independencia. P\u00e1gina 10 hace referencia a Nari\u00f1o como el d\u00e9cimo departamento creado en Colombia, despu\u00e9s de un proceso pol\u00edtico liderado por actores y actrices regionales con el fin de obtener la independencia y autonom\u00eda de nuestros territorios. Con la creaci\u00f3n de P\u00e1gina 10 se pretende abrir un escenario para el dialogo, la reflexi\u00f3n y el debate que se extienda a otras geograf\u00edas de Am\u00e9rica Latina y del planeta, en una apuesta por transformar colectivamente los desaf\u00edos de un mundo contempor\u00e1neo, m\u00e1s all\u00e1 de las fronteras impuestas.","url":"https:\/\/pagina10.com\/web\/author\/pdiezadmin\/"}]}},"_links":{"self":[{"href":"https:\/\/pagina10.com\/web\/wp-json\/wp\/v2\/posts\/55407","targetHints":{"allow":["GET"]}}],"collection":[{"href":"https:\/\/pagina10.com\/web\/wp-json\/wp\/v2\/posts"}],"about":[{"href":"https:\/\/pagina10.com\/web\/wp-json\/wp\/v2\/types\/post"}],"author":[{"embeddable":true,"href":"https:\/\/pagina10.com\/web\/wp-json\/wp\/v2\/users\/1"}],"replies":[{"embeddable":true,"href":"https:\/\/pagina10.com\/web\/wp-json\/wp\/v2\/comments?post=55407"}],"version-history":[{"count":2,"href":"https:\/\/pagina10.com\/web\/wp-json\/wp\/v2\/posts\/55407\/revisions"}],"predecessor-version":[{"id":55422,"href":"https:\/\/pagina10.com\/web\/wp-json\/wp\/v2\/posts\/55407\/revisions\/55422"}],"wp:featuredmedia":[{"embeddable":true,"href":"https:\/\/pagina10.com\/web\/wp-json\/wp\/v2\/media\/55408"}],"wp:attachment":[{"href":"https:\/\/pagina10.com\/web\/wp-json\/wp\/v2\/media?parent=55407"}],"wp:term":[{"taxonomy":"category","embeddable":true,"href":"https:\/\/pagina10.com\/web\/wp-json\/wp\/v2\/categories?post=55407"},{"taxonomy":"post_tag","embeddable":true,"href":"https:\/\/pagina10.com\/web\/wp-json\/wp\/v2\/tags?post=55407"}],"curies":[{"name":"wp","href":"https:\/\/api.w.org\/{rel}","templated":true}]}}