{"id":55414,"date":"2021-09-04T07:50:03","date_gmt":"2021-09-04T12:50:03","guid":{"rendered":"https:\/\/pagina10.com\/web\/?p=55414"},"modified":"2021-09-04T07:50:03","modified_gmt":"2021-09-04T12:50:03","slug":"la-cocha-santuario-de-fauna-y-flora","status":"publish","type":"post","link":"https:\/\/pagina10.com\/web\/la-cocha-santuario-de-fauna-y-flora\/","title":{"rendered":"La Cocha, santuario de fauna y flora"},"content":{"rendered":"<p style=\"text-align: justify;\"><span style=\"font-weight: 400;\">A 23 kil\u00f3metros de la capital nari\u00f1ense, hacia la salida suroriental de la ciudad, se encuentra el corregimiento de El Encano, una peque\u00f1a poblaci\u00f3n enmarcada por las verdes monta\u00f1as que se adornan con las espesas nubes grises, evidencia del intenso fr\u00edo que acoge a propios y visitantes, pero que, se abriga con el calor humano y la sencillez de sus habitantes, quienes ofrecen desde la entrada la deliciosa agua de panela con queso, acompa\u00f1ada con el choclo cocinado, las rosquillas o las galletas rojas, y as\u00ed, recargar energ\u00edas para vivir la aventura en este punto del sur del pa\u00eds donde inicia la Amazon\u00eda colombiana.<\/span><\/p>\n<p style=\"text-align: justify;\"><span style=\"font-weight: 400;\">A una altura de 2.780 m.s.n.m., y con una temperatura de 3 a 15 grados cent\u00edgrados, se encuentra el Lago Guamuez o La Cocha, que en quechua significa laguna, con una extensi\u00f3n de 14 kil\u00f3metros de largo, 6.000 de ancho y 75 metros de profundidad, que se constituye en el segundo cuerpo de agua natural de la naci\u00f3n, despu\u00e9s de La Tota, ubicada en Cundinamarca.<\/span><\/p>\n<p style=\"text-align: justify;\"><span style=\"font-weight: 400;\">La Cocha mide 4.240 hect\u00e1reas y se puede recorrer en lancha desde el puerto de El Encano. En el trayecto se encuentran las viviendas construidas en madera, adornadas con flores que crecen silvestres en la regi\u00f3n, uno de los atractivos para turistas y pescadores deportivos por la belleza del paisaje y la pesca de trucha, alevino introducido a mediados del siglo XX, hoy en d\u00eda el sustento de muchas familias de esta zona.<\/span><\/p>\n<p style=\"text-align: justify;\"><span style=\"font-weight: 400;\">Desde el centro de sus entra\u00f1as se levanta la isla de La Corota, donde se encuentra el santuario de flora y fauna que lleva su mismo nombre, es el \u00e1rea protegida m\u00e1s peque\u00f1a del pa\u00eds, con 15.2 hect\u00e1reas. El santuario hace parte integral de todo el contexto ecosist\u00e9mico del Humedal del Lago Guamuez.<\/span><\/p>\n<p style=\"text-align: justify;\">\n<p style=\"text-align: justify;\"><span style=\"font-weight: 400;\">En este territorio se asientan pescadores y agricultores, herederos de los pueblos ind\u00edgenas Quillasingas, territorio salvaguardado por el Resguardo Refugio del Sol quienes consideran a este como un lugar sagrado, que en el pasado fue sitio de adoraci\u00f3n y culto y a\u00fan hoy es lugar de peregrinaje y encuentro espiritual.<\/span><\/p>\n<p style=\"text-align: justify;\"><span style=\"font-weight: 400;\">La Cocha hace parte del Corredor Andino Amaz\u00f3nico Norte, Ecorregi\u00f3n Bordoncillo Patascoy \u2013 La Cocha, centro de diversidad estrat\u00e9gico del suroriente colombiano, departamentos de Nari\u00f1o y Putumayo, rica en diversidad de paisajes, ecosistemas, especies y recursos h\u00eddricos de la cuenca amaz\u00f3nica. Es uno de los m\u00e1s extensos humedales altoandinos de Colombia y uno de los m\u00e1s importantes complejos acu\u00edferos del sur occidente del pa\u00eds.<\/span><\/p>\n<p style=\"text-align: justify;\"><span style=\"font-weight: 400;\">Por toda la riqueza cultural y ambiental que habita en esta regi\u00f3n, en el a\u00f1o 2000, mediante el Decreto 698 del 18 de abril, La Cocha o lago Guamuez fue declarada como Humedal de Importancia Nacional e Internacional Ramsar, siendo la primera con esta calificaci\u00f3n en la regi\u00f3n andina colombiana, que la hace uno de los m\u00e1s importantes ecosistemas estrat\u00e9gicos de la regi\u00f3n andino-amaz\u00f3nica nari\u00f1ense.<\/span><\/p>\n<p style=\"text-align: justify;\"><span style=\"font-weight: 400;\">Es importante reconocer que la filosof\u00eda Ramsar se mueve bajo el concepto de uso racional, que en \u00e1mbito de humedales se refiere al mantenimiento de sus caracter\u00edsticas ecol\u00f3gicas, dentro del llamado desarrollo sostenible, con el fin primordial de orientar la gesti\u00f3n ambiental hacia la conservaci\u00f3n, protecci\u00f3n y recuperaci\u00f3n, para el bienestar de la comunidad que lo habita.<\/span><\/p>\n<p style=\"text-align: justify;\"><span style=\"font-weight: 400;\">Este es el hogar de muchas especies de flora y fauna, es el santuario donde la energ\u00eda del agua se une con los ancestros y evocan las ense\u00f1anzas de quienes habitaron estos territorios, quienes aprendieron de las fuerzas de la naturaleza sobre sus cuidados, en este punto de la Amazonia una vez al a\u00f1o sus habitantes celebran la fiesta de la madre Quilla, mama Luna, para agradecerle por la siembra y la cosecha.<\/span><\/p>\n<p style=\"text-align: justify;\"><span style=\"font-weight: 400;\">Aqu\u00ed habitan los duendes cuidadores del bosque, los guardianes de la Amazon\u00eda, es el espacio natural de muchas especies que se encontraban en v\u00eda de extinci\u00f3n. Parte de ello lo da Pablo Vladimir Trejo, integrante de la escuela de comunicaci\u00f3n Los Chasquis Guardianes de la Memoria.<\/span><\/p>\n<p style=\"text-align: justify;\"><span style=\"font-weight: 400;\">\u201cReaparecen las especies animales como la danta y el oso andino, se consideran guardianes, ellos regresan a su casa y se manifiestan, por ello se piensa en una estrategia para encaminar la educaci\u00f3n hacia la importancia de estos seres vivos en el territorio\u201d, indic\u00f3.<\/span><\/p>\n<p style=\"text-align: justify;\"><span style=\"font-weight: 400;\">Con las ense\u00f1anzas de los ancestros, quienes hacen parte del resguardo ind\u00edgena Refugio del Sol, han emprendido la lucha por este territorio, recuperando el di\u00e1logo con la naturaleza, con los esp\u00edritus y sus ense\u00f1anzas. Dentro de su plan de vida, el Humedal es su prioridad. Braulio Andr\u00e9s Hidalgo, gobernador del Cabildo, se\u00f1ala que \u201cdesde el Pueblo Ind\u00edgena Quillasinga, Resguardo Refugio del Sol, se han venido realizando algunas acciones para proteger el territorio, desde la espiritualidad por ejemplo, est\u00e1 la toma del remedio que ayuda espiritualmente a salvaguardar , volver a la ritualidad en los lugares sagrados, recorridos territoriales con la guardia ind\u00edgena, generando estrategias comunicativas desde la emisora con piezas audiovisuales y fotogr\u00e1ficas para que se concientice a la comunidad hacia la defensa de la tierra.\u201d<\/span><\/p>\n<p style=\"text-align: justify;\"><span style=\"font-weight: 400;\">Adem\u00e1s de estas estrategias asumidas por la comunidad ind\u00edgena para proteger el recurso h\u00eddrico por medio de la protecci\u00f3n de este sistema natural de importancia Ramsar, la comunidad civil del municipio de Pasto ha formado la Red de Reservas Naturales, que asociadas llegan a 57, desde donde han capacitado los pobladores locales en temas de educaci\u00f3n ambiental para aplicarlos a sus entornos.<\/span><\/p>\n<p style=\"text-align: justify;\"><span style=\"font-weight: 400;\">Tomado de: Radio Nacional de Colombia<\/span><\/p>\n","protected":false},"excerpt":{"rendered":"<p>A 23 kil\u00f3metros de la capital nari\u00f1ense, hacia la salida suroriental de la ciudad, se encuentra el corregimiento de El Encano, una peque\u00f1a poblaci\u00f3n enmarcada por las verdes monta\u00f1as que se adornan con las espesas nubes grises, evidencia del intenso fr\u00edo que acoge a propios y visitantes, pero que, se abriga con el calor humano [&hellip;]<\/p>\n","protected":false},"author":1,"featured_media":32957,"comment_status":"open","ping_status":"open","sticky":false,"template":"","format":"standard","meta":{"footnotes":""},"categories":[14],"tags":[],"class_list":["post-55414","post","type-post","status-publish","format-standard","has-post-thumbnail","hentry","category-narino-actual"],"yoast_head":"<!-- This site is optimized with the Yoast SEO plugin v27.1.1 - https:\/\/yoast.com\/product\/yoast-seo-wordpress\/ -->\n<title>La Cocha, santuario de fauna y flora | P\u00e1gina10<\/title>\n<meta name=\"robots\" content=\"index, follow, max-snippet:-1, max-image-preview:large, max-video-preview:-1\" \/>\n<link rel=\"canonical\" href=\"https:\/\/pagina10.com\/web\/la-cocha-santuario-de-fauna-y-flora\/\" \/>\n<meta property=\"og:locale\" content=\"es_ES\" \/>\n<meta property=\"og:type\" content=\"article\" \/>\n<meta property=\"og:title\" content=\"La Cocha, santuario de fauna y flora | P\u00e1gina10\" \/>\n<meta property=\"og:description\" content=\"A 23 kil\u00f3metros de la capital nari\u00f1ense, hacia la salida suroriental de la ciudad, se encuentra el corregimiento de El Encano, una peque\u00f1a poblaci\u00f3n enmarcada por las verdes monta\u00f1as que se adornan con las espesas nubes grises, evidencia del intenso fr\u00edo que acoge a propios y visitantes, pero que, se abriga con el calor humano [&hellip;]\" \/>\n<meta property=\"og:url\" content=\"https:\/\/pagina10.com\/web\/la-cocha-santuario-de-fauna-y-flora\/\" \/>\n<meta property=\"og:site_name\" content=\"P\u00e1gina10\" \/>\n<meta property=\"article:publisher\" content=\"https:\/\/www.facebook.com\/pag10com\" \/>\n<meta property=\"article:published_time\" content=\"2021-09-04T12:50:03+00:00\" \/>\n<meta property=\"og:image\" content=\"https:\/\/pagina10.com\/web\/wp-content\/uploads\/2018\/08\/La-Cocha-2.jpg\" \/>\n\t<meta property=\"og:image:width\" content=\"960\" \/>\n\t<meta property=\"og:image:height\" content=\"642\" \/>\n\t<meta property=\"og:image:type\" content=\"image\/jpeg\" \/>\n<meta name=\"author\" content=\"P\u00e1gina 10\" \/>\n<meta name=\"twitter:card\" content=\"summary_large_image\" \/>\n<meta name=\"twitter:creator\" content=\"@Pag10com\" \/>\n<meta name=\"twitter:site\" content=\"@Pag10com\" \/>\n<meta name=\"twitter:label1\" content=\"Escrito por\" \/>\n\t<meta name=\"twitter:data1\" content=\"P\u00e1gina 10\" \/>\n\t<meta name=\"twitter:label2\" content=\"Tiempo de lectura\" \/>\n\t<meta name=\"twitter:data2\" content=\"5 minutos\" \/>\n<script type=\"application\/ld+json\" class=\"yoast-schema-graph\">{\"@context\":\"https:\/\/schema.org\",\"@graph\":[{\"@type\":\"Article\",\"@id\":\"https:\/\/pagina10.com\/web\/la-cocha-santuario-de-fauna-y-flora\/#article\",\"isPartOf\":{\"@id\":\"https:\/\/pagina10.com\/web\/la-cocha-santuario-de-fauna-y-flora\/\"},\"author\":{\"name\":\"P\u00e1gina 10\",\"@id\":\"https:\/\/pagina10.com\/web\/#\/schema\/person\/2efc4a090d25b667d3bc796798a3a81b\"},\"headline\":\"La Cocha, santuario de fauna y flora\",\"datePublished\":\"2021-09-04T12:50:03+00:00\",\"mainEntityOfPage\":{\"@id\":\"https:\/\/pagina10.com\/web\/la-cocha-santuario-de-fauna-y-flora\/\"},\"wordCount\":959,\"commentCount\":0,\"publisher\":{\"@id\":\"https:\/\/pagina10.com\/web\/#organization\"},\"image\":{\"@id\":\"https:\/\/pagina10.com\/web\/la-cocha-santuario-de-fauna-y-flora\/#primaryimage\"},\"thumbnailUrl\":\"https:\/\/pagina10.com\/web\/wp-content\/uploads\/2018\/08\/La-Cocha-2.jpg\",\"articleSection\":[\"Nari\u00f1o Actual\"],\"inLanguage\":\"es\",\"potentialAction\":[{\"@type\":\"CommentAction\",\"name\":\"Comment\",\"target\":[\"https:\/\/pagina10.com\/web\/la-cocha-santuario-de-fauna-y-flora\/#respond\"]}]},{\"@type\":\"WebPage\",\"@id\":\"https:\/\/pagina10.com\/web\/la-cocha-santuario-de-fauna-y-flora\/\",\"url\":\"https:\/\/pagina10.com\/web\/la-cocha-santuario-de-fauna-y-flora\/\",\"name\":\"La Cocha, santuario de fauna y flora | P\u00e1gina10\",\"isPartOf\":{\"@id\":\"https:\/\/pagina10.com\/web\/#website\"},\"primaryImageOfPage\":{\"@id\":\"https:\/\/pagina10.com\/web\/la-cocha-santuario-de-fauna-y-flora\/#primaryimage\"},\"image\":{\"@id\":\"https:\/\/pagina10.com\/web\/la-cocha-santuario-de-fauna-y-flora\/#primaryimage\"},\"thumbnailUrl\":\"https:\/\/pagina10.com\/web\/wp-content\/uploads\/2018\/08\/La-Cocha-2.jpg\",\"datePublished\":\"2021-09-04T12:50:03+00:00\",\"breadcrumb\":{\"@id\":\"https:\/\/pagina10.com\/web\/la-cocha-santuario-de-fauna-y-flora\/#breadcrumb\"},\"inLanguage\":\"es\",\"potentialAction\":[{\"@type\":\"ReadAction\",\"target\":[\"https:\/\/pagina10.com\/web\/la-cocha-santuario-de-fauna-y-flora\/\"]}]},{\"@type\":\"ImageObject\",\"inLanguage\":\"es\",\"@id\":\"https:\/\/pagina10.com\/web\/la-cocha-santuario-de-fauna-y-flora\/#primaryimage\",\"url\":\"https:\/\/pagina10.com\/web\/wp-content\/uploads\/2018\/08\/La-Cocha-2.jpg\",\"contentUrl\":\"https:\/\/pagina10.com\/web\/wp-content\/uploads\/2018\/08\/La-Cocha-2.jpg\",\"width\":960,\"height\":642},{\"@type\":\"BreadcrumbList\",\"@id\":\"https:\/\/pagina10.com\/web\/la-cocha-santuario-de-fauna-y-flora\/#breadcrumb\",\"itemListElement\":[{\"@type\":\"ListItem\",\"position\":1,\"name\":\"Portada\",\"item\":\"https:\/\/pagina10.com\/web\/\"},{\"@type\":\"ListItem\",\"position\":2,\"name\":\"La Cocha, santuario de fauna y flora\"}]},{\"@type\":\"WebSite\",\"@id\":\"https:\/\/pagina10.com\/web\/#website\",\"url\":\"https:\/\/pagina10.com\/web\/\",\"name\":\"P\u00e1gina10\",\"description\":\"Peri\u00f3dico Regional\",\"publisher\":{\"@id\":\"https:\/\/pagina10.com\/web\/#organization\"},\"alternateName\":\"P\u00e1gina10 Peri\u00f3dico Regional\",\"potentialAction\":[{\"@type\":\"SearchAction\",\"target\":{\"@type\":\"EntryPoint\",\"urlTemplate\":\"https:\/\/pagina10.com\/web\/?s={search_term_string}\"},\"query-input\":{\"@type\":\"PropertyValueSpecification\",\"valueRequired\":true,\"valueName\":\"search_term_string\"}}],\"inLanguage\":\"es\"},{\"@type\":\"Organization\",\"@id\":\"https:\/\/pagina10.com\/web\/#organization\",\"name\":\"P\u00e1gina10\",\"alternateName\":\"P\u00e1gina10 Peri\u00f3dico Regional\",\"url\":\"https:\/\/pagina10.com\/web\/\",\"logo\":{\"@type\":\"ImageObject\",\"inLanguage\":\"es\",\"@id\":\"https:\/\/pagina10.com\/web\/#\/schema\/logo\/image\/\",\"url\":\"https:\/\/pagina10.com\/web\/wp-content\/uploads\/2024\/01\/40-pagina-10-periodico-regional-pasto.jpg\",\"contentUrl\":\"https:\/\/pagina10.com\/web\/wp-content\/uploads\/2024\/01\/40-pagina-10-periodico-regional-pasto.jpg\",\"width\":1280,\"height\":720,\"caption\":\"P\u00e1gina10\"},\"image\":{\"@id\":\"https:\/\/pagina10.com\/web\/#\/schema\/logo\/image\/\"},\"sameAs\":[\"https:\/\/www.facebook.com\/pag10com\",\"https:\/\/x.com\/Pag10com\",\"https:\/\/www.instagram.com\/pagina10col\/\",\"https:\/\/youtube.com\/channel\/pag10\",\"https:\/\/www.tiktok.com\/@p10col\"]},{\"@type\":\"Person\",\"@id\":\"https:\/\/pagina10.com\/web\/#\/schema\/person\/2efc4a090d25b667d3bc796798a3a81b\",\"name\":\"P\u00e1gina 10\",\"description\":\"P\u00e1gina 10 es un peri\u00f3dico regional que nace en Colombia, en el departamento de Nari\u00f1o, con un enfoque global, fundamentado en cuatro pilares esenciales: la libertad, el pluralismo, la inclusi\u00f3n y la independencia. P\u00e1gina 10 hace referencia a Nari\u00f1o como el d\u00e9cimo departamento creado en Colombia, despu\u00e9s de un proceso pol\u00edtico liderado por actores y actrices regionales con el fin de obtener la independencia y autonom\u00eda de nuestros territorios. Con la creaci\u00f3n de P\u00e1gina 10 se pretende abrir un escenario para el dialogo, la reflexi\u00f3n y el debate que se extienda a otras geograf\u00edas de Am\u00e9rica Latina y del planeta, en una apuesta por transformar colectivamente los desaf\u00edos de un mundo contempor\u00e1neo, m\u00e1s all\u00e1 de las fronteras impuestas.\",\"url\":\"https:\/\/pagina10.com\/web\/author\/pdiezadmin\/\"}]}<\/script>\n<!-- \/ Yoast SEO plugin. -->","yoast_head_json":{"title":"La Cocha, santuario de fauna y flora | P\u00e1gina10","robots":{"index":"index","follow":"follow","max-snippet":"max-snippet:-1","max-image-preview":"max-image-preview:large","max-video-preview":"max-video-preview:-1"},"canonical":"https:\/\/pagina10.com\/web\/la-cocha-santuario-de-fauna-y-flora\/","og_locale":"es_ES","og_type":"article","og_title":"La Cocha, santuario de fauna y flora | P\u00e1gina10","og_description":"A 23 kil\u00f3metros de la capital nari\u00f1ense, hacia la salida suroriental de la ciudad, se encuentra el corregimiento de El Encano, una peque\u00f1a poblaci\u00f3n enmarcada por las verdes monta\u00f1as que se adornan con las espesas nubes grises, evidencia del intenso fr\u00edo que acoge a propios y visitantes, pero que, se abriga con el calor humano [&hellip;]","og_url":"https:\/\/pagina10.com\/web\/la-cocha-santuario-de-fauna-y-flora\/","og_site_name":"P\u00e1gina10","article_publisher":"https:\/\/www.facebook.com\/pag10com","article_published_time":"2021-09-04T12:50:03+00:00","og_image":[{"width":960,"height":642,"url":"https:\/\/pagina10.com\/web\/wp-content\/uploads\/2018\/08\/La-Cocha-2.jpg","type":"image\/jpeg"}],"author":"P\u00e1gina 10","twitter_card":"summary_large_image","twitter_creator":"@Pag10com","twitter_site":"@Pag10com","twitter_misc":{"Escrito por":"P\u00e1gina 10","Tiempo de lectura":"5 minutos"},"schema":{"@context":"https:\/\/schema.org","@graph":[{"@type":"Article","@id":"https:\/\/pagina10.com\/web\/la-cocha-santuario-de-fauna-y-flora\/#article","isPartOf":{"@id":"https:\/\/pagina10.com\/web\/la-cocha-santuario-de-fauna-y-flora\/"},"author":{"name":"P\u00e1gina 10","@id":"https:\/\/pagina10.com\/web\/#\/schema\/person\/2efc4a090d25b667d3bc796798a3a81b"},"headline":"La Cocha, santuario de fauna y flora","datePublished":"2021-09-04T12:50:03+00:00","mainEntityOfPage":{"@id":"https:\/\/pagina10.com\/web\/la-cocha-santuario-de-fauna-y-flora\/"},"wordCount":959,"commentCount":0,"publisher":{"@id":"https:\/\/pagina10.com\/web\/#organization"},"image":{"@id":"https:\/\/pagina10.com\/web\/la-cocha-santuario-de-fauna-y-flora\/#primaryimage"},"thumbnailUrl":"https:\/\/pagina10.com\/web\/wp-content\/uploads\/2018\/08\/La-Cocha-2.jpg","articleSection":["Nari\u00f1o Actual"],"inLanguage":"es","potentialAction":[{"@type":"CommentAction","name":"Comment","target":["https:\/\/pagina10.com\/web\/la-cocha-santuario-de-fauna-y-flora\/#respond"]}]},{"@type":"WebPage","@id":"https:\/\/pagina10.com\/web\/la-cocha-santuario-de-fauna-y-flora\/","url":"https:\/\/pagina10.com\/web\/la-cocha-santuario-de-fauna-y-flora\/","name":"La Cocha, santuario de fauna y flora | P\u00e1gina10","isPartOf":{"@id":"https:\/\/pagina10.com\/web\/#website"},"primaryImageOfPage":{"@id":"https:\/\/pagina10.com\/web\/la-cocha-santuario-de-fauna-y-flora\/#primaryimage"},"image":{"@id":"https:\/\/pagina10.com\/web\/la-cocha-santuario-de-fauna-y-flora\/#primaryimage"},"thumbnailUrl":"https:\/\/pagina10.com\/web\/wp-content\/uploads\/2018\/08\/La-Cocha-2.jpg","datePublished":"2021-09-04T12:50:03+00:00","breadcrumb":{"@id":"https:\/\/pagina10.com\/web\/la-cocha-santuario-de-fauna-y-flora\/#breadcrumb"},"inLanguage":"es","potentialAction":[{"@type":"ReadAction","target":["https:\/\/pagina10.com\/web\/la-cocha-santuario-de-fauna-y-flora\/"]}]},{"@type":"ImageObject","inLanguage":"es","@id":"https:\/\/pagina10.com\/web\/la-cocha-santuario-de-fauna-y-flora\/#primaryimage","url":"https:\/\/pagina10.com\/web\/wp-content\/uploads\/2018\/08\/La-Cocha-2.jpg","contentUrl":"https:\/\/pagina10.com\/web\/wp-content\/uploads\/2018\/08\/La-Cocha-2.jpg","width":960,"height":642},{"@type":"BreadcrumbList","@id":"https:\/\/pagina10.com\/web\/la-cocha-santuario-de-fauna-y-flora\/#breadcrumb","itemListElement":[{"@type":"ListItem","position":1,"name":"Portada","item":"https:\/\/pagina10.com\/web\/"},{"@type":"ListItem","position":2,"name":"La Cocha, santuario de fauna y flora"}]},{"@type":"WebSite","@id":"https:\/\/pagina10.com\/web\/#website","url":"https:\/\/pagina10.com\/web\/","name":"P\u00e1gina10","description":"Peri\u00f3dico Regional","publisher":{"@id":"https:\/\/pagina10.com\/web\/#organization"},"alternateName":"P\u00e1gina10 Peri\u00f3dico Regional","potentialAction":[{"@type":"SearchAction","target":{"@type":"EntryPoint","urlTemplate":"https:\/\/pagina10.com\/web\/?s={search_term_string}"},"query-input":{"@type":"PropertyValueSpecification","valueRequired":true,"valueName":"search_term_string"}}],"inLanguage":"es"},{"@type":"Organization","@id":"https:\/\/pagina10.com\/web\/#organization","name":"P\u00e1gina10","alternateName":"P\u00e1gina10 Peri\u00f3dico Regional","url":"https:\/\/pagina10.com\/web\/","logo":{"@type":"ImageObject","inLanguage":"es","@id":"https:\/\/pagina10.com\/web\/#\/schema\/logo\/image\/","url":"https:\/\/pagina10.com\/web\/wp-content\/uploads\/2024\/01\/40-pagina-10-periodico-regional-pasto.jpg","contentUrl":"https:\/\/pagina10.com\/web\/wp-content\/uploads\/2024\/01\/40-pagina-10-periodico-regional-pasto.jpg","width":1280,"height":720,"caption":"P\u00e1gina10"},"image":{"@id":"https:\/\/pagina10.com\/web\/#\/schema\/logo\/image\/"},"sameAs":["https:\/\/www.facebook.com\/pag10com","https:\/\/x.com\/Pag10com","https:\/\/www.instagram.com\/pagina10col\/","https:\/\/youtube.com\/channel\/pag10","https:\/\/www.tiktok.com\/@p10col"]},{"@type":"Person","@id":"https:\/\/pagina10.com\/web\/#\/schema\/person\/2efc4a090d25b667d3bc796798a3a81b","name":"P\u00e1gina 10","description":"P\u00e1gina 10 es un peri\u00f3dico regional que nace en Colombia, en el departamento de Nari\u00f1o, con un enfoque global, fundamentado en cuatro pilares esenciales: la libertad, el pluralismo, la inclusi\u00f3n y la independencia. P\u00e1gina 10 hace referencia a Nari\u00f1o como el d\u00e9cimo departamento creado en Colombia, despu\u00e9s de un proceso pol\u00edtico liderado por actores y actrices regionales con el fin de obtener la independencia y autonom\u00eda de nuestros territorios. Con la creaci\u00f3n de P\u00e1gina 10 se pretende abrir un escenario para el dialogo, la reflexi\u00f3n y el debate que se extienda a otras geograf\u00edas de Am\u00e9rica Latina y del planeta, en una apuesta por transformar colectivamente los desaf\u00edos de un mundo contempor\u00e1neo, m\u00e1s all\u00e1 de las fronteras impuestas.","url":"https:\/\/pagina10.com\/web\/author\/pdiezadmin\/"}]}},"_links":{"self":[{"href":"https:\/\/pagina10.com\/web\/wp-json\/wp\/v2\/posts\/55414","targetHints":{"allow":["GET"]}}],"collection":[{"href":"https:\/\/pagina10.com\/web\/wp-json\/wp\/v2\/posts"}],"about":[{"href":"https:\/\/pagina10.com\/web\/wp-json\/wp\/v2\/types\/post"}],"author":[{"embeddable":true,"href":"https:\/\/pagina10.com\/web\/wp-json\/wp\/v2\/users\/1"}],"replies":[{"embeddable":true,"href":"https:\/\/pagina10.com\/web\/wp-json\/wp\/v2\/comments?post=55414"}],"version-history":[{"count":1,"href":"https:\/\/pagina10.com\/web\/wp-json\/wp\/v2\/posts\/55414\/revisions"}],"predecessor-version":[{"id":55415,"href":"https:\/\/pagina10.com\/web\/wp-json\/wp\/v2\/posts\/55414\/revisions\/55415"}],"wp:featuredmedia":[{"embeddable":true,"href":"https:\/\/pagina10.com\/web\/wp-json\/wp\/v2\/media\/32957"}],"wp:attachment":[{"href":"https:\/\/pagina10.com\/web\/wp-json\/wp\/v2\/media?parent=55414"}],"wp:term":[{"taxonomy":"category","embeddable":true,"href":"https:\/\/pagina10.com\/web\/wp-json\/wp\/v2\/categories?post=55414"},{"taxonomy":"post_tag","embeddable":true,"href":"https:\/\/pagina10.com\/web\/wp-json\/wp\/v2\/tags?post=55414"}],"curies":[{"name":"wp","href":"https:\/\/api.w.org\/{rel}","templated":true}]}}