{"id":55458,"date":"2021-09-05T21:20:42","date_gmt":"2021-09-06T02:20:42","guid":{"rendered":"https:\/\/pagina10.com\/web\/?p=55458"},"modified":"2021-09-05T22:10:12","modified_gmt":"2021-09-06T03:10:12","slug":"la-riqueza-de-la-democracia-depende-de-esa-amplia-gama-de-ideologias-juan-daniel-penuela","status":"publish","type":"post","link":"https:\/\/pagina10.com\/web\/la-riqueza-de-la-democracia-depende-de-esa-amplia-gama-de-ideologias-juan-daniel-penuela\/","title":{"rendered":"&#8220;La riqueza de la democracia depende de esa amplia gama de ideolog\u00edas\u201d, Juan Daniel Pe\u00f1uela"},"content":{"rendered":"<p style=\"text-align: justify;\"><span style=\"font-weight: 400;\">Empresarios y Ganadores, Espacios de Poder, brinda la posibilidad de escuchar, dialogar, debatir y conocer historias de personalidades que tienen representaci\u00f3n en el departamento de Nari\u00f1o desde todas las orillas de\u00a0 liderazgo, de emprendimiento y de pol\u00edtica.<\/span><\/p>\n<p style=\"text-align: justify;\"><span style=\"font-weight: 400;\">Una de esas historias es la del reconocido pol\u00edtico y actual diputado conservador del departamento de Nari\u00f1o,\u00a0 Juan Daniel Pe\u00f1uela Calvache, naci\u00f3 hace 44 a\u00f1os, en el seno de una familia tradicional del municipio de Pasto. A sus 12 a\u00f1os la vida lo traslad\u00f3 hasta Bogot\u00e1, donde termin\u00f3 su formaci\u00f3n escolar y profesional. Estudi\u00f3 derecho, se especializ\u00f3 en derecho administrativo, derecho comercial y es mag\u00edster en desarrollo econ\u00f3mico.<\/span><\/p>\n<p style=\"text-align: justify;\"><span style=\"font-weight: 400;\">En su caminar se interes\u00f3 por la pol\u00edtica desde muy j\u00f3ven, etapa en la que decidi\u00f3 trazar su vida como actor pol\u00edtico cuando cursaba su carrera universitaria, donde con un grupo de amigos, j\u00f3venes como \u00e9l, decidieron incursionar en estos temas con el fin de hacer y cambiar cuestiones que a sus pareceres no andaban bien.\u00a0<\/span><\/p>\n<p style=\"text-align: justify;\"><span style=\"font-weight: 400;\">Para el a\u00f1o 2003, da paso a su primer acercamiento a lo que hoy se convirti\u00f3 en su accionar pol\u00edtico. En su debut como l\u00edder pol\u00edtico se lanz\u00f3 como Edil de la localidad de Suba, junto a otros 19 j\u00f3venes en representaci\u00f3n del Partido Conservador. \u201cFue una experiencia maravillosa. Aunque todos nos quemamos, fue la campa\u00f1a que me permiti\u00f3 vencer el miedo, iniciar una carrera pol\u00edtica y saber que se puede hacer pol\u00edtica con criterio\u201d, describi\u00f3 Juan Daniel Pe\u00f1uela.\u00a0<\/span><\/p>\n<p style=\"text-align: justify;\"><span style=\"font-weight: 400;\">En el a\u00f1o 2005 regres\u00f3 a la ciudad de Pasto, donde inici\u00f3 su camino acad\u00e9mico como docente universitario en varias instituciones del Departamento de Nari\u00f1o, paralelo a ello; continu\u00f3 su camino pol\u00edtico, aprovechando todos los espacios para conocer el panorama departamental. Ocup\u00f3 el cargo de jefe de la oficina jur\u00eddica de la C\u00e1mara de Comercio de Pasto, \u201cAll\u00ed conoc\u00ed las problem\u00e1ticas que tiene 40 o 44 municipios que est\u00e1n dentro de su campo de acci\u00f3n\u201d, anunci\u00f3.\u00a0<\/span><\/p>\n<p style=\"text-align: justify;\"><span style=\"font-weight: 400;\">En di\u00e1logo con P\u00e1gina 10, Juan Daniel Pe\u00f1uela cuenta que desde sus primeros a\u00f1os de vida ha estado influenciado por el tema de la pol\u00edtica. Una de las personas que incidi\u00f3 en su pasi\u00f3n por estos temas fue el conservador\u00a0 Rogelio Bola\u00f1os; narra que gracias a \u00e9l logr\u00f3 su formaci\u00f3n pol\u00edtica, actuar que lo llev\u00f3 a ser Concejal de Pasto entre 2008 a 2015, tambi\u00e9n fue presidente del Concejo Municipal de Pasto, desde el a\u00f1o 2016 fue elegido como Diputado y en el\u00a0 2018 fue Presidente de la Asamblea Departamental de Nari\u00f1o.\u00a0<\/span><\/p>\n<p style=\"text-align: justify;\"><span style=\"font-weight: 400;\">Juan Daniel hace \u00e9nfasis en que \u201cLa pol\u00edtica no puede ser sectaria. No podemos calificar bien o mal a una persona porque forme parte de un determinado partido pol\u00edtico, porque sea conservador, de derecha, de izquierda. Esa es la democracia, y la riqueza de la democracia depende de esa amplia gama de ideolog\u00edas\u201d, menciona.\u00a0\u00a0<\/span><\/p>\n<p style=\"text-align: justify;\"><span style=\"font-weight: 400;\">Entre otros aspectos, el diputado Juan Daniel Pe\u00f1uela manifest\u00f3 sobre la alianza que tuvo el Partido Conservador con el exgobernador de Nari\u00f1o Camilo Romero, donde se refiri\u00f3 a que fue una mala experiencia, \u201cAh\u00ed debemos decir que nos equivocamos\u201d. Explic\u00f3 que su acercamiento con Romero, inici\u00f3 por el camino de la unidad de todos los sectores con el fin de lograr un desarrollo para Nari\u00f1o, \u201cCuando Camilo Romero se posesiona como gobernador nos dimos cuenta que ten\u00eda una agenda completamente distinta a los intereses del departamento y centrada en sus aspiraciones personales de llegar a la presidencia\u201d, expres\u00f3. Tambi\u00e9n dijo que desde el partido cuestionaron su accionar porque vieron que hubo una contradicci\u00f3n a lo que dijo en campa\u00f1a y lo que hizo cuando era gobernador. \u201cFueron varios temas. Por ejemplo el mal manejo de las regal\u00edas, la contrataci\u00f3n irregular de licores que hoy lo tiene en investigaci\u00f3n y otros temas\u201d, explic\u00f3.\u00a0<\/span><\/p>\n<p style=\"text-align: justify;\"><span style=\"font-weight: 400;\">Frente al actual gobierno departamental, liderado por Jhon Rojas, manifest\u00f3 que a pesar de que en campa\u00f1a desde el Partido Conservador impulsaron la candidatura de Damir Bravo, cuando pasaron las elecciones decidieron tener independencia pol\u00edtica para apoyar al gobernador y tambi\u00e9n realizar las observaciones pertinentes. \u201cEl doctor Jhon Rojas ten\u00eda una propuesta de gobierno muy similar a la que planteamos con\u00a0 el equipo de Damir Bravo; entonces cuando pasan las elecciones hay que entender cuales son las responsabilidades pol\u00edticas que uno tiene como departamento\u201d, asever\u00f3.\u00a0<\/span><\/p>\n<p style=\"text-align: justify;\"><span style=\"font-weight: 400;\">\u201cDespu\u00e9s de elecciones, quienes fuimos elegidos y quienes no, compartimos las mismas responsabilidades que eran trabajar por el departamento y eso hemos hecho\u201d asegura Juan Daniel Pe\u00f1uela.\u00a0<\/span><\/p>\n<p style=\"text-align: justify;\"><span style=\"font-weight: 400;\">En otro sentido, mencion\u00f3 que el panorama pol\u00edtico tiene otro ambiente y se refiri\u00f3 al \u00e1nimo de los j\u00f3venes en estos temas que convergen en la pol\u00edtica. \u201che recorrido el departamento y me encuentro con j\u00f3venes que quieren participar de una manera activa, sus propuestas tienen un marco de receptividad para identificar un candidato o candidata donde se puedan representar\u201d.\u00a0<\/span><\/p>\n<p style=\"text-align: justify;\"><span style=\"font-weight: 400;\">Por \u00faltimo dijo que la pandemia y todas las manifestaciones sociales que se vivieron en el marco del paro nacional, \u2018desnudaron\u2019 la situaci\u00f3n actual que vive el departamento de Nari\u00f1o, hecho que marc\u00f3 un punto de partida para generar un voto m\u00e1s consciente y responsable en Nari\u00f1o.<\/span><\/p>\n<p>Aqu\u00ed puede ver la entrevista:<\/p>\n<p><iframe src=\"https:\/\/www.facebook.com\/plugins\/video.php?height=314&#038;href=https%3A%2F%2Fweb.facebook.com%2Fpag10com%2Fvideos%2F851548535505104%2F&#038;show_text=false&#038;width=560&#038;t=0\" width=\"560\" height=\"314\" style=\"border:none;overflow:hidden\" scrolling=\"no\" frameborder=\"0\" allowfullscreen=\"true\" allow=\"autoplay; clipboard-write; encrypted-media; picture-in-picture; web-share\" allowFullScreen=\"true\"><\/iframe><\/p>\n","protected":false},"excerpt":{"rendered":"<p>Empresarios y Ganadores, Espacios de Poder, brinda la posibilidad de escuchar, dialogar, debatir y conocer historias de personalidades que tienen representaci\u00f3n en el departamento de Nari\u00f1o desde todas las orillas de\u00a0 liderazgo, de emprendimiento y de pol\u00edtica. Una de esas historias es la del reconocido pol\u00edtico y actual diputado conservador del departamento de Nari\u00f1o,\u00a0 Juan [&hellip;]<\/p>\n","protected":false},"author":1,"featured_media":55459,"comment_status":"open","ping_status":"open","sticky":false,"template":"","format":"standard","meta":{"footnotes":""},"categories":[14],"tags":[],"class_list":["post-55458","post","type-post","status-publish","format-standard","has-post-thumbnail","hentry","category-narino-actual"],"yoast_head":"<!-- This site is optimized with the Yoast SEO plugin v27.1.1 - https:\/\/yoast.com\/product\/yoast-seo-wordpress\/ -->\n<title>&quot;La riqueza de la democracia depende de esa amplia gama de ideolog\u00edas\u201d, Juan Daniel Pe\u00f1uela | P\u00e1gina10<\/title>\n<meta name=\"robots\" content=\"index, follow, max-snippet:-1, max-image-preview:large, max-video-preview:-1\" \/>\n<link rel=\"canonical\" href=\"https:\/\/pagina10.com\/web\/la-riqueza-de-la-democracia-depende-de-esa-amplia-gama-de-ideologias-juan-daniel-penuela\/\" \/>\n<meta property=\"og:locale\" content=\"es_ES\" \/>\n<meta property=\"og:type\" content=\"article\" \/>\n<meta property=\"og:title\" content=\"&quot;La riqueza de la democracia depende de esa amplia gama de ideolog\u00edas\u201d, Juan Daniel Pe\u00f1uela | P\u00e1gina10\" \/>\n<meta property=\"og:description\" content=\"Empresarios y Ganadores, Espacios de Poder, brinda la posibilidad de escuchar, dialogar, debatir y conocer historias de personalidades que tienen representaci\u00f3n en el departamento de Nari\u00f1o desde todas las orillas de liderazgo, de emprendimiento y de pol\u00edtica. Una de esas historias es la del reconocido pol\u00edtico y actual diputado conservador del departamento de Nari\u00f1o, Juan [&hellip;]\" \/>\n<meta property=\"og:url\" content=\"https:\/\/pagina10.com\/web\/la-riqueza-de-la-democracia-depende-de-esa-amplia-gama-de-ideologias-juan-daniel-penuela\/\" \/>\n<meta property=\"og:site_name\" content=\"P\u00e1gina10\" \/>\n<meta property=\"article:publisher\" content=\"https:\/\/www.facebook.com\/pag10com\" \/>\n<meta property=\"article:published_time\" content=\"2021-09-06T02:20:42+00:00\" \/>\n<meta property=\"article:modified_time\" content=\"2021-09-06T03:10:12+00:00\" \/>\n<meta property=\"og:image\" content=\"https:\/\/pagina10.com\/web\/wp-content\/uploads\/2021\/09\/mariale.png\" \/>\n\t<meta property=\"og:image:width\" content=\"1359\" \/>\n\t<meta property=\"og:image:height\" content=\"735\" \/>\n\t<meta property=\"og:image:type\" content=\"image\/png\" \/>\n<meta name=\"author\" content=\"P\u00e1gina 10\" \/>\n<meta name=\"twitter:card\" content=\"summary_large_image\" \/>\n<meta name=\"twitter:creator\" content=\"@Pag10com\" \/>\n<meta name=\"twitter:site\" content=\"@Pag10com\" \/>\n<meta name=\"twitter:label1\" content=\"Escrito por\" \/>\n\t<meta name=\"twitter:data1\" content=\"P\u00e1gina 10\" \/>\n\t<meta name=\"twitter:label2\" content=\"Tiempo de lectura\" \/>\n\t<meta name=\"twitter:data2\" content=\"5 minutos\" \/>\n<script type=\"application\/ld+json\" class=\"yoast-schema-graph\">{\"@context\":\"https:\/\/schema.org\",\"@graph\":[{\"@type\":\"Article\",\"@id\":\"https:\/\/pagina10.com\/web\/la-riqueza-de-la-democracia-depende-de-esa-amplia-gama-de-ideologias-juan-daniel-penuela\/#article\",\"isPartOf\":{\"@id\":\"https:\/\/pagina10.com\/web\/la-riqueza-de-la-democracia-depende-de-esa-amplia-gama-de-ideologias-juan-daniel-penuela\/\"},\"author\":{\"name\":\"P\u00e1gina 10\",\"@id\":\"https:\/\/pagina10.com\/web\/#\/schema\/person\/2efc4a090d25b667d3bc796798a3a81b\"},\"headline\":\"&#8220;La riqueza de la democracia depende de esa amplia gama de ideolog\u00edas\u201d, Juan Daniel Pe\u00f1uela\",\"datePublished\":\"2021-09-06T02:20:42+00:00\",\"dateModified\":\"2021-09-06T03:10:12+00:00\",\"mainEntityOfPage\":{\"@id\":\"https:\/\/pagina10.com\/web\/la-riqueza-de-la-democracia-depende-de-esa-amplia-gama-de-ideologias-juan-daniel-penuela\/\"},\"wordCount\":917,\"commentCount\":0,\"publisher\":{\"@id\":\"https:\/\/pagina10.com\/web\/#organization\"},\"image\":{\"@id\":\"https:\/\/pagina10.com\/web\/la-riqueza-de-la-democracia-depende-de-esa-amplia-gama-de-ideologias-juan-daniel-penuela\/#primaryimage\"},\"thumbnailUrl\":\"https:\/\/pagina10.com\/web\/wp-content\/uploads\/2021\/09\/mariale.png\",\"articleSection\":[\"Nari\u00f1o Actual\"],\"inLanguage\":\"es\",\"potentialAction\":[{\"@type\":\"CommentAction\",\"name\":\"Comment\",\"target\":[\"https:\/\/pagina10.com\/web\/la-riqueza-de-la-democracia-depende-de-esa-amplia-gama-de-ideologias-juan-daniel-penuela\/#respond\"]}]},{\"@type\":\"WebPage\",\"@id\":\"https:\/\/pagina10.com\/web\/la-riqueza-de-la-democracia-depende-de-esa-amplia-gama-de-ideologias-juan-daniel-penuela\/\",\"url\":\"https:\/\/pagina10.com\/web\/la-riqueza-de-la-democracia-depende-de-esa-amplia-gama-de-ideologias-juan-daniel-penuela\/\",\"name\":\"\\\"La riqueza de la democracia depende de esa amplia gama de ideolog\u00edas\u201d, Juan Daniel Pe\u00f1uela | P\u00e1gina10\",\"isPartOf\":{\"@id\":\"https:\/\/pagina10.com\/web\/#website\"},\"primaryImageOfPage\":{\"@id\":\"https:\/\/pagina10.com\/web\/la-riqueza-de-la-democracia-depende-de-esa-amplia-gama-de-ideologias-juan-daniel-penuela\/#primaryimage\"},\"image\":{\"@id\":\"https:\/\/pagina10.com\/web\/la-riqueza-de-la-democracia-depende-de-esa-amplia-gama-de-ideologias-juan-daniel-penuela\/#primaryimage\"},\"thumbnailUrl\":\"https:\/\/pagina10.com\/web\/wp-content\/uploads\/2021\/09\/mariale.png\",\"datePublished\":\"2021-09-06T02:20:42+00:00\",\"dateModified\":\"2021-09-06T03:10:12+00:00\",\"breadcrumb\":{\"@id\":\"https:\/\/pagina10.com\/web\/la-riqueza-de-la-democracia-depende-de-esa-amplia-gama-de-ideologias-juan-daniel-penuela\/#breadcrumb\"},\"inLanguage\":\"es\",\"potentialAction\":[{\"@type\":\"ReadAction\",\"target\":[\"https:\/\/pagina10.com\/web\/la-riqueza-de-la-democracia-depende-de-esa-amplia-gama-de-ideologias-juan-daniel-penuela\/\"]}]},{\"@type\":\"ImageObject\",\"inLanguage\":\"es\",\"@id\":\"https:\/\/pagina10.com\/web\/la-riqueza-de-la-democracia-depende-de-esa-amplia-gama-de-ideologias-juan-daniel-penuela\/#primaryimage\",\"url\":\"https:\/\/pagina10.com\/web\/wp-content\/uploads\/2021\/09\/mariale.png\",\"contentUrl\":\"https:\/\/pagina10.com\/web\/wp-content\/uploads\/2021\/09\/mariale.png\",\"width\":1359,\"height\":735},{\"@type\":\"BreadcrumbList\",\"@id\":\"https:\/\/pagina10.com\/web\/la-riqueza-de-la-democracia-depende-de-esa-amplia-gama-de-ideologias-juan-daniel-penuela\/#breadcrumb\",\"itemListElement\":[{\"@type\":\"ListItem\",\"position\":1,\"name\":\"Portada\",\"item\":\"https:\/\/pagina10.com\/web\/\"},{\"@type\":\"ListItem\",\"position\":2,\"name\":\"&#8220;La riqueza de la democracia depende de esa amplia gama de ideolog\u00edas\u201d, Juan Daniel Pe\u00f1uela\"}]},{\"@type\":\"WebSite\",\"@id\":\"https:\/\/pagina10.com\/web\/#website\",\"url\":\"https:\/\/pagina10.com\/web\/\",\"name\":\"P\u00e1gina10\",\"description\":\"Peri\u00f3dico Regional\",\"publisher\":{\"@id\":\"https:\/\/pagina10.com\/web\/#organization\"},\"alternateName\":\"P\u00e1gina10 Peri\u00f3dico Regional\",\"potentialAction\":[{\"@type\":\"SearchAction\",\"target\":{\"@type\":\"EntryPoint\",\"urlTemplate\":\"https:\/\/pagina10.com\/web\/?s={search_term_string}\"},\"query-input\":{\"@type\":\"PropertyValueSpecification\",\"valueRequired\":true,\"valueName\":\"search_term_string\"}}],\"inLanguage\":\"es\"},{\"@type\":\"Organization\",\"@id\":\"https:\/\/pagina10.com\/web\/#organization\",\"name\":\"P\u00e1gina10\",\"alternateName\":\"P\u00e1gina10 Peri\u00f3dico Regional\",\"url\":\"https:\/\/pagina10.com\/web\/\",\"logo\":{\"@type\":\"ImageObject\",\"inLanguage\":\"es\",\"@id\":\"https:\/\/pagina10.com\/web\/#\/schema\/logo\/image\/\",\"url\":\"https:\/\/pagina10.com\/web\/wp-content\/uploads\/2024\/01\/40-pagina-10-periodico-regional-pasto.jpg\",\"contentUrl\":\"https:\/\/pagina10.com\/web\/wp-content\/uploads\/2024\/01\/40-pagina-10-periodico-regional-pasto.jpg\",\"width\":1280,\"height\":720,\"caption\":\"P\u00e1gina10\"},\"image\":{\"@id\":\"https:\/\/pagina10.com\/web\/#\/schema\/logo\/image\/\"},\"sameAs\":[\"https:\/\/www.facebook.com\/pag10com\",\"https:\/\/x.com\/Pag10com\",\"https:\/\/www.instagram.com\/pagina10col\/\",\"https:\/\/youtube.com\/channel\/pag10\",\"https:\/\/www.tiktok.com\/@p10col\"]},{\"@type\":\"Person\",\"@id\":\"https:\/\/pagina10.com\/web\/#\/schema\/person\/2efc4a090d25b667d3bc796798a3a81b\",\"name\":\"P\u00e1gina 10\",\"description\":\"P\u00e1gina 10 es un peri\u00f3dico regional que nace en Colombia, en el departamento de Nari\u00f1o, con un enfoque global, fundamentado en cuatro pilares esenciales: la libertad, el pluralismo, la inclusi\u00f3n y la independencia. P\u00e1gina 10 hace referencia a Nari\u00f1o como el d\u00e9cimo departamento creado en Colombia, despu\u00e9s de un proceso pol\u00edtico liderado por actores y actrices regionales con el fin de obtener la independencia y autonom\u00eda de nuestros territorios. Con la creaci\u00f3n de P\u00e1gina 10 se pretende abrir un escenario para el dialogo, la reflexi\u00f3n y el debate que se extienda a otras geograf\u00edas de Am\u00e9rica Latina y del planeta, en una apuesta por transformar colectivamente los desaf\u00edos de un mundo contempor\u00e1neo, m\u00e1s all\u00e1 de las fronteras impuestas.\",\"url\":\"https:\/\/pagina10.com\/web\/author\/pdiezadmin\/\"}]}<\/script>\n<!-- \/ Yoast SEO plugin. -->","yoast_head_json":{"title":"\"La riqueza de la democracia depende de esa amplia gama de ideolog\u00edas\u201d, Juan Daniel Pe\u00f1uela | P\u00e1gina10","robots":{"index":"index","follow":"follow","max-snippet":"max-snippet:-1","max-image-preview":"max-image-preview:large","max-video-preview":"max-video-preview:-1"},"canonical":"https:\/\/pagina10.com\/web\/la-riqueza-de-la-democracia-depende-de-esa-amplia-gama-de-ideologias-juan-daniel-penuela\/","og_locale":"es_ES","og_type":"article","og_title":"\"La riqueza de la democracia depende de esa amplia gama de ideolog\u00edas\u201d, Juan Daniel Pe\u00f1uela | P\u00e1gina10","og_description":"Empresarios y Ganadores, Espacios de Poder, brinda la posibilidad de escuchar, dialogar, debatir y conocer historias de personalidades que tienen representaci\u00f3n en el departamento de Nari\u00f1o desde todas las orillas de liderazgo, de emprendimiento y de pol\u00edtica. Una de esas historias es la del reconocido pol\u00edtico y actual diputado conservador del departamento de Nari\u00f1o, Juan [&hellip;]","og_url":"https:\/\/pagina10.com\/web\/la-riqueza-de-la-democracia-depende-de-esa-amplia-gama-de-ideologias-juan-daniel-penuela\/","og_site_name":"P\u00e1gina10","article_publisher":"https:\/\/www.facebook.com\/pag10com","article_published_time":"2021-09-06T02:20:42+00:00","article_modified_time":"2021-09-06T03:10:12+00:00","og_image":[{"width":1359,"height":735,"url":"https:\/\/pagina10.com\/web\/wp-content\/uploads\/2021\/09\/mariale.png","type":"image\/png"}],"author":"P\u00e1gina 10","twitter_card":"summary_large_image","twitter_creator":"@Pag10com","twitter_site":"@Pag10com","twitter_misc":{"Escrito por":"P\u00e1gina 10","Tiempo de lectura":"5 minutos"},"schema":{"@context":"https:\/\/schema.org","@graph":[{"@type":"Article","@id":"https:\/\/pagina10.com\/web\/la-riqueza-de-la-democracia-depende-de-esa-amplia-gama-de-ideologias-juan-daniel-penuela\/#article","isPartOf":{"@id":"https:\/\/pagina10.com\/web\/la-riqueza-de-la-democracia-depende-de-esa-amplia-gama-de-ideologias-juan-daniel-penuela\/"},"author":{"name":"P\u00e1gina 10","@id":"https:\/\/pagina10.com\/web\/#\/schema\/person\/2efc4a090d25b667d3bc796798a3a81b"},"headline":"&#8220;La riqueza de la democracia depende de esa amplia gama de ideolog\u00edas\u201d, Juan Daniel Pe\u00f1uela","datePublished":"2021-09-06T02:20:42+00:00","dateModified":"2021-09-06T03:10:12+00:00","mainEntityOfPage":{"@id":"https:\/\/pagina10.com\/web\/la-riqueza-de-la-democracia-depende-de-esa-amplia-gama-de-ideologias-juan-daniel-penuela\/"},"wordCount":917,"commentCount":0,"publisher":{"@id":"https:\/\/pagina10.com\/web\/#organization"},"image":{"@id":"https:\/\/pagina10.com\/web\/la-riqueza-de-la-democracia-depende-de-esa-amplia-gama-de-ideologias-juan-daniel-penuela\/#primaryimage"},"thumbnailUrl":"https:\/\/pagina10.com\/web\/wp-content\/uploads\/2021\/09\/mariale.png","articleSection":["Nari\u00f1o Actual"],"inLanguage":"es","potentialAction":[{"@type":"CommentAction","name":"Comment","target":["https:\/\/pagina10.com\/web\/la-riqueza-de-la-democracia-depende-de-esa-amplia-gama-de-ideologias-juan-daniel-penuela\/#respond"]}]},{"@type":"WebPage","@id":"https:\/\/pagina10.com\/web\/la-riqueza-de-la-democracia-depende-de-esa-amplia-gama-de-ideologias-juan-daniel-penuela\/","url":"https:\/\/pagina10.com\/web\/la-riqueza-de-la-democracia-depende-de-esa-amplia-gama-de-ideologias-juan-daniel-penuela\/","name":"\"La riqueza de la democracia depende de esa amplia gama de ideolog\u00edas\u201d, Juan Daniel Pe\u00f1uela | P\u00e1gina10","isPartOf":{"@id":"https:\/\/pagina10.com\/web\/#website"},"primaryImageOfPage":{"@id":"https:\/\/pagina10.com\/web\/la-riqueza-de-la-democracia-depende-de-esa-amplia-gama-de-ideologias-juan-daniel-penuela\/#primaryimage"},"image":{"@id":"https:\/\/pagina10.com\/web\/la-riqueza-de-la-democracia-depende-de-esa-amplia-gama-de-ideologias-juan-daniel-penuela\/#primaryimage"},"thumbnailUrl":"https:\/\/pagina10.com\/web\/wp-content\/uploads\/2021\/09\/mariale.png","datePublished":"2021-09-06T02:20:42+00:00","dateModified":"2021-09-06T03:10:12+00:00","breadcrumb":{"@id":"https:\/\/pagina10.com\/web\/la-riqueza-de-la-democracia-depende-de-esa-amplia-gama-de-ideologias-juan-daniel-penuela\/#breadcrumb"},"inLanguage":"es","potentialAction":[{"@type":"ReadAction","target":["https:\/\/pagina10.com\/web\/la-riqueza-de-la-democracia-depende-de-esa-amplia-gama-de-ideologias-juan-daniel-penuela\/"]}]},{"@type":"ImageObject","inLanguage":"es","@id":"https:\/\/pagina10.com\/web\/la-riqueza-de-la-democracia-depende-de-esa-amplia-gama-de-ideologias-juan-daniel-penuela\/#primaryimage","url":"https:\/\/pagina10.com\/web\/wp-content\/uploads\/2021\/09\/mariale.png","contentUrl":"https:\/\/pagina10.com\/web\/wp-content\/uploads\/2021\/09\/mariale.png","width":1359,"height":735},{"@type":"BreadcrumbList","@id":"https:\/\/pagina10.com\/web\/la-riqueza-de-la-democracia-depende-de-esa-amplia-gama-de-ideologias-juan-daniel-penuela\/#breadcrumb","itemListElement":[{"@type":"ListItem","position":1,"name":"Portada","item":"https:\/\/pagina10.com\/web\/"},{"@type":"ListItem","position":2,"name":"&#8220;La riqueza de la democracia depende de esa amplia gama de ideolog\u00edas\u201d, Juan Daniel Pe\u00f1uela"}]},{"@type":"WebSite","@id":"https:\/\/pagina10.com\/web\/#website","url":"https:\/\/pagina10.com\/web\/","name":"P\u00e1gina10","description":"Peri\u00f3dico Regional","publisher":{"@id":"https:\/\/pagina10.com\/web\/#organization"},"alternateName":"P\u00e1gina10 Peri\u00f3dico Regional","potentialAction":[{"@type":"SearchAction","target":{"@type":"EntryPoint","urlTemplate":"https:\/\/pagina10.com\/web\/?s={search_term_string}"},"query-input":{"@type":"PropertyValueSpecification","valueRequired":true,"valueName":"search_term_string"}}],"inLanguage":"es"},{"@type":"Organization","@id":"https:\/\/pagina10.com\/web\/#organization","name":"P\u00e1gina10","alternateName":"P\u00e1gina10 Peri\u00f3dico Regional","url":"https:\/\/pagina10.com\/web\/","logo":{"@type":"ImageObject","inLanguage":"es","@id":"https:\/\/pagina10.com\/web\/#\/schema\/logo\/image\/","url":"https:\/\/pagina10.com\/web\/wp-content\/uploads\/2024\/01\/40-pagina-10-periodico-regional-pasto.jpg","contentUrl":"https:\/\/pagina10.com\/web\/wp-content\/uploads\/2024\/01\/40-pagina-10-periodico-regional-pasto.jpg","width":1280,"height":720,"caption":"P\u00e1gina10"},"image":{"@id":"https:\/\/pagina10.com\/web\/#\/schema\/logo\/image\/"},"sameAs":["https:\/\/www.facebook.com\/pag10com","https:\/\/x.com\/Pag10com","https:\/\/www.instagram.com\/pagina10col\/","https:\/\/youtube.com\/channel\/pag10","https:\/\/www.tiktok.com\/@p10col"]},{"@type":"Person","@id":"https:\/\/pagina10.com\/web\/#\/schema\/person\/2efc4a090d25b667d3bc796798a3a81b","name":"P\u00e1gina 10","description":"P\u00e1gina 10 es un peri\u00f3dico regional que nace en Colombia, en el departamento de Nari\u00f1o, con un enfoque global, fundamentado en cuatro pilares esenciales: la libertad, el pluralismo, la inclusi\u00f3n y la independencia. P\u00e1gina 10 hace referencia a Nari\u00f1o como el d\u00e9cimo departamento creado en Colombia, despu\u00e9s de un proceso pol\u00edtico liderado por actores y actrices regionales con el fin de obtener la independencia y autonom\u00eda de nuestros territorios. Con la creaci\u00f3n de P\u00e1gina 10 se pretende abrir un escenario para el dialogo, la reflexi\u00f3n y el debate que se extienda a otras geograf\u00edas de Am\u00e9rica Latina y del planeta, en una apuesta por transformar colectivamente los desaf\u00edos de un mundo contempor\u00e1neo, m\u00e1s all\u00e1 de las fronteras impuestas.","url":"https:\/\/pagina10.com\/web\/author\/pdiezadmin\/"}]}},"_links":{"self":[{"href":"https:\/\/pagina10.com\/web\/wp-json\/wp\/v2\/posts\/55458","targetHints":{"allow":["GET"]}}],"collection":[{"href":"https:\/\/pagina10.com\/web\/wp-json\/wp\/v2\/posts"}],"about":[{"href":"https:\/\/pagina10.com\/web\/wp-json\/wp\/v2\/types\/post"}],"author":[{"embeddable":true,"href":"https:\/\/pagina10.com\/web\/wp-json\/wp\/v2\/users\/1"}],"replies":[{"embeddable":true,"href":"https:\/\/pagina10.com\/web\/wp-json\/wp\/v2\/comments?post=55458"}],"version-history":[{"count":4,"href":"https:\/\/pagina10.com\/web\/wp-json\/wp\/v2\/posts\/55458\/revisions"}],"predecessor-version":[{"id":55466,"href":"https:\/\/pagina10.com\/web\/wp-json\/wp\/v2\/posts\/55458\/revisions\/55466"}],"wp:featuredmedia":[{"embeddable":true,"href":"https:\/\/pagina10.com\/web\/wp-json\/wp\/v2\/media\/55459"}],"wp:attachment":[{"href":"https:\/\/pagina10.com\/web\/wp-json\/wp\/v2\/media?parent=55458"}],"wp:term":[{"taxonomy":"category","embeddable":true,"href":"https:\/\/pagina10.com\/web\/wp-json\/wp\/v2\/categories?post=55458"},{"taxonomy":"post_tag","embeddable":true,"href":"https:\/\/pagina10.com\/web\/wp-json\/wp\/v2\/tags?post=55458"}],"curies":[{"name":"wp","href":"https:\/\/api.w.org\/{rel}","templated":true}]}}