{"id":55461,"date":"2021-09-05T22:04:26","date_gmt":"2021-09-06T03:04:26","guid":{"rendered":"https:\/\/pagina10.com\/web\/?p=55461"},"modified":"2021-09-05T22:18:22","modified_gmt":"2021-09-06T03:18:22","slug":"coordinan-acciones-para-reactivar-la-economia-y-garantizar-la-seguridaden-el-territorio-narinense","status":"publish","type":"post","link":"https:\/\/pagina10.com\/web\/coordinan-acciones-para-reactivar-la-economia-y-garantizar-la-seguridaden-el-territorio-narinense\/","title":{"rendered":"Coordinan acciones para reactivar la econom\u00eda y garantizar la seguridad del territorio nari\u00f1ense"},"content":{"rendered":"<p style=\"text-align: justify;\">Desde la Administraci\u00f3n Departamental, con el acompa\u00f1amiento de la Polic\u00eda Nacional, se coordinan estrategias para reactivar la econom\u00eda y fortalecer la seguridad en el sector comercial de Nari\u00f1o.<\/p>\n<p style=\"text-align: justify;\"><span style=\"font-weight: 400;\">\u201cHemos atendido el llamado que ha convocado el sector empresarial del municipio de Pasto. Gracias a este trabajo articulado, se crear\u00e1n estrategias que permitir\u00e1n garantizar la seguridad, adem\u00e1s, de ser un ejercicio de r\u00e9plica que se aplique en todo el territorio\u201d, afirm\u00f3 el Gobernador de Nari\u00f1o, Jhon Rojas Cabrera.<\/span><\/p>\n<p style=\"text-align: justify;\"><span style=\"font-weight: 400;\">En este sentido, el di\u00e1logo y la concertaci\u00f3n se han convertido en uno de los pilares m\u00e1s relevantes para reactivar la econom\u00eda y reducir los impactos negativos que ha dejado la pandemia y la inseguridad en el Departamento.<\/span><\/p>\n<p style=\"text-align: justify;\"><span style=\"font-weight: 400;\">\u201cEsta estrategia articulada y de escucha para el sector empresarial, due\u00f1os de locales y establecimientos abiertos al p\u00fablico, nos permite hacer un ejercicio participativo de retroalimentaci\u00f3n; donde el sector comercial atiende nuestras recomendaciones y donde ellos nos dan a conocer sus requerimientos y sugerencias en materia de seguridad\u201d, asegur\u00f3 el Coronel Alfonso Reyes de la Polic\u00eda Metropolitana de Pasto.<\/span><\/p>\n<p style=\"text-align: justify;\"><span style=\"font-weight: 400;\">La seguridad ciudadana se consolida como una condici\u00f3n integral y fundamental para el desarrollo de una sociedad democr\u00e1tica; donde el bienestar y la tranquilidad sean un parte de seguridad para los nari\u00f1enses.<\/span><\/p>\n<p style=\"text-align: justify;\"><span style=\"font-weight: 400;\">\u201cTuvimos la oportunidad de recorrer nuevamente los sitios de frontera, donde evaluamos las complejidades presentadas en materia de inseguridad. Trabajar mancomunadamente y con el mismo prop\u00f3sito, nos permitir\u00e1 garantizar el \u00e9xito en la creaci\u00f3n de estrategias contundentes para mejorar la seguridad en el Departamento\u201d, expres\u00f3 el secretario de Gobierno, Francisco Cer\u00f3n.<\/span><\/p>\n<p style=\"text-align: justify;\">\n","protected":false},"excerpt":{"rendered":"<p>Desde la Administraci\u00f3n Departamental, con el acompa\u00f1amiento de la Polic\u00eda Nacional, se coordinan estrategias para reactivar la econom\u00eda y fortalecer la seguridad en el sector comercial de Nari\u00f1o. \u201cHemos atendido el llamado que ha convocado el sector empresarial del municipio de Pasto. Gracias a este trabajo articulado, se crear\u00e1n estrategias que permitir\u00e1n garantizar la seguridad, [&hellip;]<\/p>\n","protected":false},"author":1,"featured_media":55462,"comment_status":"open","ping_status":"open","sticky":false,"template":"","format":"standard","meta":{"footnotes":""},"categories":[14,53],"tags":[],"class_list":["post-55461","post","type-post","status-publish","format-standard","has-post-thumbnail","hentry","category-narino-actual","category-regiones"],"yoast_head":"<!-- This site is optimized with the Yoast SEO plugin v27.1.1 - https:\/\/yoast.com\/product\/yoast-seo-wordpress\/ -->\n<title>Coordinan acciones para reactivar la econom\u00eda y garantizar la seguridad del territorio nari\u00f1ense | P\u00e1gina10<\/title>\n<meta name=\"robots\" content=\"index, follow, max-snippet:-1, max-image-preview:large, max-video-preview:-1\" \/>\n<link rel=\"canonical\" href=\"https:\/\/pagina10.com\/web\/coordinan-acciones-para-reactivar-la-economia-y-garantizar-la-seguridaden-el-territorio-narinense\/\" \/>\n<meta property=\"og:locale\" content=\"es_ES\" \/>\n<meta property=\"og:type\" content=\"article\" \/>\n<meta property=\"og:title\" content=\"Coordinan acciones para reactivar la econom\u00eda y garantizar la seguridad del territorio nari\u00f1ense | P\u00e1gina10\" \/>\n<meta property=\"og:description\" content=\"Desde la Administraci\u00f3n Departamental, con el acompa\u00f1amiento de la Polic\u00eda Nacional, se coordinan estrategias para reactivar la econom\u00eda y fortalecer la seguridad en el sector comercial de Nari\u00f1o. \u201cHemos atendido el llamado que ha convocado el sector empresarial del municipio de Pasto. Gracias a este trabajo articulado, se crear\u00e1n estrategias que permitir\u00e1n garantizar la seguridad, [&hellip;]\" \/>\n<meta property=\"og:url\" content=\"https:\/\/pagina10.com\/web\/coordinan-acciones-para-reactivar-la-economia-y-garantizar-la-seguridaden-el-territorio-narinense\/\" \/>\n<meta property=\"og:site_name\" content=\"P\u00e1gina10\" \/>\n<meta property=\"article:publisher\" content=\"https:\/\/www.facebook.com\/pag10com\" \/>\n<meta property=\"article:published_time\" content=\"2021-09-06T03:04:26+00:00\" \/>\n<meta property=\"article:modified_time\" content=\"2021-09-06T03:18:22+00:00\" \/>\n<meta property=\"og:image\" content=\"https:\/\/pagina10.com\/web\/wp-content\/uploads\/2021\/09\/mariale-1.jpg\" \/>\n\t<meta property=\"og:image:width\" content=\"980\" \/>\n\t<meta property=\"og:image:height\" content=\"667\" \/>\n\t<meta property=\"og:image:type\" content=\"image\/jpeg\" \/>\n<meta name=\"author\" content=\"P\u00e1gina 10\" \/>\n<meta name=\"twitter:card\" content=\"summary_large_image\" \/>\n<meta name=\"twitter:creator\" content=\"@Pag10com\" \/>\n<meta name=\"twitter:site\" content=\"@Pag10com\" \/>\n<meta name=\"twitter:label1\" content=\"Escrito por\" \/>\n\t<meta name=\"twitter:data1\" content=\"P\u00e1gina 10\" \/>\n\t<meta name=\"twitter:label2\" content=\"Tiempo de lectura\" \/>\n\t<meta name=\"twitter:data2\" content=\"1 minuto\" \/>\n<script type=\"application\/ld+json\" class=\"yoast-schema-graph\">{\"@context\":\"https:\/\/schema.org\",\"@graph\":[{\"@type\":\"Article\",\"@id\":\"https:\/\/pagina10.com\/web\/coordinan-acciones-para-reactivar-la-economia-y-garantizar-la-seguridaden-el-territorio-narinense\/#article\",\"isPartOf\":{\"@id\":\"https:\/\/pagina10.com\/web\/coordinan-acciones-para-reactivar-la-economia-y-garantizar-la-seguridaden-el-territorio-narinense\/\"},\"author\":{\"name\":\"P\u00e1gina 10\",\"@id\":\"https:\/\/pagina10.com\/web\/#\/schema\/person\/2efc4a090d25b667d3bc796798a3a81b\"},\"headline\":\"Coordinan acciones para reactivar la econom\u00eda y garantizar la seguridad del territorio nari\u00f1ense\",\"datePublished\":\"2021-09-06T03:04:26+00:00\",\"dateModified\":\"2021-09-06T03:18:22+00:00\",\"mainEntityOfPage\":{\"@id\":\"https:\/\/pagina10.com\/web\/coordinan-acciones-para-reactivar-la-economia-y-garantizar-la-seguridaden-el-territorio-narinense\/\"},\"wordCount\":296,\"commentCount\":0,\"publisher\":{\"@id\":\"https:\/\/pagina10.com\/web\/#organization\"},\"image\":{\"@id\":\"https:\/\/pagina10.com\/web\/coordinan-acciones-para-reactivar-la-economia-y-garantizar-la-seguridaden-el-territorio-narinense\/#primaryimage\"},\"thumbnailUrl\":\"https:\/\/pagina10.com\/web\/wp-content\/uploads\/2021\/09\/mariale-1.jpg\",\"articleSection\":[\"Nari\u00f1o Actual\",\"Regiones\"],\"inLanguage\":\"es\",\"potentialAction\":[{\"@type\":\"CommentAction\",\"name\":\"Comment\",\"target\":[\"https:\/\/pagina10.com\/web\/coordinan-acciones-para-reactivar-la-economia-y-garantizar-la-seguridaden-el-territorio-narinense\/#respond\"]}]},{\"@type\":\"WebPage\",\"@id\":\"https:\/\/pagina10.com\/web\/coordinan-acciones-para-reactivar-la-economia-y-garantizar-la-seguridaden-el-territorio-narinense\/\",\"url\":\"https:\/\/pagina10.com\/web\/coordinan-acciones-para-reactivar-la-economia-y-garantizar-la-seguridaden-el-territorio-narinense\/\",\"name\":\"Coordinan acciones para reactivar la econom\u00eda y garantizar la seguridad del territorio nari\u00f1ense | P\u00e1gina10\",\"isPartOf\":{\"@id\":\"https:\/\/pagina10.com\/web\/#website\"},\"primaryImageOfPage\":{\"@id\":\"https:\/\/pagina10.com\/web\/coordinan-acciones-para-reactivar-la-economia-y-garantizar-la-seguridaden-el-territorio-narinense\/#primaryimage\"},\"image\":{\"@id\":\"https:\/\/pagina10.com\/web\/coordinan-acciones-para-reactivar-la-economia-y-garantizar-la-seguridaden-el-territorio-narinense\/#primaryimage\"},\"thumbnailUrl\":\"https:\/\/pagina10.com\/web\/wp-content\/uploads\/2021\/09\/mariale-1.jpg\",\"datePublished\":\"2021-09-06T03:04:26+00:00\",\"dateModified\":\"2021-09-06T03:18:22+00:00\",\"breadcrumb\":{\"@id\":\"https:\/\/pagina10.com\/web\/coordinan-acciones-para-reactivar-la-economia-y-garantizar-la-seguridaden-el-territorio-narinense\/#breadcrumb\"},\"inLanguage\":\"es\",\"potentialAction\":[{\"@type\":\"ReadAction\",\"target\":[\"https:\/\/pagina10.com\/web\/coordinan-acciones-para-reactivar-la-economia-y-garantizar-la-seguridaden-el-territorio-narinense\/\"]}]},{\"@type\":\"ImageObject\",\"inLanguage\":\"es\",\"@id\":\"https:\/\/pagina10.com\/web\/coordinan-acciones-para-reactivar-la-economia-y-garantizar-la-seguridaden-el-territorio-narinense\/#primaryimage\",\"url\":\"https:\/\/pagina10.com\/web\/wp-content\/uploads\/2021\/09\/mariale-1.jpg\",\"contentUrl\":\"https:\/\/pagina10.com\/web\/wp-content\/uploads\/2021\/09\/mariale-1.jpg\",\"width\":980,\"height\":667},{\"@type\":\"BreadcrumbList\",\"@id\":\"https:\/\/pagina10.com\/web\/coordinan-acciones-para-reactivar-la-economia-y-garantizar-la-seguridaden-el-territorio-narinense\/#breadcrumb\",\"itemListElement\":[{\"@type\":\"ListItem\",\"position\":1,\"name\":\"Portada\",\"item\":\"https:\/\/pagina10.com\/web\/\"},{\"@type\":\"ListItem\",\"position\":2,\"name\":\"Coordinan acciones para reactivar la econom\u00eda y garantizar la seguridad del territorio nari\u00f1ense\"}]},{\"@type\":\"WebSite\",\"@id\":\"https:\/\/pagina10.com\/web\/#website\",\"url\":\"https:\/\/pagina10.com\/web\/\",\"name\":\"P\u00e1gina10\",\"description\":\"Peri\u00f3dico Regional\",\"publisher\":{\"@id\":\"https:\/\/pagina10.com\/web\/#organization\"},\"alternateName\":\"P\u00e1gina10 Peri\u00f3dico Regional\",\"potentialAction\":[{\"@type\":\"SearchAction\",\"target\":{\"@type\":\"EntryPoint\",\"urlTemplate\":\"https:\/\/pagina10.com\/web\/?s={search_term_string}\"},\"query-input\":{\"@type\":\"PropertyValueSpecification\",\"valueRequired\":true,\"valueName\":\"search_term_string\"}}],\"inLanguage\":\"es\"},{\"@type\":\"Organization\",\"@id\":\"https:\/\/pagina10.com\/web\/#organization\",\"name\":\"P\u00e1gina10\",\"alternateName\":\"P\u00e1gina10 Peri\u00f3dico Regional\",\"url\":\"https:\/\/pagina10.com\/web\/\",\"logo\":{\"@type\":\"ImageObject\",\"inLanguage\":\"es\",\"@id\":\"https:\/\/pagina10.com\/web\/#\/schema\/logo\/image\/\",\"url\":\"https:\/\/pagina10.com\/web\/wp-content\/uploads\/2024\/01\/40-pagina-10-periodico-regional-pasto.jpg\",\"contentUrl\":\"https:\/\/pagina10.com\/web\/wp-content\/uploads\/2024\/01\/40-pagina-10-periodico-regional-pasto.jpg\",\"width\":1280,\"height\":720,\"caption\":\"P\u00e1gina10\"},\"image\":{\"@id\":\"https:\/\/pagina10.com\/web\/#\/schema\/logo\/image\/\"},\"sameAs\":[\"https:\/\/www.facebook.com\/pag10com\",\"https:\/\/x.com\/Pag10com\",\"https:\/\/www.instagram.com\/pagina10col\/\",\"https:\/\/youtube.com\/channel\/pag10\",\"https:\/\/www.tiktok.com\/@p10col\"]},{\"@type\":\"Person\",\"@id\":\"https:\/\/pagina10.com\/web\/#\/schema\/person\/2efc4a090d25b667d3bc796798a3a81b\",\"name\":\"P\u00e1gina 10\",\"description\":\"P\u00e1gina 10 es un peri\u00f3dico regional que nace en Colombia, en el departamento de Nari\u00f1o, con un enfoque global, fundamentado en cuatro pilares esenciales: la libertad, el pluralismo, la inclusi\u00f3n y la independencia. P\u00e1gina 10 hace referencia a Nari\u00f1o como el d\u00e9cimo departamento creado en Colombia, despu\u00e9s de un proceso pol\u00edtico liderado por actores y actrices regionales con el fin de obtener la independencia y autonom\u00eda de nuestros territorios. Con la creaci\u00f3n de P\u00e1gina 10 se pretende abrir un escenario para el dialogo, la reflexi\u00f3n y el debate que se extienda a otras geograf\u00edas de Am\u00e9rica Latina y del planeta, en una apuesta por transformar colectivamente los desaf\u00edos de un mundo contempor\u00e1neo, m\u00e1s all\u00e1 de las fronteras impuestas.\",\"url\":\"https:\/\/pagina10.com\/web\/author\/pdiezadmin\/\"}]}<\/script>\n<!-- \/ Yoast SEO plugin. -->","yoast_head_json":{"title":"Coordinan acciones para reactivar la econom\u00eda y garantizar la seguridad del territorio nari\u00f1ense | P\u00e1gina10","robots":{"index":"index","follow":"follow","max-snippet":"max-snippet:-1","max-image-preview":"max-image-preview:large","max-video-preview":"max-video-preview:-1"},"canonical":"https:\/\/pagina10.com\/web\/coordinan-acciones-para-reactivar-la-economia-y-garantizar-la-seguridaden-el-territorio-narinense\/","og_locale":"es_ES","og_type":"article","og_title":"Coordinan acciones para reactivar la econom\u00eda y garantizar la seguridad del territorio nari\u00f1ense | P\u00e1gina10","og_description":"Desde la Administraci\u00f3n Departamental, con el acompa\u00f1amiento de la Polic\u00eda Nacional, se coordinan estrategias para reactivar la econom\u00eda y fortalecer la seguridad en el sector comercial de Nari\u00f1o. \u201cHemos atendido el llamado que ha convocado el sector empresarial del municipio de Pasto. Gracias a este trabajo articulado, se crear\u00e1n estrategias que permitir\u00e1n garantizar la seguridad, [&hellip;]","og_url":"https:\/\/pagina10.com\/web\/coordinan-acciones-para-reactivar-la-economia-y-garantizar-la-seguridaden-el-territorio-narinense\/","og_site_name":"P\u00e1gina10","article_publisher":"https:\/\/www.facebook.com\/pag10com","article_published_time":"2021-09-06T03:04:26+00:00","article_modified_time":"2021-09-06T03:18:22+00:00","og_image":[{"width":980,"height":667,"url":"https:\/\/pagina10.com\/web\/wp-content\/uploads\/2021\/09\/mariale-1.jpg","type":"image\/jpeg"}],"author":"P\u00e1gina 10","twitter_card":"summary_large_image","twitter_creator":"@Pag10com","twitter_site":"@Pag10com","twitter_misc":{"Escrito por":"P\u00e1gina 10","Tiempo de lectura":"1 minuto"},"schema":{"@context":"https:\/\/schema.org","@graph":[{"@type":"Article","@id":"https:\/\/pagina10.com\/web\/coordinan-acciones-para-reactivar-la-economia-y-garantizar-la-seguridaden-el-territorio-narinense\/#article","isPartOf":{"@id":"https:\/\/pagina10.com\/web\/coordinan-acciones-para-reactivar-la-economia-y-garantizar-la-seguridaden-el-territorio-narinense\/"},"author":{"name":"P\u00e1gina 10","@id":"https:\/\/pagina10.com\/web\/#\/schema\/person\/2efc4a090d25b667d3bc796798a3a81b"},"headline":"Coordinan acciones para reactivar la econom\u00eda y garantizar la seguridad del territorio nari\u00f1ense","datePublished":"2021-09-06T03:04:26+00:00","dateModified":"2021-09-06T03:18:22+00:00","mainEntityOfPage":{"@id":"https:\/\/pagina10.com\/web\/coordinan-acciones-para-reactivar-la-economia-y-garantizar-la-seguridaden-el-territorio-narinense\/"},"wordCount":296,"commentCount":0,"publisher":{"@id":"https:\/\/pagina10.com\/web\/#organization"},"image":{"@id":"https:\/\/pagina10.com\/web\/coordinan-acciones-para-reactivar-la-economia-y-garantizar-la-seguridaden-el-territorio-narinense\/#primaryimage"},"thumbnailUrl":"https:\/\/pagina10.com\/web\/wp-content\/uploads\/2021\/09\/mariale-1.jpg","articleSection":["Nari\u00f1o Actual","Regiones"],"inLanguage":"es","potentialAction":[{"@type":"CommentAction","name":"Comment","target":["https:\/\/pagina10.com\/web\/coordinan-acciones-para-reactivar-la-economia-y-garantizar-la-seguridaden-el-territorio-narinense\/#respond"]}]},{"@type":"WebPage","@id":"https:\/\/pagina10.com\/web\/coordinan-acciones-para-reactivar-la-economia-y-garantizar-la-seguridaden-el-territorio-narinense\/","url":"https:\/\/pagina10.com\/web\/coordinan-acciones-para-reactivar-la-economia-y-garantizar-la-seguridaden-el-territorio-narinense\/","name":"Coordinan acciones para reactivar la econom\u00eda y garantizar la seguridad del territorio nari\u00f1ense | P\u00e1gina10","isPartOf":{"@id":"https:\/\/pagina10.com\/web\/#website"},"primaryImageOfPage":{"@id":"https:\/\/pagina10.com\/web\/coordinan-acciones-para-reactivar-la-economia-y-garantizar-la-seguridaden-el-territorio-narinense\/#primaryimage"},"image":{"@id":"https:\/\/pagina10.com\/web\/coordinan-acciones-para-reactivar-la-economia-y-garantizar-la-seguridaden-el-territorio-narinense\/#primaryimage"},"thumbnailUrl":"https:\/\/pagina10.com\/web\/wp-content\/uploads\/2021\/09\/mariale-1.jpg","datePublished":"2021-09-06T03:04:26+00:00","dateModified":"2021-09-06T03:18:22+00:00","breadcrumb":{"@id":"https:\/\/pagina10.com\/web\/coordinan-acciones-para-reactivar-la-economia-y-garantizar-la-seguridaden-el-territorio-narinense\/#breadcrumb"},"inLanguage":"es","potentialAction":[{"@type":"ReadAction","target":["https:\/\/pagina10.com\/web\/coordinan-acciones-para-reactivar-la-economia-y-garantizar-la-seguridaden-el-territorio-narinense\/"]}]},{"@type":"ImageObject","inLanguage":"es","@id":"https:\/\/pagina10.com\/web\/coordinan-acciones-para-reactivar-la-economia-y-garantizar-la-seguridaden-el-territorio-narinense\/#primaryimage","url":"https:\/\/pagina10.com\/web\/wp-content\/uploads\/2021\/09\/mariale-1.jpg","contentUrl":"https:\/\/pagina10.com\/web\/wp-content\/uploads\/2021\/09\/mariale-1.jpg","width":980,"height":667},{"@type":"BreadcrumbList","@id":"https:\/\/pagina10.com\/web\/coordinan-acciones-para-reactivar-la-economia-y-garantizar-la-seguridaden-el-territorio-narinense\/#breadcrumb","itemListElement":[{"@type":"ListItem","position":1,"name":"Portada","item":"https:\/\/pagina10.com\/web\/"},{"@type":"ListItem","position":2,"name":"Coordinan acciones para reactivar la econom\u00eda y garantizar la seguridad del territorio nari\u00f1ense"}]},{"@type":"WebSite","@id":"https:\/\/pagina10.com\/web\/#website","url":"https:\/\/pagina10.com\/web\/","name":"P\u00e1gina10","description":"Peri\u00f3dico Regional","publisher":{"@id":"https:\/\/pagina10.com\/web\/#organization"},"alternateName":"P\u00e1gina10 Peri\u00f3dico Regional","potentialAction":[{"@type":"SearchAction","target":{"@type":"EntryPoint","urlTemplate":"https:\/\/pagina10.com\/web\/?s={search_term_string}"},"query-input":{"@type":"PropertyValueSpecification","valueRequired":true,"valueName":"search_term_string"}}],"inLanguage":"es"},{"@type":"Organization","@id":"https:\/\/pagina10.com\/web\/#organization","name":"P\u00e1gina10","alternateName":"P\u00e1gina10 Peri\u00f3dico Regional","url":"https:\/\/pagina10.com\/web\/","logo":{"@type":"ImageObject","inLanguage":"es","@id":"https:\/\/pagina10.com\/web\/#\/schema\/logo\/image\/","url":"https:\/\/pagina10.com\/web\/wp-content\/uploads\/2024\/01\/40-pagina-10-periodico-regional-pasto.jpg","contentUrl":"https:\/\/pagina10.com\/web\/wp-content\/uploads\/2024\/01\/40-pagina-10-periodico-regional-pasto.jpg","width":1280,"height":720,"caption":"P\u00e1gina10"},"image":{"@id":"https:\/\/pagina10.com\/web\/#\/schema\/logo\/image\/"},"sameAs":["https:\/\/www.facebook.com\/pag10com","https:\/\/x.com\/Pag10com","https:\/\/www.instagram.com\/pagina10col\/","https:\/\/youtube.com\/channel\/pag10","https:\/\/www.tiktok.com\/@p10col"]},{"@type":"Person","@id":"https:\/\/pagina10.com\/web\/#\/schema\/person\/2efc4a090d25b667d3bc796798a3a81b","name":"P\u00e1gina 10","description":"P\u00e1gina 10 es un peri\u00f3dico regional que nace en Colombia, en el departamento de Nari\u00f1o, con un enfoque global, fundamentado en cuatro pilares esenciales: la libertad, el pluralismo, la inclusi\u00f3n y la independencia. P\u00e1gina 10 hace referencia a Nari\u00f1o como el d\u00e9cimo departamento creado en Colombia, despu\u00e9s de un proceso pol\u00edtico liderado por actores y actrices regionales con el fin de obtener la independencia y autonom\u00eda de nuestros territorios. Con la creaci\u00f3n de P\u00e1gina 10 se pretende abrir un escenario para el dialogo, la reflexi\u00f3n y el debate que se extienda a otras geograf\u00edas de Am\u00e9rica Latina y del planeta, en una apuesta por transformar colectivamente los desaf\u00edos de un mundo contempor\u00e1neo, m\u00e1s all\u00e1 de las fronteras impuestas.","url":"https:\/\/pagina10.com\/web\/author\/pdiezadmin\/"}]}},"_links":{"self":[{"href":"https:\/\/pagina10.com\/web\/wp-json\/wp\/v2\/posts\/55461","targetHints":{"allow":["GET"]}}],"collection":[{"href":"https:\/\/pagina10.com\/web\/wp-json\/wp\/v2\/posts"}],"about":[{"href":"https:\/\/pagina10.com\/web\/wp-json\/wp\/v2\/types\/post"}],"author":[{"embeddable":true,"href":"https:\/\/pagina10.com\/web\/wp-json\/wp\/v2\/users\/1"}],"replies":[{"embeddable":true,"href":"https:\/\/pagina10.com\/web\/wp-json\/wp\/v2\/comments?post=55461"}],"version-history":[{"count":4,"href":"https:\/\/pagina10.com\/web\/wp-json\/wp\/v2\/posts\/55461\/revisions"}],"predecessor-version":[{"id":55469,"href":"https:\/\/pagina10.com\/web\/wp-json\/wp\/v2\/posts\/55461\/revisions\/55469"}],"wp:featuredmedia":[{"embeddable":true,"href":"https:\/\/pagina10.com\/web\/wp-json\/wp\/v2\/media\/55462"}],"wp:attachment":[{"href":"https:\/\/pagina10.com\/web\/wp-json\/wp\/v2\/media?parent=55461"}],"wp:term":[{"taxonomy":"category","embeddable":true,"href":"https:\/\/pagina10.com\/web\/wp-json\/wp\/v2\/categories?post=55461"},{"taxonomy":"post_tag","embeddable":true,"href":"https:\/\/pagina10.com\/web\/wp-json\/wp\/v2\/tags?post=55461"}],"curies":[{"name":"wp","href":"https:\/\/api.w.org\/{rel}","templated":true}]}}