{"id":55472,"date":"2021-09-05T22:24:39","date_gmt":"2021-09-06T03:24:39","guid":{"rendered":"https:\/\/pagina10.com\/web\/?p=55472"},"modified":"2021-09-05T22:24:39","modified_gmt":"2021-09-06T03:24:39","slug":"adultos-mayores-de-yacuanquer-y-consaca-recibieron-atencion-asistencial","status":"publish","type":"post","link":"https:\/\/pagina10.com\/web\/adultos-mayores-de-yacuanquer-y-consaca-recibieron-atencion-asistencial\/","title":{"rendered":"Adultos mayores de Yacuanquer y Consac\u00e1 recibieron atenci\u00f3n asistencial"},"content":{"rendered":"<div class=\"et_pb_module et_pb_text et_pb_text_0  et_pb_text_align_left et_pb_bg_layout_light\">\n<div class=\"et_pb_text_inner\">\n<p style=\"text-align: justify;\">Desde la Gobernaci\u00f3n de Nari\u00f1o, se han implementado acciones para garantizar los derechos de la poblaci\u00f3n adulta mayor, en esta oportunidad se entreg\u00f3 asistencia a poblaci\u00f3n de los municipios de Yacuanquer y Consac\u00e1.<\/p>\n<p style=\"text-align: justify;\"><span style=\"text-transform: initial;\">\u201cSiempre ser\u00e1 de gran ayuda, articular iniciativas que se proyecten para acercar a las comunidades m\u00e1s vulnerables, con los compromisos pactados desde nuestro quehacer misional para las poblaciones que requieren ayuda y atenci\u00f3n\u201d, afirm\u00f3 la Secretaria de Equidad de G\u00e9nero e Inclusi\u00f3n Social de Nari\u00f1o, Ver\u00f3nica Caicedo.<\/span><\/p>\n<\/div>\n<\/div>\n<div class=\"et_pb_module et_pb_text et_pb_text_1  et_pb_text_align_left et_pb_bg_layout_light\">\n<div class=\"et_pb_text_inner\">\n<p style=\"text-align: justify;\">En el evento se hizo entrega de ayudas representadas en ropa y calzado para la poblaci\u00f3n adulta mayor. Cabe destacar que los Centros Vida y de Bienestar est\u00e1n a cargo de cada administraci\u00f3n municipal, y cumplen entre otras funciones, con la prestaci\u00f3n de servicios integrales, psicosociales, actividad f\u00edsica y motriz, adem\u00e1s, de ofrecer alojamiento y un plan especial de nutrici\u00f3n que garantiza la calidad de vida para las personas adultas mayores menos favorecidas.<\/p>\n<p style=\"text-align: justify;\">\u201cNuestro compromiso es trabajar por las poblaciones m\u00e1s vulnerables y en este caso con los adultos mayores, tratando de ser garantes de los derechos de esta poblaci\u00f3n. Estamos comprometidos por su cuidado y seguimos trabajando con la Gobernaci\u00f3n de Nari\u00f1o y el apoyo de la gestora social para garantizar su bienestar\u201d. manifest\u00f3 el alcalde del municipio de Consac\u00e1, Carlos Alberto Jaramillo.<\/p>\n<\/div>\n<\/div>\n","protected":false},"excerpt":{"rendered":"<p>Desde la Gobernaci\u00f3n de Nari\u00f1o, se han implementado acciones para garantizar los derechos de la poblaci\u00f3n adulta mayor, en esta oportunidad se entreg\u00f3 asistencia a poblaci\u00f3n de los municipios de Yacuanquer y Consac\u00e1. \u201cSiempre ser\u00e1 de gran ayuda, articular iniciativas que se proyecten para acercar a las comunidades m\u00e1s vulnerables, con los compromisos pactados desde [&hellip;]<\/p>\n","protected":false},"author":1,"featured_media":55473,"comment_status":"open","ping_status":"open","sticky":false,"template":"","format":"standard","meta":{"footnotes":""},"categories":[14],"tags":[],"class_list":["post-55472","post","type-post","status-publish","format-standard","has-post-thumbnail","hentry","category-narino-actual"],"yoast_head":"<!-- This site is optimized with the Yoast SEO plugin v27.1.1 - https:\/\/yoast.com\/product\/yoast-seo-wordpress\/ -->\n<title>Adultos mayores de Yacuanquer y Consac\u00e1 recibieron atenci\u00f3n asistencial | P\u00e1gina10<\/title>\n<meta name=\"robots\" content=\"index, follow, max-snippet:-1, max-image-preview:large, max-video-preview:-1\" \/>\n<link rel=\"canonical\" href=\"https:\/\/pagina10.com\/web\/adultos-mayores-de-yacuanquer-y-consaca-recibieron-atencion-asistencial\/\" \/>\n<meta property=\"og:locale\" content=\"es_ES\" \/>\n<meta property=\"og:type\" content=\"article\" \/>\n<meta property=\"og:title\" content=\"Adultos mayores de Yacuanquer y Consac\u00e1 recibieron atenci\u00f3n asistencial | P\u00e1gina10\" \/>\n<meta property=\"og:description\" content=\"Desde la Gobernaci\u00f3n de Nari\u00f1o, se han implementado acciones para garantizar los derechos de la poblaci\u00f3n adulta mayor, en esta oportunidad se entreg\u00f3 asistencia a poblaci\u00f3n de los municipios de Yacuanquer y Consac\u00e1. \u201cSiempre ser\u00e1 de gran ayuda, articular iniciativas que se proyecten para acercar a las comunidades m\u00e1s vulnerables, con los compromisos pactados desde [&hellip;]\" \/>\n<meta property=\"og:url\" content=\"https:\/\/pagina10.com\/web\/adultos-mayores-de-yacuanquer-y-consaca-recibieron-atencion-asistencial\/\" \/>\n<meta property=\"og:site_name\" content=\"P\u00e1gina10\" \/>\n<meta property=\"article:publisher\" content=\"https:\/\/www.facebook.com\/pag10com\" \/>\n<meta property=\"article:published_time\" content=\"2021-09-06T03:24:39+00:00\" \/>\n<meta property=\"og:image\" content=\"https:\/\/pagina10.com\/web\/wp-content\/uploads\/2021\/09\/mariale-2.jpg\" \/>\n\t<meta property=\"og:image:width\" content=\"1080\" \/>\n\t<meta property=\"og:image:height\" content=\"675\" \/>\n\t<meta property=\"og:image:type\" content=\"image\/jpeg\" \/>\n<meta name=\"author\" content=\"P\u00e1gina 10\" \/>\n<meta name=\"twitter:card\" content=\"summary_large_image\" \/>\n<meta name=\"twitter:creator\" content=\"@Pag10com\" \/>\n<meta name=\"twitter:site\" content=\"@Pag10com\" \/>\n<meta name=\"twitter:label1\" content=\"Escrito por\" \/>\n\t<meta name=\"twitter:data1\" content=\"P\u00e1gina 10\" \/>\n\t<meta name=\"twitter:label2\" content=\"Tiempo de lectura\" \/>\n\t<meta name=\"twitter:data2\" content=\"1 minuto\" \/>\n<script type=\"application\/ld+json\" class=\"yoast-schema-graph\">{\"@context\":\"https:\/\/schema.org\",\"@graph\":[{\"@type\":\"Article\",\"@id\":\"https:\/\/pagina10.com\/web\/adultos-mayores-de-yacuanquer-y-consaca-recibieron-atencion-asistencial\/#article\",\"isPartOf\":{\"@id\":\"https:\/\/pagina10.com\/web\/adultos-mayores-de-yacuanquer-y-consaca-recibieron-atencion-asistencial\/\"},\"author\":{\"name\":\"P\u00e1gina 10\",\"@id\":\"https:\/\/pagina10.com\/web\/#\/schema\/person\/2efc4a090d25b667d3bc796798a3a81b\"},\"headline\":\"Adultos mayores de Yacuanquer y Consac\u00e1 recibieron atenci\u00f3n asistencial\",\"datePublished\":\"2021-09-06T03:24:39+00:00\",\"mainEntityOfPage\":{\"@id\":\"https:\/\/pagina10.com\/web\/adultos-mayores-de-yacuanquer-y-consaca-recibieron-atencion-asistencial\/\"},\"wordCount\":245,\"commentCount\":0,\"publisher\":{\"@id\":\"https:\/\/pagina10.com\/web\/#organization\"},\"image\":{\"@id\":\"https:\/\/pagina10.com\/web\/adultos-mayores-de-yacuanquer-y-consaca-recibieron-atencion-asistencial\/#primaryimage\"},\"thumbnailUrl\":\"https:\/\/pagina10.com\/web\/wp-content\/uploads\/2021\/09\/mariale-2.jpg\",\"articleSection\":[\"Nari\u00f1o Actual\"],\"inLanguage\":\"es\",\"potentialAction\":[{\"@type\":\"CommentAction\",\"name\":\"Comment\",\"target\":[\"https:\/\/pagina10.com\/web\/adultos-mayores-de-yacuanquer-y-consaca-recibieron-atencion-asistencial\/#respond\"]}]},{\"@type\":\"WebPage\",\"@id\":\"https:\/\/pagina10.com\/web\/adultos-mayores-de-yacuanquer-y-consaca-recibieron-atencion-asistencial\/\",\"url\":\"https:\/\/pagina10.com\/web\/adultos-mayores-de-yacuanquer-y-consaca-recibieron-atencion-asistencial\/\",\"name\":\"Adultos mayores de Yacuanquer y Consac\u00e1 recibieron atenci\u00f3n asistencial | P\u00e1gina10\",\"isPartOf\":{\"@id\":\"https:\/\/pagina10.com\/web\/#website\"},\"primaryImageOfPage\":{\"@id\":\"https:\/\/pagina10.com\/web\/adultos-mayores-de-yacuanquer-y-consaca-recibieron-atencion-asistencial\/#primaryimage\"},\"image\":{\"@id\":\"https:\/\/pagina10.com\/web\/adultos-mayores-de-yacuanquer-y-consaca-recibieron-atencion-asistencial\/#primaryimage\"},\"thumbnailUrl\":\"https:\/\/pagina10.com\/web\/wp-content\/uploads\/2021\/09\/mariale-2.jpg\",\"datePublished\":\"2021-09-06T03:24:39+00:00\",\"breadcrumb\":{\"@id\":\"https:\/\/pagina10.com\/web\/adultos-mayores-de-yacuanquer-y-consaca-recibieron-atencion-asistencial\/#breadcrumb\"},\"inLanguage\":\"es\",\"potentialAction\":[{\"@type\":\"ReadAction\",\"target\":[\"https:\/\/pagina10.com\/web\/adultos-mayores-de-yacuanquer-y-consaca-recibieron-atencion-asistencial\/\"]}]},{\"@type\":\"ImageObject\",\"inLanguage\":\"es\",\"@id\":\"https:\/\/pagina10.com\/web\/adultos-mayores-de-yacuanquer-y-consaca-recibieron-atencion-asistencial\/#primaryimage\",\"url\":\"https:\/\/pagina10.com\/web\/wp-content\/uploads\/2021\/09\/mariale-2.jpg\",\"contentUrl\":\"https:\/\/pagina10.com\/web\/wp-content\/uploads\/2021\/09\/mariale-2.jpg\",\"width\":1080,\"height\":675},{\"@type\":\"BreadcrumbList\",\"@id\":\"https:\/\/pagina10.com\/web\/adultos-mayores-de-yacuanquer-y-consaca-recibieron-atencion-asistencial\/#breadcrumb\",\"itemListElement\":[{\"@type\":\"ListItem\",\"position\":1,\"name\":\"Portada\",\"item\":\"https:\/\/pagina10.com\/web\/\"},{\"@type\":\"ListItem\",\"position\":2,\"name\":\"Adultos mayores de Yacuanquer y Consac\u00e1 recibieron atenci\u00f3n asistencial\"}]},{\"@type\":\"WebSite\",\"@id\":\"https:\/\/pagina10.com\/web\/#website\",\"url\":\"https:\/\/pagina10.com\/web\/\",\"name\":\"P\u00e1gina10\",\"description\":\"Peri\u00f3dico Regional\",\"publisher\":{\"@id\":\"https:\/\/pagina10.com\/web\/#organization\"},\"alternateName\":\"P\u00e1gina10 Peri\u00f3dico Regional\",\"potentialAction\":[{\"@type\":\"SearchAction\",\"target\":{\"@type\":\"EntryPoint\",\"urlTemplate\":\"https:\/\/pagina10.com\/web\/?s={search_term_string}\"},\"query-input\":{\"@type\":\"PropertyValueSpecification\",\"valueRequired\":true,\"valueName\":\"search_term_string\"}}],\"inLanguage\":\"es\"},{\"@type\":\"Organization\",\"@id\":\"https:\/\/pagina10.com\/web\/#organization\",\"name\":\"P\u00e1gina10\",\"alternateName\":\"P\u00e1gina10 Peri\u00f3dico Regional\",\"url\":\"https:\/\/pagina10.com\/web\/\",\"logo\":{\"@type\":\"ImageObject\",\"inLanguage\":\"es\",\"@id\":\"https:\/\/pagina10.com\/web\/#\/schema\/logo\/image\/\",\"url\":\"https:\/\/pagina10.com\/web\/wp-content\/uploads\/2024\/01\/40-pagina-10-periodico-regional-pasto.jpg\",\"contentUrl\":\"https:\/\/pagina10.com\/web\/wp-content\/uploads\/2024\/01\/40-pagina-10-periodico-regional-pasto.jpg\",\"width\":1280,\"height\":720,\"caption\":\"P\u00e1gina10\"},\"image\":{\"@id\":\"https:\/\/pagina10.com\/web\/#\/schema\/logo\/image\/\"},\"sameAs\":[\"https:\/\/www.facebook.com\/pag10com\",\"https:\/\/x.com\/Pag10com\",\"https:\/\/www.instagram.com\/pagina10col\/\",\"https:\/\/youtube.com\/channel\/pag10\",\"https:\/\/www.tiktok.com\/@p10col\"]},{\"@type\":\"Person\",\"@id\":\"https:\/\/pagina10.com\/web\/#\/schema\/person\/2efc4a090d25b667d3bc796798a3a81b\",\"name\":\"P\u00e1gina 10\",\"description\":\"P\u00e1gina 10 es un peri\u00f3dico regional que nace en Colombia, en el departamento de Nari\u00f1o, con un enfoque global, fundamentado en cuatro pilares esenciales: la libertad, el pluralismo, la inclusi\u00f3n y la independencia. P\u00e1gina 10 hace referencia a Nari\u00f1o como el d\u00e9cimo departamento creado en Colombia, despu\u00e9s de un proceso pol\u00edtico liderado por actores y actrices regionales con el fin de obtener la independencia y autonom\u00eda de nuestros territorios. Con la creaci\u00f3n de P\u00e1gina 10 se pretende abrir un escenario para el dialogo, la reflexi\u00f3n y el debate que se extienda a otras geograf\u00edas de Am\u00e9rica Latina y del planeta, en una apuesta por transformar colectivamente los desaf\u00edos de un mundo contempor\u00e1neo, m\u00e1s all\u00e1 de las fronteras impuestas.\",\"url\":\"https:\/\/pagina10.com\/web\/author\/pdiezadmin\/\"}]}<\/script>\n<!-- \/ Yoast SEO plugin. -->","yoast_head_json":{"title":"Adultos mayores de Yacuanquer y Consac\u00e1 recibieron atenci\u00f3n asistencial | P\u00e1gina10","robots":{"index":"index","follow":"follow","max-snippet":"max-snippet:-1","max-image-preview":"max-image-preview:large","max-video-preview":"max-video-preview:-1"},"canonical":"https:\/\/pagina10.com\/web\/adultos-mayores-de-yacuanquer-y-consaca-recibieron-atencion-asistencial\/","og_locale":"es_ES","og_type":"article","og_title":"Adultos mayores de Yacuanquer y Consac\u00e1 recibieron atenci\u00f3n asistencial | P\u00e1gina10","og_description":"Desde la Gobernaci\u00f3n de Nari\u00f1o, se han implementado acciones para garantizar los derechos de la poblaci\u00f3n adulta mayor, en esta oportunidad se entreg\u00f3 asistencia a poblaci\u00f3n de los municipios de Yacuanquer y Consac\u00e1. \u201cSiempre ser\u00e1 de gran ayuda, articular iniciativas que se proyecten para acercar a las comunidades m\u00e1s vulnerables, con los compromisos pactados desde [&hellip;]","og_url":"https:\/\/pagina10.com\/web\/adultos-mayores-de-yacuanquer-y-consaca-recibieron-atencion-asistencial\/","og_site_name":"P\u00e1gina10","article_publisher":"https:\/\/www.facebook.com\/pag10com","article_published_time":"2021-09-06T03:24:39+00:00","og_image":[{"width":1080,"height":675,"url":"https:\/\/pagina10.com\/web\/wp-content\/uploads\/2021\/09\/mariale-2.jpg","type":"image\/jpeg"}],"author":"P\u00e1gina 10","twitter_card":"summary_large_image","twitter_creator":"@Pag10com","twitter_site":"@Pag10com","twitter_misc":{"Escrito por":"P\u00e1gina 10","Tiempo de lectura":"1 minuto"},"schema":{"@context":"https:\/\/schema.org","@graph":[{"@type":"Article","@id":"https:\/\/pagina10.com\/web\/adultos-mayores-de-yacuanquer-y-consaca-recibieron-atencion-asistencial\/#article","isPartOf":{"@id":"https:\/\/pagina10.com\/web\/adultos-mayores-de-yacuanquer-y-consaca-recibieron-atencion-asistencial\/"},"author":{"name":"P\u00e1gina 10","@id":"https:\/\/pagina10.com\/web\/#\/schema\/person\/2efc4a090d25b667d3bc796798a3a81b"},"headline":"Adultos mayores de Yacuanquer y Consac\u00e1 recibieron atenci\u00f3n asistencial","datePublished":"2021-09-06T03:24:39+00:00","mainEntityOfPage":{"@id":"https:\/\/pagina10.com\/web\/adultos-mayores-de-yacuanquer-y-consaca-recibieron-atencion-asistencial\/"},"wordCount":245,"commentCount":0,"publisher":{"@id":"https:\/\/pagina10.com\/web\/#organization"},"image":{"@id":"https:\/\/pagina10.com\/web\/adultos-mayores-de-yacuanquer-y-consaca-recibieron-atencion-asistencial\/#primaryimage"},"thumbnailUrl":"https:\/\/pagina10.com\/web\/wp-content\/uploads\/2021\/09\/mariale-2.jpg","articleSection":["Nari\u00f1o Actual"],"inLanguage":"es","potentialAction":[{"@type":"CommentAction","name":"Comment","target":["https:\/\/pagina10.com\/web\/adultos-mayores-de-yacuanquer-y-consaca-recibieron-atencion-asistencial\/#respond"]}]},{"@type":"WebPage","@id":"https:\/\/pagina10.com\/web\/adultos-mayores-de-yacuanquer-y-consaca-recibieron-atencion-asistencial\/","url":"https:\/\/pagina10.com\/web\/adultos-mayores-de-yacuanquer-y-consaca-recibieron-atencion-asistencial\/","name":"Adultos mayores de Yacuanquer y Consac\u00e1 recibieron atenci\u00f3n asistencial | P\u00e1gina10","isPartOf":{"@id":"https:\/\/pagina10.com\/web\/#website"},"primaryImageOfPage":{"@id":"https:\/\/pagina10.com\/web\/adultos-mayores-de-yacuanquer-y-consaca-recibieron-atencion-asistencial\/#primaryimage"},"image":{"@id":"https:\/\/pagina10.com\/web\/adultos-mayores-de-yacuanquer-y-consaca-recibieron-atencion-asistencial\/#primaryimage"},"thumbnailUrl":"https:\/\/pagina10.com\/web\/wp-content\/uploads\/2021\/09\/mariale-2.jpg","datePublished":"2021-09-06T03:24:39+00:00","breadcrumb":{"@id":"https:\/\/pagina10.com\/web\/adultos-mayores-de-yacuanquer-y-consaca-recibieron-atencion-asistencial\/#breadcrumb"},"inLanguage":"es","potentialAction":[{"@type":"ReadAction","target":["https:\/\/pagina10.com\/web\/adultos-mayores-de-yacuanquer-y-consaca-recibieron-atencion-asistencial\/"]}]},{"@type":"ImageObject","inLanguage":"es","@id":"https:\/\/pagina10.com\/web\/adultos-mayores-de-yacuanquer-y-consaca-recibieron-atencion-asistencial\/#primaryimage","url":"https:\/\/pagina10.com\/web\/wp-content\/uploads\/2021\/09\/mariale-2.jpg","contentUrl":"https:\/\/pagina10.com\/web\/wp-content\/uploads\/2021\/09\/mariale-2.jpg","width":1080,"height":675},{"@type":"BreadcrumbList","@id":"https:\/\/pagina10.com\/web\/adultos-mayores-de-yacuanquer-y-consaca-recibieron-atencion-asistencial\/#breadcrumb","itemListElement":[{"@type":"ListItem","position":1,"name":"Portada","item":"https:\/\/pagina10.com\/web\/"},{"@type":"ListItem","position":2,"name":"Adultos mayores de Yacuanquer y Consac\u00e1 recibieron atenci\u00f3n asistencial"}]},{"@type":"WebSite","@id":"https:\/\/pagina10.com\/web\/#website","url":"https:\/\/pagina10.com\/web\/","name":"P\u00e1gina10","description":"Peri\u00f3dico Regional","publisher":{"@id":"https:\/\/pagina10.com\/web\/#organization"},"alternateName":"P\u00e1gina10 Peri\u00f3dico Regional","potentialAction":[{"@type":"SearchAction","target":{"@type":"EntryPoint","urlTemplate":"https:\/\/pagina10.com\/web\/?s={search_term_string}"},"query-input":{"@type":"PropertyValueSpecification","valueRequired":true,"valueName":"search_term_string"}}],"inLanguage":"es"},{"@type":"Organization","@id":"https:\/\/pagina10.com\/web\/#organization","name":"P\u00e1gina10","alternateName":"P\u00e1gina10 Peri\u00f3dico Regional","url":"https:\/\/pagina10.com\/web\/","logo":{"@type":"ImageObject","inLanguage":"es","@id":"https:\/\/pagina10.com\/web\/#\/schema\/logo\/image\/","url":"https:\/\/pagina10.com\/web\/wp-content\/uploads\/2024\/01\/40-pagina-10-periodico-regional-pasto.jpg","contentUrl":"https:\/\/pagina10.com\/web\/wp-content\/uploads\/2024\/01\/40-pagina-10-periodico-regional-pasto.jpg","width":1280,"height":720,"caption":"P\u00e1gina10"},"image":{"@id":"https:\/\/pagina10.com\/web\/#\/schema\/logo\/image\/"},"sameAs":["https:\/\/www.facebook.com\/pag10com","https:\/\/x.com\/Pag10com","https:\/\/www.instagram.com\/pagina10col\/","https:\/\/youtube.com\/channel\/pag10","https:\/\/www.tiktok.com\/@p10col"]},{"@type":"Person","@id":"https:\/\/pagina10.com\/web\/#\/schema\/person\/2efc4a090d25b667d3bc796798a3a81b","name":"P\u00e1gina 10","description":"P\u00e1gina 10 es un peri\u00f3dico regional que nace en Colombia, en el departamento de Nari\u00f1o, con un enfoque global, fundamentado en cuatro pilares esenciales: la libertad, el pluralismo, la inclusi\u00f3n y la independencia. P\u00e1gina 10 hace referencia a Nari\u00f1o como el d\u00e9cimo departamento creado en Colombia, despu\u00e9s de un proceso pol\u00edtico liderado por actores y actrices regionales con el fin de obtener la independencia y autonom\u00eda de nuestros territorios. Con la creaci\u00f3n de P\u00e1gina 10 se pretende abrir un escenario para el dialogo, la reflexi\u00f3n y el debate que se extienda a otras geograf\u00edas de Am\u00e9rica Latina y del planeta, en una apuesta por transformar colectivamente los desaf\u00edos de un mundo contempor\u00e1neo, m\u00e1s all\u00e1 de las fronteras impuestas.","url":"https:\/\/pagina10.com\/web\/author\/pdiezadmin\/"}]}},"_links":{"self":[{"href":"https:\/\/pagina10.com\/web\/wp-json\/wp\/v2\/posts\/55472","targetHints":{"allow":["GET"]}}],"collection":[{"href":"https:\/\/pagina10.com\/web\/wp-json\/wp\/v2\/posts"}],"about":[{"href":"https:\/\/pagina10.com\/web\/wp-json\/wp\/v2\/types\/post"}],"author":[{"embeddable":true,"href":"https:\/\/pagina10.com\/web\/wp-json\/wp\/v2\/users\/1"}],"replies":[{"embeddable":true,"href":"https:\/\/pagina10.com\/web\/wp-json\/wp\/v2\/comments?post=55472"}],"version-history":[{"count":1,"href":"https:\/\/pagina10.com\/web\/wp-json\/wp\/v2\/posts\/55472\/revisions"}],"predecessor-version":[{"id":55474,"href":"https:\/\/pagina10.com\/web\/wp-json\/wp\/v2\/posts\/55472\/revisions\/55474"}],"wp:featuredmedia":[{"embeddable":true,"href":"https:\/\/pagina10.com\/web\/wp-json\/wp\/v2\/media\/55473"}],"wp:attachment":[{"href":"https:\/\/pagina10.com\/web\/wp-json\/wp\/v2\/media?parent=55472"}],"wp:term":[{"taxonomy":"category","embeddable":true,"href":"https:\/\/pagina10.com\/web\/wp-json\/wp\/v2\/categories?post=55472"},{"taxonomy":"post_tag","embeddable":true,"href":"https:\/\/pagina10.com\/web\/wp-json\/wp\/v2\/tags?post=55472"}],"curies":[{"name":"wp","href":"https:\/\/api.w.org\/{rel}","templated":true}]}}