{"id":55522,"date":"2021-09-07T19:31:31","date_gmt":"2021-09-08T00:31:31","guid":{"rendered":"https:\/\/pagina10.com\/web\/?p=55522"},"modified":"2021-09-07T19:31:31","modified_gmt":"2021-09-08T00:31:31","slug":"recuperan-tres-bicicletas-de-alta-gama-que-fueron-hurtadas-en-pasto","status":"publish","type":"post","link":"https:\/\/pagina10.com\/web\/recuperan-tres-bicicletas-de-alta-gama-que-fueron-hurtadas-en-pasto\/","title":{"rendered":"Recuperan tres bicicletas de alta gama que fueron hurtadas en Pasto"},"content":{"rendered":"<p style=\"text-align: justify;\">En rueda de prensa el secretario de Gobierno de Pasto, Carlos Bastidas, acompa\u00f1ado del comandante de la Polic\u00eda Metropolitana, Coronel Jos\u00e9 Arturo S\u00e1nchez, hizo la entrega formal de tres bicicletas de alta gama avaluadas en aproximadamente 37 millones de pesos, las cuales fueron hurtadas a deportistas del Valle del Cauca.<\/p>\n<p style=\"text-align: justify;\">Daniel Morillo, uno de los afectados, agradeci\u00f3 a todas las personas que se vincularon en la investigaci\u00f3n y b\u00fasqueda de los veh\u00edculos y destac\u00f3 la labor adelantada por las autoridades en coordinaci\u00f3n con la Alcald\u00eda Municipal.<\/p>\n<p style=\"text-align: justify;\">\u201cEsta es una satisfacci\u00f3n y una alegr\u00eda muy grande saber que recuperamos estos implementos para poder seguir con nuestras actividades competitivas. Sabemos que en cualquier parte podemos ser v\u00edctimas de la inseguridad, pero cuando las autoridades act\u00faan nos devuelven la confianza en ellas\u201d, precis\u00f3.<\/p>\n<p style=\"text-align: justify;\">El secretario de Gobierno indic\u00f3 que este importante resultado de la Polic\u00eda Nacional y su componente Sijin, fortalece la seguridad del municipio. Con estos logros se demuestra la efectividad del trabajo articulado entre la Administraci\u00f3n y la Fuerza P\u00fablica.<\/p>\n<p style=\"text-align: justify;\">Finalmente, destac\u00f3 el fortalecimiento de los operativos de control que se realizan en toda la capital nari\u00f1ense y se\u00f1al\u00f3 que, es importante que la comunidad denuncie a los delincuentes, por ello y como parte de la estrategia se aument\u00f3 el rubro de recompensas.<\/p>\n","protected":false},"excerpt":{"rendered":"<p>En rueda de prensa el secretario de Gobierno de Pasto, Carlos Bastidas, acompa\u00f1ado del comandante de la Polic\u00eda Metropolitana, Coronel Jos\u00e9 Arturo S\u00e1nchez, hizo la entrega formal de tres bicicletas de alta gama avaluadas en aproximadamente 37 millones de pesos, las cuales fueron hurtadas a deportistas del Valle del Cauca. Daniel Morillo, uno de los [&hellip;]<\/p>\n","protected":false},"author":1,"featured_media":55523,"comment_status":"open","ping_status":"open","sticky":false,"template":"","format":"standard","meta":{"footnotes":""},"categories":[14],"tags":[],"class_list":["post-55522","post","type-post","status-publish","format-standard","has-post-thumbnail","hentry","category-narino-actual"],"yoast_head":"<!-- This site is optimized with the Yoast SEO plugin v27.1.1 - https:\/\/yoast.com\/product\/yoast-seo-wordpress\/ -->\n<title>Recuperan tres bicicletas de alta gama que fueron hurtadas en Pasto | P\u00e1gina10<\/title>\n<meta name=\"robots\" content=\"index, follow, max-snippet:-1, max-image-preview:large, max-video-preview:-1\" \/>\n<link rel=\"canonical\" href=\"https:\/\/pagina10.com\/web\/recuperan-tres-bicicletas-de-alta-gama-que-fueron-hurtadas-en-pasto\/\" \/>\n<meta property=\"og:locale\" content=\"es_ES\" \/>\n<meta property=\"og:type\" content=\"article\" \/>\n<meta property=\"og:title\" content=\"Recuperan tres bicicletas de alta gama que fueron hurtadas en Pasto | P\u00e1gina10\" \/>\n<meta property=\"og:description\" content=\"En rueda de prensa el secretario de Gobierno de Pasto, Carlos Bastidas, acompa\u00f1ado del comandante de la Polic\u00eda Metropolitana, Coronel Jos\u00e9 Arturo S\u00e1nchez, hizo la entrega formal de tres bicicletas de alta gama avaluadas en aproximadamente 37 millones de pesos, las cuales fueron hurtadas a deportistas del Valle del Cauca. Daniel Morillo, uno de los [&hellip;]\" \/>\n<meta property=\"og:url\" content=\"https:\/\/pagina10.com\/web\/recuperan-tres-bicicletas-de-alta-gama-que-fueron-hurtadas-en-pasto\/\" \/>\n<meta property=\"og:site_name\" content=\"P\u00e1gina10\" \/>\n<meta property=\"article:publisher\" content=\"https:\/\/www.facebook.com\/pag10com\" \/>\n<meta property=\"article:published_time\" content=\"2021-09-08T00:31:31+00:00\" \/>\n<meta property=\"og:image\" content=\"https:\/\/pagina10.com\/web\/wp-content\/uploads\/2021\/09\/mariale-7.jpg\" \/>\n\t<meta property=\"og:image:width\" content=\"700\" \/>\n\t<meta property=\"og:image:height\" content=\"350\" \/>\n\t<meta property=\"og:image:type\" content=\"image\/jpeg\" \/>\n<meta name=\"author\" content=\"P\u00e1gina 10\" \/>\n<meta name=\"twitter:card\" content=\"summary_large_image\" \/>\n<meta name=\"twitter:creator\" content=\"@Pag10com\" \/>\n<meta name=\"twitter:site\" content=\"@Pag10com\" \/>\n<meta name=\"twitter:label1\" content=\"Escrito por\" \/>\n\t<meta name=\"twitter:data1\" content=\"P\u00e1gina 10\" \/>\n\t<meta name=\"twitter:label2\" content=\"Tiempo de lectura\" \/>\n\t<meta name=\"twitter:data2\" content=\"1 minuto\" \/>\n<script type=\"application\/ld+json\" class=\"yoast-schema-graph\">{\"@context\":\"https:\/\/schema.org\",\"@graph\":[{\"@type\":\"Article\",\"@id\":\"https:\/\/pagina10.com\/web\/recuperan-tres-bicicletas-de-alta-gama-que-fueron-hurtadas-en-pasto\/#article\",\"isPartOf\":{\"@id\":\"https:\/\/pagina10.com\/web\/recuperan-tres-bicicletas-de-alta-gama-que-fueron-hurtadas-en-pasto\/\"},\"author\":{\"name\":\"P\u00e1gina 10\",\"@id\":\"https:\/\/pagina10.com\/web\/#\/schema\/person\/2efc4a090d25b667d3bc796798a3a81b\"},\"headline\":\"Recuperan tres bicicletas de alta gama que fueron hurtadas en Pasto\",\"datePublished\":\"2021-09-08T00:31:31+00:00\",\"mainEntityOfPage\":{\"@id\":\"https:\/\/pagina10.com\/web\/recuperan-tres-bicicletas-de-alta-gama-que-fueron-hurtadas-en-pasto\/\"},\"wordCount\":239,\"commentCount\":0,\"publisher\":{\"@id\":\"https:\/\/pagina10.com\/web\/#organization\"},\"image\":{\"@id\":\"https:\/\/pagina10.com\/web\/recuperan-tres-bicicletas-de-alta-gama-que-fueron-hurtadas-en-pasto\/#primaryimage\"},\"thumbnailUrl\":\"https:\/\/pagina10.com\/web\/wp-content\/uploads\/2021\/09\/mariale-7.jpg\",\"articleSection\":[\"Nari\u00f1o Actual\"],\"inLanguage\":\"es\",\"potentialAction\":[{\"@type\":\"CommentAction\",\"name\":\"Comment\",\"target\":[\"https:\/\/pagina10.com\/web\/recuperan-tres-bicicletas-de-alta-gama-que-fueron-hurtadas-en-pasto\/#respond\"]}]},{\"@type\":\"WebPage\",\"@id\":\"https:\/\/pagina10.com\/web\/recuperan-tres-bicicletas-de-alta-gama-que-fueron-hurtadas-en-pasto\/\",\"url\":\"https:\/\/pagina10.com\/web\/recuperan-tres-bicicletas-de-alta-gama-que-fueron-hurtadas-en-pasto\/\",\"name\":\"Recuperan tres bicicletas de alta gama que fueron hurtadas en Pasto | P\u00e1gina10\",\"isPartOf\":{\"@id\":\"https:\/\/pagina10.com\/web\/#website\"},\"primaryImageOfPage\":{\"@id\":\"https:\/\/pagina10.com\/web\/recuperan-tres-bicicletas-de-alta-gama-que-fueron-hurtadas-en-pasto\/#primaryimage\"},\"image\":{\"@id\":\"https:\/\/pagina10.com\/web\/recuperan-tres-bicicletas-de-alta-gama-que-fueron-hurtadas-en-pasto\/#primaryimage\"},\"thumbnailUrl\":\"https:\/\/pagina10.com\/web\/wp-content\/uploads\/2021\/09\/mariale-7.jpg\",\"datePublished\":\"2021-09-08T00:31:31+00:00\",\"breadcrumb\":{\"@id\":\"https:\/\/pagina10.com\/web\/recuperan-tres-bicicletas-de-alta-gama-que-fueron-hurtadas-en-pasto\/#breadcrumb\"},\"inLanguage\":\"es\",\"potentialAction\":[{\"@type\":\"ReadAction\",\"target\":[\"https:\/\/pagina10.com\/web\/recuperan-tres-bicicletas-de-alta-gama-que-fueron-hurtadas-en-pasto\/\"]}]},{\"@type\":\"ImageObject\",\"inLanguage\":\"es\",\"@id\":\"https:\/\/pagina10.com\/web\/recuperan-tres-bicicletas-de-alta-gama-que-fueron-hurtadas-en-pasto\/#primaryimage\",\"url\":\"https:\/\/pagina10.com\/web\/wp-content\/uploads\/2021\/09\/mariale-7.jpg\",\"contentUrl\":\"https:\/\/pagina10.com\/web\/wp-content\/uploads\/2021\/09\/mariale-7.jpg\",\"width\":700,\"height\":350},{\"@type\":\"BreadcrumbList\",\"@id\":\"https:\/\/pagina10.com\/web\/recuperan-tres-bicicletas-de-alta-gama-que-fueron-hurtadas-en-pasto\/#breadcrumb\",\"itemListElement\":[{\"@type\":\"ListItem\",\"position\":1,\"name\":\"Portada\",\"item\":\"https:\/\/pagina10.com\/web\/\"},{\"@type\":\"ListItem\",\"position\":2,\"name\":\"Recuperan tres bicicletas de alta gama que fueron hurtadas en Pasto\"}]},{\"@type\":\"WebSite\",\"@id\":\"https:\/\/pagina10.com\/web\/#website\",\"url\":\"https:\/\/pagina10.com\/web\/\",\"name\":\"P\u00e1gina10\",\"description\":\"Peri\u00f3dico Regional\",\"publisher\":{\"@id\":\"https:\/\/pagina10.com\/web\/#organization\"},\"alternateName\":\"P\u00e1gina10 Peri\u00f3dico Regional\",\"potentialAction\":[{\"@type\":\"SearchAction\",\"target\":{\"@type\":\"EntryPoint\",\"urlTemplate\":\"https:\/\/pagina10.com\/web\/?s={search_term_string}\"},\"query-input\":{\"@type\":\"PropertyValueSpecification\",\"valueRequired\":true,\"valueName\":\"search_term_string\"}}],\"inLanguage\":\"es\"},{\"@type\":\"Organization\",\"@id\":\"https:\/\/pagina10.com\/web\/#organization\",\"name\":\"P\u00e1gina10\",\"alternateName\":\"P\u00e1gina10 Peri\u00f3dico Regional\",\"url\":\"https:\/\/pagina10.com\/web\/\",\"logo\":{\"@type\":\"ImageObject\",\"inLanguage\":\"es\",\"@id\":\"https:\/\/pagina10.com\/web\/#\/schema\/logo\/image\/\",\"url\":\"https:\/\/pagina10.com\/web\/wp-content\/uploads\/2024\/01\/40-pagina-10-periodico-regional-pasto.jpg\",\"contentUrl\":\"https:\/\/pagina10.com\/web\/wp-content\/uploads\/2024\/01\/40-pagina-10-periodico-regional-pasto.jpg\",\"width\":1280,\"height\":720,\"caption\":\"P\u00e1gina10\"},\"image\":{\"@id\":\"https:\/\/pagina10.com\/web\/#\/schema\/logo\/image\/\"},\"sameAs\":[\"https:\/\/www.facebook.com\/pag10com\",\"https:\/\/x.com\/Pag10com\",\"https:\/\/www.instagram.com\/pagina10col\/\",\"https:\/\/youtube.com\/channel\/pag10\",\"https:\/\/www.tiktok.com\/@p10col\"]},{\"@type\":\"Person\",\"@id\":\"https:\/\/pagina10.com\/web\/#\/schema\/person\/2efc4a090d25b667d3bc796798a3a81b\",\"name\":\"P\u00e1gina 10\",\"description\":\"P\u00e1gina 10 es un peri\u00f3dico regional que nace en Colombia, en el departamento de Nari\u00f1o, con un enfoque global, fundamentado en cuatro pilares esenciales: la libertad, el pluralismo, la inclusi\u00f3n y la independencia. P\u00e1gina 10 hace referencia a Nari\u00f1o como el d\u00e9cimo departamento creado en Colombia, despu\u00e9s de un proceso pol\u00edtico liderado por actores y actrices regionales con el fin de obtener la independencia y autonom\u00eda de nuestros territorios. Con la creaci\u00f3n de P\u00e1gina 10 se pretende abrir un escenario para el dialogo, la reflexi\u00f3n y el debate que se extienda a otras geograf\u00edas de Am\u00e9rica Latina y del planeta, en una apuesta por transformar colectivamente los desaf\u00edos de un mundo contempor\u00e1neo, m\u00e1s all\u00e1 de las fronteras impuestas.\",\"url\":\"https:\/\/pagina10.com\/web\/author\/pdiezadmin\/\"}]}<\/script>\n<!-- \/ Yoast SEO plugin. -->","yoast_head_json":{"title":"Recuperan tres bicicletas de alta gama que fueron hurtadas en Pasto | P\u00e1gina10","robots":{"index":"index","follow":"follow","max-snippet":"max-snippet:-1","max-image-preview":"max-image-preview:large","max-video-preview":"max-video-preview:-1"},"canonical":"https:\/\/pagina10.com\/web\/recuperan-tres-bicicletas-de-alta-gama-que-fueron-hurtadas-en-pasto\/","og_locale":"es_ES","og_type":"article","og_title":"Recuperan tres bicicletas de alta gama que fueron hurtadas en Pasto | P\u00e1gina10","og_description":"En rueda de prensa el secretario de Gobierno de Pasto, Carlos Bastidas, acompa\u00f1ado del comandante de la Polic\u00eda Metropolitana, Coronel Jos\u00e9 Arturo S\u00e1nchez, hizo la entrega formal de tres bicicletas de alta gama avaluadas en aproximadamente 37 millones de pesos, las cuales fueron hurtadas a deportistas del Valle del Cauca. Daniel Morillo, uno de los [&hellip;]","og_url":"https:\/\/pagina10.com\/web\/recuperan-tres-bicicletas-de-alta-gama-que-fueron-hurtadas-en-pasto\/","og_site_name":"P\u00e1gina10","article_publisher":"https:\/\/www.facebook.com\/pag10com","article_published_time":"2021-09-08T00:31:31+00:00","og_image":[{"width":700,"height":350,"url":"https:\/\/pagina10.com\/web\/wp-content\/uploads\/2021\/09\/mariale-7.jpg","type":"image\/jpeg"}],"author":"P\u00e1gina 10","twitter_card":"summary_large_image","twitter_creator":"@Pag10com","twitter_site":"@Pag10com","twitter_misc":{"Escrito por":"P\u00e1gina 10","Tiempo de lectura":"1 minuto"},"schema":{"@context":"https:\/\/schema.org","@graph":[{"@type":"Article","@id":"https:\/\/pagina10.com\/web\/recuperan-tres-bicicletas-de-alta-gama-que-fueron-hurtadas-en-pasto\/#article","isPartOf":{"@id":"https:\/\/pagina10.com\/web\/recuperan-tres-bicicletas-de-alta-gama-que-fueron-hurtadas-en-pasto\/"},"author":{"name":"P\u00e1gina 10","@id":"https:\/\/pagina10.com\/web\/#\/schema\/person\/2efc4a090d25b667d3bc796798a3a81b"},"headline":"Recuperan tres bicicletas de alta gama que fueron hurtadas en Pasto","datePublished":"2021-09-08T00:31:31+00:00","mainEntityOfPage":{"@id":"https:\/\/pagina10.com\/web\/recuperan-tres-bicicletas-de-alta-gama-que-fueron-hurtadas-en-pasto\/"},"wordCount":239,"commentCount":0,"publisher":{"@id":"https:\/\/pagina10.com\/web\/#organization"},"image":{"@id":"https:\/\/pagina10.com\/web\/recuperan-tres-bicicletas-de-alta-gama-que-fueron-hurtadas-en-pasto\/#primaryimage"},"thumbnailUrl":"https:\/\/pagina10.com\/web\/wp-content\/uploads\/2021\/09\/mariale-7.jpg","articleSection":["Nari\u00f1o Actual"],"inLanguage":"es","potentialAction":[{"@type":"CommentAction","name":"Comment","target":["https:\/\/pagina10.com\/web\/recuperan-tres-bicicletas-de-alta-gama-que-fueron-hurtadas-en-pasto\/#respond"]}]},{"@type":"WebPage","@id":"https:\/\/pagina10.com\/web\/recuperan-tres-bicicletas-de-alta-gama-que-fueron-hurtadas-en-pasto\/","url":"https:\/\/pagina10.com\/web\/recuperan-tres-bicicletas-de-alta-gama-que-fueron-hurtadas-en-pasto\/","name":"Recuperan tres bicicletas de alta gama que fueron hurtadas en Pasto | P\u00e1gina10","isPartOf":{"@id":"https:\/\/pagina10.com\/web\/#website"},"primaryImageOfPage":{"@id":"https:\/\/pagina10.com\/web\/recuperan-tres-bicicletas-de-alta-gama-que-fueron-hurtadas-en-pasto\/#primaryimage"},"image":{"@id":"https:\/\/pagina10.com\/web\/recuperan-tres-bicicletas-de-alta-gama-que-fueron-hurtadas-en-pasto\/#primaryimage"},"thumbnailUrl":"https:\/\/pagina10.com\/web\/wp-content\/uploads\/2021\/09\/mariale-7.jpg","datePublished":"2021-09-08T00:31:31+00:00","breadcrumb":{"@id":"https:\/\/pagina10.com\/web\/recuperan-tres-bicicletas-de-alta-gama-que-fueron-hurtadas-en-pasto\/#breadcrumb"},"inLanguage":"es","potentialAction":[{"@type":"ReadAction","target":["https:\/\/pagina10.com\/web\/recuperan-tres-bicicletas-de-alta-gama-que-fueron-hurtadas-en-pasto\/"]}]},{"@type":"ImageObject","inLanguage":"es","@id":"https:\/\/pagina10.com\/web\/recuperan-tres-bicicletas-de-alta-gama-que-fueron-hurtadas-en-pasto\/#primaryimage","url":"https:\/\/pagina10.com\/web\/wp-content\/uploads\/2021\/09\/mariale-7.jpg","contentUrl":"https:\/\/pagina10.com\/web\/wp-content\/uploads\/2021\/09\/mariale-7.jpg","width":700,"height":350},{"@type":"BreadcrumbList","@id":"https:\/\/pagina10.com\/web\/recuperan-tres-bicicletas-de-alta-gama-que-fueron-hurtadas-en-pasto\/#breadcrumb","itemListElement":[{"@type":"ListItem","position":1,"name":"Portada","item":"https:\/\/pagina10.com\/web\/"},{"@type":"ListItem","position":2,"name":"Recuperan tres bicicletas de alta gama que fueron hurtadas en Pasto"}]},{"@type":"WebSite","@id":"https:\/\/pagina10.com\/web\/#website","url":"https:\/\/pagina10.com\/web\/","name":"P\u00e1gina10","description":"Peri\u00f3dico Regional","publisher":{"@id":"https:\/\/pagina10.com\/web\/#organization"},"alternateName":"P\u00e1gina10 Peri\u00f3dico Regional","potentialAction":[{"@type":"SearchAction","target":{"@type":"EntryPoint","urlTemplate":"https:\/\/pagina10.com\/web\/?s={search_term_string}"},"query-input":{"@type":"PropertyValueSpecification","valueRequired":true,"valueName":"search_term_string"}}],"inLanguage":"es"},{"@type":"Organization","@id":"https:\/\/pagina10.com\/web\/#organization","name":"P\u00e1gina10","alternateName":"P\u00e1gina10 Peri\u00f3dico Regional","url":"https:\/\/pagina10.com\/web\/","logo":{"@type":"ImageObject","inLanguage":"es","@id":"https:\/\/pagina10.com\/web\/#\/schema\/logo\/image\/","url":"https:\/\/pagina10.com\/web\/wp-content\/uploads\/2024\/01\/40-pagina-10-periodico-regional-pasto.jpg","contentUrl":"https:\/\/pagina10.com\/web\/wp-content\/uploads\/2024\/01\/40-pagina-10-periodico-regional-pasto.jpg","width":1280,"height":720,"caption":"P\u00e1gina10"},"image":{"@id":"https:\/\/pagina10.com\/web\/#\/schema\/logo\/image\/"},"sameAs":["https:\/\/www.facebook.com\/pag10com","https:\/\/x.com\/Pag10com","https:\/\/www.instagram.com\/pagina10col\/","https:\/\/youtube.com\/channel\/pag10","https:\/\/www.tiktok.com\/@p10col"]},{"@type":"Person","@id":"https:\/\/pagina10.com\/web\/#\/schema\/person\/2efc4a090d25b667d3bc796798a3a81b","name":"P\u00e1gina 10","description":"P\u00e1gina 10 es un peri\u00f3dico regional que nace en Colombia, en el departamento de Nari\u00f1o, con un enfoque global, fundamentado en cuatro pilares esenciales: la libertad, el pluralismo, la inclusi\u00f3n y la independencia. P\u00e1gina 10 hace referencia a Nari\u00f1o como el d\u00e9cimo departamento creado en Colombia, despu\u00e9s de un proceso pol\u00edtico liderado por actores y actrices regionales con el fin de obtener la independencia y autonom\u00eda de nuestros territorios. Con la creaci\u00f3n de P\u00e1gina 10 se pretende abrir un escenario para el dialogo, la reflexi\u00f3n y el debate que se extienda a otras geograf\u00edas de Am\u00e9rica Latina y del planeta, en una apuesta por transformar colectivamente los desaf\u00edos de un mundo contempor\u00e1neo, m\u00e1s all\u00e1 de las fronteras impuestas.","url":"https:\/\/pagina10.com\/web\/author\/pdiezadmin\/"}]}},"_links":{"self":[{"href":"https:\/\/pagina10.com\/web\/wp-json\/wp\/v2\/posts\/55522","targetHints":{"allow":["GET"]}}],"collection":[{"href":"https:\/\/pagina10.com\/web\/wp-json\/wp\/v2\/posts"}],"about":[{"href":"https:\/\/pagina10.com\/web\/wp-json\/wp\/v2\/types\/post"}],"author":[{"embeddable":true,"href":"https:\/\/pagina10.com\/web\/wp-json\/wp\/v2\/users\/1"}],"replies":[{"embeddable":true,"href":"https:\/\/pagina10.com\/web\/wp-json\/wp\/v2\/comments?post=55522"}],"version-history":[{"count":1,"href":"https:\/\/pagina10.com\/web\/wp-json\/wp\/v2\/posts\/55522\/revisions"}],"predecessor-version":[{"id":55524,"href":"https:\/\/pagina10.com\/web\/wp-json\/wp\/v2\/posts\/55522\/revisions\/55524"}],"wp:featuredmedia":[{"embeddable":true,"href":"https:\/\/pagina10.com\/web\/wp-json\/wp\/v2\/media\/55523"}],"wp:attachment":[{"href":"https:\/\/pagina10.com\/web\/wp-json\/wp\/v2\/media?parent=55522"}],"wp:term":[{"taxonomy":"category","embeddable":true,"href":"https:\/\/pagina10.com\/web\/wp-json\/wp\/v2\/categories?post=55522"},{"taxonomy":"post_tag","embeddable":true,"href":"https:\/\/pagina10.com\/web\/wp-json\/wp\/v2\/tags?post=55522"}],"curies":[{"name":"wp","href":"https:\/\/api.w.org\/{rel}","templated":true}]}}