{"id":55533,"date":"2021-09-07T20:17:04","date_gmt":"2021-09-08T01:17:04","guid":{"rendered":"https:\/\/pagina10.com\/web\/?p=55533"},"modified":"2021-09-07T20:17:04","modified_gmt":"2021-09-08T01:17:04","slug":"promueven-la-produccion-agricola-limpia-en-zona-rural-de-pasto","status":"publish","type":"post","link":"https:\/\/pagina10.com\/web\/promueven-la-produccion-agricola-limpia-en-zona-rural-de-pasto\/","title":{"rendered":"Promueven la producci\u00f3n agr\u00edcola limpia en zona rural de Pasto"},"content":{"rendered":"<p style=\"text-align: justify;\">A trav\u00e9s de la Secretar\u00eda de Agricultura, la Alcald\u00eda de Pasto desarroll\u00f3 una jornada de capacitaci\u00f3n con asociaciones campesinas del corregimiento de Santa B\u00e1rbara para evitar el uso de qu\u00edmicos en sus siembras.<\/p>\n<p style=\"text-align: justify;\">Cultivadores de hortalizas y frutas de la vereda Los \u00c1ngeles, participaron del taller para la generaci\u00f3n de abonos amigables con el medio ambiente, con los que se evitar\u00eda el uso de productos industriales, lo que, a su vez, estimula la fertilidad de los suelos y propende por la seguridad y soberan\u00eda alimentaria.<\/p>\n<p style=\"text-align: justify;\">Rosa Tulc\u00e1n, integrante de la Asociaci\u00f3n Rosa M\u00edstica, agradeci\u00f3 a la Administraci\u00f3n Municipal el esfuerzo por capacitar a los peque\u00f1os productores de hortalizas. &#8220;Esto nos beneficia mucho porque ahorramos en abono qu\u00edmico, ahora que hacemos abono org\u00e1nico&#8221;, sostuvo.<\/p>\n<p style=\"text-align: justify;\">La generaci\u00f3n de abonos org\u00e1nicos permite aprovechar diferentes nutrientes existentes en la naturaleza y redundar en productos limpios para contribuir a la sostenibilidad del suelo y la reducci\u00f3n de uso de qu\u00edmicos en cultivos que pueden afectar la salud de los consumidores.<\/p>\n<p style=\"text-align: justify;\">\u201cLos altos costos de la producci\u00f3n impiden que el agricultor tenga buena rentabilidad, por eso, el uso de abonos org\u00e1nicos disminuye los costos y favorece al campo\u201d, se\u00f1al\u00f3 el secretario de Agricultura, Miguel Eduardo Benavides C\u00f3rdoba.<\/p>\n<p style=\"text-align: justify;\">Estos espacios generan el intercambio de conocimiento y experiencias de buenas pr\u00e1cticas agr\u00edcolas, adem\u00e1s de constituirse en un apoyo a la econom\u00eda de los agricultores del municipio y en una forma constante y responsable de reactivaci\u00f3n, en concordancia con la visi\u00f3n del Alcalde Germ\u00e1n Chamorro De La Rosa.<\/p>\n<p>&nbsp;<\/p>\n","protected":false},"excerpt":{"rendered":"<p>A trav\u00e9s de la Secretar\u00eda de Agricultura, la Alcald\u00eda de Pasto desarroll\u00f3 una jornada de capacitaci\u00f3n con asociaciones campesinas del corregimiento de Santa B\u00e1rbara para evitar el uso de qu\u00edmicos en sus siembras. Cultivadores de hortalizas y frutas de la vereda Los \u00c1ngeles, participaron del taller para la generaci\u00f3n de abonos amigables con el medio [&hellip;]<\/p>\n","protected":false},"author":1,"featured_media":55535,"comment_status":"open","ping_status":"open","sticky":false,"template":"","format":"standard","meta":{"footnotes":""},"categories":[14],"tags":[],"class_list":["post-55533","post","type-post","status-publish","format-standard","has-post-thumbnail","hentry","category-narino-actual"],"yoast_head":"<!-- This site is optimized with the Yoast SEO plugin v27.1.1 - https:\/\/yoast.com\/product\/yoast-seo-wordpress\/ -->\n<title>Promueven la producci\u00f3n agr\u00edcola limpia en zona rural de Pasto | P\u00e1gina10<\/title>\n<meta name=\"robots\" content=\"index, follow, max-snippet:-1, max-image-preview:large, max-video-preview:-1\" \/>\n<link rel=\"canonical\" href=\"https:\/\/pagina10.com\/web\/promueven-la-produccion-agricola-limpia-en-zona-rural-de-pasto\/\" \/>\n<meta property=\"og:locale\" content=\"es_ES\" \/>\n<meta property=\"og:type\" content=\"article\" \/>\n<meta property=\"og:title\" content=\"Promueven la producci\u00f3n agr\u00edcola limpia en zona rural de Pasto | P\u00e1gina10\" \/>\n<meta property=\"og:description\" content=\"A trav\u00e9s de la Secretar\u00eda de Agricultura, la Alcald\u00eda de Pasto desarroll\u00f3 una jornada de capacitaci\u00f3n con asociaciones campesinas del corregimiento de Santa B\u00e1rbara para evitar el uso de qu\u00edmicos en sus siembras. Cultivadores de hortalizas y frutas de la vereda Los \u00c1ngeles, participaron del taller para la generaci\u00f3n de abonos amigables con el medio [&hellip;]\" \/>\n<meta property=\"og:url\" content=\"https:\/\/pagina10.com\/web\/promueven-la-produccion-agricola-limpia-en-zona-rural-de-pasto\/\" \/>\n<meta property=\"og:site_name\" content=\"P\u00e1gina10\" \/>\n<meta property=\"article:publisher\" content=\"https:\/\/www.facebook.com\/pag10com\" \/>\n<meta property=\"article:published_time\" content=\"2021-09-08T01:17:04+00:00\" \/>\n<meta property=\"og:image\" content=\"https:\/\/pagina10.com\/web\/wp-content\/uploads\/2021\/09\/mariale-9.jpg\" \/>\n\t<meta property=\"og:image:width\" content=\"700\" \/>\n\t<meta property=\"og:image:height\" content=\"445\" \/>\n\t<meta property=\"og:image:type\" content=\"image\/jpeg\" \/>\n<meta name=\"author\" content=\"P\u00e1gina 10\" \/>\n<meta name=\"twitter:card\" content=\"summary_large_image\" \/>\n<meta name=\"twitter:creator\" content=\"@Pag10com\" \/>\n<meta name=\"twitter:site\" content=\"@Pag10com\" \/>\n<meta name=\"twitter:label1\" content=\"Escrito por\" \/>\n\t<meta name=\"twitter:data1\" content=\"P\u00e1gina 10\" \/>\n\t<meta name=\"twitter:label2\" content=\"Tiempo de lectura\" \/>\n\t<meta name=\"twitter:data2\" content=\"1 minuto\" \/>\n<script type=\"application\/ld+json\" class=\"yoast-schema-graph\">{\"@context\":\"https:\/\/schema.org\",\"@graph\":[{\"@type\":\"Article\",\"@id\":\"https:\/\/pagina10.com\/web\/promueven-la-produccion-agricola-limpia-en-zona-rural-de-pasto\/#article\",\"isPartOf\":{\"@id\":\"https:\/\/pagina10.com\/web\/promueven-la-produccion-agricola-limpia-en-zona-rural-de-pasto\/\"},\"author\":{\"name\":\"P\u00e1gina 10\",\"@id\":\"https:\/\/pagina10.com\/web\/#\/schema\/person\/2efc4a090d25b667d3bc796798a3a81b\"},\"headline\":\"Promueven la producci\u00f3n agr\u00edcola limpia en zona rural de Pasto\",\"datePublished\":\"2021-09-08T01:17:04+00:00\",\"mainEntityOfPage\":{\"@id\":\"https:\/\/pagina10.com\/web\/promueven-la-produccion-agricola-limpia-en-zona-rural-de-pasto\/\"},\"wordCount\":293,\"commentCount\":0,\"publisher\":{\"@id\":\"https:\/\/pagina10.com\/web\/#organization\"},\"image\":{\"@id\":\"https:\/\/pagina10.com\/web\/promueven-la-produccion-agricola-limpia-en-zona-rural-de-pasto\/#primaryimage\"},\"thumbnailUrl\":\"https:\/\/pagina10.com\/web\/wp-content\/uploads\/2021\/09\/mariale-9.jpg\",\"articleSection\":[\"Nari\u00f1o Actual\"],\"inLanguage\":\"es\",\"potentialAction\":[{\"@type\":\"CommentAction\",\"name\":\"Comment\",\"target\":[\"https:\/\/pagina10.com\/web\/promueven-la-produccion-agricola-limpia-en-zona-rural-de-pasto\/#respond\"]}]},{\"@type\":\"WebPage\",\"@id\":\"https:\/\/pagina10.com\/web\/promueven-la-produccion-agricola-limpia-en-zona-rural-de-pasto\/\",\"url\":\"https:\/\/pagina10.com\/web\/promueven-la-produccion-agricola-limpia-en-zona-rural-de-pasto\/\",\"name\":\"Promueven la producci\u00f3n agr\u00edcola limpia en zona rural de Pasto | P\u00e1gina10\",\"isPartOf\":{\"@id\":\"https:\/\/pagina10.com\/web\/#website\"},\"primaryImageOfPage\":{\"@id\":\"https:\/\/pagina10.com\/web\/promueven-la-produccion-agricola-limpia-en-zona-rural-de-pasto\/#primaryimage\"},\"image\":{\"@id\":\"https:\/\/pagina10.com\/web\/promueven-la-produccion-agricola-limpia-en-zona-rural-de-pasto\/#primaryimage\"},\"thumbnailUrl\":\"https:\/\/pagina10.com\/web\/wp-content\/uploads\/2021\/09\/mariale-9.jpg\",\"datePublished\":\"2021-09-08T01:17:04+00:00\",\"breadcrumb\":{\"@id\":\"https:\/\/pagina10.com\/web\/promueven-la-produccion-agricola-limpia-en-zona-rural-de-pasto\/#breadcrumb\"},\"inLanguage\":\"es\",\"potentialAction\":[{\"@type\":\"ReadAction\",\"target\":[\"https:\/\/pagina10.com\/web\/promueven-la-produccion-agricola-limpia-en-zona-rural-de-pasto\/\"]}]},{\"@type\":\"ImageObject\",\"inLanguage\":\"es\",\"@id\":\"https:\/\/pagina10.com\/web\/promueven-la-produccion-agricola-limpia-en-zona-rural-de-pasto\/#primaryimage\",\"url\":\"https:\/\/pagina10.com\/web\/wp-content\/uploads\/2021\/09\/mariale-9.jpg\",\"contentUrl\":\"https:\/\/pagina10.com\/web\/wp-content\/uploads\/2021\/09\/mariale-9.jpg\",\"width\":700,\"height\":445},{\"@type\":\"BreadcrumbList\",\"@id\":\"https:\/\/pagina10.com\/web\/promueven-la-produccion-agricola-limpia-en-zona-rural-de-pasto\/#breadcrumb\",\"itemListElement\":[{\"@type\":\"ListItem\",\"position\":1,\"name\":\"Portada\",\"item\":\"https:\/\/pagina10.com\/web\/\"},{\"@type\":\"ListItem\",\"position\":2,\"name\":\"Promueven la producci\u00f3n agr\u00edcola limpia en zona rural de Pasto\"}]},{\"@type\":\"WebSite\",\"@id\":\"https:\/\/pagina10.com\/web\/#website\",\"url\":\"https:\/\/pagina10.com\/web\/\",\"name\":\"P\u00e1gina10\",\"description\":\"Peri\u00f3dico Regional\",\"publisher\":{\"@id\":\"https:\/\/pagina10.com\/web\/#organization\"},\"alternateName\":\"P\u00e1gina10 Peri\u00f3dico Regional\",\"potentialAction\":[{\"@type\":\"SearchAction\",\"target\":{\"@type\":\"EntryPoint\",\"urlTemplate\":\"https:\/\/pagina10.com\/web\/?s={search_term_string}\"},\"query-input\":{\"@type\":\"PropertyValueSpecification\",\"valueRequired\":true,\"valueName\":\"search_term_string\"}}],\"inLanguage\":\"es\"},{\"@type\":\"Organization\",\"@id\":\"https:\/\/pagina10.com\/web\/#organization\",\"name\":\"P\u00e1gina10\",\"alternateName\":\"P\u00e1gina10 Peri\u00f3dico Regional\",\"url\":\"https:\/\/pagina10.com\/web\/\",\"logo\":{\"@type\":\"ImageObject\",\"inLanguage\":\"es\",\"@id\":\"https:\/\/pagina10.com\/web\/#\/schema\/logo\/image\/\",\"url\":\"https:\/\/pagina10.com\/web\/wp-content\/uploads\/2024\/01\/40-pagina-10-periodico-regional-pasto.jpg\",\"contentUrl\":\"https:\/\/pagina10.com\/web\/wp-content\/uploads\/2024\/01\/40-pagina-10-periodico-regional-pasto.jpg\",\"width\":1280,\"height\":720,\"caption\":\"P\u00e1gina10\"},\"image\":{\"@id\":\"https:\/\/pagina10.com\/web\/#\/schema\/logo\/image\/\"},\"sameAs\":[\"https:\/\/www.facebook.com\/pag10com\",\"https:\/\/x.com\/Pag10com\",\"https:\/\/www.instagram.com\/pagina10col\/\",\"https:\/\/youtube.com\/channel\/pag10\",\"https:\/\/www.tiktok.com\/@p10col\"]},{\"@type\":\"Person\",\"@id\":\"https:\/\/pagina10.com\/web\/#\/schema\/person\/2efc4a090d25b667d3bc796798a3a81b\",\"name\":\"P\u00e1gina 10\",\"description\":\"P\u00e1gina 10 es un peri\u00f3dico regional que nace en Colombia, en el departamento de Nari\u00f1o, con un enfoque global, fundamentado en cuatro pilares esenciales: la libertad, el pluralismo, la inclusi\u00f3n y la independencia. P\u00e1gina 10 hace referencia a Nari\u00f1o como el d\u00e9cimo departamento creado en Colombia, despu\u00e9s de un proceso pol\u00edtico liderado por actores y actrices regionales con el fin de obtener la independencia y autonom\u00eda de nuestros territorios. Con la creaci\u00f3n de P\u00e1gina 10 se pretende abrir un escenario para el dialogo, la reflexi\u00f3n y el debate que se extienda a otras geograf\u00edas de Am\u00e9rica Latina y del planeta, en una apuesta por transformar colectivamente los desaf\u00edos de un mundo contempor\u00e1neo, m\u00e1s all\u00e1 de las fronteras impuestas.\",\"url\":\"https:\/\/pagina10.com\/web\/author\/pdiezadmin\/\"}]}<\/script>\n<!-- \/ Yoast SEO plugin. -->","yoast_head_json":{"title":"Promueven la producci\u00f3n agr\u00edcola limpia en zona rural de Pasto | P\u00e1gina10","robots":{"index":"index","follow":"follow","max-snippet":"max-snippet:-1","max-image-preview":"max-image-preview:large","max-video-preview":"max-video-preview:-1"},"canonical":"https:\/\/pagina10.com\/web\/promueven-la-produccion-agricola-limpia-en-zona-rural-de-pasto\/","og_locale":"es_ES","og_type":"article","og_title":"Promueven la producci\u00f3n agr\u00edcola limpia en zona rural de Pasto | P\u00e1gina10","og_description":"A trav\u00e9s de la Secretar\u00eda de Agricultura, la Alcald\u00eda de Pasto desarroll\u00f3 una jornada de capacitaci\u00f3n con asociaciones campesinas del corregimiento de Santa B\u00e1rbara para evitar el uso de qu\u00edmicos en sus siembras. Cultivadores de hortalizas y frutas de la vereda Los \u00c1ngeles, participaron del taller para la generaci\u00f3n de abonos amigables con el medio [&hellip;]","og_url":"https:\/\/pagina10.com\/web\/promueven-la-produccion-agricola-limpia-en-zona-rural-de-pasto\/","og_site_name":"P\u00e1gina10","article_publisher":"https:\/\/www.facebook.com\/pag10com","article_published_time":"2021-09-08T01:17:04+00:00","og_image":[{"width":700,"height":445,"url":"https:\/\/pagina10.com\/web\/wp-content\/uploads\/2021\/09\/mariale-9.jpg","type":"image\/jpeg"}],"author":"P\u00e1gina 10","twitter_card":"summary_large_image","twitter_creator":"@Pag10com","twitter_site":"@Pag10com","twitter_misc":{"Escrito por":"P\u00e1gina 10","Tiempo de lectura":"1 minuto"},"schema":{"@context":"https:\/\/schema.org","@graph":[{"@type":"Article","@id":"https:\/\/pagina10.com\/web\/promueven-la-produccion-agricola-limpia-en-zona-rural-de-pasto\/#article","isPartOf":{"@id":"https:\/\/pagina10.com\/web\/promueven-la-produccion-agricola-limpia-en-zona-rural-de-pasto\/"},"author":{"name":"P\u00e1gina 10","@id":"https:\/\/pagina10.com\/web\/#\/schema\/person\/2efc4a090d25b667d3bc796798a3a81b"},"headline":"Promueven la producci\u00f3n agr\u00edcola limpia en zona rural de Pasto","datePublished":"2021-09-08T01:17:04+00:00","mainEntityOfPage":{"@id":"https:\/\/pagina10.com\/web\/promueven-la-produccion-agricola-limpia-en-zona-rural-de-pasto\/"},"wordCount":293,"commentCount":0,"publisher":{"@id":"https:\/\/pagina10.com\/web\/#organization"},"image":{"@id":"https:\/\/pagina10.com\/web\/promueven-la-produccion-agricola-limpia-en-zona-rural-de-pasto\/#primaryimage"},"thumbnailUrl":"https:\/\/pagina10.com\/web\/wp-content\/uploads\/2021\/09\/mariale-9.jpg","articleSection":["Nari\u00f1o Actual"],"inLanguage":"es","potentialAction":[{"@type":"CommentAction","name":"Comment","target":["https:\/\/pagina10.com\/web\/promueven-la-produccion-agricola-limpia-en-zona-rural-de-pasto\/#respond"]}]},{"@type":"WebPage","@id":"https:\/\/pagina10.com\/web\/promueven-la-produccion-agricola-limpia-en-zona-rural-de-pasto\/","url":"https:\/\/pagina10.com\/web\/promueven-la-produccion-agricola-limpia-en-zona-rural-de-pasto\/","name":"Promueven la producci\u00f3n agr\u00edcola limpia en zona rural de Pasto | P\u00e1gina10","isPartOf":{"@id":"https:\/\/pagina10.com\/web\/#website"},"primaryImageOfPage":{"@id":"https:\/\/pagina10.com\/web\/promueven-la-produccion-agricola-limpia-en-zona-rural-de-pasto\/#primaryimage"},"image":{"@id":"https:\/\/pagina10.com\/web\/promueven-la-produccion-agricola-limpia-en-zona-rural-de-pasto\/#primaryimage"},"thumbnailUrl":"https:\/\/pagina10.com\/web\/wp-content\/uploads\/2021\/09\/mariale-9.jpg","datePublished":"2021-09-08T01:17:04+00:00","breadcrumb":{"@id":"https:\/\/pagina10.com\/web\/promueven-la-produccion-agricola-limpia-en-zona-rural-de-pasto\/#breadcrumb"},"inLanguage":"es","potentialAction":[{"@type":"ReadAction","target":["https:\/\/pagina10.com\/web\/promueven-la-produccion-agricola-limpia-en-zona-rural-de-pasto\/"]}]},{"@type":"ImageObject","inLanguage":"es","@id":"https:\/\/pagina10.com\/web\/promueven-la-produccion-agricola-limpia-en-zona-rural-de-pasto\/#primaryimage","url":"https:\/\/pagina10.com\/web\/wp-content\/uploads\/2021\/09\/mariale-9.jpg","contentUrl":"https:\/\/pagina10.com\/web\/wp-content\/uploads\/2021\/09\/mariale-9.jpg","width":700,"height":445},{"@type":"BreadcrumbList","@id":"https:\/\/pagina10.com\/web\/promueven-la-produccion-agricola-limpia-en-zona-rural-de-pasto\/#breadcrumb","itemListElement":[{"@type":"ListItem","position":1,"name":"Portada","item":"https:\/\/pagina10.com\/web\/"},{"@type":"ListItem","position":2,"name":"Promueven la producci\u00f3n agr\u00edcola limpia en zona rural de Pasto"}]},{"@type":"WebSite","@id":"https:\/\/pagina10.com\/web\/#website","url":"https:\/\/pagina10.com\/web\/","name":"P\u00e1gina10","description":"Peri\u00f3dico Regional","publisher":{"@id":"https:\/\/pagina10.com\/web\/#organization"},"alternateName":"P\u00e1gina10 Peri\u00f3dico Regional","potentialAction":[{"@type":"SearchAction","target":{"@type":"EntryPoint","urlTemplate":"https:\/\/pagina10.com\/web\/?s={search_term_string}"},"query-input":{"@type":"PropertyValueSpecification","valueRequired":true,"valueName":"search_term_string"}}],"inLanguage":"es"},{"@type":"Organization","@id":"https:\/\/pagina10.com\/web\/#organization","name":"P\u00e1gina10","alternateName":"P\u00e1gina10 Peri\u00f3dico Regional","url":"https:\/\/pagina10.com\/web\/","logo":{"@type":"ImageObject","inLanguage":"es","@id":"https:\/\/pagina10.com\/web\/#\/schema\/logo\/image\/","url":"https:\/\/pagina10.com\/web\/wp-content\/uploads\/2024\/01\/40-pagina-10-periodico-regional-pasto.jpg","contentUrl":"https:\/\/pagina10.com\/web\/wp-content\/uploads\/2024\/01\/40-pagina-10-periodico-regional-pasto.jpg","width":1280,"height":720,"caption":"P\u00e1gina10"},"image":{"@id":"https:\/\/pagina10.com\/web\/#\/schema\/logo\/image\/"},"sameAs":["https:\/\/www.facebook.com\/pag10com","https:\/\/x.com\/Pag10com","https:\/\/www.instagram.com\/pagina10col\/","https:\/\/youtube.com\/channel\/pag10","https:\/\/www.tiktok.com\/@p10col"]},{"@type":"Person","@id":"https:\/\/pagina10.com\/web\/#\/schema\/person\/2efc4a090d25b667d3bc796798a3a81b","name":"P\u00e1gina 10","description":"P\u00e1gina 10 es un peri\u00f3dico regional que nace en Colombia, en el departamento de Nari\u00f1o, con un enfoque global, fundamentado en cuatro pilares esenciales: la libertad, el pluralismo, la inclusi\u00f3n y la independencia. P\u00e1gina 10 hace referencia a Nari\u00f1o como el d\u00e9cimo departamento creado en Colombia, despu\u00e9s de un proceso pol\u00edtico liderado por actores y actrices regionales con el fin de obtener la independencia y autonom\u00eda de nuestros territorios. Con la creaci\u00f3n de P\u00e1gina 10 se pretende abrir un escenario para el dialogo, la reflexi\u00f3n y el debate que se extienda a otras geograf\u00edas de Am\u00e9rica Latina y del planeta, en una apuesta por transformar colectivamente los desaf\u00edos de un mundo contempor\u00e1neo, m\u00e1s all\u00e1 de las fronteras impuestas.","url":"https:\/\/pagina10.com\/web\/author\/pdiezadmin\/"}]}},"_links":{"self":[{"href":"https:\/\/pagina10.com\/web\/wp-json\/wp\/v2\/posts\/55533","targetHints":{"allow":["GET"]}}],"collection":[{"href":"https:\/\/pagina10.com\/web\/wp-json\/wp\/v2\/posts"}],"about":[{"href":"https:\/\/pagina10.com\/web\/wp-json\/wp\/v2\/types\/post"}],"author":[{"embeddable":true,"href":"https:\/\/pagina10.com\/web\/wp-json\/wp\/v2\/users\/1"}],"replies":[{"embeddable":true,"href":"https:\/\/pagina10.com\/web\/wp-json\/wp\/v2\/comments?post=55533"}],"version-history":[{"count":1,"href":"https:\/\/pagina10.com\/web\/wp-json\/wp\/v2\/posts\/55533\/revisions"}],"predecessor-version":[{"id":55536,"href":"https:\/\/pagina10.com\/web\/wp-json\/wp\/v2\/posts\/55533\/revisions\/55536"}],"wp:featuredmedia":[{"embeddable":true,"href":"https:\/\/pagina10.com\/web\/wp-json\/wp\/v2\/media\/55535"}],"wp:attachment":[{"href":"https:\/\/pagina10.com\/web\/wp-json\/wp\/v2\/media?parent=55533"}],"wp:term":[{"taxonomy":"category","embeddable":true,"href":"https:\/\/pagina10.com\/web\/wp-json\/wp\/v2\/categories?post=55533"},{"taxonomy":"post_tag","embeddable":true,"href":"https:\/\/pagina10.com\/web\/wp-json\/wp\/v2\/tags?post=55533"}],"curies":[{"name":"wp","href":"https:\/\/api.w.org\/{rel}","templated":true}]}}