{"id":55556,"date":"2021-09-09T08:51:57","date_gmt":"2021-09-09T13:51:57","guid":{"rendered":"https:\/\/pagina10.com\/web\/?p=55556"},"modified":"2021-09-09T08:51:57","modified_gmt":"2021-09-09T13:51:57","slug":"instituciones-educativas-de-cumbal-se-capacitan-para-proteger-a-sus-estudiantes-del-delito-de-trata","status":"publish","type":"post","link":"https:\/\/pagina10.com\/web\/instituciones-educativas-de-cumbal-se-capacitan-para-proteger-a-sus-estudiantes-del-delito-de-trata\/","title":{"rendered":"Instituciones Educativas de Cumbal se capacitan para proteger a sus estudiantes del delito de trata"},"content":{"rendered":"<p style=\"text-align: justify;\">Gobernaci\u00f3n de Nari\u00f1o y comunidad educativa se unen para reforzar campa\u00f1a institucional en contra de la trata de personas y el reclutamiento.<\/p>\n<div>\n\u201cLa trata de personas es un tema \u00e1lgido, por ello hemos creado una campa\u00f1a que va a sensibilizar a las diferentes comunidades de nuestro Departamento y m\u00e1s en los municipios donde han sucedido casos y por eso iniciamos en el municipio de Cumbal con la articulaci\u00f3n de la parte estudiantil e instituciones\u201d, explic\u00f3 el Subsecretario de Gesti\u00f3n P\u00fablica, Sergio Mu\u00f1oz<\/p>\n<div style=\"text-align: justify;\">\nEl funcionario explic\u00f3 la importancia de dar a conocer a la comunidad estos delitos que afectan a la comunidad, brindar herramientas para reconocer y activar las rutas de atenci\u00f3n y protecci\u00f3n. Una de las asistentes, la docente, Rosa Alba Valenzuela exalt\u00f3 la jornada desarrollada en Cumbal, para orientar a la poblaci\u00f3n estudiantil de esta zona de frontera, e indic\u00f3 que se han presentado casos en la zona donde a trav\u00e9s de ofertas de trabajo, personas inescrupulosas enga\u00f1an a personas con el fin de sacarlas del pa\u00eds.<\/div>\n<div style=\"text-align: justify;\">\nEn Nari\u00f1o se han registrado 70 casos de delitos de trata de personas, en los \u00faltimos a\u00f1os, cabe se\u00f1alar que, en lo corrido del a\u00f1o 2021, se han presentado 16 casos, donde los reportes muestran que la mayor\u00eda de las v\u00edctimas han sido mujeres, hecho por el cual se busca informar, sensibilizar y generar conciencia social para disminuir este delito y proteger a la poblaci\u00f3n.<\/div>\n<\/div>\n","protected":false},"excerpt":{"rendered":"<p>Gobernaci\u00f3n de Nari\u00f1o y comunidad educativa se unen para reforzar campa\u00f1a institucional en contra de la trata de personas y el reclutamiento. \u201cLa trata de personas es un tema \u00e1lgido, por ello hemos creado una campa\u00f1a que va a sensibilizar a las diferentes comunidades de nuestro Departamento y m\u00e1s en los municipios donde han sucedido [&hellip;]<\/p>\n","protected":false},"author":1,"featured_media":55557,"comment_status":"open","ping_status":"open","sticky":false,"template":"","format":"standard","meta":{"footnotes":""},"categories":[53],"tags":[],"class_list":["post-55556","post","type-post","status-publish","format-standard","has-post-thumbnail","hentry","category-regiones"],"yoast_head":"<!-- This site is optimized with the Yoast SEO plugin v27.1.1 - https:\/\/yoast.com\/product\/yoast-seo-wordpress\/ -->\n<title>Instituciones Educativas de Cumbal se capacitan para proteger a sus estudiantes del delito de trata | P\u00e1gina10<\/title>\n<meta name=\"robots\" content=\"index, follow, max-snippet:-1, max-image-preview:large, max-video-preview:-1\" \/>\n<link rel=\"canonical\" href=\"https:\/\/pagina10.com\/web\/instituciones-educativas-de-cumbal-se-capacitan-para-proteger-a-sus-estudiantes-del-delito-de-trata\/\" \/>\n<meta property=\"og:locale\" content=\"es_ES\" \/>\n<meta property=\"og:type\" content=\"article\" \/>\n<meta property=\"og:title\" content=\"Instituciones Educativas de Cumbal se capacitan para proteger a sus estudiantes del delito de trata | P\u00e1gina10\" \/>\n<meta property=\"og:description\" content=\"Gobernaci\u00f3n de Nari\u00f1o y comunidad educativa se unen para reforzar campa\u00f1a institucional en contra de la trata de personas y el reclutamiento. \u201cLa trata de personas es un tema \u00e1lgido, por ello hemos creado una campa\u00f1a que va a sensibilizar a las diferentes comunidades de nuestro Departamento y m\u00e1s en los municipios donde han sucedido [&hellip;]\" \/>\n<meta property=\"og:url\" content=\"https:\/\/pagina10.com\/web\/instituciones-educativas-de-cumbal-se-capacitan-para-proteger-a-sus-estudiantes-del-delito-de-trata\/\" \/>\n<meta property=\"og:site_name\" content=\"P\u00e1gina10\" \/>\n<meta property=\"article:publisher\" content=\"https:\/\/www.facebook.com\/pag10com\" \/>\n<meta property=\"article:published_time\" content=\"2021-09-09T13:51:57+00:00\" \/>\n<meta property=\"og:image\" content=\"https:\/\/pagina10.com\/web\/wp-content\/uploads\/2021\/09\/Captura-de-Pantalla-2021-09-09-a-las-8.51.08-a.-m..png\" \/>\n\t<meta property=\"og:image:width\" content=\"320\" \/>\n\t<meta property=\"og:image:height\" content=\"300\" \/>\n\t<meta property=\"og:image:type\" content=\"image\/png\" \/>\n<meta name=\"author\" content=\"P\u00e1gina 10\" \/>\n<meta name=\"twitter:card\" content=\"summary_large_image\" \/>\n<meta name=\"twitter:creator\" content=\"@Pag10com\" \/>\n<meta name=\"twitter:site\" content=\"@Pag10com\" \/>\n<meta name=\"twitter:label1\" content=\"Escrito por\" \/>\n\t<meta name=\"twitter:data1\" content=\"P\u00e1gina 10\" \/>\n\t<meta name=\"twitter:label2\" content=\"Tiempo de lectura\" \/>\n\t<meta name=\"twitter:data2\" content=\"1 minuto\" \/>\n<script type=\"application\/ld+json\" class=\"yoast-schema-graph\">{\"@context\":\"https:\/\/schema.org\",\"@graph\":[{\"@type\":\"Article\",\"@id\":\"https:\/\/pagina10.com\/web\/instituciones-educativas-de-cumbal-se-capacitan-para-proteger-a-sus-estudiantes-del-delito-de-trata\/#article\",\"isPartOf\":{\"@id\":\"https:\/\/pagina10.com\/web\/instituciones-educativas-de-cumbal-se-capacitan-para-proteger-a-sus-estudiantes-del-delito-de-trata\/\"},\"author\":{\"name\":\"P\u00e1gina 10\",\"@id\":\"https:\/\/pagina10.com\/web\/#\/schema\/person\/2efc4a090d25b667d3bc796798a3a81b\"},\"headline\":\"Instituciones Educativas de Cumbal se capacitan para proteger a sus estudiantes del delito de trata\",\"datePublished\":\"2021-09-09T13:51:57+00:00\",\"mainEntityOfPage\":{\"@id\":\"https:\/\/pagina10.com\/web\/instituciones-educativas-de-cumbal-se-capacitan-para-proteger-a-sus-estudiantes-del-delito-de-trata\/\"},\"wordCount\":267,\"commentCount\":0,\"publisher\":{\"@id\":\"https:\/\/pagina10.com\/web\/#organization\"},\"image\":{\"@id\":\"https:\/\/pagina10.com\/web\/instituciones-educativas-de-cumbal-se-capacitan-para-proteger-a-sus-estudiantes-del-delito-de-trata\/#primaryimage\"},\"thumbnailUrl\":\"https:\/\/pagina10.com\/web\/wp-content\/uploads\/2021\/09\/Captura-de-Pantalla-2021-09-09-a-las-8.51.08-a.-m..png\",\"articleSection\":[\"Regiones\"],\"inLanguage\":\"es\",\"potentialAction\":[{\"@type\":\"CommentAction\",\"name\":\"Comment\",\"target\":[\"https:\/\/pagina10.com\/web\/instituciones-educativas-de-cumbal-se-capacitan-para-proteger-a-sus-estudiantes-del-delito-de-trata\/#respond\"]}]},{\"@type\":\"WebPage\",\"@id\":\"https:\/\/pagina10.com\/web\/instituciones-educativas-de-cumbal-se-capacitan-para-proteger-a-sus-estudiantes-del-delito-de-trata\/\",\"url\":\"https:\/\/pagina10.com\/web\/instituciones-educativas-de-cumbal-se-capacitan-para-proteger-a-sus-estudiantes-del-delito-de-trata\/\",\"name\":\"Instituciones Educativas de Cumbal se capacitan para proteger a sus estudiantes del delito de trata | P\u00e1gina10\",\"isPartOf\":{\"@id\":\"https:\/\/pagina10.com\/web\/#website\"},\"primaryImageOfPage\":{\"@id\":\"https:\/\/pagina10.com\/web\/instituciones-educativas-de-cumbal-se-capacitan-para-proteger-a-sus-estudiantes-del-delito-de-trata\/#primaryimage\"},\"image\":{\"@id\":\"https:\/\/pagina10.com\/web\/instituciones-educativas-de-cumbal-se-capacitan-para-proteger-a-sus-estudiantes-del-delito-de-trata\/#primaryimage\"},\"thumbnailUrl\":\"https:\/\/pagina10.com\/web\/wp-content\/uploads\/2021\/09\/Captura-de-Pantalla-2021-09-09-a-las-8.51.08-a.-m..png\",\"datePublished\":\"2021-09-09T13:51:57+00:00\",\"breadcrumb\":{\"@id\":\"https:\/\/pagina10.com\/web\/instituciones-educativas-de-cumbal-se-capacitan-para-proteger-a-sus-estudiantes-del-delito-de-trata\/#breadcrumb\"},\"inLanguage\":\"es\",\"potentialAction\":[{\"@type\":\"ReadAction\",\"target\":[\"https:\/\/pagina10.com\/web\/instituciones-educativas-de-cumbal-se-capacitan-para-proteger-a-sus-estudiantes-del-delito-de-trata\/\"]}]},{\"@type\":\"ImageObject\",\"inLanguage\":\"es\",\"@id\":\"https:\/\/pagina10.com\/web\/instituciones-educativas-de-cumbal-se-capacitan-para-proteger-a-sus-estudiantes-del-delito-de-trata\/#primaryimage\",\"url\":\"https:\/\/pagina10.com\/web\/wp-content\/uploads\/2021\/09\/Captura-de-Pantalla-2021-09-09-a-las-8.51.08-a.-m..png\",\"contentUrl\":\"https:\/\/pagina10.com\/web\/wp-content\/uploads\/2021\/09\/Captura-de-Pantalla-2021-09-09-a-las-8.51.08-a.-m..png\",\"width\":320,\"height\":300},{\"@type\":\"BreadcrumbList\",\"@id\":\"https:\/\/pagina10.com\/web\/instituciones-educativas-de-cumbal-se-capacitan-para-proteger-a-sus-estudiantes-del-delito-de-trata\/#breadcrumb\",\"itemListElement\":[{\"@type\":\"ListItem\",\"position\":1,\"name\":\"Portada\",\"item\":\"https:\/\/pagina10.com\/web\/\"},{\"@type\":\"ListItem\",\"position\":2,\"name\":\"Instituciones Educativas de Cumbal se capacitan para proteger a sus estudiantes del delito de trata\"}]},{\"@type\":\"WebSite\",\"@id\":\"https:\/\/pagina10.com\/web\/#website\",\"url\":\"https:\/\/pagina10.com\/web\/\",\"name\":\"P\u00e1gina10\",\"description\":\"Peri\u00f3dico Regional\",\"publisher\":{\"@id\":\"https:\/\/pagina10.com\/web\/#organization\"},\"alternateName\":\"P\u00e1gina10 Peri\u00f3dico Regional\",\"potentialAction\":[{\"@type\":\"SearchAction\",\"target\":{\"@type\":\"EntryPoint\",\"urlTemplate\":\"https:\/\/pagina10.com\/web\/?s={search_term_string}\"},\"query-input\":{\"@type\":\"PropertyValueSpecification\",\"valueRequired\":true,\"valueName\":\"search_term_string\"}}],\"inLanguage\":\"es\"},{\"@type\":\"Organization\",\"@id\":\"https:\/\/pagina10.com\/web\/#organization\",\"name\":\"P\u00e1gina10\",\"alternateName\":\"P\u00e1gina10 Peri\u00f3dico Regional\",\"url\":\"https:\/\/pagina10.com\/web\/\",\"logo\":{\"@type\":\"ImageObject\",\"inLanguage\":\"es\",\"@id\":\"https:\/\/pagina10.com\/web\/#\/schema\/logo\/image\/\",\"url\":\"https:\/\/pagina10.com\/web\/wp-content\/uploads\/2024\/01\/40-pagina-10-periodico-regional-pasto.jpg\",\"contentUrl\":\"https:\/\/pagina10.com\/web\/wp-content\/uploads\/2024\/01\/40-pagina-10-periodico-regional-pasto.jpg\",\"width\":1280,\"height\":720,\"caption\":\"P\u00e1gina10\"},\"image\":{\"@id\":\"https:\/\/pagina10.com\/web\/#\/schema\/logo\/image\/\"},\"sameAs\":[\"https:\/\/www.facebook.com\/pag10com\",\"https:\/\/x.com\/Pag10com\",\"https:\/\/www.instagram.com\/pagina10col\/\",\"https:\/\/youtube.com\/channel\/pag10\",\"https:\/\/www.tiktok.com\/@p10col\"]},{\"@type\":\"Person\",\"@id\":\"https:\/\/pagina10.com\/web\/#\/schema\/person\/2efc4a090d25b667d3bc796798a3a81b\",\"name\":\"P\u00e1gina 10\",\"description\":\"P\u00e1gina 10 es un peri\u00f3dico regional que nace en Colombia, en el departamento de Nari\u00f1o, con un enfoque global, fundamentado en cuatro pilares esenciales: la libertad, el pluralismo, la inclusi\u00f3n y la independencia. P\u00e1gina 10 hace referencia a Nari\u00f1o como el d\u00e9cimo departamento creado en Colombia, despu\u00e9s de un proceso pol\u00edtico liderado por actores y actrices regionales con el fin de obtener la independencia y autonom\u00eda de nuestros territorios. Con la creaci\u00f3n de P\u00e1gina 10 se pretende abrir un escenario para el dialogo, la reflexi\u00f3n y el debate que se extienda a otras geograf\u00edas de Am\u00e9rica Latina y del planeta, en una apuesta por transformar colectivamente los desaf\u00edos de un mundo contempor\u00e1neo, m\u00e1s all\u00e1 de las fronteras impuestas.\",\"url\":\"https:\/\/pagina10.com\/web\/author\/pdiezadmin\/\"}]}<\/script>\n<!-- \/ Yoast SEO plugin. -->","yoast_head_json":{"title":"Instituciones Educativas de Cumbal se capacitan para proteger a sus estudiantes del delito de trata | P\u00e1gina10","robots":{"index":"index","follow":"follow","max-snippet":"max-snippet:-1","max-image-preview":"max-image-preview:large","max-video-preview":"max-video-preview:-1"},"canonical":"https:\/\/pagina10.com\/web\/instituciones-educativas-de-cumbal-se-capacitan-para-proteger-a-sus-estudiantes-del-delito-de-trata\/","og_locale":"es_ES","og_type":"article","og_title":"Instituciones Educativas de Cumbal se capacitan para proteger a sus estudiantes del delito de trata | P\u00e1gina10","og_description":"Gobernaci\u00f3n de Nari\u00f1o y comunidad educativa se unen para reforzar campa\u00f1a institucional en contra de la trata de personas y el reclutamiento. \u201cLa trata de personas es un tema \u00e1lgido, por ello hemos creado una campa\u00f1a que va a sensibilizar a las diferentes comunidades de nuestro Departamento y m\u00e1s en los municipios donde han sucedido [&hellip;]","og_url":"https:\/\/pagina10.com\/web\/instituciones-educativas-de-cumbal-se-capacitan-para-proteger-a-sus-estudiantes-del-delito-de-trata\/","og_site_name":"P\u00e1gina10","article_publisher":"https:\/\/www.facebook.com\/pag10com","article_published_time":"2021-09-09T13:51:57+00:00","og_image":[{"width":320,"height":300,"url":"https:\/\/pagina10.com\/web\/wp-content\/uploads\/2021\/09\/Captura-de-Pantalla-2021-09-09-a-las-8.51.08-a.-m..png","type":"image\/png"}],"author":"P\u00e1gina 10","twitter_card":"summary_large_image","twitter_creator":"@Pag10com","twitter_site":"@Pag10com","twitter_misc":{"Escrito por":"P\u00e1gina 10","Tiempo de lectura":"1 minuto"},"schema":{"@context":"https:\/\/schema.org","@graph":[{"@type":"Article","@id":"https:\/\/pagina10.com\/web\/instituciones-educativas-de-cumbal-se-capacitan-para-proteger-a-sus-estudiantes-del-delito-de-trata\/#article","isPartOf":{"@id":"https:\/\/pagina10.com\/web\/instituciones-educativas-de-cumbal-se-capacitan-para-proteger-a-sus-estudiantes-del-delito-de-trata\/"},"author":{"name":"P\u00e1gina 10","@id":"https:\/\/pagina10.com\/web\/#\/schema\/person\/2efc4a090d25b667d3bc796798a3a81b"},"headline":"Instituciones Educativas de Cumbal se capacitan para proteger a sus estudiantes del delito de trata","datePublished":"2021-09-09T13:51:57+00:00","mainEntityOfPage":{"@id":"https:\/\/pagina10.com\/web\/instituciones-educativas-de-cumbal-se-capacitan-para-proteger-a-sus-estudiantes-del-delito-de-trata\/"},"wordCount":267,"commentCount":0,"publisher":{"@id":"https:\/\/pagina10.com\/web\/#organization"},"image":{"@id":"https:\/\/pagina10.com\/web\/instituciones-educativas-de-cumbal-se-capacitan-para-proteger-a-sus-estudiantes-del-delito-de-trata\/#primaryimage"},"thumbnailUrl":"https:\/\/pagina10.com\/web\/wp-content\/uploads\/2021\/09\/Captura-de-Pantalla-2021-09-09-a-las-8.51.08-a.-m..png","articleSection":["Regiones"],"inLanguage":"es","potentialAction":[{"@type":"CommentAction","name":"Comment","target":["https:\/\/pagina10.com\/web\/instituciones-educativas-de-cumbal-se-capacitan-para-proteger-a-sus-estudiantes-del-delito-de-trata\/#respond"]}]},{"@type":"WebPage","@id":"https:\/\/pagina10.com\/web\/instituciones-educativas-de-cumbal-se-capacitan-para-proteger-a-sus-estudiantes-del-delito-de-trata\/","url":"https:\/\/pagina10.com\/web\/instituciones-educativas-de-cumbal-se-capacitan-para-proteger-a-sus-estudiantes-del-delito-de-trata\/","name":"Instituciones Educativas de Cumbal se capacitan para proteger a sus estudiantes del delito de trata | P\u00e1gina10","isPartOf":{"@id":"https:\/\/pagina10.com\/web\/#website"},"primaryImageOfPage":{"@id":"https:\/\/pagina10.com\/web\/instituciones-educativas-de-cumbal-se-capacitan-para-proteger-a-sus-estudiantes-del-delito-de-trata\/#primaryimage"},"image":{"@id":"https:\/\/pagina10.com\/web\/instituciones-educativas-de-cumbal-se-capacitan-para-proteger-a-sus-estudiantes-del-delito-de-trata\/#primaryimage"},"thumbnailUrl":"https:\/\/pagina10.com\/web\/wp-content\/uploads\/2021\/09\/Captura-de-Pantalla-2021-09-09-a-las-8.51.08-a.-m..png","datePublished":"2021-09-09T13:51:57+00:00","breadcrumb":{"@id":"https:\/\/pagina10.com\/web\/instituciones-educativas-de-cumbal-se-capacitan-para-proteger-a-sus-estudiantes-del-delito-de-trata\/#breadcrumb"},"inLanguage":"es","potentialAction":[{"@type":"ReadAction","target":["https:\/\/pagina10.com\/web\/instituciones-educativas-de-cumbal-se-capacitan-para-proteger-a-sus-estudiantes-del-delito-de-trata\/"]}]},{"@type":"ImageObject","inLanguage":"es","@id":"https:\/\/pagina10.com\/web\/instituciones-educativas-de-cumbal-se-capacitan-para-proteger-a-sus-estudiantes-del-delito-de-trata\/#primaryimage","url":"https:\/\/pagina10.com\/web\/wp-content\/uploads\/2021\/09\/Captura-de-Pantalla-2021-09-09-a-las-8.51.08-a.-m..png","contentUrl":"https:\/\/pagina10.com\/web\/wp-content\/uploads\/2021\/09\/Captura-de-Pantalla-2021-09-09-a-las-8.51.08-a.-m..png","width":320,"height":300},{"@type":"BreadcrumbList","@id":"https:\/\/pagina10.com\/web\/instituciones-educativas-de-cumbal-se-capacitan-para-proteger-a-sus-estudiantes-del-delito-de-trata\/#breadcrumb","itemListElement":[{"@type":"ListItem","position":1,"name":"Portada","item":"https:\/\/pagina10.com\/web\/"},{"@type":"ListItem","position":2,"name":"Instituciones Educativas de Cumbal se capacitan para proteger a sus estudiantes del delito de trata"}]},{"@type":"WebSite","@id":"https:\/\/pagina10.com\/web\/#website","url":"https:\/\/pagina10.com\/web\/","name":"P\u00e1gina10","description":"Peri\u00f3dico Regional","publisher":{"@id":"https:\/\/pagina10.com\/web\/#organization"},"alternateName":"P\u00e1gina10 Peri\u00f3dico Regional","potentialAction":[{"@type":"SearchAction","target":{"@type":"EntryPoint","urlTemplate":"https:\/\/pagina10.com\/web\/?s={search_term_string}"},"query-input":{"@type":"PropertyValueSpecification","valueRequired":true,"valueName":"search_term_string"}}],"inLanguage":"es"},{"@type":"Organization","@id":"https:\/\/pagina10.com\/web\/#organization","name":"P\u00e1gina10","alternateName":"P\u00e1gina10 Peri\u00f3dico Regional","url":"https:\/\/pagina10.com\/web\/","logo":{"@type":"ImageObject","inLanguage":"es","@id":"https:\/\/pagina10.com\/web\/#\/schema\/logo\/image\/","url":"https:\/\/pagina10.com\/web\/wp-content\/uploads\/2024\/01\/40-pagina-10-periodico-regional-pasto.jpg","contentUrl":"https:\/\/pagina10.com\/web\/wp-content\/uploads\/2024\/01\/40-pagina-10-periodico-regional-pasto.jpg","width":1280,"height":720,"caption":"P\u00e1gina10"},"image":{"@id":"https:\/\/pagina10.com\/web\/#\/schema\/logo\/image\/"},"sameAs":["https:\/\/www.facebook.com\/pag10com","https:\/\/x.com\/Pag10com","https:\/\/www.instagram.com\/pagina10col\/","https:\/\/youtube.com\/channel\/pag10","https:\/\/www.tiktok.com\/@p10col"]},{"@type":"Person","@id":"https:\/\/pagina10.com\/web\/#\/schema\/person\/2efc4a090d25b667d3bc796798a3a81b","name":"P\u00e1gina 10","description":"P\u00e1gina 10 es un peri\u00f3dico regional que nace en Colombia, en el departamento de Nari\u00f1o, con un enfoque global, fundamentado en cuatro pilares esenciales: la libertad, el pluralismo, la inclusi\u00f3n y la independencia. P\u00e1gina 10 hace referencia a Nari\u00f1o como el d\u00e9cimo departamento creado en Colombia, despu\u00e9s de un proceso pol\u00edtico liderado por actores y actrices regionales con el fin de obtener la independencia y autonom\u00eda de nuestros territorios. Con la creaci\u00f3n de P\u00e1gina 10 se pretende abrir un escenario para el dialogo, la reflexi\u00f3n y el debate que se extienda a otras geograf\u00edas de Am\u00e9rica Latina y del planeta, en una apuesta por transformar colectivamente los desaf\u00edos de un mundo contempor\u00e1neo, m\u00e1s all\u00e1 de las fronteras impuestas.","url":"https:\/\/pagina10.com\/web\/author\/pdiezadmin\/"}]}},"_links":{"self":[{"href":"https:\/\/pagina10.com\/web\/wp-json\/wp\/v2\/posts\/55556","targetHints":{"allow":["GET"]}}],"collection":[{"href":"https:\/\/pagina10.com\/web\/wp-json\/wp\/v2\/posts"}],"about":[{"href":"https:\/\/pagina10.com\/web\/wp-json\/wp\/v2\/types\/post"}],"author":[{"embeddable":true,"href":"https:\/\/pagina10.com\/web\/wp-json\/wp\/v2\/users\/1"}],"replies":[{"embeddable":true,"href":"https:\/\/pagina10.com\/web\/wp-json\/wp\/v2\/comments?post=55556"}],"version-history":[{"count":1,"href":"https:\/\/pagina10.com\/web\/wp-json\/wp\/v2\/posts\/55556\/revisions"}],"predecessor-version":[{"id":55558,"href":"https:\/\/pagina10.com\/web\/wp-json\/wp\/v2\/posts\/55556\/revisions\/55558"}],"wp:featuredmedia":[{"embeddable":true,"href":"https:\/\/pagina10.com\/web\/wp-json\/wp\/v2\/media\/55557"}],"wp:attachment":[{"href":"https:\/\/pagina10.com\/web\/wp-json\/wp\/v2\/media?parent=55556"}],"wp:term":[{"taxonomy":"category","embeddable":true,"href":"https:\/\/pagina10.com\/web\/wp-json\/wp\/v2\/categories?post=55556"},{"taxonomy":"post_tag","embeddable":true,"href":"https:\/\/pagina10.com\/web\/wp-json\/wp\/v2\/tags?post=55556"}],"curies":[{"name":"wp","href":"https:\/\/api.w.org\/{rel}","templated":true}]}}