{"id":55559,"date":"2021-09-09T08:57:26","date_gmt":"2021-09-09T13:57:26","guid":{"rendered":"https:\/\/pagina10.com\/web\/?p=55559"},"modified":"2021-09-09T08:57:26","modified_gmt":"2021-09-09T13:57:26","slug":"familiares-de-victimas-de-desaparicion-forzada-en-narino-recibiran-apoyo-psicologico-integral","status":"publish","type":"post","link":"https:\/\/pagina10.com\/web\/familiares-de-victimas-de-desaparicion-forzada-en-narino-recibiran-apoyo-psicologico-integral\/","title":{"rendered":"Familiares de v\u00edctimas de desaparici\u00f3n forzada en Nari\u00f1o recibir\u00e1n apoyo psicol\u00f3gico integral"},"content":{"rendered":"<p style=\"text-align: justify;\">Con el apoyo del Colectivo Socio Jur\u00eddico Orlando Fals Borda y la Universidad de Nari\u00f1o, las familias de las v\u00edctimas de desaparici\u00f3n forzada recibir\u00e1n atenci\u00f3n psicol\u00f3gica y psicosocial, en un esfuerzo interinstitucional encaminado a restituir derechos a esta poblaci\u00f3n en el Departamento.<\/p>\n<div style=\"text-align: justify;\">\nJunto a las organizaciones de v\u00edctimas y las instituciones que hacen parte de la Mesa Departamental de Desaparici\u00f3n Forzada, se realiz\u00f3 acompa\u00f1amiento en la instalaci\u00f3n de este importante convenio en favor de las v\u00edctimas de desaparici\u00f3n en el departamento. &#8220;Desde la Secretar\u00eda de Gobierno y por su puesto desde la Administraci\u00f3n Departamental, seguiremos aportando a la construcci\u00f3n de escenarios de paz, que permitan que las afectaciones que han sufrido las v\u00edctimas de desaparici\u00f3n forzada puedan ser superadas&#8221; Indic\u00f3 el Secretario de Gobierno Departamental, Francisco Cer\u00f3n.<\/p>\n<div style=\"text-align: justify;\">\n&#8220;Uno de los elementos m\u00e1s significativos es la inauguraci\u00f3n de la escuela de psicodrama como un ejercicio de resiliencia y de aporte a la construcci\u00f3n social de las v\u00edctimas en el sentido de su recuperaci\u00f3n emocional, de su paso de condici\u00f3n de v\u00edctimas a un paso de mujeres y hombres empoderados desde el cual puedan hablar y fortalecerse en un contexto de tejido social\u201d, manifest\u00f3 el Coordinador del Colectivo Socio Jur\u00eddico Orlando Falls Borda, Cesar Santoyo Santos.<\/p>\n<div style=\"text-align: justify;\">\nEs importante tambi\u00e9n destacar el aporte que hace la Universidad de Nari\u00f1o, a trav\u00e9s de la Facultad de Ciencias Humanas y el Departamento de Psicolog\u00eda, que permite el desarrollo de este convenio. &#8220;La Universidad de Nari\u00f1o como \u00fanica universidad p\u00fablica de nuestro departamento debe llegar a los diferentes municipios y realizar de manera prioritaria la atenci\u00f3n a esta poblaci\u00f3n v\u00edctima que tanto lo necesita. De esta manera contribuimos desde la academia a que las v\u00edctimas de desaparici\u00f3n encuentren una mejor manera de continuar su vida\u201d, expres\u00f3 la Rectora de la Universidad de Nari\u00f1o, Martha Sofia Gonzales.<\/div>\n<div style=\"text-align: justify;\">\nLas organizaciones de v\u00edctimas expresaron sus agradecimientos a las instituciones, en especial a aquellas que hacen parte de la Mesa Departamental de Desaparici\u00f3n, por su apoyo a este proceso tan dif\u00edcil que llevan d\u00eda a d\u00eda. &#8221; Esto nos ayuda much\u00edsimo a recuperar esa confianza en nosotros, a recuperar esa dignidad que nosotros pens\u00e1bamos estaba perdida, nos permite convertirnos en unas mujeres valerosas y en unas mujeres capaces de salir adelante y de aportar a la reconstrucci\u00f3n de ese tejido social que fue quebrantado&#8221;, se\u00f1al\u00f3 la Representante de la Asociaci\u00f3n de Desarrollo Integral para V\u00edctimas, Regional Nari\u00f1o \u2013 Avides, Roc\u00edo de F\u00e1tima Granja.<\/div>\n<\/div>\n<\/div>\n","protected":false},"excerpt":{"rendered":"<p>Con el apoyo del Colectivo Socio Jur\u00eddico Orlando Fals Borda y la Universidad de Nari\u00f1o, las familias de las v\u00edctimas de desaparici\u00f3n forzada recibir\u00e1n atenci\u00f3n psicol\u00f3gica y psicosocial, en un esfuerzo interinstitucional encaminado a restituir derechos a esta poblaci\u00f3n en el Departamento. Junto a las organizaciones de v\u00edctimas y las instituciones que hacen parte de [&hellip;]<\/p>\n","protected":false},"author":1,"featured_media":55560,"comment_status":"open","ping_status":"open","sticky":false,"template":"","format":"standard","meta":{"footnotes":""},"categories":[53],"tags":[],"class_list":["post-55559","post","type-post","status-publish","format-standard","has-post-thumbnail","hentry","category-regiones"],"yoast_head":"<!-- This site is optimized with the Yoast SEO plugin v27.1.1 - https:\/\/yoast.com\/product\/yoast-seo-wordpress\/ -->\n<title>Familiares de v\u00edctimas de desaparici\u00f3n forzada en Nari\u00f1o recibir\u00e1n apoyo psicol\u00f3gico integral | P\u00e1gina10<\/title>\n<meta name=\"robots\" content=\"index, follow, max-snippet:-1, max-image-preview:large, max-video-preview:-1\" \/>\n<link rel=\"canonical\" href=\"https:\/\/pagina10.com\/web\/familiares-de-victimas-de-desaparicion-forzada-en-narino-recibiran-apoyo-psicologico-integral\/\" \/>\n<meta property=\"og:locale\" content=\"es_ES\" \/>\n<meta property=\"og:type\" content=\"article\" \/>\n<meta property=\"og:title\" content=\"Familiares de v\u00edctimas de desaparici\u00f3n forzada en Nari\u00f1o recibir\u00e1n apoyo psicol\u00f3gico integral | P\u00e1gina10\" \/>\n<meta property=\"og:description\" content=\"Con el apoyo del Colectivo Socio Jur\u00eddico Orlando Fals Borda y la Universidad de Nari\u00f1o, las familias de las v\u00edctimas de desaparici\u00f3n forzada recibir\u00e1n atenci\u00f3n psicol\u00f3gica y psicosocial, en un esfuerzo interinstitucional encaminado a restituir derechos a esta poblaci\u00f3n en el Departamento. Junto a las organizaciones de v\u00edctimas y las instituciones que hacen parte de [&hellip;]\" \/>\n<meta property=\"og:url\" content=\"https:\/\/pagina10.com\/web\/familiares-de-victimas-de-desaparicion-forzada-en-narino-recibiran-apoyo-psicologico-integral\/\" \/>\n<meta property=\"og:site_name\" content=\"P\u00e1gina10\" \/>\n<meta property=\"article:publisher\" content=\"https:\/\/www.facebook.com\/pag10com\" \/>\n<meta property=\"article:published_time\" content=\"2021-09-09T13:57:26+00:00\" \/>\n<meta property=\"og:image\" content=\"https:\/\/pagina10.com\/web\/wp-content\/uploads\/2021\/09\/Captura-de-Pantalla-2021-09-09-a-las-8.53.32-a.-m..png\" \/>\n\t<meta property=\"og:image:width\" content=\"437\" \/>\n\t<meta property=\"og:image:height\" content=\"250\" \/>\n\t<meta property=\"og:image:type\" content=\"image\/png\" \/>\n<meta name=\"author\" content=\"P\u00e1gina 10\" \/>\n<meta name=\"twitter:card\" content=\"summary_large_image\" \/>\n<meta name=\"twitter:creator\" content=\"@Pag10com\" \/>\n<meta name=\"twitter:site\" content=\"@Pag10com\" \/>\n<meta name=\"twitter:label1\" content=\"Escrito por\" \/>\n\t<meta name=\"twitter:data1\" content=\"P\u00e1gina 10\" \/>\n\t<meta name=\"twitter:label2\" content=\"Tiempo de lectura\" \/>\n\t<meta name=\"twitter:data2\" content=\"2 minutos\" \/>\n<script type=\"application\/ld+json\" class=\"yoast-schema-graph\">{\"@context\":\"https:\/\/schema.org\",\"@graph\":[{\"@type\":\"Article\",\"@id\":\"https:\/\/pagina10.com\/web\/familiares-de-victimas-de-desaparicion-forzada-en-narino-recibiran-apoyo-psicologico-integral\/#article\",\"isPartOf\":{\"@id\":\"https:\/\/pagina10.com\/web\/familiares-de-victimas-de-desaparicion-forzada-en-narino-recibiran-apoyo-psicologico-integral\/\"},\"author\":{\"name\":\"P\u00e1gina 10\",\"@id\":\"https:\/\/pagina10.com\/web\/#\/schema\/person\/2efc4a090d25b667d3bc796798a3a81b\"},\"headline\":\"Familiares de v\u00edctimas de desaparici\u00f3n forzada en Nari\u00f1o recibir\u00e1n apoyo psicol\u00f3gico integral\",\"datePublished\":\"2021-09-09T13:57:26+00:00\",\"mainEntityOfPage\":{\"@id\":\"https:\/\/pagina10.com\/web\/familiares-de-victimas-de-desaparicion-forzada-en-narino-recibiran-apoyo-psicologico-integral\/\"},\"wordCount\":472,\"commentCount\":0,\"publisher\":{\"@id\":\"https:\/\/pagina10.com\/web\/#organization\"},\"image\":{\"@id\":\"https:\/\/pagina10.com\/web\/familiares-de-victimas-de-desaparicion-forzada-en-narino-recibiran-apoyo-psicologico-integral\/#primaryimage\"},\"thumbnailUrl\":\"https:\/\/pagina10.com\/web\/wp-content\/uploads\/2021\/09\/Captura-de-Pantalla-2021-09-09-a-las-8.53.32-a.-m..png\",\"articleSection\":[\"Regiones\"],\"inLanguage\":\"es\",\"potentialAction\":[{\"@type\":\"CommentAction\",\"name\":\"Comment\",\"target\":[\"https:\/\/pagina10.com\/web\/familiares-de-victimas-de-desaparicion-forzada-en-narino-recibiran-apoyo-psicologico-integral\/#respond\"]}]},{\"@type\":\"WebPage\",\"@id\":\"https:\/\/pagina10.com\/web\/familiares-de-victimas-de-desaparicion-forzada-en-narino-recibiran-apoyo-psicologico-integral\/\",\"url\":\"https:\/\/pagina10.com\/web\/familiares-de-victimas-de-desaparicion-forzada-en-narino-recibiran-apoyo-psicologico-integral\/\",\"name\":\"Familiares de v\u00edctimas de desaparici\u00f3n forzada en Nari\u00f1o recibir\u00e1n apoyo psicol\u00f3gico integral | P\u00e1gina10\",\"isPartOf\":{\"@id\":\"https:\/\/pagina10.com\/web\/#website\"},\"primaryImageOfPage\":{\"@id\":\"https:\/\/pagina10.com\/web\/familiares-de-victimas-de-desaparicion-forzada-en-narino-recibiran-apoyo-psicologico-integral\/#primaryimage\"},\"image\":{\"@id\":\"https:\/\/pagina10.com\/web\/familiares-de-victimas-de-desaparicion-forzada-en-narino-recibiran-apoyo-psicologico-integral\/#primaryimage\"},\"thumbnailUrl\":\"https:\/\/pagina10.com\/web\/wp-content\/uploads\/2021\/09\/Captura-de-Pantalla-2021-09-09-a-las-8.53.32-a.-m..png\",\"datePublished\":\"2021-09-09T13:57:26+00:00\",\"breadcrumb\":{\"@id\":\"https:\/\/pagina10.com\/web\/familiares-de-victimas-de-desaparicion-forzada-en-narino-recibiran-apoyo-psicologico-integral\/#breadcrumb\"},\"inLanguage\":\"es\",\"potentialAction\":[{\"@type\":\"ReadAction\",\"target\":[\"https:\/\/pagina10.com\/web\/familiares-de-victimas-de-desaparicion-forzada-en-narino-recibiran-apoyo-psicologico-integral\/\"]}]},{\"@type\":\"ImageObject\",\"inLanguage\":\"es\",\"@id\":\"https:\/\/pagina10.com\/web\/familiares-de-victimas-de-desaparicion-forzada-en-narino-recibiran-apoyo-psicologico-integral\/#primaryimage\",\"url\":\"https:\/\/pagina10.com\/web\/wp-content\/uploads\/2021\/09\/Captura-de-Pantalla-2021-09-09-a-las-8.53.32-a.-m..png\",\"contentUrl\":\"https:\/\/pagina10.com\/web\/wp-content\/uploads\/2021\/09\/Captura-de-Pantalla-2021-09-09-a-las-8.53.32-a.-m..png\",\"width\":437,\"height\":250},{\"@type\":\"BreadcrumbList\",\"@id\":\"https:\/\/pagina10.com\/web\/familiares-de-victimas-de-desaparicion-forzada-en-narino-recibiran-apoyo-psicologico-integral\/#breadcrumb\",\"itemListElement\":[{\"@type\":\"ListItem\",\"position\":1,\"name\":\"Portada\",\"item\":\"https:\/\/pagina10.com\/web\/\"},{\"@type\":\"ListItem\",\"position\":2,\"name\":\"Familiares de v\u00edctimas de desaparici\u00f3n forzada en Nari\u00f1o recibir\u00e1n apoyo psicol\u00f3gico integral\"}]},{\"@type\":\"WebSite\",\"@id\":\"https:\/\/pagina10.com\/web\/#website\",\"url\":\"https:\/\/pagina10.com\/web\/\",\"name\":\"P\u00e1gina10\",\"description\":\"Peri\u00f3dico Regional\",\"publisher\":{\"@id\":\"https:\/\/pagina10.com\/web\/#organization\"},\"alternateName\":\"P\u00e1gina10 Peri\u00f3dico Regional\",\"potentialAction\":[{\"@type\":\"SearchAction\",\"target\":{\"@type\":\"EntryPoint\",\"urlTemplate\":\"https:\/\/pagina10.com\/web\/?s={search_term_string}\"},\"query-input\":{\"@type\":\"PropertyValueSpecification\",\"valueRequired\":true,\"valueName\":\"search_term_string\"}}],\"inLanguage\":\"es\"},{\"@type\":\"Organization\",\"@id\":\"https:\/\/pagina10.com\/web\/#organization\",\"name\":\"P\u00e1gina10\",\"alternateName\":\"P\u00e1gina10 Peri\u00f3dico Regional\",\"url\":\"https:\/\/pagina10.com\/web\/\",\"logo\":{\"@type\":\"ImageObject\",\"inLanguage\":\"es\",\"@id\":\"https:\/\/pagina10.com\/web\/#\/schema\/logo\/image\/\",\"url\":\"https:\/\/pagina10.com\/web\/wp-content\/uploads\/2024\/01\/40-pagina-10-periodico-regional-pasto.jpg\",\"contentUrl\":\"https:\/\/pagina10.com\/web\/wp-content\/uploads\/2024\/01\/40-pagina-10-periodico-regional-pasto.jpg\",\"width\":1280,\"height\":720,\"caption\":\"P\u00e1gina10\"},\"image\":{\"@id\":\"https:\/\/pagina10.com\/web\/#\/schema\/logo\/image\/\"},\"sameAs\":[\"https:\/\/www.facebook.com\/pag10com\",\"https:\/\/x.com\/Pag10com\",\"https:\/\/www.instagram.com\/pagina10col\/\",\"https:\/\/youtube.com\/channel\/pag10\",\"https:\/\/www.tiktok.com\/@p10col\"]},{\"@type\":\"Person\",\"@id\":\"https:\/\/pagina10.com\/web\/#\/schema\/person\/2efc4a090d25b667d3bc796798a3a81b\",\"name\":\"P\u00e1gina 10\",\"description\":\"P\u00e1gina 10 es un peri\u00f3dico regional que nace en Colombia, en el departamento de Nari\u00f1o, con un enfoque global, fundamentado en cuatro pilares esenciales: la libertad, el pluralismo, la inclusi\u00f3n y la independencia. P\u00e1gina 10 hace referencia a Nari\u00f1o como el d\u00e9cimo departamento creado en Colombia, despu\u00e9s de un proceso pol\u00edtico liderado por actores y actrices regionales con el fin de obtener la independencia y autonom\u00eda de nuestros territorios. Con la creaci\u00f3n de P\u00e1gina 10 se pretende abrir un escenario para el dialogo, la reflexi\u00f3n y el debate que se extienda a otras geograf\u00edas de Am\u00e9rica Latina y del planeta, en una apuesta por transformar colectivamente los desaf\u00edos de un mundo contempor\u00e1neo, m\u00e1s all\u00e1 de las fronteras impuestas.\",\"url\":\"https:\/\/pagina10.com\/web\/author\/pdiezadmin\/\"}]}<\/script>\n<!-- \/ Yoast SEO plugin. -->","yoast_head_json":{"title":"Familiares de v\u00edctimas de desaparici\u00f3n forzada en Nari\u00f1o recibir\u00e1n apoyo psicol\u00f3gico integral | P\u00e1gina10","robots":{"index":"index","follow":"follow","max-snippet":"max-snippet:-1","max-image-preview":"max-image-preview:large","max-video-preview":"max-video-preview:-1"},"canonical":"https:\/\/pagina10.com\/web\/familiares-de-victimas-de-desaparicion-forzada-en-narino-recibiran-apoyo-psicologico-integral\/","og_locale":"es_ES","og_type":"article","og_title":"Familiares de v\u00edctimas de desaparici\u00f3n forzada en Nari\u00f1o recibir\u00e1n apoyo psicol\u00f3gico integral | P\u00e1gina10","og_description":"Con el apoyo del Colectivo Socio Jur\u00eddico Orlando Fals Borda y la Universidad de Nari\u00f1o, las familias de las v\u00edctimas de desaparici\u00f3n forzada recibir\u00e1n atenci\u00f3n psicol\u00f3gica y psicosocial, en un esfuerzo interinstitucional encaminado a restituir derechos a esta poblaci\u00f3n en el Departamento. Junto a las organizaciones de v\u00edctimas y las instituciones que hacen parte de [&hellip;]","og_url":"https:\/\/pagina10.com\/web\/familiares-de-victimas-de-desaparicion-forzada-en-narino-recibiran-apoyo-psicologico-integral\/","og_site_name":"P\u00e1gina10","article_publisher":"https:\/\/www.facebook.com\/pag10com","article_published_time":"2021-09-09T13:57:26+00:00","og_image":[{"width":437,"height":250,"url":"https:\/\/pagina10.com\/web\/wp-content\/uploads\/2021\/09\/Captura-de-Pantalla-2021-09-09-a-las-8.53.32-a.-m..png","type":"image\/png"}],"author":"P\u00e1gina 10","twitter_card":"summary_large_image","twitter_creator":"@Pag10com","twitter_site":"@Pag10com","twitter_misc":{"Escrito por":"P\u00e1gina 10","Tiempo de lectura":"2 minutos"},"schema":{"@context":"https:\/\/schema.org","@graph":[{"@type":"Article","@id":"https:\/\/pagina10.com\/web\/familiares-de-victimas-de-desaparicion-forzada-en-narino-recibiran-apoyo-psicologico-integral\/#article","isPartOf":{"@id":"https:\/\/pagina10.com\/web\/familiares-de-victimas-de-desaparicion-forzada-en-narino-recibiran-apoyo-psicologico-integral\/"},"author":{"name":"P\u00e1gina 10","@id":"https:\/\/pagina10.com\/web\/#\/schema\/person\/2efc4a090d25b667d3bc796798a3a81b"},"headline":"Familiares de v\u00edctimas de desaparici\u00f3n forzada en Nari\u00f1o recibir\u00e1n apoyo psicol\u00f3gico integral","datePublished":"2021-09-09T13:57:26+00:00","mainEntityOfPage":{"@id":"https:\/\/pagina10.com\/web\/familiares-de-victimas-de-desaparicion-forzada-en-narino-recibiran-apoyo-psicologico-integral\/"},"wordCount":472,"commentCount":0,"publisher":{"@id":"https:\/\/pagina10.com\/web\/#organization"},"image":{"@id":"https:\/\/pagina10.com\/web\/familiares-de-victimas-de-desaparicion-forzada-en-narino-recibiran-apoyo-psicologico-integral\/#primaryimage"},"thumbnailUrl":"https:\/\/pagina10.com\/web\/wp-content\/uploads\/2021\/09\/Captura-de-Pantalla-2021-09-09-a-las-8.53.32-a.-m..png","articleSection":["Regiones"],"inLanguage":"es","potentialAction":[{"@type":"CommentAction","name":"Comment","target":["https:\/\/pagina10.com\/web\/familiares-de-victimas-de-desaparicion-forzada-en-narino-recibiran-apoyo-psicologico-integral\/#respond"]}]},{"@type":"WebPage","@id":"https:\/\/pagina10.com\/web\/familiares-de-victimas-de-desaparicion-forzada-en-narino-recibiran-apoyo-psicologico-integral\/","url":"https:\/\/pagina10.com\/web\/familiares-de-victimas-de-desaparicion-forzada-en-narino-recibiran-apoyo-psicologico-integral\/","name":"Familiares de v\u00edctimas de desaparici\u00f3n forzada en Nari\u00f1o recibir\u00e1n apoyo psicol\u00f3gico integral | P\u00e1gina10","isPartOf":{"@id":"https:\/\/pagina10.com\/web\/#website"},"primaryImageOfPage":{"@id":"https:\/\/pagina10.com\/web\/familiares-de-victimas-de-desaparicion-forzada-en-narino-recibiran-apoyo-psicologico-integral\/#primaryimage"},"image":{"@id":"https:\/\/pagina10.com\/web\/familiares-de-victimas-de-desaparicion-forzada-en-narino-recibiran-apoyo-psicologico-integral\/#primaryimage"},"thumbnailUrl":"https:\/\/pagina10.com\/web\/wp-content\/uploads\/2021\/09\/Captura-de-Pantalla-2021-09-09-a-las-8.53.32-a.-m..png","datePublished":"2021-09-09T13:57:26+00:00","breadcrumb":{"@id":"https:\/\/pagina10.com\/web\/familiares-de-victimas-de-desaparicion-forzada-en-narino-recibiran-apoyo-psicologico-integral\/#breadcrumb"},"inLanguage":"es","potentialAction":[{"@type":"ReadAction","target":["https:\/\/pagina10.com\/web\/familiares-de-victimas-de-desaparicion-forzada-en-narino-recibiran-apoyo-psicologico-integral\/"]}]},{"@type":"ImageObject","inLanguage":"es","@id":"https:\/\/pagina10.com\/web\/familiares-de-victimas-de-desaparicion-forzada-en-narino-recibiran-apoyo-psicologico-integral\/#primaryimage","url":"https:\/\/pagina10.com\/web\/wp-content\/uploads\/2021\/09\/Captura-de-Pantalla-2021-09-09-a-las-8.53.32-a.-m..png","contentUrl":"https:\/\/pagina10.com\/web\/wp-content\/uploads\/2021\/09\/Captura-de-Pantalla-2021-09-09-a-las-8.53.32-a.-m..png","width":437,"height":250},{"@type":"BreadcrumbList","@id":"https:\/\/pagina10.com\/web\/familiares-de-victimas-de-desaparicion-forzada-en-narino-recibiran-apoyo-psicologico-integral\/#breadcrumb","itemListElement":[{"@type":"ListItem","position":1,"name":"Portada","item":"https:\/\/pagina10.com\/web\/"},{"@type":"ListItem","position":2,"name":"Familiares de v\u00edctimas de desaparici\u00f3n forzada en Nari\u00f1o recibir\u00e1n apoyo psicol\u00f3gico integral"}]},{"@type":"WebSite","@id":"https:\/\/pagina10.com\/web\/#website","url":"https:\/\/pagina10.com\/web\/","name":"P\u00e1gina10","description":"Peri\u00f3dico Regional","publisher":{"@id":"https:\/\/pagina10.com\/web\/#organization"},"alternateName":"P\u00e1gina10 Peri\u00f3dico Regional","potentialAction":[{"@type":"SearchAction","target":{"@type":"EntryPoint","urlTemplate":"https:\/\/pagina10.com\/web\/?s={search_term_string}"},"query-input":{"@type":"PropertyValueSpecification","valueRequired":true,"valueName":"search_term_string"}}],"inLanguage":"es"},{"@type":"Organization","@id":"https:\/\/pagina10.com\/web\/#organization","name":"P\u00e1gina10","alternateName":"P\u00e1gina10 Peri\u00f3dico Regional","url":"https:\/\/pagina10.com\/web\/","logo":{"@type":"ImageObject","inLanguage":"es","@id":"https:\/\/pagina10.com\/web\/#\/schema\/logo\/image\/","url":"https:\/\/pagina10.com\/web\/wp-content\/uploads\/2024\/01\/40-pagina-10-periodico-regional-pasto.jpg","contentUrl":"https:\/\/pagina10.com\/web\/wp-content\/uploads\/2024\/01\/40-pagina-10-periodico-regional-pasto.jpg","width":1280,"height":720,"caption":"P\u00e1gina10"},"image":{"@id":"https:\/\/pagina10.com\/web\/#\/schema\/logo\/image\/"},"sameAs":["https:\/\/www.facebook.com\/pag10com","https:\/\/x.com\/Pag10com","https:\/\/www.instagram.com\/pagina10col\/","https:\/\/youtube.com\/channel\/pag10","https:\/\/www.tiktok.com\/@p10col"]},{"@type":"Person","@id":"https:\/\/pagina10.com\/web\/#\/schema\/person\/2efc4a090d25b667d3bc796798a3a81b","name":"P\u00e1gina 10","description":"P\u00e1gina 10 es un peri\u00f3dico regional que nace en Colombia, en el departamento de Nari\u00f1o, con un enfoque global, fundamentado en cuatro pilares esenciales: la libertad, el pluralismo, la inclusi\u00f3n y la independencia. P\u00e1gina 10 hace referencia a Nari\u00f1o como el d\u00e9cimo departamento creado en Colombia, despu\u00e9s de un proceso pol\u00edtico liderado por actores y actrices regionales con el fin de obtener la independencia y autonom\u00eda de nuestros territorios. Con la creaci\u00f3n de P\u00e1gina 10 se pretende abrir un escenario para el dialogo, la reflexi\u00f3n y el debate que se extienda a otras geograf\u00edas de Am\u00e9rica Latina y del planeta, en una apuesta por transformar colectivamente los desaf\u00edos de un mundo contempor\u00e1neo, m\u00e1s all\u00e1 de las fronteras impuestas.","url":"https:\/\/pagina10.com\/web\/author\/pdiezadmin\/"}]}},"_links":{"self":[{"href":"https:\/\/pagina10.com\/web\/wp-json\/wp\/v2\/posts\/55559","targetHints":{"allow":["GET"]}}],"collection":[{"href":"https:\/\/pagina10.com\/web\/wp-json\/wp\/v2\/posts"}],"about":[{"href":"https:\/\/pagina10.com\/web\/wp-json\/wp\/v2\/types\/post"}],"author":[{"embeddable":true,"href":"https:\/\/pagina10.com\/web\/wp-json\/wp\/v2\/users\/1"}],"replies":[{"embeddable":true,"href":"https:\/\/pagina10.com\/web\/wp-json\/wp\/v2\/comments?post=55559"}],"version-history":[{"count":1,"href":"https:\/\/pagina10.com\/web\/wp-json\/wp\/v2\/posts\/55559\/revisions"}],"predecessor-version":[{"id":55561,"href":"https:\/\/pagina10.com\/web\/wp-json\/wp\/v2\/posts\/55559\/revisions\/55561"}],"wp:featuredmedia":[{"embeddable":true,"href":"https:\/\/pagina10.com\/web\/wp-json\/wp\/v2\/media\/55560"}],"wp:attachment":[{"href":"https:\/\/pagina10.com\/web\/wp-json\/wp\/v2\/media?parent=55559"}],"wp:term":[{"taxonomy":"category","embeddable":true,"href":"https:\/\/pagina10.com\/web\/wp-json\/wp\/v2\/categories?post=55559"},{"taxonomy":"post_tag","embeddable":true,"href":"https:\/\/pagina10.com\/web\/wp-json\/wp\/v2\/tags?post=55559"}],"curies":[{"name":"wp","href":"https:\/\/api.w.org\/{rel}","templated":true}]}}