{"id":55586,"date":"2021-09-11T08:49:41","date_gmt":"2021-09-11T13:49:41","guid":{"rendered":"https:\/\/pagina10.com\/web\/?p=55586"},"modified":"2021-09-11T10:25:56","modified_gmt":"2021-09-11T15:25:56","slug":"sindicato-de-corponarino-se-cansa-de-tanta-corrupcion-y-politiqueria","status":"publish","type":"post","link":"https:\/\/pagina10.com\/web\/sindicato-de-corponarino-se-cansa-de-tanta-corrupcion-y-politiqueria\/","title":{"rendered":"Sindicato de CORPONARI\u00d1O se cansa de tanta corrupci\u00f3n y politiquer\u00eda"},"content":{"rendered":"<p style=\"text-align: justify;\">\u00a0Por fin escuchamos el pronunciamiento serio de un sindicato ante tanta negligencia, desidia administrativa, clientelismo, burocracia y arrogancia de un grupo politiquero que sumi\u00f3 a esta entidad en una crisis sin precedentes.<\/p>\n<p style=\"text-align: justify;\">Como lo expresa el periodismo local, esta entidad es manejada por un grupo politiquero, por una familia, por clanes y mafias que se creen amos y due\u00f1os, unos bichos que chupan\u00a0 todo el n\u00e9ctar de sus frutos.<\/p>\n<p style=\"text-align: justify;\">Al fin se escucha una voz sensata y valerosa que propende por la recuperaci\u00f3n de la entidad y ponerla al servicio de las causas ambientales en nuestro departamento.<\/p>\n<p style=\"text-align: justify;\">Tarde, pero valerosa, defensa. Lo mismo deben hacer lo sindicatos de tantas entidades del departamento que se encuentran secuestradas por testaferros al servicio de grupos pol\u00edticos que con total desfachatez usufruct\u00faan sus recursos desvi\u00e1ndolos al servicio de clanes y mafias.<\/p>\n<p style=\"text-align: justify;\">Ya\u00a0 era hora de que un sindicato se exprese en defensa de sus ideales y objetivos. No es posible que el silencio de muchos sindicatos permita todo tipo de atropellos y corrupci\u00f3n. Que cohonesten con los pol\u00edticos de turno para\u00a0 saquear y expoliar a nuestras empresas y entidades.<\/p>\n<p style=\"text-align: justify;\"><a href=\"https:\/\/pagina10.com\/web\/corponarino-ocupa-los-ultimos-lugares-entre-las-car-de-colombia\/\">El hecho de ocupar un \u00faltimo lugar los sacudi\u00f3, les movi\u00f3 las entra\u00f1as, los oblig\u00f3 a hacer uso de la dignidad.<\/a><\/p>\n<p style=\"text-align: justify;\">Bien por este sindicato, que haciendo acopio de valor y dignidad denuncian el manejo clientelista y corrupto de CORPONARI\u00d1O. Ejemplo a seguir en otras empresas y entidades donde la corrupci\u00f3n campea, los politiqueros reinan y las mafias saquean el erario.<\/p>\n<p style=\"text-align: justify;\">En CORPONARI\u00d1O se requiere profesionales id\u00f3neos y competentes que propendan por la recuperaci\u00f3n de nuestro medio ambiente y generen pol\u00edticas en tal sentido. Ese \u00faltimo lugar es la clara muestra que la politiquer\u00eda condena a las entidades y al mismo departamento de Nari\u00f1o a un destino de miseria, pobreza y caos.<\/p>\n<p style=\"text-align: justify;\">Rescatemos nuestra entidades y corporaciones. Rescatemos a Nari\u00f1o de las oprobiosas garras de la corrupci\u00f3n.<\/p>\n<p style=\"text-align: justify;\">\u00bfQui\u00e9n entreg\u00f3 esta corporaci\u00f3n a estos clanes familiares? \u00bfQui\u00e9n es esa familia corrupta y carro\u00f1era? Lo expresa uno de los dirigentes del SINDICATO: la familia Enr\u00edquez Rosero.\u00a0 Voz populi que pocos se atrev\u00edan a de iniciar.<\/p>\n<p style=\"text-align: justify;\">En muchas entidades ocurren cosas peores, roban, saquean, meten la mano sucia oscuros politiqueros, se nombran entre s\u00ed, se apoderan de los recursos convirti\u00e9ndolos en cajas de resonancia de sus m\u00e1s viles intereses.<\/p>\n<p style=\"text-align: justify;\">Lleg\u00f3 la hora de expulsar a tanto malandr\u00edn de nuestra entidades. Quiz\u00e1 estemos viendo el renacer del sentido sindical en Nari\u00f1o.<\/p>\n<p><img fetchpriority=\"high\" decoding=\"async\" class=\"aligncenter size-full wp-image-55590\" src=\"https:\/\/pagina10.com\/web\/wp-content\/uploads\/2021\/09\/Captura-de-Pantalla-2021-09-11-a-las-8.59.31-a.-m..png\" alt=\"\" width=\"563\" height=\"730\" srcset=\"https:\/\/pagina10.com\/web\/wp-content\/uploads\/2021\/09\/Captura-de-Pantalla-2021-09-11-a-las-8.59.31-a.-m..png 563w, https:\/\/pagina10.com\/web\/wp-content\/uploads\/2021\/09\/Captura-de-Pantalla-2021-09-11-a-las-8.59.31-a.-m.-231x300.png 231w\" sizes=\"(max-width: 563px) 100vw, 563px\" \/><\/p>\n<p><img decoding=\"async\" class=\"aligncenter size-full wp-image-55591\" src=\"https:\/\/pagina10.com\/web\/wp-content\/uploads\/2021\/09\/Captura-de-Pantalla-2021-09-11-a-las-8.58.46-a.-m..png\" alt=\"\" width=\"583\" height=\"718\" srcset=\"https:\/\/pagina10.com\/web\/wp-content\/uploads\/2021\/09\/Captura-de-Pantalla-2021-09-11-a-las-8.58.46-a.-m..png 583w, https:\/\/pagina10.com\/web\/wp-content\/uploads\/2021\/09\/Captura-de-Pantalla-2021-09-11-a-las-8.58.46-a.-m.-244x300.png 244w\" sizes=\"(max-width: 583px) 100vw, 583px\" \/><\/p>\n<p><img decoding=\"async\" class=\"aligncenter size-full wp-image-55592\" src=\"https:\/\/pagina10.com\/web\/wp-content\/uploads\/2021\/09\/Captura-de-Pantalla-2021-09-11-a-las-8.58.57-a.-m..png\" alt=\"\" width=\"507\" height=\"715\" srcset=\"https:\/\/pagina10.com\/web\/wp-content\/uploads\/2021\/09\/Captura-de-Pantalla-2021-09-11-a-las-8.58.57-a.-m..png 507w, https:\/\/pagina10.com\/web\/wp-content\/uploads\/2021\/09\/Captura-de-Pantalla-2021-09-11-a-las-8.58.57-a.-m.-213x300.png 213w\" sizes=\"(max-width: 507px) 100vw, 507px\" \/><\/p>\n<p><img loading=\"lazy\" decoding=\"async\" class=\"aligncenter size-full wp-image-55593\" src=\"https:\/\/pagina10.com\/web\/wp-content\/uploads\/2021\/09\/Captura-de-Pantalla-2021-09-11-a-las-8.59.08-a.-m..png\" alt=\"\" width=\"540\" height=\"718\" srcset=\"https:\/\/pagina10.com\/web\/wp-content\/uploads\/2021\/09\/Captura-de-Pantalla-2021-09-11-a-las-8.59.08-a.-m..png 540w, https:\/\/pagina10.com\/web\/wp-content\/uploads\/2021\/09\/Captura-de-Pantalla-2021-09-11-a-las-8.59.08-a.-m.-226x300.png 226w\" sizes=\"(max-width: 540px) 100vw, 540px\" \/><\/p>\n","protected":false},"excerpt":{"rendered":"<p>\u00a0Por fin escuchamos el pronunciamiento serio de un sindicato ante tanta negligencia, desidia administrativa, clientelismo, burocracia y arrogancia de un grupo politiquero que sumi\u00f3 a esta entidad en una crisis sin precedentes. Como lo expresa el periodismo local, esta entidad es manejada por un grupo politiquero, por una familia, por clanes y mafias que se [&hellip;]<\/p>\n","protected":false},"author":46,"featured_media":55587,"comment_status":"open","ping_status":"open","sticky":false,"template":"","format":"standard","meta":{"footnotes":""},"categories":[14],"tags":[],"class_list":["post-55586","post","type-post","status-publish","format-standard","has-post-thumbnail","hentry","category-narino-actual"],"yoast_head":"<!-- This site is optimized with the Yoast SEO plugin v27.1.1 - https:\/\/yoast.com\/product\/yoast-seo-wordpress\/ -->\n<title>Sindicato de CORPONARI\u00d1O se cansa de tanta corrupci\u00f3n y politiquer\u00eda | P\u00e1gina10<\/title>\n<meta name=\"robots\" content=\"index, follow, max-snippet:-1, max-image-preview:large, max-video-preview:-1\" \/>\n<link rel=\"canonical\" href=\"https:\/\/pagina10.com\/web\/sindicato-de-corponarino-se-cansa-de-tanta-corrupcion-y-politiqueria\/\" \/>\n<meta property=\"og:locale\" content=\"es_ES\" \/>\n<meta property=\"og:type\" content=\"article\" \/>\n<meta property=\"og:title\" content=\"Sindicato de CORPONARI\u00d1O se cansa de tanta corrupci\u00f3n y politiquer\u00eda | P\u00e1gina10\" \/>\n<meta property=\"og:description\" content=\"\u00a0Por fin escuchamos el pronunciamiento serio de un sindicato ante tanta negligencia, desidia administrativa, clientelismo, burocracia y arrogancia de un grupo politiquero que sumi\u00f3 a esta entidad en una crisis sin precedentes. Como lo expresa el periodismo local, esta entidad es manejada por un grupo politiquero, por una familia, por clanes y mafias que se [&hellip;]\" \/>\n<meta property=\"og:url\" content=\"https:\/\/pagina10.com\/web\/sindicato-de-corponarino-se-cansa-de-tanta-corrupcion-y-politiqueria\/\" \/>\n<meta property=\"og:site_name\" content=\"P\u00e1gina10\" \/>\n<meta property=\"article:publisher\" content=\"https:\/\/www.facebook.com\/pag10com\" \/>\n<meta property=\"article:published_time\" content=\"2021-09-11T13:49:41+00:00\" \/>\n<meta property=\"article:modified_time\" content=\"2021-09-11T15:25:56+00:00\" \/>\n<meta property=\"og:image\" content=\"https:\/\/pagina10.com\/web\/wp-content\/uploads\/2021\/09\/Captura-de-Pantalla-2021-09-11-a-las-8.47.42-a.-m..png\" \/>\n\t<meta property=\"og:image:width\" content=\"829\" \/>\n\t<meta property=\"og:image:height\" content=\"500\" \/>\n\t<meta property=\"og:image:type\" content=\"image\/png\" \/>\n<meta name=\"author\" content=\"Pablo Emilio Obando Acosta\" \/>\n<meta name=\"twitter:card\" content=\"summary_large_image\" \/>\n<meta name=\"twitter:creator\" content=\"@Pag10com\" \/>\n<meta name=\"twitter:site\" content=\"@Pag10com\" \/>\n<meta name=\"twitter:label1\" content=\"Escrito por\" \/>\n\t<meta name=\"twitter:data1\" content=\"Pablo Emilio Obando Acosta\" \/>\n\t<meta name=\"twitter:label2\" content=\"Tiempo de lectura\" \/>\n\t<meta name=\"twitter:data2\" content=\"2 minutos\" \/>\n<script type=\"application\/ld+json\" class=\"yoast-schema-graph\">{\"@context\":\"https:\/\/schema.org\",\"@graph\":[{\"@type\":\"Article\",\"@id\":\"https:\/\/pagina10.com\/web\/sindicato-de-corponarino-se-cansa-de-tanta-corrupcion-y-politiqueria\/#article\",\"isPartOf\":{\"@id\":\"https:\/\/pagina10.com\/web\/sindicato-de-corponarino-se-cansa-de-tanta-corrupcion-y-politiqueria\/\"},\"author\":{\"name\":\"Pablo Emilio Obando Acosta\",\"@id\":\"https:\/\/pagina10.com\/web\/#\/schema\/person\/3d3687c9f037834284853a963ee45123\"},\"headline\":\"Sindicato de CORPONARI\u00d1O se cansa de tanta corrupci\u00f3n y politiquer\u00eda\",\"datePublished\":\"2021-09-11T13:49:41+00:00\",\"dateModified\":\"2021-09-11T15:25:56+00:00\",\"mainEntityOfPage\":{\"@id\":\"https:\/\/pagina10.com\/web\/sindicato-de-corponarino-se-cansa-de-tanta-corrupcion-y-politiqueria\/\"},\"wordCount\":444,\"commentCount\":0,\"publisher\":{\"@id\":\"https:\/\/pagina10.com\/web\/#organization\"},\"image\":{\"@id\":\"https:\/\/pagina10.com\/web\/sindicato-de-corponarino-se-cansa-de-tanta-corrupcion-y-politiqueria\/#primaryimage\"},\"thumbnailUrl\":\"https:\/\/pagina10.com\/web\/wp-content\/uploads\/2021\/09\/Captura-de-Pantalla-2021-09-11-a-las-8.47.42-a.-m..png\",\"articleSection\":[\"Nari\u00f1o Actual\"],\"inLanguage\":\"es\",\"potentialAction\":[{\"@type\":\"CommentAction\",\"name\":\"Comment\",\"target\":[\"https:\/\/pagina10.com\/web\/sindicato-de-corponarino-se-cansa-de-tanta-corrupcion-y-politiqueria\/#respond\"]}]},{\"@type\":\"WebPage\",\"@id\":\"https:\/\/pagina10.com\/web\/sindicato-de-corponarino-se-cansa-de-tanta-corrupcion-y-politiqueria\/\",\"url\":\"https:\/\/pagina10.com\/web\/sindicato-de-corponarino-se-cansa-de-tanta-corrupcion-y-politiqueria\/\",\"name\":\"Sindicato de CORPONARI\u00d1O se cansa de tanta corrupci\u00f3n y politiquer\u00eda | P\u00e1gina10\",\"isPartOf\":{\"@id\":\"https:\/\/pagina10.com\/web\/#website\"},\"primaryImageOfPage\":{\"@id\":\"https:\/\/pagina10.com\/web\/sindicato-de-corponarino-se-cansa-de-tanta-corrupcion-y-politiqueria\/#primaryimage\"},\"image\":{\"@id\":\"https:\/\/pagina10.com\/web\/sindicato-de-corponarino-se-cansa-de-tanta-corrupcion-y-politiqueria\/#primaryimage\"},\"thumbnailUrl\":\"https:\/\/pagina10.com\/web\/wp-content\/uploads\/2021\/09\/Captura-de-Pantalla-2021-09-11-a-las-8.47.42-a.-m..png\",\"datePublished\":\"2021-09-11T13:49:41+00:00\",\"dateModified\":\"2021-09-11T15:25:56+00:00\",\"breadcrumb\":{\"@id\":\"https:\/\/pagina10.com\/web\/sindicato-de-corponarino-se-cansa-de-tanta-corrupcion-y-politiqueria\/#breadcrumb\"},\"inLanguage\":\"es\",\"potentialAction\":[{\"@type\":\"ReadAction\",\"target\":[\"https:\/\/pagina10.com\/web\/sindicato-de-corponarino-se-cansa-de-tanta-corrupcion-y-politiqueria\/\"]}]},{\"@type\":\"ImageObject\",\"inLanguage\":\"es\",\"@id\":\"https:\/\/pagina10.com\/web\/sindicato-de-corponarino-se-cansa-de-tanta-corrupcion-y-politiqueria\/#primaryimage\",\"url\":\"https:\/\/pagina10.com\/web\/wp-content\/uploads\/2021\/09\/Captura-de-Pantalla-2021-09-11-a-las-8.47.42-a.-m..png\",\"contentUrl\":\"https:\/\/pagina10.com\/web\/wp-content\/uploads\/2021\/09\/Captura-de-Pantalla-2021-09-11-a-las-8.47.42-a.-m..png\",\"width\":829,\"height\":500},{\"@type\":\"BreadcrumbList\",\"@id\":\"https:\/\/pagina10.com\/web\/sindicato-de-corponarino-se-cansa-de-tanta-corrupcion-y-politiqueria\/#breadcrumb\",\"itemListElement\":[{\"@type\":\"ListItem\",\"position\":1,\"name\":\"Portada\",\"item\":\"https:\/\/pagina10.com\/web\/\"},{\"@type\":\"ListItem\",\"position\":2,\"name\":\"Sindicato de CORPONARI\u00d1O se cansa de tanta corrupci\u00f3n y politiquer\u00eda\"}]},{\"@type\":\"WebSite\",\"@id\":\"https:\/\/pagina10.com\/web\/#website\",\"url\":\"https:\/\/pagina10.com\/web\/\",\"name\":\"P\u00e1gina10\",\"description\":\"Peri\u00f3dico Regional\",\"publisher\":{\"@id\":\"https:\/\/pagina10.com\/web\/#organization\"},\"alternateName\":\"P\u00e1gina10 Peri\u00f3dico Regional\",\"potentialAction\":[{\"@type\":\"SearchAction\",\"target\":{\"@type\":\"EntryPoint\",\"urlTemplate\":\"https:\/\/pagina10.com\/web\/?s={search_term_string}\"},\"query-input\":{\"@type\":\"PropertyValueSpecification\",\"valueRequired\":true,\"valueName\":\"search_term_string\"}}],\"inLanguage\":\"es\"},{\"@type\":\"Organization\",\"@id\":\"https:\/\/pagina10.com\/web\/#organization\",\"name\":\"P\u00e1gina10\",\"alternateName\":\"P\u00e1gina10 Peri\u00f3dico Regional\",\"url\":\"https:\/\/pagina10.com\/web\/\",\"logo\":{\"@type\":\"ImageObject\",\"inLanguage\":\"es\",\"@id\":\"https:\/\/pagina10.com\/web\/#\/schema\/logo\/image\/\",\"url\":\"https:\/\/pagina10.com\/web\/wp-content\/uploads\/2024\/01\/40-pagina-10-periodico-regional-pasto.jpg\",\"contentUrl\":\"https:\/\/pagina10.com\/web\/wp-content\/uploads\/2024\/01\/40-pagina-10-periodico-regional-pasto.jpg\",\"width\":1280,\"height\":720,\"caption\":\"P\u00e1gina10\"},\"image\":{\"@id\":\"https:\/\/pagina10.com\/web\/#\/schema\/logo\/image\/\"},\"sameAs\":[\"https:\/\/www.facebook.com\/pag10com\",\"https:\/\/x.com\/Pag10com\",\"https:\/\/www.instagram.com\/pagina10col\/\",\"https:\/\/youtube.com\/channel\/pag10\",\"https:\/\/www.tiktok.com\/@p10col\"]},{\"@type\":\"Person\",\"@id\":\"https:\/\/pagina10.com\/web\/#\/schema\/person\/3d3687c9f037834284853a963ee45123\",\"name\":\"Pablo Emilio Obando Acosta\",\"description\":\"PABLO EMILIO OBANDO ACOSTA Nace en el a\u00f1o de 1965. Bachiller acad\u00e9mico Modalidad Humanidades del INEM de Pasto. En 1989 culmina sus estudios universitarios en la Universidad de Nari\u00f1o obteniendo el t\u00edtulo de Licenciado en Ciencias Sociales \u2013 \u00e9nfasis Ciencias de la Educaci\u00f3n \u2013Jornada nocturna-. Especialista en Literatura latinoamericana y colaborador de importantes medios de comunicaci\u00f3n escritos de nuestra regi\u00f3n y del pa\u00eds: El Tiempo.com, Semana.com, Dinero, Diario Del Sur, El Espectador.com, entre otros, Sus escritos se conocen y han obtenido reconocimientos en Chile, Uruguay, Paraguay, Espa\u00f1a y Alemania. En el a\u00f1o 2000 obtiene el reconocimiento CORREO DEL SUR como el personaje c\u00edvico del a\u00f1o por su f\u00e9rrea defensa de la dignidad pastense al protestar con su documento \u201cUn pueblo ante la historia\u201d por el trato despectivo de algunos medios de comunicaci\u00f3n. Las reacciones no se hacen esperar en peri\u00f3dicos de circulaci\u00f3n regional y nacional como El Tiempo, El Espectador y El Pa\u00eds. Ha obtenido m\u00faltiples medallas y condecoraciones por su labor period\u00edstica y cultural: Medalla al merito Guillermo Edmundo Ch\u00e1vez \u2013 mejor escritor del departamento de Nari\u00f1o 2005 \u2013 Fundaci\u00f3n Gabriel Garc\u00eda M\u00e1rquez. Mejor Columnista del departamento de Nari\u00f1o \u2013 a\u00f1os 1991 \u2013 1993 \u2013 1996 \u2013 2001 \u2013 2006 Fundaci\u00f3n Cultural Correo del Sur. Personaje C\u00edvico del Departamento de Nari\u00f1o a\u00f1o 2000. Medalla \u00c1lvaro Javier Jurado Calvache a\u00f1o 2007 \u2013 Centro Educativo PROFESA \u2013 defensor poblaci\u00f3n vulnerable del municipio de Pasto. Mejor cuentista del departamento de Nari\u00f1o \u2013 a\u00f1os 1989 \u2013 2004 \u2013 2005. Cronista m\u00e1s destacado del departamento de Nari\u00f1o \u2013 a\u00f1o 2001. Finalista VI Concurso Internacional de Cuento \u2013 Prensa Nueva \u2013 a\u00f1o 1991. Primer puesto Concurso nacional de cuento \u2013 Contralor\u00eda general de la Rep\u00fablica \u2013 a\u00f1o 1992. Primer Lugar Concurso Municipal de Periodismo \u201cSilvio Le\u00f3n Espa\u00f1a\u201d \u2013 2009. . Reconocimiento Concejo municipal de Pasto, por su labor c\u00edvica y educativa. Sus obras y escritos se conocen en varios pa\u00edses de Latinoam\u00e9rica y de Colombia. Es autor de una docena de textos y m\u00e1s de un millar de columnas de opini\u00f3n que han generado pol\u00e9mica en el contexto nacional y latinoamericano: Testimonio de una insurrecci\u00f3n ciudadana \u2013 2011. El doctor Mierda. Un pueblo ante la historia. La filosof\u00eda de la gallina. Del amor por la Tierra... y otros textos. Diario de un maestro de escuela. Apuntes para una nueva historia Nuevos apuntes \u2013 Tomas Hidalgo Calvache. El problema de los cristianos. La utilidad del poeta. \u00bfTe acuerdas Mariana...? Corona F\u00fanebre \u2013 Tomas Hidalgo Calvache. En formato digital ha editado los siguientes t\u00edtulos: - La nueva filosof\u00eda de la gallina. - Tomas Hidalgo Calvache - Apuntes. - Educar con valor. Figura en varias antolog\u00edas de autores nari\u00f1enses y en una latinoamericana. Sobre \u00e9l han escrito elogiosamente intelectuales de la talla de Otto Morales Ben\u00edtez, Edgar Bastidas Urresty, Juan Augusto Ortiz cabrera, Carlos Santamar\u00eda, Javier Rodrizales, Miguel Garz\u00f3n Arteaga, Fausto Molina, Jorge Arturo Bravo y otros tantos que ser\u00eda dif\u00edcil nombrar en esta peque\u00f1a cr\u00f3nica sobre Pablo Emilio Obando Acosta.\",\"url\":\"https:\/\/pagina10.com\/web\/author\/pobando\/\"}]}<\/script>\n<!-- \/ Yoast SEO plugin. -->","yoast_head_json":{"title":"Sindicato de CORPONARI\u00d1O se cansa de tanta corrupci\u00f3n y politiquer\u00eda | P\u00e1gina10","robots":{"index":"index","follow":"follow","max-snippet":"max-snippet:-1","max-image-preview":"max-image-preview:large","max-video-preview":"max-video-preview:-1"},"canonical":"https:\/\/pagina10.com\/web\/sindicato-de-corponarino-se-cansa-de-tanta-corrupcion-y-politiqueria\/","og_locale":"es_ES","og_type":"article","og_title":"Sindicato de CORPONARI\u00d1O se cansa de tanta corrupci\u00f3n y politiquer\u00eda | P\u00e1gina10","og_description":"\u00a0Por fin escuchamos el pronunciamiento serio de un sindicato ante tanta negligencia, desidia administrativa, clientelismo, burocracia y arrogancia de un grupo politiquero que sumi\u00f3 a esta entidad en una crisis sin precedentes. Como lo expresa el periodismo local, esta entidad es manejada por un grupo politiquero, por una familia, por clanes y mafias que se [&hellip;]","og_url":"https:\/\/pagina10.com\/web\/sindicato-de-corponarino-se-cansa-de-tanta-corrupcion-y-politiqueria\/","og_site_name":"P\u00e1gina10","article_publisher":"https:\/\/www.facebook.com\/pag10com","article_published_time":"2021-09-11T13:49:41+00:00","article_modified_time":"2021-09-11T15:25:56+00:00","og_image":[{"width":829,"height":500,"url":"https:\/\/pagina10.com\/web\/wp-content\/uploads\/2021\/09\/Captura-de-Pantalla-2021-09-11-a-las-8.47.42-a.-m..png","type":"image\/png"}],"author":"Pablo Emilio Obando Acosta","twitter_card":"summary_large_image","twitter_creator":"@Pag10com","twitter_site":"@Pag10com","twitter_misc":{"Escrito por":"Pablo Emilio Obando Acosta","Tiempo de lectura":"2 minutos"},"schema":{"@context":"https:\/\/schema.org","@graph":[{"@type":"Article","@id":"https:\/\/pagina10.com\/web\/sindicato-de-corponarino-se-cansa-de-tanta-corrupcion-y-politiqueria\/#article","isPartOf":{"@id":"https:\/\/pagina10.com\/web\/sindicato-de-corponarino-se-cansa-de-tanta-corrupcion-y-politiqueria\/"},"author":{"name":"Pablo Emilio Obando Acosta","@id":"https:\/\/pagina10.com\/web\/#\/schema\/person\/3d3687c9f037834284853a963ee45123"},"headline":"Sindicato de CORPONARI\u00d1O se cansa de tanta corrupci\u00f3n y politiquer\u00eda","datePublished":"2021-09-11T13:49:41+00:00","dateModified":"2021-09-11T15:25:56+00:00","mainEntityOfPage":{"@id":"https:\/\/pagina10.com\/web\/sindicato-de-corponarino-se-cansa-de-tanta-corrupcion-y-politiqueria\/"},"wordCount":444,"commentCount":0,"publisher":{"@id":"https:\/\/pagina10.com\/web\/#organization"},"image":{"@id":"https:\/\/pagina10.com\/web\/sindicato-de-corponarino-se-cansa-de-tanta-corrupcion-y-politiqueria\/#primaryimage"},"thumbnailUrl":"https:\/\/pagina10.com\/web\/wp-content\/uploads\/2021\/09\/Captura-de-Pantalla-2021-09-11-a-las-8.47.42-a.-m..png","articleSection":["Nari\u00f1o Actual"],"inLanguage":"es","potentialAction":[{"@type":"CommentAction","name":"Comment","target":["https:\/\/pagina10.com\/web\/sindicato-de-corponarino-se-cansa-de-tanta-corrupcion-y-politiqueria\/#respond"]}]},{"@type":"WebPage","@id":"https:\/\/pagina10.com\/web\/sindicato-de-corponarino-se-cansa-de-tanta-corrupcion-y-politiqueria\/","url":"https:\/\/pagina10.com\/web\/sindicato-de-corponarino-se-cansa-de-tanta-corrupcion-y-politiqueria\/","name":"Sindicato de CORPONARI\u00d1O se cansa de tanta corrupci\u00f3n y politiquer\u00eda | P\u00e1gina10","isPartOf":{"@id":"https:\/\/pagina10.com\/web\/#website"},"primaryImageOfPage":{"@id":"https:\/\/pagina10.com\/web\/sindicato-de-corponarino-se-cansa-de-tanta-corrupcion-y-politiqueria\/#primaryimage"},"image":{"@id":"https:\/\/pagina10.com\/web\/sindicato-de-corponarino-se-cansa-de-tanta-corrupcion-y-politiqueria\/#primaryimage"},"thumbnailUrl":"https:\/\/pagina10.com\/web\/wp-content\/uploads\/2021\/09\/Captura-de-Pantalla-2021-09-11-a-las-8.47.42-a.-m..png","datePublished":"2021-09-11T13:49:41+00:00","dateModified":"2021-09-11T15:25:56+00:00","breadcrumb":{"@id":"https:\/\/pagina10.com\/web\/sindicato-de-corponarino-se-cansa-de-tanta-corrupcion-y-politiqueria\/#breadcrumb"},"inLanguage":"es","potentialAction":[{"@type":"ReadAction","target":["https:\/\/pagina10.com\/web\/sindicato-de-corponarino-se-cansa-de-tanta-corrupcion-y-politiqueria\/"]}]},{"@type":"ImageObject","inLanguage":"es","@id":"https:\/\/pagina10.com\/web\/sindicato-de-corponarino-se-cansa-de-tanta-corrupcion-y-politiqueria\/#primaryimage","url":"https:\/\/pagina10.com\/web\/wp-content\/uploads\/2021\/09\/Captura-de-Pantalla-2021-09-11-a-las-8.47.42-a.-m..png","contentUrl":"https:\/\/pagina10.com\/web\/wp-content\/uploads\/2021\/09\/Captura-de-Pantalla-2021-09-11-a-las-8.47.42-a.-m..png","width":829,"height":500},{"@type":"BreadcrumbList","@id":"https:\/\/pagina10.com\/web\/sindicato-de-corponarino-se-cansa-de-tanta-corrupcion-y-politiqueria\/#breadcrumb","itemListElement":[{"@type":"ListItem","position":1,"name":"Portada","item":"https:\/\/pagina10.com\/web\/"},{"@type":"ListItem","position":2,"name":"Sindicato de CORPONARI\u00d1O se cansa de tanta corrupci\u00f3n y politiquer\u00eda"}]},{"@type":"WebSite","@id":"https:\/\/pagina10.com\/web\/#website","url":"https:\/\/pagina10.com\/web\/","name":"P\u00e1gina10","description":"Peri\u00f3dico Regional","publisher":{"@id":"https:\/\/pagina10.com\/web\/#organization"},"alternateName":"P\u00e1gina10 Peri\u00f3dico Regional","potentialAction":[{"@type":"SearchAction","target":{"@type":"EntryPoint","urlTemplate":"https:\/\/pagina10.com\/web\/?s={search_term_string}"},"query-input":{"@type":"PropertyValueSpecification","valueRequired":true,"valueName":"search_term_string"}}],"inLanguage":"es"},{"@type":"Organization","@id":"https:\/\/pagina10.com\/web\/#organization","name":"P\u00e1gina10","alternateName":"P\u00e1gina10 Peri\u00f3dico Regional","url":"https:\/\/pagina10.com\/web\/","logo":{"@type":"ImageObject","inLanguage":"es","@id":"https:\/\/pagina10.com\/web\/#\/schema\/logo\/image\/","url":"https:\/\/pagina10.com\/web\/wp-content\/uploads\/2024\/01\/40-pagina-10-periodico-regional-pasto.jpg","contentUrl":"https:\/\/pagina10.com\/web\/wp-content\/uploads\/2024\/01\/40-pagina-10-periodico-regional-pasto.jpg","width":1280,"height":720,"caption":"P\u00e1gina10"},"image":{"@id":"https:\/\/pagina10.com\/web\/#\/schema\/logo\/image\/"},"sameAs":["https:\/\/www.facebook.com\/pag10com","https:\/\/x.com\/Pag10com","https:\/\/www.instagram.com\/pagina10col\/","https:\/\/youtube.com\/channel\/pag10","https:\/\/www.tiktok.com\/@p10col"]},{"@type":"Person","@id":"https:\/\/pagina10.com\/web\/#\/schema\/person\/3d3687c9f037834284853a963ee45123","name":"Pablo Emilio Obando Acosta","description":"PABLO EMILIO OBANDO ACOSTA Nace en el a\u00f1o de 1965. Bachiller acad\u00e9mico Modalidad Humanidades del INEM de Pasto. En 1989 culmina sus estudios universitarios en la Universidad de Nari\u00f1o obteniendo el t\u00edtulo de Licenciado en Ciencias Sociales \u2013 \u00e9nfasis Ciencias de la Educaci\u00f3n \u2013Jornada nocturna-. Especialista en Literatura latinoamericana y colaborador de importantes medios de comunicaci\u00f3n escritos de nuestra regi\u00f3n y del pa\u00eds: El Tiempo.com, Semana.com, Dinero, Diario Del Sur, El Espectador.com, entre otros, Sus escritos se conocen y han obtenido reconocimientos en Chile, Uruguay, Paraguay, Espa\u00f1a y Alemania. En el a\u00f1o 2000 obtiene el reconocimiento CORREO DEL SUR como el personaje c\u00edvico del a\u00f1o por su f\u00e9rrea defensa de la dignidad pastense al protestar con su documento \u201cUn pueblo ante la historia\u201d por el trato despectivo de algunos medios de comunicaci\u00f3n. Las reacciones no se hacen esperar en peri\u00f3dicos de circulaci\u00f3n regional y nacional como El Tiempo, El Espectador y El Pa\u00eds. Ha obtenido m\u00faltiples medallas y condecoraciones por su labor period\u00edstica y cultural: Medalla al merito Guillermo Edmundo Ch\u00e1vez \u2013 mejor escritor del departamento de Nari\u00f1o 2005 \u2013 Fundaci\u00f3n Gabriel Garc\u00eda M\u00e1rquez. Mejor Columnista del departamento de Nari\u00f1o \u2013 a\u00f1os 1991 \u2013 1993 \u2013 1996 \u2013 2001 \u2013 2006 Fundaci\u00f3n Cultural Correo del Sur. Personaje C\u00edvico del Departamento de Nari\u00f1o a\u00f1o 2000. Medalla \u00c1lvaro Javier Jurado Calvache a\u00f1o 2007 \u2013 Centro Educativo PROFESA \u2013 defensor poblaci\u00f3n vulnerable del municipio de Pasto. Mejor cuentista del departamento de Nari\u00f1o \u2013 a\u00f1os 1989 \u2013 2004 \u2013 2005. Cronista m\u00e1s destacado del departamento de Nari\u00f1o \u2013 a\u00f1o 2001. Finalista VI Concurso Internacional de Cuento \u2013 Prensa Nueva \u2013 a\u00f1o 1991. Primer puesto Concurso nacional de cuento \u2013 Contralor\u00eda general de la Rep\u00fablica \u2013 a\u00f1o 1992. Primer Lugar Concurso Municipal de Periodismo \u201cSilvio Le\u00f3n Espa\u00f1a\u201d \u2013 2009. . Reconocimiento Concejo municipal de Pasto, por su labor c\u00edvica y educativa. Sus obras y escritos se conocen en varios pa\u00edses de Latinoam\u00e9rica y de Colombia. Es autor de una docena de textos y m\u00e1s de un millar de columnas de opini\u00f3n que han generado pol\u00e9mica en el contexto nacional y latinoamericano: Testimonio de una insurrecci\u00f3n ciudadana \u2013 2011. El doctor Mierda. Un pueblo ante la historia. La filosof\u00eda de la gallina. Del amor por la Tierra... y otros textos. Diario de un maestro de escuela. Apuntes para una nueva historia Nuevos apuntes \u2013 Tomas Hidalgo Calvache. El problema de los cristianos. La utilidad del poeta. \u00bfTe acuerdas Mariana...? Corona F\u00fanebre \u2013 Tomas Hidalgo Calvache. En formato digital ha editado los siguientes t\u00edtulos: - La nueva filosof\u00eda de la gallina. - Tomas Hidalgo Calvache - Apuntes. - Educar con valor. Figura en varias antolog\u00edas de autores nari\u00f1enses y en una latinoamericana. Sobre \u00e9l han escrito elogiosamente intelectuales de la talla de Otto Morales Ben\u00edtez, Edgar Bastidas Urresty, Juan Augusto Ortiz cabrera, Carlos Santamar\u00eda, Javier Rodrizales, Miguel Garz\u00f3n Arteaga, Fausto Molina, Jorge Arturo Bravo y otros tantos que ser\u00eda dif\u00edcil nombrar en esta peque\u00f1a cr\u00f3nica sobre Pablo Emilio Obando Acosta.","url":"https:\/\/pagina10.com\/web\/author\/pobando\/"}]}},"_links":{"self":[{"href":"https:\/\/pagina10.com\/web\/wp-json\/wp\/v2\/posts\/55586","targetHints":{"allow":["GET"]}}],"collection":[{"href":"https:\/\/pagina10.com\/web\/wp-json\/wp\/v2\/posts"}],"about":[{"href":"https:\/\/pagina10.com\/web\/wp-json\/wp\/v2\/types\/post"}],"author":[{"embeddable":true,"href":"https:\/\/pagina10.com\/web\/wp-json\/wp\/v2\/users\/46"}],"replies":[{"embeddable":true,"href":"https:\/\/pagina10.com\/web\/wp-json\/wp\/v2\/comments?post=55586"}],"version-history":[{"count":4,"href":"https:\/\/pagina10.com\/web\/wp-json\/wp\/v2\/posts\/55586\/revisions"}],"predecessor-version":[{"id":55601,"href":"https:\/\/pagina10.com\/web\/wp-json\/wp\/v2\/posts\/55586\/revisions\/55601"}],"wp:featuredmedia":[{"embeddable":true,"href":"https:\/\/pagina10.com\/web\/wp-json\/wp\/v2\/media\/55587"}],"wp:attachment":[{"href":"https:\/\/pagina10.com\/web\/wp-json\/wp\/v2\/media?parent=55586"}],"wp:term":[{"taxonomy":"category","embeddable":true,"href":"https:\/\/pagina10.com\/web\/wp-json\/wp\/v2\/categories?post=55586"},{"taxonomy":"post_tag","embeddable":true,"href":"https:\/\/pagina10.com\/web\/wp-json\/wp\/v2\/tags?post=55586"}],"curies":[{"name":"wp","href":"https:\/\/api.w.org\/{rel}","templated":true}]}}