{"id":55632,"date":"2021-09-13T11:19:46","date_gmt":"2021-09-13T16:19:46","guid":{"rendered":"https:\/\/pagina10.com\/web\/?p=55632"},"modified":"2021-09-13T11:19:46","modified_gmt":"2021-09-13T16:19:46","slug":"alcaldia-de-pasto-lanzo-la-iniciativa-inviya-un-programa-de-subsidios-complementarios-que-facilitaran-el-acceso-a-vivienda-para-los-hogares-con-menos-recursos","status":"publish","type":"post","link":"https:\/\/pagina10.com\/web\/alcaldia-de-pasto-lanzo-la-iniciativa-inviya-un-programa-de-subsidios-complementarios-que-facilitaran-el-acceso-a-vivienda-para-los-hogares-con-menos-recursos\/","title":{"rendered":"Alcald\u00eda de Pasto lanz\u00f3 la iniciativa Inviya, un programa de subsidios complementarios que facilitar\u00e1n el acceso a vivienda para los hogares con menos recursos"},"content":{"rendered":"<p style=\"text-align: justify;\">En compa\u00f1\u00eda del viceministro de Vivienda, Carlos Alberto Ru\u00edz, el secretario de Planeaci\u00f3n, Germ\u00e1n Ortega y la directora de INVIPASTO, Sandra Patricia Bravo, el Alcalde Germ\u00e1n Chamorro De La Rosa firm\u00f3 el convenio interadministrativo con Findeter para el programa InviYA.<\/p>\n<p style=\"text-align: justify;\">El viceministro Ru\u00edz destac\u00f3 el compromiso del Alcalde de Pasto y la directora de INVIPASTO para que la compra de nuevas viviendas, a trav\u00e9s de InviYA, sea una fuente de reactivaci\u00f3n econ\u00f3mica en el municipio. Estos subsidios complementarios suman 780 millones de pesos.<\/p>\n<p style=\"text-align: justify;\">\u201cLa Alcald\u00eda present\u00f3 un subsidio complementario y concurrente que no ri\u00f1e ni con la caja de compensaci\u00f3n, ni con el subsidio nacional; es un subsidio adicional que tiene unos elementos de focalizaci\u00f3n muy importantes. Aplaudimos esta iniciativa porque nos permite aumentar la velocidad con que se otorgan subsidios\u201d, agreg\u00f3 el viceministro.<\/p>\n<p style=\"text-align: justify;\">Por su parte, el Alcalde Germ\u00e1n Chamorro De La Rosa agradeci\u00f3 el apoyo del Gobierno Nacional por el trabajo conjunto que permite beneficiar a la poblaci\u00f3n. Tambi\u00e9n destac\u00f3 que no solo se trata de estos nuevos subsidios, sino que, adem\u00e1s: &#8220;Ya son 1.300 mejoramientos entregados en el sector rural con recursos propios de la Alcald\u00eda\u201d.<\/p>\n<p style=\"text-align: justify;\">La directora de INVIPASTO, Sandra Bravo, hizo un resumen del programa y la metodolog\u00eda que se us\u00f3 para la selecci\u00f3n de las constructoras, que deb\u00edan tener proyectos con unidades de vivienda de inter\u00e9s social listas para la entrega hasta el 31 de diciembre en el municipio y la inscripci\u00f3n ante el Gobierno Nacional e INVIPASTO. Tambi\u00e9n confirm\u00f3 que: &#8220;Los requisitos son los mismos que los de Mi Casa Ya porque la idea no es ponerle m\u00e1s condiciones a la ciudadan\u00eda\u201d.<\/p>\n<p style=\"text-align: justify;\">De esta manera, el ente asume el compromiso del programa municipal \u201cPasto con vivienda integral para la felicidad\u201d, que se orienta a establecer soluciones para que los hogares que poseen menores recursos puedan adquirir Vivienda VIS (Vivienda de Inter\u00e9s Social) o VIP (Vivienda de Inter\u00e9s Prioritario).<\/p>\n","protected":false},"excerpt":{"rendered":"<p>En compa\u00f1\u00eda del viceministro de Vivienda, Carlos Alberto Ru\u00edz, el secretario de Planeaci\u00f3n, Germ\u00e1n Ortega y la directora de INVIPASTO, Sandra Patricia Bravo, el Alcalde Germ\u00e1n Chamorro De La Rosa firm\u00f3 el convenio interadministrativo con Findeter para el programa InviYA. El viceministro Ru\u00edz destac\u00f3 el compromiso del Alcalde de Pasto y la directora de INVIPASTO [&hellip;]<\/p>\n","protected":false},"author":1,"featured_media":55633,"comment_status":"open","ping_status":"open","sticky":false,"template":"","format":"standard","meta":{"footnotes":""},"categories":[13],"tags":[],"class_list":["post-55632","post","type-post","status-publish","format-standard","has-post-thumbnail","hentry","category-economia"],"yoast_head":"<!-- This site is optimized with the Yoast SEO plugin v27.1.1 - https:\/\/yoast.com\/product\/yoast-seo-wordpress\/ -->\n<title>Alcald\u00eda de Pasto lanz\u00f3 la iniciativa Inviya, un programa de subsidios complementarios que facilitar\u00e1n el acceso a vivienda para los hogares con menos recursos | P\u00e1gina10<\/title>\n<meta name=\"robots\" content=\"index, follow, max-snippet:-1, max-image-preview:large, max-video-preview:-1\" \/>\n<link rel=\"canonical\" href=\"https:\/\/pagina10.com\/web\/alcaldia-de-pasto-lanzo-la-iniciativa-inviya-un-programa-de-subsidios-complementarios-que-facilitaran-el-acceso-a-vivienda-para-los-hogares-con-menos-recursos\/\" \/>\n<meta property=\"og:locale\" content=\"es_ES\" \/>\n<meta property=\"og:type\" content=\"article\" \/>\n<meta property=\"og:title\" content=\"Alcald\u00eda de Pasto lanz\u00f3 la iniciativa Inviya, un programa de subsidios complementarios que facilitar\u00e1n el acceso a vivienda para los hogares con menos recursos | P\u00e1gina10\" \/>\n<meta property=\"og:description\" content=\"En compa\u00f1\u00eda del viceministro de Vivienda, Carlos Alberto Ru\u00edz, el secretario de Planeaci\u00f3n, Germ\u00e1n Ortega y la directora de INVIPASTO, Sandra Patricia Bravo, el Alcalde Germ\u00e1n Chamorro De La Rosa firm\u00f3 el convenio interadministrativo con Findeter para el programa InviYA. El viceministro Ru\u00edz destac\u00f3 el compromiso del Alcalde de Pasto y la directora de INVIPASTO [&hellip;]\" \/>\n<meta property=\"og:url\" content=\"https:\/\/pagina10.com\/web\/alcaldia-de-pasto-lanzo-la-iniciativa-inviya-un-programa-de-subsidios-complementarios-que-facilitaran-el-acceso-a-vivienda-para-los-hogares-con-menos-recursos\/\" \/>\n<meta property=\"og:site_name\" content=\"P\u00e1gina10\" \/>\n<meta property=\"article:publisher\" content=\"https:\/\/www.facebook.com\/pag10com\" \/>\n<meta property=\"article:published_time\" content=\"2021-09-13T16:19:46+00:00\" \/>\n<meta property=\"og:image\" content=\"https:\/\/pagina10.com\/web\/wp-content\/uploads\/2021\/09\/WhatsApp-Image-2021-09-09-at-9.07.27-PM.jpeg\" \/>\n\t<meta property=\"og:image:width\" content=\"1024\" \/>\n\t<meta property=\"og:image:height\" content=\"682\" \/>\n\t<meta property=\"og:image:type\" content=\"image\/jpeg\" \/>\n<meta name=\"author\" content=\"P\u00e1gina 10\" \/>\n<meta name=\"twitter:card\" content=\"summary_large_image\" \/>\n<meta name=\"twitter:creator\" content=\"@Pag10com\" \/>\n<meta name=\"twitter:site\" content=\"@Pag10com\" \/>\n<meta name=\"twitter:label1\" content=\"Escrito por\" \/>\n\t<meta name=\"twitter:data1\" content=\"P\u00e1gina 10\" \/>\n\t<meta name=\"twitter:label2\" content=\"Tiempo de lectura\" \/>\n\t<meta name=\"twitter:data2\" content=\"2 minutos\" \/>\n<script type=\"application\/ld+json\" class=\"yoast-schema-graph\">{\"@context\":\"https:\/\/schema.org\",\"@graph\":[{\"@type\":\"Article\",\"@id\":\"https:\/\/pagina10.com\/web\/alcaldia-de-pasto-lanzo-la-iniciativa-inviya-un-programa-de-subsidios-complementarios-que-facilitaran-el-acceso-a-vivienda-para-los-hogares-con-menos-recursos\/#article\",\"isPartOf\":{\"@id\":\"https:\/\/pagina10.com\/web\/alcaldia-de-pasto-lanzo-la-iniciativa-inviya-un-programa-de-subsidios-complementarios-que-facilitaran-el-acceso-a-vivienda-para-los-hogares-con-menos-recursos\/\"},\"author\":{\"name\":\"P\u00e1gina 10\",\"@id\":\"https:\/\/pagina10.com\/web\/#\/schema\/person\/2efc4a090d25b667d3bc796798a3a81b\"},\"headline\":\"Alcald\u00eda de Pasto lanz\u00f3 la iniciativa Inviya, un programa de subsidios complementarios que facilitar\u00e1n el acceso a vivienda para los hogares con menos recursos\",\"datePublished\":\"2021-09-13T16:19:46+00:00\",\"mainEntityOfPage\":{\"@id\":\"https:\/\/pagina10.com\/web\/alcaldia-de-pasto-lanzo-la-iniciativa-inviya-un-programa-de-subsidios-complementarios-que-facilitaran-el-acceso-a-vivienda-para-los-hogares-con-menos-recursos\/\"},\"wordCount\":366,\"commentCount\":0,\"publisher\":{\"@id\":\"https:\/\/pagina10.com\/web\/#organization\"},\"image\":{\"@id\":\"https:\/\/pagina10.com\/web\/alcaldia-de-pasto-lanzo-la-iniciativa-inviya-un-programa-de-subsidios-complementarios-que-facilitaran-el-acceso-a-vivienda-para-los-hogares-con-menos-recursos\/#primaryimage\"},\"thumbnailUrl\":\"https:\/\/pagina10.com\/web\/wp-content\/uploads\/2021\/09\/WhatsApp-Image-2021-09-09-at-9.07.27-PM.jpeg\",\"articleSection\":[\"Econom\u00eda\"],\"inLanguage\":\"es\",\"potentialAction\":[{\"@type\":\"CommentAction\",\"name\":\"Comment\",\"target\":[\"https:\/\/pagina10.com\/web\/alcaldia-de-pasto-lanzo-la-iniciativa-inviya-un-programa-de-subsidios-complementarios-que-facilitaran-el-acceso-a-vivienda-para-los-hogares-con-menos-recursos\/#respond\"]}]},{\"@type\":\"WebPage\",\"@id\":\"https:\/\/pagina10.com\/web\/alcaldia-de-pasto-lanzo-la-iniciativa-inviya-un-programa-de-subsidios-complementarios-que-facilitaran-el-acceso-a-vivienda-para-los-hogares-con-menos-recursos\/\",\"url\":\"https:\/\/pagina10.com\/web\/alcaldia-de-pasto-lanzo-la-iniciativa-inviya-un-programa-de-subsidios-complementarios-que-facilitaran-el-acceso-a-vivienda-para-los-hogares-con-menos-recursos\/\",\"name\":\"Alcald\u00eda de Pasto lanz\u00f3 la iniciativa Inviya, un programa de subsidios complementarios que facilitar\u00e1n el acceso a vivienda para los hogares con menos recursos | P\u00e1gina10\",\"isPartOf\":{\"@id\":\"https:\/\/pagina10.com\/web\/#website\"},\"primaryImageOfPage\":{\"@id\":\"https:\/\/pagina10.com\/web\/alcaldia-de-pasto-lanzo-la-iniciativa-inviya-un-programa-de-subsidios-complementarios-que-facilitaran-el-acceso-a-vivienda-para-los-hogares-con-menos-recursos\/#primaryimage\"},\"image\":{\"@id\":\"https:\/\/pagina10.com\/web\/alcaldia-de-pasto-lanzo-la-iniciativa-inviya-un-programa-de-subsidios-complementarios-que-facilitaran-el-acceso-a-vivienda-para-los-hogares-con-menos-recursos\/#primaryimage\"},\"thumbnailUrl\":\"https:\/\/pagina10.com\/web\/wp-content\/uploads\/2021\/09\/WhatsApp-Image-2021-09-09-at-9.07.27-PM.jpeg\",\"datePublished\":\"2021-09-13T16:19:46+00:00\",\"breadcrumb\":{\"@id\":\"https:\/\/pagina10.com\/web\/alcaldia-de-pasto-lanzo-la-iniciativa-inviya-un-programa-de-subsidios-complementarios-que-facilitaran-el-acceso-a-vivienda-para-los-hogares-con-menos-recursos\/#breadcrumb\"},\"inLanguage\":\"es\",\"potentialAction\":[{\"@type\":\"ReadAction\",\"target\":[\"https:\/\/pagina10.com\/web\/alcaldia-de-pasto-lanzo-la-iniciativa-inviya-un-programa-de-subsidios-complementarios-que-facilitaran-el-acceso-a-vivienda-para-los-hogares-con-menos-recursos\/\"]}]},{\"@type\":\"ImageObject\",\"inLanguage\":\"es\",\"@id\":\"https:\/\/pagina10.com\/web\/alcaldia-de-pasto-lanzo-la-iniciativa-inviya-un-programa-de-subsidios-complementarios-que-facilitaran-el-acceso-a-vivienda-para-los-hogares-con-menos-recursos\/#primaryimage\",\"url\":\"https:\/\/pagina10.com\/web\/wp-content\/uploads\/2021\/09\/WhatsApp-Image-2021-09-09-at-9.07.27-PM.jpeg\",\"contentUrl\":\"https:\/\/pagina10.com\/web\/wp-content\/uploads\/2021\/09\/WhatsApp-Image-2021-09-09-at-9.07.27-PM.jpeg\",\"width\":1024,\"height\":682},{\"@type\":\"BreadcrumbList\",\"@id\":\"https:\/\/pagina10.com\/web\/alcaldia-de-pasto-lanzo-la-iniciativa-inviya-un-programa-de-subsidios-complementarios-que-facilitaran-el-acceso-a-vivienda-para-los-hogares-con-menos-recursos\/#breadcrumb\",\"itemListElement\":[{\"@type\":\"ListItem\",\"position\":1,\"name\":\"Portada\",\"item\":\"https:\/\/pagina10.com\/web\/\"},{\"@type\":\"ListItem\",\"position\":2,\"name\":\"Alcald\u00eda de Pasto lanz\u00f3 la iniciativa Inviya, un programa de subsidios complementarios que facilitar\u00e1n el acceso a vivienda para los hogares con menos recursos\"}]},{\"@type\":\"WebSite\",\"@id\":\"https:\/\/pagina10.com\/web\/#website\",\"url\":\"https:\/\/pagina10.com\/web\/\",\"name\":\"P\u00e1gina10\",\"description\":\"Peri\u00f3dico Regional\",\"publisher\":{\"@id\":\"https:\/\/pagina10.com\/web\/#organization\"},\"alternateName\":\"P\u00e1gina10 Peri\u00f3dico Regional\",\"potentialAction\":[{\"@type\":\"SearchAction\",\"target\":{\"@type\":\"EntryPoint\",\"urlTemplate\":\"https:\/\/pagina10.com\/web\/?s={search_term_string}\"},\"query-input\":{\"@type\":\"PropertyValueSpecification\",\"valueRequired\":true,\"valueName\":\"search_term_string\"}}],\"inLanguage\":\"es\"},{\"@type\":\"Organization\",\"@id\":\"https:\/\/pagina10.com\/web\/#organization\",\"name\":\"P\u00e1gina10\",\"alternateName\":\"P\u00e1gina10 Peri\u00f3dico Regional\",\"url\":\"https:\/\/pagina10.com\/web\/\",\"logo\":{\"@type\":\"ImageObject\",\"inLanguage\":\"es\",\"@id\":\"https:\/\/pagina10.com\/web\/#\/schema\/logo\/image\/\",\"url\":\"https:\/\/pagina10.com\/web\/wp-content\/uploads\/2024\/01\/40-pagina-10-periodico-regional-pasto.jpg\",\"contentUrl\":\"https:\/\/pagina10.com\/web\/wp-content\/uploads\/2024\/01\/40-pagina-10-periodico-regional-pasto.jpg\",\"width\":1280,\"height\":720,\"caption\":\"P\u00e1gina10\"},\"image\":{\"@id\":\"https:\/\/pagina10.com\/web\/#\/schema\/logo\/image\/\"},\"sameAs\":[\"https:\/\/www.facebook.com\/pag10com\",\"https:\/\/x.com\/Pag10com\",\"https:\/\/www.instagram.com\/pagina10col\/\",\"https:\/\/youtube.com\/channel\/pag10\",\"https:\/\/www.tiktok.com\/@p10col\"]},{\"@type\":\"Person\",\"@id\":\"https:\/\/pagina10.com\/web\/#\/schema\/person\/2efc4a090d25b667d3bc796798a3a81b\",\"name\":\"P\u00e1gina 10\",\"description\":\"P\u00e1gina 10 es un peri\u00f3dico regional que nace en Colombia, en el departamento de Nari\u00f1o, con un enfoque global, fundamentado en cuatro pilares esenciales: la libertad, el pluralismo, la inclusi\u00f3n y la independencia. P\u00e1gina 10 hace referencia a Nari\u00f1o como el d\u00e9cimo departamento creado en Colombia, despu\u00e9s de un proceso pol\u00edtico liderado por actores y actrices regionales con el fin de obtener la independencia y autonom\u00eda de nuestros territorios. Con la creaci\u00f3n de P\u00e1gina 10 se pretende abrir un escenario para el dialogo, la reflexi\u00f3n y el debate que se extienda a otras geograf\u00edas de Am\u00e9rica Latina y del planeta, en una apuesta por transformar colectivamente los desaf\u00edos de un mundo contempor\u00e1neo, m\u00e1s all\u00e1 de las fronteras impuestas.\",\"url\":\"https:\/\/pagina10.com\/web\/author\/pdiezadmin\/\"}]}<\/script>\n<!-- \/ Yoast SEO plugin. -->","yoast_head_json":{"title":"Alcald\u00eda de Pasto lanz\u00f3 la iniciativa Inviya, un programa de subsidios complementarios que facilitar\u00e1n el acceso a vivienda para los hogares con menos recursos | P\u00e1gina10","robots":{"index":"index","follow":"follow","max-snippet":"max-snippet:-1","max-image-preview":"max-image-preview:large","max-video-preview":"max-video-preview:-1"},"canonical":"https:\/\/pagina10.com\/web\/alcaldia-de-pasto-lanzo-la-iniciativa-inviya-un-programa-de-subsidios-complementarios-que-facilitaran-el-acceso-a-vivienda-para-los-hogares-con-menos-recursos\/","og_locale":"es_ES","og_type":"article","og_title":"Alcald\u00eda de Pasto lanz\u00f3 la iniciativa Inviya, un programa de subsidios complementarios que facilitar\u00e1n el acceso a vivienda para los hogares con menos recursos | P\u00e1gina10","og_description":"En compa\u00f1\u00eda del viceministro de Vivienda, Carlos Alberto Ru\u00edz, el secretario de Planeaci\u00f3n, Germ\u00e1n Ortega y la directora de INVIPASTO, Sandra Patricia Bravo, el Alcalde Germ\u00e1n Chamorro De La Rosa firm\u00f3 el convenio interadministrativo con Findeter para el programa InviYA. El viceministro Ru\u00edz destac\u00f3 el compromiso del Alcalde de Pasto y la directora de INVIPASTO [&hellip;]","og_url":"https:\/\/pagina10.com\/web\/alcaldia-de-pasto-lanzo-la-iniciativa-inviya-un-programa-de-subsidios-complementarios-que-facilitaran-el-acceso-a-vivienda-para-los-hogares-con-menos-recursos\/","og_site_name":"P\u00e1gina10","article_publisher":"https:\/\/www.facebook.com\/pag10com","article_published_time":"2021-09-13T16:19:46+00:00","og_image":[{"width":1024,"height":682,"url":"https:\/\/pagina10.com\/web\/wp-content\/uploads\/2021\/09\/WhatsApp-Image-2021-09-09-at-9.07.27-PM.jpeg","type":"image\/jpeg"}],"author":"P\u00e1gina 10","twitter_card":"summary_large_image","twitter_creator":"@Pag10com","twitter_site":"@Pag10com","twitter_misc":{"Escrito por":"P\u00e1gina 10","Tiempo de lectura":"2 minutos"},"schema":{"@context":"https:\/\/schema.org","@graph":[{"@type":"Article","@id":"https:\/\/pagina10.com\/web\/alcaldia-de-pasto-lanzo-la-iniciativa-inviya-un-programa-de-subsidios-complementarios-que-facilitaran-el-acceso-a-vivienda-para-los-hogares-con-menos-recursos\/#article","isPartOf":{"@id":"https:\/\/pagina10.com\/web\/alcaldia-de-pasto-lanzo-la-iniciativa-inviya-un-programa-de-subsidios-complementarios-que-facilitaran-el-acceso-a-vivienda-para-los-hogares-con-menos-recursos\/"},"author":{"name":"P\u00e1gina 10","@id":"https:\/\/pagina10.com\/web\/#\/schema\/person\/2efc4a090d25b667d3bc796798a3a81b"},"headline":"Alcald\u00eda de Pasto lanz\u00f3 la iniciativa Inviya, un programa de subsidios complementarios que facilitar\u00e1n el acceso a vivienda para los hogares con menos recursos","datePublished":"2021-09-13T16:19:46+00:00","mainEntityOfPage":{"@id":"https:\/\/pagina10.com\/web\/alcaldia-de-pasto-lanzo-la-iniciativa-inviya-un-programa-de-subsidios-complementarios-que-facilitaran-el-acceso-a-vivienda-para-los-hogares-con-menos-recursos\/"},"wordCount":366,"commentCount":0,"publisher":{"@id":"https:\/\/pagina10.com\/web\/#organization"},"image":{"@id":"https:\/\/pagina10.com\/web\/alcaldia-de-pasto-lanzo-la-iniciativa-inviya-un-programa-de-subsidios-complementarios-que-facilitaran-el-acceso-a-vivienda-para-los-hogares-con-menos-recursos\/#primaryimage"},"thumbnailUrl":"https:\/\/pagina10.com\/web\/wp-content\/uploads\/2021\/09\/WhatsApp-Image-2021-09-09-at-9.07.27-PM.jpeg","articleSection":["Econom\u00eda"],"inLanguage":"es","potentialAction":[{"@type":"CommentAction","name":"Comment","target":["https:\/\/pagina10.com\/web\/alcaldia-de-pasto-lanzo-la-iniciativa-inviya-un-programa-de-subsidios-complementarios-que-facilitaran-el-acceso-a-vivienda-para-los-hogares-con-menos-recursos\/#respond"]}]},{"@type":"WebPage","@id":"https:\/\/pagina10.com\/web\/alcaldia-de-pasto-lanzo-la-iniciativa-inviya-un-programa-de-subsidios-complementarios-que-facilitaran-el-acceso-a-vivienda-para-los-hogares-con-menos-recursos\/","url":"https:\/\/pagina10.com\/web\/alcaldia-de-pasto-lanzo-la-iniciativa-inviya-un-programa-de-subsidios-complementarios-que-facilitaran-el-acceso-a-vivienda-para-los-hogares-con-menos-recursos\/","name":"Alcald\u00eda de Pasto lanz\u00f3 la iniciativa Inviya, un programa de subsidios complementarios que facilitar\u00e1n el acceso a vivienda para los hogares con menos recursos | P\u00e1gina10","isPartOf":{"@id":"https:\/\/pagina10.com\/web\/#website"},"primaryImageOfPage":{"@id":"https:\/\/pagina10.com\/web\/alcaldia-de-pasto-lanzo-la-iniciativa-inviya-un-programa-de-subsidios-complementarios-que-facilitaran-el-acceso-a-vivienda-para-los-hogares-con-menos-recursos\/#primaryimage"},"image":{"@id":"https:\/\/pagina10.com\/web\/alcaldia-de-pasto-lanzo-la-iniciativa-inviya-un-programa-de-subsidios-complementarios-que-facilitaran-el-acceso-a-vivienda-para-los-hogares-con-menos-recursos\/#primaryimage"},"thumbnailUrl":"https:\/\/pagina10.com\/web\/wp-content\/uploads\/2021\/09\/WhatsApp-Image-2021-09-09-at-9.07.27-PM.jpeg","datePublished":"2021-09-13T16:19:46+00:00","breadcrumb":{"@id":"https:\/\/pagina10.com\/web\/alcaldia-de-pasto-lanzo-la-iniciativa-inviya-un-programa-de-subsidios-complementarios-que-facilitaran-el-acceso-a-vivienda-para-los-hogares-con-menos-recursos\/#breadcrumb"},"inLanguage":"es","potentialAction":[{"@type":"ReadAction","target":["https:\/\/pagina10.com\/web\/alcaldia-de-pasto-lanzo-la-iniciativa-inviya-un-programa-de-subsidios-complementarios-que-facilitaran-el-acceso-a-vivienda-para-los-hogares-con-menos-recursos\/"]}]},{"@type":"ImageObject","inLanguage":"es","@id":"https:\/\/pagina10.com\/web\/alcaldia-de-pasto-lanzo-la-iniciativa-inviya-un-programa-de-subsidios-complementarios-que-facilitaran-el-acceso-a-vivienda-para-los-hogares-con-menos-recursos\/#primaryimage","url":"https:\/\/pagina10.com\/web\/wp-content\/uploads\/2021\/09\/WhatsApp-Image-2021-09-09-at-9.07.27-PM.jpeg","contentUrl":"https:\/\/pagina10.com\/web\/wp-content\/uploads\/2021\/09\/WhatsApp-Image-2021-09-09-at-9.07.27-PM.jpeg","width":1024,"height":682},{"@type":"BreadcrumbList","@id":"https:\/\/pagina10.com\/web\/alcaldia-de-pasto-lanzo-la-iniciativa-inviya-un-programa-de-subsidios-complementarios-que-facilitaran-el-acceso-a-vivienda-para-los-hogares-con-menos-recursos\/#breadcrumb","itemListElement":[{"@type":"ListItem","position":1,"name":"Portada","item":"https:\/\/pagina10.com\/web\/"},{"@type":"ListItem","position":2,"name":"Alcald\u00eda de Pasto lanz\u00f3 la iniciativa Inviya, un programa de subsidios complementarios que facilitar\u00e1n el acceso a vivienda para los hogares con menos recursos"}]},{"@type":"WebSite","@id":"https:\/\/pagina10.com\/web\/#website","url":"https:\/\/pagina10.com\/web\/","name":"P\u00e1gina10","description":"Peri\u00f3dico Regional","publisher":{"@id":"https:\/\/pagina10.com\/web\/#organization"},"alternateName":"P\u00e1gina10 Peri\u00f3dico Regional","potentialAction":[{"@type":"SearchAction","target":{"@type":"EntryPoint","urlTemplate":"https:\/\/pagina10.com\/web\/?s={search_term_string}"},"query-input":{"@type":"PropertyValueSpecification","valueRequired":true,"valueName":"search_term_string"}}],"inLanguage":"es"},{"@type":"Organization","@id":"https:\/\/pagina10.com\/web\/#organization","name":"P\u00e1gina10","alternateName":"P\u00e1gina10 Peri\u00f3dico Regional","url":"https:\/\/pagina10.com\/web\/","logo":{"@type":"ImageObject","inLanguage":"es","@id":"https:\/\/pagina10.com\/web\/#\/schema\/logo\/image\/","url":"https:\/\/pagina10.com\/web\/wp-content\/uploads\/2024\/01\/40-pagina-10-periodico-regional-pasto.jpg","contentUrl":"https:\/\/pagina10.com\/web\/wp-content\/uploads\/2024\/01\/40-pagina-10-periodico-regional-pasto.jpg","width":1280,"height":720,"caption":"P\u00e1gina10"},"image":{"@id":"https:\/\/pagina10.com\/web\/#\/schema\/logo\/image\/"},"sameAs":["https:\/\/www.facebook.com\/pag10com","https:\/\/x.com\/Pag10com","https:\/\/www.instagram.com\/pagina10col\/","https:\/\/youtube.com\/channel\/pag10","https:\/\/www.tiktok.com\/@p10col"]},{"@type":"Person","@id":"https:\/\/pagina10.com\/web\/#\/schema\/person\/2efc4a090d25b667d3bc796798a3a81b","name":"P\u00e1gina 10","description":"P\u00e1gina 10 es un peri\u00f3dico regional que nace en Colombia, en el departamento de Nari\u00f1o, con un enfoque global, fundamentado en cuatro pilares esenciales: la libertad, el pluralismo, la inclusi\u00f3n y la independencia. P\u00e1gina 10 hace referencia a Nari\u00f1o como el d\u00e9cimo departamento creado en Colombia, despu\u00e9s de un proceso pol\u00edtico liderado por actores y actrices regionales con el fin de obtener la independencia y autonom\u00eda de nuestros territorios. Con la creaci\u00f3n de P\u00e1gina 10 se pretende abrir un escenario para el dialogo, la reflexi\u00f3n y el debate que se extienda a otras geograf\u00edas de Am\u00e9rica Latina y del planeta, en una apuesta por transformar colectivamente los desaf\u00edos de un mundo contempor\u00e1neo, m\u00e1s all\u00e1 de las fronteras impuestas.","url":"https:\/\/pagina10.com\/web\/author\/pdiezadmin\/"}]}},"_links":{"self":[{"href":"https:\/\/pagina10.com\/web\/wp-json\/wp\/v2\/posts\/55632","targetHints":{"allow":["GET"]}}],"collection":[{"href":"https:\/\/pagina10.com\/web\/wp-json\/wp\/v2\/posts"}],"about":[{"href":"https:\/\/pagina10.com\/web\/wp-json\/wp\/v2\/types\/post"}],"author":[{"embeddable":true,"href":"https:\/\/pagina10.com\/web\/wp-json\/wp\/v2\/users\/1"}],"replies":[{"embeddable":true,"href":"https:\/\/pagina10.com\/web\/wp-json\/wp\/v2\/comments?post=55632"}],"version-history":[{"count":1,"href":"https:\/\/pagina10.com\/web\/wp-json\/wp\/v2\/posts\/55632\/revisions"}],"predecessor-version":[{"id":55634,"href":"https:\/\/pagina10.com\/web\/wp-json\/wp\/v2\/posts\/55632\/revisions\/55634"}],"wp:featuredmedia":[{"embeddable":true,"href":"https:\/\/pagina10.com\/web\/wp-json\/wp\/v2\/media\/55633"}],"wp:attachment":[{"href":"https:\/\/pagina10.com\/web\/wp-json\/wp\/v2\/media?parent=55632"}],"wp:term":[{"taxonomy":"category","embeddable":true,"href":"https:\/\/pagina10.com\/web\/wp-json\/wp\/v2\/categories?post=55632"},{"taxonomy":"post_tag","embeddable":true,"href":"https:\/\/pagina10.com\/web\/wp-json\/wp\/v2\/tags?post=55632"}],"curies":[{"name":"wp","href":"https:\/\/api.w.org\/{rel}","templated":true}]}}