{"id":55648,"date":"2021-09-14T15:54:19","date_gmt":"2021-09-14T20:54:19","guid":{"rendered":"https:\/\/pagina10.com\/web\/?p=55648"},"modified":"2021-09-14T15:54:19","modified_gmt":"2021-09-14T20:54:19","slug":"62-471-millones-fueron-adjudicados-para-mejoramiento-de-la-via-pasto-popayan","status":"publish","type":"post","link":"https:\/\/pagina10.com\/web\/62-471-millones-fueron-adjudicados-para-mejoramiento-de-la-via-pasto-popayan\/","title":{"rendered":"62.471 millones fueron adjudicados para mejoramiento de la v\u00eda Pasto &#8211; Popay\u00e1n"},"content":{"rendered":"<p style=\"text-align: justify;\">Gracias a gestiones de la actual Administraci\u00f3n Departamental y con el apoyo del sector gremial, el Instituto Nacional de V\u00edas \u2013 Inv\u00edas adjudic\u00f3 el proyecto de mantenimiento y rehabilitaci\u00f3n del tramo Cano (Chachag\u00fc\u00ed) \u2013 Mojarras, de la v\u00eda que conecta al Municipio de Pasto con Popay\u00e1n. La obra total tiene una inversi\u00f3n aproximada de $62.471 millones y comprende los tramos Cano \u2013 Mojarras, Mojarras \u2013 Popay\u00e1n y Variante Popay\u00e1n.<\/p>\n<div>\nEl Gobernador de Nari\u00f1o, Jhon Rojas, destac\u00f3 qu\u00e9 est\u00e1 adjudicaci\u00f3n representa un logro para la regi\u00f3n puesto que el mantenimiento y la rehabilitaci\u00f3n de esta v\u00eda suponen una mejor conectividad para el departamento de Nari\u00f1o, reduce costos en el transporte de carga y pasajeros, fortalece la seguridad e impulsa condiciones de competitividad para los productores de la regi\u00f3n.<\/p>\n<div style=\"text-align: justify;\">\n\u201cEsta gesti\u00f3n fue priorizada dentro de la agenda 21 y la adjudicaci\u00f3n fue fruto tambi\u00e9n del acompa\u00f1amiento en esta labor por parte de la Asociaci\u00f3n de Camioneros de Colombia -ACC Seccional Nari\u00f1o. Desde la administraci\u00f3n departamental realizaremos un estricto seguimiento al cumplimiento del contrato a la firma que tiene a cargo la rehabilitaci\u00f3n de este tramo\u201d, indic\u00f3 el Mandatario Departamental.<\/div>\n<div style=\"text-align: justify;\">\nPara el desarrollo de este proceso se presentaron 15 firmas constructoras y de estas la ganadora del contrato fue Castro Tcherassi SAS, empresa que se espera inicie en el mes de octubre con las obras.<\/div>\n<div style=\"text-align: justify;\">\n\u201cLa carpeta asf\u00e1ltica de este tramo tiene un alto deterioro ya que ha cumplido su vida \u00fatil, este es el motivo por el cual hoy en d\u00eda se encuentra en p\u00e9simas condiciones; sin embargo, con los recursos que el Inv\u00edas ha adjudicado esperamos que pr\u00f3ximamente tengamos un tramo en excelentes condiciones que generen una excelente transitabilidad y comunicaci\u00f3n del departamento de Nari\u00f1o con el resto de Colombia hacia el norte\u201d, indic\u00f3 la Asesora de Despacho de la Gobernaci\u00f3n de Nari\u00f1o, Nilza Pantoja.<\/div>\n<\/div>\n","protected":false},"excerpt":{"rendered":"<p>Gracias a gestiones de la actual Administraci\u00f3n Departamental y con el apoyo del sector gremial, el Instituto Nacional de V\u00edas \u2013 Inv\u00edas adjudic\u00f3 el proyecto de mantenimiento y rehabilitaci\u00f3n del tramo Cano (Chachag\u00fc\u00ed) \u2013 Mojarras, de la v\u00eda que conecta al Municipio de Pasto con Popay\u00e1n. La obra total tiene una inversi\u00f3n aproximada de $62.471 [&hellip;]<\/p>\n","protected":false},"author":1,"featured_media":55649,"comment_status":"open","ping_status":"open","sticky":false,"template":"","format":"standard","meta":{"footnotes":""},"categories":[53],"tags":[],"class_list":["post-55648","post","type-post","status-publish","format-standard","has-post-thumbnail","hentry","category-regiones"],"yoast_head":"<!-- This site is optimized with the Yoast SEO plugin v27.1.1 - https:\/\/yoast.com\/product\/yoast-seo-wordpress\/ -->\n<title>62.471 millones fueron adjudicados para mejoramiento de la v\u00eda Pasto - Popay\u00e1n | P\u00e1gina10<\/title>\n<meta name=\"robots\" content=\"index, follow, max-snippet:-1, max-image-preview:large, max-video-preview:-1\" \/>\n<link rel=\"canonical\" href=\"https:\/\/pagina10.com\/web\/62-471-millones-fueron-adjudicados-para-mejoramiento-de-la-via-pasto-popayan\/\" \/>\n<meta property=\"og:locale\" content=\"es_ES\" \/>\n<meta property=\"og:type\" content=\"article\" \/>\n<meta property=\"og:title\" content=\"62.471 millones fueron adjudicados para mejoramiento de la v\u00eda Pasto - Popay\u00e1n | P\u00e1gina10\" \/>\n<meta property=\"og:description\" content=\"Gracias a gestiones de la actual Administraci\u00f3n Departamental y con el apoyo del sector gremial, el Instituto Nacional de V\u00edas \u2013 Inv\u00edas adjudic\u00f3 el proyecto de mantenimiento y rehabilitaci\u00f3n del tramo Cano (Chachag\u00fc\u00ed) \u2013 Mojarras, de la v\u00eda que conecta al Municipio de Pasto con Popay\u00e1n. La obra total tiene una inversi\u00f3n aproximada de $62.471 [&hellip;]\" \/>\n<meta property=\"og:url\" content=\"https:\/\/pagina10.com\/web\/62-471-millones-fueron-adjudicados-para-mejoramiento-de-la-via-pasto-popayan\/\" \/>\n<meta property=\"og:site_name\" content=\"P\u00e1gina10\" \/>\n<meta property=\"article:publisher\" content=\"https:\/\/www.facebook.com\/pag10com\" \/>\n<meta property=\"article:published_time\" content=\"2021-09-14T20:54:19+00:00\" \/>\n<meta property=\"og:image\" content=\"https:\/\/pagina10.com\/web\/wp-content\/uploads\/2021\/09\/Captura-de-Pantalla-2021-09-14-a-las-3.53.36-p.-m..png\" \/>\n\t<meta property=\"og:image:width\" content=\"683\" \/>\n\t<meta property=\"og:image:height\" content=\"387\" \/>\n\t<meta property=\"og:image:type\" content=\"image\/png\" \/>\n<meta name=\"author\" content=\"P\u00e1gina 10\" \/>\n<meta name=\"twitter:card\" content=\"summary_large_image\" \/>\n<meta name=\"twitter:creator\" content=\"@Pag10com\" \/>\n<meta name=\"twitter:site\" content=\"@Pag10com\" \/>\n<meta name=\"twitter:label1\" content=\"Escrito por\" \/>\n\t<meta name=\"twitter:data1\" content=\"P\u00e1gina 10\" \/>\n\t<meta name=\"twitter:label2\" content=\"Tiempo de lectura\" \/>\n\t<meta name=\"twitter:data2\" content=\"2 minutos\" \/>\n<script type=\"application\/ld+json\" class=\"yoast-schema-graph\">{\"@context\":\"https:\/\/schema.org\",\"@graph\":[{\"@type\":\"Article\",\"@id\":\"https:\/\/pagina10.com\/web\/62-471-millones-fueron-adjudicados-para-mejoramiento-de-la-via-pasto-popayan\/#article\",\"isPartOf\":{\"@id\":\"https:\/\/pagina10.com\/web\/62-471-millones-fueron-adjudicados-para-mejoramiento-de-la-via-pasto-popayan\/\"},\"author\":{\"name\":\"P\u00e1gina 10\",\"@id\":\"https:\/\/pagina10.com\/web\/#\/schema\/person\/2efc4a090d25b667d3bc796798a3a81b\"},\"headline\":\"62.471 millones fueron adjudicados para mejoramiento de la v\u00eda Pasto &#8211; Popay\u00e1n\",\"datePublished\":\"2021-09-14T20:54:19+00:00\",\"mainEntityOfPage\":{\"@id\":\"https:\/\/pagina10.com\/web\/62-471-millones-fueron-adjudicados-para-mejoramiento-de-la-via-pasto-popayan\/\"},\"wordCount\":343,\"commentCount\":0,\"publisher\":{\"@id\":\"https:\/\/pagina10.com\/web\/#organization\"},\"image\":{\"@id\":\"https:\/\/pagina10.com\/web\/62-471-millones-fueron-adjudicados-para-mejoramiento-de-la-via-pasto-popayan\/#primaryimage\"},\"thumbnailUrl\":\"https:\/\/pagina10.com\/web\/wp-content\/uploads\/2021\/09\/Captura-de-Pantalla-2021-09-14-a-las-3.53.36-p.-m..png\",\"articleSection\":[\"Regiones\"],\"inLanguage\":\"es\",\"potentialAction\":[{\"@type\":\"CommentAction\",\"name\":\"Comment\",\"target\":[\"https:\/\/pagina10.com\/web\/62-471-millones-fueron-adjudicados-para-mejoramiento-de-la-via-pasto-popayan\/#respond\"]}]},{\"@type\":\"WebPage\",\"@id\":\"https:\/\/pagina10.com\/web\/62-471-millones-fueron-adjudicados-para-mejoramiento-de-la-via-pasto-popayan\/\",\"url\":\"https:\/\/pagina10.com\/web\/62-471-millones-fueron-adjudicados-para-mejoramiento-de-la-via-pasto-popayan\/\",\"name\":\"62.471 millones fueron adjudicados para mejoramiento de la v\u00eda Pasto - Popay\u00e1n | P\u00e1gina10\",\"isPartOf\":{\"@id\":\"https:\/\/pagina10.com\/web\/#website\"},\"primaryImageOfPage\":{\"@id\":\"https:\/\/pagina10.com\/web\/62-471-millones-fueron-adjudicados-para-mejoramiento-de-la-via-pasto-popayan\/#primaryimage\"},\"image\":{\"@id\":\"https:\/\/pagina10.com\/web\/62-471-millones-fueron-adjudicados-para-mejoramiento-de-la-via-pasto-popayan\/#primaryimage\"},\"thumbnailUrl\":\"https:\/\/pagina10.com\/web\/wp-content\/uploads\/2021\/09\/Captura-de-Pantalla-2021-09-14-a-las-3.53.36-p.-m..png\",\"datePublished\":\"2021-09-14T20:54:19+00:00\",\"breadcrumb\":{\"@id\":\"https:\/\/pagina10.com\/web\/62-471-millones-fueron-adjudicados-para-mejoramiento-de-la-via-pasto-popayan\/#breadcrumb\"},\"inLanguage\":\"es\",\"potentialAction\":[{\"@type\":\"ReadAction\",\"target\":[\"https:\/\/pagina10.com\/web\/62-471-millones-fueron-adjudicados-para-mejoramiento-de-la-via-pasto-popayan\/\"]}]},{\"@type\":\"ImageObject\",\"inLanguage\":\"es\",\"@id\":\"https:\/\/pagina10.com\/web\/62-471-millones-fueron-adjudicados-para-mejoramiento-de-la-via-pasto-popayan\/#primaryimage\",\"url\":\"https:\/\/pagina10.com\/web\/wp-content\/uploads\/2021\/09\/Captura-de-Pantalla-2021-09-14-a-las-3.53.36-p.-m..png\",\"contentUrl\":\"https:\/\/pagina10.com\/web\/wp-content\/uploads\/2021\/09\/Captura-de-Pantalla-2021-09-14-a-las-3.53.36-p.-m..png\",\"width\":683,\"height\":387},{\"@type\":\"BreadcrumbList\",\"@id\":\"https:\/\/pagina10.com\/web\/62-471-millones-fueron-adjudicados-para-mejoramiento-de-la-via-pasto-popayan\/#breadcrumb\",\"itemListElement\":[{\"@type\":\"ListItem\",\"position\":1,\"name\":\"Portada\",\"item\":\"https:\/\/pagina10.com\/web\/\"},{\"@type\":\"ListItem\",\"position\":2,\"name\":\"62.471 millones fueron adjudicados para mejoramiento de la v\u00eda Pasto &#8211; Popay\u00e1n\"}]},{\"@type\":\"WebSite\",\"@id\":\"https:\/\/pagina10.com\/web\/#website\",\"url\":\"https:\/\/pagina10.com\/web\/\",\"name\":\"P\u00e1gina10\",\"description\":\"Peri\u00f3dico Regional\",\"publisher\":{\"@id\":\"https:\/\/pagina10.com\/web\/#organization\"},\"alternateName\":\"P\u00e1gina10 Peri\u00f3dico Regional\",\"potentialAction\":[{\"@type\":\"SearchAction\",\"target\":{\"@type\":\"EntryPoint\",\"urlTemplate\":\"https:\/\/pagina10.com\/web\/?s={search_term_string}\"},\"query-input\":{\"@type\":\"PropertyValueSpecification\",\"valueRequired\":true,\"valueName\":\"search_term_string\"}}],\"inLanguage\":\"es\"},{\"@type\":\"Organization\",\"@id\":\"https:\/\/pagina10.com\/web\/#organization\",\"name\":\"P\u00e1gina10\",\"alternateName\":\"P\u00e1gina10 Peri\u00f3dico Regional\",\"url\":\"https:\/\/pagina10.com\/web\/\",\"logo\":{\"@type\":\"ImageObject\",\"inLanguage\":\"es\",\"@id\":\"https:\/\/pagina10.com\/web\/#\/schema\/logo\/image\/\",\"url\":\"https:\/\/pagina10.com\/web\/wp-content\/uploads\/2024\/01\/40-pagina-10-periodico-regional-pasto.jpg\",\"contentUrl\":\"https:\/\/pagina10.com\/web\/wp-content\/uploads\/2024\/01\/40-pagina-10-periodico-regional-pasto.jpg\",\"width\":1280,\"height\":720,\"caption\":\"P\u00e1gina10\"},\"image\":{\"@id\":\"https:\/\/pagina10.com\/web\/#\/schema\/logo\/image\/\"},\"sameAs\":[\"https:\/\/www.facebook.com\/pag10com\",\"https:\/\/x.com\/Pag10com\",\"https:\/\/www.instagram.com\/pagina10col\/\",\"https:\/\/youtube.com\/channel\/pag10\",\"https:\/\/www.tiktok.com\/@p10col\"]},{\"@type\":\"Person\",\"@id\":\"https:\/\/pagina10.com\/web\/#\/schema\/person\/2efc4a090d25b667d3bc796798a3a81b\",\"name\":\"P\u00e1gina 10\",\"description\":\"P\u00e1gina 10 es un peri\u00f3dico regional que nace en Colombia, en el departamento de Nari\u00f1o, con un enfoque global, fundamentado en cuatro pilares esenciales: la libertad, el pluralismo, la inclusi\u00f3n y la independencia. P\u00e1gina 10 hace referencia a Nari\u00f1o como el d\u00e9cimo departamento creado en Colombia, despu\u00e9s de un proceso pol\u00edtico liderado por actores y actrices regionales con el fin de obtener la independencia y autonom\u00eda de nuestros territorios. Con la creaci\u00f3n de P\u00e1gina 10 se pretende abrir un escenario para el dialogo, la reflexi\u00f3n y el debate que se extienda a otras geograf\u00edas de Am\u00e9rica Latina y del planeta, en una apuesta por transformar colectivamente los desaf\u00edos de un mundo contempor\u00e1neo, m\u00e1s all\u00e1 de las fronteras impuestas.\",\"url\":\"https:\/\/pagina10.com\/web\/author\/pdiezadmin\/\"}]}<\/script>\n<!-- \/ Yoast SEO plugin. -->","yoast_head_json":{"title":"62.471 millones fueron adjudicados para mejoramiento de la v\u00eda Pasto - Popay\u00e1n | P\u00e1gina10","robots":{"index":"index","follow":"follow","max-snippet":"max-snippet:-1","max-image-preview":"max-image-preview:large","max-video-preview":"max-video-preview:-1"},"canonical":"https:\/\/pagina10.com\/web\/62-471-millones-fueron-adjudicados-para-mejoramiento-de-la-via-pasto-popayan\/","og_locale":"es_ES","og_type":"article","og_title":"62.471 millones fueron adjudicados para mejoramiento de la v\u00eda Pasto - Popay\u00e1n | P\u00e1gina10","og_description":"Gracias a gestiones de la actual Administraci\u00f3n Departamental y con el apoyo del sector gremial, el Instituto Nacional de V\u00edas \u2013 Inv\u00edas adjudic\u00f3 el proyecto de mantenimiento y rehabilitaci\u00f3n del tramo Cano (Chachag\u00fc\u00ed) \u2013 Mojarras, de la v\u00eda que conecta al Municipio de Pasto con Popay\u00e1n. La obra total tiene una inversi\u00f3n aproximada de $62.471 [&hellip;]","og_url":"https:\/\/pagina10.com\/web\/62-471-millones-fueron-adjudicados-para-mejoramiento-de-la-via-pasto-popayan\/","og_site_name":"P\u00e1gina10","article_publisher":"https:\/\/www.facebook.com\/pag10com","article_published_time":"2021-09-14T20:54:19+00:00","og_image":[{"width":683,"height":387,"url":"https:\/\/pagina10.com\/web\/wp-content\/uploads\/2021\/09\/Captura-de-Pantalla-2021-09-14-a-las-3.53.36-p.-m..png","type":"image\/png"}],"author":"P\u00e1gina 10","twitter_card":"summary_large_image","twitter_creator":"@Pag10com","twitter_site":"@Pag10com","twitter_misc":{"Escrito por":"P\u00e1gina 10","Tiempo de lectura":"2 minutos"},"schema":{"@context":"https:\/\/schema.org","@graph":[{"@type":"Article","@id":"https:\/\/pagina10.com\/web\/62-471-millones-fueron-adjudicados-para-mejoramiento-de-la-via-pasto-popayan\/#article","isPartOf":{"@id":"https:\/\/pagina10.com\/web\/62-471-millones-fueron-adjudicados-para-mejoramiento-de-la-via-pasto-popayan\/"},"author":{"name":"P\u00e1gina 10","@id":"https:\/\/pagina10.com\/web\/#\/schema\/person\/2efc4a090d25b667d3bc796798a3a81b"},"headline":"62.471 millones fueron adjudicados para mejoramiento de la v\u00eda Pasto &#8211; Popay\u00e1n","datePublished":"2021-09-14T20:54:19+00:00","mainEntityOfPage":{"@id":"https:\/\/pagina10.com\/web\/62-471-millones-fueron-adjudicados-para-mejoramiento-de-la-via-pasto-popayan\/"},"wordCount":343,"commentCount":0,"publisher":{"@id":"https:\/\/pagina10.com\/web\/#organization"},"image":{"@id":"https:\/\/pagina10.com\/web\/62-471-millones-fueron-adjudicados-para-mejoramiento-de-la-via-pasto-popayan\/#primaryimage"},"thumbnailUrl":"https:\/\/pagina10.com\/web\/wp-content\/uploads\/2021\/09\/Captura-de-Pantalla-2021-09-14-a-las-3.53.36-p.-m..png","articleSection":["Regiones"],"inLanguage":"es","potentialAction":[{"@type":"CommentAction","name":"Comment","target":["https:\/\/pagina10.com\/web\/62-471-millones-fueron-adjudicados-para-mejoramiento-de-la-via-pasto-popayan\/#respond"]}]},{"@type":"WebPage","@id":"https:\/\/pagina10.com\/web\/62-471-millones-fueron-adjudicados-para-mejoramiento-de-la-via-pasto-popayan\/","url":"https:\/\/pagina10.com\/web\/62-471-millones-fueron-adjudicados-para-mejoramiento-de-la-via-pasto-popayan\/","name":"62.471 millones fueron adjudicados para mejoramiento de la v\u00eda Pasto - Popay\u00e1n | P\u00e1gina10","isPartOf":{"@id":"https:\/\/pagina10.com\/web\/#website"},"primaryImageOfPage":{"@id":"https:\/\/pagina10.com\/web\/62-471-millones-fueron-adjudicados-para-mejoramiento-de-la-via-pasto-popayan\/#primaryimage"},"image":{"@id":"https:\/\/pagina10.com\/web\/62-471-millones-fueron-adjudicados-para-mejoramiento-de-la-via-pasto-popayan\/#primaryimage"},"thumbnailUrl":"https:\/\/pagina10.com\/web\/wp-content\/uploads\/2021\/09\/Captura-de-Pantalla-2021-09-14-a-las-3.53.36-p.-m..png","datePublished":"2021-09-14T20:54:19+00:00","breadcrumb":{"@id":"https:\/\/pagina10.com\/web\/62-471-millones-fueron-adjudicados-para-mejoramiento-de-la-via-pasto-popayan\/#breadcrumb"},"inLanguage":"es","potentialAction":[{"@type":"ReadAction","target":["https:\/\/pagina10.com\/web\/62-471-millones-fueron-adjudicados-para-mejoramiento-de-la-via-pasto-popayan\/"]}]},{"@type":"ImageObject","inLanguage":"es","@id":"https:\/\/pagina10.com\/web\/62-471-millones-fueron-adjudicados-para-mejoramiento-de-la-via-pasto-popayan\/#primaryimage","url":"https:\/\/pagina10.com\/web\/wp-content\/uploads\/2021\/09\/Captura-de-Pantalla-2021-09-14-a-las-3.53.36-p.-m..png","contentUrl":"https:\/\/pagina10.com\/web\/wp-content\/uploads\/2021\/09\/Captura-de-Pantalla-2021-09-14-a-las-3.53.36-p.-m..png","width":683,"height":387},{"@type":"BreadcrumbList","@id":"https:\/\/pagina10.com\/web\/62-471-millones-fueron-adjudicados-para-mejoramiento-de-la-via-pasto-popayan\/#breadcrumb","itemListElement":[{"@type":"ListItem","position":1,"name":"Portada","item":"https:\/\/pagina10.com\/web\/"},{"@type":"ListItem","position":2,"name":"62.471 millones fueron adjudicados para mejoramiento de la v\u00eda Pasto &#8211; Popay\u00e1n"}]},{"@type":"WebSite","@id":"https:\/\/pagina10.com\/web\/#website","url":"https:\/\/pagina10.com\/web\/","name":"P\u00e1gina10","description":"Peri\u00f3dico Regional","publisher":{"@id":"https:\/\/pagina10.com\/web\/#organization"},"alternateName":"P\u00e1gina10 Peri\u00f3dico Regional","potentialAction":[{"@type":"SearchAction","target":{"@type":"EntryPoint","urlTemplate":"https:\/\/pagina10.com\/web\/?s={search_term_string}"},"query-input":{"@type":"PropertyValueSpecification","valueRequired":true,"valueName":"search_term_string"}}],"inLanguage":"es"},{"@type":"Organization","@id":"https:\/\/pagina10.com\/web\/#organization","name":"P\u00e1gina10","alternateName":"P\u00e1gina10 Peri\u00f3dico Regional","url":"https:\/\/pagina10.com\/web\/","logo":{"@type":"ImageObject","inLanguage":"es","@id":"https:\/\/pagina10.com\/web\/#\/schema\/logo\/image\/","url":"https:\/\/pagina10.com\/web\/wp-content\/uploads\/2024\/01\/40-pagina-10-periodico-regional-pasto.jpg","contentUrl":"https:\/\/pagina10.com\/web\/wp-content\/uploads\/2024\/01\/40-pagina-10-periodico-regional-pasto.jpg","width":1280,"height":720,"caption":"P\u00e1gina10"},"image":{"@id":"https:\/\/pagina10.com\/web\/#\/schema\/logo\/image\/"},"sameAs":["https:\/\/www.facebook.com\/pag10com","https:\/\/x.com\/Pag10com","https:\/\/www.instagram.com\/pagina10col\/","https:\/\/youtube.com\/channel\/pag10","https:\/\/www.tiktok.com\/@p10col"]},{"@type":"Person","@id":"https:\/\/pagina10.com\/web\/#\/schema\/person\/2efc4a090d25b667d3bc796798a3a81b","name":"P\u00e1gina 10","description":"P\u00e1gina 10 es un peri\u00f3dico regional que nace en Colombia, en el departamento de Nari\u00f1o, con un enfoque global, fundamentado en cuatro pilares esenciales: la libertad, el pluralismo, la inclusi\u00f3n y la independencia. P\u00e1gina 10 hace referencia a Nari\u00f1o como el d\u00e9cimo departamento creado en Colombia, despu\u00e9s de un proceso pol\u00edtico liderado por actores y actrices regionales con el fin de obtener la independencia y autonom\u00eda de nuestros territorios. Con la creaci\u00f3n de P\u00e1gina 10 se pretende abrir un escenario para el dialogo, la reflexi\u00f3n y el debate que se extienda a otras geograf\u00edas de Am\u00e9rica Latina y del planeta, en una apuesta por transformar colectivamente los desaf\u00edos de un mundo contempor\u00e1neo, m\u00e1s all\u00e1 de las fronteras impuestas.","url":"https:\/\/pagina10.com\/web\/author\/pdiezadmin\/"}]}},"_links":{"self":[{"href":"https:\/\/pagina10.com\/web\/wp-json\/wp\/v2\/posts\/55648","targetHints":{"allow":["GET"]}}],"collection":[{"href":"https:\/\/pagina10.com\/web\/wp-json\/wp\/v2\/posts"}],"about":[{"href":"https:\/\/pagina10.com\/web\/wp-json\/wp\/v2\/types\/post"}],"author":[{"embeddable":true,"href":"https:\/\/pagina10.com\/web\/wp-json\/wp\/v2\/users\/1"}],"replies":[{"embeddable":true,"href":"https:\/\/pagina10.com\/web\/wp-json\/wp\/v2\/comments?post=55648"}],"version-history":[{"count":1,"href":"https:\/\/pagina10.com\/web\/wp-json\/wp\/v2\/posts\/55648\/revisions"}],"predecessor-version":[{"id":55650,"href":"https:\/\/pagina10.com\/web\/wp-json\/wp\/v2\/posts\/55648\/revisions\/55650"}],"wp:featuredmedia":[{"embeddable":true,"href":"https:\/\/pagina10.com\/web\/wp-json\/wp\/v2\/media\/55649"}],"wp:attachment":[{"href":"https:\/\/pagina10.com\/web\/wp-json\/wp\/v2\/media?parent=55648"}],"wp:term":[{"taxonomy":"category","embeddable":true,"href":"https:\/\/pagina10.com\/web\/wp-json\/wp\/v2\/categories?post=55648"},{"taxonomy":"post_tag","embeddable":true,"href":"https:\/\/pagina10.com\/web\/wp-json\/wp\/v2\/tags?post=55648"}],"curies":[{"name":"wp","href":"https:\/\/api.w.org\/{rel}","templated":true}]}}