{"id":55651,"date":"2021-09-14T15:57:51","date_gmt":"2021-09-14T20:57:51","guid":{"rendered":"https:\/\/pagina10.com\/web\/?p=55651"},"modified":"2021-09-14T16:01:56","modified_gmt":"2021-09-14T21:01:56","slug":"gobernacion-de-narino-conmemorara-el-dia-de-la-gestion-comunitaria-del-agua","status":"publish","type":"post","link":"https:\/\/pagina10.com\/web\/gobernacion-de-narino-conmemorara-el-dia-de-la-gestion-comunitaria-del-agua\/","title":{"rendered":"Gobernaci\u00f3n de Nari\u00f1o conmemorar\u00e1 el d\u00eda de la gesti\u00f3n comunitaria del agua"},"content":{"rendered":"<p style=\"text-align: justify;\">El Plan Departamental de Agua de Nari\u00f1o, conmemorar\u00e1 el d\u00eda de la Gesti\u00f3n Comunitaria del Agua, en un acto que reconocer\u00e1 las acciones hist\u00f3ricas realizadas por los campesinos de nuestro Departamento, en pro del cuidado del recurso h\u00eddrico.<\/p>\n<div style=\"text-align: justify;\">Con el fin de resaltar las estrategias de apoyo y acompa\u00f1amiento a la autogesti\u00f3n, que hist\u00f3ricamente han realizado los acueductos rurales y las comunidades campesinas de mi Nari\u00f1o, a trav\u00e9s de actividades orientadas al cuidado y protecci\u00f3n de las fuentes de agua; al monitoreo de la calidad del agua, el mejoramiento de sus infraestructuras; el fortalecimiento interno de los acueductos, Juntas de Acci\u00f3n Comunal y la integraci\u00f3n de las comunidades en torno a sus acueducto, la Gobernaci\u00f3n de Nari\u00f1o, a trav\u00e9s del Plan Departamental de Agua, conmemorar\u00e1 el d\u00eda de la Gesti\u00f3n Comunitaria del Agua.\u201cDesde el Plan de Gesti\u00f3n Social, del Plan Departamental de Agua, conmemoraremos el D\u00eda de la Gesti\u00f3n Comunitaria del Agua. Recordemos que estas asociaciones, son creadas por los propios usuarios del servicio, en poblaciones donde generalmente no llega el servicio de los operadores p\u00fablicos o privados. Por ello, conmemoraremos este d\u00eda, en reconocimiento a su gran esfuerzo, servicio y trabajo comunitario para abastecer de agua potable a sus comunidades. Los invitamos a conectarse al Facebook Live de la Gobernaci\u00f3n de Nari\u00f1o, donde exaltaremos y conmemoraremos en un conversatorio, el trabajo hist\u00f3rico que han venido realizando nuestros campesinos en el cuidado y protecci\u00f3n del recurso h\u00eddrico\u201d, afirm\u00f3 el Coordinador del Componente de Gesti\u00f3n Social, Nelson Leyt\u00f3n Portilla.<\/p>\n<\/div>\n<div style=\"text-align: justify;\">El evento conmemorativo, se desarrollar\u00e1 de manera virtual, el d\u00eda 14 de septiembre, a partir de las 10:00 am. La transmisi\u00f3n se har\u00e1 por Facebook Live de la Gobernaci\u00f3n de Nari\u00f1o.<\/div>\n","protected":false},"excerpt":{"rendered":"<p>El Plan Departamental de Agua de Nari\u00f1o, conmemorar\u00e1 el d\u00eda de la Gesti\u00f3n Comunitaria del Agua, en un acto que reconocer\u00e1 las acciones hist\u00f3ricas realizadas por los campesinos de nuestro Departamento, en pro del cuidado del recurso h\u00eddrico. Con el fin de resaltar las estrategias de apoyo y acompa\u00f1amiento a la autogesti\u00f3n, que hist\u00f3ricamente han [&hellip;]<\/p>\n","protected":false},"author":1,"featured_media":55652,"comment_status":"open","ping_status":"open","sticky":false,"template":"","format":"standard","meta":{"footnotes":""},"categories":[14],"tags":[],"class_list":["post-55651","post","type-post","status-publish","format-standard","has-post-thumbnail","hentry","category-narino-actual"],"yoast_head":"<!-- This site is optimized with the Yoast SEO plugin v27.1.1 - https:\/\/yoast.com\/product\/yoast-seo-wordpress\/ -->\n<title>Gobernaci\u00f3n de Nari\u00f1o conmemorar\u00e1 el d\u00eda de la gesti\u00f3n comunitaria del agua | P\u00e1gina10<\/title>\n<meta name=\"robots\" content=\"index, follow, max-snippet:-1, max-image-preview:large, max-video-preview:-1\" \/>\n<link rel=\"canonical\" href=\"https:\/\/pagina10.com\/web\/gobernacion-de-narino-conmemorara-el-dia-de-la-gestion-comunitaria-del-agua\/\" \/>\n<meta property=\"og:locale\" content=\"es_ES\" \/>\n<meta property=\"og:type\" content=\"article\" \/>\n<meta property=\"og:title\" content=\"Gobernaci\u00f3n de Nari\u00f1o conmemorar\u00e1 el d\u00eda de la gesti\u00f3n comunitaria del agua | P\u00e1gina10\" \/>\n<meta property=\"og:description\" content=\"El Plan Departamental de Agua de Nari\u00f1o, conmemorar\u00e1 el d\u00eda de la Gesti\u00f3n Comunitaria del Agua, en un acto que reconocer\u00e1 las acciones hist\u00f3ricas realizadas por los campesinos de nuestro Departamento, en pro del cuidado del recurso h\u00eddrico. Con el fin de resaltar las estrategias de apoyo y acompa\u00f1amiento a la autogesti\u00f3n, que hist\u00f3ricamente han [&hellip;]\" \/>\n<meta property=\"og:url\" content=\"https:\/\/pagina10.com\/web\/gobernacion-de-narino-conmemorara-el-dia-de-la-gestion-comunitaria-del-agua\/\" \/>\n<meta property=\"og:site_name\" content=\"P\u00e1gina10\" \/>\n<meta property=\"article:publisher\" content=\"https:\/\/www.facebook.com\/pag10com\" \/>\n<meta property=\"article:published_time\" content=\"2021-09-14T20:57:51+00:00\" \/>\n<meta property=\"article:modified_time\" content=\"2021-09-14T21:01:56+00:00\" \/>\n<meta property=\"og:image\" content=\"https:\/\/pagina10.com\/web\/wp-content\/uploads\/2021\/09\/Captura-de-Pantalla-2021-09-14-a-las-3.57.23-p.-m..png\" \/>\n\t<meta property=\"og:image:width\" content=\"385\" \/>\n\t<meta property=\"og:image:height\" content=\"248\" \/>\n\t<meta property=\"og:image:type\" content=\"image\/png\" \/>\n<meta name=\"author\" content=\"P\u00e1gina 10\" \/>\n<meta name=\"twitter:card\" content=\"summary_large_image\" \/>\n<meta name=\"twitter:creator\" content=\"@Pag10com\" \/>\n<meta name=\"twitter:site\" content=\"@Pag10com\" \/>\n<meta name=\"twitter:label1\" content=\"Escrito por\" \/>\n\t<meta name=\"twitter:data1\" content=\"P\u00e1gina 10\" \/>\n\t<meta name=\"twitter:label2\" content=\"Tiempo de lectura\" \/>\n\t<meta name=\"twitter:data2\" content=\"2 minutos\" \/>\n<script type=\"application\/ld+json\" class=\"yoast-schema-graph\">{\"@context\":\"https:\/\/schema.org\",\"@graph\":[{\"@type\":\"Article\",\"@id\":\"https:\/\/pagina10.com\/web\/gobernacion-de-narino-conmemorara-el-dia-de-la-gestion-comunitaria-del-agua\/#article\",\"isPartOf\":{\"@id\":\"https:\/\/pagina10.com\/web\/gobernacion-de-narino-conmemorara-el-dia-de-la-gestion-comunitaria-del-agua\/\"},\"author\":{\"name\":\"P\u00e1gina 10\",\"@id\":\"https:\/\/pagina10.com\/web\/#\/schema\/person\/2efc4a090d25b667d3bc796798a3a81b\"},\"headline\":\"Gobernaci\u00f3n de Nari\u00f1o conmemorar\u00e1 el d\u00eda de la gesti\u00f3n comunitaria del agua\",\"datePublished\":\"2021-09-14T20:57:51+00:00\",\"dateModified\":\"2021-09-14T21:01:56+00:00\",\"mainEntityOfPage\":{\"@id\":\"https:\/\/pagina10.com\/web\/gobernacion-de-narino-conmemorara-el-dia-de-la-gestion-comunitaria-del-agua\/\"},\"wordCount\":328,\"commentCount\":0,\"publisher\":{\"@id\":\"https:\/\/pagina10.com\/web\/#organization\"},\"image\":{\"@id\":\"https:\/\/pagina10.com\/web\/gobernacion-de-narino-conmemorara-el-dia-de-la-gestion-comunitaria-del-agua\/#primaryimage\"},\"thumbnailUrl\":\"https:\/\/pagina10.com\/web\/wp-content\/uploads\/2021\/09\/Captura-de-Pantalla-2021-09-14-a-las-3.57.23-p.-m..png\",\"articleSection\":[\"Nari\u00f1o Actual\"],\"inLanguage\":\"es\",\"potentialAction\":[{\"@type\":\"CommentAction\",\"name\":\"Comment\",\"target\":[\"https:\/\/pagina10.com\/web\/gobernacion-de-narino-conmemorara-el-dia-de-la-gestion-comunitaria-del-agua\/#respond\"]}]},{\"@type\":\"WebPage\",\"@id\":\"https:\/\/pagina10.com\/web\/gobernacion-de-narino-conmemorara-el-dia-de-la-gestion-comunitaria-del-agua\/\",\"url\":\"https:\/\/pagina10.com\/web\/gobernacion-de-narino-conmemorara-el-dia-de-la-gestion-comunitaria-del-agua\/\",\"name\":\"Gobernaci\u00f3n de Nari\u00f1o conmemorar\u00e1 el d\u00eda de la gesti\u00f3n comunitaria del agua | P\u00e1gina10\",\"isPartOf\":{\"@id\":\"https:\/\/pagina10.com\/web\/#website\"},\"primaryImageOfPage\":{\"@id\":\"https:\/\/pagina10.com\/web\/gobernacion-de-narino-conmemorara-el-dia-de-la-gestion-comunitaria-del-agua\/#primaryimage\"},\"image\":{\"@id\":\"https:\/\/pagina10.com\/web\/gobernacion-de-narino-conmemorara-el-dia-de-la-gestion-comunitaria-del-agua\/#primaryimage\"},\"thumbnailUrl\":\"https:\/\/pagina10.com\/web\/wp-content\/uploads\/2021\/09\/Captura-de-Pantalla-2021-09-14-a-las-3.57.23-p.-m..png\",\"datePublished\":\"2021-09-14T20:57:51+00:00\",\"dateModified\":\"2021-09-14T21:01:56+00:00\",\"breadcrumb\":{\"@id\":\"https:\/\/pagina10.com\/web\/gobernacion-de-narino-conmemorara-el-dia-de-la-gestion-comunitaria-del-agua\/#breadcrumb\"},\"inLanguage\":\"es\",\"potentialAction\":[{\"@type\":\"ReadAction\",\"target\":[\"https:\/\/pagina10.com\/web\/gobernacion-de-narino-conmemorara-el-dia-de-la-gestion-comunitaria-del-agua\/\"]}]},{\"@type\":\"ImageObject\",\"inLanguage\":\"es\",\"@id\":\"https:\/\/pagina10.com\/web\/gobernacion-de-narino-conmemorara-el-dia-de-la-gestion-comunitaria-del-agua\/#primaryimage\",\"url\":\"https:\/\/pagina10.com\/web\/wp-content\/uploads\/2021\/09\/Captura-de-Pantalla-2021-09-14-a-las-3.57.23-p.-m..png\",\"contentUrl\":\"https:\/\/pagina10.com\/web\/wp-content\/uploads\/2021\/09\/Captura-de-Pantalla-2021-09-14-a-las-3.57.23-p.-m..png\",\"width\":385,\"height\":248},{\"@type\":\"BreadcrumbList\",\"@id\":\"https:\/\/pagina10.com\/web\/gobernacion-de-narino-conmemorara-el-dia-de-la-gestion-comunitaria-del-agua\/#breadcrumb\",\"itemListElement\":[{\"@type\":\"ListItem\",\"position\":1,\"name\":\"Portada\",\"item\":\"https:\/\/pagina10.com\/web\/\"},{\"@type\":\"ListItem\",\"position\":2,\"name\":\"Gobernaci\u00f3n de Nari\u00f1o conmemorar\u00e1 el d\u00eda de la gesti\u00f3n comunitaria del agua\"}]},{\"@type\":\"WebSite\",\"@id\":\"https:\/\/pagina10.com\/web\/#website\",\"url\":\"https:\/\/pagina10.com\/web\/\",\"name\":\"P\u00e1gina10\",\"description\":\"Peri\u00f3dico Regional\",\"publisher\":{\"@id\":\"https:\/\/pagina10.com\/web\/#organization\"},\"alternateName\":\"P\u00e1gina10 Peri\u00f3dico Regional\",\"potentialAction\":[{\"@type\":\"SearchAction\",\"target\":{\"@type\":\"EntryPoint\",\"urlTemplate\":\"https:\/\/pagina10.com\/web\/?s={search_term_string}\"},\"query-input\":{\"@type\":\"PropertyValueSpecification\",\"valueRequired\":true,\"valueName\":\"search_term_string\"}}],\"inLanguage\":\"es\"},{\"@type\":\"Organization\",\"@id\":\"https:\/\/pagina10.com\/web\/#organization\",\"name\":\"P\u00e1gina10\",\"alternateName\":\"P\u00e1gina10 Peri\u00f3dico Regional\",\"url\":\"https:\/\/pagina10.com\/web\/\",\"logo\":{\"@type\":\"ImageObject\",\"inLanguage\":\"es\",\"@id\":\"https:\/\/pagina10.com\/web\/#\/schema\/logo\/image\/\",\"url\":\"https:\/\/pagina10.com\/web\/wp-content\/uploads\/2024\/01\/40-pagina-10-periodico-regional-pasto.jpg\",\"contentUrl\":\"https:\/\/pagina10.com\/web\/wp-content\/uploads\/2024\/01\/40-pagina-10-periodico-regional-pasto.jpg\",\"width\":1280,\"height\":720,\"caption\":\"P\u00e1gina10\"},\"image\":{\"@id\":\"https:\/\/pagina10.com\/web\/#\/schema\/logo\/image\/\"},\"sameAs\":[\"https:\/\/www.facebook.com\/pag10com\",\"https:\/\/x.com\/Pag10com\",\"https:\/\/www.instagram.com\/pagina10col\/\",\"https:\/\/youtube.com\/channel\/pag10\",\"https:\/\/www.tiktok.com\/@p10col\"]},{\"@type\":\"Person\",\"@id\":\"https:\/\/pagina10.com\/web\/#\/schema\/person\/2efc4a090d25b667d3bc796798a3a81b\",\"name\":\"P\u00e1gina 10\",\"description\":\"P\u00e1gina 10 es un peri\u00f3dico regional que nace en Colombia, en el departamento de Nari\u00f1o, con un enfoque global, fundamentado en cuatro pilares esenciales: la libertad, el pluralismo, la inclusi\u00f3n y la independencia. P\u00e1gina 10 hace referencia a Nari\u00f1o como el d\u00e9cimo departamento creado en Colombia, despu\u00e9s de un proceso pol\u00edtico liderado por actores y actrices regionales con el fin de obtener la independencia y autonom\u00eda de nuestros territorios. Con la creaci\u00f3n de P\u00e1gina 10 se pretende abrir un escenario para el dialogo, la reflexi\u00f3n y el debate que se extienda a otras geograf\u00edas de Am\u00e9rica Latina y del planeta, en una apuesta por transformar colectivamente los desaf\u00edos de un mundo contempor\u00e1neo, m\u00e1s all\u00e1 de las fronteras impuestas.\",\"url\":\"https:\/\/pagina10.com\/web\/author\/pdiezadmin\/\"}]}<\/script>\n<!-- \/ Yoast SEO plugin. -->","yoast_head_json":{"title":"Gobernaci\u00f3n de Nari\u00f1o conmemorar\u00e1 el d\u00eda de la gesti\u00f3n comunitaria del agua | P\u00e1gina10","robots":{"index":"index","follow":"follow","max-snippet":"max-snippet:-1","max-image-preview":"max-image-preview:large","max-video-preview":"max-video-preview:-1"},"canonical":"https:\/\/pagina10.com\/web\/gobernacion-de-narino-conmemorara-el-dia-de-la-gestion-comunitaria-del-agua\/","og_locale":"es_ES","og_type":"article","og_title":"Gobernaci\u00f3n de Nari\u00f1o conmemorar\u00e1 el d\u00eda de la gesti\u00f3n comunitaria del agua | P\u00e1gina10","og_description":"El Plan Departamental de Agua de Nari\u00f1o, conmemorar\u00e1 el d\u00eda de la Gesti\u00f3n Comunitaria del Agua, en un acto que reconocer\u00e1 las acciones hist\u00f3ricas realizadas por los campesinos de nuestro Departamento, en pro del cuidado del recurso h\u00eddrico. Con el fin de resaltar las estrategias de apoyo y acompa\u00f1amiento a la autogesti\u00f3n, que hist\u00f3ricamente han [&hellip;]","og_url":"https:\/\/pagina10.com\/web\/gobernacion-de-narino-conmemorara-el-dia-de-la-gestion-comunitaria-del-agua\/","og_site_name":"P\u00e1gina10","article_publisher":"https:\/\/www.facebook.com\/pag10com","article_published_time":"2021-09-14T20:57:51+00:00","article_modified_time":"2021-09-14T21:01:56+00:00","og_image":[{"width":385,"height":248,"url":"https:\/\/pagina10.com\/web\/wp-content\/uploads\/2021\/09\/Captura-de-Pantalla-2021-09-14-a-las-3.57.23-p.-m..png","type":"image\/png"}],"author":"P\u00e1gina 10","twitter_card":"summary_large_image","twitter_creator":"@Pag10com","twitter_site":"@Pag10com","twitter_misc":{"Escrito por":"P\u00e1gina 10","Tiempo de lectura":"2 minutos"},"schema":{"@context":"https:\/\/schema.org","@graph":[{"@type":"Article","@id":"https:\/\/pagina10.com\/web\/gobernacion-de-narino-conmemorara-el-dia-de-la-gestion-comunitaria-del-agua\/#article","isPartOf":{"@id":"https:\/\/pagina10.com\/web\/gobernacion-de-narino-conmemorara-el-dia-de-la-gestion-comunitaria-del-agua\/"},"author":{"name":"P\u00e1gina 10","@id":"https:\/\/pagina10.com\/web\/#\/schema\/person\/2efc4a090d25b667d3bc796798a3a81b"},"headline":"Gobernaci\u00f3n de Nari\u00f1o conmemorar\u00e1 el d\u00eda de la gesti\u00f3n comunitaria del agua","datePublished":"2021-09-14T20:57:51+00:00","dateModified":"2021-09-14T21:01:56+00:00","mainEntityOfPage":{"@id":"https:\/\/pagina10.com\/web\/gobernacion-de-narino-conmemorara-el-dia-de-la-gestion-comunitaria-del-agua\/"},"wordCount":328,"commentCount":0,"publisher":{"@id":"https:\/\/pagina10.com\/web\/#organization"},"image":{"@id":"https:\/\/pagina10.com\/web\/gobernacion-de-narino-conmemorara-el-dia-de-la-gestion-comunitaria-del-agua\/#primaryimage"},"thumbnailUrl":"https:\/\/pagina10.com\/web\/wp-content\/uploads\/2021\/09\/Captura-de-Pantalla-2021-09-14-a-las-3.57.23-p.-m..png","articleSection":["Nari\u00f1o Actual"],"inLanguage":"es","potentialAction":[{"@type":"CommentAction","name":"Comment","target":["https:\/\/pagina10.com\/web\/gobernacion-de-narino-conmemorara-el-dia-de-la-gestion-comunitaria-del-agua\/#respond"]}]},{"@type":"WebPage","@id":"https:\/\/pagina10.com\/web\/gobernacion-de-narino-conmemorara-el-dia-de-la-gestion-comunitaria-del-agua\/","url":"https:\/\/pagina10.com\/web\/gobernacion-de-narino-conmemorara-el-dia-de-la-gestion-comunitaria-del-agua\/","name":"Gobernaci\u00f3n de Nari\u00f1o conmemorar\u00e1 el d\u00eda de la gesti\u00f3n comunitaria del agua | P\u00e1gina10","isPartOf":{"@id":"https:\/\/pagina10.com\/web\/#website"},"primaryImageOfPage":{"@id":"https:\/\/pagina10.com\/web\/gobernacion-de-narino-conmemorara-el-dia-de-la-gestion-comunitaria-del-agua\/#primaryimage"},"image":{"@id":"https:\/\/pagina10.com\/web\/gobernacion-de-narino-conmemorara-el-dia-de-la-gestion-comunitaria-del-agua\/#primaryimage"},"thumbnailUrl":"https:\/\/pagina10.com\/web\/wp-content\/uploads\/2021\/09\/Captura-de-Pantalla-2021-09-14-a-las-3.57.23-p.-m..png","datePublished":"2021-09-14T20:57:51+00:00","dateModified":"2021-09-14T21:01:56+00:00","breadcrumb":{"@id":"https:\/\/pagina10.com\/web\/gobernacion-de-narino-conmemorara-el-dia-de-la-gestion-comunitaria-del-agua\/#breadcrumb"},"inLanguage":"es","potentialAction":[{"@type":"ReadAction","target":["https:\/\/pagina10.com\/web\/gobernacion-de-narino-conmemorara-el-dia-de-la-gestion-comunitaria-del-agua\/"]}]},{"@type":"ImageObject","inLanguage":"es","@id":"https:\/\/pagina10.com\/web\/gobernacion-de-narino-conmemorara-el-dia-de-la-gestion-comunitaria-del-agua\/#primaryimage","url":"https:\/\/pagina10.com\/web\/wp-content\/uploads\/2021\/09\/Captura-de-Pantalla-2021-09-14-a-las-3.57.23-p.-m..png","contentUrl":"https:\/\/pagina10.com\/web\/wp-content\/uploads\/2021\/09\/Captura-de-Pantalla-2021-09-14-a-las-3.57.23-p.-m..png","width":385,"height":248},{"@type":"BreadcrumbList","@id":"https:\/\/pagina10.com\/web\/gobernacion-de-narino-conmemorara-el-dia-de-la-gestion-comunitaria-del-agua\/#breadcrumb","itemListElement":[{"@type":"ListItem","position":1,"name":"Portada","item":"https:\/\/pagina10.com\/web\/"},{"@type":"ListItem","position":2,"name":"Gobernaci\u00f3n de Nari\u00f1o conmemorar\u00e1 el d\u00eda de la gesti\u00f3n comunitaria del agua"}]},{"@type":"WebSite","@id":"https:\/\/pagina10.com\/web\/#website","url":"https:\/\/pagina10.com\/web\/","name":"P\u00e1gina10","description":"Peri\u00f3dico Regional","publisher":{"@id":"https:\/\/pagina10.com\/web\/#organization"},"alternateName":"P\u00e1gina10 Peri\u00f3dico Regional","potentialAction":[{"@type":"SearchAction","target":{"@type":"EntryPoint","urlTemplate":"https:\/\/pagina10.com\/web\/?s={search_term_string}"},"query-input":{"@type":"PropertyValueSpecification","valueRequired":true,"valueName":"search_term_string"}}],"inLanguage":"es"},{"@type":"Organization","@id":"https:\/\/pagina10.com\/web\/#organization","name":"P\u00e1gina10","alternateName":"P\u00e1gina10 Peri\u00f3dico Regional","url":"https:\/\/pagina10.com\/web\/","logo":{"@type":"ImageObject","inLanguage":"es","@id":"https:\/\/pagina10.com\/web\/#\/schema\/logo\/image\/","url":"https:\/\/pagina10.com\/web\/wp-content\/uploads\/2024\/01\/40-pagina-10-periodico-regional-pasto.jpg","contentUrl":"https:\/\/pagina10.com\/web\/wp-content\/uploads\/2024\/01\/40-pagina-10-periodico-regional-pasto.jpg","width":1280,"height":720,"caption":"P\u00e1gina10"},"image":{"@id":"https:\/\/pagina10.com\/web\/#\/schema\/logo\/image\/"},"sameAs":["https:\/\/www.facebook.com\/pag10com","https:\/\/x.com\/Pag10com","https:\/\/www.instagram.com\/pagina10col\/","https:\/\/youtube.com\/channel\/pag10","https:\/\/www.tiktok.com\/@p10col"]},{"@type":"Person","@id":"https:\/\/pagina10.com\/web\/#\/schema\/person\/2efc4a090d25b667d3bc796798a3a81b","name":"P\u00e1gina 10","description":"P\u00e1gina 10 es un peri\u00f3dico regional que nace en Colombia, en el departamento de Nari\u00f1o, con un enfoque global, fundamentado en cuatro pilares esenciales: la libertad, el pluralismo, la inclusi\u00f3n y la independencia. P\u00e1gina 10 hace referencia a Nari\u00f1o como el d\u00e9cimo departamento creado en Colombia, despu\u00e9s de un proceso pol\u00edtico liderado por actores y actrices regionales con el fin de obtener la independencia y autonom\u00eda de nuestros territorios. Con la creaci\u00f3n de P\u00e1gina 10 se pretende abrir un escenario para el dialogo, la reflexi\u00f3n y el debate que se extienda a otras geograf\u00edas de Am\u00e9rica Latina y del planeta, en una apuesta por transformar colectivamente los desaf\u00edos de un mundo contempor\u00e1neo, m\u00e1s all\u00e1 de las fronteras impuestas.","url":"https:\/\/pagina10.com\/web\/author\/pdiezadmin\/"}]}},"_links":{"self":[{"href":"https:\/\/pagina10.com\/web\/wp-json\/wp\/v2\/posts\/55651","targetHints":{"allow":["GET"]}}],"collection":[{"href":"https:\/\/pagina10.com\/web\/wp-json\/wp\/v2\/posts"}],"about":[{"href":"https:\/\/pagina10.com\/web\/wp-json\/wp\/v2\/types\/post"}],"author":[{"embeddable":true,"href":"https:\/\/pagina10.com\/web\/wp-json\/wp\/v2\/users\/1"}],"replies":[{"embeddable":true,"href":"https:\/\/pagina10.com\/web\/wp-json\/wp\/v2\/comments?post=55651"}],"version-history":[{"count":2,"href":"https:\/\/pagina10.com\/web\/wp-json\/wp\/v2\/posts\/55651\/revisions"}],"predecessor-version":[{"id":55654,"href":"https:\/\/pagina10.com\/web\/wp-json\/wp\/v2\/posts\/55651\/revisions\/55654"}],"wp:featuredmedia":[{"embeddable":true,"href":"https:\/\/pagina10.com\/web\/wp-json\/wp\/v2\/media\/55652"}],"wp:attachment":[{"href":"https:\/\/pagina10.com\/web\/wp-json\/wp\/v2\/media?parent=55651"}],"wp:term":[{"taxonomy":"category","embeddable":true,"href":"https:\/\/pagina10.com\/web\/wp-json\/wp\/v2\/categories?post=55651"},{"taxonomy":"post_tag","embeddable":true,"href":"https:\/\/pagina10.com\/web\/wp-json\/wp\/v2\/tags?post=55651"}],"curies":[{"name":"wp","href":"https:\/\/api.w.org\/{rel}","templated":true}]}}