{"id":55679,"date":"2021-09-17T08:10:47","date_gmt":"2021-09-17T13:10:47","guid":{"rendered":"https:\/\/pagina10.com\/web\/?p=55679"},"modified":"2021-09-17T08:10:47","modified_gmt":"2021-09-17T13:10:47","slug":"avanzan-gestiones-para-desentrabar-proyecto-de-soluciones-de-vivienda-en-10-municipios-de-narino","status":"publish","type":"post","link":"https:\/\/pagina10.com\/web\/avanzan-gestiones-para-desentrabar-proyecto-de-soluciones-de-vivienda-en-10-municipios-de-narino\/","title":{"rendered":"Avanzan gestiones para desentrabar proyecto de soluciones de vivienda en 10 municipios de Nari\u00f1o"},"content":{"rendered":"<p style=\"text-align: justify;\">La Gobernaci\u00f3n de Nari\u00f1o realiz\u00f3 mesa t\u00e9cnica con el objetivo de evaluar los proyectos de vivienda que se vienen impulsando a trav\u00e9s del Fondo de Adaptaci\u00f3n y que tienen por objetivo beneficiar a las familias damnificadas de la ola invernal 2010-2011. En esta mesa participaron la Secretar\u00eda de Infraestructura Departamental, mandatarios municipales, constructores interventores y el equipo t\u00e9cnico del Fondo.<\/p>\n<div style=\"text-align: justify;\">\nVarios de estos proyectos presentan serias dificultades en su ejecuci\u00f3n y por eso se ha requerido la presencia de todas las partes. \u201cSon m\u00e1s de 850 soluciones de vivienda que hoy se vienen impulsando en m\u00e1s de 10 municipios. Esperamos sentarnos con cada municipio, el equipo t\u00e9cnico, constructores y consultores para poder solucionar las dificultades y en poco tiempo empezar a materializar soluciones de vivienda para entregarlos a los beneficiarios\u201d, indic\u00f3 el Secretario de Infraestructura y Minas de Nari\u00f1o, Mario Enr\u00edquez Chenas.<\/p>\n<p>Durante esta jornada se han identificado algunas metas tempranas y se han establecido algunos compromisos de gesti\u00f3n para que en algunas semanas se hagan unas visitas t\u00e9cnicas con las comunidades para hacer la socializaci\u00f3n y entrega de algunas unidades.<br \/>\nEn el Municipio de Mallama corresponden 130 soluciones de vivienda de las cuales 99 estar\u00edan listas para entregarse en los pr\u00f3ximos d\u00edas. Sin embargo, se requiere solucionar algunos temas relacionados con el suministro de agua potable para lo cual el Departamento en convenio con el Municipio han apropiado los recursos que permitan garantizar la prestaci\u00f3n de los servicios p\u00fablicos.<\/p><\/div>\n<div style=\"text-align: justify;\">\n\u201cHoy nos vamos con una respuesta muy positiva de parte de los contratistas donde se han dado ya fechas para la entrega de estas viviendas, tanto de la terminaci\u00f3n y el urbanismo. Ya les podemos llevar unas fechas a la comunidad para que est\u00e9n preparados para habitar estas nuevas viviendas que han sido tan esperadas desde el a\u00f1o 2011. Hoy podemos continuar con este trabajo gracias a la colaboraci\u00f3n y al apoyo que hemos tenido de la Gobernaci\u00f3n del departamento de Nari\u00f1o\u201d, se\u00f1al\u00f3 el Alcalde del Municipio de Mallama, Oscar Bastidas.<\/div>\n<div style=\"text-align: justify;\">\nEn el Municipio de La Cruz se desarrollan cuatro proyectos de vivienda. Desde esta mesa se realiza acompa\u00f1amiento y se establecen metas y compromisos puntuales no s\u00f3lo con los mandatarios sino tambi\u00e9n con los constructores y los interventores del proyecto para que estos avancen y culminen satisfactoriamente.<\/div>\n","protected":false},"excerpt":{"rendered":"<p>La Gobernaci\u00f3n de Nari\u00f1o realiz\u00f3 mesa t\u00e9cnica con el objetivo de evaluar los proyectos de vivienda que se vienen impulsando a trav\u00e9s del Fondo de Adaptaci\u00f3n y que tienen por objetivo beneficiar a las familias damnificadas de la ola invernal 2010-2011. En esta mesa participaron la Secretar\u00eda de Infraestructura Departamental, mandatarios municipales, constructores interventores y [&hellip;]<\/p>\n","protected":false},"author":1,"featured_media":55680,"comment_status":"open","ping_status":"open","sticky":false,"template":"","format":"standard","meta":{"footnotes":""},"categories":[13],"tags":[],"class_list":["post-55679","post","type-post","status-publish","format-standard","has-post-thumbnail","hentry","category-economia"],"yoast_head":"<!-- This site is optimized with the Yoast SEO plugin v27.1.1 - https:\/\/yoast.com\/product\/yoast-seo-wordpress\/ -->\n<title>Avanzan gestiones para desentrabar proyecto de soluciones de vivienda en 10 municipios de Nari\u00f1o | P\u00e1gina10<\/title>\n<meta name=\"robots\" content=\"index, follow, max-snippet:-1, max-image-preview:large, max-video-preview:-1\" \/>\n<link rel=\"canonical\" href=\"https:\/\/pagina10.com\/web\/avanzan-gestiones-para-desentrabar-proyecto-de-soluciones-de-vivienda-en-10-municipios-de-narino\/\" \/>\n<meta property=\"og:locale\" content=\"es_ES\" \/>\n<meta property=\"og:type\" content=\"article\" \/>\n<meta property=\"og:title\" content=\"Avanzan gestiones para desentrabar proyecto de soluciones de vivienda en 10 municipios de Nari\u00f1o | P\u00e1gina10\" \/>\n<meta property=\"og:description\" content=\"La Gobernaci\u00f3n de Nari\u00f1o realiz\u00f3 mesa t\u00e9cnica con el objetivo de evaluar los proyectos de vivienda que se vienen impulsando a trav\u00e9s del Fondo de Adaptaci\u00f3n y que tienen por objetivo beneficiar a las familias damnificadas de la ola invernal 2010-2011. En esta mesa participaron la Secretar\u00eda de Infraestructura Departamental, mandatarios municipales, constructores interventores y [&hellip;]\" \/>\n<meta property=\"og:url\" content=\"https:\/\/pagina10.com\/web\/avanzan-gestiones-para-desentrabar-proyecto-de-soluciones-de-vivienda-en-10-municipios-de-narino\/\" \/>\n<meta property=\"og:site_name\" content=\"P\u00e1gina10\" \/>\n<meta property=\"article:publisher\" content=\"https:\/\/www.facebook.com\/pag10com\" \/>\n<meta property=\"article:published_time\" content=\"2021-09-17T13:10:47+00:00\" \/>\n<meta property=\"og:image\" content=\"https:\/\/pagina10.com\/web\/wp-content\/uploads\/2021\/09\/Captura-de-Pantalla-2021-09-17-a-las-8.10.17-a.-m..png\" \/>\n\t<meta property=\"og:image:width\" content=\"364\" \/>\n\t<meta property=\"og:image:height\" content=\"253\" \/>\n\t<meta property=\"og:image:type\" content=\"image\/png\" \/>\n<meta name=\"author\" content=\"P\u00e1gina 10\" \/>\n<meta name=\"twitter:card\" content=\"summary_large_image\" \/>\n<meta name=\"twitter:creator\" content=\"@Pag10com\" \/>\n<meta name=\"twitter:site\" content=\"@Pag10com\" \/>\n<meta name=\"twitter:label1\" content=\"Escrito por\" \/>\n\t<meta name=\"twitter:data1\" content=\"P\u00e1gina 10\" \/>\n\t<meta name=\"twitter:label2\" content=\"Tiempo de lectura\" \/>\n\t<meta name=\"twitter:data2\" content=\"2 minutos\" \/>\n<script type=\"application\/ld+json\" class=\"yoast-schema-graph\">{\"@context\":\"https:\/\/schema.org\",\"@graph\":[{\"@type\":\"Article\",\"@id\":\"https:\/\/pagina10.com\/web\/avanzan-gestiones-para-desentrabar-proyecto-de-soluciones-de-vivienda-en-10-municipios-de-narino\/#article\",\"isPartOf\":{\"@id\":\"https:\/\/pagina10.com\/web\/avanzan-gestiones-para-desentrabar-proyecto-de-soluciones-de-vivienda-en-10-municipios-de-narino\/\"},\"author\":{\"name\":\"P\u00e1gina 10\",\"@id\":\"https:\/\/pagina10.com\/web\/#\/schema\/person\/2efc4a090d25b667d3bc796798a3a81b\"},\"headline\":\"Avanzan gestiones para desentrabar proyecto de soluciones de vivienda en 10 municipios de Nari\u00f1o\",\"datePublished\":\"2021-09-17T13:10:47+00:00\",\"mainEntityOfPage\":{\"@id\":\"https:\/\/pagina10.com\/web\/avanzan-gestiones-para-desentrabar-proyecto-de-soluciones-de-vivienda-en-10-municipios-de-narino\/\"},\"wordCount\":418,\"commentCount\":0,\"publisher\":{\"@id\":\"https:\/\/pagina10.com\/web\/#organization\"},\"image\":{\"@id\":\"https:\/\/pagina10.com\/web\/avanzan-gestiones-para-desentrabar-proyecto-de-soluciones-de-vivienda-en-10-municipios-de-narino\/#primaryimage\"},\"thumbnailUrl\":\"https:\/\/pagina10.com\/web\/wp-content\/uploads\/2021\/09\/Captura-de-Pantalla-2021-09-17-a-las-8.10.17-a.-m..png\",\"articleSection\":[\"Econom\u00eda\"],\"inLanguage\":\"es\",\"potentialAction\":[{\"@type\":\"CommentAction\",\"name\":\"Comment\",\"target\":[\"https:\/\/pagina10.com\/web\/avanzan-gestiones-para-desentrabar-proyecto-de-soluciones-de-vivienda-en-10-municipios-de-narino\/#respond\"]}]},{\"@type\":\"WebPage\",\"@id\":\"https:\/\/pagina10.com\/web\/avanzan-gestiones-para-desentrabar-proyecto-de-soluciones-de-vivienda-en-10-municipios-de-narino\/\",\"url\":\"https:\/\/pagina10.com\/web\/avanzan-gestiones-para-desentrabar-proyecto-de-soluciones-de-vivienda-en-10-municipios-de-narino\/\",\"name\":\"Avanzan gestiones para desentrabar proyecto de soluciones de vivienda en 10 municipios de Nari\u00f1o | P\u00e1gina10\",\"isPartOf\":{\"@id\":\"https:\/\/pagina10.com\/web\/#website\"},\"primaryImageOfPage\":{\"@id\":\"https:\/\/pagina10.com\/web\/avanzan-gestiones-para-desentrabar-proyecto-de-soluciones-de-vivienda-en-10-municipios-de-narino\/#primaryimage\"},\"image\":{\"@id\":\"https:\/\/pagina10.com\/web\/avanzan-gestiones-para-desentrabar-proyecto-de-soluciones-de-vivienda-en-10-municipios-de-narino\/#primaryimage\"},\"thumbnailUrl\":\"https:\/\/pagina10.com\/web\/wp-content\/uploads\/2021\/09\/Captura-de-Pantalla-2021-09-17-a-las-8.10.17-a.-m..png\",\"datePublished\":\"2021-09-17T13:10:47+00:00\",\"breadcrumb\":{\"@id\":\"https:\/\/pagina10.com\/web\/avanzan-gestiones-para-desentrabar-proyecto-de-soluciones-de-vivienda-en-10-municipios-de-narino\/#breadcrumb\"},\"inLanguage\":\"es\",\"potentialAction\":[{\"@type\":\"ReadAction\",\"target\":[\"https:\/\/pagina10.com\/web\/avanzan-gestiones-para-desentrabar-proyecto-de-soluciones-de-vivienda-en-10-municipios-de-narino\/\"]}]},{\"@type\":\"ImageObject\",\"inLanguage\":\"es\",\"@id\":\"https:\/\/pagina10.com\/web\/avanzan-gestiones-para-desentrabar-proyecto-de-soluciones-de-vivienda-en-10-municipios-de-narino\/#primaryimage\",\"url\":\"https:\/\/pagina10.com\/web\/wp-content\/uploads\/2021\/09\/Captura-de-Pantalla-2021-09-17-a-las-8.10.17-a.-m..png\",\"contentUrl\":\"https:\/\/pagina10.com\/web\/wp-content\/uploads\/2021\/09\/Captura-de-Pantalla-2021-09-17-a-las-8.10.17-a.-m..png\",\"width\":364,\"height\":253},{\"@type\":\"BreadcrumbList\",\"@id\":\"https:\/\/pagina10.com\/web\/avanzan-gestiones-para-desentrabar-proyecto-de-soluciones-de-vivienda-en-10-municipios-de-narino\/#breadcrumb\",\"itemListElement\":[{\"@type\":\"ListItem\",\"position\":1,\"name\":\"Portada\",\"item\":\"https:\/\/pagina10.com\/web\/\"},{\"@type\":\"ListItem\",\"position\":2,\"name\":\"Avanzan gestiones para desentrabar proyecto de soluciones de vivienda en 10 municipios de Nari\u00f1o\"}]},{\"@type\":\"WebSite\",\"@id\":\"https:\/\/pagina10.com\/web\/#website\",\"url\":\"https:\/\/pagina10.com\/web\/\",\"name\":\"P\u00e1gina10\",\"description\":\"Peri\u00f3dico Regional\",\"publisher\":{\"@id\":\"https:\/\/pagina10.com\/web\/#organization\"},\"alternateName\":\"P\u00e1gina10 Peri\u00f3dico Regional\",\"potentialAction\":[{\"@type\":\"SearchAction\",\"target\":{\"@type\":\"EntryPoint\",\"urlTemplate\":\"https:\/\/pagina10.com\/web\/?s={search_term_string}\"},\"query-input\":{\"@type\":\"PropertyValueSpecification\",\"valueRequired\":true,\"valueName\":\"search_term_string\"}}],\"inLanguage\":\"es\"},{\"@type\":\"Organization\",\"@id\":\"https:\/\/pagina10.com\/web\/#organization\",\"name\":\"P\u00e1gina10\",\"alternateName\":\"P\u00e1gina10 Peri\u00f3dico Regional\",\"url\":\"https:\/\/pagina10.com\/web\/\",\"logo\":{\"@type\":\"ImageObject\",\"inLanguage\":\"es\",\"@id\":\"https:\/\/pagina10.com\/web\/#\/schema\/logo\/image\/\",\"url\":\"https:\/\/pagina10.com\/web\/wp-content\/uploads\/2024\/01\/40-pagina-10-periodico-regional-pasto.jpg\",\"contentUrl\":\"https:\/\/pagina10.com\/web\/wp-content\/uploads\/2024\/01\/40-pagina-10-periodico-regional-pasto.jpg\",\"width\":1280,\"height\":720,\"caption\":\"P\u00e1gina10\"},\"image\":{\"@id\":\"https:\/\/pagina10.com\/web\/#\/schema\/logo\/image\/\"},\"sameAs\":[\"https:\/\/www.facebook.com\/pag10com\",\"https:\/\/x.com\/Pag10com\",\"https:\/\/www.instagram.com\/pagina10col\/\",\"https:\/\/youtube.com\/channel\/pag10\",\"https:\/\/www.tiktok.com\/@p10col\"]},{\"@type\":\"Person\",\"@id\":\"https:\/\/pagina10.com\/web\/#\/schema\/person\/2efc4a090d25b667d3bc796798a3a81b\",\"name\":\"P\u00e1gina 10\",\"description\":\"P\u00e1gina 10 es un peri\u00f3dico regional que nace en Colombia, en el departamento de Nari\u00f1o, con un enfoque global, fundamentado en cuatro pilares esenciales: la libertad, el pluralismo, la inclusi\u00f3n y la independencia. P\u00e1gina 10 hace referencia a Nari\u00f1o como el d\u00e9cimo departamento creado en Colombia, despu\u00e9s de un proceso pol\u00edtico liderado por actores y actrices regionales con el fin de obtener la independencia y autonom\u00eda de nuestros territorios. Con la creaci\u00f3n de P\u00e1gina 10 se pretende abrir un escenario para el dialogo, la reflexi\u00f3n y el debate que se extienda a otras geograf\u00edas de Am\u00e9rica Latina y del planeta, en una apuesta por transformar colectivamente los desaf\u00edos de un mundo contempor\u00e1neo, m\u00e1s all\u00e1 de las fronteras impuestas.\",\"url\":\"https:\/\/pagina10.com\/web\/author\/pdiezadmin\/\"}]}<\/script>\n<!-- \/ Yoast SEO plugin. -->","yoast_head_json":{"title":"Avanzan gestiones para desentrabar proyecto de soluciones de vivienda en 10 municipios de Nari\u00f1o | P\u00e1gina10","robots":{"index":"index","follow":"follow","max-snippet":"max-snippet:-1","max-image-preview":"max-image-preview:large","max-video-preview":"max-video-preview:-1"},"canonical":"https:\/\/pagina10.com\/web\/avanzan-gestiones-para-desentrabar-proyecto-de-soluciones-de-vivienda-en-10-municipios-de-narino\/","og_locale":"es_ES","og_type":"article","og_title":"Avanzan gestiones para desentrabar proyecto de soluciones de vivienda en 10 municipios de Nari\u00f1o | P\u00e1gina10","og_description":"La Gobernaci\u00f3n de Nari\u00f1o realiz\u00f3 mesa t\u00e9cnica con el objetivo de evaluar los proyectos de vivienda que se vienen impulsando a trav\u00e9s del Fondo de Adaptaci\u00f3n y que tienen por objetivo beneficiar a las familias damnificadas de la ola invernal 2010-2011. En esta mesa participaron la Secretar\u00eda de Infraestructura Departamental, mandatarios municipales, constructores interventores y [&hellip;]","og_url":"https:\/\/pagina10.com\/web\/avanzan-gestiones-para-desentrabar-proyecto-de-soluciones-de-vivienda-en-10-municipios-de-narino\/","og_site_name":"P\u00e1gina10","article_publisher":"https:\/\/www.facebook.com\/pag10com","article_published_time":"2021-09-17T13:10:47+00:00","og_image":[{"width":364,"height":253,"url":"https:\/\/pagina10.com\/web\/wp-content\/uploads\/2021\/09\/Captura-de-Pantalla-2021-09-17-a-las-8.10.17-a.-m..png","type":"image\/png"}],"author":"P\u00e1gina 10","twitter_card":"summary_large_image","twitter_creator":"@Pag10com","twitter_site":"@Pag10com","twitter_misc":{"Escrito por":"P\u00e1gina 10","Tiempo de lectura":"2 minutos"},"schema":{"@context":"https:\/\/schema.org","@graph":[{"@type":"Article","@id":"https:\/\/pagina10.com\/web\/avanzan-gestiones-para-desentrabar-proyecto-de-soluciones-de-vivienda-en-10-municipios-de-narino\/#article","isPartOf":{"@id":"https:\/\/pagina10.com\/web\/avanzan-gestiones-para-desentrabar-proyecto-de-soluciones-de-vivienda-en-10-municipios-de-narino\/"},"author":{"name":"P\u00e1gina 10","@id":"https:\/\/pagina10.com\/web\/#\/schema\/person\/2efc4a090d25b667d3bc796798a3a81b"},"headline":"Avanzan gestiones para desentrabar proyecto de soluciones de vivienda en 10 municipios de Nari\u00f1o","datePublished":"2021-09-17T13:10:47+00:00","mainEntityOfPage":{"@id":"https:\/\/pagina10.com\/web\/avanzan-gestiones-para-desentrabar-proyecto-de-soluciones-de-vivienda-en-10-municipios-de-narino\/"},"wordCount":418,"commentCount":0,"publisher":{"@id":"https:\/\/pagina10.com\/web\/#organization"},"image":{"@id":"https:\/\/pagina10.com\/web\/avanzan-gestiones-para-desentrabar-proyecto-de-soluciones-de-vivienda-en-10-municipios-de-narino\/#primaryimage"},"thumbnailUrl":"https:\/\/pagina10.com\/web\/wp-content\/uploads\/2021\/09\/Captura-de-Pantalla-2021-09-17-a-las-8.10.17-a.-m..png","articleSection":["Econom\u00eda"],"inLanguage":"es","potentialAction":[{"@type":"CommentAction","name":"Comment","target":["https:\/\/pagina10.com\/web\/avanzan-gestiones-para-desentrabar-proyecto-de-soluciones-de-vivienda-en-10-municipios-de-narino\/#respond"]}]},{"@type":"WebPage","@id":"https:\/\/pagina10.com\/web\/avanzan-gestiones-para-desentrabar-proyecto-de-soluciones-de-vivienda-en-10-municipios-de-narino\/","url":"https:\/\/pagina10.com\/web\/avanzan-gestiones-para-desentrabar-proyecto-de-soluciones-de-vivienda-en-10-municipios-de-narino\/","name":"Avanzan gestiones para desentrabar proyecto de soluciones de vivienda en 10 municipios de Nari\u00f1o | P\u00e1gina10","isPartOf":{"@id":"https:\/\/pagina10.com\/web\/#website"},"primaryImageOfPage":{"@id":"https:\/\/pagina10.com\/web\/avanzan-gestiones-para-desentrabar-proyecto-de-soluciones-de-vivienda-en-10-municipios-de-narino\/#primaryimage"},"image":{"@id":"https:\/\/pagina10.com\/web\/avanzan-gestiones-para-desentrabar-proyecto-de-soluciones-de-vivienda-en-10-municipios-de-narino\/#primaryimage"},"thumbnailUrl":"https:\/\/pagina10.com\/web\/wp-content\/uploads\/2021\/09\/Captura-de-Pantalla-2021-09-17-a-las-8.10.17-a.-m..png","datePublished":"2021-09-17T13:10:47+00:00","breadcrumb":{"@id":"https:\/\/pagina10.com\/web\/avanzan-gestiones-para-desentrabar-proyecto-de-soluciones-de-vivienda-en-10-municipios-de-narino\/#breadcrumb"},"inLanguage":"es","potentialAction":[{"@type":"ReadAction","target":["https:\/\/pagina10.com\/web\/avanzan-gestiones-para-desentrabar-proyecto-de-soluciones-de-vivienda-en-10-municipios-de-narino\/"]}]},{"@type":"ImageObject","inLanguage":"es","@id":"https:\/\/pagina10.com\/web\/avanzan-gestiones-para-desentrabar-proyecto-de-soluciones-de-vivienda-en-10-municipios-de-narino\/#primaryimage","url":"https:\/\/pagina10.com\/web\/wp-content\/uploads\/2021\/09\/Captura-de-Pantalla-2021-09-17-a-las-8.10.17-a.-m..png","contentUrl":"https:\/\/pagina10.com\/web\/wp-content\/uploads\/2021\/09\/Captura-de-Pantalla-2021-09-17-a-las-8.10.17-a.-m..png","width":364,"height":253},{"@type":"BreadcrumbList","@id":"https:\/\/pagina10.com\/web\/avanzan-gestiones-para-desentrabar-proyecto-de-soluciones-de-vivienda-en-10-municipios-de-narino\/#breadcrumb","itemListElement":[{"@type":"ListItem","position":1,"name":"Portada","item":"https:\/\/pagina10.com\/web\/"},{"@type":"ListItem","position":2,"name":"Avanzan gestiones para desentrabar proyecto de soluciones de vivienda en 10 municipios de Nari\u00f1o"}]},{"@type":"WebSite","@id":"https:\/\/pagina10.com\/web\/#website","url":"https:\/\/pagina10.com\/web\/","name":"P\u00e1gina10","description":"Peri\u00f3dico Regional","publisher":{"@id":"https:\/\/pagina10.com\/web\/#organization"},"alternateName":"P\u00e1gina10 Peri\u00f3dico Regional","potentialAction":[{"@type":"SearchAction","target":{"@type":"EntryPoint","urlTemplate":"https:\/\/pagina10.com\/web\/?s={search_term_string}"},"query-input":{"@type":"PropertyValueSpecification","valueRequired":true,"valueName":"search_term_string"}}],"inLanguage":"es"},{"@type":"Organization","@id":"https:\/\/pagina10.com\/web\/#organization","name":"P\u00e1gina10","alternateName":"P\u00e1gina10 Peri\u00f3dico Regional","url":"https:\/\/pagina10.com\/web\/","logo":{"@type":"ImageObject","inLanguage":"es","@id":"https:\/\/pagina10.com\/web\/#\/schema\/logo\/image\/","url":"https:\/\/pagina10.com\/web\/wp-content\/uploads\/2024\/01\/40-pagina-10-periodico-regional-pasto.jpg","contentUrl":"https:\/\/pagina10.com\/web\/wp-content\/uploads\/2024\/01\/40-pagina-10-periodico-regional-pasto.jpg","width":1280,"height":720,"caption":"P\u00e1gina10"},"image":{"@id":"https:\/\/pagina10.com\/web\/#\/schema\/logo\/image\/"},"sameAs":["https:\/\/www.facebook.com\/pag10com","https:\/\/x.com\/Pag10com","https:\/\/www.instagram.com\/pagina10col\/","https:\/\/youtube.com\/channel\/pag10","https:\/\/www.tiktok.com\/@p10col"]},{"@type":"Person","@id":"https:\/\/pagina10.com\/web\/#\/schema\/person\/2efc4a090d25b667d3bc796798a3a81b","name":"P\u00e1gina 10","description":"P\u00e1gina 10 es un peri\u00f3dico regional que nace en Colombia, en el departamento de Nari\u00f1o, con un enfoque global, fundamentado en cuatro pilares esenciales: la libertad, el pluralismo, la inclusi\u00f3n y la independencia. P\u00e1gina 10 hace referencia a Nari\u00f1o como el d\u00e9cimo departamento creado en Colombia, despu\u00e9s de un proceso pol\u00edtico liderado por actores y actrices regionales con el fin de obtener la independencia y autonom\u00eda de nuestros territorios. Con la creaci\u00f3n de P\u00e1gina 10 se pretende abrir un escenario para el dialogo, la reflexi\u00f3n y el debate que se extienda a otras geograf\u00edas de Am\u00e9rica Latina y del planeta, en una apuesta por transformar colectivamente los desaf\u00edos de un mundo contempor\u00e1neo, m\u00e1s all\u00e1 de las fronteras impuestas.","url":"https:\/\/pagina10.com\/web\/author\/pdiezadmin\/"}]}},"_links":{"self":[{"href":"https:\/\/pagina10.com\/web\/wp-json\/wp\/v2\/posts\/55679","targetHints":{"allow":["GET"]}}],"collection":[{"href":"https:\/\/pagina10.com\/web\/wp-json\/wp\/v2\/posts"}],"about":[{"href":"https:\/\/pagina10.com\/web\/wp-json\/wp\/v2\/types\/post"}],"author":[{"embeddable":true,"href":"https:\/\/pagina10.com\/web\/wp-json\/wp\/v2\/users\/1"}],"replies":[{"embeddable":true,"href":"https:\/\/pagina10.com\/web\/wp-json\/wp\/v2\/comments?post=55679"}],"version-history":[{"count":1,"href":"https:\/\/pagina10.com\/web\/wp-json\/wp\/v2\/posts\/55679\/revisions"}],"predecessor-version":[{"id":55681,"href":"https:\/\/pagina10.com\/web\/wp-json\/wp\/v2\/posts\/55679\/revisions\/55681"}],"wp:featuredmedia":[{"embeddable":true,"href":"https:\/\/pagina10.com\/web\/wp-json\/wp\/v2\/media\/55680"}],"wp:attachment":[{"href":"https:\/\/pagina10.com\/web\/wp-json\/wp\/v2\/media?parent=55679"}],"wp:term":[{"taxonomy":"category","embeddable":true,"href":"https:\/\/pagina10.com\/web\/wp-json\/wp\/v2\/categories?post=55679"},{"taxonomy":"post_tag","embeddable":true,"href":"https:\/\/pagina10.com\/web\/wp-json\/wp\/v2\/tags?post=55679"}],"curies":[{"name":"wp","href":"https:\/\/api.w.org\/{rel}","templated":true}]}}