{"id":55685,"date":"2021-09-17T09:40:00","date_gmt":"2021-09-17T14:40:00","guid":{"rendered":"https:\/\/pagina10.com\/web\/?p=55685"},"modified":"2021-09-17T09:46:40","modified_gmt":"2021-09-17T14:46:40","slug":"200-hogares-rurales-de-la-costa-narinense-tendran-una-vivienda-digna","status":"publish","type":"post","link":"https:\/\/pagina10.com\/web\/200-hogares-rurales-de-la-costa-narinense-tendran-una-vivienda-digna\/","title":{"rendered":"200 hogares rurales de la costa nari\u00f1ense tendr\u00e1n una vivienda digna"},"content":{"rendered":"<p style=\"text-align: justify;\">Para la construcci\u00f3n de estas viviendas se invertir\u00e1n $12.719 millones, que ser\u00e1n aportados por Minvivienda, la Gobernaci\u00f3n de Nari\u00f1o y las alcald\u00edas municipales de Barbacoas y Ricaurte (Nari\u00f1o).<\/p>\n<p style=\"text-align: justify;\">Pasto (Nari\u00f1o) 9 de septiembre de 2021. Con el liderazgo del viceministro de Vivienda, Carlos Ruiz, el gobernador de Nari\u00f1o, Jhon Alexander Rojas, y los alcaldes de Barbacoas, Adams Rinc\u00f3n, y de Ricaurte, Gilmar Burgos, se firm\u00f3 un convenio por m\u00e1s de $12.719 millones para la construcci\u00f3n de 200 viviendas nuevas del programa Vivienda Social para el Campo.<\/p>\n<p style=\"text-align: justify;\">\u201cEstamos llegando con vivienda rural a dos municipios PDET de la costa nari\u00f1ense, estos son Barbacoas, donde beneficiaremos a 110 hogares, y Ricaurte, donde ser\u00e1n 90 familias las que reciban una casa digna, de esta manera avanzamos en la reducci\u00f3n del d\u00e9ficit habitacional y en la consolidaci\u00f3n de una paz con legalidad\u201d, manifest\u00f3 el viceministro de Vivienda, Carlos Ruiz.<\/p>\n<p style=\"text-align: justify;\">El 80% del valor total del proyecto es aportado por Ministerio de Vivienda, Ciudad y Territorio, correspondiente a cerca de $10.175 millones del Presupuesto General de la Naci\u00f3n. Mientras que, el 20% restante, por $2.543 millones, es cofinanciado por la Gobernaci\u00f3n de Nari\u00f1o y las alcald\u00edas municipales a trav\u00e9s de regal\u00edas directas y el OCAD Pac\u00edfico.<\/p>\n<p style=\"text-align: justify;\">Adicionalmente, el Ministerio brind\u00f3 asistencia t\u00e9cnica y social a los entes territoriales para avanzar en el alistamiento del proyecto, al respecto la directora de Vivienda Rural, Sara Pi\u00f1eros, explic\u00f3 \u201cTrabajamos de la mano con la Gobernaci\u00f3n y las alcald\u00edas para lograr el cierre financiero de soluciones habitacionales, la selecci\u00f3n de una tipolog\u00eda de vivienda rural adaptada al territorio y la expedici\u00f3n de las listas de potenciales beneficiarios. Con la firma de este convenio podemos seguir hacia la contrataci\u00f3n y ejecuci\u00f3n de las obras\u201d.<\/p>\n<p style=\"text-align: justify;\">El gobernador de Nari\u00f1o, Jhon Alexander Rojas, tambi\u00e9n anunci\u00f3 que, \u201chemos presentado otro proyecto de vivienda para los municipios PDET de la costa pac\u00edfica por el orden de los $30.000 millones, esto impactar\u00eda enormemente el desarrollo de estos municipios y estamos dispuestos a sacarlo adelante\u201d<\/p>\n<p style=\"text-align: justify;\">El alcalde Gilmar Burgos, explic\u00f3 como este proyecto impactar\u00e1 en la zona rural del municipio de Ricaurte \u201cCon la firma de este convenio beneficiaremos a las familias que realmente lo necesitan y que est\u00e1n en esos territorios que han sido afectados por la violencia y la ola invernal. Creemos que fue una buena decisi\u00f3n postularnos y trabajar de la mano con la Gobernaci\u00f3n y el Ministerio\u201d.<\/p>\n<p style=\"text-align: justify;\">De acuerdo con el cronograma de trabajo se espera que en noviembre de este a\u00f1o se d\u00e9 inicio a las obras, para que en el primer semestre de 2022 las familias comiencen a gozar de una vivienda rural digna.<\/p>\n<p style=\"text-align: justify;\">Sobre la selecci\u00f3n de potenciales beneficiarios<br \/>\nEs importante aclarar que las viviendas rurales a trav\u00e9s del programa Vivienda Social para el Campo son 100% subsidiadas por los Gobiernos nacional y locales, es decir, que los hogares no deben aportar ahorros u anticipos, tramitar cr\u00e9ditos o pagar por formularios para acceder a este subsidio.<\/p>\n<p style=\"text-align: justify;\">De acuerdo con los an\u00e1lisis del Ministerio y los entes territoriales, en el municipio de Barbacoas la poblaci\u00f3n potencialmente beneficiaria se localiza en las siguientes zonas: Altaquer, Jun\u00edn, Nemb\u00ed, Buenavista, El Pail\u00f3n y Las Cruces. En Ricaurte los potenciales beneficiarios se ubican en el Resguardo Integrado La Milagrosa, San Isidro, Ospina P\u00e9rez, Chamb\u00fa &#8211; 8 de marzo, San Pablo y El Palmar.<\/p>\n<p style=\"text-align: justify;\">La selecci\u00f3n de potenciales beneficiarios se realiza mediante la metodolog\u00eda de focalizaci\u00f3n de Ministerio de Vivienda y la lista es verificada por los entes territoriales a trav\u00e9s de un ejercicio de validaci\u00f3n social, en el que participan representantes de las juntas de acci\u00f3n comunal, veedur\u00edas, los grupos motor de las iniciativas PDET, representantes de las v\u00edctimas, entre otros l\u00edderes comunitarios conocedores del territorio. Posteriormente, estos hogares son postulados en el sistema de Fonvivienda para verificar el cumplimiento de los requisitos.<\/p>\n<p style=\"text-align: justify;\">Reiteramos el llamado a la ciudadan\u00eda para que no se deje enga\u00f1ar por personas que se hacen pasar como funcionarios de esta cartera con el fin de estafar a las familias interesadas en adquirir vivienda con el apoyo del Gobierno Nacional.<\/p>\n<p style=\"text-align: justify;\">Quienes conozcan de estos casos pueden denunciar ante la Fiscal\u00eda General de la Naci\u00f3n o ante la Polic\u00eda Nacional a aquellas personas que exijan dinero con la promesa de gestionar el acceso a los programas de vivienda del Gobierno Nacional. Tambi\u00e9n pueden dar a conocer estas anomal\u00edas escribiendo al correo electr\u00f3nico correspondencia@minvivienda.gov.co o a trav\u00e9s de nuestras redes sociales (Twitter: @Minvivienda).<\/p>\n","protected":false},"excerpt":{"rendered":"<p>Para la construcci\u00f3n de estas viviendas se invertir\u00e1n $12.719 millones, que ser\u00e1n aportados por Minvivienda, la Gobernaci\u00f3n de Nari\u00f1o y las alcald\u00edas municipales de Barbacoas y Ricaurte (Nari\u00f1o). Pasto (Nari\u00f1o) 9 de septiembre de 2021. Con el liderazgo del viceministro de Vivienda, Carlos Ruiz, el gobernador de Nari\u00f1o, Jhon Alexander Rojas, y los alcaldes de [&hellip;]<\/p>\n","protected":false},"author":1,"featured_media":30987,"comment_status":"open","ping_status":"open","sticky":false,"template":"","format":"standard","meta":{"footnotes":""},"categories":[13],"tags":[],"class_list":["post-55685","post","type-post","status-publish","format-standard","has-post-thumbnail","hentry","category-economia"],"yoast_head":"<!-- This site is optimized with the Yoast SEO plugin v27.1.1 - https:\/\/yoast.com\/product\/yoast-seo-wordpress\/ -->\n<title>200 hogares rurales de la costa nari\u00f1ense tendr\u00e1n una vivienda digna | P\u00e1gina10<\/title>\n<meta name=\"robots\" content=\"index, follow, max-snippet:-1, max-image-preview:large, max-video-preview:-1\" \/>\n<link rel=\"canonical\" href=\"https:\/\/pagina10.com\/web\/200-hogares-rurales-de-la-costa-narinense-tendran-una-vivienda-digna\/\" \/>\n<meta property=\"og:locale\" content=\"es_ES\" \/>\n<meta property=\"og:type\" content=\"article\" \/>\n<meta property=\"og:title\" content=\"200 hogares rurales de la costa nari\u00f1ense tendr\u00e1n una vivienda digna | P\u00e1gina10\" \/>\n<meta property=\"og:description\" content=\"Para la construcci\u00f3n de estas viviendas se invertir\u00e1n $12.719 millones, que ser\u00e1n aportados por Minvivienda, la Gobernaci\u00f3n de Nari\u00f1o y las alcald\u00edas municipales de Barbacoas y Ricaurte (Nari\u00f1o). Pasto (Nari\u00f1o) 9 de septiembre de 2021. Con el liderazgo del viceministro de Vivienda, Carlos Ruiz, el gobernador de Nari\u00f1o, Jhon Alexander Rojas, y los alcaldes de [&hellip;]\" \/>\n<meta property=\"og:url\" content=\"https:\/\/pagina10.com\/web\/200-hogares-rurales-de-la-costa-narinense-tendran-una-vivienda-digna\/\" \/>\n<meta property=\"og:site_name\" content=\"P\u00e1gina10\" \/>\n<meta property=\"article:publisher\" content=\"https:\/\/www.facebook.com\/pag10com\" \/>\n<meta property=\"article:published_time\" content=\"2021-09-17T14:40:00+00:00\" \/>\n<meta property=\"article:modified_time\" content=\"2021-09-17T14:46:40+00:00\" \/>\n<meta property=\"og:image\" content=\"https:\/\/pagina10.com\/web\/wp-content\/uploads\/2018\/05\/Vivienda-Rural.jpg\" \/>\n\t<meta property=\"og:image:width\" content=\"709\" \/>\n\t<meta property=\"og:image:height\" content=\"499\" \/>\n\t<meta property=\"og:image:type\" content=\"image\/jpeg\" \/>\n<meta name=\"author\" content=\"P\u00e1gina 10\" \/>\n<meta name=\"twitter:card\" content=\"summary_large_image\" \/>\n<meta name=\"twitter:creator\" content=\"@Pag10com\" \/>\n<meta name=\"twitter:site\" content=\"@Pag10com\" \/>\n<meta name=\"twitter:label1\" content=\"Escrito por\" \/>\n\t<meta name=\"twitter:data1\" content=\"P\u00e1gina 10\" \/>\n\t<meta name=\"twitter:label2\" content=\"Tiempo de lectura\" \/>\n\t<meta name=\"twitter:data2\" content=\"4 minutos\" \/>\n<script type=\"application\/ld+json\" class=\"yoast-schema-graph\">{\"@context\":\"https:\/\/schema.org\",\"@graph\":[{\"@type\":\"Article\",\"@id\":\"https:\/\/pagina10.com\/web\/200-hogares-rurales-de-la-costa-narinense-tendran-una-vivienda-digna\/#article\",\"isPartOf\":{\"@id\":\"https:\/\/pagina10.com\/web\/200-hogares-rurales-de-la-costa-narinense-tendran-una-vivienda-digna\/\"},\"author\":{\"name\":\"P\u00e1gina 10\",\"@id\":\"https:\/\/pagina10.com\/web\/#\/schema\/person\/2efc4a090d25b667d3bc796798a3a81b\"},\"headline\":\"200 hogares rurales de la costa nari\u00f1ense tendr\u00e1n una vivienda digna\",\"datePublished\":\"2021-09-17T14:40:00+00:00\",\"dateModified\":\"2021-09-17T14:46:40+00:00\",\"mainEntityOfPage\":{\"@id\":\"https:\/\/pagina10.com\/web\/200-hogares-rurales-de-la-costa-narinense-tendran-una-vivienda-digna\/\"},\"wordCount\":798,\"commentCount\":0,\"publisher\":{\"@id\":\"https:\/\/pagina10.com\/web\/#organization\"},\"image\":{\"@id\":\"https:\/\/pagina10.com\/web\/200-hogares-rurales-de-la-costa-narinense-tendran-una-vivienda-digna\/#primaryimage\"},\"thumbnailUrl\":\"https:\/\/pagina10.com\/web\/wp-content\/uploads\/2018\/05\/Vivienda-Rural.jpg\",\"articleSection\":[\"Econom\u00eda\"],\"inLanguage\":\"es\",\"potentialAction\":[{\"@type\":\"CommentAction\",\"name\":\"Comment\",\"target\":[\"https:\/\/pagina10.com\/web\/200-hogares-rurales-de-la-costa-narinense-tendran-una-vivienda-digna\/#respond\"]}]},{\"@type\":\"WebPage\",\"@id\":\"https:\/\/pagina10.com\/web\/200-hogares-rurales-de-la-costa-narinense-tendran-una-vivienda-digna\/\",\"url\":\"https:\/\/pagina10.com\/web\/200-hogares-rurales-de-la-costa-narinense-tendran-una-vivienda-digna\/\",\"name\":\"200 hogares rurales de la costa nari\u00f1ense tendr\u00e1n una vivienda digna | P\u00e1gina10\",\"isPartOf\":{\"@id\":\"https:\/\/pagina10.com\/web\/#website\"},\"primaryImageOfPage\":{\"@id\":\"https:\/\/pagina10.com\/web\/200-hogares-rurales-de-la-costa-narinense-tendran-una-vivienda-digna\/#primaryimage\"},\"image\":{\"@id\":\"https:\/\/pagina10.com\/web\/200-hogares-rurales-de-la-costa-narinense-tendran-una-vivienda-digna\/#primaryimage\"},\"thumbnailUrl\":\"https:\/\/pagina10.com\/web\/wp-content\/uploads\/2018\/05\/Vivienda-Rural.jpg\",\"datePublished\":\"2021-09-17T14:40:00+00:00\",\"dateModified\":\"2021-09-17T14:46:40+00:00\",\"breadcrumb\":{\"@id\":\"https:\/\/pagina10.com\/web\/200-hogares-rurales-de-la-costa-narinense-tendran-una-vivienda-digna\/#breadcrumb\"},\"inLanguage\":\"es\",\"potentialAction\":[{\"@type\":\"ReadAction\",\"target\":[\"https:\/\/pagina10.com\/web\/200-hogares-rurales-de-la-costa-narinense-tendran-una-vivienda-digna\/\"]}]},{\"@type\":\"ImageObject\",\"inLanguage\":\"es\",\"@id\":\"https:\/\/pagina10.com\/web\/200-hogares-rurales-de-la-costa-narinense-tendran-una-vivienda-digna\/#primaryimage\",\"url\":\"https:\/\/pagina10.com\/web\/wp-content\/uploads\/2018\/05\/Vivienda-Rural.jpg\",\"contentUrl\":\"https:\/\/pagina10.com\/web\/wp-content\/uploads\/2018\/05\/Vivienda-Rural.jpg\",\"width\":709,\"height\":499},{\"@type\":\"BreadcrumbList\",\"@id\":\"https:\/\/pagina10.com\/web\/200-hogares-rurales-de-la-costa-narinense-tendran-una-vivienda-digna\/#breadcrumb\",\"itemListElement\":[{\"@type\":\"ListItem\",\"position\":1,\"name\":\"Portada\",\"item\":\"https:\/\/pagina10.com\/web\/\"},{\"@type\":\"ListItem\",\"position\":2,\"name\":\"200 hogares rurales de la costa nari\u00f1ense tendr\u00e1n una vivienda digna\"}]},{\"@type\":\"WebSite\",\"@id\":\"https:\/\/pagina10.com\/web\/#website\",\"url\":\"https:\/\/pagina10.com\/web\/\",\"name\":\"P\u00e1gina10\",\"description\":\"Peri\u00f3dico Regional\",\"publisher\":{\"@id\":\"https:\/\/pagina10.com\/web\/#organization\"},\"alternateName\":\"P\u00e1gina10 Peri\u00f3dico Regional\",\"potentialAction\":[{\"@type\":\"SearchAction\",\"target\":{\"@type\":\"EntryPoint\",\"urlTemplate\":\"https:\/\/pagina10.com\/web\/?s={search_term_string}\"},\"query-input\":{\"@type\":\"PropertyValueSpecification\",\"valueRequired\":true,\"valueName\":\"search_term_string\"}}],\"inLanguage\":\"es\"},{\"@type\":\"Organization\",\"@id\":\"https:\/\/pagina10.com\/web\/#organization\",\"name\":\"P\u00e1gina10\",\"alternateName\":\"P\u00e1gina10 Peri\u00f3dico Regional\",\"url\":\"https:\/\/pagina10.com\/web\/\",\"logo\":{\"@type\":\"ImageObject\",\"inLanguage\":\"es\",\"@id\":\"https:\/\/pagina10.com\/web\/#\/schema\/logo\/image\/\",\"url\":\"https:\/\/pagina10.com\/web\/wp-content\/uploads\/2024\/01\/40-pagina-10-periodico-regional-pasto.jpg\",\"contentUrl\":\"https:\/\/pagina10.com\/web\/wp-content\/uploads\/2024\/01\/40-pagina-10-periodico-regional-pasto.jpg\",\"width\":1280,\"height\":720,\"caption\":\"P\u00e1gina10\"},\"image\":{\"@id\":\"https:\/\/pagina10.com\/web\/#\/schema\/logo\/image\/\"},\"sameAs\":[\"https:\/\/www.facebook.com\/pag10com\",\"https:\/\/x.com\/Pag10com\",\"https:\/\/www.instagram.com\/pagina10col\/\",\"https:\/\/youtube.com\/channel\/pag10\",\"https:\/\/www.tiktok.com\/@p10col\"]},{\"@type\":\"Person\",\"@id\":\"https:\/\/pagina10.com\/web\/#\/schema\/person\/2efc4a090d25b667d3bc796798a3a81b\",\"name\":\"P\u00e1gina 10\",\"description\":\"P\u00e1gina 10 es un peri\u00f3dico regional que nace en Colombia, en el departamento de Nari\u00f1o, con un enfoque global, fundamentado en cuatro pilares esenciales: la libertad, el pluralismo, la inclusi\u00f3n y la independencia. P\u00e1gina 10 hace referencia a Nari\u00f1o como el d\u00e9cimo departamento creado en Colombia, despu\u00e9s de un proceso pol\u00edtico liderado por actores y actrices regionales con el fin de obtener la independencia y autonom\u00eda de nuestros territorios. Con la creaci\u00f3n de P\u00e1gina 10 se pretende abrir un escenario para el dialogo, la reflexi\u00f3n y el debate que se extienda a otras geograf\u00edas de Am\u00e9rica Latina y del planeta, en una apuesta por transformar colectivamente los desaf\u00edos de un mundo contempor\u00e1neo, m\u00e1s all\u00e1 de las fronteras impuestas.\",\"url\":\"https:\/\/pagina10.com\/web\/author\/pdiezadmin\/\"}]}<\/script>\n<!-- \/ Yoast SEO plugin. -->","yoast_head_json":{"title":"200 hogares rurales de la costa nari\u00f1ense tendr\u00e1n una vivienda digna | P\u00e1gina10","robots":{"index":"index","follow":"follow","max-snippet":"max-snippet:-1","max-image-preview":"max-image-preview:large","max-video-preview":"max-video-preview:-1"},"canonical":"https:\/\/pagina10.com\/web\/200-hogares-rurales-de-la-costa-narinense-tendran-una-vivienda-digna\/","og_locale":"es_ES","og_type":"article","og_title":"200 hogares rurales de la costa nari\u00f1ense tendr\u00e1n una vivienda digna | P\u00e1gina10","og_description":"Para la construcci\u00f3n de estas viviendas se invertir\u00e1n $12.719 millones, que ser\u00e1n aportados por Minvivienda, la Gobernaci\u00f3n de Nari\u00f1o y las alcald\u00edas municipales de Barbacoas y Ricaurte (Nari\u00f1o). Pasto (Nari\u00f1o) 9 de septiembre de 2021. Con el liderazgo del viceministro de Vivienda, Carlos Ruiz, el gobernador de Nari\u00f1o, Jhon Alexander Rojas, y los alcaldes de [&hellip;]","og_url":"https:\/\/pagina10.com\/web\/200-hogares-rurales-de-la-costa-narinense-tendran-una-vivienda-digna\/","og_site_name":"P\u00e1gina10","article_publisher":"https:\/\/www.facebook.com\/pag10com","article_published_time":"2021-09-17T14:40:00+00:00","article_modified_time":"2021-09-17T14:46:40+00:00","og_image":[{"width":709,"height":499,"url":"https:\/\/pagina10.com\/web\/wp-content\/uploads\/2018\/05\/Vivienda-Rural.jpg","type":"image\/jpeg"}],"author":"P\u00e1gina 10","twitter_card":"summary_large_image","twitter_creator":"@Pag10com","twitter_site":"@Pag10com","twitter_misc":{"Escrito por":"P\u00e1gina 10","Tiempo de lectura":"4 minutos"},"schema":{"@context":"https:\/\/schema.org","@graph":[{"@type":"Article","@id":"https:\/\/pagina10.com\/web\/200-hogares-rurales-de-la-costa-narinense-tendran-una-vivienda-digna\/#article","isPartOf":{"@id":"https:\/\/pagina10.com\/web\/200-hogares-rurales-de-la-costa-narinense-tendran-una-vivienda-digna\/"},"author":{"name":"P\u00e1gina 10","@id":"https:\/\/pagina10.com\/web\/#\/schema\/person\/2efc4a090d25b667d3bc796798a3a81b"},"headline":"200 hogares rurales de la costa nari\u00f1ense tendr\u00e1n una vivienda digna","datePublished":"2021-09-17T14:40:00+00:00","dateModified":"2021-09-17T14:46:40+00:00","mainEntityOfPage":{"@id":"https:\/\/pagina10.com\/web\/200-hogares-rurales-de-la-costa-narinense-tendran-una-vivienda-digna\/"},"wordCount":798,"commentCount":0,"publisher":{"@id":"https:\/\/pagina10.com\/web\/#organization"},"image":{"@id":"https:\/\/pagina10.com\/web\/200-hogares-rurales-de-la-costa-narinense-tendran-una-vivienda-digna\/#primaryimage"},"thumbnailUrl":"https:\/\/pagina10.com\/web\/wp-content\/uploads\/2018\/05\/Vivienda-Rural.jpg","articleSection":["Econom\u00eda"],"inLanguage":"es","potentialAction":[{"@type":"CommentAction","name":"Comment","target":["https:\/\/pagina10.com\/web\/200-hogares-rurales-de-la-costa-narinense-tendran-una-vivienda-digna\/#respond"]}]},{"@type":"WebPage","@id":"https:\/\/pagina10.com\/web\/200-hogares-rurales-de-la-costa-narinense-tendran-una-vivienda-digna\/","url":"https:\/\/pagina10.com\/web\/200-hogares-rurales-de-la-costa-narinense-tendran-una-vivienda-digna\/","name":"200 hogares rurales de la costa nari\u00f1ense tendr\u00e1n una vivienda digna | P\u00e1gina10","isPartOf":{"@id":"https:\/\/pagina10.com\/web\/#website"},"primaryImageOfPage":{"@id":"https:\/\/pagina10.com\/web\/200-hogares-rurales-de-la-costa-narinense-tendran-una-vivienda-digna\/#primaryimage"},"image":{"@id":"https:\/\/pagina10.com\/web\/200-hogares-rurales-de-la-costa-narinense-tendran-una-vivienda-digna\/#primaryimage"},"thumbnailUrl":"https:\/\/pagina10.com\/web\/wp-content\/uploads\/2018\/05\/Vivienda-Rural.jpg","datePublished":"2021-09-17T14:40:00+00:00","dateModified":"2021-09-17T14:46:40+00:00","breadcrumb":{"@id":"https:\/\/pagina10.com\/web\/200-hogares-rurales-de-la-costa-narinense-tendran-una-vivienda-digna\/#breadcrumb"},"inLanguage":"es","potentialAction":[{"@type":"ReadAction","target":["https:\/\/pagina10.com\/web\/200-hogares-rurales-de-la-costa-narinense-tendran-una-vivienda-digna\/"]}]},{"@type":"ImageObject","inLanguage":"es","@id":"https:\/\/pagina10.com\/web\/200-hogares-rurales-de-la-costa-narinense-tendran-una-vivienda-digna\/#primaryimage","url":"https:\/\/pagina10.com\/web\/wp-content\/uploads\/2018\/05\/Vivienda-Rural.jpg","contentUrl":"https:\/\/pagina10.com\/web\/wp-content\/uploads\/2018\/05\/Vivienda-Rural.jpg","width":709,"height":499},{"@type":"BreadcrumbList","@id":"https:\/\/pagina10.com\/web\/200-hogares-rurales-de-la-costa-narinense-tendran-una-vivienda-digna\/#breadcrumb","itemListElement":[{"@type":"ListItem","position":1,"name":"Portada","item":"https:\/\/pagina10.com\/web\/"},{"@type":"ListItem","position":2,"name":"200 hogares rurales de la costa nari\u00f1ense tendr\u00e1n una vivienda digna"}]},{"@type":"WebSite","@id":"https:\/\/pagina10.com\/web\/#website","url":"https:\/\/pagina10.com\/web\/","name":"P\u00e1gina10","description":"Peri\u00f3dico Regional","publisher":{"@id":"https:\/\/pagina10.com\/web\/#organization"},"alternateName":"P\u00e1gina10 Peri\u00f3dico Regional","potentialAction":[{"@type":"SearchAction","target":{"@type":"EntryPoint","urlTemplate":"https:\/\/pagina10.com\/web\/?s={search_term_string}"},"query-input":{"@type":"PropertyValueSpecification","valueRequired":true,"valueName":"search_term_string"}}],"inLanguage":"es"},{"@type":"Organization","@id":"https:\/\/pagina10.com\/web\/#organization","name":"P\u00e1gina10","alternateName":"P\u00e1gina10 Peri\u00f3dico Regional","url":"https:\/\/pagina10.com\/web\/","logo":{"@type":"ImageObject","inLanguage":"es","@id":"https:\/\/pagina10.com\/web\/#\/schema\/logo\/image\/","url":"https:\/\/pagina10.com\/web\/wp-content\/uploads\/2024\/01\/40-pagina-10-periodico-regional-pasto.jpg","contentUrl":"https:\/\/pagina10.com\/web\/wp-content\/uploads\/2024\/01\/40-pagina-10-periodico-regional-pasto.jpg","width":1280,"height":720,"caption":"P\u00e1gina10"},"image":{"@id":"https:\/\/pagina10.com\/web\/#\/schema\/logo\/image\/"},"sameAs":["https:\/\/www.facebook.com\/pag10com","https:\/\/x.com\/Pag10com","https:\/\/www.instagram.com\/pagina10col\/","https:\/\/youtube.com\/channel\/pag10","https:\/\/www.tiktok.com\/@p10col"]},{"@type":"Person","@id":"https:\/\/pagina10.com\/web\/#\/schema\/person\/2efc4a090d25b667d3bc796798a3a81b","name":"P\u00e1gina 10","description":"P\u00e1gina 10 es un peri\u00f3dico regional que nace en Colombia, en el departamento de Nari\u00f1o, con un enfoque global, fundamentado en cuatro pilares esenciales: la libertad, el pluralismo, la inclusi\u00f3n y la independencia. P\u00e1gina 10 hace referencia a Nari\u00f1o como el d\u00e9cimo departamento creado en Colombia, despu\u00e9s de un proceso pol\u00edtico liderado por actores y actrices regionales con el fin de obtener la independencia y autonom\u00eda de nuestros territorios. Con la creaci\u00f3n de P\u00e1gina 10 se pretende abrir un escenario para el dialogo, la reflexi\u00f3n y el debate que se extienda a otras geograf\u00edas de Am\u00e9rica Latina y del planeta, en una apuesta por transformar colectivamente los desaf\u00edos de un mundo contempor\u00e1neo, m\u00e1s all\u00e1 de las fronteras impuestas.","url":"https:\/\/pagina10.com\/web\/author\/pdiezadmin\/"}]}},"_links":{"self":[{"href":"https:\/\/pagina10.com\/web\/wp-json\/wp\/v2\/posts\/55685","targetHints":{"allow":["GET"]}}],"collection":[{"href":"https:\/\/pagina10.com\/web\/wp-json\/wp\/v2\/posts"}],"about":[{"href":"https:\/\/pagina10.com\/web\/wp-json\/wp\/v2\/types\/post"}],"author":[{"embeddable":true,"href":"https:\/\/pagina10.com\/web\/wp-json\/wp\/v2\/users\/1"}],"replies":[{"embeddable":true,"href":"https:\/\/pagina10.com\/web\/wp-json\/wp\/v2\/comments?post=55685"}],"version-history":[{"count":1,"href":"https:\/\/pagina10.com\/web\/wp-json\/wp\/v2\/posts\/55685\/revisions"}],"predecessor-version":[{"id":55687,"href":"https:\/\/pagina10.com\/web\/wp-json\/wp\/v2\/posts\/55685\/revisions\/55687"}],"wp:featuredmedia":[{"embeddable":true,"href":"https:\/\/pagina10.com\/web\/wp-json\/wp\/v2\/media\/30987"}],"wp:attachment":[{"href":"https:\/\/pagina10.com\/web\/wp-json\/wp\/v2\/media?parent=55685"}],"wp:term":[{"taxonomy":"category","embeddable":true,"href":"https:\/\/pagina10.com\/web\/wp-json\/wp\/v2\/categories?post=55685"},{"taxonomy":"post_tag","embeddable":true,"href":"https:\/\/pagina10.com\/web\/wp-json\/wp\/v2\/tags?post=55685"}],"curies":[{"name":"wp","href":"https:\/\/api.w.org\/{rel}","templated":true}]}}