{"id":55688,"date":"2021-09-17T09:44:09","date_gmt":"2021-09-17T14:44:09","guid":{"rendered":"https:\/\/pagina10.com\/web\/?p=55688"},"modified":"2021-09-17T09:44:09","modified_gmt":"2021-09-17T14:44:09","slug":"mas-de-40-mil-millones-se-invierten-en-agua-y-saneamiento-en-narino","status":"publish","type":"post","link":"https:\/\/pagina10.com\/web\/mas-de-40-mil-millones-se-invierten-en-agua-y-saneamiento-en-narino\/","title":{"rendered":"M\u00e1s de $40 mil millones se invierten en agua y saneamiento en Nari\u00f1o"},"content":{"rendered":"<div style=\"text-align: justify;\">\u2022 \u00a0 \u00a0 \u00a0 \u00a0$5.338 millones hacen parte de la estrategia #CompromisoPorColombia \u2013 Cap\u00edtulo Agua.<\/div>\n<div style=\"text-align: justify;\"><\/div>\n<div style=\"text-align: justify;\">\u00a0\u2022 \u00a0 \u00a0 \u00a0 \u00a0 Trece obras de inversiones generales est\u00e1n en ejecuci\u00f3n por $35.215 millones.<\/div>\n<div style=\"text-align: justify;\"><\/div>\n<div style=\"text-align: justify;\">Llevar agua y saneamiento es una de las prioridades del Gobierno Nacional, es as\u00ed como el departamento de Nari\u00f1o es uno de los grandes protagonistas en las inversiones del sector con una asignaci\u00f3n de $40.553 millones en proyectos que se ejecutan para el beneficio de sus habitantes.<\/div>\n<div style=\"text-align: justify;\"><\/div>\n<div style=\"text-align: justify;\">\u00a0\u201cLas buenas noticias vienen de la mano de la estrategia para la reactivaci\u00f3n econ\u00f3mica y social #CompromisoPorColombia &#8211; Cap\u00edtulo Agua, por medio del cual se adelantan tres proyectos con una inversi\u00f3n de $5.338 millones, beneficiando a cerca de 14 mil personas, y generando m\u00e1s de 39 empleos directos, la mayor\u00eda mano de obra regional\u201d, dijo el viceministro de Agua, Jose Luis Acero.<\/div>\n<div style=\"text-align: justify;\"><\/div>\n<div style=\"text-align: justify;\">El Viceministro anunci\u00f3 que est\u00e1n listos para contratar dos proyectos por $4.943 millones.<\/div>\n<div style=\"text-align: justify;\">\u201cLas firmas interesadas podr\u00e1n ingresar al Secop II para conocer la licitaci\u00f3n con pliegos tipo que garantizan la transparencia en el proceso de dos proyectos que son: la consultor\u00eda para contar con los estudios y dise\u00f1os del plan maestro de acueducto y alcantarillado sanitario y pluvial del municipio de Samaniego por $1.369 millones y la optimizaci\u00f3n del acueducto multiveredal, el cual incluye las veredas Mart\u00edn, Botanilla, Yerbabuenal y Santiago de la jurisdicci\u00f3n de municipio de San Pedro de Cartago por otros \u00a0$3.574 millones\u201d, inform\u00f3 el Viceministro de Agua.<\/div>\n<div style=\"text-align: justify;\"><\/div>\n<div style=\"text-align: justify;\">El alto funcionario se\u00f1al\u00f3 que con la estrategia #CompromisoPorColombia se terminaron los estudios y dise\u00f1os para la optimizaci\u00f3n del acueducto del casco urbano del municipio de Yacuanquer que cost\u00f3 $395 millones.<\/div>\n<div style=\"text-align: justify;\"><\/div>\n<div style=\"text-align: justify;\">\u201cCon dicha consultor\u00eda, el municipio ya cuenta con los estudios y dise\u00f1os para que, una vez ejecutado el proyecto, el municipio logre el 100% de cobertura de prestaci\u00f3n del servicio de agua, 24 horas al d\u00eda\u201d, explic\u00f3 Acero.<\/div>\n<div style=\"text-align: justify;\"><\/div>\n<div style=\"text-align: justify;\">El Viceministro report\u00f3 que en inversiones generales en el departamento se adelantan trece proyectos m\u00e1s por $35.215 millones, as\u00ed:<\/div>\n<div style=\"text-align: justify;\"><\/div>\n<div style=\"text-align: justify;\">1. Construcci\u00f3n plantas de tratamiento de agua residual plan maestro de alcantarillado fase II municipio de Alban por $3.433 millones.<\/div>\n<div style=\"text-align: justify;\">2. Ampliaci\u00f3n y optimizaci\u00f3n del sistema de alcantarillado de la cabecera municipal de Cuaspud fase por $4.224 millones.<\/div>\n<div style=\"text-align: justify;\">3. Optimizaci\u00f3n y ampliaci\u00f3n del alcantarillado del corregimiento de Las Mesas en el municipio de El Tabl\u00f3n por $5.224 millones.<\/div>\n<div style=\"text-align: justify;\">4. Construcci\u00f3n de unidades sanitarias con tratamiento de aguas residuales en la zona rural dispersa del municipio de La Cruz por $1.499 millones.<\/div>\n<div style=\"text-align: justify;\">5. Mejoramiento del sistema de abastecimiento, construcci\u00f3n planta de tratamiento de agua potable y optimizaci\u00f3n del sistema de alcantarillado en el casco urbano del municipio de Mallama por $4.312 millones.<\/div>\n<div style=\"text-align: justify;\">6. Ampliaci\u00f3n y optimizaci\u00f3n del sistema de alcantarillado sanitario de la cabecera corregimental San Mateo del municipio de Puerres por $1.463 millones.<\/div>\n<div style=\"text-align: justify;\">7. Construcci\u00f3n de unidades sanitarias con saneamiento b\u00e1sico para vivienda rural en el municipio de San Bernardo por $969 millones.<\/div>\n<div style=\"text-align: justify;\">8. Construcci\u00f3n del acueducto interveredal Pe\u00f1as Blancas, San Vicente, Esmeralda, Higuerones, fase I del municipio de San Bernardo por $5.000 millones.<\/div>\n<div style=\"text-align: justify;\">9. Optimizaci\u00f3n del alcantarillado del corregimiento de Brice\u00f1o del municipio de San Pablo por $2.711 millones.<\/div>\n<div style=\"text-align: justify;\">10. Construcci\u00f3n sistema de alcantarillado sanitario de la vereda La Chorrera, municipio de San Pedro de Cartago por $1.378 millones.<\/div>\n<div style=\"text-align: justify;\">11. Construcci\u00f3n acueducto rural en la vereda Chaguez del municipio de Santa Cruz por $466 millones.<\/div>\n<div style=\"text-align: justify;\">12. Optimizaci\u00f3n del sistema de acueducto existente del casco urbano del municipio de Santa Cruz por $4.089 millones.<\/div>\n<div style=\"text-align: justify;\">13. Adquisici\u00f3n de veh\u00edculo compactador para la prestaci\u00f3n del servicio p\u00fablico de aseo en el Distrito de San Andr\u00e9s de Tumaco por $446 millones.<\/div>\n","protected":false},"excerpt":{"rendered":"<p>\u2022 \u00a0 \u00a0 \u00a0 \u00a0$5.338 millones hacen parte de la estrategia #CompromisoPorColombia \u2013 Cap\u00edtulo Agua. \u00a0\u2022 \u00a0 \u00a0 \u00a0 \u00a0 Trece obras de inversiones generales est\u00e1n en ejecuci\u00f3n por $35.215 millones. Llevar agua y saneamiento es una de las prioridades del Gobierno Nacional, es as\u00ed como el departamento de Nari\u00f1o es uno de los grandes [&hellip;]<\/p>\n","protected":false},"author":1,"featured_media":55686,"comment_status":"open","ping_status":"open","sticky":false,"template":"","format":"standard","meta":{"footnotes":""},"categories":[13],"tags":[],"class_list":["post-55688","post","type-post","status-publish","format-standard","has-post-thumbnail","hentry","category-economia"],"yoast_head":"<!-- This site is optimized with the Yoast SEO plugin v27.1.1 - https:\/\/yoast.com\/product\/yoast-seo-wordpress\/ -->\n<title>M\u00e1s de $40 mil millones se invierten en agua y saneamiento en Nari\u00f1o | P\u00e1gina10<\/title>\n<meta name=\"robots\" content=\"index, follow, max-snippet:-1, max-image-preview:large, max-video-preview:-1\" \/>\n<link rel=\"canonical\" href=\"https:\/\/pagina10.com\/web\/mas-de-40-mil-millones-se-invierten-en-agua-y-saneamiento-en-narino\/\" \/>\n<meta property=\"og:locale\" content=\"es_ES\" \/>\n<meta property=\"og:type\" content=\"article\" \/>\n<meta property=\"og:title\" content=\"M\u00e1s de $40 mil millones se invierten en agua y saneamiento en Nari\u00f1o | P\u00e1gina10\" \/>\n<meta property=\"og:description\" content=\"\u2022 $5.338 millones hacen parte de la estrategia #CompromisoPorColombia \u2013 Cap\u00edtulo Agua. \u2022 Trece obras de inversiones generales est\u00e1n en ejecuci\u00f3n por $35.215 millones. Llevar agua y saneamiento es una de las prioridades del Gobierno Nacional, es as\u00ed como el departamento de Nari\u00f1o es uno de los grandes [&hellip;]\" \/>\n<meta property=\"og:url\" content=\"https:\/\/pagina10.com\/web\/mas-de-40-mil-millones-se-invierten-en-agua-y-saneamiento-en-narino\/\" \/>\n<meta property=\"og:site_name\" content=\"P\u00e1gina10\" \/>\n<meta property=\"article:publisher\" content=\"https:\/\/www.facebook.com\/pag10com\" \/>\n<meta property=\"article:published_time\" content=\"2021-09-17T14:44:09+00:00\" \/>\n<meta property=\"og:image\" content=\"https:\/\/pagina10.com\/web\/wp-content\/uploads\/2021\/09\/WhatsApp-Image-2021-09-17-at-9.38.35-AM.jpeg\" \/>\n\t<meta property=\"og:image:width\" content=\"1280\" \/>\n\t<meta property=\"og:image:height\" content=\"853\" \/>\n\t<meta property=\"og:image:type\" content=\"image\/jpeg\" \/>\n<meta name=\"author\" content=\"P\u00e1gina 10\" \/>\n<meta name=\"twitter:card\" content=\"summary_large_image\" \/>\n<meta name=\"twitter:creator\" content=\"@Pag10com\" \/>\n<meta name=\"twitter:site\" content=\"@Pag10com\" \/>\n<meta name=\"twitter:label1\" content=\"Escrito por\" \/>\n\t<meta name=\"twitter:data1\" content=\"P\u00e1gina 10\" \/>\n\t<meta name=\"twitter:label2\" content=\"Tiempo de lectura\" \/>\n\t<meta name=\"twitter:data2\" content=\"3 minutos\" \/>\n<script type=\"application\/ld+json\" class=\"yoast-schema-graph\">{\"@context\":\"https:\/\/schema.org\",\"@graph\":[{\"@type\":\"Article\",\"@id\":\"https:\/\/pagina10.com\/web\/mas-de-40-mil-millones-se-invierten-en-agua-y-saneamiento-en-narino\/#article\",\"isPartOf\":{\"@id\":\"https:\/\/pagina10.com\/web\/mas-de-40-mil-millones-se-invierten-en-agua-y-saneamiento-en-narino\/\"},\"author\":{\"name\":\"P\u00e1gina 10\",\"@id\":\"https:\/\/pagina10.com\/web\/#\/schema\/person\/2efc4a090d25b667d3bc796798a3a81b\"},\"headline\":\"M\u00e1s de $40 mil millones se invierten en agua y saneamiento en Nari\u00f1o\",\"datePublished\":\"2021-09-17T14:44:09+00:00\",\"mainEntityOfPage\":{\"@id\":\"https:\/\/pagina10.com\/web\/mas-de-40-mil-millones-se-invierten-en-agua-y-saneamiento-en-narino\/\"},\"wordCount\":614,\"commentCount\":0,\"publisher\":{\"@id\":\"https:\/\/pagina10.com\/web\/#organization\"},\"image\":{\"@id\":\"https:\/\/pagina10.com\/web\/mas-de-40-mil-millones-se-invierten-en-agua-y-saneamiento-en-narino\/#primaryimage\"},\"thumbnailUrl\":\"https:\/\/pagina10.com\/web\/wp-content\/uploads\/2021\/09\/WhatsApp-Image-2021-09-17-at-9.38.35-AM.jpeg\",\"articleSection\":[\"Econom\u00eda\"],\"inLanguage\":\"es\",\"potentialAction\":[{\"@type\":\"CommentAction\",\"name\":\"Comment\",\"target\":[\"https:\/\/pagina10.com\/web\/mas-de-40-mil-millones-se-invierten-en-agua-y-saneamiento-en-narino\/#respond\"]}]},{\"@type\":\"WebPage\",\"@id\":\"https:\/\/pagina10.com\/web\/mas-de-40-mil-millones-se-invierten-en-agua-y-saneamiento-en-narino\/\",\"url\":\"https:\/\/pagina10.com\/web\/mas-de-40-mil-millones-se-invierten-en-agua-y-saneamiento-en-narino\/\",\"name\":\"M\u00e1s de $40 mil millones se invierten en agua y saneamiento en Nari\u00f1o | P\u00e1gina10\",\"isPartOf\":{\"@id\":\"https:\/\/pagina10.com\/web\/#website\"},\"primaryImageOfPage\":{\"@id\":\"https:\/\/pagina10.com\/web\/mas-de-40-mil-millones-se-invierten-en-agua-y-saneamiento-en-narino\/#primaryimage\"},\"image\":{\"@id\":\"https:\/\/pagina10.com\/web\/mas-de-40-mil-millones-se-invierten-en-agua-y-saneamiento-en-narino\/#primaryimage\"},\"thumbnailUrl\":\"https:\/\/pagina10.com\/web\/wp-content\/uploads\/2021\/09\/WhatsApp-Image-2021-09-17-at-9.38.35-AM.jpeg\",\"datePublished\":\"2021-09-17T14:44:09+00:00\",\"breadcrumb\":{\"@id\":\"https:\/\/pagina10.com\/web\/mas-de-40-mil-millones-se-invierten-en-agua-y-saneamiento-en-narino\/#breadcrumb\"},\"inLanguage\":\"es\",\"potentialAction\":[{\"@type\":\"ReadAction\",\"target\":[\"https:\/\/pagina10.com\/web\/mas-de-40-mil-millones-se-invierten-en-agua-y-saneamiento-en-narino\/\"]}]},{\"@type\":\"ImageObject\",\"inLanguage\":\"es\",\"@id\":\"https:\/\/pagina10.com\/web\/mas-de-40-mil-millones-se-invierten-en-agua-y-saneamiento-en-narino\/#primaryimage\",\"url\":\"https:\/\/pagina10.com\/web\/wp-content\/uploads\/2021\/09\/WhatsApp-Image-2021-09-17-at-9.38.35-AM.jpeg\",\"contentUrl\":\"https:\/\/pagina10.com\/web\/wp-content\/uploads\/2021\/09\/WhatsApp-Image-2021-09-17-at-9.38.35-AM.jpeg\",\"width\":1280,\"height\":853},{\"@type\":\"BreadcrumbList\",\"@id\":\"https:\/\/pagina10.com\/web\/mas-de-40-mil-millones-se-invierten-en-agua-y-saneamiento-en-narino\/#breadcrumb\",\"itemListElement\":[{\"@type\":\"ListItem\",\"position\":1,\"name\":\"Portada\",\"item\":\"https:\/\/pagina10.com\/web\/\"},{\"@type\":\"ListItem\",\"position\":2,\"name\":\"M\u00e1s de $40 mil millones se invierten en agua y saneamiento en Nari\u00f1o\"}]},{\"@type\":\"WebSite\",\"@id\":\"https:\/\/pagina10.com\/web\/#website\",\"url\":\"https:\/\/pagina10.com\/web\/\",\"name\":\"P\u00e1gina10\",\"description\":\"Peri\u00f3dico Regional\",\"publisher\":{\"@id\":\"https:\/\/pagina10.com\/web\/#organization\"},\"alternateName\":\"P\u00e1gina10 Peri\u00f3dico Regional\",\"potentialAction\":[{\"@type\":\"SearchAction\",\"target\":{\"@type\":\"EntryPoint\",\"urlTemplate\":\"https:\/\/pagina10.com\/web\/?s={search_term_string}\"},\"query-input\":{\"@type\":\"PropertyValueSpecification\",\"valueRequired\":true,\"valueName\":\"search_term_string\"}}],\"inLanguage\":\"es\"},{\"@type\":\"Organization\",\"@id\":\"https:\/\/pagina10.com\/web\/#organization\",\"name\":\"P\u00e1gina10\",\"alternateName\":\"P\u00e1gina10 Peri\u00f3dico Regional\",\"url\":\"https:\/\/pagina10.com\/web\/\",\"logo\":{\"@type\":\"ImageObject\",\"inLanguage\":\"es\",\"@id\":\"https:\/\/pagina10.com\/web\/#\/schema\/logo\/image\/\",\"url\":\"https:\/\/pagina10.com\/web\/wp-content\/uploads\/2024\/01\/40-pagina-10-periodico-regional-pasto.jpg\",\"contentUrl\":\"https:\/\/pagina10.com\/web\/wp-content\/uploads\/2024\/01\/40-pagina-10-periodico-regional-pasto.jpg\",\"width\":1280,\"height\":720,\"caption\":\"P\u00e1gina10\"},\"image\":{\"@id\":\"https:\/\/pagina10.com\/web\/#\/schema\/logo\/image\/\"},\"sameAs\":[\"https:\/\/www.facebook.com\/pag10com\",\"https:\/\/x.com\/Pag10com\",\"https:\/\/www.instagram.com\/pagina10col\/\",\"https:\/\/youtube.com\/channel\/pag10\",\"https:\/\/www.tiktok.com\/@p10col\"]},{\"@type\":\"Person\",\"@id\":\"https:\/\/pagina10.com\/web\/#\/schema\/person\/2efc4a090d25b667d3bc796798a3a81b\",\"name\":\"P\u00e1gina 10\",\"description\":\"P\u00e1gina 10 es un peri\u00f3dico regional que nace en Colombia, en el departamento de Nari\u00f1o, con un enfoque global, fundamentado en cuatro pilares esenciales: la libertad, el pluralismo, la inclusi\u00f3n y la independencia. P\u00e1gina 10 hace referencia a Nari\u00f1o como el d\u00e9cimo departamento creado en Colombia, despu\u00e9s de un proceso pol\u00edtico liderado por actores y actrices regionales con el fin de obtener la independencia y autonom\u00eda de nuestros territorios. Con la creaci\u00f3n de P\u00e1gina 10 se pretende abrir un escenario para el dialogo, la reflexi\u00f3n y el debate que se extienda a otras geograf\u00edas de Am\u00e9rica Latina y del planeta, en una apuesta por transformar colectivamente los desaf\u00edos de un mundo contempor\u00e1neo, m\u00e1s all\u00e1 de las fronteras impuestas.\",\"url\":\"https:\/\/pagina10.com\/web\/author\/pdiezadmin\/\"}]}<\/script>\n<!-- \/ Yoast SEO plugin. -->","yoast_head_json":{"title":"M\u00e1s de $40 mil millones se invierten en agua y saneamiento en Nari\u00f1o | P\u00e1gina10","robots":{"index":"index","follow":"follow","max-snippet":"max-snippet:-1","max-image-preview":"max-image-preview:large","max-video-preview":"max-video-preview:-1"},"canonical":"https:\/\/pagina10.com\/web\/mas-de-40-mil-millones-se-invierten-en-agua-y-saneamiento-en-narino\/","og_locale":"es_ES","og_type":"article","og_title":"M\u00e1s de $40 mil millones se invierten en agua y saneamiento en Nari\u00f1o | P\u00e1gina10","og_description":"\u2022 $5.338 millones hacen parte de la estrategia #CompromisoPorColombia \u2013 Cap\u00edtulo Agua. \u2022 Trece obras de inversiones generales est\u00e1n en ejecuci\u00f3n por $35.215 millones. Llevar agua y saneamiento es una de las prioridades del Gobierno Nacional, es as\u00ed como el departamento de Nari\u00f1o es uno de los grandes [&hellip;]","og_url":"https:\/\/pagina10.com\/web\/mas-de-40-mil-millones-se-invierten-en-agua-y-saneamiento-en-narino\/","og_site_name":"P\u00e1gina10","article_publisher":"https:\/\/www.facebook.com\/pag10com","article_published_time":"2021-09-17T14:44:09+00:00","og_image":[{"width":1280,"height":853,"url":"https:\/\/pagina10.com\/web\/wp-content\/uploads\/2021\/09\/WhatsApp-Image-2021-09-17-at-9.38.35-AM.jpeg","type":"image\/jpeg"}],"author":"P\u00e1gina 10","twitter_card":"summary_large_image","twitter_creator":"@Pag10com","twitter_site":"@Pag10com","twitter_misc":{"Escrito por":"P\u00e1gina 10","Tiempo de lectura":"3 minutos"},"schema":{"@context":"https:\/\/schema.org","@graph":[{"@type":"Article","@id":"https:\/\/pagina10.com\/web\/mas-de-40-mil-millones-se-invierten-en-agua-y-saneamiento-en-narino\/#article","isPartOf":{"@id":"https:\/\/pagina10.com\/web\/mas-de-40-mil-millones-se-invierten-en-agua-y-saneamiento-en-narino\/"},"author":{"name":"P\u00e1gina 10","@id":"https:\/\/pagina10.com\/web\/#\/schema\/person\/2efc4a090d25b667d3bc796798a3a81b"},"headline":"M\u00e1s de $40 mil millones se invierten en agua y saneamiento en Nari\u00f1o","datePublished":"2021-09-17T14:44:09+00:00","mainEntityOfPage":{"@id":"https:\/\/pagina10.com\/web\/mas-de-40-mil-millones-se-invierten-en-agua-y-saneamiento-en-narino\/"},"wordCount":614,"commentCount":0,"publisher":{"@id":"https:\/\/pagina10.com\/web\/#organization"},"image":{"@id":"https:\/\/pagina10.com\/web\/mas-de-40-mil-millones-se-invierten-en-agua-y-saneamiento-en-narino\/#primaryimage"},"thumbnailUrl":"https:\/\/pagina10.com\/web\/wp-content\/uploads\/2021\/09\/WhatsApp-Image-2021-09-17-at-9.38.35-AM.jpeg","articleSection":["Econom\u00eda"],"inLanguage":"es","potentialAction":[{"@type":"CommentAction","name":"Comment","target":["https:\/\/pagina10.com\/web\/mas-de-40-mil-millones-se-invierten-en-agua-y-saneamiento-en-narino\/#respond"]}]},{"@type":"WebPage","@id":"https:\/\/pagina10.com\/web\/mas-de-40-mil-millones-se-invierten-en-agua-y-saneamiento-en-narino\/","url":"https:\/\/pagina10.com\/web\/mas-de-40-mil-millones-se-invierten-en-agua-y-saneamiento-en-narino\/","name":"M\u00e1s de $40 mil millones se invierten en agua y saneamiento en Nari\u00f1o | P\u00e1gina10","isPartOf":{"@id":"https:\/\/pagina10.com\/web\/#website"},"primaryImageOfPage":{"@id":"https:\/\/pagina10.com\/web\/mas-de-40-mil-millones-se-invierten-en-agua-y-saneamiento-en-narino\/#primaryimage"},"image":{"@id":"https:\/\/pagina10.com\/web\/mas-de-40-mil-millones-se-invierten-en-agua-y-saneamiento-en-narino\/#primaryimage"},"thumbnailUrl":"https:\/\/pagina10.com\/web\/wp-content\/uploads\/2021\/09\/WhatsApp-Image-2021-09-17-at-9.38.35-AM.jpeg","datePublished":"2021-09-17T14:44:09+00:00","breadcrumb":{"@id":"https:\/\/pagina10.com\/web\/mas-de-40-mil-millones-se-invierten-en-agua-y-saneamiento-en-narino\/#breadcrumb"},"inLanguage":"es","potentialAction":[{"@type":"ReadAction","target":["https:\/\/pagina10.com\/web\/mas-de-40-mil-millones-se-invierten-en-agua-y-saneamiento-en-narino\/"]}]},{"@type":"ImageObject","inLanguage":"es","@id":"https:\/\/pagina10.com\/web\/mas-de-40-mil-millones-se-invierten-en-agua-y-saneamiento-en-narino\/#primaryimage","url":"https:\/\/pagina10.com\/web\/wp-content\/uploads\/2021\/09\/WhatsApp-Image-2021-09-17-at-9.38.35-AM.jpeg","contentUrl":"https:\/\/pagina10.com\/web\/wp-content\/uploads\/2021\/09\/WhatsApp-Image-2021-09-17-at-9.38.35-AM.jpeg","width":1280,"height":853},{"@type":"BreadcrumbList","@id":"https:\/\/pagina10.com\/web\/mas-de-40-mil-millones-se-invierten-en-agua-y-saneamiento-en-narino\/#breadcrumb","itemListElement":[{"@type":"ListItem","position":1,"name":"Portada","item":"https:\/\/pagina10.com\/web\/"},{"@type":"ListItem","position":2,"name":"M\u00e1s de $40 mil millones se invierten en agua y saneamiento en Nari\u00f1o"}]},{"@type":"WebSite","@id":"https:\/\/pagina10.com\/web\/#website","url":"https:\/\/pagina10.com\/web\/","name":"P\u00e1gina10","description":"Peri\u00f3dico Regional","publisher":{"@id":"https:\/\/pagina10.com\/web\/#organization"},"alternateName":"P\u00e1gina10 Peri\u00f3dico Regional","potentialAction":[{"@type":"SearchAction","target":{"@type":"EntryPoint","urlTemplate":"https:\/\/pagina10.com\/web\/?s={search_term_string}"},"query-input":{"@type":"PropertyValueSpecification","valueRequired":true,"valueName":"search_term_string"}}],"inLanguage":"es"},{"@type":"Organization","@id":"https:\/\/pagina10.com\/web\/#organization","name":"P\u00e1gina10","alternateName":"P\u00e1gina10 Peri\u00f3dico Regional","url":"https:\/\/pagina10.com\/web\/","logo":{"@type":"ImageObject","inLanguage":"es","@id":"https:\/\/pagina10.com\/web\/#\/schema\/logo\/image\/","url":"https:\/\/pagina10.com\/web\/wp-content\/uploads\/2024\/01\/40-pagina-10-periodico-regional-pasto.jpg","contentUrl":"https:\/\/pagina10.com\/web\/wp-content\/uploads\/2024\/01\/40-pagina-10-periodico-regional-pasto.jpg","width":1280,"height":720,"caption":"P\u00e1gina10"},"image":{"@id":"https:\/\/pagina10.com\/web\/#\/schema\/logo\/image\/"},"sameAs":["https:\/\/www.facebook.com\/pag10com","https:\/\/x.com\/Pag10com","https:\/\/www.instagram.com\/pagina10col\/","https:\/\/youtube.com\/channel\/pag10","https:\/\/www.tiktok.com\/@p10col"]},{"@type":"Person","@id":"https:\/\/pagina10.com\/web\/#\/schema\/person\/2efc4a090d25b667d3bc796798a3a81b","name":"P\u00e1gina 10","description":"P\u00e1gina 10 es un peri\u00f3dico regional que nace en Colombia, en el departamento de Nari\u00f1o, con un enfoque global, fundamentado en cuatro pilares esenciales: la libertad, el pluralismo, la inclusi\u00f3n y la independencia. P\u00e1gina 10 hace referencia a Nari\u00f1o como el d\u00e9cimo departamento creado en Colombia, despu\u00e9s de un proceso pol\u00edtico liderado por actores y actrices regionales con el fin de obtener la independencia y autonom\u00eda de nuestros territorios. Con la creaci\u00f3n de P\u00e1gina 10 se pretende abrir un escenario para el dialogo, la reflexi\u00f3n y el debate que se extienda a otras geograf\u00edas de Am\u00e9rica Latina y del planeta, en una apuesta por transformar colectivamente los desaf\u00edos de un mundo contempor\u00e1neo, m\u00e1s all\u00e1 de las fronteras impuestas.","url":"https:\/\/pagina10.com\/web\/author\/pdiezadmin\/"}]}},"_links":{"self":[{"href":"https:\/\/pagina10.com\/web\/wp-json\/wp\/v2\/posts\/55688","targetHints":{"allow":["GET"]}}],"collection":[{"href":"https:\/\/pagina10.com\/web\/wp-json\/wp\/v2\/posts"}],"about":[{"href":"https:\/\/pagina10.com\/web\/wp-json\/wp\/v2\/types\/post"}],"author":[{"embeddable":true,"href":"https:\/\/pagina10.com\/web\/wp-json\/wp\/v2\/users\/1"}],"replies":[{"embeddable":true,"href":"https:\/\/pagina10.com\/web\/wp-json\/wp\/v2\/comments?post=55688"}],"version-history":[{"count":1,"href":"https:\/\/pagina10.com\/web\/wp-json\/wp\/v2\/posts\/55688\/revisions"}],"predecessor-version":[{"id":55689,"href":"https:\/\/pagina10.com\/web\/wp-json\/wp\/v2\/posts\/55688\/revisions\/55689"}],"wp:featuredmedia":[{"embeddable":true,"href":"https:\/\/pagina10.com\/web\/wp-json\/wp\/v2\/media\/55686"}],"wp:attachment":[{"href":"https:\/\/pagina10.com\/web\/wp-json\/wp\/v2\/media?parent=55688"}],"wp:term":[{"taxonomy":"category","embeddable":true,"href":"https:\/\/pagina10.com\/web\/wp-json\/wp\/v2\/categories?post=55688"},{"taxonomy":"post_tag","embeddable":true,"href":"https:\/\/pagina10.com\/web\/wp-json\/wp\/v2\/tags?post=55688"}],"curies":[{"name":"wp","href":"https:\/\/api.w.org\/{rel}","templated":true}]}}