{"id":55693,"date":"2021-09-18T08:56:24","date_gmt":"2021-09-18T13:56:24","guid":{"rendered":"https:\/\/pagina10.com\/web\/?p=55693"},"modified":"2021-09-18T08:56:24","modified_gmt":"2021-09-18T13:56:24","slug":"don-horacio-arciniegas-y-su-academia-de-conduccion-challenger","status":"publish","type":"post","link":"https:\/\/pagina10.com\/web\/don-horacio-arciniegas-y-su-academia-de-conduccion-challenger\/","title":{"rendered":"Don Horacio Arciniegas y su academia de conducci\u00f3n Challenger."},"content":{"rendered":"<p style=\"text-align: justify;\">&#8211; Un emotivo agradecimiento a su labor tesonera y empresarial-<\/p>\n<p style=\"text-align: justify;\">\nDon Horacio Arciniegas Pazos , es un ipiale\u00f1o de pura cepa. Incansable trabajador, constante en sus objetivos y hombre de empresa, que no desfallece ante las peores adversidades de la vida. Hace treinta y un a\u00f1os decide, por una invitaci\u00f3n de su cu\u00f1ado, iniciar en la ciudad de Pasto una empresa de conducci\u00f3n que bautiza como CHALLENGER.<\/p>\n<p style=\"text-align: justify;\">Requiere para ello un un t\u00edtulo de instructor, que lejos estaba de su alcance. Toca entonces la puerta del SENA y de la mano de nuestro buen amigo, recientemente fallecido, HAROLD L\u00d3PEZ, instructor de conducci\u00f3n del SENA inicia ese recorrido de aprendizaje que lo titula como INSTRUCTOR DE CONDUCCI\u00d3N.<\/p>\n<p style=\"text-align: justify;\">Con el cart\u00f3n en mano decide abrir su academia de Conducci\u00f3n CHALLENGER en la ciudad de Pasto. Su primer alumno llega en medio de estos trabajos, don Horacio a\u00fan no ten\u00eda un veh\u00edculo propio que le permita arrancar en su iniciativa empresarial. No se amilana, se consigue unos pesos y adquiere un viejo campero Lada, en el cual da rienda suelta a su deseo de ense\u00f1ar conducci\u00f3n.<\/p>\n<p style=\"text-align: justify;\">Son treinta y un a\u00f1os de esfuerzo, trabajo y voluntad. Junto a su se\u00f1ora Fabiola construye un sue\u00f1o que les permite recorrer un largo camino de afecto y emprendimiento.<\/p>\n<p style=\"text-align: justify;\">Este viernes fuimos testigos de la gran admiraci\u00f3n y aprecio de sus familiares, funcionarios y alumnos. En un elegante restaurante de la ciudad le rinden tributo por ese coraje que ha sido testimonio de trabajo y entrega a sus convicciones.<\/p>\n<p style=\"text-align: justify;\">Felicitaciones a don Horacio, a su se\u00f1ora Fabiola, a sus instructores y todo su equipo de trabajo. Gracias por permitirnos ser testigos de un momento tan especial en la trayectoria personal, familiar y empresarial de Academia de Conducci\u00f3n CHALLENGER.<\/p>\n<p style=\"text-align: justify;\">En un bello y espontaneo gesto de dos de sus alumnas deciden brindarle un reconocimiento a su tesonera labor que les ha permitido a muchos nari\u00f1enses adquirir las habilidades b\u00e1sicas para conducir y generar trabajo y empresa en nuestra regi\u00f3n. Loable labor la de don Horacio Arciniegas que hoy rinde sus frutos y se posiciona como una de las m\u00e1s apreciadas empresas de nuestro Nari\u00f1o.<\/p>\n<p style=\"text-align: justify;\">Se debe destacar que hoy la Academia de Conduccion CHALLENGER es una de las m\u00e1s destacadas en el departamento de Nari\u00f1o, con amia trayectoria y Pionera en la ense\u00f1anza en modernos y seguros veh\u00edculos que ofrecen y son garant\u00eda de aprendizaje y confianza.<\/p>\n<p style=\"text-align: justify;\">Fuimos testigos del magn\u00edfico testimonio de una alumna que manifestaba inquietante nerviosismo y durante sus 55 a\u00f1os de vida se hab\u00eda negado la posibilidad de aprender a conducir, limit\u00e1ndose en muchos aspectos de su vida y sus compromisos laborales: &#8220;Encontr\u00e9 en CHALLENGER total disposici\u00f3n, instructores, sumamente preparados y un trato personalizado&#8221;. Hoy es una feliz conductora y fue la gestora de este acto de gratitud y reconocimiento a don HORACIO ARCINIEGAS, la Academia CHALLENGER y a todo su equipo de trabajadores.<\/p>\n<p style=\"text-align: justify;\">Por ser pionera son muchas las historias que tiene por contar. Pasto era una ciudad peque\u00f1a, no eran muchos los veh\u00edculos y los interesados no eran en un n\u00famero que permita asumir muchos gastos operativos. A\u00fan as\u00ed, pudo m\u00e1s un sue\u00f1o y se mantuvo en permanente operaci\u00f3n. Con los a\u00f1os crecieron, integraron grandes equipos de trabajo, se fortalecieron y se proyectaron a Combia, e tera. Muchos de sus alumnos vienen desde diferentes municipios y de otras regiones de Colombia.<\/p>\n<p style=\"text-align: justify;\">Don Horacio Arciniegas es un hombre exitoso, emprendedor, sencillo y verdadero amigo. Deportista, practicante de la nataci\u00f3n, gran amigo, buen lector y excelente persona. No en vano se inici\u00f3 laboralmente como promotor de ventas de libros de una importante editorial, obteniendo siempre los primeros lugares en ventas.<\/p>\n<p style=\"text-align: justify;\">En Pasto son muchos los conductores que hicieron sus pininos en esta destacada academia que con el paso de los d\u00eda se consolida y fortalece . En di\u00e1logo directo con sus instructores comprobamos su integridad, profesionalismo y entrega a su labor. Se constituyen en una carta de garant\u00eda para quienes deseen emprender su aprendizaje en conducci\u00f3n. Su preparaci\u00f3n les permite abordar la ense\u00f1anza de un veh\u00edculo peque\u00f1o hasta un cami\u00f3n de grandes toneladas.<\/p>\n<p style=\"text-align: justify;\">Don Horacio y CHALLENGER se constituyen en un verdadero patrimonio de nuestra regi\u00f3n. Una vez m\u00e1s felicitaciones por su destacada y efectiva labor.<\/p>\n","protected":false},"excerpt":{"rendered":"<p>&#8211; Un emotivo agradecimiento a su labor tesonera y empresarial- Don Horacio Arciniegas Pazos , es un ipiale\u00f1o de pura cepa. Incansable trabajador, constante en sus objetivos y hombre de empresa, que no desfallece ante las peores adversidades de la vida. Hace treinta y un a\u00f1os decide, por una invitaci\u00f3n de su cu\u00f1ado, iniciar en [&hellip;]<\/p>\n","protected":false},"author":46,"featured_media":55694,"comment_status":"open","ping_status":"open","sticky":false,"template":"","format":"standard","meta":{"footnotes":""},"categories":[13],"tags":[],"class_list":["post-55693","post","type-post","status-publish","format-standard","has-post-thumbnail","hentry","category-economia"],"yoast_head":"<!-- This site is optimized with the Yoast SEO plugin v27.1.1 - https:\/\/yoast.com\/product\/yoast-seo-wordpress\/ -->\n<title>Don Horacio Arciniegas y su academia de conducci\u00f3n Challenger. | P\u00e1gina10<\/title>\n<meta name=\"robots\" content=\"index, follow, max-snippet:-1, max-image-preview:large, max-video-preview:-1\" \/>\n<link rel=\"canonical\" href=\"https:\/\/pagina10.com\/web\/don-horacio-arciniegas-y-su-academia-de-conduccion-challenger\/\" \/>\n<meta property=\"og:locale\" content=\"es_ES\" \/>\n<meta property=\"og:type\" content=\"article\" \/>\n<meta property=\"og:title\" content=\"Don Horacio Arciniegas y su academia de conducci\u00f3n Challenger. | P\u00e1gina10\" \/>\n<meta property=\"og:description\" content=\"&#8211; Un emotivo agradecimiento a su labor tesonera y empresarial- Don Horacio Arciniegas Pazos , es un ipiale\u00f1o de pura cepa. Incansable trabajador, constante en sus objetivos y hombre de empresa, que no desfallece ante las peores adversidades de la vida. Hace treinta y un a\u00f1os decide, por una invitaci\u00f3n de su cu\u00f1ado, iniciar en [&hellip;]\" \/>\n<meta property=\"og:url\" content=\"https:\/\/pagina10.com\/web\/don-horacio-arciniegas-y-su-academia-de-conduccion-challenger\/\" \/>\n<meta property=\"og:site_name\" content=\"P\u00e1gina10\" \/>\n<meta property=\"article:publisher\" content=\"https:\/\/www.facebook.com\/pag10com\" \/>\n<meta property=\"article:published_time\" content=\"2021-09-18T13:56:24+00:00\" \/>\n<meta property=\"og:image\" content=\"https:\/\/pagina10.com\/web\/wp-content\/uploads\/2021\/09\/WhatsApp-Image-2021-09-18-at-6.56.04-AM.jpeg\" \/>\n\t<meta property=\"og:image:width\" content=\"1599\" \/>\n\t<meta property=\"og:image:height\" content=\"1200\" \/>\n\t<meta property=\"og:image:type\" content=\"image\/jpeg\" \/>\n<meta name=\"author\" content=\"Pablo Emilio Obando Acosta\" \/>\n<meta name=\"twitter:card\" content=\"summary_large_image\" \/>\n<meta name=\"twitter:creator\" content=\"@Pag10com\" \/>\n<meta name=\"twitter:site\" content=\"@Pag10com\" \/>\n<meta name=\"twitter:label1\" content=\"Escrito por\" \/>\n\t<meta name=\"twitter:data1\" content=\"Pablo Emilio Obando Acosta\" \/>\n\t<meta name=\"twitter:label2\" content=\"Tiempo de lectura\" \/>\n\t<meta name=\"twitter:data2\" content=\"4 minutos\" \/>\n<script type=\"application\/ld+json\" class=\"yoast-schema-graph\">{\"@context\":\"https:\/\/schema.org\",\"@graph\":[{\"@type\":\"Article\",\"@id\":\"https:\/\/pagina10.com\/web\/don-horacio-arciniegas-y-su-academia-de-conduccion-challenger\/#article\",\"isPartOf\":{\"@id\":\"https:\/\/pagina10.com\/web\/don-horacio-arciniegas-y-su-academia-de-conduccion-challenger\/\"},\"author\":{\"name\":\"Pablo Emilio Obando Acosta\",\"@id\":\"https:\/\/pagina10.com\/web\/#\/schema\/person\/3d3687c9f037834284853a963ee45123\"},\"headline\":\"Don Horacio Arciniegas y su academia de conducci\u00f3n Challenger.\",\"datePublished\":\"2021-09-18T13:56:24+00:00\",\"mainEntityOfPage\":{\"@id\":\"https:\/\/pagina10.com\/web\/don-horacio-arciniegas-y-su-academia-de-conduccion-challenger\/\"},\"wordCount\":766,\"commentCount\":0,\"publisher\":{\"@id\":\"https:\/\/pagina10.com\/web\/#organization\"},\"image\":{\"@id\":\"https:\/\/pagina10.com\/web\/don-horacio-arciniegas-y-su-academia-de-conduccion-challenger\/#primaryimage\"},\"thumbnailUrl\":\"https:\/\/pagina10.com\/web\/wp-content\/uploads\/2021\/09\/WhatsApp-Image-2021-09-18-at-6.56.04-AM.jpeg\",\"articleSection\":[\"Econom\u00eda\"],\"inLanguage\":\"es\",\"potentialAction\":[{\"@type\":\"CommentAction\",\"name\":\"Comment\",\"target\":[\"https:\/\/pagina10.com\/web\/don-horacio-arciniegas-y-su-academia-de-conduccion-challenger\/#respond\"]}]},{\"@type\":\"WebPage\",\"@id\":\"https:\/\/pagina10.com\/web\/don-horacio-arciniegas-y-su-academia-de-conduccion-challenger\/\",\"url\":\"https:\/\/pagina10.com\/web\/don-horacio-arciniegas-y-su-academia-de-conduccion-challenger\/\",\"name\":\"Don Horacio Arciniegas y su academia de conducci\u00f3n Challenger. | P\u00e1gina10\",\"isPartOf\":{\"@id\":\"https:\/\/pagina10.com\/web\/#website\"},\"primaryImageOfPage\":{\"@id\":\"https:\/\/pagina10.com\/web\/don-horacio-arciniegas-y-su-academia-de-conduccion-challenger\/#primaryimage\"},\"image\":{\"@id\":\"https:\/\/pagina10.com\/web\/don-horacio-arciniegas-y-su-academia-de-conduccion-challenger\/#primaryimage\"},\"thumbnailUrl\":\"https:\/\/pagina10.com\/web\/wp-content\/uploads\/2021\/09\/WhatsApp-Image-2021-09-18-at-6.56.04-AM.jpeg\",\"datePublished\":\"2021-09-18T13:56:24+00:00\",\"breadcrumb\":{\"@id\":\"https:\/\/pagina10.com\/web\/don-horacio-arciniegas-y-su-academia-de-conduccion-challenger\/#breadcrumb\"},\"inLanguage\":\"es\",\"potentialAction\":[{\"@type\":\"ReadAction\",\"target\":[\"https:\/\/pagina10.com\/web\/don-horacio-arciniegas-y-su-academia-de-conduccion-challenger\/\"]}]},{\"@type\":\"ImageObject\",\"inLanguage\":\"es\",\"@id\":\"https:\/\/pagina10.com\/web\/don-horacio-arciniegas-y-su-academia-de-conduccion-challenger\/#primaryimage\",\"url\":\"https:\/\/pagina10.com\/web\/wp-content\/uploads\/2021\/09\/WhatsApp-Image-2021-09-18-at-6.56.04-AM.jpeg\",\"contentUrl\":\"https:\/\/pagina10.com\/web\/wp-content\/uploads\/2021\/09\/WhatsApp-Image-2021-09-18-at-6.56.04-AM.jpeg\",\"width\":1599,\"height\":1200},{\"@type\":\"BreadcrumbList\",\"@id\":\"https:\/\/pagina10.com\/web\/don-horacio-arciniegas-y-su-academia-de-conduccion-challenger\/#breadcrumb\",\"itemListElement\":[{\"@type\":\"ListItem\",\"position\":1,\"name\":\"Portada\",\"item\":\"https:\/\/pagina10.com\/web\/\"},{\"@type\":\"ListItem\",\"position\":2,\"name\":\"Don Horacio Arciniegas y su academia de conducci\u00f3n Challenger.\"}]},{\"@type\":\"WebSite\",\"@id\":\"https:\/\/pagina10.com\/web\/#website\",\"url\":\"https:\/\/pagina10.com\/web\/\",\"name\":\"P\u00e1gina10\",\"description\":\"Peri\u00f3dico Regional\",\"publisher\":{\"@id\":\"https:\/\/pagina10.com\/web\/#organization\"},\"alternateName\":\"P\u00e1gina10 Peri\u00f3dico Regional\",\"potentialAction\":[{\"@type\":\"SearchAction\",\"target\":{\"@type\":\"EntryPoint\",\"urlTemplate\":\"https:\/\/pagina10.com\/web\/?s={search_term_string}\"},\"query-input\":{\"@type\":\"PropertyValueSpecification\",\"valueRequired\":true,\"valueName\":\"search_term_string\"}}],\"inLanguage\":\"es\"},{\"@type\":\"Organization\",\"@id\":\"https:\/\/pagina10.com\/web\/#organization\",\"name\":\"P\u00e1gina10\",\"alternateName\":\"P\u00e1gina10 Peri\u00f3dico Regional\",\"url\":\"https:\/\/pagina10.com\/web\/\",\"logo\":{\"@type\":\"ImageObject\",\"inLanguage\":\"es\",\"@id\":\"https:\/\/pagina10.com\/web\/#\/schema\/logo\/image\/\",\"url\":\"https:\/\/pagina10.com\/web\/wp-content\/uploads\/2024\/01\/40-pagina-10-periodico-regional-pasto.jpg\",\"contentUrl\":\"https:\/\/pagina10.com\/web\/wp-content\/uploads\/2024\/01\/40-pagina-10-periodico-regional-pasto.jpg\",\"width\":1280,\"height\":720,\"caption\":\"P\u00e1gina10\"},\"image\":{\"@id\":\"https:\/\/pagina10.com\/web\/#\/schema\/logo\/image\/\"},\"sameAs\":[\"https:\/\/www.facebook.com\/pag10com\",\"https:\/\/x.com\/Pag10com\",\"https:\/\/www.instagram.com\/pagina10col\/\",\"https:\/\/youtube.com\/channel\/pag10\",\"https:\/\/www.tiktok.com\/@p10col\"]},{\"@type\":\"Person\",\"@id\":\"https:\/\/pagina10.com\/web\/#\/schema\/person\/3d3687c9f037834284853a963ee45123\",\"name\":\"Pablo Emilio Obando Acosta\",\"description\":\"PABLO EMILIO OBANDO ACOSTA Nace en el a\u00f1o de 1965. Bachiller acad\u00e9mico Modalidad Humanidades del INEM de Pasto. En 1989 culmina sus estudios universitarios en la Universidad de Nari\u00f1o obteniendo el t\u00edtulo de Licenciado en Ciencias Sociales \u2013 \u00e9nfasis Ciencias de la Educaci\u00f3n \u2013Jornada nocturna-. Especialista en Literatura latinoamericana y colaborador de importantes medios de comunicaci\u00f3n escritos de nuestra regi\u00f3n y del pa\u00eds: El Tiempo.com, Semana.com, Dinero, Diario Del Sur, El Espectador.com, entre otros, Sus escritos se conocen y han obtenido reconocimientos en Chile, Uruguay, Paraguay, Espa\u00f1a y Alemania. En el a\u00f1o 2000 obtiene el reconocimiento CORREO DEL SUR como el personaje c\u00edvico del a\u00f1o por su f\u00e9rrea defensa de la dignidad pastense al protestar con su documento \u201cUn pueblo ante la historia\u201d por el trato despectivo de algunos medios de comunicaci\u00f3n. Las reacciones no se hacen esperar en peri\u00f3dicos de circulaci\u00f3n regional y nacional como El Tiempo, El Espectador y El Pa\u00eds. Ha obtenido m\u00faltiples medallas y condecoraciones por su labor period\u00edstica y cultural: Medalla al merito Guillermo Edmundo Ch\u00e1vez \u2013 mejor escritor del departamento de Nari\u00f1o 2005 \u2013 Fundaci\u00f3n Gabriel Garc\u00eda M\u00e1rquez. Mejor Columnista del departamento de Nari\u00f1o \u2013 a\u00f1os 1991 \u2013 1993 \u2013 1996 \u2013 2001 \u2013 2006 Fundaci\u00f3n Cultural Correo del Sur. Personaje C\u00edvico del Departamento de Nari\u00f1o a\u00f1o 2000. Medalla \u00c1lvaro Javier Jurado Calvache a\u00f1o 2007 \u2013 Centro Educativo PROFESA \u2013 defensor poblaci\u00f3n vulnerable del municipio de Pasto. Mejor cuentista del departamento de Nari\u00f1o \u2013 a\u00f1os 1989 \u2013 2004 \u2013 2005. Cronista m\u00e1s destacado del departamento de Nari\u00f1o \u2013 a\u00f1o 2001. Finalista VI Concurso Internacional de Cuento \u2013 Prensa Nueva \u2013 a\u00f1o 1991. Primer puesto Concurso nacional de cuento \u2013 Contralor\u00eda general de la Rep\u00fablica \u2013 a\u00f1o 1992. Primer Lugar Concurso Municipal de Periodismo \u201cSilvio Le\u00f3n Espa\u00f1a\u201d \u2013 2009. . Reconocimiento Concejo municipal de Pasto, por su labor c\u00edvica y educativa. Sus obras y escritos se conocen en varios pa\u00edses de Latinoam\u00e9rica y de Colombia. Es autor de una docena de textos y m\u00e1s de un millar de columnas de opini\u00f3n que han generado pol\u00e9mica en el contexto nacional y latinoamericano: Testimonio de una insurrecci\u00f3n ciudadana \u2013 2011. El doctor Mierda. Un pueblo ante la historia. La filosof\u00eda de la gallina. Del amor por la Tierra... y otros textos. Diario de un maestro de escuela. Apuntes para una nueva historia Nuevos apuntes \u2013 Tomas Hidalgo Calvache. El problema de los cristianos. La utilidad del poeta. \u00bfTe acuerdas Mariana...? Corona F\u00fanebre \u2013 Tomas Hidalgo Calvache. En formato digital ha editado los siguientes t\u00edtulos: - La nueva filosof\u00eda de la gallina. - Tomas Hidalgo Calvache - Apuntes. - Educar con valor. Figura en varias antolog\u00edas de autores nari\u00f1enses y en una latinoamericana. Sobre \u00e9l han escrito elogiosamente intelectuales de la talla de Otto Morales Ben\u00edtez, Edgar Bastidas Urresty, Juan Augusto Ortiz cabrera, Carlos Santamar\u00eda, Javier Rodrizales, Miguel Garz\u00f3n Arteaga, Fausto Molina, Jorge Arturo Bravo y otros tantos que ser\u00eda dif\u00edcil nombrar en esta peque\u00f1a cr\u00f3nica sobre Pablo Emilio Obando Acosta.\",\"url\":\"https:\/\/pagina10.com\/web\/author\/pobando\/\"}]}<\/script>\n<!-- \/ Yoast SEO plugin. -->","yoast_head_json":{"title":"Don Horacio Arciniegas y su academia de conducci\u00f3n Challenger. | P\u00e1gina10","robots":{"index":"index","follow":"follow","max-snippet":"max-snippet:-1","max-image-preview":"max-image-preview:large","max-video-preview":"max-video-preview:-1"},"canonical":"https:\/\/pagina10.com\/web\/don-horacio-arciniegas-y-su-academia-de-conduccion-challenger\/","og_locale":"es_ES","og_type":"article","og_title":"Don Horacio Arciniegas y su academia de conducci\u00f3n Challenger. | P\u00e1gina10","og_description":"&#8211; Un emotivo agradecimiento a su labor tesonera y empresarial- Don Horacio Arciniegas Pazos , es un ipiale\u00f1o de pura cepa. Incansable trabajador, constante en sus objetivos y hombre de empresa, que no desfallece ante las peores adversidades de la vida. Hace treinta y un a\u00f1os decide, por una invitaci\u00f3n de su cu\u00f1ado, iniciar en [&hellip;]","og_url":"https:\/\/pagina10.com\/web\/don-horacio-arciniegas-y-su-academia-de-conduccion-challenger\/","og_site_name":"P\u00e1gina10","article_publisher":"https:\/\/www.facebook.com\/pag10com","article_published_time":"2021-09-18T13:56:24+00:00","og_image":[{"width":1599,"height":1200,"url":"https:\/\/pagina10.com\/web\/wp-content\/uploads\/2021\/09\/WhatsApp-Image-2021-09-18-at-6.56.04-AM.jpeg","type":"image\/jpeg"}],"author":"Pablo Emilio Obando Acosta","twitter_card":"summary_large_image","twitter_creator":"@Pag10com","twitter_site":"@Pag10com","twitter_misc":{"Escrito por":"Pablo Emilio Obando Acosta","Tiempo de lectura":"4 minutos"},"schema":{"@context":"https:\/\/schema.org","@graph":[{"@type":"Article","@id":"https:\/\/pagina10.com\/web\/don-horacio-arciniegas-y-su-academia-de-conduccion-challenger\/#article","isPartOf":{"@id":"https:\/\/pagina10.com\/web\/don-horacio-arciniegas-y-su-academia-de-conduccion-challenger\/"},"author":{"name":"Pablo Emilio Obando Acosta","@id":"https:\/\/pagina10.com\/web\/#\/schema\/person\/3d3687c9f037834284853a963ee45123"},"headline":"Don Horacio Arciniegas y su academia de conducci\u00f3n Challenger.","datePublished":"2021-09-18T13:56:24+00:00","mainEntityOfPage":{"@id":"https:\/\/pagina10.com\/web\/don-horacio-arciniegas-y-su-academia-de-conduccion-challenger\/"},"wordCount":766,"commentCount":0,"publisher":{"@id":"https:\/\/pagina10.com\/web\/#organization"},"image":{"@id":"https:\/\/pagina10.com\/web\/don-horacio-arciniegas-y-su-academia-de-conduccion-challenger\/#primaryimage"},"thumbnailUrl":"https:\/\/pagina10.com\/web\/wp-content\/uploads\/2021\/09\/WhatsApp-Image-2021-09-18-at-6.56.04-AM.jpeg","articleSection":["Econom\u00eda"],"inLanguage":"es","potentialAction":[{"@type":"CommentAction","name":"Comment","target":["https:\/\/pagina10.com\/web\/don-horacio-arciniegas-y-su-academia-de-conduccion-challenger\/#respond"]}]},{"@type":"WebPage","@id":"https:\/\/pagina10.com\/web\/don-horacio-arciniegas-y-su-academia-de-conduccion-challenger\/","url":"https:\/\/pagina10.com\/web\/don-horacio-arciniegas-y-su-academia-de-conduccion-challenger\/","name":"Don Horacio Arciniegas y su academia de conducci\u00f3n Challenger. | P\u00e1gina10","isPartOf":{"@id":"https:\/\/pagina10.com\/web\/#website"},"primaryImageOfPage":{"@id":"https:\/\/pagina10.com\/web\/don-horacio-arciniegas-y-su-academia-de-conduccion-challenger\/#primaryimage"},"image":{"@id":"https:\/\/pagina10.com\/web\/don-horacio-arciniegas-y-su-academia-de-conduccion-challenger\/#primaryimage"},"thumbnailUrl":"https:\/\/pagina10.com\/web\/wp-content\/uploads\/2021\/09\/WhatsApp-Image-2021-09-18-at-6.56.04-AM.jpeg","datePublished":"2021-09-18T13:56:24+00:00","breadcrumb":{"@id":"https:\/\/pagina10.com\/web\/don-horacio-arciniegas-y-su-academia-de-conduccion-challenger\/#breadcrumb"},"inLanguage":"es","potentialAction":[{"@type":"ReadAction","target":["https:\/\/pagina10.com\/web\/don-horacio-arciniegas-y-su-academia-de-conduccion-challenger\/"]}]},{"@type":"ImageObject","inLanguage":"es","@id":"https:\/\/pagina10.com\/web\/don-horacio-arciniegas-y-su-academia-de-conduccion-challenger\/#primaryimage","url":"https:\/\/pagina10.com\/web\/wp-content\/uploads\/2021\/09\/WhatsApp-Image-2021-09-18-at-6.56.04-AM.jpeg","contentUrl":"https:\/\/pagina10.com\/web\/wp-content\/uploads\/2021\/09\/WhatsApp-Image-2021-09-18-at-6.56.04-AM.jpeg","width":1599,"height":1200},{"@type":"BreadcrumbList","@id":"https:\/\/pagina10.com\/web\/don-horacio-arciniegas-y-su-academia-de-conduccion-challenger\/#breadcrumb","itemListElement":[{"@type":"ListItem","position":1,"name":"Portada","item":"https:\/\/pagina10.com\/web\/"},{"@type":"ListItem","position":2,"name":"Don Horacio Arciniegas y su academia de conducci\u00f3n Challenger."}]},{"@type":"WebSite","@id":"https:\/\/pagina10.com\/web\/#website","url":"https:\/\/pagina10.com\/web\/","name":"P\u00e1gina10","description":"Peri\u00f3dico Regional","publisher":{"@id":"https:\/\/pagina10.com\/web\/#organization"},"alternateName":"P\u00e1gina10 Peri\u00f3dico Regional","potentialAction":[{"@type":"SearchAction","target":{"@type":"EntryPoint","urlTemplate":"https:\/\/pagina10.com\/web\/?s={search_term_string}"},"query-input":{"@type":"PropertyValueSpecification","valueRequired":true,"valueName":"search_term_string"}}],"inLanguage":"es"},{"@type":"Organization","@id":"https:\/\/pagina10.com\/web\/#organization","name":"P\u00e1gina10","alternateName":"P\u00e1gina10 Peri\u00f3dico Regional","url":"https:\/\/pagina10.com\/web\/","logo":{"@type":"ImageObject","inLanguage":"es","@id":"https:\/\/pagina10.com\/web\/#\/schema\/logo\/image\/","url":"https:\/\/pagina10.com\/web\/wp-content\/uploads\/2024\/01\/40-pagina-10-periodico-regional-pasto.jpg","contentUrl":"https:\/\/pagina10.com\/web\/wp-content\/uploads\/2024\/01\/40-pagina-10-periodico-regional-pasto.jpg","width":1280,"height":720,"caption":"P\u00e1gina10"},"image":{"@id":"https:\/\/pagina10.com\/web\/#\/schema\/logo\/image\/"},"sameAs":["https:\/\/www.facebook.com\/pag10com","https:\/\/x.com\/Pag10com","https:\/\/www.instagram.com\/pagina10col\/","https:\/\/youtube.com\/channel\/pag10","https:\/\/www.tiktok.com\/@p10col"]},{"@type":"Person","@id":"https:\/\/pagina10.com\/web\/#\/schema\/person\/3d3687c9f037834284853a963ee45123","name":"Pablo Emilio Obando Acosta","description":"PABLO EMILIO OBANDO ACOSTA Nace en el a\u00f1o de 1965. Bachiller acad\u00e9mico Modalidad Humanidades del INEM de Pasto. En 1989 culmina sus estudios universitarios en la Universidad de Nari\u00f1o obteniendo el t\u00edtulo de Licenciado en Ciencias Sociales \u2013 \u00e9nfasis Ciencias de la Educaci\u00f3n \u2013Jornada nocturna-. Especialista en Literatura latinoamericana y colaborador de importantes medios de comunicaci\u00f3n escritos de nuestra regi\u00f3n y del pa\u00eds: El Tiempo.com, Semana.com, Dinero, Diario Del Sur, El Espectador.com, entre otros, Sus escritos se conocen y han obtenido reconocimientos en Chile, Uruguay, Paraguay, Espa\u00f1a y Alemania. En el a\u00f1o 2000 obtiene el reconocimiento CORREO DEL SUR como el personaje c\u00edvico del a\u00f1o por su f\u00e9rrea defensa de la dignidad pastense al protestar con su documento \u201cUn pueblo ante la historia\u201d por el trato despectivo de algunos medios de comunicaci\u00f3n. Las reacciones no se hacen esperar en peri\u00f3dicos de circulaci\u00f3n regional y nacional como El Tiempo, El Espectador y El Pa\u00eds. Ha obtenido m\u00faltiples medallas y condecoraciones por su labor period\u00edstica y cultural: Medalla al merito Guillermo Edmundo Ch\u00e1vez \u2013 mejor escritor del departamento de Nari\u00f1o 2005 \u2013 Fundaci\u00f3n Gabriel Garc\u00eda M\u00e1rquez. Mejor Columnista del departamento de Nari\u00f1o \u2013 a\u00f1os 1991 \u2013 1993 \u2013 1996 \u2013 2001 \u2013 2006 Fundaci\u00f3n Cultural Correo del Sur. Personaje C\u00edvico del Departamento de Nari\u00f1o a\u00f1o 2000. Medalla \u00c1lvaro Javier Jurado Calvache a\u00f1o 2007 \u2013 Centro Educativo PROFESA \u2013 defensor poblaci\u00f3n vulnerable del municipio de Pasto. Mejor cuentista del departamento de Nari\u00f1o \u2013 a\u00f1os 1989 \u2013 2004 \u2013 2005. Cronista m\u00e1s destacado del departamento de Nari\u00f1o \u2013 a\u00f1o 2001. Finalista VI Concurso Internacional de Cuento \u2013 Prensa Nueva \u2013 a\u00f1o 1991. Primer puesto Concurso nacional de cuento \u2013 Contralor\u00eda general de la Rep\u00fablica \u2013 a\u00f1o 1992. Primer Lugar Concurso Municipal de Periodismo \u201cSilvio Le\u00f3n Espa\u00f1a\u201d \u2013 2009. . Reconocimiento Concejo municipal de Pasto, por su labor c\u00edvica y educativa. Sus obras y escritos se conocen en varios pa\u00edses de Latinoam\u00e9rica y de Colombia. Es autor de una docena de textos y m\u00e1s de un millar de columnas de opini\u00f3n que han generado pol\u00e9mica en el contexto nacional y latinoamericano: Testimonio de una insurrecci\u00f3n ciudadana \u2013 2011. El doctor Mierda. Un pueblo ante la historia. La filosof\u00eda de la gallina. Del amor por la Tierra... y otros textos. Diario de un maestro de escuela. Apuntes para una nueva historia Nuevos apuntes \u2013 Tomas Hidalgo Calvache. El problema de los cristianos. La utilidad del poeta. \u00bfTe acuerdas Mariana...? Corona F\u00fanebre \u2013 Tomas Hidalgo Calvache. En formato digital ha editado los siguientes t\u00edtulos: - La nueva filosof\u00eda de la gallina. - Tomas Hidalgo Calvache - Apuntes. - Educar con valor. Figura en varias antolog\u00edas de autores nari\u00f1enses y en una latinoamericana. Sobre \u00e9l han escrito elogiosamente intelectuales de la talla de Otto Morales Ben\u00edtez, Edgar Bastidas Urresty, Juan Augusto Ortiz cabrera, Carlos Santamar\u00eda, Javier Rodrizales, Miguel Garz\u00f3n Arteaga, Fausto Molina, Jorge Arturo Bravo y otros tantos que ser\u00eda dif\u00edcil nombrar en esta peque\u00f1a cr\u00f3nica sobre Pablo Emilio Obando Acosta.","url":"https:\/\/pagina10.com\/web\/author\/pobando\/"}]}},"_links":{"self":[{"href":"https:\/\/pagina10.com\/web\/wp-json\/wp\/v2\/posts\/55693","targetHints":{"allow":["GET"]}}],"collection":[{"href":"https:\/\/pagina10.com\/web\/wp-json\/wp\/v2\/posts"}],"about":[{"href":"https:\/\/pagina10.com\/web\/wp-json\/wp\/v2\/types\/post"}],"author":[{"embeddable":true,"href":"https:\/\/pagina10.com\/web\/wp-json\/wp\/v2\/users\/46"}],"replies":[{"embeddable":true,"href":"https:\/\/pagina10.com\/web\/wp-json\/wp\/v2\/comments?post=55693"}],"version-history":[{"count":1,"href":"https:\/\/pagina10.com\/web\/wp-json\/wp\/v2\/posts\/55693\/revisions"}],"predecessor-version":[{"id":55695,"href":"https:\/\/pagina10.com\/web\/wp-json\/wp\/v2\/posts\/55693\/revisions\/55695"}],"wp:featuredmedia":[{"embeddable":true,"href":"https:\/\/pagina10.com\/web\/wp-json\/wp\/v2\/media\/55694"}],"wp:attachment":[{"href":"https:\/\/pagina10.com\/web\/wp-json\/wp\/v2\/media?parent=55693"}],"wp:term":[{"taxonomy":"category","embeddable":true,"href":"https:\/\/pagina10.com\/web\/wp-json\/wp\/v2\/categories?post=55693"},{"taxonomy":"post_tag","embeddable":true,"href":"https:\/\/pagina10.com\/web\/wp-json\/wp\/v2\/tags?post=55693"}],"curies":[{"name":"wp","href":"https:\/\/api.w.org\/{rel}","templated":true}]}}