{"id":55711,"date":"2021-09-18T09:37:47","date_gmt":"2021-09-18T14:37:47","guid":{"rendered":"https:\/\/pagina10.com\/web\/?p=55711"},"modified":"2021-09-19T08:02:21","modified_gmt":"2021-09-19T13:02:21","slug":"la-plaza-mi-casa-campana-de-la-alcaldia-de-pasto-para-la-reactivacion-economica","status":"publish","type":"post","link":"https:\/\/pagina10.com\/web\/la-plaza-mi-casa-campana-de-la-alcaldia-de-pasto-para-la-reactivacion-economica\/","title":{"rendered":"\u00a1La plaza, mi casa! Campa\u00f1a de la alcald\u00eda de Pasto para la reactivaci\u00f3n econ\u00f3mica"},"content":{"rendered":"<p style=\"text-align: justify;\">La Alcald\u00eda de Pasto lanz\u00f3 la campa\u00f1a \u00a1La plaza, mi casa!, que busca reactivar econ\u00f3micamente a las centrales de abasto, al fortalecer con capacitaciones a los comerciantes para que se ofrezca una mejor atenci\u00f3n a los usuarios.<\/p>\n<p style=\"text-align: justify;\">La estrategia se present\u00f3 inicialmente en la plaza de mercado Los Dos Puentes, en un acto especial en el que se record\u00f3 la historia de la central de abastos y de las personas que llevan muchos a\u00f1os vinculadas a este oficio.<\/p>\n<p style=\"text-align: justify;\">\u201cAgradecemos por preocuparse por el bienestar de nosotros, saber que nos est\u00e1n arreglando la plaza y convirti\u00e9ndola en nuestra casa nos tiene muy contentos, gracias a la mesa de invitados por hacer esto, nosotros nos uniremos para seguir trabajando\u201d, fue el mensaje de la comerciante, Diana Maigual.<\/p>\n<p style=\"text-align: justify;\">A trav\u00e9s de diferentes actividades se busca generar un cambio de actitud entre los comerciantes de las plazas, en el cuidado de sus puestos, en la atenci\u00f3n a los usuarios y reconocer esos avances positivos para fomentar una nueva cultura en la central de abastos. \u201cEn cumplimiento de las metas del plan de desarrollo, realizamos esta campa\u00f1a para incentivar a los usuarios a cumplir con el reglamento interno y as\u00ed mejorar nuestra plaza\u201d, coment\u00f3 el director administrativo de Plazas de Mercado, Andr\u00e9s Molina.<\/p>\n<p style=\"text-align: justify;\">La estrategia se adelanta con apoyo de la Subsecretar\u00eda de Cultura Ciudadana, a cargo de Julio C\u00e9sar Ram\u00edrez, quien explic\u00f3 acciones como los murales y el concurso la Canasta Comunitaria, que premiar\u00e1 a los comerciantes que cumplan y se articulen de mejor manera con la iniciativa.<\/p>\n<p style=\"text-align: justify;\">El lanzamiento fue acompa\u00f1ado por el Secretario General, Orlando Ch\u00e1ves; la Secretaria de Cultura, Gisella Checa y la Directora de Planeaci\u00f3n de la C\u00e1mara de Comercio, Pilar Benavides.<\/p>\n","protected":false},"excerpt":{"rendered":"<p>La Alcald\u00eda de Pasto lanz\u00f3 la campa\u00f1a \u00a1La plaza, mi casa!, que busca reactivar econ\u00f3micamente a las centrales de abasto, al fortalecer con capacitaciones a los comerciantes para que se ofrezca una mejor atenci\u00f3n a los usuarios. La estrategia se present\u00f3 inicialmente en la plaza de mercado Los Dos Puentes, en un acto especial en [&hellip;]<\/p>\n","protected":false},"author":1,"featured_media":55712,"comment_status":"open","ping_status":"open","sticky":false,"template":"","format":"standard","meta":{"footnotes":""},"categories":[56],"tags":[],"class_list":["post-55711","post","type-post","status-publish","format-standard","has-post-thumbnail","hentry","category-local"],"yoast_head":"<!-- This site is optimized with the Yoast SEO plugin v27.1.1 - https:\/\/yoast.com\/product\/yoast-seo-wordpress\/ -->\n<title>\u00a1La plaza, mi casa! Campa\u00f1a de la alcald\u00eda de Pasto para la reactivaci\u00f3n econ\u00f3mica | P\u00e1gina10<\/title>\n<meta name=\"robots\" content=\"index, follow, max-snippet:-1, max-image-preview:large, max-video-preview:-1\" \/>\n<link rel=\"canonical\" href=\"https:\/\/pagina10.com\/web\/la-plaza-mi-casa-campana-de-la-alcaldia-de-pasto-para-la-reactivacion-economica\/\" \/>\n<meta property=\"og:locale\" content=\"es_ES\" \/>\n<meta property=\"og:type\" content=\"article\" \/>\n<meta property=\"og:title\" content=\"\u00a1La plaza, mi casa! Campa\u00f1a de la alcald\u00eda de Pasto para la reactivaci\u00f3n econ\u00f3mica | P\u00e1gina10\" \/>\n<meta property=\"og:description\" content=\"La Alcald\u00eda de Pasto lanz\u00f3 la campa\u00f1a \u00a1La plaza, mi casa!, que busca reactivar econ\u00f3micamente a las centrales de abasto, al fortalecer con capacitaciones a los comerciantes para que se ofrezca una mejor atenci\u00f3n a los usuarios. La estrategia se present\u00f3 inicialmente en la plaza de mercado Los Dos Puentes, en un acto especial en [&hellip;]\" \/>\n<meta property=\"og:url\" content=\"https:\/\/pagina10.com\/web\/la-plaza-mi-casa-campana-de-la-alcaldia-de-pasto-para-la-reactivacion-economica\/\" \/>\n<meta property=\"og:site_name\" content=\"P\u00e1gina10\" \/>\n<meta property=\"article:publisher\" content=\"https:\/\/www.facebook.com\/pag10com\" \/>\n<meta property=\"article:published_time\" content=\"2021-09-18T14:37:47+00:00\" \/>\n<meta property=\"article:modified_time\" content=\"2021-09-19T13:02:21+00:00\" \/>\n<meta property=\"og:image\" content=\"https:\/\/pagina10.com\/web\/wp-content\/uploads\/2021\/09\/WhatsApp-Image-2021-09-16-at-12.17.33-AM.jpeg\" \/>\n\t<meta property=\"og:image:width\" content=\"1189\" \/>\n\t<meta property=\"og:image:height\" content=\"638\" \/>\n\t<meta property=\"og:image:type\" content=\"image\/jpeg\" \/>\n<meta name=\"author\" content=\"P\u00e1gina 10\" \/>\n<meta name=\"twitter:card\" content=\"summary_large_image\" \/>\n<meta name=\"twitter:creator\" content=\"@Pag10com\" \/>\n<meta name=\"twitter:site\" content=\"@Pag10com\" \/>\n<meta name=\"twitter:label1\" content=\"Escrito por\" \/>\n\t<meta name=\"twitter:data1\" content=\"P\u00e1gina 10\" \/>\n\t<meta name=\"twitter:label2\" content=\"Tiempo de lectura\" \/>\n\t<meta name=\"twitter:data2\" content=\"2 minutos\" \/>\n<script type=\"application\/ld+json\" class=\"yoast-schema-graph\">{\"@context\":\"https:\/\/schema.org\",\"@graph\":[{\"@type\":\"Article\",\"@id\":\"https:\/\/pagina10.com\/web\/la-plaza-mi-casa-campana-de-la-alcaldia-de-pasto-para-la-reactivacion-economica\/#article\",\"isPartOf\":{\"@id\":\"https:\/\/pagina10.com\/web\/la-plaza-mi-casa-campana-de-la-alcaldia-de-pasto-para-la-reactivacion-economica\/\"},\"author\":{\"name\":\"P\u00e1gina 10\",\"@id\":\"https:\/\/pagina10.com\/web\/#\/schema\/person\/2efc4a090d25b667d3bc796798a3a81b\"},\"headline\":\"\u00a1La plaza, mi casa! Campa\u00f1a de la alcald\u00eda de Pasto para la reactivaci\u00f3n econ\u00f3mica\",\"datePublished\":\"2021-09-18T14:37:47+00:00\",\"dateModified\":\"2021-09-19T13:02:21+00:00\",\"mainEntityOfPage\":{\"@id\":\"https:\/\/pagina10.com\/web\/la-plaza-mi-casa-campana-de-la-alcaldia-de-pasto-para-la-reactivacion-economica\/\"},\"wordCount\":318,\"commentCount\":0,\"publisher\":{\"@id\":\"https:\/\/pagina10.com\/web\/#organization\"},\"image\":{\"@id\":\"https:\/\/pagina10.com\/web\/la-plaza-mi-casa-campana-de-la-alcaldia-de-pasto-para-la-reactivacion-economica\/#primaryimage\"},\"thumbnailUrl\":\"https:\/\/pagina10.com\/web\/wp-content\/uploads\/2021\/09\/WhatsApp-Image-2021-09-16-at-12.17.33-AM.jpeg\",\"articleSection\":[\"Local\"],\"inLanguage\":\"es\",\"potentialAction\":[{\"@type\":\"CommentAction\",\"name\":\"Comment\",\"target\":[\"https:\/\/pagina10.com\/web\/la-plaza-mi-casa-campana-de-la-alcaldia-de-pasto-para-la-reactivacion-economica\/#respond\"]}]},{\"@type\":\"WebPage\",\"@id\":\"https:\/\/pagina10.com\/web\/la-plaza-mi-casa-campana-de-la-alcaldia-de-pasto-para-la-reactivacion-economica\/\",\"url\":\"https:\/\/pagina10.com\/web\/la-plaza-mi-casa-campana-de-la-alcaldia-de-pasto-para-la-reactivacion-economica\/\",\"name\":\"\u00a1La plaza, mi casa! Campa\u00f1a de la alcald\u00eda de Pasto para la reactivaci\u00f3n econ\u00f3mica | P\u00e1gina10\",\"isPartOf\":{\"@id\":\"https:\/\/pagina10.com\/web\/#website\"},\"primaryImageOfPage\":{\"@id\":\"https:\/\/pagina10.com\/web\/la-plaza-mi-casa-campana-de-la-alcaldia-de-pasto-para-la-reactivacion-economica\/#primaryimage\"},\"image\":{\"@id\":\"https:\/\/pagina10.com\/web\/la-plaza-mi-casa-campana-de-la-alcaldia-de-pasto-para-la-reactivacion-economica\/#primaryimage\"},\"thumbnailUrl\":\"https:\/\/pagina10.com\/web\/wp-content\/uploads\/2021\/09\/WhatsApp-Image-2021-09-16-at-12.17.33-AM.jpeg\",\"datePublished\":\"2021-09-18T14:37:47+00:00\",\"dateModified\":\"2021-09-19T13:02:21+00:00\",\"breadcrumb\":{\"@id\":\"https:\/\/pagina10.com\/web\/la-plaza-mi-casa-campana-de-la-alcaldia-de-pasto-para-la-reactivacion-economica\/#breadcrumb\"},\"inLanguage\":\"es\",\"potentialAction\":[{\"@type\":\"ReadAction\",\"target\":[\"https:\/\/pagina10.com\/web\/la-plaza-mi-casa-campana-de-la-alcaldia-de-pasto-para-la-reactivacion-economica\/\"]}]},{\"@type\":\"ImageObject\",\"inLanguage\":\"es\",\"@id\":\"https:\/\/pagina10.com\/web\/la-plaza-mi-casa-campana-de-la-alcaldia-de-pasto-para-la-reactivacion-economica\/#primaryimage\",\"url\":\"https:\/\/pagina10.com\/web\/wp-content\/uploads\/2021\/09\/WhatsApp-Image-2021-09-16-at-12.17.33-AM.jpeg\",\"contentUrl\":\"https:\/\/pagina10.com\/web\/wp-content\/uploads\/2021\/09\/WhatsApp-Image-2021-09-16-at-12.17.33-AM.jpeg\",\"width\":1189,\"height\":638},{\"@type\":\"BreadcrumbList\",\"@id\":\"https:\/\/pagina10.com\/web\/la-plaza-mi-casa-campana-de-la-alcaldia-de-pasto-para-la-reactivacion-economica\/#breadcrumb\",\"itemListElement\":[{\"@type\":\"ListItem\",\"position\":1,\"name\":\"Portada\",\"item\":\"https:\/\/pagina10.com\/web\/\"},{\"@type\":\"ListItem\",\"position\":2,\"name\":\"\u00a1La plaza, mi casa! Campa\u00f1a de la alcald\u00eda de Pasto para la reactivaci\u00f3n econ\u00f3mica\"}]},{\"@type\":\"WebSite\",\"@id\":\"https:\/\/pagina10.com\/web\/#website\",\"url\":\"https:\/\/pagina10.com\/web\/\",\"name\":\"P\u00e1gina10\",\"description\":\"Peri\u00f3dico Regional\",\"publisher\":{\"@id\":\"https:\/\/pagina10.com\/web\/#organization\"},\"alternateName\":\"P\u00e1gina10 Peri\u00f3dico Regional\",\"potentialAction\":[{\"@type\":\"SearchAction\",\"target\":{\"@type\":\"EntryPoint\",\"urlTemplate\":\"https:\/\/pagina10.com\/web\/?s={search_term_string}\"},\"query-input\":{\"@type\":\"PropertyValueSpecification\",\"valueRequired\":true,\"valueName\":\"search_term_string\"}}],\"inLanguage\":\"es\"},{\"@type\":\"Organization\",\"@id\":\"https:\/\/pagina10.com\/web\/#organization\",\"name\":\"P\u00e1gina10\",\"alternateName\":\"P\u00e1gina10 Peri\u00f3dico Regional\",\"url\":\"https:\/\/pagina10.com\/web\/\",\"logo\":{\"@type\":\"ImageObject\",\"inLanguage\":\"es\",\"@id\":\"https:\/\/pagina10.com\/web\/#\/schema\/logo\/image\/\",\"url\":\"https:\/\/pagina10.com\/web\/wp-content\/uploads\/2024\/01\/40-pagina-10-periodico-regional-pasto.jpg\",\"contentUrl\":\"https:\/\/pagina10.com\/web\/wp-content\/uploads\/2024\/01\/40-pagina-10-periodico-regional-pasto.jpg\",\"width\":1280,\"height\":720,\"caption\":\"P\u00e1gina10\"},\"image\":{\"@id\":\"https:\/\/pagina10.com\/web\/#\/schema\/logo\/image\/\"},\"sameAs\":[\"https:\/\/www.facebook.com\/pag10com\",\"https:\/\/x.com\/Pag10com\",\"https:\/\/www.instagram.com\/pagina10col\/\",\"https:\/\/youtube.com\/channel\/pag10\",\"https:\/\/www.tiktok.com\/@p10col\"]},{\"@type\":\"Person\",\"@id\":\"https:\/\/pagina10.com\/web\/#\/schema\/person\/2efc4a090d25b667d3bc796798a3a81b\",\"name\":\"P\u00e1gina 10\",\"description\":\"P\u00e1gina 10 es un peri\u00f3dico regional que nace en Colombia, en el departamento de Nari\u00f1o, con un enfoque global, fundamentado en cuatro pilares esenciales: la libertad, el pluralismo, la inclusi\u00f3n y la independencia. P\u00e1gina 10 hace referencia a Nari\u00f1o como el d\u00e9cimo departamento creado en Colombia, despu\u00e9s de un proceso pol\u00edtico liderado por actores y actrices regionales con el fin de obtener la independencia y autonom\u00eda de nuestros territorios. Con la creaci\u00f3n de P\u00e1gina 10 se pretende abrir un escenario para el dialogo, la reflexi\u00f3n y el debate que se extienda a otras geograf\u00edas de Am\u00e9rica Latina y del planeta, en una apuesta por transformar colectivamente los desaf\u00edos de un mundo contempor\u00e1neo, m\u00e1s all\u00e1 de las fronteras impuestas.\",\"url\":\"https:\/\/pagina10.com\/web\/author\/pdiezadmin\/\"}]}<\/script>\n<!-- \/ Yoast SEO plugin. -->","yoast_head_json":{"title":"\u00a1La plaza, mi casa! Campa\u00f1a de la alcald\u00eda de Pasto para la reactivaci\u00f3n econ\u00f3mica | P\u00e1gina10","robots":{"index":"index","follow":"follow","max-snippet":"max-snippet:-1","max-image-preview":"max-image-preview:large","max-video-preview":"max-video-preview:-1"},"canonical":"https:\/\/pagina10.com\/web\/la-plaza-mi-casa-campana-de-la-alcaldia-de-pasto-para-la-reactivacion-economica\/","og_locale":"es_ES","og_type":"article","og_title":"\u00a1La plaza, mi casa! Campa\u00f1a de la alcald\u00eda de Pasto para la reactivaci\u00f3n econ\u00f3mica | P\u00e1gina10","og_description":"La Alcald\u00eda de Pasto lanz\u00f3 la campa\u00f1a \u00a1La plaza, mi casa!, que busca reactivar econ\u00f3micamente a las centrales de abasto, al fortalecer con capacitaciones a los comerciantes para que se ofrezca una mejor atenci\u00f3n a los usuarios. La estrategia se present\u00f3 inicialmente en la plaza de mercado Los Dos Puentes, en un acto especial en [&hellip;]","og_url":"https:\/\/pagina10.com\/web\/la-plaza-mi-casa-campana-de-la-alcaldia-de-pasto-para-la-reactivacion-economica\/","og_site_name":"P\u00e1gina10","article_publisher":"https:\/\/www.facebook.com\/pag10com","article_published_time":"2021-09-18T14:37:47+00:00","article_modified_time":"2021-09-19T13:02:21+00:00","og_image":[{"width":1189,"height":638,"url":"https:\/\/pagina10.com\/web\/wp-content\/uploads\/2021\/09\/WhatsApp-Image-2021-09-16-at-12.17.33-AM.jpeg","type":"image\/jpeg"}],"author":"P\u00e1gina 10","twitter_card":"summary_large_image","twitter_creator":"@Pag10com","twitter_site":"@Pag10com","twitter_misc":{"Escrito por":"P\u00e1gina 10","Tiempo de lectura":"2 minutos"},"schema":{"@context":"https:\/\/schema.org","@graph":[{"@type":"Article","@id":"https:\/\/pagina10.com\/web\/la-plaza-mi-casa-campana-de-la-alcaldia-de-pasto-para-la-reactivacion-economica\/#article","isPartOf":{"@id":"https:\/\/pagina10.com\/web\/la-plaza-mi-casa-campana-de-la-alcaldia-de-pasto-para-la-reactivacion-economica\/"},"author":{"name":"P\u00e1gina 10","@id":"https:\/\/pagina10.com\/web\/#\/schema\/person\/2efc4a090d25b667d3bc796798a3a81b"},"headline":"\u00a1La plaza, mi casa! Campa\u00f1a de la alcald\u00eda de Pasto para la reactivaci\u00f3n econ\u00f3mica","datePublished":"2021-09-18T14:37:47+00:00","dateModified":"2021-09-19T13:02:21+00:00","mainEntityOfPage":{"@id":"https:\/\/pagina10.com\/web\/la-plaza-mi-casa-campana-de-la-alcaldia-de-pasto-para-la-reactivacion-economica\/"},"wordCount":318,"commentCount":0,"publisher":{"@id":"https:\/\/pagina10.com\/web\/#organization"},"image":{"@id":"https:\/\/pagina10.com\/web\/la-plaza-mi-casa-campana-de-la-alcaldia-de-pasto-para-la-reactivacion-economica\/#primaryimage"},"thumbnailUrl":"https:\/\/pagina10.com\/web\/wp-content\/uploads\/2021\/09\/WhatsApp-Image-2021-09-16-at-12.17.33-AM.jpeg","articleSection":["Local"],"inLanguage":"es","potentialAction":[{"@type":"CommentAction","name":"Comment","target":["https:\/\/pagina10.com\/web\/la-plaza-mi-casa-campana-de-la-alcaldia-de-pasto-para-la-reactivacion-economica\/#respond"]}]},{"@type":"WebPage","@id":"https:\/\/pagina10.com\/web\/la-plaza-mi-casa-campana-de-la-alcaldia-de-pasto-para-la-reactivacion-economica\/","url":"https:\/\/pagina10.com\/web\/la-plaza-mi-casa-campana-de-la-alcaldia-de-pasto-para-la-reactivacion-economica\/","name":"\u00a1La plaza, mi casa! Campa\u00f1a de la alcald\u00eda de Pasto para la reactivaci\u00f3n econ\u00f3mica | P\u00e1gina10","isPartOf":{"@id":"https:\/\/pagina10.com\/web\/#website"},"primaryImageOfPage":{"@id":"https:\/\/pagina10.com\/web\/la-plaza-mi-casa-campana-de-la-alcaldia-de-pasto-para-la-reactivacion-economica\/#primaryimage"},"image":{"@id":"https:\/\/pagina10.com\/web\/la-plaza-mi-casa-campana-de-la-alcaldia-de-pasto-para-la-reactivacion-economica\/#primaryimage"},"thumbnailUrl":"https:\/\/pagina10.com\/web\/wp-content\/uploads\/2021\/09\/WhatsApp-Image-2021-09-16-at-12.17.33-AM.jpeg","datePublished":"2021-09-18T14:37:47+00:00","dateModified":"2021-09-19T13:02:21+00:00","breadcrumb":{"@id":"https:\/\/pagina10.com\/web\/la-plaza-mi-casa-campana-de-la-alcaldia-de-pasto-para-la-reactivacion-economica\/#breadcrumb"},"inLanguage":"es","potentialAction":[{"@type":"ReadAction","target":["https:\/\/pagina10.com\/web\/la-plaza-mi-casa-campana-de-la-alcaldia-de-pasto-para-la-reactivacion-economica\/"]}]},{"@type":"ImageObject","inLanguage":"es","@id":"https:\/\/pagina10.com\/web\/la-plaza-mi-casa-campana-de-la-alcaldia-de-pasto-para-la-reactivacion-economica\/#primaryimage","url":"https:\/\/pagina10.com\/web\/wp-content\/uploads\/2021\/09\/WhatsApp-Image-2021-09-16-at-12.17.33-AM.jpeg","contentUrl":"https:\/\/pagina10.com\/web\/wp-content\/uploads\/2021\/09\/WhatsApp-Image-2021-09-16-at-12.17.33-AM.jpeg","width":1189,"height":638},{"@type":"BreadcrumbList","@id":"https:\/\/pagina10.com\/web\/la-plaza-mi-casa-campana-de-la-alcaldia-de-pasto-para-la-reactivacion-economica\/#breadcrumb","itemListElement":[{"@type":"ListItem","position":1,"name":"Portada","item":"https:\/\/pagina10.com\/web\/"},{"@type":"ListItem","position":2,"name":"\u00a1La plaza, mi casa! Campa\u00f1a de la alcald\u00eda de Pasto para la reactivaci\u00f3n econ\u00f3mica"}]},{"@type":"WebSite","@id":"https:\/\/pagina10.com\/web\/#website","url":"https:\/\/pagina10.com\/web\/","name":"P\u00e1gina10","description":"Peri\u00f3dico Regional","publisher":{"@id":"https:\/\/pagina10.com\/web\/#organization"},"alternateName":"P\u00e1gina10 Peri\u00f3dico Regional","potentialAction":[{"@type":"SearchAction","target":{"@type":"EntryPoint","urlTemplate":"https:\/\/pagina10.com\/web\/?s={search_term_string}"},"query-input":{"@type":"PropertyValueSpecification","valueRequired":true,"valueName":"search_term_string"}}],"inLanguage":"es"},{"@type":"Organization","@id":"https:\/\/pagina10.com\/web\/#organization","name":"P\u00e1gina10","alternateName":"P\u00e1gina10 Peri\u00f3dico Regional","url":"https:\/\/pagina10.com\/web\/","logo":{"@type":"ImageObject","inLanguage":"es","@id":"https:\/\/pagina10.com\/web\/#\/schema\/logo\/image\/","url":"https:\/\/pagina10.com\/web\/wp-content\/uploads\/2024\/01\/40-pagina-10-periodico-regional-pasto.jpg","contentUrl":"https:\/\/pagina10.com\/web\/wp-content\/uploads\/2024\/01\/40-pagina-10-periodico-regional-pasto.jpg","width":1280,"height":720,"caption":"P\u00e1gina10"},"image":{"@id":"https:\/\/pagina10.com\/web\/#\/schema\/logo\/image\/"},"sameAs":["https:\/\/www.facebook.com\/pag10com","https:\/\/x.com\/Pag10com","https:\/\/www.instagram.com\/pagina10col\/","https:\/\/youtube.com\/channel\/pag10","https:\/\/www.tiktok.com\/@p10col"]},{"@type":"Person","@id":"https:\/\/pagina10.com\/web\/#\/schema\/person\/2efc4a090d25b667d3bc796798a3a81b","name":"P\u00e1gina 10","description":"P\u00e1gina 10 es un peri\u00f3dico regional que nace en Colombia, en el departamento de Nari\u00f1o, con un enfoque global, fundamentado en cuatro pilares esenciales: la libertad, el pluralismo, la inclusi\u00f3n y la independencia. P\u00e1gina 10 hace referencia a Nari\u00f1o como el d\u00e9cimo departamento creado en Colombia, despu\u00e9s de un proceso pol\u00edtico liderado por actores y actrices regionales con el fin de obtener la independencia y autonom\u00eda de nuestros territorios. Con la creaci\u00f3n de P\u00e1gina 10 se pretende abrir un escenario para el dialogo, la reflexi\u00f3n y el debate que se extienda a otras geograf\u00edas de Am\u00e9rica Latina y del planeta, en una apuesta por transformar colectivamente los desaf\u00edos de un mundo contempor\u00e1neo, m\u00e1s all\u00e1 de las fronteras impuestas.","url":"https:\/\/pagina10.com\/web\/author\/pdiezadmin\/"}]}},"_links":{"self":[{"href":"https:\/\/pagina10.com\/web\/wp-json\/wp\/v2\/posts\/55711","targetHints":{"allow":["GET"]}}],"collection":[{"href":"https:\/\/pagina10.com\/web\/wp-json\/wp\/v2\/posts"}],"about":[{"href":"https:\/\/pagina10.com\/web\/wp-json\/wp\/v2\/types\/post"}],"author":[{"embeddable":true,"href":"https:\/\/pagina10.com\/web\/wp-json\/wp\/v2\/users\/1"}],"replies":[{"embeddable":true,"href":"https:\/\/pagina10.com\/web\/wp-json\/wp\/v2\/comments?post=55711"}],"version-history":[{"count":2,"href":"https:\/\/pagina10.com\/web\/wp-json\/wp\/v2\/posts\/55711\/revisions"}],"predecessor-version":[{"id":55728,"href":"https:\/\/pagina10.com\/web\/wp-json\/wp\/v2\/posts\/55711\/revisions\/55728"}],"wp:featuredmedia":[{"embeddable":true,"href":"https:\/\/pagina10.com\/web\/wp-json\/wp\/v2\/media\/55712"}],"wp:attachment":[{"href":"https:\/\/pagina10.com\/web\/wp-json\/wp\/v2\/media?parent=55711"}],"wp:term":[{"taxonomy":"category","embeddable":true,"href":"https:\/\/pagina10.com\/web\/wp-json\/wp\/v2\/categories?post=55711"},{"taxonomy":"post_tag","embeddable":true,"href":"https:\/\/pagina10.com\/web\/wp-json\/wp\/v2\/tags?post=55711"}],"curies":[{"name":"wp","href":"https:\/\/api.w.org\/{rel}","templated":true}]}}