{"id":55717,"date":"2021-09-18T10:12:45","date_gmt":"2021-09-18T15:12:45","guid":{"rendered":"https:\/\/pagina10.com\/web\/?p=55717"},"modified":"2021-09-18T10:12:45","modified_gmt":"2021-09-18T15:12:45","slug":"intimidaciones-y-amenazas-a-emisora-comunitaria-de-puerres-en-narino","status":"publish","type":"post","link":"https:\/\/pagina10.com\/web\/intimidaciones-y-amenazas-a-emisora-comunitaria-de-puerres-en-narino\/","title":{"rendered":"Intimidaciones y amenazas a emisora comunitaria de Puerres en Nari\u00f1o"},"content":{"rendered":"<div>\n<p style=\"text-align: justify;\">La Fundaci\u00f3n para la Libertad de Prensa (FLIP)\u00a0rechaza las intimidaciones y amenazas que ha recibido el periodista Andr\u00e9s Benavides, director de la emisora comunitaria Para\u00edso Stereo 96.3 FM.<\/p>\n<p style=\"text-align: justify;\">El pasado 1 de septiembre el periodista Andr\u00e9s Benavides fue interceptado en una carretera que conduce de Puerres a la v\u00eda Panamericana, en el departamento de Nari\u00f1o, por tres hombres que lo abordaron y le preguntaron si era director del medio. Cuando el periodista respondi\u00f3 que s\u00ed,\u00a0los hombres le advirtieron que lo mejor era que se retirara de la emisora si no quer\u00eda pagar las consecuencias.<\/p>\n<p style=\"text-align: justify;\">Despu\u00e9s, el 6 de septiembre el periodista recibi\u00f3 un mensaje amenazante proveniente de un n\u00famero desconocido.\u00a0El mensaje le exig\u00eda retirarse del medio y entregar los elementos f\u00edsicos con los que funciona la emisora.\u00a0El texto dec\u00eda: \u201clos sapos mueren por la boca y usted la tiene grande\u201d. Adem\u00e1s, la locutora del medio recibi\u00f3 un mensaje donde se le advert\u00eda que deb\u00eda reclamar su indemnizaci\u00f3n y retirarse del medio.<\/p>\n<p style=\"text-align: justify;\">El periodista publica noticias sobre la comunidad, como temas de cultura, salud y noticias sobre la administraci\u00f3n de Puerres. Adem\u00e1s, en 2017 denunci\u00f3 un caso de acoso sexual y pederastia por parte de un sacerdote de Puerres. Seg\u00fan el periodista, desde entonces han sido recurrentes las presiones para obligarlo a renunciar al medio.<\/p>\n<p style=\"text-align: justify;\">La FLIP rechaza enf\u00e1ticamente la coacci\u00f3n al periodista para que se aparte del medio y silencie su trabajo.\u00a0En el 2020, la FLIP registr\u00f3 tres amenazas a periodistas de medios comunitarios\u00a0en el departamento de Nari\u00f1o. Las emisoras comunitarias tienen el enorme reto de ejercer su labor informativa en medio de dif\u00edciles contextos de riesgo y condiciones econ\u00f3micas precarias.\u00a0Este tipo de acciones intimidatorias aumentan su vulnerabilidad y conducen a la autocensura.<\/p>\n<p style=\"text-align: justify;\">Seg\u00fan los datos de nuestra investigaci\u00f3n\u00a0<a href=\"https:\/\/flip.org.co\/cartografias-informacion\/content\/nari%C3%B1o-regi%C3%B3n-del-piedemonte-y-sur\">Cartograf\u00edas de la informaci\u00f3n<\/a>,\u00a0en Puerres el \u00fanico medio de comunicaci\u00f3n que opera es esta emisora comunitaria.\u00a0Por esta raz\u00f3n, es de especial preocupaci\u00f3n que se busque silenciar al \u00fanico medio informativo, as\u00ed la ciudadan\u00eda quedar\u00eda con un gran vac\u00edo informativo para conocer lo que sucede en su regi\u00f3n.<\/p>\n<p style=\"text-align: justify;\">La radio comunitaria es una manifestaci\u00f3n democr\u00e1tica, por lo que garantizar las condiciones de seguridad para su funcionamiento es esencial.\u00a0La Corte Constitucional ha destacado su importancias en la medida que\u00a0\u201ccumple un rol fundamental en el fortalecimiento de la democracia y la participaci\u00f3n en las peque\u00f1as comunidades\u00a0rurales o urbanas destinatarias, ya que contribuye a formar redes de solidaridad entre vecinos, permite la toma de decisiones informadas acerca de los asuntos locales, promueve el desarrollo social, la convivencia pac\u00edfica, la construcci\u00f3n de ciudadan\u00eda y de identidades culturales y sociales, y contribuye a mejorar la provisi\u00f3n de otros servicios y a mejorar la calidad de vida de la poblaci\u00f3n\u201d.<\/p>\n<p style=\"text-align: justify;\">La FLIP expresa su preocupaci\u00f3n por estos hechos y solicita a la Unidad Nacional de Protecci\u00f3n (UNP) que inicie la evaluaci\u00f3n de riesgo,\u00a0con enfoque diferencial, con el fin de implementar las medidas de seguridad necesarias para salvaguardar la vida e integridad del periodista Andr\u00e9s Benavides. Adem\u00e1s, la FLIP insta a la Fiscal\u00eda General de la Naci\u00f3n para que se investiguen y esclarezcan estos hechos, teniendo en cuenta que la\u00a0impunidad promueve la autocensura como mecanismo de autoprotecci\u00f3n.<\/p>\n<\/div>\n<div style=\"text-align: justify;\"><\/div>\n<div style=\"text-align: justify;\"><\/div>\n<div style=\"text-align: justify;\"><\/div>\n","protected":false},"excerpt":{"rendered":"<p>La Fundaci\u00f3n para la Libertad de Prensa (FLIP)\u00a0rechaza las intimidaciones y amenazas que ha recibido el periodista Andr\u00e9s Benavides, director de la emisora comunitaria Para\u00edso Stereo 96.3 FM. El pasado 1 de septiembre el periodista Andr\u00e9s Benavides fue interceptado en una carretera que conduce de Puerres a la v\u00eda Panamericana, en el departamento de Nari\u00f1o, [&hellip;]<\/p>\n","protected":false},"author":1,"featured_media":55718,"comment_status":"open","ping_status":"open","sticky":false,"template":"","format":"standard","meta":{"footnotes":""},"categories":[53],"tags":[],"class_list":["post-55717","post","type-post","status-publish","format-standard","has-post-thumbnail","hentry","category-regiones"],"yoast_head":"<!-- This site is optimized with the Yoast SEO plugin v27.1.1 - https:\/\/yoast.com\/product\/yoast-seo-wordpress\/ -->\n<title>Intimidaciones y amenazas a emisora comunitaria de Puerres en Nari\u00f1o | P\u00e1gina10<\/title>\n<meta name=\"robots\" content=\"index, follow, max-snippet:-1, max-image-preview:large, max-video-preview:-1\" \/>\n<link rel=\"canonical\" href=\"https:\/\/pagina10.com\/web\/intimidaciones-y-amenazas-a-emisora-comunitaria-de-puerres-en-narino\/\" \/>\n<meta property=\"og:locale\" content=\"es_ES\" \/>\n<meta property=\"og:type\" content=\"article\" \/>\n<meta property=\"og:title\" content=\"Intimidaciones y amenazas a emisora comunitaria de Puerres en Nari\u00f1o | P\u00e1gina10\" \/>\n<meta property=\"og:description\" content=\"La Fundaci\u00f3n para la Libertad de Prensa (FLIP)\u00a0rechaza las intimidaciones y amenazas que ha recibido el periodista Andr\u00e9s Benavides, director de la emisora comunitaria Para\u00edso Stereo 96.3 FM. El pasado 1 de septiembre el periodista Andr\u00e9s Benavides fue interceptado en una carretera que conduce de Puerres a la v\u00eda Panamericana, en el departamento de Nari\u00f1o, [&hellip;]\" \/>\n<meta property=\"og:url\" content=\"https:\/\/pagina10.com\/web\/intimidaciones-y-amenazas-a-emisora-comunitaria-de-puerres-en-narino\/\" \/>\n<meta property=\"og:site_name\" content=\"P\u00e1gina10\" \/>\n<meta property=\"article:publisher\" content=\"https:\/\/www.facebook.com\/pag10com\" \/>\n<meta property=\"article:published_time\" content=\"2021-09-18T15:12:45+00:00\" \/>\n<meta property=\"og:image\" content=\"https:\/\/pagina10.com\/web\/wp-content\/uploads\/2021\/09\/Captura-de-Pantalla-2021-09-18-a-las-10.12.08-a.-m..png\" \/>\n\t<meta property=\"og:image:width\" content=\"507\" \/>\n\t<meta property=\"og:image:height\" content=\"335\" \/>\n\t<meta property=\"og:image:type\" content=\"image\/png\" \/>\n<meta name=\"author\" content=\"P\u00e1gina 10\" \/>\n<meta name=\"twitter:card\" content=\"summary_large_image\" \/>\n<meta name=\"twitter:creator\" content=\"@Pag10com\" \/>\n<meta name=\"twitter:site\" content=\"@Pag10com\" \/>\n<meta name=\"twitter:label1\" content=\"Escrito por\" \/>\n\t<meta name=\"twitter:data1\" content=\"P\u00e1gina 10\" \/>\n\t<meta name=\"twitter:label2\" content=\"Tiempo de lectura\" \/>\n\t<meta name=\"twitter:data2\" content=\"3 minutos\" \/>\n<script type=\"application\/ld+json\" class=\"yoast-schema-graph\">{\"@context\":\"https:\/\/schema.org\",\"@graph\":[{\"@type\":\"Article\",\"@id\":\"https:\/\/pagina10.com\/web\/intimidaciones-y-amenazas-a-emisora-comunitaria-de-puerres-en-narino\/#article\",\"isPartOf\":{\"@id\":\"https:\/\/pagina10.com\/web\/intimidaciones-y-amenazas-a-emisora-comunitaria-de-puerres-en-narino\/\"},\"author\":{\"name\":\"P\u00e1gina 10\",\"@id\":\"https:\/\/pagina10.com\/web\/#\/schema\/person\/2efc4a090d25b667d3bc796798a3a81b\"},\"headline\":\"Intimidaciones y amenazas a emisora comunitaria de Puerres en Nari\u00f1o\",\"datePublished\":\"2021-09-18T15:12:45+00:00\",\"mainEntityOfPage\":{\"@id\":\"https:\/\/pagina10.com\/web\/intimidaciones-y-amenazas-a-emisora-comunitaria-de-puerres-en-narino\/\"},\"wordCount\":590,\"commentCount\":0,\"publisher\":{\"@id\":\"https:\/\/pagina10.com\/web\/#organization\"},\"image\":{\"@id\":\"https:\/\/pagina10.com\/web\/intimidaciones-y-amenazas-a-emisora-comunitaria-de-puerres-en-narino\/#primaryimage\"},\"thumbnailUrl\":\"https:\/\/pagina10.com\/web\/wp-content\/uploads\/2021\/09\/Captura-de-Pantalla-2021-09-18-a-las-10.12.08-a.-m..png\",\"articleSection\":[\"Regiones\"],\"inLanguage\":\"es\",\"potentialAction\":[{\"@type\":\"CommentAction\",\"name\":\"Comment\",\"target\":[\"https:\/\/pagina10.com\/web\/intimidaciones-y-amenazas-a-emisora-comunitaria-de-puerres-en-narino\/#respond\"]}]},{\"@type\":\"WebPage\",\"@id\":\"https:\/\/pagina10.com\/web\/intimidaciones-y-amenazas-a-emisora-comunitaria-de-puerres-en-narino\/\",\"url\":\"https:\/\/pagina10.com\/web\/intimidaciones-y-amenazas-a-emisora-comunitaria-de-puerres-en-narino\/\",\"name\":\"Intimidaciones y amenazas a emisora comunitaria de Puerres en Nari\u00f1o | P\u00e1gina10\",\"isPartOf\":{\"@id\":\"https:\/\/pagina10.com\/web\/#website\"},\"primaryImageOfPage\":{\"@id\":\"https:\/\/pagina10.com\/web\/intimidaciones-y-amenazas-a-emisora-comunitaria-de-puerres-en-narino\/#primaryimage\"},\"image\":{\"@id\":\"https:\/\/pagina10.com\/web\/intimidaciones-y-amenazas-a-emisora-comunitaria-de-puerres-en-narino\/#primaryimage\"},\"thumbnailUrl\":\"https:\/\/pagina10.com\/web\/wp-content\/uploads\/2021\/09\/Captura-de-Pantalla-2021-09-18-a-las-10.12.08-a.-m..png\",\"datePublished\":\"2021-09-18T15:12:45+00:00\",\"breadcrumb\":{\"@id\":\"https:\/\/pagina10.com\/web\/intimidaciones-y-amenazas-a-emisora-comunitaria-de-puerres-en-narino\/#breadcrumb\"},\"inLanguage\":\"es\",\"potentialAction\":[{\"@type\":\"ReadAction\",\"target\":[\"https:\/\/pagina10.com\/web\/intimidaciones-y-amenazas-a-emisora-comunitaria-de-puerres-en-narino\/\"]}]},{\"@type\":\"ImageObject\",\"inLanguage\":\"es\",\"@id\":\"https:\/\/pagina10.com\/web\/intimidaciones-y-amenazas-a-emisora-comunitaria-de-puerres-en-narino\/#primaryimage\",\"url\":\"https:\/\/pagina10.com\/web\/wp-content\/uploads\/2021\/09\/Captura-de-Pantalla-2021-09-18-a-las-10.12.08-a.-m..png\",\"contentUrl\":\"https:\/\/pagina10.com\/web\/wp-content\/uploads\/2021\/09\/Captura-de-Pantalla-2021-09-18-a-las-10.12.08-a.-m..png\",\"width\":507,\"height\":335},{\"@type\":\"BreadcrumbList\",\"@id\":\"https:\/\/pagina10.com\/web\/intimidaciones-y-amenazas-a-emisora-comunitaria-de-puerres-en-narino\/#breadcrumb\",\"itemListElement\":[{\"@type\":\"ListItem\",\"position\":1,\"name\":\"Portada\",\"item\":\"https:\/\/pagina10.com\/web\/\"},{\"@type\":\"ListItem\",\"position\":2,\"name\":\"Intimidaciones y amenazas a emisora comunitaria de Puerres en Nari\u00f1o\"}]},{\"@type\":\"WebSite\",\"@id\":\"https:\/\/pagina10.com\/web\/#website\",\"url\":\"https:\/\/pagina10.com\/web\/\",\"name\":\"P\u00e1gina10\",\"description\":\"Peri\u00f3dico Regional\",\"publisher\":{\"@id\":\"https:\/\/pagina10.com\/web\/#organization\"},\"alternateName\":\"P\u00e1gina10 Peri\u00f3dico Regional\",\"potentialAction\":[{\"@type\":\"SearchAction\",\"target\":{\"@type\":\"EntryPoint\",\"urlTemplate\":\"https:\/\/pagina10.com\/web\/?s={search_term_string}\"},\"query-input\":{\"@type\":\"PropertyValueSpecification\",\"valueRequired\":true,\"valueName\":\"search_term_string\"}}],\"inLanguage\":\"es\"},{\"@type\":\"Organization\",\"@id\":\"https:\/\/pagina10.com\/web\/#organization\",\"name\":\"P\u00e1gina10\",\"alternateName\":\"P\u00e1gina10 Peri\u00f3dico Regional\",\"url\":\"https:\/\/pagina10.com\/web\/\",\"logo\":{\"@type\":\"ImageObject\",\"inLanguage\":\"es\",\"@id\":\"https:\/\/pagina10.com\/web\/#\/schema\/logo\/image\/\",\"url\":\"https:\/\/pagina10.com\/web\/wp-content\/uploads\/2024\/01\/40-pagina-10-periodico-regional-pasto.jpg\",\"contentUrl\":\"https:\/\/pagina10.com\/web\/wp-content\/uploads\/2024\/01\/40-pagina-10-periodico-regional-pasto.jpg\",\"width\":1280,\"height\":720,\"caption\":\"P\u00e1gina10\"},\"image\":{\"@id\":\"https:\/\/pagina10.com\/web\/#\/schema\/logo\/image\/\"},\"sameAs\":[\"https:\/\/www.facebook.com\/pag10com\",\"https:\/\/x.com\/Pag10com\",\"https:\/\/www.instagram.com\/pagina10col\/\",\"https:\/\/youtube.com\/channel\/pag10\",\"https:\/\/www.tiktok.com\/@p10col\"]},{\"@type\":\"Person\",\"@id\":\"https:\/\/pagina10.com\/web\/#\/schema\/person\/2efc4a090d25b667d3bc796798a3a81b\",\"name\":\"P\u00e1gina 10\",\"description\":\"P\u00e1gina 10 es un peri\u00f3dico regional que nace en Colombia, en el departamento de Nari\u00f1o, con un enfoque global, fundamentado en cuatro pilares esenciales: la libertad, el pluralismo, la inclusi\u00f3n y la independencia. P\u00e1gina 10 hace referencia a Nari\u00f1o como el d\u00e9cimo departamento creado en Colombia, despu\u00e9s de un proceso pol\u00edtico liderado por actores y actrices regionales con el fin de obtener la independencia y autonom\u00eda de nuestros territorios. Con la creaci\u00f3n de P\u00e1gina 10 se pretende abrir un escenario para el dialogo, la reflexi\u00f3n y el debate que se extienda a otras geograf\u00edas de Am\u00e9rica Latina y del planeta, en una apuesta por transformar colectivamente los desaf\u00edos de un mundo contempor\u00e1neo, m\u00e1s all\u00e1 de las fronteras impuestas.\",\"url\":\"https:\/\/pagina10.com\/web\/author\/pdiezadmin\/\"}]}<\/script>\n<!-- \/ Yoast SEO plugin. -->","yoast_head_json":{"title":"Intimidaciones y amenazas a emisora comunitaria de Puerres en Nari\u00f1o | P\u00e1gina10","robots":{"index":"index","follow":"follow","max-snippet":"max-snippet:-1","max-image-preview":"max-image-preview:large","max-video-preview":"max-video-preview:-1"},"canonical":"https:\/\/pagina10.com\/web\/intimidaciones-y-amenazas-a-emisora-comunitaria-de-puerres-en-narino\/","og_locale":"es_ES","og_type":"article","og_title":"Intimidaciones y amenazas a emisora comunitaria de Puerres en Nari\u00f1o | P\u00e1gina10","og_description":"La Fundaci\u00f3n para la Libertad de Prensa (FLIP)\u00a0rechaza las intimidaciones y amenazas que ha recibido el periodista Andr\u00e9s Benavides, director de la emisora comunitaria Para\u00edso Stereo 96.3 FM. El pasado 1 de septiembre el periodista Andr\u00e9s Benavides fue interceptado en una carretera que conduce de Puerres a la v\u00eda Panamericana, en el departamento de Nari\u00f1o, [&hellip;]","og_url":"https:\/\/pagina10.com\/web\/intimidaciones-y-amenazas-a-emisora-comunitaria-de-puerres-en-narino\/","og_site_name":"P\u00e1gina10","article_publisher":"https:\/\/www.facebook.com\/pag10com","article_published_time":"2021-09-18T15:12:45+00:00","og_image":[{"width":507,"height":335,"url":"https:\/\/pagina10.com\/web\/wp-content\/uploads\/2021\/09\/Captura-de-Pantalla-2021-09-18-a-las-10.12.08-a.-m..png","type":"image\/png"}],"author":"P\u00e1gina 10","twitter_card":"summary_large_image","twitter_creator":"@Pag10com","twitter_site":"@Pag10com","twitter_misc":{"Escrito por":"P\u00e1gina 10","Tiempo de lectura":"3 minutos"},"schema":{"@context":"https:\/\/schema.org","@graph":[{"@type":"Article","@id":"https:\/\/pagina10.com\/web\/intimidaciones-y-amenazas-a-emisora-comunitaria-de-puerres-en-narino\/#article","isPartOf":{"@id":"https:\/\/pagina10.com\/web\/intimidaciones-y-amenazas-a-emisora-comunitaria-de-puerres-en-narino\/"},"author":{"name":"P\u00e1gina 10","@id":"https:\/\/pagina10.com\/web\/#\/schema\/person\/2efc4a090d25b667d3bc796798a3a81b"},"headline":"Intimidaciones y amenazas a emisora comunitaria de Puerres en Nari\u00f1o","datePublished":"2021-09-18T15:12:45+00:00","mainEntityOfPage":{"@id":"https:\/\/pagina10.com\/web\/intimidaciones-y-amenazas-a-emisora-comunitaria-de-puerres-en-narino\/"},"wordCount":590,"commentCount":0,"publisher":{"@id":"https:\/\/pagina10.com\/web\/#organization"},"image":{"@id":"https:\/\/pagina10.com\/web\/intimidaciones-y-amenazas-a-emisora-comunitaria-de-puerres-en-narino\/#primaryimage"},"thumbnailUrl":"https:\/\/pagina10.com\/web\/wp-content\/uploads\/2021\/09\/Captura-de-Pantalla-2021-09-18-a-las-10.12.08-a.-m..png","articleSection":["Regiones"],"inLanguage":"es","potentialAction":[{"@type":"CommentAction","name":"Comment","target":["https:\/\/pagina10.com\/web\/intimidaciones-y-amenazas-a-emisora-comunitaria-de-puerres-en-narino\/#respond"]}]},{"@type":"WebPage","@id":"https:\/\/pagina10.com\/web\/intimidaciones-y-amenazas-a-emisora-comunitaria-de-puerres-en-narino\/","url":"https:\/\/pagina10.com\/web\/intimidaciones-y-amenazas-a-emisora-comunitaria-de-puerres-en-narino\/","name":"Intimidaciones y amenazas a emisora comunitaria de Puerres en Nari\u00f1o | P\u00e1gina10","isPartOf":{"@id":"https:\/\/pagina10.com\/web\/#website"},"primaryImageOfPage":{"@id":"https:\/\/pagina10.com\/web\/intimidaciones-y-amenazas-a-emisora-comunitaria-de-puerres-en-narino\/#primaryimage"},"image":{"@id":"https:\/\/pagina10.com\/web\/intimidaciones-y-amenazas-a-emisora-comunitaria-de-puerres-en-narino\/#primaryimage"},"thumbnailUrl":"https:\/\/pagina10.com\/web\/wp-content\/uploads\/2021\/09\/Captura-de-Pantalla-2021-09-18-a-las-10.12.08-a.-m..png","datePublished":"2021-09-18T15:12:45+00:00","breadcrumb":{"@id":"https:\/\/pagina10.com\/web\/intimidaciones-y-amenazas-a-emisora-comunitaria-de-puerres-en-narino\/#breadcrumb"},"inLanguage":"es","potentialAction":[{"@type":"ReadAction","target":["https:\/\/pagina10.com\/web\/intimidaciones-y-amenazas-a-emisora-comunitaria-de-puerres-en-narino\/"]}]},{"@type":"ImageObject","inLanguage":"es","@id":"https:\/\/pagina10.com\/web\/intimidaciones-y-amenazas-a-emisora-comunitaria-de-puerres-en-narino\/#primaryimage","url":"https:\/\/pagina10.com\/web\/wp-content\/uploads\/2021\/09\/Captura-de-Pantalla-2021-09-18-a-las-10.12.08-a.-m..png","contentUrl":"https:\/\/pagina10.com\/web\/wp-content\/uploads\/2021\/09\/Captura-de-Pantalla-2021-09-18-a-las-10.12.08-a.-m..png","width":507,"height":335},{"@type":"BreadcrumbList","@id":"https:\/\/pagina10.com\/web\/intimidaciones-y-amenazas-a-emisora-comunitaria-de-puerres-en-narino\/#breadcrumb","itemListElement":[{"@type":"ListItem","position":1,"name":"Portada","item":"https:\/\/pagina10.com\/web\/"},{"@type":"ListItem","position":2,"name":"Intimidaciones y amenazas a emisora comunitaria de Puerres en Nari\u00f1o"}]},{"@type":"WebSite","@id":"https:\/\/pagina10.com\/web\/#website","url":"https:\/\/pagina10.com\/web\/","name":"P\u00e1gina10","description":"Peri\u00f3dico Regional","publisher":{"@id":"https:\/\/pagina10.com\/web\/#organization"},"alternateName":"P\u00e1gina10 Peri\u00f3dico Regional","potentialAction":[{"@type":"SearchAction","target":{"@type":"EntryPoint","urlTemplate":"https:\/\/pagina10.com\/web\/?s={search_term_string}"},"query-input":{"@type":"PropertyValueSpecification","valueRequired":true,"valueName":"search_term_string"}}],"inLanguage":"es"},{"@type":"Organization","@id":"https:\/\/pagina10.com\/web\/#organization","name":"P\u00e1gina10","alternateName":"P\u00e1gina10 Peri\u00f3dico Regional","url":"https:\/\/pagina10.com\/web\/","logo":{"@type":"ImageObject","inLanguage":"es","@id":"https:\/\/pagina10.com\/web\/#\/schema\/logo\/image\/","url":"https:\/\/pagina10.com\/web\/wp-content\/uploads\/2024\/01\/40-pagina-10-periodico-regional-pasto.jpg","contentUrl":"https:\/\/pagina10.com\/web\/wp-content\/uploads\/2024\/01\/40-pagina-10-periodico-regional-pasto.jpg","width":1280,"height":720,"caption":"P\u00e1gina10"},"image":{"@id":"https:\/\/pagina10.com\/web\/#\/schema\/logo\/image\/"},"sameAs":["https:\/\/www.facebook.com\/pag10com","https:\/\/x.com\/Pag10com","https:\/\/www.instagram.com\/pagina10col\/","https:\/\/youtube.com\/channel\/pag10","https:\/\/www.tiktok.com\/@p10col"]},{"@type":"Person","@id":"https:\/\/pagina10.com\/web\/#\/schema\/person\/2efc4a090d25b667d3bc796798a3a81b","name":"P\u00e1gina 10","description":"P\u00e1gina 10 es un peri\u00f3dico regional que nace en Colombia, en el departamento de Nari\u00f1o, con un enfoque global, fundamentado en cuatro pilares esenciales: la libertad, el pluralismo, la inclusi\u00f3n y la independencia. P\u00e1gina 10 hace referencia a Nari\u00f1o como el d\u00e9cimo departamento creado en Colombia, despu\u00e9s de un proceso pol\u00edtico liderado por actores y actrices regionales con el fin de obtener la independencia y autonom\u00eda de nuestros territorios. Con la creaci\u00f3n de P\u00e1gina 10 se pretende abrir un escenario para el dialogo, la reflexi\u00f3n y el debate que se extienda a otras geograf\u00edas de Am\u00e9rica Latina y del planeta, en una apuesta por transformar colectivamente los desaf\u00edos de un mundo contempor\u00e1neo, m\u00e1s all\u00e1 de las fronteras impuestas.","url":"https:\/\/pagina10.com\/web\/author\/pdiezadmin\/"}]}},"_links":{"self":[{"href":"https:\/\/pagina10.com\/web\/wp-json\/wp\/v2\/posts\/55717","targetHints":{"allow":["GET"]}}],"collection":[{"href":"https:\/\/pagina10.com\/web\/wp-json\/wp\/v2\/posts"}],"about":[{"href":"https:\/\/pagina10.com\/web\/wp-json\/wp\/v2\/types\/post"}],"author":[{"embeddable":true,"href":"https:\/\/pagina10.com\/web\/wp-json\/wp\/v2\/users\/1"}],"replies":[{"embeddable":true,"href":"https:\/\/pagina10.com\/web\/wp-json\/wp\/v2\/comments?post=55717"}],"version-history":[{"count":1,"href":"https:\/\/pagina10.com\/web\/wp-json\/wp\/v2\/posts\/55717\/revisions"}],"predecessor-version":[{"id":55719,"href":"https:\/\/pagina10.com\/web\/wp-json\/wp\/v2\/posts\/55717\/revisions\/55719"}],"wp:featuredmedia":[{"embeddable":true,"href":"https:\/\/pagina10.com\/web\/wp-json\/wp\/v2\/media\/55718"}],"wp:attachment":[{"href":"https:\/\/pagina10.com\/web\/wp-json\/wp\/v2\/media?parent=55717"}],"wp:term":[{"taxonomy":"category","embeddable":true,"href":"https:\/\/pagina10.com\/web\/wp-json\/wp\/v2\/categories?post=55717"},{"taxonomy":"post_tag","embeddable":true,"href":"https:\/\/pagina10.com\/web\/wp-json\/wp\/v2\/tags?post=55717"}],"curies":[{"name":"wp","href":"https:\/\/api.w.org\/{rel}","templated":true}]}}