{"id":55753,"date":"2021-09-20T11:04:51","date_gmt":"2021-09-20T16:04:51","guid":{"rendered":"https:\/\/pagina10.com\/web\/?p=55753"},"modified":"2021-09-20T11:04:51","modified_gmt":"2021-09-20T16:04:51","slug":"estrategias-de-proteccion-y-atencion-para-comunidades-que-hacen-parte-del-acuerdo-de-paz","status":"publish","type":"post","link":"https:\/\/pagina10.com\/web\/estrategias-de-proteccion-y-atencion-para-comunidades-que-hacen-parte-del-acuerdo-de-paz\/","title":{"rendered":"Estrategias de protecci\u00f3n y atenci\u00f3n para comunidades que hacen parte del Acuerdo de Paz"},"content":{"rendered":"<p style=\"text-align: justify;\">El Gobierno departamental en conjunto con autoridades de orden nacional y local buscan mecanismos que garanticen el cumplimiento de los Acuerdos de Paz en Nari\u00f1o.<\/p>\n<div style=\"text-align: justify;\">&#8220;El departamento de Nari\u00f1o es un referente a nivel nacional gracias al cumplimiento del acuerdo comunitario en el marco del convenio 1353 de 2020, donde se apoya la reincorporaci\u00f3n de excombatientes y el cual est\u00e1 suscrito entre la Gobernaci\u00f3n de Nari\u00f1o, la Agencia para la Reincorporaci\u00f3n y Normalizaci\u00f3n -ARN y los municipios de Tumaco, El Charco, Ipiales, Cumbal y Pasto\u201d, manifest\u00f3 el Subsecretario de Paz y Derechos Humanos, Am\u00edlcar Pantoja<\/p>\n<div>\nAs\u00ed mismo, el funcionario indic\u00f3 que la articulaci\u00f3n interinstitucional ha permitido que desde Nari\u00f1o se apunta de forma directa a la implementaci\u00f3n de los Acuerdos de Paz y por ello se trabajar\u00e1 de la mano con otros departamentos como Valle y Cauca para avanzar en los compromisos desde el quehacer institucional.<\/div>\n<div>\nPor su parte, el Consejero Presidencial Adjunto para la Estabilizaci\u00f3n y Consolidaci\u00f3n, Carlos Caicedo, resalt\u00f3 el trabajo hecho desde la Gobernaci\u00f3n. \u201cSe ve la voluntad pol\u00edtica con una estructura que permite trabajar involucrando todas las entidades de orden Nacional, Regional, Fuerza P\u00fablica, \u00a0y actores sociales creando un plan que contenga temas de prevenci\u00f3n, protecci\u00f3n, \u00a0apoyo a la judicializaci\u00f3n con enfoque de g\u00e9nero con relaci\u00f3n a las personas en reincorporaci\u00f3n&#8221;.<\/div>\n<div><\/div>\n<\/div>\n<p style=\"text-align: justify;\">Es as\u00ed como desde la Administraci\u00f3n Departamental continuamos construyendo alianzas y proyectos que permitan la paz y reconciliaci\u00f3n en el territorio.erno departamental en conjunto con autoridades de orden nacional y local buscan mecanismos que garanticen el cumplimiento de los Acuerdos de Paz en Nari\u00f1o.<\/p>\n<p style=\"text-align: justify;\">&#8220;El departamento de Nari\u00f1o es un referente a nivel nacional gracias al cumplimiento del acuerdo comunitario en el marco del convenio 1353 de 2020, donde se apoya la reincorporaci\u00f3n de excombatientes y el cual est\u00e1 suscrito entre la Gobernaci\u00f3n de Nari\u00f1o, la Agencia para la Reincorporaci\u00f3n y Normalizaci\u00f3n -ARN y los municipios de Tumaco, El Charco, Ipiales, Cumbal y Pasto\u201d, manifest\u00f3 el Subsecretario de Paz y Derechos Humanos, Am\u00edlcar Pantoja<\/p>\n<p style=\"text-align: justify;\">As\u00ed mismo, el funcionario indic\u00f3 que la articulaci\u00f3n interinstitucional ha permitido que desde Nari\u00f1o se apunta de forma directa a la implementaci\u00f3n de los Acuerdos de Paz y por ello se trabajar\u00e1 de la mano con otros departamentos como Valle y Cauca para avanzar en los compromisos desde el quehacer institucional.<\/p>\n<p style=\"text-align: justify;\">Por su parte, el Consejero Presidencial Adjunto para la Estabilizaci\u00f3n y Consolidaci\u00f3n, Carlos Caicedo, resalt\u00f3 el trabajo hecho desde la Gobernaci\u00f3n. \u201cSe ve la voluntad pol\u00edtica con una estructura que permite trabajar involucrando todas las entidades de orden Nacional, Regional, Fuerza P\u00fablica, y actores sociales creando un plan que contenga temas de prevenci\u00f3n, protecci\u00f3n, apoyo a la judicializaci\u00f3n con enfoque de g\u00e9nero con relaci\u00f3n a las personas en reincorporaci\u00f3n&#8221;.<\/p>\n<p style=\"text-align: justify;\">Es as\u00ed como desde la Administraci\u00f3n Departamental continuamos construyendo alianzas y proyectos que permitan la paz y reconciliaci\u00f3n en el territorio.<\/p>\n","protected":false},"excerpt":{"rendered":"<p>El Gobierno departamental en conjunto con autoridades de orden nacional y local buscan mecanismos que garanticen el cumplimiento de los Acuerdos de Paz en Nari\u00f1o. &#8220;El departamento de Nari\u00f1o es un referente a nivel nacional gracias al cumplimiento del acuerdo comunitario en el marco del convenio 1353 de 2020, donde se apoya la reincorporaci\u00f3n de [&hellip;]<\/p>\n","protected":false},"author":1,"featured_media":55754,"comment_status":"open","ping_status":"open","sticky":false,"template":"","format":"standard","meta":{"footnotes":""},"categories":[53],"tags":[],"class_list":["post-55753","post","type-post","status-publish","format-standard","has-post-thumbnail","hentry","category-regiones"],"yoast_head":"<!-- This site is optimized with the Yoast SEO plugin v27.1.1 - https:\/\/yoast.com\/product\/yoast-seo-wordpress\/ -->\n<title>Estrategias de protecci\u00f3n y atenci\u00f3n para comunidades que hacen parte del Acuerdo de Paz | P\u00e1gina10<\/title>\n<meta name=\"robots\" content=\"index, follow, max-snippet:-1, max-image-preview:large, max-video-preview:-1\" \/>\n<link rel=\"canonical\" href=\"https:\/\/pagina10.com\/web\/estrategias-de-proteccion-y-atencion-para-comunidades-que-hacen-parte-del-acuerdo-de-paz\/\" \/>\n<meta property=\"og:locale\" content=\"es_ES\" \/>\n<meta property=\"og:type\" content=\"article\" \/>\n<meta property=\"og:title\" content=\"Estrategias de protecci\u00f3n y atenci\u00f3n para comunidades que hacen parte del Acuerdo de Paz | P\u00e1gina10\" \/>\n<meta property=\"og:description\" content=\"El Gobierno departamental en conjunto con autoridades de orden nacional y local buscan mecanismos que garanticen el cumplimiento de los Acuerdos de Paz en Nari\u00f1o. &#8220;El departamento de Nari\u00f1o es un referente a nivel nacional gracias al cumplimiento del acuerdo comunitario en el marco del convenio 1353 de 2020, donde se apoya la reincorporaci\u00f3n de [&hellip;]\" \/>\n<meta property=\"og:url\" content=\"https:\/\/pagina10.com\/web\/estrategias-de-proteccion-y-atencion-para-comunidades-que-hacen-parte-del-acuerdo-de-paz\/\" \/>\n<meta property=\"og:site_name\" content=\"P\u00e1gina10\" \/>\n<meta property=\"article:publisher\" content=\"https:\/\/www.facebook.com\/pag10com\" \/>\n<meta property=\"article:published_time\" content=\"2021-09-20T16:04:51+00:00\" \/>\n<meta property=\"og:image\" content=\"https:\/\/pagina10.com\/web\/wp-content\/uploads\/2021\/09\/242232849_4504842719592883_2805922718690474943_n.jpg\" \/>\n\t<meta property=\"og:image:width\" content=\"960\" \/>\n\t<meta property=\"og:image:height\" content=\"640\" \/>\n\t<meta property=\"og:image:type\" content=\"image\/jpeg\" \/>\n<meta name=\"author\" content=\"P\u00e1gina 10\" \/>\n<meta name=\"twitter:card\" content=\"summary_large_image\" \/>\n<meta name=\"twitter:creator\" content=\"@Pag10com\" \/>\n<meta name=\"twitter:site\" content=\"@Pag10com\" \/>\n<meta name=\"twitter:label1\" content=\"Escrito por\" \/>\n\t<meta name=\"twitter:data1\" content=\"P\u00e1gina 10\" \/>\n\t<meta name=\"twitter:label2\" content=\"Tiempo de lectura\" \/>\n\t<meta name=\"twitter:data2\" content=\"3 minutos\" \/>\n<script type=\"application\/ld+json\" class=\"yoast-schema-graph\">{\"@context\":\"https:\/\/schema.org\",\"@graph\":[{\"@type\":\"Article\",\"@id\":\"https:\/\/pagina10.com\/web\/estrategias-de-proteccion-y-atencion-para-comunidades-que-hacen-parte-del-acuerdo-de-paz\/#article\",\"isPartOf\":{\"@id\":\"https:\/\/pagina10.com\/web\/estrategias-de-proteccion-y-atencion-para-comunidades-que-hacen-parte-del-acuerdo-de-paz\/\"},\"author\":{\"name\":\"P\u00e1gina 10\",\"@id\":\"https:\/\/pagina10.com\/web\/#\/schema\/person\/2efc4a090d25b667d3bc796798a3a81b\"},\"headline\":\"Estrategias de protecci\u00f3n y atenci\u00f3n para comunidades que hacen parte del Acuerdo de Paz\",\"datePublished\":\"2021-09-20T16:04:51+00:00\",\"mainEntityOfPage\":{\"@id\":\"https:\/\/pagina10.com\/web\/estrategias-de-proteccion-y-atencion-para-comunidades-que-hacen-parte-del-acuerdo-de-paz\/\"},\"wordCount\":531,\"commentCount\":0,\"publisher\":{\"@id\":\"https:\/\/pagina10.com\/web\/#organization\"},\"image\":{\"@id\":\"https:\/\/pagina10.com\/web\/estrategias-de-proteccion-y-atencion-para-comunidades-que-hacen-parte-del-acuerdo-de-paz\/#primaryimage\"},\"thumbnailUrl\":\"https:\/\/pagina10.com\/web\/wp-content\/uploads\/2021\/09\/242232849_4504842719592883_2805922718690474943_n.jpg\",\"articleSection\":[\"Regiones\"],\"inLanguage\":\"es\",\"potentialAction\":[{\"@type\":\"CommentAction\",\"name\":\"Comment\",\"target\":[\"https:\/\/pagina10.com\/web\/estrategias-de-proteccion-y-atencion-para-comunidades-que-hacen-parte-del-acuerdo-de-paz\/#respond\"]}]},{\"@type\":\"WebPage\",\"@id\":\"https:\/\/pagina10.com\/web\/estrategias-de-proteccion-y-atencion-para-comunidades-que-hacen-parte-del-acuerdo-de-paz\/\",\"url\":\"https:\/\/pagina10.com\/web\/estrategias-de-proteccion-y-atencion-para-comunidades-que-hacen-parte-del-acuerdo-de-paz\/\",\"name\":\"Estrategias de protecci\u00f3n y atenci\u00f3n para comunidades que hacen parte del Acuerdo de Paz | P\u00e1gina10\",\"isPartOf\":{\"@id\":\"https:\/\/pagina10.com\/web\/#website\"},\"primaryImageOfPage\":{\"@id\":\"https:\/\/pagina10.com\/web\/estrategias-de-proteccion-y-atencion-para-comunidades-que-hacen-parte-del-acuerdo-de-paz\/#primaryimage\"},\"image\":{\"@id\":\"https:\/\/pagina10.com\/web\/estrategias-de-proteccion-y-atencion-para-comunidades-que-hacen-parte-del-acuerdo-de-paz\/#primaryimage\"},\"thumbnailUrl\":\"https:\/\/pagina10.com\/web\/wp-content\/uploads\/2021\/09\/242232849_4504842719592883_2805922718690474943_n.jpg\",\"datePublished\":\"2021-09-20T16:04:51+00:00\",\"breadcrumb\":{\"@id\":\"https:\/\/pagina10.com\/web\/estrategias-de-proteccion-y-atencion-para-comunidades-que-hacen-parte-del-acuerdo-de-paz\/#breadcrumb\"},\"inLanguage\":\"es\",\"potentialAction\":[{\"@type\":\"ReadAction\",\"target\":[\"https:\/\/pagina10.com\/web\/estrategias-de-proteccion-y-atencion-para-comunidades-que-hacen-parte-del-acuerdo-de-paz\/\"]}]},{\"@type\":\"ImageObject\",\"inLanguage\":\"es\",\"@id\":\"https:\/\/pagina10.com\/web\/estrategias-de-proteccion-y-atencion-para-comunidades-que-hacen-parte-del-acuerdo-de-paz\/#primaryimage\",\"url\":\"https:\/\/pagina10.com\/web\/wp-content\/uploads\/2021\/09\/242232849_4504842719592883_2805922718690474943_n.jpg\",\"contentUrl\":\"https:\/\/pagina10.com\/web\/wp-content\/uploads\/2021\/09\/242232849_4504842719592883_2805922718690474943_n.jpg\",\"width\":960,\"height\":640},{\"@type\":\"BreadcrumbList\",\"@id\":\"https:\/\/pagina10.com\/web\/estrategias-de-proteccion-y-atencion-para-comunidades-que-hacen-parte-del-acuerdo-de-paz\/#breadcrumb\",\"itemListElement\":[{\"@type\":\"ListItem\",\"position\":1,\"name\":\"Portada\",\"item\":\"https:\/\/pagina10.com\/web\/\"},{\"@type\":\"ListItem\",\"position\":2,\"name\":\"Estrategias de protecci\u00f3n y atenci\u00f3n para comunidades que hacen parte del Acuerdo de Paz\"}]},{\"@type\":\"WebSite\",\"@id\":\"https:\/\/pagina10.com\/web\/#website\",\"url\":\"https:\/\/pagina10.com\/web\/\",\"name\":\"P\u00e1gina10\",\"description\":\"Peri\u00f3dico Regional\",\"publisher\":{\"@id\":\"https:\/\/pagina10.com\/web\/#organization\"},\"alternateName\":\"P\u00e1gina10 Peri\u00f3dico Regional\",\"potentialAction\":[{\"@type\":\"SearchAction\",\"target\":{\"@type\":\"EntryPoint\",\"urlTemplate\":\"https:\/\/pagina10.com\/web\/?s={search_term_string}\"},\"query-input\":{\"@type\":\"PropertyValueSpecification\",\"valueRequired\":true,\"valueName\":\"search_term_string\"}}],\"inLanguage\":\"es\"},{\"@type\":\"Organization\",\"@id\":\"https:\/\/pagina10.com\/web\/#organization\",\"name\":\"P\u00e1gina10\",\"alternateName\":\"P\u00e1gina10 Peri\u00f3dico Regional\",\"url\":\"https:\/\/pagina10.com\/web\/\",\"logo\":{\"@type\":\"ImageObject\",\"inLanguage\":\"es\",\"@id\":\"https:\/\/pagina10.com\/web\/#\/schema\/logo\/image\/\",\"url\":\"https:\/\/pagina10.com\/web\/wp-content\/uploads\/2024\/01\/40-pagina-10-periodico-regional-pasto.jpg\",\"contentUrl\":\"https:\/\/pagina10.com\/web\/wp-content\/uploads\/2024\/01\/40-pagina-10-periodico-regional-pasto.jpg\",\"width\":1280,\"height\":720,\"caption\":\"P\u00e1gina10\"},\"image\":{\"@id\":\"https:\/\/pagina10.com\/web\/#\/schema\/logo\/image\/\"},\"sameAs\":[\"https:\/\/www.facebook.com\/pag10com\",\"https:\/\/x.com\/Pag10com\",\"https:\/\/www.instagram.com\/pagina10col\/\",\"https:\/\/youtube.com\/channel\/pag10\",\"https:\/\/www.tiktok.com\/@p10col\"]},{\"@type\":\"Person\",\"@id\":\"https:\/\/pagina10.com\/web\/#\/schema\/person\/2efc4a090d25b667d3bc796798a3a81b\",\"name\":\"P\u00e1gina 10\",\"description\":\"P\u00e1gina 10 es un peri\u00f3dico regional que nace en Colombia, en el departamento de Nari\u00f1o, con un enfoque global, fundamentado en cuatro pilares esenciales: la libertad, el pluralismo, la inclusi\u00f3n y la independencia. P\u00e1gina 10 hace referencia a Nari\u00f1o como el d\u00e9cimo departamento creado en Colombia, despu\u00e9s de un proceso pol\u00edtico liderado por actores y actrices regionales con el fin de obtener la independencia y autonom\u00eda de nuestros territorios. Con la creaci\u00f3n de P\u00e1gina 10 se pretende abrir un escenario para el dialogo, la reflexi\u00f3n y el debate que se extienda a otras geograf\u00edas de Am\u00e9rica Latina y del planeta, en una apuesta por transformar colectivamente los desaf\u00edos de un mundo contempor\u00e1neo, m\u00e1s all\u00e1 de las fronteras impuestas.\",\"url\":\"https:\/\/pagina10.com\/web\/author\/pdiezadmin\/\"}]}<\/script>\n<!-- \/ Yoast SEO plugin. -->","yoast_head_json":{"title":"Estrategias de protecci\u00f3n y atenci\u00f3n para comunidades que hacen parte del Acuerdo de Paz | P\u00e1gina10","robots":{"index":"index","follow":"follow","max-snippet":"max-snippet:-1","max-image-preview":"max-image-preview:large","max-video-preview":"max-video-preview:-1"},"canonical":"https:\/\/pagina10.com\/web\/estrategias-de-proteccion-y-atencion-para-comunidades-que-hacen-parte-del-acuerdo-de-paz\/","og_locale":"es_ES","og_type":"article","og_title":"Estrategias de protecci\u00f3n y atenci\u00f3n para comunidades que hacen parte del Acuerdo de Paz | P\u00e1gina10","og_description":"El Gobierno departamental en conjunto con autoridades de orden nacional y local buscan mecanismos que garanticen el cumplimiento de los Acuerdos de Paz en Nari\u00f1o. &#8220;El departamento de Nari\u00f1o es un referente a nivel nacional gracias al cumplimiento del acuerdo comunitario en el marco del convenio 1353 de 2020, donde se apoya la reincorporaci\u00f3n de [&hellip;]","og_url":"https:\/\/pagina10.com\/web\/estrategias-de-proteccion-y-atencion-para-comunidades-que-hacen-parte-del-acuerdo-de-paz\/","og_site_name":"P\u00e1gina10","article_publisher":"https:\/\/www.facebook.com\/pag10com","article_published_time":"2021-09-20T16:04:51+00:00","og_image":[{"width":960,"height":640,"url":"https:\/\/pagina10.com\/web\/wp-content\/uploads\/2021\/09\/242232849_4504842719592883_2805922718690474943_n.jpg","type":"image\/jpeg"}],"author":"P\u00e1gina 10","twitter_card":"summary_large_image","twitter_creator":"@Pag10com","twitter_site":"@Pag10com","twitter_misc":{"Escrito por":"P\u00e1gina 10","Tiempo de lectura":"3 minutos"},"schema":{"@context":"https:\/\/schema.org","@graph":[{"@type":"Article","@id":"https:\/\/pagina10.com\/web\/estrategias-de-proteccion-y-atencion-para-comunidades-que-hacen-parte-del-acuerdo-de-paz\/#article","isPartOf":{"@id":"https:\/\/pagina10.com\/web\/estrategias-de-proteccion-y-atencion-para-comunidades-que-hacen-parte-del-acuerdo-de-paz\/"},"author":{"name":"P\u00e1gina 10","@id":"https:\/\/pagina10.com\/web\/#\/schema\/person\/2efc4a090d25b667d3bc796798a3a81b"},"headline":"Estrategias de protecci\u00f3n y atenci\u00f3n para comunidades que hacen parte del Acuerdo de Paz","datePublished":"2021-09-20T16:04:51+00:00","mainEntityOfPage":{"@id":"https:\/\/pagina10.com\/web\/estrategias-de-proteccion-y-atencion-para-comunidades-que-hacen-parte-del-acuerdo-de-paz\/"},"wordCount":531,"commentCount":0,"publisher":{"@id":"https:\/\/pagina10.com\/web\/#organization"},"image":{"@id":"https:\/\/pagina10.com\/web\/estrategias-de-proteccion-y-atencion-para-comunidades-que-hacen-parte-del-acuerdo-de-paz\/#primaryimage"},"thumbnailUrl":"https:\/\/pagina10.com\/web\/wp-content\/uploads\/2021\/09\/242232849_4504842719592883_2805922718690474943_n.jpg","articleSection":["Regiones"],"inLanguage":"es","potentialAction":[{"@type":"CommentAction","name":"Comment","target":["https:\/\/pagina10.com\/web\/estrategias-de-proteccion-y-atencion-para-comunidades-que-hacen-parte-del-acuerdo-de-paz\/#respond"]}]},{"@type":"WebPage","@id":"https:\/\/pagina10.com\/web\/estrategias-de-proteccion-y-atencion-para-comunidades-que-hacen-parte-del-acuerdo-de-paz\/","url":"https:\/\/pagina10.com\/web\/estrategias-de-proteccion-y-atencion-para-comunidades-que-hacen-parte-del-acuerdo-de-paz\/","name":"Estrategias de protecci\u00f3n y atenci\u00f3n para comunidades que hacen parte del Acuerdo de Paz | P\u00e1gina10","isPartOf":{"@id":"https:\/\/pagina10.com\/web\/#website"},"primaryImageOfPage":{"@id":"https:\/\/pagina10.com\/web\/estrategias-de-proteccion-y-atencion-para-comunidades-que-hacen-parte-del-acuerdo-de-paz\/#primaryimage"},"image":{"@id":"https:\/\/pagina10.com\/web\/estrategias-de-proteccion-y-atencion-para-comunidades-que-hacen-parte-del-acuerdo-de-paz\/#primaryimage"},"thumbnailUrl":"https:\/\/pagina10.com\/web\/wp-content\/uploads\/2021\/09\/242232849_4504842719592883_2805922718690474943_n.jpg","datePublished":"2021-09-20T16:04:51+00:00","breadcrumb":{"@id":"https:\/\/pagina10.com\/web\/estrategias-de-proteccion-y-atencion-para-comunidades-que-hacen-parte-del-acuerdo-de-paz\/#breadcrumb"},"inLanguage":"es","potentialAction":[{"@type":"ReadAction","target":["https:\/\/pagina10.com\/web\/estrategias-de-proteccion-y-atencion-para-comunidades-que-hacen-parte-del-acuerdo-de-paz\/"]}]},{"@type":"ImageObject","inLanguage":"es","@id":"https:\/\/pagina10.com\/web\/estrategias-de-proteccion-y-atencion-para-comunidades-que-hacen-parte-del-acuerdo-de-paz\/#primaryimage","url":"https:\/\/pagina10.com\/web\/wp-content\/uploads\/2021\/09\/242232849_4504842719592883_2805922718690474943_n.jpg","contentUrl":"https:\/\/pagina10.com\/web\/wp-content\/uploads\/2021\/09\/242232849_4504842719592883_2805922718690474943_n.jpg","width":960,"height":640},{"@type":"BreadcrumbList","@id":"https:\/\/pagina10.com\/web\/estrategias-de-proteccion-y-atencion-para-comunidades-que-hacen-parte-del-acuerdo-de-paz\/#breadcrumb","itemListElement":[{"@type":"ListItem","position":1,"name":"Portada","item":"https:\/\/pagina10.com\/web\/"},{"@type":"ListItem","position":2,"name":"Estrategias de protecci\u00f3n y atenci\u00f3n para comunidades que hacen parte del Acuerdo de Paz"}]},{"@type":"WebSite","@id":"https:\/\/pagina10.com\/web\/#website","url":"https:\/\/pagina10.com\/web\/","name":"P\u00e1gina10","description":"Peri\u00f3dico Regional","publisher":{"@id":"https:\/\/pagina10.com\/web\/#organization"},"alternateName":"P\u00e1gina10 Peri\u00f3dico Regional","potentialAction":[{"@type":"SearchAction","target":{"@type":"EntryPoint","urlTemplate":"https:\/\/pagina10.com\/web\/?s={search_term_string}"},"query-input":{"@type":"PropertyValueSpecification","valueRequired":true,"valueName":"search_term_string"}}],"inLanguage":"es"},{"@type":"Organization","@id":"https:\/\/pagina10.com\/web\/#organization","name":"P\u00e1gina10","alternateName":"P\u00e1gina10 Peri\u00f3dico Regional","url":"https:\/\/pagina10.com\/web\/","logo":{"@type":"ImageObject","inLanguage":"es","@id":"https:\/\/pagina10.com\/web\/#\/schema\/logo\/image\/","url":"https:\/\/pagina10.com\/web\/wp-content\/uploads\/2024\/01\/40-pagina-10-periodico-regional-pasto.jpg","contentUrl":"https:\/\/pagina10.com\/web\/wp-content\/uploads\/2024\/01\/40-pagina-10-periodico-regional-pasto.jpg","width":1280,"height":720,"caption":"P\u00e1gina10"},"image":{"@id":"https:\/\/pagina10.com\/web\/#\/schema\/logo\/image\/"},"sameAs":["https:\/\/www.facebook.com\/pag10com","https:\/\/x.com\/Pag10com","https:\/\/www.instagram.com\/pagina10col\/","https:\/\/youtube.com\/channel\/pag10","https:\/\/www.tiktok.com\/@p10col"]},{"@type":"Person","@id":"https:\/\/pagina10.com\/web\/#\/schema\/person\/2efc4a090d25b667d3bc796798a3a81b","name":"P\u00e1gina 10","description":"P\u00e1gina 10 es un peri\u00f3dico regional que nace en Colombia, en el departamento de Nari\u00f1o, con un enfoque global, fundamentado en cuatro pilares esenciales: la libertad, el pluralismo, la inclusi\u00f3n y la independencia. P\u00e1gina 10 hace referencia a Nari\u00f1o como el d\u00e9cimo departamento creado en Colombia, despu\u00e9s de un proceso pol\u00edtico liderado por actores y actrices regionales con el fin de obtener la independencia y autonom\u00eda de nuestros territorios. Con la creaci\u00f3n de P\u00e1gina 10 se pretende abrir un escenario para el dialogo, la reflexi\u00f3n y el debate que se extienda a otras geograf\u00edas de Am\u00e9rica Latina y del planeta, en una apuesta por transformar colectivamente los desaf\u00edos de un mundo contempor\u00e1neo, m\u00e1s all\u00e1 de las fronteras impuestas.","url":"https:\/\/pagina10.com\/web\/author\/pdiezadmin\/"}]}},"_links":{"self":[{"href":"https:\/\/pagina10.com\/web\/wp-json\/wp\/v2\/posts\/55753","targetHints":{"allow":["GET"]}}],"collection":[{"href":"https:\/\/pagina10.com\/web\/wp-json\/wp\/v2\/posts"}],"about":[{"href":"https:\/\/pagina10.com\/web\/wp-json\/wp\/v2\/types\/post"}],"author":[{"embeddable":true,"href":"https:\/\/pagina10.com\/web\/wp-json\/wp\/v2\/users\/1"}],"replies":[{"embeddable":true,"href":"https:\/\/pagina10.com\/web\/wp-json\/wp\/v2\/comments?post=55753"}],"version-history":[{"count":1,"href":"https:\/\/pagina10.com\/web\/wp-json\/wp\/v2\/posts\/55753\/revisions"}],"predecessor-version":[{"id":55755,"href":"https:\/\/pagina10.com\/web\/wp-json\/wp\/v2\/posts\/55753\/revisions\/55755"}],"wp:featuredmedia":[{"embeddable":true,"href":"https:\/\/pagina10.com\/web\/wp-json\/wp\/v2\/media\/55754"}],"wp:attachment":[{"href":"https:\/\/pagina10.com\/web\/wp-json\/wp\/v2\/media?parent=55753"}],"wp:term":[{"taxonomy":"category","embeddable":true,"href":"https:\/\/pagina10.com\/web\/wp-json\/wp\/v2\/categories?post=55753"},{"taxonomy":"post_tag","embeddable":true,"href":"https:\/\/pagina10.com\/web\/wp-json\/wp\/v2\/tags?post=55753"}],"curies":[{"name":"wp","href":"https:\/\/api.w.org\/{rel}","templated":true}]}}