{"id":55818,"date":"2021-09-22T16:31:39","date_gmt":"2021-09-22T21:31:39","guid":{"rendered":"https:\/\/pagina10.com\/web\/?p=55818"},"modified":"2021-09-22T16:31:39","modified_gmt":"2021-09-22T21:31:39","slug":"consejo-ciudadano-de-mujeres-y-alcaldia-de-pasto-realizaron-estrategia-economica-semillas-sabores-y-saberes","status":"publish","type":"post","link":"https:\/\/pagina10.com\/web\/consejo-ciudadano-de-mujeres-y-alcaldia-de-pasto-realizaron-estrategia-economica-semillas-sabores-y-saberes\/","title":{"rendered":"Consejo ciudadano de mujeres y alcald\u00eda de Pasto realizaron estrategia econ\u00f3mica &#8216;semillas, sabores y saberes&#8217;"},"content":{"rendered":"<p style=\"text-align: justify;\">Con la participaci\u00f3n de 100 emprendimientos liderados por mujeres y una gran oferta de productos comerciales se llev\u00f3 a cabo exitosamente la estrategia econ\u00f3mica \u2018Semillas, sabores y saberes\u2019, liderada por el Consejo Ciudadano de Mujeres, la Secretar\u00eda de las Mujeres, Orientaciones Sexuales e Identidades de G\u00e9nero y el acompa\u00f1amiento de la Gestora Social, Marcela Hern\u00e1ndez.<\/p>\n<p style=\"text-align: justify;\">\u201cUn agradecimiento muy especial al Consejo Ciudadano de Mujeres y la Alcald\u00eda Municipal por abrir estos espacios que permiten dinamizar la econom\u00eda local y mostrar el ejercicio desde la labor personal y colectiva\u201d, expres\u00f3 Ximena Ord\u00f3\u00f1ez, emprendedora participante de la feria.<\/p>\n<p style=\"text-align: justify;\">Por su parte, la representante de las edilesas en el Consejo Ciudadano de Mujeres, Nidia Azucena Pe\u00f1afield Rodr\u00edguez, manifest\u00f3 que esperan que las mujeres emprendedoras que participaron en la actividad hayan generado ingresos importantes que les faciliten un poco la vida, despu\u00e9s de la pandemia ellas fueron las m\u00e1s afectadas, sobre todo quienes pertenecen a sectores econ\u00f3micos independientes.<\/p>\n<p style=\"text-align: justify;\">\u201cEs importante que la Administraci\u00f3n Municipal se articule con los mecanismos de participaci\u00f3n ciudadana como el Consejo Ciudadano de Mujeres para lograr que la comunidad se involucre en estos procesos de reactivaci\u00f3n econ\u00f3mica y que logremos resultados como el de estos d\u00edas\u201d, agreg\u00f3 la l\u00edder comunitaria.<\/p>\n<p style=\"text-align: justify;\">La Gestora Social, Marcela Hern\u00e1ndez, quien tambi\u00e9n es integrante del Consejo Ciudadano de Mujeres, asegur\u00f3 que: \u201cEstos 100 emprendimientos merecen todo el reconocimiento porque en cada uno de ellos hay amor, hay trabajo y hay esperanza en un mejor ma\u00f1ana que empieza aqu\u00ed\u201d.<\/p>\n<p style=\"text-align: justify;\">\u2018Semillas, sabores y saberes\u2019 se realiz\u00f3 los d\u00edas 16, 17 y 18 de septiembre en la Plaza de Nari\u00f1o con un balance muy positivo y favorable para la reactivaci\u00f3n econ\u00f3mica del Municipio de Pasto.<\/p>\n","protected":false},"excerpt":{"rendered":"<p>Con la participaci\u00f3n de 100 emprendimientos liderados por mujeres y una gran oferta de productos comerciales se llev\u00f3 a cabo exitosamente la estrategia econ\u00f3mica \u2018Semillas, sabores y saberes\u2019, liderada por el Consejo Ciudadano de Mujeres, la Secretar\u00eda de las Mujeres, Orientaciones Sexuales e Identidades de G\u00e9nero y el acompa\u00f1amiento de la Gestora Social, Marcela Hern\u00e1ndez. [&hellip;]<\/p>\n","protected":false},"author":1,"featured_media":55819,"comment_status":"open","ping_status":"open","sticky":false,"template":"","format":"standard","meta":{"footnotes":""},"categories":[13],"tags":[],"class_list":["post-55818","post","type-post","status-publish","format-standard","has-post-thumbnail","hentry","category-economia"],"yoast_head":"<!-- This site is optimized with the Yoast SEO plugin v27.1.1 - https:\/\/yoast.com\/product\/yoast-seo-wordpress\/ -->\n<title>Consejo ciudadano de mujeres y alcald\u00eda de Pasto realizaron estrategia econ\u00f3mica &#039;semillas, sabores y saberes&#039; | P\u00e1gina10<\/title>\n<meta name=\"robots\" content=\"index, follow, max-snippet:-1, max-image-preview:large, max-video-preview:-1\" \/>\n<link rel=\"canonical\" href=\"https:\/\/pagina10.com\/web\/consejo-ciudadano-de-mujeres-y-alcaldia-de-pasto-realizaron-estrategia-economica-semillas-sabores-y-saberes\/\" \/>\n<meta property=\"og:locale\" content=\"es_ES\" \/>\n<meta property=\"og:type\" content=\"article\" \/>\n<meta property=\"og:title\" content=\"Consejo ciudadano de mujeres y alcald\u00eda de Pasto realizaron estrategia econ\u00f3mica &#039;semillas, sabores y saberes&#039; | P\u00e1gina10\" \/>\n<meta property=\"og:description\" content=\"Con la participaci\u00f3n de 100 emprendimientos liderados por mujeres y una gran oferta de productos comerciales se llev\u00f3 a cabo exitosamente la estrategia econ\u00f3mica \u2018Semillas, sabores y saberes\u2019, liderada por el Consejo Ciudadano de Mujeres, la Secretar\u00eda de las Mujeres, Orientaciones Sexuales e Identidades de G\u00e9nero y el acompa\u00f1amiento de la Gestora Social, Marcela Hern\u00e1ndez. [&hellip;]\" \/>\n<meta property=\"og:url\" content=\"https:\/\/pagina10.com\/web\/consejo-ciudadano-de-mujeres-y-alcaldia-de-pasto-realizaron-estrategia-economica-semillas-sabores-y-saberes\/\" \/>\n<meta property=\"og:site_name\" content=\"P\u00e1gina10\" \/>\n<meta property=\"article:publisher\" content=\"https:\/\/www.facebook.com\/pag10com\" \/>\n<meta property=\"article:published_time\" content=\"2021-09-22T21:31:39+00:00\" \/>\n<meta property=\"og:image\" content=\"https:\/\/pagina10.com\/web\/wp-content\/uploads\/2021\/09\/WhatsApp-Image-2021-09-21-at-10.23.01-PM.jpeg\" \/>\n\t<meta property=\"og:image:width\" content=\"1280\" \/>\n\t<meta property=\"og:image:height\" content=\"853\" \/>\n\t<meta property=\"og:image:type\" content=\"image\/jpeg\" \/>\n<meta name=\"author\" content=\"P\u00e1gina 10\" \/>\n<meta name=\"twitter:card\" content=\"summary_large_image\" \/>\n<meta name=\"twitter:creator\" content=\"@Pag10com\" \/>\n<meta name=\"twitter:site\" content=\"@Pag10com\" \/>\n<meta name=\"twitter:label1\" content=\"Escrito por\" \/>\n\t<meta name=\"twitter:data1\" content=\"P\u00e1gina 10\" \/>\n\t<meta name=\"twitter:label2\" content=\"Tiempo de lectura\" \/>\n\t<meta name=\"twitter:data2\" content=\"1 minuto\" \/>\n<script type=\"application\/ld+json\" class=\"yoast-schema-graph\">{\"@context\":\"https:\/\/schema.org\",\"@graph\":[{\"@type\":\"Article\",\"@id\":\"https:\/\/pagina10.com\/web\/consejo-ciudadano-de-mujeres-y-alcaldia-de-pasto-realizaron-estrategia-economica-semillas-sabores-y-saberes\/#article\",\"isPartOf\":{\"@id\":\"https:\/\/pagina10.com\/web\/consejo-ciudadano-de-mujeres-y-alcaldia-de-pasto-realizaron-estrategia-economica-semillas-sabores-y-saberes\/\"},\"author\":{\"name\":\"P\u00e1gina 10\",\"@id\":\"https:\/\/pagina10.com\/web\/#\/schema\/person\/2efc4a090d25b667d3bc796798a3a81b\"},\"headline\":\"Consejo ciudadano de mujeres y alcald\u00eda de Pasto realizaron estrategia econ\u00f3mica &#8216;semillas, sabores y saberes&#8217;\",\"datePublished\":\"2021-09-22T21:31:39+00:00\",\"mainEntityOfPage\":{\"@id\":\"https:\/\/pagina10.com\/web\/consejo-ciudadano-de-mujeres-y-alcaldia-de-pasto-realizaron-estrategia-economica-semillas-sabores-y-saberes\/\"},\"wordCount\":316,\"commentCount\":0,\"publisher\":{\"@id\":\"https:\/\/pagina10.com\/web\/#organization\"},\"image\":{\"@id\":\"https:\/\/pagina10.com\/web\/consejo-ciudadano-de-mujeres-y-alcaldia-de-pasto-realizaron-estrategia-economica-semillas-sabores-y-saberes\/#primaryimage\"},\"thumbnailUrl\":\"https:\/\/pagina10.com\/web\/wp-content\/uploads\/2021\/09\/WhatsApp-Image-2021-09-21-at-10.23.01-PM.jpeg\",\"articleSection\":[\"Econom\u00eda\"],\"inLanguage\":\"es\",\"potentialAction\":[{\"@type\":\"CommentAction\",\"name\":\"Comment\",\"target\":[\"https:\/\/pagina10.com\/web\/consejo-ciudadano-de-mujeres-y-alcaldia-de-pasto-realizaron-estrategia-economica-semillas-sabores-y-saberes\/#respond\"]}]},{\"@type\":\"WebPage\",\"@id\":\"https:\/\/pagina10.com\/web\/consejo-ciudadano-de-mujeres-y-alcaldia-de-pasto-realizaron-estrategia-economica-semillas-sabores-y-saberes\/\",\"url\":\"https:\/\/pagina10.com\/web\/consejo-ciudadano-de-mujeres-y-alcaldia-de-pasto-realizaron-estrategia-economica-semillas-sabores-y-saberes\/\",\"name\":\"Consejo ciudadano de mujeres y alcald\u00eda de Pasto realizaron estrategia econ\u00f3mica 'semillas, sabores y saberes' | P\u00e1gina10\",\"isPartOf\":{\"@id\":\"https:\/\/pagina10.com\/web\/#website\"},\"primaryImageOfPage\":{\"@id\":\"https:\/\/pagina10.com\/web\/consejo-ciudadano-de-mujeres-y-alcaldia-de-pasto-realizaron-estrategia-economica-semillas-sabores-y-saberes\/#primaryimage\"},\"image\":{\"@id\":\"https:\/\/pagina10.com\/web\/consejo-ciudadano-de-mujeres-y-alcaldia-de-pasto-realizaron-estrategia-economica-semillas-sabores-y-saberes\/#primaryimage\"},\"thumbnailUrl\":\"https:\/\/pagina10.com\/web\/wp-content\/uploads\/2021\/09\/WhatsApp-Image-2021-09-21-at-10.23.01-PM.jpeg\",\"datePublished\":\"2021-09-22T21:31:39+00:00\",\"breadcrumb\":{\"@id\":\"https:\/\/pagina10.com\/web\/consejo-ciudadano-de-mujeres-y-alcaldia-de-pasto-realizaron-estrategia-economica-semillas-sabores-y-saberes\/#breadcrumb\"},\"inLanguage\":\"es\",\"potentialAction\":[{\"@type\":\"ReadAction\",\"target\":[\"https:\/\/pagina10.com\/web\/consejo-ciudadano-de-mujeres-y-alcaldia-de-pasto-realizaron-estrategia-economica-semillas-sabores-y-saberes\/\"]}]},{\"@type\":\"ImageObject\",\"inLanguage\":\"es\",\"@id\":\"https:\/\/pagina10.com\/web\/consejo-ciudadano-de-mujeres-y-alcaldia-de-pasto-realizaron-estrategia-economica-semillas-sabores-y-saberes\/#primaryimage\",\"url\":\"https:\/\/pagina10.com\/web\/wp-content\/uploads\/2021\/09\/WhatsApp-Image-2021-09-21-at-10.23.01-PM.jpeg\",\"contentUrl\":\"https:\/\/pagina10.com\/web\/wp-content\/uploads\/2021\/09\/WhatsApp-Image-2021-09-21-at-10.23.01-PM.jpeg\",\"width\":1280,\"height\":853},{\"@type\":\"BreadcrumbList\",\"@id\":\"https:\/\/pagina10.com\/web\/consejo-ciudadano-de-mujeres-y-alcaldia-de-pasto-realizaron-estrategia-economica-semillas-sabores-y-saberes\/#breadcrumb\",\"itemListElement\":[{\"@type\":\"ListItem\",\"position\":1,\"name\":\"Portada\",\"item\":\"https:\/\/pagina10.com\/web\/\"},{\"@type\":\"ListItem\",\"position\":2,\"name\":\"Consejo ciudadano de mujeres y alcald\u00eda de Pasto realizaron estrategia econ\u00f3mica &#8216;semillas, sabores y saberes&#8217;\"}]},{\"@type\":\"WebSite\",\"@id\":\"https:\/\/pagina10.com\/web\/#website\",\"url\":\"https:\/\/pagina10.com\/web\/\",\"name\":\"P\u00e1gina10\",\"description\":\"Peri\u00f3dico Regional\",\"publisher\":{\"@id\":\"https:\/\/pagina10.com\/web\/#organization\"},\"alternateName\":\"P\u00e1gina10 Peri\u00f3dico Regional\",\"potentialAction\":[{\"@type\":\"SearchAction\",\"target\":{\"@type\":\"EntryPoint\",\"urlTemplate\":\"https:\/\/pagina10.com\/web\/?s={search_term_string}\"},\"query-input\":{\"@type\":\"PropertyValueSpecification\",\"valueRequired\":true,\"valueName\":\"search_term_string\"}}],\"inLanguage\":\"es\"},{\"@type\":\"Organization\",\"@id\":\"https:\/\/pagina10.com\/web\/#organization\",\"name\":\"P\u00e1gina10\",\"alternateName\":\"P\u00e1gina10 Peri\u00f3dico Regional\",\"url\":\"https:\/\/pagina10.com\/web\/\",\"logo\":{\"@type\":\"ImageObject\",\"inLanguage\":\"es\",\"@id\":\"https:\/\/pagina10.com\/web\/#\/schema\/logo\/image\/\",\"url\":\"https:\/\/pagina10.com\/web\/wp-content\/uploads\/2024\/01\/40-pagina-10-periodico-regional-pasto.jpg\",\"contentUrl\":\"https:\/\/pagina10.com\/web\/wp-content\/uploads\/2024\/01\/40-pagina-10-periodico-regional-pasto.jpg\",\"width\":1280,\"height\":720,\"caption\":\"P\u00e1gina10\"},\"image\":{\"@id\":\"https:\/\/pagina10.com\/web\/#\/schema\/logo\/image\/\"},\"sameAs\":[\"https:\/\/www.facebook.com\/pag10com\",\"https:\/\/x.com\/Pag10com\",\"https:\/\/www.instagram.com\/pagina10col\/\",\"https:\/\/youtube.com\/channel\/pag10\",\"https:\/\/www.tiktok.com\/@p10col\"]},{\"@type\":\"Person\",\"@id\":\"https:\/\/pagina10.com\/web\/#\/schema\/person\/2efc4a090d25b667d3bc796798a3a81b\",\"name\":\"P\u00e1gina 10\",\"description\":\"P\u00e1gina 10 es un peri\u00f3dico regional que nace en Colombia, en el departamento de Nari\u00f1o, con un enfoque global, fundamentado en cuatro pilares esenciales: la libertad, el pluralismo, la inclusi\u00f3n y la independencia. P\u00e1gina 10 hace referencia a Nari\u00f1o como el d\u00e9cimo departamento creado en Colombia, despu\u00e9s de un proceso pol\u00edtico liderado por actores y actrices regionales con el fin de obtener la independencia y autonom\u00eda de nuestros territorios. Con la creaci\u00f3n de P\u00e1gina 10 se pretende abrir un escenario para el dialogo, la reflexi\u00f3n y el debate que se extienda a otras geograf\u00edas de Am\u00e9rica Latina y del planeta, en una apuesta por transformar colectivamente los desaf\u00edos de un mundo contempor\u00e1neo, m\u00e1s all\u00e1 de las fronteras impuestas.\",\"url\":\"https:\/\/pagina10.com\/web\/author\/pdiezadmin\/\"}]}<\/script>\n<!-- \/ Yoast SEO plugin. -->","yoast_head_json":{"title":"Consejo ciudadano de mujeres y alcald\u00eda de Pasto realizaron estrategia econ\u00f3mica 'semillas, sabores y saberes' | P\u00e1gina10","robots":{"index":"index","follow":"follow","max-snippet":"max-snippet:-1","max-image-preview":"max-image-preview:large","max-video-preview":"max-video-preview:-1"},"canonical":"https:\/\/pagina10.com\/web\/consejo-ciudadano-de-mujeres-y-alcaldia-de-pasto-realizaron-estrategia-economica-semillas-sabores-y-saberes\/","og_locale":"es_ES","og_type":"article","og_title":"Consejo ciudadano de mujeres y alcald\u00eda de Pasto realizaron estrategia econ\u00f3mica 'semillas, sabores y saberes' | P\u00e1gina10","og_description":"Con la participaci\u00f3n de 100 emprendimientos liderados por mujeres y una gran oferta de productos comerciales se llev\u00f3 a cabo exitosamente la estrategia econ\u00f3mica \u2018Semillas, sabores y saberes\u2019, liderada por el Consejo Ciudadano de Mujeres, la Secretar\u00eda de las Mujeres, Orientaciones Sexuales e Identidades de G\u00e9nero y el acompa\u00f1amiento de la Gestora Social, Marcela Hern\u00e1ndez. [&hellip;]","og_url":"https:\/\/pagina10.com\/web\/consejo-ciudadano-de-mujeres-y-alcaldia-de-pasto-realizaron-estrategia-economica-semillas-sabores-y-saberes\/","og_site_name":"P\u00e1gina10","article_publisher":"https:\/\/www.facebook.com\/pag10com","article_published_time":"2021-09-22T21:31:39+00:00","og_image":[{"width":1280,"height":853,"url":"https:\/\/pagina10.com\/web\/wp-content\/uploads\/2021\/09\/WhatsApp-Image-2021-09-21-at-10.23.01-PM.jpeg","type":"image\/jpeg"}],"author":"P\u00e1gina 10","twitter_card":"summary_large_image","twitter_creator":"@Pag10com","twitter_site":"@Pag10com","twitter_misc":{"Escrito por":"P\u00e1gina 10","Tiempo de lectura":"1 minuto"},"schema":{"@context":"https:\/\/schema.org","@graph":[{"@type":"Article","@id":"https:\/\/pagina10.com\/web\/consejo-ciudadano-de-mujeres-y-alcaldia-de-pasto-realizaron-estrategia-economica-semillas-sabores-y-saberes\/#article","isPartOf":{"@id":"https:\/\/pagina10.com\/web\/consejo-ciudadano-de-mujeres-y-alcaldia-de-pasto-realizaron-estrategia-economica-semillas-sabores-y-saberes\/"},"author":{"name":"P\u00e1gina 10","@id":"https:\/\/pagina10.com\/web\/#\/schema\/person\/2efc4a090d25b667d3bc796798a3a81b"},"headline":"Consejo ciudadano de mujeres y alcald\u00eda de Pasto realizaron estrategia econ\u00f3mica &#8216;semillas, sabores y saberes&#8217;","datePublished":"2021-09-22T21:31:39+00:00","mainEntityOfPage":{"@id":"https:\/\/pagina10.com\/web\/consejo-ciudadano-de-mujeres-y-alcaldia-de-pasto-realizaron-estrategia-economica-semillas-sabores-y-saberes\/"},"wordCount":316,"commentCount":0,"publisher":{"@id":"https:\/\/pagina10.com\/web\/#organization"},"image":{"@id":"https:\/\/pagina10.com\/web\/consejo-ciudadano-de-mujeres-y-alcaldia-de-pasto-realizaron-estrategia-economica-semillas-sabores-y-saberes\/#primaryimage"},"thumbnailUrl":"https:\/\/pagina10.com\/web\/wp-content\/uploads\/2021\/09\/WhatsApp-Image-2021-09-21-at-10.23.01-PM.jpeg","articleSection":["Econom\u00eda"],"inLanguage":"es","potentialAction":[{"@type":"CommentAction","name":"Comment","target":["https:\/\/pagina10.com\/web\/consejo-ciudadano-de-mujeres-y-alcaldia-de-pasto-realizaron-estrategia-economica-semillas-sabores-y-saberes\/#respond"]}]},{"@type":"WebPage","@id":"https:\/\/pagina10.com\/web\/consejo-ciudadano-de-mujeres-y-alcaldia-de-pasto-realizaron-estrategia-economica-semillas-sabores-y-saberes\/","url":"https:\/\/pagina10.com\/web\/consejo-ciudadano-de-mujeres-y-alcaldia-de-pasto-realizaron-estrategia-economica-semillas-sabores-y-saberes\/","name":"Consejo ciudadano de mujeres y alcald\u00eda de Pasto realizaron estrategia econ\u00f3mica 'semillas, sabores y saberes' | P\u00e1gina10","isPartOf":{"@id":"https:\/\/pagina10.com\/web\/#website"},"primaryImageOfPage":{"@id":"https:\/\/pagina10.com\/web\/consejo-ciudadano-de-mujeres-y-alcaldia-de-pasto-realizaron-estrategia-economica-semillas-sabores-y-saberes\/#primaryimage"},"image":{"@id":"https:\/\/pagina10.com\/web\/consejo-ciudadano-de-mujeres-y-alcaldia-de-pasto-realizaron-estrategia-economica-semillas-sabores-y-saberes\/#primaryimage"},"thumbnailUrl":"https:\/\/pagina10.com\/web\/wp-content\/uploads\/2021\/09\/WhatsApp-Image-2021-09-21-at-10.23.01-PM.jpeg","datePublished":"2021-09-22T21:31:39+00:00","breadcrumb":{"@id":"https:\/\/pagina10.com\/web\/consejo-ciudadano-de-mujeres-y-alcaldia-de-pasto-realizaron-estrategia-economica-semillas-sabores-y-saberes\/#breadcrumb"},"inLanguage":"es","potentialAction":[{"@type":"ReadAction","target":["https:\/\/pagina10.com\/web\/consejo-ciudadano-de-mujeres-y-alcaldia-de-pasto-realizaron-estrategia-economica-semillas-sabores-y-saberes\/"]}]},{"@type":"ImageObject","inLanguage":"es","@id":"https:\/\/pagina10.com\/web\/consejo-ciudadano-de-mujeres-y-alcaldia-de-pasto-realizaron-estrategia-economica-semillas-sabores-y-saberes\/#primaryimage","url":"https:\/\/pagina10.com\/web\/wp-content\/uploads\/2021\/09\/WhatsApp-Image-2021-09-21-at-10.23.01-PM.jpeg","contentUrl":"https:\/\/pagina10.com\/web\/wp-content\/uploads\/2021\/09\/WhatsApp-Image-2021-09-21-at-10.23.01-PM.jpeg","width":1280,"height":853},{"@type":"BreadcrumbList","@id":"https:\/\/pagina10.com\/web\/consejo-ciudadano-de-mujeres-y-alcaldia-de-pasto-realizaron-estrategia-economica-semillas-sabores-y-saberes\/#breadcrumb","itemListElement":[{"@type":"ListItem","position":1,"name":"Portada","item":"https:\/\/pagina10.com\/web\/"},{"@type":"ListItem","position":2,"name":"Consejo ciudadano de mujeres y alcald\u00eda de Pasto realizaron estrategia econ\u00f3mica &#8216;semillas, sabores y saberes&#8217;"}]},{"@type":"WebSite","@id":"https:\/\/pagina10.com\/web\/#website","url":"https:\/\/pagina10.com\/web\/","name":"P\u00e1gina10","description":"Peri\u00f3dico Regional","publisher":{"@id":"https:\/\/pagina10.com\/web\/#organization"},"alternateName":"P\u00e1gina10 Peri\u00f3dico Regional","potentialAction":[{"@type":"SearchAction","target":{"@type":"EntryPoint","urlTemplate":"https:\/\/pagina10.com\/web\/?s={search_term_string}"},"query-input":{"@type":"PropertyValueSpecification","valueRequired":true,"valueName":"search_term_string"}}],"inLanguage":"es"},{"@type":"Organization","@id":"https:\/\/pagina10.com\/web\/#organization","name":"P\u00e1gina10","alternateName":"P\u00e1gina10 Peri\u00f3dico Regional","url":"https:\/\/pagina10.com\/web\/","logo":{"@type":"ImageObject","inLanguage":"es","@id":"https:\/\/pagina10.com\/web\/#\/schema\/logo\/image\/","url":"https:\/\/pagina10.com\/web\/wp-content\/uploads\/2024\/01\/40-pagina-10-periodico-regional-pasto.jpg","contentUrl":"https:\/\/pagina10.com\/web\/wp-content\/uploads\/2024\/01\/40-pagina-10-periodico-regional-pasto.jpg","width":1280,"height":720,"caption":"P\u00e1gina10"},"image":{"@id":"https:\/\/pagina10.com\/web\/#\/schema\/logo\/image\/"},"sameAs":["https:\/\/www.facebook.com\/pag10com","https:\/\/x.com\/Pag10com","https:\/\/www.instagram.com\/pagina10col\/","https:\/\/youtube.com\/channel\/pag10","https:\/\/www.tiktok.com\/@p10col"]},{"@type":"Person","@id":"https:\/\/pagina10.com\/web\/#\/schema\/person\/2efc4a090d25b667d3bc796798a3a81b","name":"P\u00e1gina 10","description":"P\u00e1gina 10 es un peri\u00f3dico regional que nace en Colombia, en el departamento de Nari\u00f1o, con un enfoque global, fundamentado en cuatro pilares esenciales: la libertad, el pluralismo, la inclusi\u00f3n y la independencia. P\u00e1gina 10 hace referencia a Nari\u00f1o como el d\u00e9cimo departamento creado en Colombia, despu\u00e9s de un proceso pol\u00edtico liderado por actores y actrices regionales con el fin de obtener la independencia y autonom\u00eda de nuestros territorios. Con la creaci\u00f3n de P\u00e1gina 10 se pretende abrir un escenario para el dialogo, la reflexi\u00f3n y el debate que se extienda a otras geograf\u00edas de Am\u00e9rica Latina y del planeta, en una apuesta por transformar colectivamente los desaf\u00edos de un mundo contempor\u00e1neo, m\u00e1s all\u00e1 de las fronteras impuestas.","url":"https:\/\/pagina10.com\/web\/author\/pdiezadmin\/"}]}},"_links":{"self":[{"href":"https:\/\/pagina10.com\/web\/wp-json\/wp\/v2\/posts\/55818","targetHints":{"allow":["GET"]}}],"collection":[{"href":"https:\/\/pagina10.com\/web\/wp-json\/wp\/v2\/posts"}],"about":[{"href":"https:\/\/pagina10.com\/web\/wp-json\/wp\/v2\/types\/post"}],"author":[{"embeddable":true,"href":"https:\/\/pagina10.com\/web\/wp-json\/wp\/v2\/users\/1"}],"replies":[{"embeddable":true,"href":"https:\/\/pagina10.com\/web\/wp-json\/wp\/v2\/comments?post=55818"}],"version-history":[{"count":1,"href":"https:\/\/pagina10.com\/web\/wp-json\/wp\/v2\/posts\/55818\/revisions"}],"predecessor-version":[{"id":55820,"href":"https:\/\/pagina10.com\/web\/wp-json\/wp\/v2\/posts\/55818\/revisions\/55820"}],"wp:featuredmedia":[{"embeddable":true,"href":"https:\/\/pagina10.com\/web\/wp-json\/wp\/v2\/media\/55819"}],"wp:attachment":[{"href":"https:\/\/pagina10.com\/web\/wp-json\/wp\/v2\/media?parent=55818"}],"wp:term":[{"taxonomy":"category","embeddable":true,"href":"https:\/\/pagina10.com\/web\/wp-json\/wp\/v2\/categories?post=55818"},{"taxonomy":"post_tag","embeddable":true,"href":"https:\/\/pagina10.com\/web\/wp-json\/wp\/v2\/tags?post=55818"}],"curies":[{"name":"wp","href":"https:\/\/api.w.org\/{rel}","templated":true}]}}