{"id":55821,"date":"2021-09-22T16:38:26","date_gmt":"2021-09-22T21:38:26","guid":{"rendered":"https:\/\/pagina10.com\/web\/?p=55821"},"modified":"2021-09-22T16:38:26","modified_gmt":"2021-09-22T21:38:26","slug":"alcaldia-de-pasto-concluye-procesos-de-formacion-del-programa-de-la-escuela-de-artes-y-oficios","status":"publish","type":"post","link":"https:\/\/pagina10.com\/web\/alcaldia-de-pasto-concluye-procesos-de-formacion-del-programa-de-la-escuela-de-artes-y-oficios\/","title":{"rendered":"Alcald\u00eda de Pasto concluye procesos de formaci\u00f3n del programa de la escuela de artes y oficios"},"content":{"rendered":"<p style=\"text-align: justify;\">La Secretar\u00eda de Desarrollo Econ\u00f3mico y Competitividad apoya los proyectos de emprendimiento que se formulan en la Escuela de Artes y Oficios. Al concluir su proceso formativo, los estudiantes de la l\u00ednea de manicura y pedicura, podr\u00e1n fortalecer e impulsar sus proyectos a trav\u00e9s del incentivo \u2018Capital Semilla\u2019 otorgado a los emprendimientos enfocados a la generaci\u00f3n de empleo y la reactivaci\u00f3n econ\u00f3mica del municipio.<\/p>\n<p style=\"text-align: justify;\">\u201cAprender a formular proyectos de emprendimiento nos ayuda a superarnos en el \u00e1mbito personal y laboral, adem\u00e1s es una puerta para generar ingresos y empleo. Eso me parece muy importante para el desarrollo del territorio\u201d, afirma la aprendiz de la escuela, Mary Liliana L\u00f3pez.<\/p>\n<p style=\"text-align: justify;\">El programa de formaci\u00f3n comprende sustentaci\u00f3n te\u00f3rica y pr\u00e1ctica del proceso de elaboraci\u00f3n de manicura y pedicura tradicional y adicionalmente se brindan herramientas para fortalecer las capacidades de emprendimiento de las y los aprendices.<\/p>\n<p style=\"text-align: justify;\">\u201cUn oficio es una oportunidad para ser independientes, mejorar nuestra calidad de vida y lo m\u00e1s importante, al ser gratuita la formaci\u00f3n podemos acceder con facilidad y contar con oportunidades laborales\u201d, expresa la aprendiz, Pilar Tutalcha.<\/p>\n<p style=\"text-align: justify;\">Con estas actividades la Subsecretar\u00eda de Fomento incrementa el sentido de pertenencia de los aprendices e incentiva su esp\u00edritu emprendedor, para que las capacitaciones se conviertan en negocios reales.<\/p>\n<p style=\"text-align: justify;\">\u201cLas puertas de la Escuela de Artes y Oficios est\u00e1n abiertas para todas las personas que deseen profundizar o reforzar su conocimiento y la meta es apoyar estos procesos que son tan enriquecedores para la construcci\u00f3n de la Gran Capital\u201d, concluye la subsecretaria de Fomento, Gabriela Espindola.<\/p>\n","protected":false},"excerpt":{"rendered":"<p>La Secretar\u00eda de Desarrollo Econ\u00f3mico y Competitividad apoya los proyectos de emprendimiento que se formulan en la Escuela de Artes y Oficios. Al concluir su proceso formativo, los estudiantes de la l\u00ednea de manicura y pedicura, podr\u00e1n fortalecer e impulsar sus proyectos a trav\u00e9s del incentivo \u2018Capital Semilla\u2019 otorgado a los emprendimientos enfocados a la [&hellip;]<\/p>\n","protected":false},"author":1,"featured_media":55822,"comment_status":"open","ping_status":"open","sticky":false,"template":"","format":"standard","meta":{"footnotes":""},"categories":[13],"tags":[],"class_list":["post-55821","post","type-post","status-publish","format-standard","has-post-thumbnail","hentry","category-economia"],"yoast_head":"<!-- This site is optimized with the Yoast SEO plugin v27.1.1 - https:\/\/yoast.com\/product\/yoast-seo-wordpress\/ -->\n<title>Alcald\u00eda de Pasto concluye procesos de formaci\u00f3n del programa de la escuela de artes y oficios | P\u00e1gina10<\/title>\n<meta name=\"robots\" content=\"index, follow, max-snippet:-1, max-image-preview:large, max-video-preview:-1\" \/>\n<link rel=\"canonical\" href=\"https:\/\/pagina10.com\/web\/alcaldia-de-pasto-concluye-procesos-de-formacion-del-programa-de-la-escuela-de-artes-y-oficios\/\" \/>\n<meta property=\"og:locale\" content=\"es_ES\" \/>\n<meta property=\"og:type\" content=\"article\" \/>\n<meta property=\"og:title\" content=\"Alcald\u00eda de Pasto concluye procesos de formaci\u00f3n del programa de la escuela de artes y oficios | P\u00e1gina10\" \/>\n<meta property=\"og:description\" content=\"La Secretar\u00eda de Desarrollo Econ\u00f3mico y Competitividad apoya los proyectos de emprendimiento que se formulan en la Escuela de Artes y Oficios. Al concluir su proceso formativo, los estudiantes de la l\u00ednea de manicura y pedicura, podr\u00e1n fortalecer e impulsar sus proyectos a trav\u00e9s del incentivo \u2018Capital Semilla\u2019 otorgado a los emprendimientos enfocados a la [&hellip;]\" \/>\n<meta property=\"og:url\" content=\"https:\/\/pagina10.com\/web\/alcaldia-de-pasto-concluye-procesos-de-formacion-del-programa-de-la-escuela-de-artes-y-oficios\/\" \/>\n<meta property=\"og:site_name\" content=\"P\u00e1gina10\" \/>\n<meta property=\"article:publisher\" content=\"https:\/\/www.facebook.com\/pag10com\" \/>\n<meta property=\"article:published_time\" content=\"2021-09-22T21:38:26+00:00\" \/>\n<meta property=\"og:image\" content=\"https:\/\/pagina10.com\/web\/wp-content\/uploads\/2021\/09\/WhatsApp-Image-2021-09-20-at-12.55.03-AM.jpeg\" \/>\n\t<meta property=\"og:image:width\" content=\"1024\" \/>\n\t<meta property=\"og:image:height\" content=\"569\" \/>\n\t<meta property=\"og:image:type\" content=\"image\/jpeg\" \/>\n<meta name=\"author\" content=\"P\u00e1gina 10\" \/>\n<meta name=\"twitter:card\" content=\"summary_large_image\" \/>\n<meta name=\"twitter:creator\" content=\"@Pag10com\" \/>\n<meta name=\"twitter:site\" content=\"@Pag10com\" \/>\n<meta name=\"twitter:label1\" content=\"Escrito por\" \/>\n\t<meta name=\"twitter:data1\" content=\"P\u00e1gina 10\" \/>\n\t<meta name=\"twitter:label2\" content=\"Tiempo de lectura\" \/>\n\t<meta name=\"twitter:data2\" content=\"1 minuto\" \/>\n<script type=\"application\/ld+json\" class=\"yoast-schema-graph\">{\"@context\":\"https:\/\/schema.org\",\"@graph\":[{\"@type\":\"Article\",\"@id\":\"https:\/\/pagina10.com\/web\/alcaldia-de-pasto-concluye-procesos-de-formacion-del-programa-de-la-escuela-de-artes-y-oficios\/#article\",\"isPartOf\":{\"@id\":\"https:\/\/pagina10.com\/web\/alcaldia-de-pasto-concluye-procesos-de-formacion-del-programa-de-la-escuela-de-artes-y-oficios\/\"},\"author\":{\"name\":\"P\u00e1gina 10\",\"@id\":\"https:\/\/pagina10.com\/web\/#\/schema\/person\/2efc4a090d25b667d3bc796798a3a81b\"},\"headline\":\"Alcald\u00eda de Pasto concluye procesos de formaci\u00f3n del programa de la escuela de artes y oficios\",\"datePublished\":\"2021-09-22T21:38:26+00:00\",\"mainEntityOfPage\":{\"@id\":\"https:\/\/pagina10.com\/web\/alcaldia-de-pasto-concluye-procesos-de-formacion-del-programa-de-la-escuela-de-artes-y-oficios\/\"},\"wordCount\":293,\"commentCount\":0,\"publisher\":{\"@id\":\"https:\/\/pagina10.com\/web\/#organization\"},\"image\":{\"@id\":\"https:\/\/pagina10.com\/web\/alcaldia-de-pasto-concluye-procesos-de-formacion-del-programa-de-la-escuela-de-artes-y-oficios\/#primaryimage\"},\"thumbnailUrl\":\"https:\/\/pagina10.com\/web\/wp-content\/uploads\/2021\/09\/WhatsApp-Image-2021-09-20-at-12.55.03-AM.jpeg\",\"articleSection\":[\"Econom\u00eda\"],\"inLanguage\":\"es\",\"potentialAction\":[{\"@type\":\"CommentAction\",\"name\":\"Comment\",\"target\":[\"https:\/\/pagina10.com\/web\/alcaldia-de-pasto-concluye-procesos-de-formacion-del-programa-de-la-escuela-de-artes-y-oficios\/#respond\"]}]},{\"@type\":\"WebPage\",\"@id\":\"https:\/\/pagina10.com\/web\/alcaldia-de-pasto-concluye-procesos-de-formacion-del-programa-de-la-escuela-de-artes-y-oficios\/\",\"url\":\"https:\/\/pagina10.com\/web\/alcaldia-de-pasto-concluye-procesos-de-formacion-del-programa-de-la-escuela-de-artes-y-oficios\/\",\"name\":\"Alcald\u00eda de Pasto concluye procesos de formaci\u00f3n del programa de la escuela de artes y oficios | P\u00e1gina10\",\"isPartOf\":{\"@id\":\"https:\/\/pagina10.com\/web\/#website\"},\"primaryImageOfPage\":{\"@id\":\"https:\/\/pagina10.com\/web\/alcaldia-de-pasto-concluye-procesos-de-formacion-del-programa-de-la-escuela-de-artes-y-oficios\/#primaryimage\"},\"image\":{\"@id\":\"https:\/\/pagina10.com\/web\/alcaldia-de-pasto-concluye-procesos-de-formacion-del-programa-de-la-escuela-de-artes-y-oficios\/#primaryimage\"},\"thumbnailUrl\":\"https:\/\/pagina10.com\/web\/wp-content\/uploads\/2021\/09\/WhatsApp-Image-2021-09-20-at-12.55.03-AM.jpeg\",\"datePublished\":\"2021-09-22T21:38:26+00:00\",\"breadcrumb\":{\"@id\":\"https:\/\/pagina10.com\/web\/alcaldia-de-pasto-concluye-procesos-de-formacion-del-programa-de-la-escuela-de-artes-y-oficios\/#breadcrumb\"},\"inLanguage\":\"es\",\"potentialAction\":[{\"@type\":\"ReadAction\",\"target\":[\"https:\/\/pagina10.com\/web\/alcaldia-de-pasto-concluye-procesos-de-formacion-del-programa-de-la-escuela-de-artes-y-oficios\/\"]}]},{\"@type\":\"ImageObject\",\"inLanguage\":\"es\",\"@id\":\"https:\/\/pagina10.com\/web\/alcaldia-de-pasto-concluye-procesos-de-formacion-del-programa-de-la-escuela-de-artes-y-oficios\/#primaryimage\",\"url\":\"https:\/\/pagina10.com\/web\/wp-content\/uploads\/2021\/09\/WhatsApp-Image-2021-09-20-at-12.55.03-AM.jpeg\",\"contentUrl\":\"https:\/\/pagina10.com\/web\/wp-content\/uploads\/2021\/09\/WhatsApp-Image-2021-09-20-at-12.55.03-AM.jpeg\",\"width\":1024,\"height\":569},{\"@type\":\"BreadcrumbList\",\"@id\":\"https:\/\/pagina10.com\/web\/alcaldia-de-pasto-concluye-procesos-de-formacion-del-programa-de-la-escuela-de-artes-y-oficios\/#breadcrumb\",\"itemListElement\":[{\"@type\":\"ListItem\",\"position\":1,\"name\":\"Portada\",\"item\":\"https:\/\/pagina10.com\/web\/\"},{\"@type\":\"ListItem\",\"position\":2,\"name\":\"Alcald\u00eda de Pasto concluye procesos de formaci\u00f3n del programa de la escuela de artes y oficios\"}]},{\"@type\":\"WebSite\",\"@id\":\"https:\/\/pagina10.com\/web\/#website\",\"url\":\"https:\/\/pagina10.com\/web\/\",\"name\":\"P\u00e1gina10\",\"description\":\"Peri\u00f3dico Regional\",\"publisher\":{\"@id\":\"https:\/\/pagina10.com\/web\/#organization\"},\"alternateName\":\"P\u00e1gina10 Peri\u00f3dico Regional\",\"potentialAction\":[{\"@type\":\"SearchAction\",\"target\":{\"@type\":\"EntryPoint\",\"urlTemplate\":\"https:\/\/pagina10.com\/web\/?s={search_term_string}\"},\"query-input\":{\"@type\":\"PropertyValueSpecification\",\"valueRequired\":true,\"valueName\":\"search_term_string\"}}],\"inLanguage\":\"es\"},{\"@type\":\"Organization\",\"@id\":\"https:\/\/pagina10.com\/web\/#organization\",\"name\":\"P\u00e1gina10\",\"alternateName\":\"P\u00e1gina10 Peri\u00f3dico Regional\",\"url\":\"https:\/\/pagina10.com\/web\/\",\"logo\":{\"@type\":\"ImageObject\",\"inLanguage\":\"es\",\"@id\":\"https:\/\/pagina10.com\/web\/#\/schema\/logo\/image\/\",\"url\":\"https:\/\/pagina10.com\/web\/wp-content\/uploads\/2024\/01\/40-pagina-10-periodico-regional-pasto.jpg\",\"contentUrl\":\"https:\/\/pagina10.com\/web\/wp-content\/uploads\/2024\/01\/40-pagina-10-periodico-regional-pasto.jpg\",\"width\":1280,\"height\":720,\"caption\":\"P\u00e1gina10\"},\"image\":{\"@id\":\"https:\/\/pagina10.com\/web\/#\/schema\/logo\/image\/\"},\"sameAs\":[\"https:\/\/www.facebook.com\/pag10com\",\"https:\/\/x.com\/Pag10com\",\"https:\/\/www.instagram.com\/pagina10col\/\",\"https:\/\/youtube.com\/channel\/pag10\",\"https:\/\/www.tiktok.com\/@p10col\"]},{\"@type\":\"Person\",\"@id\":\"https:\/\/pagina10.com\/web\/#\/schema\/person\/2efc4a090d25b667d3bc796798a3a81b\",\"name\":\"P\u00e1gina 10\",\"description\":\"P\u00e1gina 10 es un peri\u00f3dico regional que nace en Colombia, en el departamento de Nari\u00f1o, con un enfoque global, fundamentado en cuatro pilares esenciales: la libertad, el pluralismo, la inclusi\u00f3n y la independencia. P\u00e1gina 10 hace referencia a Nari\u00f1o como el d\u00e9cimo departamento creado en Colombia, despu\u00e9s de un proceso pol\u00edtico liderado por actores y actrices regionales con el fin de obtener la independencia y autonom\u00eda de nuestros territorios. Con la creaci\u00f3n de P\u00e1gina 10 se pretende abrir un escenario para el dialogo, la reflexi\u00f3n y el debate que se extienda a otras geograf\u00edas de Am\u00e9rica Latina y del planeta, en una apuesta por transformar colectivamente los desaf\u00edos de un mundo contempor\u00e1neo, m\u00e1s all\u00e1 de las fronteras impuestas.\",\"url\":\"https:\/\/pagina10.com\/web\/author\/pdiezadmin\/\"}]}<\/script>\n<!-- \/ Yoast SEO plugin. -->","yoast_head_json":{"title":"Alcald\u00eda de Pasto concluye procesos de formaci\u00f3n del programa de la escuela de artes y oficios | P\u00e1gina10","robots":{"index":"index","follow":"follow","max-snippet":"max-snippet:-1","max-image-preview":"max-image-preview:large","max-video-preview":"max-video-preview:-1"},"canonical":"https:\/\/pagina10.com\/web\/alcaldia-de-pasto-concluye-procesos-de-formacion-del-programa-de-la-escuela-de-artes-y-oficios\/","og_locale":"es_ES","og_type":"article","og_title":"Alcald\u00eda de Pasto concluye procesos de formaci\u00f3n del programa de la escuela de artes y oficios | P\u00e1gina10","og_description":"La Secretar\u00eda de Desarrollo Econ\u00f3mico y Competitividad apoya los proyectos de emprendimiento que se formulan en la Escuela de Artes y Oficios. Al concluir su proceso formativo, los estudiantes de la l\u00ednea de manicura y pedicura, podr\u00e1n fortalecer e impulsar sus proyectos a trav\u00e9s del incentivo \u2018Capital Semilla\u2019 otorgado a los emprendimientos enfocados a la [&hellip;]","og_url":"https:\/\/pagina10.com\/web\/alcaldia-de-pasto-concluye-procesos-de-formacion-del-programa-de-la-escuela-de-artes-y-oficios\/","og_site_name":"P\u00e1gina10","article_publisher":"https:\/\/www.facebook.com\/pag10com","article_published_time":"2021-09-22T21:38:26+00:00","og_image":[{"width":1024,"height":569,"url":"https:\/\/pagina10.com\/web\/wp-content\/uploads\/2021\/09\/WhatsApp-Image-2021-09-20-at-12.55.03-AM.jpeg","type":"image\/jpeg"}],"author":"P\u00e1gina 10","twitter_card":"summary_large_image","twitter_creator":"@Pag10com","twitter_site":"@Pag10com","twitter_misc":{"Escrito por":"P\u00e1gina 10","Tiempo de lectura":"1 minuto"},"schema":{"@context":"https:\/\/schema.org","@graph":[{"@type":"Article","@id":"https:\/\/pagina10.com\/web\/alcaldia-de-pasto-concluye-procesos-de-formacion-del-programa-de-la-escuela-de-artes-y-oficios\/#article","isPartOf":{"@id":"https:\/\/pagina10.com\/web\/alcaldia-de-pasto-concluye-procesos-de-formacion-del-programa-de-la-escuela-de-artes-y-oficios\/"},"author":{"name":"P\u00e1gina 10","@id":"https:\/\/pagina10.com\/web\/#\/schema\/person\/2efc4a090d25b667d3bc796798a3a81b"},"headline":"Alcald\u00eda de Pasto concluye procesos de formaci\u00f3n del programa de la escuela de artes y oficios","datePublished":"2021-09-22T21:38:26+00:00","mainEntityOfPage":{"@id":"https:\/\/pagina10.com\/web\/alcaldia-de-pasto-concluye-procesos-de-formacion-del-programa-de-la-escuela-de-artes-y-oficios\/"},"wordCount":293,"commentCount":0,"publisher":{"@id":"https:\/\/pagina10.com\/web\/#organization"},"image":{"@id":"https:\/\/pagina10.com\/web\/alcaldia-de-pasto-concluye-procesos-de-formacion-del-programa-de-la-escuela-de-artes-y-oficios\/#primaryimage"},"thumbnailUrl":"https:\/\/pagina10.com\/web\/wp-content\/uploads\/2021\/09\/WhatsApp-Image-2021-09-20-at-12.55.03-AM.jpeg","articleSection":["Econom\u00eda"],"inLanguage":"es","potentialAction":[{"@type":"CommentAction","name":"Comment","target":["https:\/\/pagina10.com\/web\/alcaldia-de-pasto-concluye-procesos-de-formacion-del-programa-de-la-escuela-de-artes-y-oficios\/#respond"]}]},{"@type":"WebPage","@id":"https:\/\/pagina10.com\/web\/alcaldia-de-pasto-concluye-procesos-de-formacion-del-programa-de-la-escuela-de-artes-y-oficios\/","url":"https:\/\/pagina10.com\/web\/alcaldia-de-pasto-concluye-procesos-de-formacion-del-programa-de-la-escuela-de-artes-y-oficios\/","name":"Alcald\u00eda de Pasto concluye procesos de formaci\u00f3n del programa de la escuela de artes y oficios | P\u00e1gina10","isPartOf":{"@id":"https:\/\/pagina10.com\/web\/#website"},"primaryImageOfPage":{"@id":"https:\/\/pagina10.com\/web\/alcaldia-de-pasto-concluye-procesos-de-formacion-del-programa-de-la-escuela-de-artes-y-oficios\/#primaryimage"},"image":{"@id":"https:\/\/pagina10.com\/web\/alcaldia-de-pasto-concluye-procesos-de-formacion-del-programa-de-la-escuela-de-artes-y-oficios\/#primaryimage"},"thumbnailUrl":"https:\/\/pagina10.com\/web\/wp-content\/uploads\/2021\/09\/WhatsApp-Image-2021-09-20-at-12.55.03-AM.jpeg","datePublished":"2021-09-22T21:38:26+00:00","breadcrumb":{"@id":"https:\/\/pagina10.com\/web\/alcaldia-de-pasto-concluye-procesos-de-formacion-del-programa-de-la-escuela-de-artes-y-oficios\/#breadcrumb"},"inLanguage":"es","potentialAction":[{"@type":"ReadAction","target":["https:\/\/pagina10.com\/web\/alcaldia-de-pasto-concluye-procesos-de-formacion-del-programa-de-la-escuela-de-artes-y-oficios\/"]}]},{"@type":"ImageObject","inLanguage":"es","@id":"https:\/\/pagina10.com\/web\/alcaldia-de-pasto-concluye-procesos-de-formacion-del-programa-de-la-escuela-de-artes-y-oficios\/#primaryimage","url":"https:\/\/pagina10.com\/web\/wp-content\/uploads\/2021\/09\/WhatsApp-Image-2021-09-20-at-12.55.03-AM.jpeg","contentUrl":"https:\/\/pagina10.com\/web\/wp-content\/uploads\/2021\/09\/WhatsApp-Image-2021-09-20-at-12.55.03-AM.jpeg","width":1024,"height":569},{"@type":"BreadcrumbList","@id":"https:\/\/pagina10.com\/web\/alcaldia-de-pasto-concluye-procesos-de-formacion-del-programa-de-la-escuela-de-artes-y-oficios\/#breadcrumb","itemListElement":[{"@type":"ListItem","position":1,"name":"Portada","item":"https:\/\/pagina10.com\/web\/"},{"@type":"ListItem","position":2,"name":"Alcald\u00eda de Pasto concluye procesos de formaci\u00f3n del programa de la escuela de artes y oficios"}]},{"@type":"WebSite","@id":"https:\/\/pagina10.com\/web\/#website","url":"https:\/\/pagina10.com\/web\/","name":"P\u00e1gina10","description":"Peri\u00f3dico Regional","publisher":{"@id":"https:\/\/pagina10.com\/web\/#organization"},"alternateName":"P\u00e1gina10 Peri\u00f3dico Regional","potentialAction":[{"@type":"SearchAction","target":{"@type":"EntryPoint","urlTemplate":"https:\/\/pagina10.com\/web\/?s={search_term_string}"},"query-input":{"@type":"PropertyValueSpecification","valueRequired":true,"valueName":"search_term_string"}}],"inLanguage":"es"},{"@type":"Organization","@id":"https:\/\/pagina10.com\/web\/#organization","name":"P\u00e1gina10","alternateName":"P\u00e1gina10 Peri\u00f3dico Regional","url":"https:\/\/pagina10.com\/web\/","logo":{"@type":"ImageObject","inLanguage":"es","@id":"https:\/\/pagina10.com\/web\/#\/schema\/logo\/image\/","url":"https:\/\/pagina10.com\/web\/wp-content\/uploads\/2024\/01\/40-pagina-10-periodico-regional-pasto.jpg","contentUrl":"https:\/\/pagina10.com\/web\/wp-content\/uploads\/2024\/01\/40-pagina-10-periodico-regional-pasto.jpg","width":1280,"height":720,"caption":"P\u00e1gina10"},"image":{"@id":"https:\/\/pagina10.com\/web\/#\/schema\/logo\/image\/"},"sameAs":["https:\/\/www.facebook.com\/pag10com","https:\/\/x.com\/Pag10com","https:\/\/www.instagram.com\/pagina10col\/","https:\/\/youtube.com\/channel\/pag10","https:\/\/www.tiktok.com\/@p10col"]},{"@type":"Person","@id":"https:\/\/pagina10.com\/web\/#\/schema\/person\/2efc4a090d25b667d3bc796798a3a81b","name":"P\u00e1gina 10","description":"P\u00e1gina 10 es un peri\u00f3dico regional que nace en Colombia, en el departamento de Nari\u00f1o, con un enfoque global, fundamentado en cuatro pilares esenciales: la libertad, el pluralismo, la inclusi\u00f3n y la independencia. P\u00e1gina 10 hace referencia a Nari\u00f1o como el d\u00e9cimo departamento creado en Colombia, despu\u00e9s de un proceso pol\u00edtico liderado por actores y actrices regionales con el fin de obtener la independencia y autonom\u00eda de nuestros territorios. Con la creaci\u00f3n de P\u00e1gina 10 se pretende abrir un escenario para el dialogo, la reflexi\u00f3n y el debate que se extienda a otras geograf\u00edas de Am\u00e9rica Latina y del planeta, en una apuesta por transformar colectivamente los desaf\u00edos de un mundo contempor\u00e1neo, m\u00e1s all\u00e1 de las fronteras impuestas.","url":"https:\/\/pagina10.com\/web\/author\/pdiezadmin\/"}]}},"_links":{"self":[{"href":"https:\/\/pagina10.com\/web\/wp-json\/wp\/v2\/posts\/55821","targetHints":{"allow":["GET"]}}],"collection":[{"href":"https:\/\/pagina10.com\/web\/wp-json\/wp\/v2\/posts"}],"about":[{"href":"https:\/\/pagina10.com\/web\/wp-json\/wp\/v2\/types\/post"}],"author":[{"embeddable":true,"href":"https:\/\/pagina10.com\/web\/wp-json\/wp\/v2\/users\/1"}],"replies":[{"embeddable":true,"href":"https:\/\/pagina10.com\/web\/wp-json\/wp\/v2\/comments?post=55821"}],"version-history":[{"count":1,"href":"https:\/\/pagina10.com\/web\/wp-json\/wp\/v2\/posts\/55821\/revisions"}],"predecessor-version":[{"id":55823,"href":"https:\/\/pagina10.com\/web\/wp-json\/wp\/v2\/posts\/55821\/revisions\/55823"}],"wp:featuredmedia":[{"embeddable":true,"href":"https:\/\/pagina10.com\/web\/wp-json\/wp\/v2\/media\/55822"}],"wp:attachment":[{"href":"https:\/\/pagina10.com\/web\/wp-json\/wp\/v2\/media?parent=55821"}],"wp:term":[{"taxonomy":"category","embeddable":true,"href":"https:\/\/pagina10.com\/web\/wp-json\/wp\/v2\/categories?post=55821"},{"taxonomy":"post_tag","embeddable":true,"href":"https:\/\/pagina10.com\/web\/wp-json\/wp\/v2\/tags?post=55821"}],"curies":[{"name":"wp","href":"https:\/\/api.w.org\/{rel}","templated":true}]}}