{"id":55857,"date":"2021-09-24T21:34:32","date_gmt":"2021-09-25T02:34:32","guid":{"rendered":"https:\/\/pagina10.com\/web\/?p=55857"},"modified":"2021-09-24T21:34:54","modified_gmt":"2021-09-25T02:34:54","slug":"con-exito-se-dio-a-conocer-la-estrategia-de-reactivacion-economica-a-la-medida-en-narino-primero-lo-nuestro-en-el-encuentro-nacional-de-camaras-de-comercio","status":"publish","type":"post","link":"https:\/\/pagina10.com\/web\/con-exito-se-dio-a-conocer-la-estrategia-de-reactivacion-economica-a-la-medida-en-narino-primero-lo-nuestro-en-el-encuentro-nacional-de-camaras-de-comercio\/","title":{"rendered":"Con \u00e9xito se dio a conocer la estrategia de \u201cReactivaci\u00f3n econ\u00f3mica a la medida, en Nari\u00f1o primero lo nuestro&#8221; en el encuentro nacional de C\u00e1maras de Comercio."},"content":{"rendered":"<p style=\"text-align: justify;\">El Presidente Ejecutivo de la C\u00e1mara de Comercio de Pasto, Damir Bravo Molina, estuvo presente el d\u00eda de hoy en el \u2018Encuentro Nacional de C\u00e1maras de Comercio\u2019 de Confec\u00e1maras, evento que se desarroll\u00f3 los d\u00edas 23 y 24 de septiembre y en el que se hizo un reconocimiento a la entidad por su trabajo acerca del caso de exito de la estrategia: \u2018Reactivaci\u00f3n Econ\u00f3mica a la Medida en Nari\u00f1o, Primero lo Nuestro.\u2019<\/p>\n<p style=\"text-align: justify;\">En la ponencia que dio el Presidente Damir Bravo mencion\u00f3 la labor realizada a partir de los diferentes cl\u00fasters\u00e1 con los que actualmente cuenta la entidad, enfocados en los productos y servicios presentes en el comercio regional; el incremento de las empresas dedicadas a la exportaci\u00f3n de sus productos, la creaci\u00f3n del grupo empresarial de Nari\u00f1o -GEN21-, la implementaci\u00f3n de la pol\u00edtica corporativa a partir de sus ocho megas, el fortalecimiento fronterizo con Ecuador por medio del Encuentro Binacional y las veedur\u00edas encargadas de la vigilancia y control de los proyectos desarrollados en el departamento de Nari\u00f1o.<\/p>\n<p style=\"text-align: justify;\">En su discurso destac\u00f3 el compromiso de los comerciantes y empresarios que han trabajado de la mano de la entidad, fortaleciendo sus empresas y cooperando de forma articulada por la reactivaci\u00f3n econ\u00f3mica de todo el departamento de Nari\u00f1o, de igual forma, agradeci\u00f3 a la Junta Directiva por el apoyo constante que ha brindado para la consecuci\u00f3n de estos objetivos.<\/p>\n<p style=\"text-align: justify;\">La estrategia de Reactivaci\u00f3n Econ\u00f3mica a la Medida se ha desarrollado a partir de las particularidades de cada municipio, identificando sus potencialidades y fortalezas para la implementaci\u00f3n de diferentes actividades que permitan el crecimiento y desarrollo del comercio local.<\/p>\n","protected":false},"excerpt":{"rendered":"<p>El Presidente Ejecutivo de la C\u00e1mara de Comercio de Pasto, Damir Bravo Molina, estuvo presente el d\u00eda de hoy en el \u2018Encuentro Nacional de C\u00e1maras de Comercio\u2019 de Confec\u00e1maras, evento que se desarroll\u00f3 los d\u00edas 23 y 24 de septiembre y en el que se hizo un reconocimiento a la entidad por su trabajo acerca [&hellip;]<\/p>\n","protected":false},"author":1,"featured_media":55858,"comment_status":"open","ping_status":"open","sticky":false,"template":"","format":"standard","meta":{"footnotes":""},"categories":[13],"tags":[],"class_list":["post-55857","post","type-post","status-publish","format-standard","has-post-thumbnail","hentry","category-economia"],"yoast_head":"<!-- This site is optimized with the Yoast SEO plugin v27.1.1 - https:\/\/yoast.com\/product\/yoast-seo-wordpress\/ -->\n<title>Con \u00e9xito se dio a conocer la estrategia de \u201cReactivaci\u00f3n econ\u00f3mica a la medida, en Nari\u00f1o primero lo nuestro&quot; en el encuentro nacional de C\u00e1maras de Comercio. | P\u00e1gina10<\/title>\n<meta name=\"robots\" content=\"index, follow, max-snippet:-1, max-image-preview:large, max-video-preview:-1\" \/>\n<link rel=\"canonical\" href=\"https:\/\/pagina10.com\/web\/con-exito-se-dio-a-conocer-la-estrategia-de-reactivacion-economica-a-la-medida-en-narino-primero-lo-nuestro-en-el-encuentro-nacional-de-camaras-de-comercio\/\" \/>\n<meta property=\"og:locale\" content=\"es_ES\" \/>\n<meta property=\"og:type\" content=\"article\" \/>\n<meta property=\"og:title\" content=\"Con \u00e9xito se dio a conocer la estrategia de \u201cReactivaci\u00f3n econ\u00f3mica a la medida, en Nari\u00f1o primero lo nuestro&quot; en el encuentro nacional de C\u00e1maras de Comercio. | P\u00e1gina10\" \/>\n<meta property=\"og:description\" content=\"El Presidente Ejecutivo de la C\u00e1mara de Comercio de Pasto, Damir Bravo Molina, estuvo presente el d\u00eda de hoy en el \u2018Encuentro Nacional de C\u00e1maras de Comercio\u2019 de Confec\u00e1maras, evento que se desarroll\u00f3 los d\u00edas 23 y 24 de septiembre y en el que se hizo un reconocimiento a la entidad por su trabajo acerca [&hellip;]\" \/>\n<meta property=\"og:url\" content=\"https:\/\/pagina10.com\/web\/con-exito-se-dio-a-conocer-la-estrategia-de-reactivacion-economica-a-la-medida-en-narino-primero-lo-nuestro-en-el-encuentro-nacional-de-camaras-de-comercio\/\" \/>\n<meta property=\"og:site_name\" content=\"P\u00e1gina10\" \/>\n<meta property=\"article:publisher\" content=\"https:\/\/www.facebook.com\/pag10com\" \/>\n<meta property=\"article:published_time\" content=\"2021-09-25T02:34:32+00:00\" \/>\n<meta property=\"article:modified_time\" content=\"2021-09-25T02:34:54+00:00\" \/>\n<meta property=\"og:image\" content=\"https:\/\/pagina10.com\/web\/wp-content\/uploads\/2021\/09\/WhatsApp-Image-2021-09-24-at-9.29.29-PM.jpeg\" \/>\n\t<meta property=\"og:image:width\" content=\"947\" \/>\n\t<meta property=\"og:image:height\" content=\"754\" \/>\n\t<meta property=\"og:image:type\" content=\"image\/jpeg\" \/>\n<meta name=\"author\" content=\"P\u00e1gina 10\" \/>\n<meta name=\"twitter:card\" content=\"summary_large_image\" \/>\n<meta name=\"twitter:creator\" content=\"@Pag10com\" \/>\n<meta name=\"twitter:site\" content=\"@Pag10com\" \/>\n<meta name=\"twitter:label1\" content=\"Escrito por\" \/>\n\t<meta name=\"twitter:data1\" content=\"P\u00e1gina 10\" \/>\n\t<meta name=\"twitter:label2\" content=\"Tiempo de lectura\" \/>\n\t<meta name=\"twitter:data2\" content=\"1 minuto\" \/>\n<script type=\"application\/ld+json\" class=\"yoast-schema-graph\">{\"@context\":\"https:\/\/schema.org\",\"@graph\":[{\"@type\":\"Article\",\"@id\":\"https:\/\/pagina10.com\/web\/con-exito-se-dio-a-conocer-la-estrategia-de-reactivacion-economica-a-la-medida-en-narino-primero-lo-nuestro-en-el-encuentro-nacional-de-camaras-de-comercio\/#article\",\"isPartOf\":{\"@id\":\"https:\/\/pagina10.com\/web\/con-exito-se-dio-a-conocer-la-estrategia-de-reactivacion-economica-a-la-medida-en-narino-primero-lo-nuestro-en-el-encuentro-nacional-de-camaras-de-comercio\/\"},\"author\":{\"name\":\"P\u00e1gina 10\",\"@id\":\"https:\/\/pagina10.com\/web\/#\/schema\/person\/2efc4a090d25b667d3bc796798a3a81b\"},\"headline\":\"Con \u00e9xito se dio a conocer la estrategia de \u201cReactivaci\u00f3n econ\u00f3mica a la medida, en Nari\u00f1o primero lo nuestro&#8221; en el encuentro nacional de C\u00e1maras de Comercio.\",\"datePublished\":\"2021-09-25T02:34:32+00:00\",\"dateModified\":\"2021-09-25T02:34:54+00:00\",\"mainEntityOfPage\":{\"@id\":\"https:\/\/pagina10.com\/web\/con-exito-se-dio-a-conocer-la-estrategia-de-reactivacion-economica-a-la-medida-en-narino-primero-lo-nuestro-en-el-encuentro-nacional-de-camaras-de-comercio\/\"},\"wordCount\":320,\"commentCount\":0,\"publisher\":{\"@id\":\"https:\/\/pagina10.com\/web\/#organization\"},\"image\":{\"@id\":\"https:\/\/pagina10.com\/web\/con-exito-se-dio-a-conocer-la-estrategia-de-reactivacion-economica-a-la-medida-en-narino-primero-lo-nuestro-en-el-encuentro-nacional-de-camaras-de-comercio\/#primaryimage\"},\"thumbnailUrl\":\"https:\/\/pagina10.com\/web\/wp-content\/uploads\/2021\/09\/WhatsApp-Image-2021-09-24-at-9.29.29-PM.jpeg\",\"articleSection\":[\"Econom\u00eda\"],\"inLanguage\":\"es\",\"potentialAction\":[{\"@type\":\"CommentAction\",\"name\":\"Comment\",\"target\":[\"https:\/\/pagina10.com\/web\/con-exito-se-dio-a-conocer-la-estrategia-de-reactivacion-economica-a-la-medida-en-narino-primero-lo-nuestro-en-el-encuentro-nacional-de-camaras-de-comercio\/#respond\"]}]},{\"@type\":\"WebPage\",\"@id\":\"https:\/\/pagina10.com\/web\/con-exito-se-dio-a-conocer-la-estrategia-de-reactivacion-economica-a-la-medida-en-narino-primero-lo-nuestro-en-el-encuentro-nacional-de-camaras-de-comercio\/\",\"url\":\"https:\/\/pagina10.com\/web\/con-exito-se-dio-a-conocer-la-estrategia-de-reactivacion-economica-a-la-medida-en-narino-primero-lo-nuestro-en-el-encuentro-nacional-de-camaras-de-comercio\/\",\"name\":\"Con \u00e9xito se dio a conocer la estrategia de \u201cReactivaci\u00f3n econ\u00f3mica a la medida, en Nari\u00f1o primero lo nuestro\\\" en el encuentro nacional de C\u00e1maras de Comercio. | P\u00e1gina10\",\"isPartOf\":{\"@id\":\"https:\/\/pagina10.com\/web\/#website\"},\"primaryImageOfPage\":{\"@id\":\"https:\/\/pagina10.com\/web\/con-exito-se-dio-a-conocer-la-estrategia-de-reactivacion-economica-a-la-medida-en-narino-primero-lo-nuestro-en-el-encuentro-nacional-de-camaras-de-comercio\/#primaryimage\"},\"image\":{\"@id\":\"https:\/\/pagina10.com\/web\/con-exito-se-dio-a-conocer-la-estrategia-de-reactivacion-economica-a-la-medida-en-narino-primero-lo-nuestro-en-el-encuentro-nacional-de-camaras-de-comercio\/#primaryimage\"},\"thumbnailUrl\":\"https:\/\/pagina10.com\/web\/wp-content\/uploads\/2021\/09\/WhatsApp-Image-2021-09-24-at-9.29.29-PM.jpeg\",\"datePublished\":\"2021-09-25T02:34:32+00:00\",\"dateModified\":\"2021-09-25T02:34:54+00:00\",\"breadcrumb\":{\"@id\":\"https:\/\/pagina10.com\/web\/con-exito-se-dio-a-conocer-la-estrategia-de-reactivacion-economica-a-la-medida-en-narino-primero-lo-nuestro-en-el-encuentro-nacional-de-camaras-de-comercio\/#breadcrumb\"},\"inLanguage\":\"es\",\"potentialAction\":[{\"@type\":\"ReadAction\",\"target\":[\"https:\/\/pagina10.com\/web\/con-exito-se-dio-a-conocer-la-estrategia-de-reactivacion-economica-a-la-medida-en-narino-primero-lo-nuestro-en-el-encuentro-nacional-de-camaras-de-comercio\/\"]}]},{\"@type\":\"ImageObject\",\"inLanguage\":\"es\",\"@id\":\"https:\/\/pagina10.com\/web\/con-exito-se-dio-a-conocer-la-estrategia-de-reactivacion-economica-a-la-medida-en-narino-primero-lo-nuestro-en-el-encuentro-nacional-de-camaras-de-comercio\/#primaryimage\",\"url\":\"https:\/\/pagina10.com\/web\/wp-content\/uploads\/2021\/09\/WhatsApp-Image-2021-09-24-at-9.29.29-PM.jpeg\",\"contentUrl\":\"https:\/\/pagina10.com\/web\/wp-content\/uploads\/2021\/09\/WhatsApp-Image-2021-09-24-at-9.29.29-PM.jpeg\",\"width\":947,\"height\":754},{\"@type\":\"BreadcrumbList\",\"@id\":\"https:\/\/pagina10.com\/web\/con-exito-se-dio-a-conocer-la-estrategia-de-reactivacion-economica-a-la-medida-en-narino-primero-lo-nuestro-en-el-encuentro-nacional-de-camaras-de-comercio\/#breadcrumb\",\"itemListElement\":[{\"@type\":\"ListItem\",\"position\":1,\"name\":\"Portada\",\"item\":\"https:\/\/pagina10.com\/web\/\"},{\"@type\":\"ListItem\",\"position\":2,\"name\":\"Con \u00e9xito se dio a conocer la estrategia de \u201cReactivaci\u00f3n econ\u00f3mica a la medida, en Nari\u00f1o primero lo nuestro&#8221; en el encuentro nacional de C\u00e1maras de Comercio.\"}]},{\"@type\":\"WebSite\",\"@id\":\"https:\/\/pagina10.com\/web\/#website\",\"url\":\"https:\/\/pagina10.com\/web\/\",\"name\":\"P\u00e1gina10\",\"description\":\"Peri\u00f3dico Regional\",\"publisher\":{\"@id\":\"https:\/\/pagina10.com\/web\/#organization\"},\"alternateName\":\"P\u00e1gina10 Peri\u00f3dico Regional\",\"potentialAction\":[{\"@type\":\"SearchAction\",\"target\":{\"@type\":\"EntryPoint\",\"urlTemplate\":\"https:\/\/pagina10.com\/web\/?s={search_term_string}\"},\"query-input\":{\"@type\":\"PropertyValueSpecification\",\"valueRequired\":true,\"valueName\":\"search_term_string\"}}],\"inLanguage\":\"es\"},{\"@type\":\"Organization\",\"@id\":\"https:\/\/pagina10.com\/web\/#organization\",\"name\":\"P\u00e1gina10\",\"alternateName\":\"P\u00e1gina10 Peri\u00f3dico Regional\",\"url\":\"https:\/\/pagina10.com\/web\/\",\"logo\":{\"@type\":\"ImageObject\",\"inLanguage\":\"es\",\"@id\":\"https:\/\/pagina10.com\/web\/#\/schema\/logo\/image\/\",\"url\":\"https:\/\/pagina10.com\/web\/wp-content\/uploads\/2024\/01\/40-pagina-10-periodico-regional-pasto.jpg\",\"contentUrl\":\"https:\/\/pagina10.com\/web\/wp-content\/uploads\/2024\/01\/40-pagina-10-periodico-regional-pasto.jpg\",\"width\":1280,\"height\":720,\"caption\":\"P\u00e1gina10\"},\"image\":{\"@id\":\"https:\/\/pagina10.com\/web\/#\/schema\/logo\/image\/\"},\"sameAs\":[\"https:\/\/www.facebook.com\/pag10com\",\"https:\/\/x.com\/Pag10com\",\"https:\/\/www.instagram.com\/pagina10col\/\",\"https:\/\/youtube.com\/channel\/pag10\",\"https:\/\/www.tiktok.com\/@p10col\"]},{\"@type\":\"Person\",\"@id\":\"https:\/\/pagina10.com\/web\/#\/schema\/person\/2efc4a090d25b667d3bc796798a3a81b\",\"name\":\"P\u00e1gina 10\",\"description\":\"P\u00e1gina 10 es un peri\u00f3dico regional que nace en Colombia, en el departamento de Nari\u00f1o, con un enfoque global, fundamentado en cuatro pilares esenciales: la libertad, el pluralismo, la inclusi\u00f3n y la independencia. P\u00e1gina 10 hace referencia a Nari\u00f1o como el d\u00e9cimo departamento creado en Colombia, despu\u00e9s de un proceso pol\u00edtico liderado por actores y actrices regionales con el fin de obtener la independencia y autonom\u00eda de nuestros territorios. Con la creaci\u00f3n de P\u00e1gina 10 se pretende abrir un escenario para el dialogo, la reflexi\u00f3n y el debate que se extienda a otras geograf\u00edas de Am\u00e9rica Latina y del planeta, en una apuesta por transformar colectivamente los desaf\u00edos de un mundo contempor\u00e1neo, m\u00e1s all\u00e1 de las fronteras impuestas.\",\"url\":\"https:\/\/pagina10.com\/web\/author\/pdiezadmin\/\"}]}<\/script>\n<!-- \/ Yoast SEO plugin. -->","yoast_head_json":{"title":"Con \u00e9xito se dio a conocer la estrategia de \u201cReactivaci\u00f3n econ\u00f3mica a la medida, en Nari\u00f1o primero lo nuestro\" en el encuentro nacional de C\u00e1maras de Comercio. | P\u00e1gina10","robots":{"index":"index","follow":"follow","max-snippet":"max-snippet:-1","max-image-preview":"max-image-preview:large","max-video-preview":"max-video-preview:-1"},"canonical":"https:\/\/pagina10.com\/web\/con-exito-se-dio-a-conocer-la-estrategia-de-reactivacion-economica-a-la-medida-en-narino-primero-lo-nuestro-en-el-encuentro-nacional-de-camaras-de-comercio\/","og_locale":"es_ES","og_type":"article","og_title":"Con \u00e9xito se dio a conocer la estrategia de \u201cReactivaci\u00f3n econ\u00f3mica a la medida, en Nari\u00f1o primero lo nuestro\" en el encuentro nacional de C\u00e1maras de Comercio. | P\u00e1gina10","og_description":"El Presidente Ejecutivo de la C\u00e1mara de Comercio de Pasto, Damir Bravo Molina, estuvo presente el d\u00eda de hoy en el \u2018Encuentro Nacional de C\u00e1maras de Comercio\u2019 de Confec\u00e1maras, evento que se desarroll\u00f3 los d\u00edas 23 y 24 de septiembre y en el que se hizo un reconocimiento a la entidad por su trabajo acerca [&hellip;]","og_url":"https:\/\/pagina10.com\/web\/con-exito-se-dio-a-conocer-la-estrategia-de-reactivacion-economica-a-la-medida-en-narino-primero-lo-nuestro-en-el-encuentro-nacional-de-camaras-de-comercio\/","og_site_name":"P\u00e1gina10","article_publisher":"https:\/\/www.facebook.com\/pag10com","article_published_time":"2021-09-25T02:34:32+00:00","article_modified_time":"2021-09-25T02:34:54+00:00","og_image":[{"width":947,"height":754,"url":"https:\/\/pagina10.com\/web\/wp-content\/uploads\/2021\/09\/WhatsApp-Image-2021-09-24-at-9.29.29-PM.jpeg","type":"image\/jpeg"}],"author":"P\u00e1gina 10","twitter_card":"summary_large_image","twitter_creator":"@Pag10com","twitter_site":"@Pag10com","twitter_misc":{"Escrito por":"P\u00e1gina 10","Tiempo de lectura":"1 minuto"},"schema":{"@context":"https:\/\/schema.org","@graph":[{"@type":"Article","@id":"https:\/\/pagina10.com\/web\/con-exito-se-dio-a-conocer-la-estrategia-de-reactivacion-economica-a-la-medida-en-narino-primero-lo-nuestro-en-el-encuentro-nacional-de-camaras-de-comercio\/#article","isPartOf":{"@id":"https:\/\/pagina10.com\/web\/con-exito-se-dio-a-conocer-la-estrategia-de-reactivacion-economica-a-la-medida-en-narino-primero-lo-nuestro-en-el-encuentro-nacional-de-camaras-de-comercio\/"},"author":{"name":"P\u00e1gina 10","@id":"https:\/\/pagina10.com\/web\/#\/schema\/person\/2efc4a090d25b667d3bc796798a3a81b"},"headline":"Con \u00e9xito se dio a conocer la estrategia de \u201cReactivaci\u00f3n econ\u00f3mica a la medida, en Nari\u00f1o primero lo nuestro&#8221; en el encuentro nacional de C\u00e1maras de Comercio.","datePublished":"2021-09-25T02:34:32+00:00","dateModified":"2021-09-25T02:34:54+00:00","mainEntityOfPage":{"@id":"https:\/\/pagina10.com\/web\/con-exito-se-dio-a-conocer-la-estrategia-de-reactivacion-economica-a-la-medida-en-narino-primero-lo-nuestro-en-el-encuentro-nacional-de-camaras-de-comercio\/"},"wordCount":320,"commentCount":0,"publisher":{"@id":"https:\/\/pagina10.com\/web\/#organization"},"image":{"@id":"https:\/\/pagina10.com\/web\/con-exito-se-dio-a-conocer-la-estrategia-de-reactivacion-economica-a-la-medida-en-narino-primero-lo-nuestro-en-el-encuentro-nacional-de-camaras-de-comercio\/#primaryimage"},"thumbnailUrl":"https:\/\/pagina10.com\/web\/wp-content\/uploads\/2021\/09\/WhatsApp-Image-2021-09-24-at-9.29.29-PM.jpeg","articleSection":["Econom\u00eda"],"inLanguage":"es","potentialAction":[{"@type":"CommentAction","name":"Comment","target":["https:\/\/pagina10.com\/web\/con-exito-se-dio-a-conocer-la-estrategia-de-reactivacion-economica-a-la-medida-en-narino-primero-lo-nuestro-en-el-encuentro-nacional-de-camaras-de-comercio\/#respond"]}]},{"@type":"WebPage","@id":"https:\/\/pagina10.com\/web\/con-exito-se-dio-a-conocer-la-estrategia-de-reactivacion-economica-a-la-medida-en-narino-primero-lo-nuestro-en-el-encuentro-nacional-de-camaras-de-comercio\/","url":"https:\/\/pagina10.com\/web\/con-exito-se-dio-a-conocer-la-estrategia-de-reactivacion-economica-a-la-medida-en-narino-primero-lo-nuestro-en-el-encuentro-nacional-de-camaras-de-comercio\/","name":"Con \u00e9xito se dio a conocer la estrategia de \u201cReactivaci\u00f3n econ\u00f3mica a la medida, en Nari\u00f1o primero lo nuestro\" en el encuentro nacional de C\u00e1maras de Comercio. | P\u00e1gina10","isPartOf":{"@id":"https:\/\/pagina10.com\/web\/#website"},"primaryImageOfPage":{"@id":"https:\/\/pagina10.com\/web\/con-exito-se-dio-a-conocer-la-estrategia-de-reactivacion-economica-a-la-medida-en-narino-primero-lo-nuestro-en-el-encuentro-nacional-de-camaras-de-comercio\/#primaryimage"},"image":{"@id":"https:\/\/pagina10.com\/web\/con-exito-se-dio-a-conocer-la-estrategia-de-reactivacion-economica-a-la-medida-en-narino-primero-lo-nuestro-en-el-encuentro-nacional-de-camaras-de-comercio\/#primaryimage"},"thumbnailUrl":"https:\/\/pagina10.com\/web\/wp-content\/uploads\/2021\/09\/WhatsApp-Image-2021-09-24-at-9.29.29-PM.jpeg","datePublished":"2021-09-25T02:34:32+00:00","dateModified":"2021-09-25T02:34:54+00:00","breadcrumb":{"@id":"https:\/\/pagina10.com\/web\/con-exito-se-dio-a-conocer-la-estrategia-de-reactivacion-economica-a-la-medida-en-narino-primero-lo-nuestro-en-el-encuentro-nacional-de-camaras-de-comercio\/#breadcrumb"},"inLanguage":"es","potentialAction":[{"@type":"ReadAction","target":["https:\/\/pagina10.com\/web\/con-exito-se-dio-a-conocer-la-estrategia-de-reactivacion-economica-a-la-medida-en-narino-primero-lo-nuestro-en-el-encuentro-nacional-de-camaras-de-comercio\/"]}]},{"@type":"ImageObject","inLanguage":"es","@id":"https:\/\/pagina10.com\/web\/con-exito-se-dio-a-conocer-la-estrategia-de-reactivacion-economica-a-la-medida-en-narino-primero-lo-nuestro-en-el-encuentro-nacional-de-camaras-de-comercio\/#primaryimage","url":"https:\/\/pagina10.com\/web\/wp-content\/uploads\/2021\/09\/WhatsApp-Image-2021-09-24-at-9.29.29-PM.jpeg","contentUrl":"https:\/\/pagina10.com\/web\/wp-content\/uploads\/2021\/09\/WhatsApp-Image-2021-09-24-at-9.29.29-PM.jpeg","width":947,"height":754},{"@type":"BreadcrumbList","@id":"https:\/\/pagina10.com\/web\/con-exito-se-dio-a-conocer-la-estrategia-de-reactivacion-economica-a-la-medida-en-narino-primero-lo-nuestro-en-el-encuentro-nacional-de-camaras-de-comercio\/#breadcrumb","itemListElement":[{"@type":"ListItem","position":1,"name":"Portada","item":"https:\/\/pagina10.com\/web\/"},{"@type":"ListItem","position":2,"name":"Con \u00e9xito se dio a conocer la estrategia de \u201cReactivaci\u00f3n econ\u00f3mica a la medida, en Nari\u00f1o primero lo nuestro&#8221; en el encuentro nacional de C\u00e1maras de Comercio."}]},{"@type":"WebSite","@id":"https:\/\/pagina10.com\/web\/#website","url":"https:\/\/pagina10.com\/web\/","name":"P\u00e1gina10","description":"Peri\u00f3dico Regional","publisher":{"@id":"https:\/\/pagina10.com\/web\/#organization"},"alternateName":"P\u00e1gina10 Peri\u00f3dico Regional","potentialAction":[{"@type":"SearchAction","target":{"@type":"EntryPoint","urlTemplate":"https:\/\/pagina10.com\/web\/?s={search_term_string}"},"query-input":{"@type":"PropertyValueSpecification","valueRequired":true,"valueName":"search_term_string"}}],"inLanguage":"es"},{"@type":"Organization","@id":"https:\/\/pagina10.com\/web\/#organization","name":"P\u00e1gina10","alternateName":"P\u00e1gina10 Peri\u00f3dico Regional","url":"https:\/\/pagina10.com\/web\/","logo":{"@type":"ImageObject","inLanguage":"es","@id":"https:\/\/pagina10.com\/web\/#\/schema\/logo\/image\/","url":"https:\/\/pagina10.com\/web\/wp-content\/uploads\/2024\/01\/40-pagina-10-periodico-regional-pasto.jpg","contentUrl":"https:\/\/pagina10.com\/web\/wp-content\/uploads\/2024\/01\/40-pagina-10-periodico-regional-pasto.jpg","width":1280,"height":720,"caption":"P\u00e1gina10"},"image":{"@id":"https:\/\/pagina10.com\/web\/#\/schema\/logo\/image\/"},"sameAs":["https:\/\/www.facebook.com\/pag10com","https:\/\/x.com\/Pag10com","https:\/\/www.instagram.com\/pagina10col\/","https:\/\/youtube.com\/channel\/pag10","https:\/\/www.tiktok.com\/@p10col"]},{"@type":"Person","@id":"https:\/\/pagina10.com\/web\/#\/schema\/person\/2efc4a090d25b667d3bc796798a3a81b","name":"P\u00e1gina 10","description":"P\u00e1gina 10 es un peri\u00f3dico regional que nace en Colombia, en el departamento de Nari\u00f1o, con un enfoque global, fundamentado en cuatro pilares esenciales: la libertad, el pluralismo, la inclusi\u00f3n y la independencia. P\u00e1gina 10 hace referencia a Nari\u00f1o como el d\u00e9cimo departamento creado en Colombia, despu\u00e9s de un proceso pol\u00edtico liderado por actores y actrices regionales con el fin de obtener la independencia y autonom\u00eda de nuestros territorios. Con la creaci\u00f3n de P\u00e1gina 10 se pretende abrir un escenario para el dialogo, la reflexi\u00f3n y el debate que se extienda a otras geograf\u00edas de Am\u00e9rica Latina y del planeta, en una apuesta por transformar colectivamente los desaf\u00edos de un mundo contempor\u00e1neo, m\u00e1s all\u00e1 de las fronteras impuestas.","url":"https:\/\/pagina10.com\/web\/author\/pdiezadmin\/"}]}},"_links":{"self":[{"href":"https:\/\/pagina10.com\/web\/wp-json\/wp\/v2\/posts\/55857","targetHints":{"allow":["GET"]}}],"collection":[{"href":"https:\/\/pagina10.com\/web\/wp-json\/wp\/v2\/posts"}],"about":[{"href":"https:\/\/pagina10.com\/web\/wp-json\/wp\/v2\/types\/post"}],"author":[{"embeddable":true,"href":"https:\/\/pagina10.com\/web\/wp-json\/wp\/v2\/users\/1"}],"replies":[{"embeddable":true,"href":"https:\/\/pagina10.com\/web\/wp-json\/wp\/v2\/comments?post=55857"}],"version-history":[{"count":2,"href":"https:\/\/pagina10.com\/web\/wp-json\/wp\/v2\/posts\/55857\/revisions"}],"predecessor-version":[{"id":55860,"href":"https:\/\/pagina10.com\/web\/wp-json\/wp\/v2\/posts\/55857\/revisions\/55860"}],"wp:featuredmedia":[{"embeddable":true,"href":"https:\/\/pagina10.com\/web\/wp-json\/wp\/v2\/media\/55858"}],"wp:attachment":[{"href":"https:\/\/pagina10.com\/web\/wp-json\/wp\/v2\/media?parent=55857"}],"wp:term":[{"taxonomy":"category","embeddable":true,"href":"https:\/\/pagina10.com\/web\/wp-json\/wp\/v2\/categories?post=55857"},{"taxonomy":"post_tag","embeddable":true,"href":"https:\/\/pagina10.com\/web\/wp-json\/wp\/v2\/tags?post=55857"}],"curies":[{"name":"wp","href":"https:\/\/api.w.org\/{rel}","templated":true}]}}