{"id":55881,"date":"2021-09-26T11:05:45","date_gmt":"2021-09-26T16:05:45","guid":{"rendered":"https:\/\/pagina10.com\/web\/?p=55881"},"modified":"2021-09-26T11:05:45","modified_gmt":"2021-09-26T16:05:45","slug":"el-departamento-de-narino-cuenta-con-nuevo-portal-web-para-la-inscripcion-y-revision-de-veedurias","status":"publish","type":"post","link":"https:\/\/pagina10.com\/web\/el-departamento-de-narino-cuenta-con-nuevo-portal-web-para-la-inscripcion-y-revision-de-veedurias\/","title":{"rendered":"El departamento de Nari\u00f1o cuenta con nuevo portal web para la inscripci\u00f3n y revisi\u00f3n de veedur\u00edas"},"content":{"rendered":"<p style=\"text-align: justify;\">La Secretar\u00eda Tic, innovaci\u00f3n y Gobierno Abierto implement\u00f3 la p\u00e1gina <a href=\"http:\/\/www.veedurias.narino.co\/\" target=\"_blank\" rel=\"noopener\" data-saferedirecturl=\"https:\/\/www.google.com\/url?q=http:\/\/www.veedurias.narino.co&amp;source=gmail&amp;ust=1632521385259000&amp;usg=AFQjCNENeEC0y6ZcqF0VEYVznPvAfUB7xg\">www.veedurias.narino.co<\/a> con el fin que la poblaci\u00f3n haga control y revisi\u00f3n de los procesos que se llevan a cabo en el departamento de Nari\u00f1o, fomentando la transparencia, participaci\u00f3n y colaboraci\u00f3n ciudadana.<\/p>\n<div style=\"text-align: justify;\">\nEl equipo de Gobierno Abierto de Nari\u00f1o \u2013 GOBERNAR, realiz\u00f3 la programaci\u00f3n y dise\u00f1o del sitio web para el uso de la comunidad, cumpliendo la ordenanza 035 del 2018. Son cuatro pasos que tiene esta aplicaci\u00f3n para la funcionalidad de la misma. En reg\u00edstrate se podr\u00e1n ingresar datos de la veedur\u00eda para consolidar la base de datos del Departamento; en red de veedur\u00edas encontrar\u00e1n las instituciones y funcionarios con la informaci\u00f3n para que la comunidad pueda tener contacto directo con estos actores; en la secci\u00f3n noticias se visualizar\u00e1n las actividades y eventos de la Subsecretar\u00eda de Desarrollo Comunitario de la Gobernaci\u00f3n de Nari\u00f1o y por \u00faltimo en la parte de documentaci\u00f3n se consultar\u00e1n gu\u00edas y formatos para que el veedor tenga mayor conocimiento de lo que se puede hacer.<\/div>\n<div style=\"text-align: justify;\">\n\u201cLa Secretar\u00eda Tic, Innovaci\u00f3n y Gobierno Abierto, puso a disposici\u00f3n un equipo t\u00e9cnico de programaci\u00f3n y dise\u00f1o para que junto al componente de veedur\u00edas de la Subsecretar\u00eda de Desarrollo Comunitario pudi\u00e9ramos consolidar este portal. Primero se identificaron unas necesidades que lograron traducirse en herramientas digitales interactivas\u201d, indic\u00f3 el Secretario Tic, Innovaci\u00f3n y Gobierno Abierto, Ra\u00fal Ortiz<\/p>\n<p>De esta manera queremos motivar a que se sigan conformando y facilitando este tipo de herramientas donde se pueda acceder a informaci\u00f3n importante; adem\u00e1s, de ser un canal de comunicaci\u00f3n importante entre la Gobernaci\u00f3n y nuestros ciudadanos y ciudadanas veedores. De igual manera la Secretar\u00eda Tic seguir\u00e1 haciendo el acompa\u00f1amiento y seguimiento t\u00e9cnico a este portal para garantizar su funcionamiento.<\/p><\/div>\n","protected":false},"excerpt":{"rendered":"<p>La Secretar\u00eda Tic, innovaci\u00f3n y Gobierno Abierto implement\u00f3 la p\u00e1gina www.veedurias.narino.co con el fin que la poblaci\u00f3n haga control y revisi\u00f3n de los procesos que se llevan a cabo en el departamento de Nari\u00f1o, fomentando la transparencia, participaci\u00f3n y colaboraci\u00f3n ciudadana. El equipo de Gobierno Abierto de Nari\u00f1o \u2013 GOBERNAR, realiz\u00f3 la programaci\u00f3n y dise\u00f1o [&hellip;]<\/p>\n","protected":false},"author":1,"featured_media":55882,"comment_status":"open","ping_status":"open","sticky":false,"template":"","format":"standard","meta":{"footnotes":""},"categories":[53],"tags":[],"class_list":["post-55881","post","type-post","status-publish","format-standard","has-post-thumbnail","hentry","category-regiones"],"yoast_head":"<!-- This site is optimized with the Yoast SEO plugin v27.1.1 - https:\/\/yoast.com\/product\/yoast-seo-wordpress\/ -->\n<title>El departamento de Nari\u00f1o cuenta con nuevo portal web para la inscripci\u00f3n y revisi\u00f3n de veedur\u00edas | P\u00e1gina10<\/title>\n<meta name=\"robots\" content=\"index, follow, max-snippet:-1, max-image-preview:large, max-video-preview:-1\" \/>\n<link rel=\"canonical\" href=\"https:\/\/pagina10.com\/web\/el-departamento-de-narino-cuenta-con-nuevo-portal-web-para-la-inscripcion-y-revision-de-veedurias\/\" \/>\n<meta property=\"og:locale\" content=\"es_ES\" \/>\n<meta property=\"og:type\" content=\"article\" \/>\n<meta property=\"og:title\" content=\"El departamento de Nari\u00f1o cuenta con nuevo portal web para la inscripci\u00f3n y revisi\u00f3n de veedur\u00edas | P\u00e1gina10\" \/>\n<meta property=\"og:description\" content=\"La Secretar\u00eda Tic, innovaci\u00f3n y Gobierno Abierto implement\u00f3 la p\u00e1gina www.veedurias.narino.co con el fin que la poblaci\u00f3n haga control y revisi\u00f3n de los procesos que se llevan a cabo en el departamento de Nari\u00f1o, fomentando la transparencia, participaci\u00f3n y colaboraci\u00f3n ciudadana. El equipo de Gobierno Abierto de Nari\u00f1o \u2013 GOBERNAR, realiz\u00f3 la programaci\u00f3n y dise\u00f1o [&hellip;]\" \/>\n<meta property=\"og:url\" content=\"https:\/\/pagina10.com\/web\/el-departamento-de-narino-cuenta-con-nuevo-portal-web-para-la-inscripcion-y-revision-de-veedurias\/\" \/>\n<meta property=\"og:site_name\" content=\"P\u00e1gina10\" \/>\n<meta property=\"article:publisher\" content=\"https:\/\/www.facebook.com\/pag10com\" \/>\n<meta property=\"article:published_time\" content=\"2021-09-26T16:05:45+00:00\" \/>\n<meta property=\"og:image\" content=\"https:\/\/pagina10.com\/web\/wp-content\/uploads\/2021\/09\/Captura-de-Pantalla-2021-09-26-a-las-11.05.12-a.-m..png\" \/>\n\t<meta property=\"og:image:width\" content=\"496\" \/>\n\t<meta property=\"og:image:height\" content=\"275\" \/>\n\t<meta property=\"og:image:type\" content=\"image\/png\" \/>\n<meta name=\"author\" content=\"P\u00e1gina 10\" \/>\n<meta name=\"twitter:card\" content=\"summary_large_image\" \/>\n<meta name=\"twitter:creator\" content=\"@Pag10com\" \/>\n<meta name=\"twitter:site\" content=\"@Pag10com\" \/>\n<meta name=\"twitter:label1\" content=\"Escrito por\" \/>\n\t<meta name=\"twitter:data1\" content=\"P\u00e1gina 10\" \/>\n\t<meta name=\"twitter:label2\" content=\"Tiempo de lectura\" \/>\n\t<meta name=\"twitter:data2\" content=\"2 minutos\" \/>\n<script type=\"application\/ld+json\" class=\"yoast-schema-graph\">{\"@context\":\"https:\/\/schema.org\",\"@graph\":[{\"@type\":\"Article\",\"@id\":\"https:\/\/pagina10.com\/web\/el-departamento-de-narino-cuenta-con-nuevo-portal-web-para-la-inscripcion-y-revision-de-veedurias\/#article\",\"isPartOf\":{\"@id\":\"https:\/\/pagina10.com\/web\/el-departamento-de-narino-cuenta-con-nuevo-portal-web-para-la-inscripcion-y-revision-de-veedurias\/\"},\"author\":{\"name\":\"P\u00e1gina 10\",\"@id\":\"https:\/\/pagina10.com\/web\/#\/schema\/person\/2efc4a090d25b667d3bc796798a3a81b\"},\"headline\":\"El departamento de Nari\u00f1o cuenta con nuevo portal web para la inscripci\u00f3n y revisi\u00f3n de veedur\u00edas\",\"datePublished\":\"2021-09-26T16:05:45+00:00\",\"mainEntityOfPage\":{\"@id\":\"https:\/\/pagina10.com\/web\/el-departamento-de-narino-cuenta-con-nuevo-portal-web-para-la-inscripcion-y-revision-de-veedurias\/\"},\"wordCount\":350,\"commentCount\":0,\"publisher\":{\"@id\":\"https:\/\/pagina10.com\/web\/#organization\"},\"image\":{\"@id\":\"https:\/\/pagina10.com\/web\/el-departamento-de-narino-cuenta-con-nuevo-portal-web-para-la-inscripcion-y-revision-de-veedurias\/#primaryimage\"},\"thumbnailUrl\":\"https:\/\/pagina10.com\/web\/wp-content\/uploads\/2021\/09\/Captura-de-Pantalla-2021-09-26-a-las-11.05.12-a.-m..png\",\"articleSection\":[\"Regiones\"],\"inLanguage\":\"es\",\"potentialAction\":[{\"@type\":\"CommentAction\",\"name\":\"Comment\",\"target\":[\"https:\/\/pagina10.com\/web\/el-departamento-de-narino-cuenta-con-nuevo-portal-web-para-la-inscripcion-y-revision-de-veedurias\/#respond\"]}]},{\"@type\":\"WebPage\",\"@id\":\"https:\/\/pagina10.com\/web\/el-departamento-de-narino-cuenta-con-nuevo-portal-web-para-la-inscripcion-y-revision-de-veedurias\/\",\"url\":\"https:\/\/pagina10.com\/web\/el-departamento-de-narino-cuenta-con-nuevo-portal-web-para-la-inscripcion-y-revision-de-veedurias\/\",\"name\":\"El departamento de Nari\u00f1o cuenta con nuevo portal web para la inscripci\u00f3n y revisi\u00f3n de veedur\u00edas | P\u00e1gina10\",\"isPartOf\":{\"@id\":\"https:\/\/pagina10.com\/web\/#website\"},\"primaryImageOfPage\":{\"@id\":\"https:\/\/pagina10.com\/web\/el-departamento-de-narino-cuenta-con-nuevo-portal-web-para-la-inscripcion-y-revision-de-veedurias\/#primaryimage\"},\"image\":{\"@id\":\"https:\/\/pagina10.com\/web\/el-departamento-de-narino-cuenta-con-nuevo-portal-web-para-la-inscripcion-y-revision-de-veedurias\/#primaryimage\"},\"thumbnailUrl\":\"https:\/\/pagina10.com\/web\/wp-content\/uploads\/2021\/09\/Captura-de-Pantalla-2021-09-26-a-las-11.05.12-a.-m..png\",\"datePublished\":\"2021-09-26T16:05:45+00:00\",\"breadcrumb\":{\"@id\":\"https:\/\/pagina10.com\/web\/el-departamento-de-narino-cuenta-con-nuevo-portal-web-para-la-inscripcion-y-revision-de-veedurias\/#breadcrumb\"},\"inLanguage\":\"es\",\"potentialAction\":[{\"@type\":\"ReadAction\",\"target\":[\"https:\/\/pagina10.com\/web\/el-departamento-de-narino-cuenta-con-nuevo-portal-web-para-la-inscripcion-y-revision-de-veedurias\/\"]}]},{\"@type\":\"ImageObject\",\"inLanguage\":\"es\",\"@id\":\"https:\/\/pagina10.com\/web\/el-departamento-de-narino-cuenta-con-nuevo-portal-web-para-la-inscripcion-y-revision-de-veedurias\/#primaryimage\",\"url\":\"https:\/\/pagina10.com\/web\/wp-content\/uploads\/2021\/09\/Captura-de-Pantalla-2021-09-26-a-las-11.05.12-a.-m..png\",\"contentUrl\":\"https:\/\/pagina10.com\/web\/wp-content\/uploads\/2021\/09\/Captura-de-Pantalla-2021-09-26-a-las-11.05.12-a.-m..png\",\"width\":496,\"height\":275},{\"@type\":\"BreadcrumbList\",\"@id\":\"https:\/\/pagina10.com\/web\/el-departamento-de-narino-cuenta-con-nuevo-portal-web-para-la-inscripcion-y-revision-de-veedurias\/#breadcrumb\",\"itemListElement\":[{\"@type\":\"ListItem\",\"position\":1,\"name\":\"Portada\",\"item\":\"https:\/\/pagina10.com\/web\/\"},{\"@type\":\"ListItem\",\"position\":2,\"name\":\"El departamento de Nari\u00f1o cuenta con nuevo portal web para la inscripci\u00f3n y revisi\u00f3n de veedur\u00edas\"}]},{\"@type\":\"WebSite\",\"@id\":\"https:\/\/pagina10.com\/web\/#website\",\"url\":\"https:\/\/pagina10.com\/web\/\",\"name\":\"P\u00e1gina10\",\"description\":\"Peri\u00f3dico Regional\",\"publisher\":{\"@id\":\"https:\/\/pagina10.com\/web\/#organization\"},\"alternateName\":\"P\u00e1gina10 Peri\u00f3dico Regional\",\"potentialAction\":[{\"@type\":\"SearchAction\",\"target\":{\"@type\":\"EntryPoint\",\"urlTemplate\":\"https:\/\/pagina10.com\/web\/?s={search_term_string}\"},\"query-input\":{\"@type\":\"PropertyValueSpecification\",\"valueRequired\":true,\"valueName\":\"search_term_string\"}}],\"inLanguage\":\"es\"},{\"@type\":\"Organization\",\"@id\":\"https:\/\/pagina10.com\/web\/#organization\",\"name\":\"P\u00e1gina10\",\"alternateName\":\"P\u00e1gina10 Peri\u00f3dico Regional\",\"url\":\"https:\/\/pagina10.com\/web\/\",\"logo\":{\"@type\":\"ImageObject\",\"inLanguage\":\"es\",\"@id\":\"https:\/\/pagina10.com\/web\/#\/schema\/logo\/image\/\",\"url\":\"https:\/\/pagina10.com\/web\/wp-content\/uploads\/2024\/01\/40-pagina-10-periodico-regional-pasto.jpg\",\"contentUrl\":\"https:\/\/pagina10.com\/web\/wp-content\/uploads\/2024\/01\/40-pagina-10-periodico-regional-pasto.jpg\",\"width\":1280,\"height\":720,\"caption\":\"P\u00e1gina10\"},\"image\":{\"@id\":\"https:\/\/pagina10.com\/web\/#\/schema\/logo\/image\/\"},\"sameAs\":[\"https:\/\/www.facebook.com\/pag10com\",\"https:\/\/x.com\/Pag10com\",\"https:\/\/www.instagram.com\/pagina10col\/\",\"https:\/\/youtube.com\/channel\/pag10\",\"https:\/\/www.tiktok.com\/@p10col\"]},{\"@type\":\"Person\",\"@id\":\"https:\/\/pagina10.com\/web\/#\/schema\/person\/2efc4a090d25b667d3bc796798a3a81b\",\"name\":\"P\u00e1gina 10\",\"description\":\"P\u00e1gina 10 es un peri\u00f3dico regional que nace en Colombia, en el departamento de Nari\u00f1o, con un enfoque global, fundamentado en cuatro pilares esenciales: la libertad, el pluralismo, la inclusi\u00f3n y la independencia. P\u00e1gina 10 hace referencia a Nari\u00f1o como el d\u00e9cimo departamento creado en Colombia, despu\u00e9s de un proceso pol\u00edtico liderado por actores y actrices regionales con el fin de obtener la independencia y autonom\u00eda de nuestros territorios. Con la creaci\u00f3n de P\u00e1gina 10 se pretende abrir un escenario para el dialogo, la reflexi\u00f3n y el debate que se extienda a otras geograf\u00edas de Am\u00e9rica Latina y del planeta, en una apuesta por transformar colectivamente los desaf\u00edos de un mundo contempor\u00e1neo, m\u00e1s all\u00e1 de las fronteras impuestas.\",\"url\":\"https:\/\/pagina10.com\/web\/author\/pdiezadmin\/\"}]}<\/script>\n<!-- \/ Yoast SEO plugin. -->","yoast_head_json":{"title":"El departamento de Nari\u00f1o cuenta con nuevo portal web para la inscripci\u00f3n y revisi\u00f3n de veedur\u00edas | P\u00e1gina10","robots":{"index":"index","follow":"follow","max-snippet":"max-snippet:-1","max-image-preview":"max-image-preview:large","max-video-preview":"max-video-preview:-1"},"canonical":"https:\/\/pagina10.com\/web\/el-departamento-de-narino-cuenta-con-nuevo-portal-web-para-la-inscripcion-y-revision-de-veedurias\/","og_locale":"es_ES","og_type":"article","og_title":"El departamento de Nari\u00f1o cuenta con nuevo portal web para la inscripci\u00f3n y revisi\u00f3n de veedur\u00edas | P\u00e1gina10","og_description":"La Secretar\u00eda Tic, innovaci\u00f3n y Gobierno Abierto implement\u00f3 la p\u00e1gina www.veedurias.narino.co con el fin que la poblaci\u00f3n haga control y revisi\u00f3n de los procesos que se llevan a cabo en el departamento de Nari\u00f1o, fomentando la transparencia, participaci\u00f3n y colaboraci\u00f3n ciudadana. El equipo de Gobierno Abierto de Nari\u00f1o \u2013 GOBERNAR, realiz\u00f3 la programaci\u00f3n y dise\u00f1o [&hellip;]","og_url":"https:\/\/pagina10.com\/web\/el-departamento-de-narino-cuenta-con-nuevo-portal-web-para-la-inscripcion-y-revision-de-veedurias\/","og_site_name":"P\u00e1gina10","article_publisher":"https:\/\/www.facebook.com\/pag10com","article_published_time":"2021-09-26T16:05:45+00:00","og_image":[{"width":496,"height":275,"url":"https:\/\/pagina10.com\/web\/wp-content\/uploads\/2021\/09\/Captura-de-Pantalla-2021-09-26-a-las-11.05.12-a.-m..png","type":"image\/png"}],"author":"P\u00e1gina 10","twitter_card":"summary_large_image","twitter_creator":"@Pag10com","twitter_site":"@Pag10com","twitter_misc":{"Escrito por":"P\u00e1gina 10","Tiempo de lectura":"2 minutos"},"schema":{"@context":"https:\/\/schema.org","@graph":[{"@type":"Article","@id":"https:\/\/pagina10.com\/web\/el-departamento-de-narino-cuenta-con-nuevo-portal-web-para-la-inscripcion-y-revision-de-veedurias\/#article","isPartOf":{"@id":"https:\/\/pagina10.com\/web\/el-departamento-de-narino-cuenta-con-nuevo-portal-web-para-la-inscripcion-y-revision-de-veedurias\/"},"author":{"name":"P\u00e1gina 10","@id":"https:\/\/pagina10.com\/web\/#\/schema\/person\/2efc4a090d25b667d3bc796798a3a81b"},"headline":"El departamento de Nari\u00f1o cuenta con nuevo portal web para la inscripci\u00f3n y revisi\u00f3n de veedur\u00edas","datePublished":"2021-09-26T16:05:45+00:00","mainEntityOfPage":{"@id":"https:\/\/pagina10.com\/web\/el-departamento-de-narino-cuenta-con-nuevo-portal-web-para-la-inscripcion-y-revision-de-veedurias\/"},"wordCount":350,"commentCount":0,"publisher":{"@id":"https:\/\/pagina10.com\/web\/#organization"},"image":{"@id":"https:\/\/pagina10.com\/web\/el-departamento-de-narino-cuenta-con-nuevo-portal-web-para-la-inscripcion-y-revision-de-veedurias\/#primaryimage"},"thumbnailUrl":"https:\/\/pagina10.com\/web\/wp-content\/uploads\/2021\/09\/Captura-de-Pantalla-2021-09-26-a-las-11.05.12-a.-m..png","articleSection":["Regiones"],"inLanguage":"es","potentialAction":[{"@type":"CommentAction","name":"Comment","target":["https:\/\/pagina10.com\/web\/el-departamento-de-narino-cuenta-con-nuevo-portal-web-para-la-inscripcion-y-revision-de-veedurias\/#respond"]}]},{"@type":"WebPage","@id":"https:\/\/pagina10.com\/web\/el-departamento-de-narino-cuenta-con-nuevo-portal-web-para-la-inscripcion-y-revision-de-veedurias\/","url":"https:\/\/pagina10.com\/web\/el-departamento-de-narino-cuenta-con-nuevo-portal-web-para-la-inscripcion-y-revision-de-veedurias\/","name":"El departamento de Nari\u00f1o cuenta con nuevo portal web para la inscripci\u00f3n y revisi\u00f3n de veedur\u00edas | P\u00e1gina10","isPartOf":{"@id":"https:\/\/pagina10.com\/web\/#website"},"primaryImageOfPage":{"@id":"https:\/\/pagina10.com\/web\/el-departamento-de-narino-cuenta-con-nuevo-portal-web-para-la-inscripcion-y-revision-de-veedurias\/#primaryimage"},"image":{"@id":"https:\/\/pagina10.com\/web\/el-departamento-de-narino-cuenta-con-nuevo-portal-web-para-la-inscripcion-y-revision-de-veedurias\/#primaryimage"},"thumbnailUrl":"https:\/\/pagina10.com\/web\/wp-content\/uploads\/2021\/09\/Captura-de-Pantalla-2021-09-26-a-las-11.05.12-a.-m..png","datePublished":"2021-09-26T16:05:45+00:00","breadcrumb":{"@id":"https:\/\/pagina10.com\/web\/el-departamento-de-narino-cuenta-con-nuevo-portal-web-para-la-inscripcion-y-revision-de-veedurias\/#breadcrumb"},"inLanguage":"es","potentialAction":[{"@type":"ReadAction","target":["https:\/\/pagina10.com\/web\/el-departamento-de-narino-cuenta-con-nuevo-portal-web-para-la-inscripcion-y-revision-de-veedurias\/"]}]},{"@type":"ImageObject","inLanguage":"es","@id":"https:\/\/pagina10.com\/web\/el-departamento-de-narino-cuenta-con-nuevo-portal-web-para-la-inscripcion-y-revision-de-veedurias\/#primaryimage","url":"https:\/\/pagina10.com\/web\/wp-content\/uploads\/2021\/09\/Captura-de-Pantalla-2021-09-26-a-las-11.05.12-a.-m..png","contentUrl":"https:\/\/pagina10.com\/web\/wp-content\/uploads\/2021\/09\/Captura-de-Pantalla-2021-09-26-a-las-11.05.12-a.-m..png","width":496,"height":275},{"@type":"BreadcrumbList","@id":"https:\/\/pagina10.com\/web\/el-departamento-de-narino-cuenta-con-nuevo-portal-web-para-la-inscripcion-y-revision-de-veedurias\/#breadcrumb","itemListElement":[{"@type":"ListItem","position":1,"name":"Portada","item":"https:\/\/pagina10.com\/web\/"},{"@type":"ListItem","position":2,"name":"El departamento de Nari\u00f1o cuenta con nuevo portal web para la inscripci\u00f3n y revisi\u00f3n de veedur\u00edas"}]},{"@type":"WebSite","@id":"https:\/\/pagina10.com\/web\/#website","url":"https:\/\/pagina10.com\/web\/","name":"P\u00e1gina10","description":"Peri\u00f3dico Regional","publisher":{"@id":"https:\/\/pagina10.com\/web\/#organization"},"alternateName":"P\u00e1gina10 Peri\u00f3dico Regional","potentialAction":[{"@type":"SearchAction","target":{"@type":"EntryPoint","urlTemplate":"https:\/\/pagina10.com\/web\/?s={search_term_string}"},"query-input":{"@type":"PropertyValueSpecification","valueRequired":true,"valueName":"search_term_string"}}],"inLanguage":"es"},{"@type":"Organization","@id":"https:\/\/pagina10.com\/web\/#organization","name":"P\u00e1gina10","alternateName":"P\u00e1gina10 Peri\u00f3dico Regional","url":"https:\/\/pagina10.com\/web\/","logo":{"@type":"ImageObject","inLanguage":"es","@id":"https:\/\/pagina10.com\/web\/#\/schema\/logo\/image\/","url":"https:\/\/pagina10.com\/web\/wp-content\/uploads\/2024\/01\/40-pagina-10-periodico-regional-pasto.jpg","contentUrl":"https:\/\/pagina10.com\/web\/wp-content\/uploads\/2024\/01\/40-pagina-10-periodico-regional-pasto.jpg","width":1280,"height":720,"caption":"P\u00e1gina10"},"image":{"@id":"https:\/\/pagina10.com\/web\/#\/schema\/logo\/image\/"},"sameAs":["https:\/\/www.facebook.com\/pag10com","https:\/\/x.com\/Pag10com","https:\/\/www.instagram.com\/pagina10col\/","https:\/\/youtube.com\/channel\/pag10","https:\/\/www.tiktok.com\/@p10col"]},{"@type":"Person","@id":"https:\/\/pagina10.com\/web\/#\/schema\/person\/2efc4a090d25b667d3bc796798a3a81b","name":"P\u00e1gina 10","description":"P\u00e1gina 10 es un peri\u00f3dico regional que nace en Colombia, en el departamento de Nari\u00f1o, con un enfoque global, fundamentado en cuatro pilares esenciales: la libertad, el pluralismo, la inclusi\u00f3n y la independencia. P\u00e1gina 10 hace referencia a Nari\u00f1o como el d\u00e9cimo departamento creado en Colombia, despu\u00e9s de un proceso pol\u00edtico liderado por actores y actrices regionales con el fin de obtener la independencia y autonom\u00eda de nuestros territorios. Con la creaci\u00f3n de P\u00e1gina 10 se pretende abrir un escenario para el dialogo, la reflexi\u00f3n y el debate que se extienda a otras geograf\u00edas de Am\u00e9rica Latina y del planeta, en una apuesta por transformar colectivamente los desaf\u00edos de un mundo contempor\u00e1neo, m\u00e1s all\u00e1 de las fronteras impuestas.","url":"https:\/\/pagina10.com\/web\/author\/pdiezadmin\/"}]}},"_links":{"self":[{"href":"https:\/\/pagina10.com\/web\/wp-json\/wp\/v2\/posts\/55881","targetHints":{"allow":["GET"]}}],"collection":[{"href":"https:\/\/pagina10.com\/web\/wp-json\/wp\/v2\/posts"}],"about":[{"href":"https:\/\/pagina10.com\/web\/wp-json\/wp\/v2\/types\/post"}],"author":[{"embeddable":true,"href":"https:\/\/pagina10.com\/web\/wp-json\/wp\/v2\/users\/1"}],"replies":[{"embeddable":true,"href":"https:\/\/pagina10.com\/web\/wp-json\/wp\/v2\/comments?post=55881"}],"version-history":[{"count":1,"href":"https:\/\/pagina10.com\/web\/wp-json\/wp\/v2\/posts\/55881\/revisions"}],"predecessor-version":[{"id":55883,"href":"https:\/\/pagina10.com\/web\/wp-json\/wp\/v2\/posts\/55881\/revisions\/55883"}],"wp:featuredmedia":[{"embeddable":true,"href":"https:\/\/pagina10.com\/web\/wp-json\/wp\/v2\/media\/55882"}],"wp:attachment":[{"href":"https:\/\/pagina10.com\/web\/wp-json\/wp\/v2\/media?parent=55881"}],"wp:term":[{"taxonomy":"category","embeddable":true,"href":"https:\/\/pagina10.com\/web\/wp-json\/wp\/v2\/categories?post=55881"},{"taxonomy":"post_tag","embeddable":true,"href":"https:\/\/pagina10.com\/web\/wp-json\/wp\/v2\/tags?post=55881"}],"curies":[{"name":"wp","href":"https:\/\/api.w.org\/{rel}","templated":true}]}}