{"id":55903,"date":"2021-09-27T11:05:33","date_gmt":"2021-09-27T16:05:33","guid":{"rendered":"https:\/\/pagina10.com\/web\/?p=55903"},"modified":"2021-09-27T11:05:33","modified_gmt":"2021-09-27T16:05:33","slug":"gobierno-departamental-avanza-en-estrategias-para-fortalecer-la-seguridad-en-el-territorio","status":"publish","type":"post","link":"https:\/\/pagina10.com\/web\/gobierno-departamental-avanza-en-estrategias-para-fortalecer-la-seguridad-en-el-territorio\/","title":{"rendered":"Gobierno Departamental avanza en estrategias para fortalecer la seguridad en el territorio"},"content":{"rendered":"<p style=\"text-align: justify;\">El Gobernador de Nari\u00f1o, Jhon Rojas, junto al Secretario de Gobierno de Nari\u00f1o, Francisco Cer\u00f3n y el Comandante de la Polic\u00eda de Nari\u00f1o, Coronel Alfonso Reyes hicieron presencia en el municipio de Ipiales para verificar el estado de seguridad en la frontera, la situaci\u00f3n de la poblaci\u00f3n migrante haitiana y el apoyo en la reactivaci\u00f3n econ\u00f3mica de los comerciantes de la zona.<\/p>\n<div>\nEn primera instancia visitaron el terminal de transportes de esta ciudad para verificar la situaci\u00f3n de poblaci\u00f3n migrante en la ciudad fronteriza e impulsar la campa\u00f1a que est\u00e1 desarrollando la Polic\u00eda Departamental en pro de la protecci\u00f3n de los derechos de esta poblaci\u00f3n. \u201cComo ciudadan\u00eda tenemos que ayudar a proteger a los haitianos que quieren llegar a Necocl\u00ed y pasar a Estados Unidos. Por esto, se debe hacer control y regulaci\u00f3n de lo que ocurre cuando no haya venta de tiquetes. Esa es la gran dificultad porque ellos se someten a que sean estafados a que se les eleve los precios de los tiquetes; solo est\u00e1 autorizado el terminal de transportes de Ipiales para expedir los tiquetes, que no compren afuera\u201d, indic\u00f3 el Gobernador de Nari\u00f1o, Jhon Rojas.<\/p>\n<div>\nDentro del recorrido, se dirigieron al municipio de Carlosama a un punto de frontera entre Colombia y Ecuador, en donde se verific\u00f3 que la polic\u00eda nacional hace presencia para mantener vigilado este sector las 24 horas del d\u00eda. \u201cHacemos la solicitud para que la hermana rep\u00fablica de Ecuador realice tambi\u00e9n sus controles, necesitamos trabajar en equipo y as\u00ed poder desarticular las bandas delincuenciales que operan en la frontera a ra\u00edz del cierre de la misma. Por esto, seguir\u00e9 insistiendo en la apertura de frontera\u201d, afirm\u00f3 el mandatario departamental.<\/p>\n<div style=\"text-align: justify;\">\nFinalmente, las autoridades departamentales realizaron un recorrido por el sector y se reunieron con comerciantes con el objetivo de impulsar la reactivaci\u00f3n social y econ\u00f3mica en esta zona del Departamento.<\/div>\n<\/div>\n<\/div>\n","protected":false},"excerpt":{"rendered":"<p>El Gobernador de Nari\u00f1o, Jhon Rojas, junto al Secretario de Gobierno de Nari\u00f1o, Francisco Cer\u00f3n y el Comandante de la Polic\u00eda de Nari\u00f1o, Coronel Alfonso Reyes hicieron presencia en el municipio de Ipiales para verificar el estado de seguridad en la frontera, la situaci\u00f3n de la poblaci\u00f3n migrante haitiana y el apoyo en la reactivaci\u00f3n [&hellip;]<\/p>\n","protected":false},"author":1,"featured_media":55904,"comment_status":"open","ping_status":"open","sticky":false,"template":"","format":"standard","meta":{"footnotes":""},"categories":[53],"tags":[],"class_list":["post-55903","post","type-post","status-publish","format-standard","has-post-thumbnail","hentry","category-regiones"],"yoast_head":"<!-- This site is optimized with the Yoast SEO plugin v27.1.1 - https:\/\/yoast.com\/product\/yoast-seo-wordpress\/ -->\n<title>Gobierno Departamental avanza en estrategias para fortalecer la seguridad en el territorio | P\u00e1gina10<\/title>\n<meta name=\"robots\" content=\"index, follow, max-snippet:-1, max-image-preview:large, max-video-preview:-1\" \/>\n<link rel=\"canonical\" href=\"https:\/\/pagina10.com\/web\/gobierno-departamental-avanza-en-estrategias-para-fortalecer-la-seguridad-en-el-territorio\/\" \/>\n<meta property=\"og:locale\" content=\"es_ES\" \/>\n<meta property=\"og:type\" content=\"article\" \/>\n<meta property=\"og:title\" content=\"Gobierno Departamental avanza en estrategias para fortalecer la seguridad en el territorio | P\u00e1gina10\" \/>\n<meta property=\"og:description\" content=\"El Gobernador de Nari\u00f1o, Jhon Rojas, junto al Secretario de Gobierno de Nari\u00f1o, Francisco Cer\u00f3n y el Comandante de la Polic\u00eda de Nari\u00f1o, Coronel Alfonso Reyes hicieron presencia en el municipio de Ipiales para verificar el estado de seguridad en la frontera, la situaci\u00f3n de la poblaci\u00f3n migrante haitiana y el apoyo en la reactivaci\u00f3n [&hellip;]\" \/>\n<meta property=\"og:url\" content=\"https:\/\/pagina10.com\/web\/gobierno-departamental-avanza-en-estrategias-para-fortalecer-la-seguridad-en-el-territorio\/\" \/>\n<meta property=\"og:site_name\" content=\"P\u00e1gina10\" \/>\n<meta property=\"article:publisher\" content=\"https:\/\/www.facebook.com\/pag10com\" \/>\n<meta property=\"article:published_time\" content=\"2021-09-27T16:05:33+00:00\" \/>\n<meta property=\"og:image\" content=\"https:\/\/pagina10.com\/web\/wp-content\/uploads\/2021\/09\/242886805_4531861116891043_1215328150099868352_n.jpg\" \/>\n\t<meta property=\"og:image:width\" content=\"960\" \/>\n\t<meta property=\"og:image:height\" content=\"640\" \/>\n\t<meta property=\"og:image:type\" content=\"image\/jpeg\" \/>\n<meta name=\"author\" content=\"P\u00e1gina 10\" \/>\n<meta name=\"twitter:card\" content=\"summary_large_image\" \/>\n<meta name=\"twitter:creator\" content=\"@Pag10com\" \/>\n<meta name=\"twitter:site\" content=\"@Pag10com\" \/>\n<meta name=\"twitter:label1\" content=\"Escrito por\" \/>\n\t<meta name=\"twitter:data1\" content=\"P\u00e1gina 10\" \/>\n\t<meta name=\"twitter:label2\" content=\"Tiempo de lectura\" \/>\n\t<meta name=\"twitter:data2\" content=\"2 minutos\" \/>\n<script type=\"application\/ld+json\" class=\"yoast-schema-graph\">{\"@context\":\"https:\/\/schema.org\",\"@graph\":[{\"@type\":\"Article\",\"@id\":\"https:\/\/pagina10.com\/web\/gobierno-departamental-avanza-en-estrategias-para-fortalecer-la-seguridad-en-el-territorio\/#article\",\"isPartOf\":{\"@id\":\"https:\/\/pagina10.com\/web\/gobierno-departamental-avanza-en-estrategias-para-fortalecer-la-seguridad-en-el-territorio\/\"},\"author\":{\"name\":\"P\u00e1gina 10\",\"@id\":\"https:\/\/pagina10.com\/web\/#\/schema\/person\/2efc4a090d25b667d3bc796798a3a81b\"},\"headline\":\"Gobierno Departamental avanza en estrategias para fortalecer la seguridad en el territorio\",\"datePublished\":\"2021-09-27T16:05:33+00:00\",\"mainEntityOfPage\":{\"@id\":\"https:\/\/pagina10.com\/web\/gobierno-departamental-avanza-en-estrategias-para-fortalecer-la-seguridad-en-el-territorio\/\"},\"wordCount\":344,\"commentCount\":0,\"publisher\":{\"@id\":\"https:\/\/pagina10.com\/web\/#organization\"},\"image\":{\"@id\":\"https:\/\/pagina10.com\/web\/gobierno-departamental-avanza-en-estrategias-para-fortalecer-la-seguridad-en-el-territorio\/#primaryimage\"},\"thumbnailUrl\":\"https:\/\/pagina10.com\/web\/wp-content\/uploads\/2021\/09\/242886805_4531861116891043_1215328150099868352_n.jpg\",\"articleSection\":[\"Regiones\"],\"inLanguage\":\"es\",\"potentialAction\":[{\"@type\":\"CommentAction\",\"name\":\"Comment\",\"target\":[\"https:\/\/pagina10.com\/web\/gobierno-departamental-avanza-en-estrategias-para-fortalecer-la-seguridad-en-el-territorio\/#respond\"]}]},{\"@type\":\"WebPage\",\"@id\":\"https:\/\/pagina10.com\/web\/gobierno-departamental-avanza-en-estrategias-para-fortalecer-la-seguridad-en-el-territorio\/\",\"url\":\"https:\/\/pagina10.com\/web\/gobierno-departamental-avanza-en-estrategias-para-fortalecer-la-seguridad-en-el-territorio\/\",\"name\":\"Gobierno Departamental avanza en estrategias para fortalecer la seguridad en el territorio | P\u00e1gina10\",\"isPartOf\":{\"@id\":\"https:\/\/pagina10.com\/web\/#website\"},\"primaryImageOfPage\":{\"@id\":\"https:\/\/pagina10.com\/web\/gobierno-departamental-avanza-en-estrategias-para-fortalecer-la-seguridad-en-el-territorio\/#primaryimage\"},\"image\":{\"@id\":\"https:\/\/pagina10.com\/web\/gobierno-departamental-avanza-en-estrategias-para-fortalecer-la-seguridad-en-el-territorio\/#primaryimage\"},\"thumbnailUrl\":\"https:\/\/pagina10.com\/web\/wp-content\/uploads\/2021\/09\/242886805_4531861116891043_1215328150099868352_n.jpg\",\"datePublished\":\"2021-09-27T16:05:33+00:00\",\"breadcrumb\":{\"@id\":\"https:\/\/pagina10.com\/web\/gobierno-departamental-avanza-en-estrategias-para-fortalecer-la-seguridad-en-el-territorio\/#breadcrumb\"},\"inLanguage\":\"es\",\"potentialAction\":[{\"@type\":\"ReadAction\",\"target\":[\"https:\/\/pagina10.com\/web\/gobierno-departamental-avanza-en-estrategias-para-fortalecer-la-seguridad-en-el-territorio\/\"]}]},{\"@type\":\"ImageObject\",\"inLanguage\":\"es\",\"@id\":\"https:\/\/pagina10.com\/web\/gobierno-departamental-avanza-en-estrategias-para-fortalecer-la-seguridad-en-el-territorio\/#primaryimage\",\"url\":\"https:\/\/pagina10.com\/web\/wp-content\/uploads\/2021\/09\/242886805_4531861116891043_1215328150099868352_n.jpg\",\"contentUrl\":\"https:\/\/pagina10.com\/web\/wp-content\/uploads\/2021\/09\/242886805_4531861116891043_1215328150099868352_n.jpg\",\"width\":960,\"height\":640},{\"@type\":\"BreadcrumbList\",\"@id\":\"https:\/\/pagina10.com\/web\/gobierno-departamental-avanza-en-estrategias-para-fortalecer-la-seguridad-en-el-territorio\/#breadcrumb\",\"itemListElement\":[{\"@type\":\"ListItem\",\"position\":1,\"name\":\"Portada\",\"item\":\"https:\/\/pagina10.com\/web\/\"},{\"@type\":\"ListItem\",\"position\":2,\"name\":\"Gobierno Departamental avanza en estrategias para fortalecer la seguridad en el territorio\"}]},{\"@type\":\"WebSite\",\"@id\":\"https:\/\/pagina10.com\/web\/#website\",\"url\":\"https:\/\/pagina10.com\/web\/\",\"name\":\"P\u00e1gina10\",\"description\":\"Peri\u00f3dico Regional\",\"publisher\":{\"@id\":\"https:\/\/pagina10.com\/web\/#organization\"},\"alternateName\":\"P\u00e1gina10 Peri\u00f3dico Regional\",\"potentialAction\":[{\"@type\":\"SearchAction\",\"target\":{\"@type\":\"EntryPoint\",\"urlTemplate\":\"https:\/\/pagina10.com\/web\/?s={search_term_string}\"},\"query-input\":{\"@type\":\"PropertyValueSpecification\",\"valueRequired\":true,\"valueName\":\"search_term_string\"}}],\"inLanguage\":\"es\"},{\"@type\":\"Organization\",\"@id\":\"https:\/\/pagina10.com\/web\/#organization\",\"name\":\"P\u00e1gina10\",\"alternateName\":\"P\u00e1gina10 Peri\u00f3dico Regional\",\"url\":\"https:\/\/pagina10.com\/web\/\",\"logo\":{\"@type\":\"ImageObject\",\"inLanguage\":\"es\",\"@id\":\"https:\/\/pagina10.com\/web\/#\/schema\/logo\/image\/\",\"url\":\"https:\/\/pagina10.com\/web\/wp-content\/uploads\/2024\/01\/40-pagina-10-periodico-regional-pasto.jpg\",\"contentUrl\":\"https:\/\/pagina10.com\/web\/wp-content\/uploads\/2024\/01\/40-pagina-10-periodico-regional-pasto.jpg\",\"width\":1280,\"height\":720,\"caption\":\"P\u00e1gina10\"},\"image\":{\"@id\":\"https:\/\/pagina10.com\/web\/#\/schema\/logo\/image\/\"},\"sameAs\":[\"https:\/\/www.facebook.com\/pag10com\",\"https:\/\/x.com\/Pag10com\",\"https:\/\/www.instagram.com\/pagina10col\/\",\"https:\/\/youtube.com\/channel\/pag10\",\"https:\/\/www.tiktok.com\/@p10col\"]},{\"@type\":\"Person\",\"@id\":\"https:\/\/pagina10.com\/web\/#\/schema\/person\/2efc4a090d25b667d3bc796798a3a81b\",\"name\":\"P\u00e1gina 10\",\"description\":\"P\u00e1gina 10 es un peri\u00f3dico regional que nace en Colombia, en el departamento de Nari\u00f1o, con un enfoque global, fundamentado en cuatro pilares esenciales: la libertad, el pluralismo, la inclusi\u00f3n y la independencia. P\u00e1gina 10 hace referencia a Nari\u00f1o como el d\u00e9cimo departamento creado en Colombia, despu\u00e9s de un proceso pol\u00edtico liderado por actores y actrices regionales con el fin de obtener la independencia y autonom\u00eda de nuestros territorios. Con la creaci\u00f3n de P\u00e1gina 10 se pretende abrir un escenario para el dialogo, la reflexi\u00f3n y el debate que se extienda a otras geograf\u00edas de Am\u00e9rica Latina y del planeta, en una apuesta por transformar colectivamente los desaf\u00edos de un mundo contempor\u00e1neo, m\u00e1s all\u00e1 de las fronteras impuestas.\",\"url\":\"https:\/\/pagina10.com\/web\/author\/pdiezadmin\/\"}]}<\/script>\n<!-- \/ Yoast SEO plugin. -->","yoast_head_json":{"title":"Gobierno Departamental avanza en estrategias para fortalecer la seguridad en el territorio | P\u00e1gina10","robots":{"index":"index","follow":"follow","max-snippet":"max-snippet:-1","max-image-preview":"max-image-preview:large","max-video-preview":"max-video-preview:-1"},"canonical":"https:\/\/pagina10.com\/web\/gobierno-departamental-avanza-en-estrategias-para-fortalecer-la-seguridad-en-el-territorio\/","og_locale":"es_ES","og_type":"article","og_title":"Gobierno Departamental avanza en estrategias para fortalecer la seguridad en el territorio | P\u00e1gina10","og_description":"El Gobernador de Nari\u00f1o, Jhon Rojas, junto al Secretario de Gobierno de Nari\u00f1o, Francisco Cer\u00f3n y el Comandante de la Polic\u00eda de Nari\u00f1o, Coronel Alfonso Reyes hicieron presencia en el municipio de Ipiales para verificar el estado de seguridad en la frontera, la situaci\u00f3n de la poblaci\u00f3n migrante haitiana y el apoyo en la reactivaci\u00f3n [&hellip;]","og_url":"https:\/\/pagina10.com\/web\/gobierno-departamental-avanza-en-estrategias-para-fortalecer-la-seguridad-en-el-territorio\/","og_site_name":"P\u00e1gina10","article_publisher":"https:\/\/www.facebook.com\/pag10com","article_published_time":"2021-09-27T16:05:33+00:00","og_image":[{"width":960,"height":640,"url":"https:\/\/pagina10.com\/web\/wp-content\/uploads\/2021\/09\/242886805_4531861116891043_1215328150099868352_n.jpg","type":"image\/jpeg"}],"author":"P\u00e1gina 10","twitter_card":"summary_large_image","twitter_creator":"@Pag10com","twitter_site":"@Pag10com","twitter_misc":{"Escrito por":"P\u00e1gina 10","Tiempo de lectura":"2 minutos"},"schema":{"@context":"https:\/\/schema.org","@graph":[{"@type":"Article","@id":"https:\/\/pagina10.com\/web\/gobierno-departamental-avanza-en-estrategias-para-fortalecer-la-seguridad-en-el-territorio\/#article","isPartOf":{"@id":"https:\/\/pagina10.com\/web\/gobierno-departamental-avanza-en-estrategias-para-fortalecer-la-seguridad-en-el-territorio\/"},"author":{"name":"P\u00e1gina 10","@id":"https:\/\/pagina10.com\/web\/#\/schema\/person\/2efc4a090d25b667d3bc796798a3a81b"},"headline":"Gobierno Departamental avanza en estrategias para fortalecer la seguridad en el territorio","datePublished":"2021-09-27T16:05:33+00:00","mainEntityOfPage":{"@id":"https:\/\/pagina10.com\/web\/gobierno-departamental-avanza-en-estrategias-para-fortalecer-la-seguridad-en-el-territorio\/"},"wordCount":344,"commentCount":0,"publisher":{"@id":"https:\/\/pagina10.com\/web\/#organization"},"image":{"@id":"https:\/\/pagina10.com\/web\/gobierno-departamental-avanza-en-estrategias-para-fortalecer-la-seguridad-en-el-territorio\/#primaryimage"},"thumbnailUrl":"https:\/\/pagina10.com\/web\/wp-content\/uploads\/2021\/09\/242886805_4531861116891043_1215328150099868352_n.jpg","articleSection":["Regiones"],"inLanguage":"es","potentialAction":[{"@type":"CommentAction","name":"Comment","target":["https:\/\/pagina10.com\/web\/gobierno-departamental-avanza-en-estrategias-para-fortalecer-la-seguridad-en-el-territorio\/#respond"]}]},{"@type":"WebPage","@id":"https:\/\/pagina10.com\/web\/gobierno-departamental-avanza-en-estrategias-para-fortalecer-la-seguridad-en-el-territorio\/","url":"https:\/\/pagina10.com\/web\/gobierno-departamental-avanza-en-estrategias-para-fortalecer-la-seguridad-en-el-territorio\/","name":"Gobierno Departamental avanza en estrategias para fortalecer la seguridad en el territorio | P\u00e1gina10","isPartOf":{"@id":"https:\/\/pagina10.com\/web\/#website"},"primaryImageOfPage":{"@id":"https:\/\/pagina10.com\/web\/gobierno-departamental-avanza-en-estrategias-para-fortalecer-la-seguridad-en-el-territorio\/#primaryimage"},"image":{"@id":"https:\/\/pagina10.com\/web\/gobierno-departamental-avanza-en-estrategias-para-fortalecer-la-seguridad-en-el-territorio\/#primaryimage"},"thumbnailUrl":"https:\/\/pagina10.com\/web\/wp-content\/uploads\/2021\/09\/242886805_4531861116891043_1215328150099868352_n.jpg","datePublished":"2021-09-27T16:05:33+00:00","breadcrumb":{"@id":"https:\/\/pagina10.com\/web\/gobierno-departamental-avanza-en-estrategias-para-fortalecer-la-seguridad-en-el-territorio\/#breadcrumb"},"inLanguage":"es","potentialAction":[{"@type":"ReadAction","target":["https:\/\/pagina10.com\/web\/gobierno-departamental-avanza-en-estrategias-para-fortalecer-la-seguridad-en-el-territorio\/"]}]},{"@type":"ImageObject","inLanguage":"es","@id":"https:\/\/pagina10.com\/web\/gobierno-departamental-avanza-en-estrategias-para-fortalecer-la-seguridad-en-el-territorio\/#primaryimage","url":"https:\/\/pagina10.com\/web\/wp-content\/uploads\/2021\/09\/242886805_4531861116891043_1215328150099868352_n.jpg","contentUrl":"https:\/\/pagina10.com\/web\/wp-content\/uploads\/2021\/09\/242886805_4531861116891043_1215328150099868352_n.jpg","width":960,"height":640},{"@type":"BreadcrumbList","@id":"https:\/\/pagina10.com\/web\/gobierno-departamental-avanza-en-estrategias-para-fortalecer-la-seguridad-en-el-territorio\/#breadcrumb","itemListElement":[{"@type":"ListItem","position":1,"name":"Portada","item":"https:\/\/pagina10.com\/web\/"},{"@type":"ListItem","position":2,"name":"Gobierno Departamental avanza en estrategias para fortalecer la seguridad en el territorio"}]},{"@type":"WebSite","@id":"https:\/\/pagina10.com\/web\/#website","url":"https:\/\/pagina10.com\/web\/","name":"P\u00e1gina10","description":"Peri\u00f3dico Regional","publisher":{"@id":"https:\/\/pagina10.com\/web\/#organization"},"alternateName":"P\u00e1gina10 Peri\u00f3dico Regional","potentialAction":[{"@type":"SearchAction","target":{"@type":"EntryPoint","urlTemplate":"https:\/\/pagina10.com\/web\/?s={search_term_string}"},"query-input":{"@type":"PropertyValueSpecification","valueRequired":true,"valueName":"search_term_string"}}],"inLanguage":"es"},{"@type":"Organization","@id":"https:\/\/pagina10.com\/web\/#organization","name":"P\u00e1gina10","alternateName":"P\u00e1gina10 Peri\u00f3dico Regional","url":"https:\/\/pagina10.com\/web\/","logo":{"@type":"ImageObject","inLanguage":"es","@id":"https:\/\/pagina10.com\/web\/#\/schema\/logo\/image\/","url":"https:\/\/pagina10.com\/web\/wp-content\/uploads\/2024\/01\/40-pagina-10-periodico-regional-pasto.jpg","contentUrl":"https:\/\/pagina10.com\/web\/wp-content\/uploads\/2024\/01\/40-pagina-10-periodico-regional-pasto.jpg","width":1280,"height":720,"caption":"P\u00e1gina10"},"image":{"@id":"https:\/\/pagina10.com\/web\/#\/schema\/logo\/image\/"},"sameAs":["https:\/\/www.facebook.com\/pag10com","https:\/\/x.com\/Pag10com","https:\/\/www.instagram.com\/pagina10col\/","https:\/\/youtube.com\/channel\/pag10","https:\/\/www.tiktok.com\/@p10col"]},{"@type":"Person","@id":"https:\/\/pagina10.com\/web\/#\/schema\/person\/2efc4a090d25b667d3bc796798a3a81b","name":"P\u00e1gina 10","description":"P\u00e1gina 10 es un peri\u00f3dico regional que nace en Colombia, en el departamento de Nari\u00f1o, con un enfoque global, fundamentado en cuatro pilares esenciales: la libertad, el pluralismo, la inclusi\u00f3n y la independencia. P\u00e1gina 10 hace referencia a Nari\u00f1o como el d\u00e9cimo departamento creado en Colombia, despu\u00e9s de un proceso pol\u00edtico liderado por actores y actrices regionales con el fin de obtener la independencia y autonom\u00eda de nuestros territorios. Con la creaci\u00f3n de P\u00e1gina 10 se pretende abrir un escenario para el dialogo, la reflexi\u00f3n y el debate que se extienda a otras geograf\u00edas de Am\u00e9rica Latina y del planeta, en una apuesta por transformar colectivamente los desaf\u00edos de un mundo contempor\u00e1neo, m\u00e1s all\u00e1 de las fronteras impuestas.","url":"https:\/\/pagina10.com\/web\/author\/pdiezadmin\/"}]}},"_links":{"self":[{"href":"https:\/\/pagina10.com\/web\/wp-json\/wp\/v2\/posts\/55903","targetHints":{"allow":["GET"]}}],"collection":[{"href":"https:\/\/pagina10.com\/web\/wp-json\/wp\/v2\/posts"}],"about":[{"href":"https:\/\/pagina10.com\/web\/wp-json\/wp\/v2\/types\/post"}],"author":[{"embeddable":true,"href":"https:\/\/pagina10.com\/web\/wp-json\/wp\/v2\/users\/1"}],"replies":[{"embeddable":true,"href":"https:\/\/pagina10.com\/web\/wp-json\/wp\/v2\/comments?post=55903"}],"version-history":[{"count":1,"href":"https:\/\/pagina10.com\/web\/wp-json\/wp\/v2\/posts\/55903\/revisions"}],"predecessor-version":[{"id":55905,"href":"https:\/\/pagina10.com\/web\/wp-json\/wp\/v2\/posts\/55903\/revisions\/55905"}],"wp:featuredmedia":[{"embeddable":true,"href":"https:\/\/pagina10.com\/web\/wp-json\/wp\/v2\/media\/55904"}],"wp:attachment":[{"href":"https:\/\/pagina10.com\/web\/wp-json\/wp\/v2\/media?parent=55903"}],"wp:term":[{"taxonomy":"category","embeddable":true,"href":"https:\/\/pagina10.com\/web\/wp-json\/wp\/v2\/categories?post=55903"},{"taxonomy":"post_tag","embeddable":true,"href":"https:\/\/pagina10.com\/web\/wp-json\/wp\/v2\/tags?post=55903"}],"curies":[{"name":"wp","href":"https:\/\/api.w.org\/{rel}","templated":true}]}}