{"id":55947,"date":"2021-09-30T11:16:53","date_gmt":"2021-09-30T16:16:53","guid":{"rendered":"https:\/\/pagina10.com\/web\/?p=55947"},"modified":"2021-09-30T11:16:53","modified_gmt":"2021-09-30T16:16:53","slug":"pandemia-agravo-inequidad-social-y-sanitaria-en-el-campo","status":"publish","type":"post","link":"https:\/\/pagina10.com\/web\/pandemia-agravo-inequidad-social-y-sanitaria-en-el-campo\/","title":{"rendered":"Pandemia agrav\u00f3 inequidad social y sanitaria en el campo"},"content":{"rendered":"<p style=\"text-align: justify;\">Limitaci\u00f3n de la movilidad dentro de las comunidades, sobrecarga para la mujer rural, inequidades sanitarias, afectaci\u00f3n para las organizaciones sociales y distanciamiento de las instituciones del Estado, fueron algunos de los efectos que dej\u00f3 el paso de la COVID-19 en las zonas rurales del pa\u00eds, donde algunas comunidades intentan combatir el virus con infusiones y sahumerios de plantas medicinales.<\/p>\n<p style=\"text-align: justify;\">Algunas de estas poblaciones tambi\u00e9n acudieron al aislamiento, a la discriminaci\u00f3n de los casos positivos y a la automedicaci\u00f3n con remedios de origen animal, plantas o de laboratorio farmac\u00e9utico para tratar de frenar el virus.<\/p>\n<p style=\"text-align: justify;\">As\u00ed lo refiere el estudio \u201cEstrategias sociosanitarias de la poblaci\u00f3n campesina de Colombia frente a la COVID-19\u201d, liderado por el profesor Edson Jair Ospina, del Departamento de Salud Colectiva de la Facultad de Odontolog\u00eda de la Universidad Nacional de Colombia (UNAL), socializado en el marco del Simposio UNAL COVID-19.<\/p>\n<p style=\"text-align: justify;\">\u201cFormamos parte del grupo de investigaci\u00f3n Salud Colectiva, en el cual participan estudiantes de pregrado y posgrado, egresados y docentes de distintas disciplinas y Facultades de la UNAL, que cuenta con m\u00e1s de una d\u00e9cada de experiencia en temas comunitarios, por eso nos planteamos algunas preguntas sobre lo que estaba sucediendo al inicio de la pandemia con poblaci\u00f3n campesina\u201d, menciona el docente.<\/p>\n<p style=\"text-align: justify;\">Con el fin de entender cu\u00e1les eran las estrategias sociosanitarias de la poblaci\u00f3n campesina frente a la COVID-19, los investigadores realizaron un estudio etnogr\u00e1fico en 9 zonas del pa\u00eds.<\/p>\n<p style=\"text-align: justify;\">Hasta el momento, el grupo de investigaci\u00f3n ha levantado informaci\u00f3n en zonas como el piedemonte amaz\u00f3nico (Mocoa), la Orinoquia (Monterrey, Casanare), la zona cundiboyacense (Mongua), el Choc\u00f3 biogeogr\u00e1fico (Tad\u00f3) y la zona cafetera (L\u00edbano, norte del Tolima).<\/p>\n<p style=\"text-align: justify;\">Se espera que al finalizar de este a\u00f1o se pueda continuar con otras visitas a la zona Caribe (municipio de Arjona, Bol\u00edvar), Magdalena Medio, Amazonia y el suroccidente andino.<\/p>\n<p style=\"text-align: justify;\">Transformaciones sociales<\/p>\n<p style=\"text-align: justify;\">El estudio evidencia que en las din\u00e1micas familiares hubo transformaciones que afectaron especialmente a las mujeres rurales por el aumento de la carga del trabajo dom\u00e9stico, el cuidado de la familia y un mayor estr\u00e9s familiar.<\/p>\n<p style=\"text-align: justify;\">Los procesos de producci\u00f3n de las familias campesinas se habr\u00edan visto afectados por el transporte de los alimentos y el aumento de precios de muchos bienes de consumo, entre otras circunstancias.<\/p>\n<p style=\"text-align: justify;\">En paralelo, la ejecuci\u00f3n de las pol\u00edticas de Estado sobre el control de los procesos de erradicaci\u00f3n de los cultivos de uso il\u00edcito (particularmente de hoja de coca) tambi\u00e9n habr\u00eda sido perjudicial para algunas de las organizaciones sociales.<\/p>\n<p style=\"text-align: justify;\">En t\u00e9rminos educativos se dieron afectaciones muy graves, ya que la poblaci\u00f3n escolar tuvo todas las limitaciones conocidas en cuanto a la comunicaci\u00f3n y el uso de internet.<\/p>\n<p style=\"text-align: justify;\">Seg\u00fan el investigador, \u201cen el \u00e1mbito de la salud p\u00fablica, aunque en el pa\u00eds existe un plan de intervenciones colectivas, este todav\u00eda no tiene adherencia o anclaje en la vida cotidiana de las comunidades rurales y campesinas, lo cual estar\u00eda relacionado con inexistencia o pocos recursos humanos, t\u00e9cnicos y financieros en el campo de la salud p\u00fablica en estos territorios\u201d.<\/p>\n<p style=\"text-align: justify;\">\u201cEvidenciamos que las personas dejaron de acudir a las instituciones de salud; por ejemplo las mujeres embarazadas y los padres de ni\u00f1os peque\u00f1os dejaron de asistir a sus controles m\u00e9dicos y de crecimiento y desarrollo, y muchos mayores fallecieron por la misma causa\u201d, precis\u00f3 el profesor Ospina.<\/p>\n<p style=\"text-align: justify;\">Cuidados y controles<\/p>\n<p style=\"text-align: justify;\">Se\u00f1al\u00f3 adem\u00e1s que \u201cla poblaci\u00f3n campesina s\u00ed reconoce el virus, y al ver las primeras muertes por la enfermedad entendieron que no se trataba de una simple afecci\u00f3n respiratoria, y su reacci\u00f3n ante la posibilidad de morir se represent\u00f3 en miedo agravado por las noticias falsas de internet y las redes sociales\u201d.<\/p>\n<p style=\"text-align: justify;\">\u201cEn las partes altas de Mongua, por ejemplo, la gente identifica la enfermedad a trav\u00e9s de los s\u00edntomas y cuando se da la p\u00e9rdida del gusto y el olfato, por lo que empiezan a generar estrategias para controlarla y evitar que se disemine en el resto de miembros de la familia\u201d, detalla el grupo investigador.<\/p>\n<p style=\"text-align: justify;\">En algunas comunidades, como la del caser\u00edo de Tad\u00f3 (Choc\u00f3), donde habitan unas 100 familias, no permit\u00edan el acceso de personas externas a la comunidad y se cuidaban especialmente de los maestros, quienes viven en las cabeceras municipales.<\/p>\n<p style=\"text-align: justify;\">Aunque env\u00edan a la comunidad estudiantil con doble tapabocas, en la vida cotidiana las personas no suelen usarlo y se hacen sahumerios e infusiones en lugares p\u00fablicos como forma de prevenir el contagio.<\/p>\n<p style=\"text-align: justify;\">\u201cEstas plantas dependen del territorio, pero hoy est\u00e1n llegando a las zonas rurales \u2013a trav\u00e9s de algunos mercados m\u00f3viles\u2013 plantas amargas para el tratamiento, que las personas toman o se ba\u00f1an con ellas. La m\u00e1s popular es la matarrat\u00f3n, y en cuanto a medicamentos el acetaminof\u00e9n y la ivermectina, sobre todo en lugares donde hay ganado\u201d, concluye el docente.<\/p>\n","protected":false},"excerpt":{"rendered":"<p>Limitaci\u00f3n de la movilidad dentro de las comunidades, sobrecarga para la mujer rural, inequidades sanitarias, afectaci\u00f3n para las organizaciones sociales y distanciamiento de las instituciones del Estado, fueron algunos de los efectos que dej\u00f3 el paso de la COVID-19 en las zonas rurales del pa\u00eds, donde algunas comunidades intentan combatir el virus con infusiones y [&hellip;]<\/p>\n","protected":false},"author":1,"featured_media":55948,"comment_status":"open","ping_status":"open","sticky":false,"template":"","format":"standard","meta":{"footnotes":""},"categories":[13],"tags":[],"class_list":["post-55947","post","type-post","status-publish","format-standard","has-post-thumbnail","hentry","category-economia"],"yoast_head":"<!-- This site is optimized with the Yoast SEO plugin v27.1.1 - https:\/\/yoast.com\/product\/yoast-seo-wordpress\/ -->\n<title>Pandemia agrav\u00f3 inequidad social y sanitaria en el campo | P\u00e1gina10<\/title>\n<meta name=\"robots\" content=\"index, follow, max-snippet:-1, max-image-preview:large, max-video-preview:-1\" \/>\n<link rel=\"canonical\" href=\"https:\/\/pagina10.com\/web\/pandemia-agravo-inequidad-social-y-sanitaria-en-el-campo\/\" \/>\n<meta property=\"og:locale\" content=\"es_ES\" \/>\n<meta property=\"og:type\" content=\"article\" \/>\n<meta property=\"og:title\" content=\"Pandemia agrav\u00f3 inequidad social y sanitaria en el campo | P\u00e1gina10\" \/>\n<meta property=\"og:description\" content=\"Limitaci\u00f3n de la movilidad dentro de las comunidades, sobrecarga para la mujer rural, inequidades sanitarias, afectaci\u00f3n para las organizaciones sociales y distanciamiento de las instituciones del Estado, fueron algunos de los efectos que dej\u00f3 el paso de la COVID-19 en las zonas rurales del pa\u00eds, donde algunas comunidades intentan combatir el virus con infusiones y [&hellip;]\" \/>\n<meta property=\"og:url\" content=\"https:\/\/pagina10.com\/web\/pandemia-agravo-inequidad-social-y-sanitaria-en-el-campo\/\" \/>\n<meta property=\"og:site_name\" content=\"P\u00e1gina10\" \/>\n<meta property=\"article:publisher\" content=\"https:\/\/www.facebook.com\/pag10com\" \/>\n<meta property=\"article:published_time\" content=\"2021-09-30T16:16:53+00:00\" \/>\n<meta property=\"og:image\" content=\"https:\/\/pagina10.com\/web\/wp-content\/uploads\/2021\/09\/Captura-de-Pantalla-2021-09-30-a-las-11.15.49-a.-m..png\" \/>\n\t<meta property=\"og:image:width\" content=\"581\" \/>\n\t<meta property=\"og:image:height\" content=\"409\" \/>\n\t<meta property=\"og:image:type\" content=\"image\/png\" \/>\n<meta name=\"author\" content=\"P\u00e1gina 10\" \/>\n<meta name=\"twitter:card\" content=\"summary_large_image\" \/>\n<meta name=\"twitter:creator\" content=\"@Pag10com\" \/>\n<meta name=\"twitter:site\" content=\"@Pag10com\" \/>\n<meta name=\"twitter:label1\" content=\"Escrito por\" \/>\n\t<meta name=\"twitter:data1\" content=\"P\u00e1gina 10\" \/>\n\t<meta name=\"twitter:label2\" content=\"Tiempo de lectura\" \/>\n\t<meta name=\"twitter:data2\" content=\"4 minutos\" \/>\n<script type=\"application\/ld+json\" class=\"yoast-schema-graph\">{\"@context\":\"https:\/\/schema.org\",\"@graph\":[{\"@type\":\"Article\",\"@id\":\"https:\/\/pagina10.com\/web\/pandemia-agravo-inequidad-social-y-sanitaria-en-el-campo\/#article\",\"isPartOf\":{\"@id\":\"https:\/\/pagina10.com\/web\/pandemia-agravo-inequidad-social-y-sanitaria-en-el-campo\/\"},\"author\":{\"name\":\"P\u00e1gina 10\",\"@id\":\"https:\/\/pagina10.com\/web\/#\/schema\/person\/2efc4a090d25b667d3bc796798a3a81b\"},\"headline\":\"Pandemia agrav\u00f3 inequidad social y sanitaria en el campo\",\"datePublished\":\"2021-09-30T16:16:53+00:00\",\"mainEntityOfPage\":{\"@id\":\"https:\/\/pagina10.com\/web\/pandemia-agravo-inequidad-social-y-sanitaria-en-el-campo\/\"},\"wordCount\":856,\"commentCount\":0,\"publisher\":{\"@id\":\"https:\/\/pagina10.com\/web\/#organization\"},\"image\":{\"@id\":\"https:\/\/pagina10.com\/web\/pandemia-agravo-inequidad-social-y-sanitaria-en-el-campo\/#primaryimage\"},\"thumbnailUrl\":\"https:\/\/pagina10.com\/web\/wp-content\/uploads\/2021\/09\/Captura-de-Pantalla-2021-09-30-a-las-11.15.49-a.-m..png\",\"articleSection\":[\"Econom\u00eda\"],\"inLanguage\":\"es\",\"potentialAction\":[{\"@type\":\"CommentAction\",\"name\":\"Comment\",\"target\":[\"https:\/\/pagina10.com\/web\/pandemia-agravo-inequidad-social-y-sanitaria-en-el-campo\/#respond\"]}]},{\"@type\":\"WebPage\",\"@id\":\"https:\/\/pagina10.com\/web\/pandemia-agravo-inequidad-social-y-sanitaria-en-el-campo\/\",\"url\":\"https:\/\/pagina10.com\/web\/pandemia-agravo-inequidad-social-y-sanitaria-en-el-campo\/\",\"name\":\"Pandemia agrav\u00f3 inequidad social y sanitaria en el campo | P\u00e1gina10\",\"isPartOf\":{\"@id\":\"https:\/\/pagina10.com\/web\/#website\"},\"primaryImageOfPage\":{\"@id\":\"https:\/\/pagina10.com\/web\/pandemia-agravo-inequidad-social-y-sanitaria-en-el-campo\/#primaryimage\"},\"image\":{\"@id\":\"https:\/\/pagina10.com\/web\/pandemia-agravo-inequidad-social-y-sanitaria-en-el-campo\/#primaryimage\"},\"thumbnailUrl\":\"https:\/\/pagina10.com\/web\/wp-content\/uploads\/2021\/09\/Captura-de-Pantalla-2021-09-30-a-las-11.15.49-a.-m..png\",\"datePublished\":\"2021-09-30T16:16:53+00:00\",\"breadcrumb\":{\"@id\":\"https:\/\/pagina10.com\/web\/pandemia-agravo-inequidad-social-y-sanitaria-en-el-campo\/#breadcrumb\"},\"inLanguage\":\"es\",\"potentialAction\":[{\"@type\":\"ReadAction\",\"target\":[\"https:\/\/pagina10.com\/web\/pandemia-agravo-inequidad-social-y-sanitaria-en-el-campo\/\"]}]},{\"@type\":\"ImageObject\",\"inLanguage\":\"es\",\"@id\":\"https:\/\/pagina10.com\/web\/pandemia-agravo-inequidad-social-y-sanitaria-en-el-campo\/#primaryimage\",\"url\":\"https:\/\/pagina10.com\/web\/wp-content\/uploads\/2021\/09\/Captura-de-Pantalla-2021-09-30-a-las-11.15.49-a.-m..png\",\"contentUrl\":\"https:\/\/pagina10.com\/web\/wp-content\/uploads\/2021\/09\/Captura-de-Pantalla-2021-09-30-a-las-11.15.49-a.-m..png\",\"width\":581,\"height\":409},{\"@type\":\"BreadcrumbList\",\"@id\":\"https:\/\/pagina10.com\/web\/pandemia-agravo-inequidad-social-y-sanitaria-en-el-campo\/#breadcrumb\",\"itemListElement\":[{\"@type\":\"ListItem\",\"position\":1,\"name\":\"Portada\",\"item\":\"https:\/\/pagina10.com\/web\/\"},{\"@type\":\"ListItem\",\"position\":2,\"name\":\"Pandemia agrav\u00f3 inequidad social y sanitaria en el campo\"}]},{\"@type\":\"WebSite\",\"@id\":\"https:\/\/pagina10.com\/web\/#website\",\"url\":\"https:\/\/pagina10.com\/web\/\",\"name\":\"P\u00e1gina10\",\"description\":\"Peri\u00f3dico Regional\",\"publisher\":{\"@id\":\"https:\/\/pagina10.com\/web\/#organization\"},\"alternateName\":\"P\u00e1gina10 Peri\u00f3dico Regional\",\"potentialAction\":[{\"@type\":\"SearchAction\",\"target\":{\"@type\":\"EntryPoint\",\"urlTemplate\":\"https:\/\/pagina10.com\/web\/?s={search_term_string}\"},\"query-input\":{\"@type\":\"PropertyValueSpecification\",\"valueRequired\":true,\"valueName\":\"search_term_string\"}}],\"inLanguage\":\"es\"},{\"@type\":\"Organization\",\"@id\":\"https:\/\/pagina10.com\/web\/#organization\",\"name\":\"P\u00e1gina10\",\"alternateName\":\"P\u00e1gina10 Peri\u00f3dico Regional\",\"url\":\"https:\/\/pagina10.com\/web\/\",\"logo\":{\"@type\":\"ImageObject\",\"inLanguage\":\"es\",\"@id\":\"https:\/\/pagina10.com\/web\/#\/schema\/logo\/image\/\",\"url\":\"https:\/\/pagina10.com\/web\/wp-content\/uploads\/2024\/01\/40-pagina-10-periodico-regional-pasto.jpg\",\"contentUrl\":\"https:\/\/pagina10.com\/web\/wp-content\/uploads\/2024\/01\/40-pagina-10-periodico-regional-pasto.jpg\",\"width\":1280,\"height\":720,\"caption\":\"P\u00e1gina10\"},\"image\":{\"@id\":\"https:\/\/pagina10.com\/web\/#\/schema\/logo\/image\/\"},\"sameAs\":[\"https:\/\/www.facebook.com\/pag10com\",\"https:\/\/x.com\/Pag10com\",\"https:\/\/www.instagram.com\/pagina10col\/\",\"https:\/\/youtube.com\/channel\/pag10\",\"https:\/\/www.tiktok.com\/@p10col\"]},{\"@type\":\"Person\",\"@id\":\"https:\/\/pagina10.com\/web\/#\/schema\/person\/2efc4a090d25b667d3bc796798a3a81b\",\"name\":\"P\u00e1gina 10\",\"description\":\"P\u00e1gina 10 es un peri\u00f3dico regional que nace en Colombia, en el departamento de Nari\u00f1o, con un enfoque global, fundamentado en cuatro pilares esenciales: la libertad, el pluralismo, la inclusi\u00f3n y la independencia. P\u00e1gina 10 hace referencia a Nari\u00f1o como el d\u00e9cimo departamento creado en Colombia, despu\u00e9s de un proceso pol\u00edtico liderado por actores y actrices regionales con el fin de obtener la independencia y autonom\u00eda de nuestros territorios. Con la creaci\u00f3n de P\u00e1gina 10 se pretende abrir un escenario para el dialogo, la reflexi\u00f3n y el debate que se extienda a otras geograf\u00edas de Am\u00e9rica Latina y del planeta, en una apuesta por transformar colectivamente los desaf\u00edos de un mundo contempor\u00e1neo, m\u00e1s all\u00e1 de las fronteras impuestas.\",\"url\":\"https:\/\/pagina10.com\/web\/author\/pdiezadmin\/\"}]}<\/script>\n<!-- \/ Yoast SEO plugin. -->","yoast_head_json":{"title":"Pandemia agrav\u00f3 inequidad social y sanitaria en el campo | P\u00e1gina10","robots":{"index":"index","follow":"follow","max-snippet":"max-snippet:-1","max-image-preview":"max-image-preview:large","max-video-preview":"max-video-preview:-1"},"canonical":"https:\/\/pagina10.com\/web\/pandemia-agravo-inequidad-social-y-sanitaria-en-el-campo\/","og_locale":"es_ES","og_type":"article","og_title":"Pandemia agrav\u00f3 inequidad social y sanitaria en el campo | P\u00e1gina10","og_description":"Limitaci\u00f3n de la movilidad dentro de las comunidades, sobrecarga para la mujer rural, inequidades sanitarias, afectaci\u00f3n para las organizaciones sociales y distanciamiento de las instituciones del Estado, fueron algunos de los efectos que dej\u00f3 el paso de la COVID-19 en las zonas rurales del pa\u00eds, donde algunas comunidades intentan combatir el virus con infusiones y [&hellip;]","og_url":"https:\/\/pagina10.com\/web\/pandemia-agravo-inequidad-social-y-sanitaria-en-el-campo\/","og_site_name":"P\u00e1gina10","article_publisher":"https:\/\/www.facebook.com\/pag10com","article_published_time":"2021-09-30T16:16:53+00:00","og_image":[{"width":581,"height":409,"url":"https:\/\/pagina10.com\/web\/wp-content\/uploads\/2021\/09\/Captura-de-Pantalla-2021-09-30-a-las-11.15.49-a.-m..png","type":"image\/png"}],"author":"P\u00e1gina 10","twitter_card":"summary_large_image","twitter_creator":"@Pag10com","twitter_site":"@Pag10com","twitter_misc":{"Escrito por":"P\u00e1gina 10","Tiempo de lectura":"4 minutos"},"schema":{"@context":"https:\/\/schema.org","@graph":[{"@type":"Article","@id":"https:\/\/pagina10.com\/web\/pandemia-agravo-inequidad-social-y-sanitaria-en-el-campo\/#article","isPartOf":{"@id":"https:\/\/pagina10.com\/web\/pandemia-agravo-inequidad-social-y-sanitaria-en-el-campo\/"},"author":{"name":"P\u00e1gina 10","@id":"https:\/\/pagina10.com\/web\/#\/schema\/person\/2efc4a090d25b667d3bc796798a3a81b"},"headline":"Pandemia agrav\u00f3 inequidad social y sanitaria en el campo","datePublished":"2021-09-30T16:16:53+00:00","mainEntityOfPage":{"@id":"https:\/\/pagina10.com\/web\/pandemia-agravo-inequidad-social-y-sanitaria-en-el-campo\/"},"wordCount":856,"commentCount":0,"publisher":{"@id":"https:\/\/pagina10.com\/web\/#organization"},"image":{"@id":"https:\/\/pagina10.com\/web\/pandemia-agravo-inequidad-social-y-sanitaria-en-el-campo\/#primaryimage"},"thumbnailUrl":"https:\/\/pagina10.com\/web\/wp-content\/uploads\/2021\/09\/Captura-de-Pantalla-2021-09-30-a-las-11.15.49-a.-m..png","articleSection":["Econom\u00eda"],"inLanguage":"es","potentialAction":[{"@type":"CommentAction","name":"Comment","target":["https:\/\/pagina10.com\/web\/pandemia-agravo-inequidad-social-y-sanitaria-en-el-campo\/#respond"]}]},{"@type":"WebPage","@id":"https:\/\/pagina10.com\/web\/pandemia-agravo-inequidad-social-y-sanitaria-en-el-campo\/","url":"https:\/\/pagina10.com\/web\/pandemia-agravo-inequidad-social-y-sanitaria-en-el-campo\/","name":"Pandemia agrav\u00f3 inequidad social y sanitaria en el campo | P\u00e1gina10","isPartOf":{"@id":"https:\/\/pagina10.com\/web\/#website"},"primaryImageOfPage":{"@id":"https:\/\/pagina10.com\/web\/pandemia-agravo-inequidad-social-y-sanitaria-en-el-campo\/#primaryimage"},"image":{"@id":"https:\/\/pagina10.com\/web\/pandemia-agravo-inequidad-social-y-sanitaria-en-el-campo\/#primaryimage"},"thumbnailUrl":"https:\/\/pagina10.com\/web\/wp-content\/uploads\/2021\/09\/Captura-de-Pantalla-2021-09-30-a-las-11.15.49-a.-m..png","datePublished":"2021-09-30T16:16:53+00:00","breadcrumb":{"@id":"https:\/\/pagina10.com\/web\/pandemia-agravo-inequidad-social-y-sanitaria-en-el-campo\/#breadcrumb"},"inLanguage":"es","potentialAction":[{"@type":"ReadAction","target":["https:\/\/pagina10.com\/web\/pandemia-agravo-inequidad-social-y-sanitaria-en-el-campo\/"]}]},{"@type":"ImageObject","inLanguage":"es","@id":"https:\/\/pagina10.com\/web\/pandemia-agravo-inequidad-social-y-sanitaria-en-el-campo\/#primaryimage","url":"https:\/\/pagina10.com\/web\/wp-content\/uploads\/2021\/09\/Captura-de-Pantalla-2021-09-30-a-las-11.15.49-a.-m..png","contentUrl":"https:\/\/pagina10.com\/web\/wp-content\/uploads\/2021\/09\/Captura-de-Pantalla-2021-09-30-a-las-11.15.49-a.-m..png","width":581,"height":409},{"@type":"BreadcrumbList","@id":"https:\/\/pagina10.com\/web\/pandemia-agravo-inequidad-social-y-sanitaria-en-el-campo\/#breadcrumb","itemListElement":[{"@type":"ListItem","position":1,"name":"Portada","item":"https:\/\/pagina10.com\/web\/"},{"@type":"ListItem","position":2,"name":"Pandemia agrav\u00f3 inequidad social y sanitaria en el campo"}]},{"@type":"WebSite","@id":"https:\/\/pagina10.com\/web\/#website","url":"https:\/\/pagina10.com\/web\/","name":"P\u00e1gina10","description":"Peri\u00f3dico Regional","publisher":{"@id":"https:\/\/pagina10.com\/web\/#organization"},"alternateName":"P\u00e1gina10 Peri\u00f3dico Regional","potentialAction":[{"@type":"SearchAction","target":{"@type":"EntryPoint","urlTemplate":"https:\/\/pagina10.com\/web\/?s={search_term_string}"},"query-input":{"@type":"PropertyValueSpecification","valueRequired":true,"valueName":"search_term_string"}}],"inLanguage":"es"},{"@type":"Organization","@id":"https:\/\/pagina10.com\/web\/#organization","name":"P\u00e1gina10","alternateName":"P\u00e1gina10 Peri\u00f3dico Regional","url":"https:\/\/pagina10.com\/web\/","logo":{"@type":"ImageObject","inLanguage":"es","@id":"https:\/\/pagina10.com\/web\/#\/schema\/logo\/image\/","url":"https:\/\/pagina10.com\/web\/wp-content\/uploads\/2024\/01\/40-pagina-10-periodico-regional-pasto.jpg","contentUrl":"https:\/\/pagina10.com\/web\/wp-content\/uploads\/2024\/01\/40-pagina-10-periodico-regional-pasto.jpg","width":1280,"height":720,"caption":"P\u00e1gina10"},"image":{"@id":"https:\/\/pagina10.com\/web\/#\/schema\/logo\/image\/"},"sameAs":["https:\/\/www.facebook.com\/pag10com","https:\/\/x.com\/Pag10com","https:\/\/www.instagram.com\/pagina10col\/","https:\/\/youtube.com\/channel\/pag10","https:\/\/www.tiktok.com\/@p10col"]},{"@type":"Person","@id":"https:\/\/pagina10.com\/web\/#\/schema\/person\/2efc4a090d25b667d3bc796798a3a81b","name":"P\u00e1gina 10","description":"P\u00e1gina 10 es un peri\u00f3dico regional que nace en Colombia, en el departamento de Nari\u00f1o, con un enfoque global, fundamentado en cuatro pilares esenciales: la libertad, el pluralismo, la inclusi\u00f3n y la independencia. P\u00e1gina 10 hace referencia a Nari\u00f1o como el d\u00e9cimo departamento creado en Colombia, despu\u00e9s de un proceso pol\u00edtico liderado por actores y actrices regionales con el fin de obtener la independencia y autonom\u00eda de nuestros territorios. Con la creaci\u00f3n de P\u00e1gina 10 se pretende abrir un escenario para el dialogo, la reflexi\u00f3n y el debate que se extienda a otras geograf\u00edas de Am\u00e9rica Latina y del planeta, en una apuesta por transformar colectivamente los desaf\u00edos de un mundo contempor\u00e1neo, m\u00e1s all\u00e1 de las fronteras impuestas.","url":"https:\/\/pagina10.com\/web\/author\/pdiezadmin\/"}]}},"_links":{"self":[{"href":"https:\/\/pagina10.com\/web\/wp-json\/wp\/v2\/posts\/55947","targetHints":{"allow":["GET"]}}],"collection":[{"href":"https:\/\/pagina10.com\/web\/wp-json\/wp\/v2\/posts"}],"about":[{"href":"https:\/\/pagina10.com\/web\/wp-json\/wp\/v2\/types\/post"}],"author":[{"embeddable":true,"href":"https:\/\/pagina10.com\/web\/wp-json\/wp\/v2\/users\/1"}],"replies":[{"embeddable":true,"href":"https:\/\/pagina10.com\/web\/wp-json\/wp\/v2\/comments?post=55947"}],"version-history":[{"count":1,"href":"https:\/\/pagina10.com\/web\/wp-json\/wp\/v2\/posts\/55947\/revisions"}],"predecessor-version":[{"id":55949,"href":"https:\/\/pagina10.com\/web\/wp-json\/wp\/v2\/posts\/55947\/revisions\/55949"}],"wp:featuredmedia":[{"embeddable":true,"href":"https:\/\/pagina10.com\/web\/wp-json\/wp\/v2\/media\/55948"}],"wp:attachment":[{"href":"https:\/\/pagina10.com\/web\/wp-json\/wp\/v2\/media?parent=55947"}],"wp:term":[{"taxonomy":"category","embeddable":true,"href":"https:\/\/pagina10.com\/web\/wp-json\/wp\/v2\/categories?post=55947"},{"taxonomy":"post_tag","embeddable":true,"href":"https:\/\/pagina10.com\/web\/wp-json\/wp\/v2\/tags?post=55947"}],"curies":[{"name":"wp","href":"https:\/\/api.w.org\/{rel}","templated":true}]}}