{"id":55958,"date":"2021-09-30T14:11:43","date_gmt":"2021-09-30T19:11:43","guid":{"rendered":"https:\/\/pagina10.com\/web\/?p=55958"},"modified":"2021-09-30T20:35:48","modified_gmt":"2021-10-01T01:35:48","slug":"pacto-historico-vs-colombia-humana-en-narino","status":"publish","type":"post","link":"https:\/\/pagina10.com\/web\/pacto-historico-vs-colombia-humana-en-narino\/","title":{"rendered":"\u00bfPacto hist\u00f3rico vs. Colombia Humana en Nari\u00f1o?"},"content":{"rendered":"<div>\n<div dir=\"auto\" style=\"text-align: justify;\">De acuerdo a declaraciones del catedr\u00e1tico y l\u00edder De Colombia Humana \u2013 Humanables en Nari\u00f1o, <a href=\"https:\/\/www.facebook.com\/pabloemilio.obandoacosta\/videos\/288151466465172\">Heber Santander \u00c1lvarez <\/a>\u201cHubo un pacto contra la Colombia Humana de quienes estuvieron al frente de los diferentes eventos que gener\u00f3 la visita de Gustavo Petro a Nari\u00f1o\u201d y, en consecuencia, los aislaron de todo contacto con el l\u00edder\u201d, m\u00e1s grave a\u00fan que seg\u00fan sus declaraciones \u201ccerraron todas las posibilidades de una participaci\u00f3n abierta y democr\u00e1tica\u2026\u201d. Lo parad\u00f3jico es que el grupo de Colombia Humana \u2013 Humanables despleg\u00f3 todas sus capacidades y una envidiable log\u00edstica en su af\u00e1n de aglutinar a simpatizantes y seguidores de Gustavo Petro y su movimiento Colombia Humana a nivel nacional.<\/div>\n<\/div>\n<div style=\"text-align: justify;\">\n<div dir=\"auto\">Si hubo un pacto contra Colombia Humana por parte de un mal denominado Pacto Hist\u00f3rico, que hace aguas por todos sus flancos, es un claro indicio de que las cosas no marchan bien y que se hace necesario un alto en el camino que permita oxigenar realmente el ambiente pol\u00edtico y electoral en esta parte del territorio nacional.<\/div>\n<\/div>\n<div style=\"text-align: justify;\">\n<div dir=\"auto\">Es inconcebible que se presenten este tipo de situaciones, que los mismos partidarios de un dirigente como Gustavo Petro terminen en rencillas por causa de una vieja dirigencia regional que no cede ante sus pretensiones de continuar usufructuando el poder. Como alguien ir\u00f3nicamente lo expres\u00f3: &#8220;Petro contra Petro&#8221;. En una pelotera que m\u00e1s parece digna de un cap\u00edtulo de una de las obras de Kafka.<\/div>\n<\/div>\n<div style=\"text-align: justify;\">\n<div dir=\"auto\">Igualmente expresa el dirigente regional Heber Santander \u00c1lvarez que los integrantes del Pacto Hist\u00f3rico, con sus actitudes \u201cNada bien le hacen a un proceso de unidad\u2026\u201d. Inconcebible que algunos l\u00edderes act\u00faen de manera tan incongruente, que acaparen a un candidato aisl\u00e1ndolo de todo posible contacto, que lo manipulen y lo manejen con esos viejos criterios de gamonales que se creen con el derecho absoluto de actuar como bien les plazca.<\/div>\n<\/div>\n<div style=\"text-align: justify;\">\n<div dir=\"auto\">Seguramente esa fue la repuesta del pueblo nari\u00f1ense a estas componendas que para nada favorecen los intereses pol\u00edticos y electorales de Gustavo Petro y su Colombia Humana. Fue escasa, p\u00edrrica, la asistencia del pueblo a esta manifestaci\u00f3n que otrora llen\u00f3 la plaza de Nari\u00f1o. El pueblo en su sabidur\u00eda sabe que lo est\u00e1n manipulando, que los mismos vestidos con traje diferente pretende manejarlos para llevarlos como corderos a las urnas para luego ellos cobrar con creces su enga\u00f1oso aporte electoral.<\/div>\n<\/div>\n<div style=\"text-align: justify;\">\n<div dir=\"auto\">Si el pueblo Vota por Petro es por convicci\u00f3n, por el cansancio que tiene de esa casta rancia que sabe de ma\u00f1as y viejas pr\u00e1cticas electoreras y burocr\u00e1ticas.<\/div>\n<\/div>\n<div style=\"text-align: justify;\">\n<div dir=\"auto\">No solo aislaron a Gustavo Petro, lo convirtieron en payaso al estilo de Duque en su campa\u00f1a presidencial que dejaba entrever lo que se nos ven\u00eda a los colombianos. Recordamos a ese Duque rockero, futbolista, prestidigitador, salsero y bailar\u00edn que se prestaba a todo tipo de malabares para mostrarse ante los colombianos como un hombre de pueblo. Quer\u00edamos escuchar a ese Petro profundo, juicioso, anal\u00edtico y sensato y no mirarlo bailando al son de los compases de esa clase politiquera que hace rato nos cans\u00f3 y arruin\u00f3 colectivamente.<\/div>\n<\/div>\n<div style=\"text-align: justify;\">\n<div dir=\"auto\">Las denuncias valerosas del profesor Heber Santander \u00c1lvarez nos deben llevar a una profunda reflexi\u00f3n a los petristas de Coraz\u00f3n, no pueden pasar por alto tantas afrentas al extremo de que se impongan candidatos a la c\u00e1mara de representantes a personajes que nadie conoce, que nadie los ha visto en las luchas sociales y mucho menos que han hecho presencia con su voz durante los grandes momentos tr\u00e1gicos de Nari\u00f1o. De acuerdo al profesor Santander, \u201cRa\u00fal Delgado tiene como candidata a do\u00f1a Esperanza Rojas, de los Verdes, un sector que ni siquiera ha decidido votar por Petro\u2026\u201d. Qu\u00e9 tipo de incongruencias son estas, qu\u00e9 malabarismos se pretenden hacer para imponer candidatos que el pueblo no conoce y que, por el contrario, se constituyen en una especie de t\u00edteres al servicio de ese viejo gamonalismo que nos carcome como pueblo y como cultura.<\/div>\n<\/div>\n<div style=\"text-align: justify;\">\n<div dir=\"auto\">Los nari\u00f1enses no debemos prestarnos para este tipo de actuaciones indignas y vergonzosas que son la clara expresi\u00f3n de una politiquer\u00eda barata y ruin que nos conducir\u00e1 ineluctablemente por los caminos de la pobreza y el abandono nacional. A Petro lo secuestraron desde su llegada a territorio nari\u00f1ense, lo encerraron en un cuarto para un desayuno que se supon\u00eda era con un grupo de sus seguidores y que termin\u00f3 en un desplante para los asistentes. Todo indica que la idea era secuestrarlo e impedir contacto con miembros de Colombia Humana \u2013 Humanables Nari\u00f1o y presentarse ellos como los due\u00f1os de un gran caudal electoral. La respuesta del pueblo fue inmediata, no asistieron a la Plaza de Nari\u00f1o, dando una bofetada a estos liderazgos que realmente huelen a bochorno y clientelismo.<\/div>\n<\/div>\n<div style=\"text-align: justify;\">\n<div dir=\"auto\">Con profundo dolor de patria vemos como el Pacto Hist\u00f3rico se est\u00e1 convirtiendo en una cueva de ladrones, bien lo expresa la excandidata Ingrid Betancourt, en una r\u00e9plica que le hace Juan Carlos Iragorri: \u201cHace cuatro a\u00f1os vine a Colombia para apoyar a @petrogustavo. Pero debo confesar que ahora estoy decepcionada y frustrada con lo que \u00e9l est\u00e1 armando. Lo suyo parece pol\u00edtica tradicional, llena de componendas\u2026\u201d. Como las que vimos y vemos en Nari\u00f1o donde pol\u00edticos tradicionales, cuestionados, investigados e impunes por las diferentes IAS pretenden arrastrar a las urnas a un pueblo cansado de lo que ellos representan.<\/div>\n<\/div>\n<div style=\"text-align: justify;\">\n<div dir=\"auto\">Ya estos pol\u00edticos viejos, caducos y ma\u00f1osos deben retirarse y dejar su lugar a una nueva generaci\u00f3n que desea con su alma construir una nueva Colombia. No esa colmada de carro\u00f1a y aves rapaces que todo lo que tocan lo convierten en podredumbre y han hecho de Nari\u00f1o una regi\u00f3n sumida en la pobreza y la miseria, abandonada por todos y por todo, alejada del progreso y el desarrollo y que le ha correspondido vivir d\u00edas aciagos por culpa de esas actuaciones deshonestas y c\u00ednicas.<\/div>\n<\/div>\n<div style=\"text-align: justify;\">\n<div dir=\"auto\">Los Pactos se deben dar entre hermanos, entre iguales, entre verdaderos arrepentidos y no entre aquellos que marrulleramente fingen una expiaci\u00f3n pero que act\u00faan como malandrines al acecho de sus inocentes v\u00edctimas. En este caso Nari\u00f1o y su pueblo sumido en una verdadera cat\u00e1strofe econ\u00f3mica y social.<\/div>\n<\/div>\n<div style=\"text-align: justify;\">\n<div dir=\"auto\">Invito a una verdadera sublevaci\u00f3n de las bases petristas, a rechazar estas actitudes vergonzantes que nos pretenden convertir en ingenuos electores al servicio de esas mismas casta corruptas y da\u00f1adas. Ya es hora de que el pueblo se exprese, que hable, que deje o\u00edr su voz inconforme, que se llene de valor y rechace a los causantes de toda esta debacle regional, de aquellos que ostentando el poder se aliaron hasta con el diablo para alcanzar todos sus bajos prop\u00f3sitos.<\/div>\n<\/div>\n<div>\n<div dir=\"auto\" style=\"text-align: justify;\">Petro es m\u00e1s, es un pueblo que se levanta, que enarbola la bandera de la justicia y la concordia. Los verdaderos petristas no vamos a permitir que su nombre se mancille, que su liderazgo sea utilizado para todos los tr\u00e1gicos m\u00e1s bajos por la misma ciza\u00f1a que terminar\u00e1 ahogando y asfixiando los verdaderos anhelos del pueblo colombiano.<\/div>\n<\/div>\n","protected":false},"excerpt":{"rendered":"<p>De acuerdo a declaraciones del catedr\u00e1tico y l\u00edder De Colombia Humana \u2013 Humanables en Nari\u00f1o, Heber Santander \u00c1lvarez \u201cHubo un pacto contra la Colombia Humana de quienes estuvieron al frente de los diferentes eventos que gener\u00f3 la visita de Gustavo Petro a Nari\u00f1o\u201d y, en consecuencia, los aislaron de todo contacto con el l\u00edder\u201d, m\u00e1s [&hellip;]<\/p>\n","protected":false},"author":46,"featured_media":55959,"comment_status":"open","ping_status":"open","sticky":false,"template":"","format":"standard","meta":{"footnotes":""},"categories":[53],"tags":[],"class_list":["post-55958","post","type-post","status-publish","format-standard","has-post-thumbnail","hentry","category-regiones"],"yoast_head":"<!-- This site is optimized with the Yoast SEO plugin v27.1.1 - https:\/\/yoast.com\/product\/yoast-seo-wordpress\/ -->\n<title>\u00bfPacto hist\u00f3rico vs. Colombia Humana en Nari\u00f1o? | P\u00e1gina10<\/title>\n<meta name=\"robots\" content=\"index, follow, max-snippet:-1, max-image-preview:large, max-video-preview:-1\" \/>\n<link rel=\"canonical\" href=\"https:\/\/pagina10.com\/web\/pacto-historico-vs-colombia-humana-en-narino\/\" \/>\n<meta property=\"og:locale\" content=\"es_ES\" \/>\n<meta property=\"og:type\" content=\"article\" \/>\n<meta property=\"og:title\" content=\"\u00bfPacto hist\u00f3rico vs. Colombia Humana en Nari\u00f1o? | P\u00e1gina10\" \/>\n<meta property=\"og:description\" content=\"De acuerdo a declaraciones del catedr\u00e1tico y l\u00edder De Colombia Humana \u2013 Humanables en Nari\u00f1o, Heber Santander \u00c1lvarez \u201cHubo un pacto contra la Colombia Humana de quienes estuvieron al frente de los diferentes eventos que gener\u00f3 la visita de Gustavo Petro a Nari\u00f1o\u201d y, en consecuencia, los aislaron de todo contacto con el l\u00edder\u201d, m\u00e1s [&hellip;]\" \/>\n<meta property=\"og:url\" content=\"https:\/\/pagina10.com\/web\/pacto-historico-vs-colombia-humana-en-narino\/\" \/>\n<meta property=\"og:site_name\" content=\"P\u00e1gina10\" \/>\n<meta property=\"article:publisher\" content=\"https:\/\/www.facebook.com\/pag10com\" \/>\n<meta property=\"article:published_time\" content=\"2021-09-30T19:11:43+00:00\" \/>\n<meta property=\"article:modified_time\" content=\"2021-10-01T01:35:48+00:00\" \/>\n<meta property=\"og:image\" content=\"https:\/\/pagina10.com\/web\/wp-content\/uploads\/2021\/09\/Captura-de-Pantalla-2021-09-30-a-las-2.09.52-p.-m..png\" \/>\n\t<meta property=\"og:image:width\" content=\"555\" \/>\n\t<meta property=\"og:image:height\" content=\"417\" \/>\n\t<meta property=\"og:image:type\" content=\"image\/png\" \/>\n<meta name=\"author\" content=\"Pablo Emilio Obando Acosta\" \/>\n<meta name=\"twitter:card\" content=\"summary_large_image\" \/>\n<meta name=\"twitter:creator\" content=\"@Pag10com\" \/>\n<meta name=\"twitter:site\" content=\"@Pag10com\" \/>\n<meta name=\"twitter:label1\" content=\"Escrito por\" \/>\n\t<meta name=\"twitter:data1\" content=\"Pablo Emilio Obando Acosta\" \/>\n\t<meta name=\"twitter:label2\" content=\"Tiempo de lectura\" \/>\n\t<meta name=\"twitter:data2\" content=\"6 minutos\" \/>\n<script type=\"application\/ld+json\" class=\"yoast-schema-graph\">{\"@context\":\"https:\/\/schema.org\",\"@graph\":[{\"@type\":\"Article\",\"@id\":\"https:\/\/pagina10.com\/web\/pacto-historico-vs-colombia-humana-en-narino\/#article\",\"isPartOf\":{\"@id\":\"https:\/\/pagina10.com\/web\/pacto-historico-vs-colombia-humana-en-narino\/\"},\"author\":{\"name\":\"Pablo Emilio Obando Acosta\",\"@id\":\"https:\/\/pagina10.com\/web\/#\/schema\/person\/3d3687c9f037834284853a963ee45123\"},\"headline\":\"\u00bfPacto hist\u00f3rico vs. Colombia Humana en Nari\u00f1o?\",\"datePublished\":\"2021-09-30T19:11:43+00:00\",\"dateModified\":\"2021-10-01T01:35:48+00:00\",\"mainEntityOfPage\":{\"@id\":\"https:\/\/pagina10.com\/web\/pacto-historico-vs-colombia-humana-en-narino\/\"},\"wordCount\":1229,\"commentCount\":0,\"publisher\":{\"@id\":\"https:\/\/pagina10.com\/web\/#organization\"},\"image\":{\"@id\":\"https:\/\/pagina10.com\/web\/pacto-historico-vs-colombia-humana-en-narino\/#primaryimage\"},\"thumbnailUrl\":\"https:\/\/pagina10.com\/web\/wp-content\/uploads\/2021\/09\/Captura-de-Pantalla-2021-09-30-a-las-2.09.52-p.-m..png\",\"articleSection\":[\"Regiones\"],\"inLanguage\":\"es\",\"potentialAction\":[{\"@type\":\"CommentAction\",\"name\":\"Comment\",\"target\":[\"https:\/\/pagina10.com\/web\/pacto-historico-vs-colombia-humana-en-narino\/#respond\"]}]},{\"@type\":\"WebPage\",\"@id\":\"https:\/\/pagina10.com\/web\/pacto-historico-vs-colombia-humana-en-narino\/\",\"url\":\"https:\/\/pagina10.com\/web\/pacto-historico-vs-colombia-humana-en-narino\/\",\"name\":\"\u00bfPacto hist\u00f3rico vs. Colombia Humana en Nari\u00f1o? | P\u00e1gina10\",\"isPartOf\":{\"@id\":\"https:\/\/pagina10.com\/web\/#website\"},\"primaryImageOfPage\":{\"@id\":\"https:\/\/pagina10.com\/web\/pacto-historico-vs-colombia-humana-en-narino\/#primaryimage\"},\"image\":{\"@id\":\"https:\/\/pagina10.com\/web\/pacto-historico-vs-colombia-humana-en-narino\/#primaryimage\"},\"thumbnailUrl\":\"https:\/\/pagina10.com\/web\/wp-content\/uploads\/2021\/09\/Captura-de-Pantalla-2021-09-30-a-las-2.09.52-p.-m..png\",\"datePublished\":\"2021-09-30T19:11:43+00:00\",\"dateModified\":\"2021-10-01T01:35:48+00:00\",\"breadcrumb\":{\"@id\":\"https:\/\/pagina10.com\/web\/pacto-historico-vs-colombia-humana-en-narino\/#breadcrumb\"},\"inLanguage\":\"es\",\"potentialAction\":[{\"@type\":\"ReadAction\",\"target\":[\"https:\/\/pagina10.com\/web\/pacto-historico-vs-colombia-humana-en-narino\/\"]}]},{\"@type\":\"ImageObject\",\"inLanguage\":\"es\",\"@id\":\"https:\/\/pagina10.com\/web\/pacto-historico-vs-colombia-humana-en-narino\/#primaryimage\",\"url\":\"https:\/\/pagina10.com\/web\/wp-content\/uploads\/2021\/09\/Captura-de-Pantalla-2021-09-30-a-las-2.09.52-p.-m..png\",\"contentUrl\":\"https:\/\/pagina10.com\/web\/wp-content\/uploads\/2021\/09\/Captura-de-Pantalla-2021-09-30-a-las-2.09.52-p.-m..png\",\"width\":555,\"height\":417,\"caption\":\"Fotograf\u00eda: Pasto Denuncias\"},{\"@type\":\"BreadcrumbList\",\"@id\":\"https:\/\/pagina10.com\/web\/pacto-historico-vs-colombia-humana-en-narino\/#breadcrumb\",\"itemListElement\":[{\"@type\":\"ListItem\",\"position\":1,\"name\":\"Portada\",\"item\":\"https:\/\/pagina10.com\/web\/\"},{\"@type\":\"ListItem\",\"position\":2,\"name\":\"\u00bfPacto hist\u00f3rico vs. Colombia Humana en Nari\u00f1o?\"}]},{\"@type\":\"WebSite\",\"@id\":\"https:\/\/pagina10.com\/web\/#website\",\"url\":\"https:\/\/pagina10.com\/web\/\",\"name\":\"P\u00e1gina10\",\"description\":\"Peri\u00f3dico Regional\",\"publisher\":{\"@id\":\"https:\/\/pagina10.com\/web\/#organization\"},\"alternateName\":\"P\u00e1gina10 Peri\u00f3dico Regional\",\"potentialAction\":[{\"@type\":\"SearchAction\",\"target\":{\"@type\":\"EntryPoint\",\"urlTemplate\":\"https:\/\/pagina10.com\/web\/?s={search_term_string}\"},\"query-input\":{\"@type\":\"PropertyValueSpecification\",\"valueRequired\":true,\"valueName\":\"search_term_string\"}}],\"inLanguage\":\"es\"},{\"@type\":\"Organization\",\"@id\":\"https:\/\/pagina10.com\/web\/#organization\",\"name\":\"P\u00e1gina10\",\"alternateName\":\"P\u00e1gina10 Peri\u00f3dico Regional\",\"url\":\"https:\/\/pagina10.com\/web\/\",\"logo\":{\"@type\":\"ImageObject\",\"inLanguage\":\"es\",\"@id\":\"https:\/\/pagina10.com\/web\/#\/schema\/logo\/image\/\",\"url\":\"https:\/\/pagina10.com\/web\/wp-content\/uploads\/2024\/01\/40-pagina-10-periodico-regional-pasto.jpg\",\"contentUrl\":\"https:\/\/pagina10.com\/web\/wp-content\/uploads\/2024\/01\/40-pagina-10-periodico-regional-pasto.jpg\",\"width\":1280,\"height\":720,\"caption\":\"P\u00e1gina10\"},\"image\":{\"@id\":\"https:\/\/pagina10.com\/web\/#\/schema\/logo\/image\/\"},\"sameAs\":[\"https:\/\/www.facebook.com\/pag10com\",\"https:\/\/x.com\/Pag10com\",\"https:\/\/www.instagram.com\/pagina10col\/\",\"https:\/\/youtube.com\/channel\/pag10\",\"https:\/\/www.tiktok.com\/@p10col\"]},{\"@type\":\"Person\",\"@id\":\"https:\/\/pagina10.com\/web\/#\/schema\/person\/3d3687c9f037834284853a963ee45123\",\"name\":\"Pablo Emilio Obando Acosta\",\"description\":\"PABLO EMILIO OBANDO ACOSTA Nace en el a\u00f1o de 1965. Bachiller acad\u00e9mico Modalidad Humanidades del INEM de Pasto. En 1989 culmina sus estudios universitarios en la Universidad de Nari\u00f1o obteniendo el t\u00edtulo de Licenciado en Ciencias Sociales \u2013 \u00e9nfasis Ciencias de la Educaci\u00f3n \u2013Jornada nocturna-. Especialista en Literatura latinoamericana y colaborador de importantes medios de comunicaci\u00f3n escritos de nuestra regi\u00f3n y del pa\u00eds: El Tiempo.com, Semana.com, Dinero, Diario Del Sur, El Espectador.com, entre otros, Sus escritos se conocen y han obtenido reconocimientos en Chile, Uruguay, Paraguay, Espa\u00f1a y Alemania. En el a\u00f1o 2000 obtiene el reconocimiento CORREO DEL SUR como el personaje c\u00edvico del a\u00f1o por su f\u00e9rrea defensa de la dignidad pastense al protestar con su documento \u201cUn pueblo ante la historia\u201d por el trato despectivo de algunos medios de comunicaci\u00f3n. Las reacciones no se hacen esperar en peri\u00f3dicos de circulaci\u00f3n regional y nacional como El Tiempo, El Espectador y El Pa\u00eds. Ha obtenido m\u00faltiples medallas y condecoraciones por su labor period\u00edstica y cultural: Medalla al merito Guillermo Edmundo Ch\u00e1vez \u2013 mejor escritor del departamento de Nari\u00f1o 2005 \u2013 Fundaci\u00f3n Gabriel Garc\u00eda M\u00e1rquez. Mejor Columnista del departamento de Nari\u00f1o \u2013 a\u00f1os 1991 \u2013 1993 \u2013 1996 \u2013 2001 \u2013 2006 Fundaci\u00f3n Cultural Correo del Sur. Personaje C\u00edvico del Departamento de Nari\u00f1o a\u00f1o 2000. Medalla \u00c1lvaro Javier Jurado Calvache a\u00f1o 2007 \u2013 Centro Educativo PROFESA \u2013 defensor poblaci\u00f3n vulnerable del municipio de Pasto. Mejor cuentista del departamento de Nari\u00f1o \u2013 a\u00f1os 1989 \u2013 2004 \u2013 2005. Cronista m\u00e1s destacado del departamento de Nari\u00f1o \u2013 a\u00f1o 2001. Finalista VI Concurso Internacional de Cuento \u2013 Prensa Nueva \u2013 a\u00f1o 1991. Primer puesto Concurso nacional de cuento \u2013 Contralor\u00eda general de la Rep\u00fablica \u2013 a\u00f1o 1992. Primer Lugar Concurso Municipal de Periodismo \u201cSilvio Le\u00f3n Espa\u00f1a\u201d \u2013 2009. . Reconocimiento Concejo municipal de Pasto, por su labor c\u00edvica y educativa. Sus obras y escritos se conocen en varios pa\u00edses de Latinoam\u00e9rica y de Colombia. Es autor de una docena de textos y m\u00e1s de un millar de columnas de opini\u00f3n que han generado pol\u00e9mica en el contexto nacional y latinoamericano: Testimonio de una insurrecci\u00f3n ciudadana \u2013 2011. El doctor Mierda. Un pueblo ante la historia. La filosof\u00eda de la gallina. Del amor por la Tierra... y otros textos. Diario de un maestro de escuela. Apuntes para una nueva historia Nuevos apuntes \u2013 Tomas Hidalgo Calvache. El problema de los cristianos. La utilidad del poeta. \u00bfTe acuerdas Mariana...? Corona F\u00fanebre \u2013 Tomas Hidalgo Calvache. En formato digital ha editado los siguientes t\u00edtulos: - La nueva filosof\u00eda de la gallina. - Tomas Hidalgo Calvache - Apuntes. - Educar con valor. Figura en varias antolog\u00edas de autores nari\u00f1enses y en una latinoamericana. Sobre \u00e9l han escrito elogiosamente intelectuales de la talla de Otto Morales Ben\u00edtez, Edgar Bastidas Urresty, Juan Augusto Ortiz cabrera, Carlos Santamar\u00eda, Javier Rodrizales, Miguel Garz\u00f3n Arteaga, Fausto Molina, Jorge Arturo Bravo y otros tantos que ser\u00eda dif\u00edcil nombrar en esta peque\u00f1a cr\u00f3nica sobre Pablo Emilio Obando Acosta.\",\"url\":\"https:\/\/pagina10.com\/web\/author\/pobando\/\"}]}<\/script>\n<!-- \/ Yoast SEO plugin. -->","yoast_head_json":{"title":"\u00bfPacto hist\u00f3rico vs. Colombia Humana en Nari\u00f1o? | P\u00e1gina10","robots":{"index":"index","follow":"follow","max-snippet":"max-snippet:-1","max-image-preview":"max-image-preview:large","max-video-preview":"max-video-preview:-1"},"canonical":"https:\/\/pagina10.com\/web\/pacto-historico-vs-colombia-humana-en-narino\/","og_locale":"es_ES","og_type":"article","og_title":"\u00bfPacto hist\u00f3rico vs. Colombia Humana en Nari\u00f1o? | P\u00e1gina10","og_description":"De acuerdo a declaraciones del catedr\u00e1tico y l\u00edder De Colombia Humana \u2013 Humanables en Nari\u00f1o, Heber Santander \u00c1lvarez \u201cHubo un pacto contra la Colombia Humana de quienes estuvieron al frente de los diferentes eventos que gener\u00f3 la visita de Gustavo Petro a Nari\u00f1o\u201d y, en consecuencia, los aislaron de todo contacto con el l\u00edder\u201d, m\u00e1s [&hellip;]","og_url":"https:\/\/pagina10.com\/web\/pacto-historico-vs-colombia-humana-en-narino\/","og_site_name":"P\u00e1gina10","article_publisher":"https:\/\/www.facebook.com\/pag10com","article_published_time":"2021-09-30T19:11:43+00:00","article_modified_time":"2021-10-01T01:35:48+00:00","og_image":[{"width":555,"height":417,"url":"https:\/\/pagina10.com\/web\/wp-content\/uploads\/2021\/09\/Captura-de-Pantalla-2021-09-30-a-las-2.09.52-p.-m..png","type":"image\/png"}],"author":"Pablo Emilio Obando Acosta","twitter_card":"summary_large_image","twitter_creator":"@Pag10com","twitter_site":"@Pag10com","twitter_misc":{"Escrito por":"Pablo Emilio Obando Acosta","Tiempo de lectura":"6 minutos"},"schema":{"@context":"https:\/\/schema.org","@graph":[{"@type":"Article","@id":"https:\/\/pagina10.com\/web\/pacto-historico-vs-colombia-humana-en-narino\/#article","isPartOf":{"@id":"https:\/\/pagina10.com\/web\/pacto-historico-vs-colombia-humana-en-narino\/"},"author":{"name":"Pablo Emilio Obando Acosta","@id":"https:\/\/pagina10.com\/web\/#\/schema\/person\/3d3687c9f037834284853a963ee45123"},"headline":"\u00bfPacto hist\u00f3rico vs. Colombia Humana en Nari\u00f1o?","datePublished":"2021-09-30T19:11:43+00:00","dateModified":"2021-10-01T01:35:48+00:00","mainEntityOfPage":{"@id":"https:\/\/pagina10.com\/web\/pacto-historico-vs-colombia-humana-en-narino\/"},"wordCount":1229,"commentCount":0,"publisher":{"@id":"https:\/\/pagina10.com\/web\/#organization"},"image":{"@id":"https:\/\/pagina10.com\/web\/pacto-historico-vs-colombia-humana-en-narino\/#primaryimage"},"thumbnailUrl":"https:\/\/pagina10.com\/web\/wp-content\/uploads\/2021\/09\/Captura-de-Pantalla-2021-09-30-a-las-2.09.52-p.-m..png","articleSection":["Regiones"],"inLanguage":"es","potentialAction":[{"@type":"CommentAction","name":"Comment","target":["https:\/\/pagina10.com\/web\/pacto-historico-vs-colombia-humana-en-narino\/#respond"]}]},{"@type":"WebPage","@id":"https:\/\/pagina10.com\/web\/pacto-historico-vs-colombia-humana-en-narino\/","url":"https:\/\/pagina10.com\/web\/pacto-historico-vs-colombia-humana-en-narino\/","name":"\u00bfPacto hist\u00f3rico vs. Colombia Humana en Nari\u00f1o? | P\u00e1gina10","isPartOf":{"@id":"https:\/\/pagina10.com\/web\/#website"},"primaryImageOfPage":{"@id":"https:\/\/pagina10.com\/web\/pacto-historico-vs-colombia-humana-en-narino\/#primaryimage"},"image":{"@id":"https:\/\/pagina10.com\/web\/pacto-historico-vs-colombia-humana-en-narino\/#primaryimage"},"thumbnailUrl":"https:\/\/pagina10.com\/web\/wp-content\/uploads\/2021\/09\/Captura-de-Pantalla-2021-09-30-a-las-2.09.52-p.-m..png","datePublished":"2021-09-30T19:11:43+00:00","dateModified":"2021-10-01T01:35:48+00:00","breadcrumb":{"@id":"https:\/\/pagina10.com\/web\/pacto-historico-vs-colombia-humana-en-narino\/#breadcrumb"},"inLanguage":"es","potentialAction":[{"@type":"ReadAction","target":["https:\/\/pagina10.com\/web\/pacto-historico-vs-colombia-humana-en-narino\/"]}]},{"@type":"ImageObject","inLanguage":"es","@id":"https:\/\/pagina10.com\/web\/pacto-historico-vs-colombia-humana-en-narino\/#primaryimage","url":"https:\/\/pagina10.com\/web\/wp-content\/uploads\/2021\/09\/Captura-de-Pantalla-2021-09-30-a-las-2.09.52-p.-m..png","contentUrl":"https:\/\/pagina10.com\/web\/wp-content\/uploads\/2021\/09\/Captura-de-Pantalla-2021-09-30-a-las-2.09.52-p.-m..png","width":555,"height":417,"caption":"Fotograf\u00eda: Pasto Denuncias"},{"@type":"BreadcrumbList","@id":"https:\/\/pagina10.com\/web\/pacto-historico-vs-colombia-humana-en-narino\/#breadcrumb","itemListElement":[{"@type":"ListItem","position":1,"name":"Portada","item":"https:\/\/pagina10.com\/web\/"},{"@type":"ListItem","position":2,"name":"\u00bfPacto hist\u00f3rico vs. Colombia Humana en Nari\u00f1o?"}]},{"@type":"WebSite","@id":"https:\/\/pagina10.com\/web\/#website","url":"https:\/\/pagina10.com\/web\/","name":"P\u00e1gina10","description":"Peri\u00f3dico Regional","publisher":{"@id":"https:\/\/pagina10.com\/web\/#organization"},"alternateName":"P\u00e1gina10 Peri\u00f3dico Regional","potentialAction":[{"@type":"SearchAction","target":{"@type":"EntryPoint","urlTemplate":"https:\/\/pagina10.com\/web\/?s={search_term_string}"},"query-input":{"@type":"PropertyValueSpecification","valueRequired":true,"valueName":"search_term_string"}}],"inLanguage":"es"},{"@type":"Organization","@id":"https:\/\/pagina10.com\/web\/#organization","name":"P\u00e1gina10","alternateName":"P\u00e1gina10 Peri\u00f3dico Regional","url":"https:\/\/pagina10.com\/web\/","logo":{"@type":"ImageObject","inLanguage":"es","@id":"https:\/\/pagina10.com\/web\/#\/schema\/logo\/image\/","url":"https:\/\/pagina10.com\/web\/wp-content\/uploads\/2024\/01\/40-pagina-10-periodico-regional-pasto.jpg","contentUrl":"https:\/\/pagina10.com\/web\/wp-content\/uploads\/2024\/01\/40-pagina-10-periodico-regional-pasto.jpg","width":1280,"height":720,"caption":"P\u00e1gina10"},"image":{"@id":"https:\/\/pagina10.com\/web\/#\/schema\/logo\/image\/"},"sameAs":["https:\/\/www.facebook.com\/pag10com","https:\/\/x.com\/Pag10com","https:\/\/www.instagram.com\/pagina10col\/","https:\/\/youtube.com\/channel\/pag10","https:\/\/www.tiktok.com\/@p10col"]},{"@type":"Person","@id":"https:\/\/pagina10.com\/web\/#\/schema\/person\/3d3687c9f037834284853a963ee45123","name":"Pablo Emilio Obando Acosta","description":"PABLO EMILIO OBANDO ACOSTA Nace en el a\u00f1o de 1965. Bachiller acad\u00e9mico Modalidad Humanidades del INEM de Pasto. En 1989 culmina sus estudios universitarios en la Universidad de Nari\u00f1o obteniendo el t\u00edtulo de Licenciado en Ciencias Sociales \u2013 \u00e9nfasis Ciencias de la Educaci\u00f3n \u2013Jornada nocturna-. Especialista en Literatura latinoamericana y colaborador de importantes medios de comunicaci\u00f3n escritos de nuestra regi\u00f3n y del pa\u00eds: El Tiempo.com, Semana.com, Dinero, Diario Del Sur, El Espectador.com, entre otros, Sus escritos se conocen y han obtenido reconocimientos en Chile, Uruguay, Paraguay, Espa\u00f1a y Alemania. En el a\u00f1o 2000 obtiene el reconocimiento CORREO DEL SUR como el personaje c\u00edvico del a\u00f1o por su f\u00e9rrea defensa de la dignidad pastense al protestar con su documento \u201cUn pueblo ante la historia\u201d por el trato despectivo de algunos medios de comunicaci\u00f3n. Las reacciones no se hacen esperar en peri\u00f3dicos de circulaci\u00f3n regional y nacional como El Tiempo, El Espectador y El Pa\u00eds. Ha obtenido m\u00faltiples medallas y condecoraciones por su labor period\u00edstica y cultural: Medalla al merito Guillermo Edmundo Ch\u00e1vez \u2013 mejor escritor del departamento de Nari\u00f1o 2005 \u2013 Fundaci\u00f3n Gabriel Garc\u00eda M\u00e1rquez. Mejor Columnista del departamento de Nari\u00f1o \u2013 a\u00f1os 1991 \u2013 1993 \u2013 1996 \u2013 2001 \u2013 2006 Fundaci\u00f3n Cultural Correo del Sur. Personaje C\u00edvico del Departamento de Nari\u00f1o a\u00f1o 2000. Medalla \u00c1lvaro Javier Jurado Calvache a\u00f1o 2007 \u2013 Centro Educativo PROFESA \u2013 defensor poblaci\u00f3n vulnerable del municipio de Pasto. Mejor cuentista del departamento de Nari\u00f1o \u2013 a\u00f1os 1989 \u2013 2004 \u2013 2005. Cronista m\u00e1s destacado del departamento de Nari\u00f1o \u2013 a\u00f1o 2001. Finalista VI Concurso Internacional de Cuento \u2013 Prensa Nueva \u2013 a\u00f1o 1991. Primer puesto Concurso nacional de cuento \u2013 Contralor\u00eda general de la Rep\u00fablica \u2013 a\u00f1o 1992. Primer Lugar Concurso Municipal de Periodismo \u201cSilvio Le\u00f3n Espa\u00f1a\u201d \u2013 2009. . Reconocimiento Concejo municipal de Pasto, por su labor c\u00edvica y educativa. Sus obras y escritos se conocen en varios pa\u00edses de Latinoam\u00e9rica y de Colombia. Es autor de una docena de textos y m\u00e1s de un millar de columnas de opini\u00f3n que han generado pol\u00e9mica en el contexto nacional y latinoamericano: Testimonio de una insurrecci\u00f3n ciudadana \u2013 2011. El doctor Mierda. Un pueblo ante la historia. La filosof\u00eda de la gallina. Del amor por la Tierra... y otros textos. Diario de un maestro de escuela. Apuntes para una nueva historia Nuevos apuntes \u2013 Tomas Hidalgo Calvache. El problema de los cristianos. La utilidad del poeta. \u00bfTe acuerdas Mariana...? Corona F\u00fanebre \u2013 Tomas Hidalgo Calvache. En formato digital ha editado los siguientes t\u00edtulos: - La nueva filosof\u00eda de la gallina. - Tomas Hidalgo Calvache - Apuntes. - Educar con valor. Figura en varias antolog\u00edas de autores nari\u00f1enses y en una latinoamericana. Sobre \u00e9l han escrito elogiosamente intelectuales de la talla de Otto Morales Ben\u00edtez, Edgar Bastidas Urresty, Juan Augusto Ortiz cabrera, Carlos Santamar\u00eda, Javier Rodrizales, Miguel Garz\u00f3n Arteaga, Fausto Molina, Jorge Arturo Bravo y otros tantos que ser\u00eda dif\u00edcil nombrar en esta peque\u00f1a cr\u00f3nica sobre Pablo Emilio Obando Acosta.","url":"https:\/\/pagina10.com\/web\/author\/pobando\/"}]}},"_links":{"self":[{"href":"https:\/\/pagina10.com\/web\/wp-json\/wp\/v2\/posts\/55958","targetHints":{"allow":["GET"]}}],"collection":[{"href":"https:\/\/pagina10.com\/web\/wp-json\/wp\/v2\/posts"}],"about":[{"href":"https:\/\/pagina10.com\/web\/wp-json\/wp\/v2\/types\/post"}],"author":[{"embeddable":true,"href":"https:\/\/pagina10.com\/web\/wp-json\/wp\/v2\/users\/46"}],"replies":[{"embeddable":true,"href":"https:\/\/pagina10.com\/web\/wp-json\/wp\/v2\/comments?post=55958"}],"version-history":[{"count":1,"href":"https:\/\/pagina10.com\/web\/wp-json\/wp\/v2\/posts\/55958\/revisions"}],"predecessor-version":[{"id":55960,"href":"https:\/\/pagina10.com\/web\/wp-json\/wp\/v2\/posts\/55958\/revisions\/55960"}],"wp:featuredmedia":[{"embeddable":true,"href":"https:\/\/pagina10.com\/web\/wp-json\/wp\/v2\/media\/55959"}],"wp:attachment":[{"href":"https:\/\/pagina10.com\/web\/wp-json\/wp\/v2\/media?parent=55958"}],"wp:term":[{"taxonomy":"category","embeddable":true,"href":"https:\/\/pagina10.com\/web\/wp-json\/wp\/v2\/categories?post=55958"},{"taxonomy":"post_tag","embeddable":true,"href":"https:\/\/pagina10.com\/web\/wp-json\/wp\/v2\/tags?post=55958"}],"curies":[{"name":"wp","href":"https:\/\/api.w.org\/{rel}","templated":true}]}}