{"id":55973,"date":"2021-10-02T10:52:22","date_gmt":"2021-10-02T15:52:22","guid":{"rendered":"https:\/\/pagina10.com\/web\/?p=55973"},"modified":"2021-10-02T11:13:03","modified_gmt":"2021-10-02T16:13:03","slug":"narino-fue-al-departamento-que-mas-recursos-le-redujeron-raul-delgado","status":"publish","type":"post","link":"https:\/\/pagina10.com\/web\/narino-fue-al-departamento-que-mas-recursos-le-redujeron-raul-delgado\/","title":{"rendered":"&#8220;Nari\u00f1o fue al Departamento que m\u00e1s recursos le redujeron&#8221; Ra\u00fal Delgado"},"content":{"rendered":"<p style=\"text-align: justify;\">El exgobernador, Ra\u00fal Delgado, lanz\u00f3 una alerta regional debido a la dr\u00e1stica disminuci\u00f3n del presupuesto asignado al departamento de Nari\u00f1o por el gobierno nacional. Delgado se\u00f1al\u00f3 que el \u201cGobierno \u00a0de Iv\u00e1n Duque da el peor tratamiento de todos los departamentos a Nari\u00f1o en el proyecto de presupuesto de la Naci\u00f3n 2022. Recorta de 2 a 1.6 billones los recursos de inversi\u00f3n de 2021. Para pr\u00f3ximo a\u00f1o proyecta 1.9 billones, 7% menos que este a\u00f1o y 22 puntos por debajo de promedio nacional\u201d.<\/p>\n<p style=\"text-align: justify;\">Por esta raz\u00f3n, ante esta situaci\u00f3n, el exgobernador sugiere que \u201clos congresistas nari\u00f1enses no deber\u00edan votar en plenaria este proyecto, sino se incrementan significativamente recursos de inversi\u00f3n para Nari\u00f1o\u201d. Igualmente expres\u00f3 que \u201cdespu\u00e9s de tr\u00e1mite en comisiones econ\u00f3micas hay m\u00e1s de 7 billones de inversi\u00f3n para distribuir entre departamentos\u201d.<\/p>\n<p style=\"text-align: justify;\">Al respecto el gobernador Jhon Rojas, manifest\u00f3 \u201cInjusto que el Departamento Nacional de Planeaci\u00f3n y el Ministerio de Hacienda reduzcan el \u00a0presupuesto 2022 para el departamento de Nari\u00f1o, una regi\u00f3n con m\u00faltiples necesidades y problem\u00e1ticas. #SOSNari\u00f1o Pedimos al Gobierno \u00a0Nacional reconsiderar las cifras de presupuesto. Nari\u00f1o necesita inversi\u00f3n y presencia integral del estado.\u00a0Hemos pedido a bancada parlamentaria de Nari\u00f1o, respalde solicitud ante Departamento Nacional de Planeaci\u00f3n y al Ministerio de Hacienda para que Nari\u00f1o reciba un presupuesto que permita inversi\u00f3n y oportunidades para la gente&#8221;<\/p>\n<p style=\"text-align: justify;\">Finalmente, hay que se\u00f1alar que hasta el momento ning\u00fan congresista ha mostrado preocupaci\u00f3n por esta situaci\u00f3n tan lesiva para el departamento. Se espera que se tomen las medidas correctivas y urgentes para cambiar este panorama.<\/p>\n","protected":false},"excerpt":{"rendered":"<p>El exgobernador, Ra\u00fal Delgado, lanz\u00f3 una alerta regional debido a la dr\u00e1stica disminuci\u00f3n del presupuesto asignado al departamento de Nari\u00f1o por el gobierno nacional. Delgado se\u00f1al\u00f3 que el \u201cGobierno \u00a0de Iv\u00e1n Duque da el peor tratamiento de todos los departamentos a Nari\u00f1o en el proyecto de presupuesto de la Naci\u00f3n 2022. Recorta de 2 a [&hellip;]<\/p>\n","protected":false},"author":1,"featured_media":55974,"comment_status":"open","ping_status":"open","sticky":false,"template":"","format":"standard","meta":{"footnotes":""},"categories":[53],"tags":[],"class_list":["post-55973","post","type-post","status-publish","format-standard","has-post-thumbnail","hentry","category-regiones"],"yoast_head":"<!-- This site is optimized with the Yoast SEO plugin v27.1.1 - https:\/\/yoast.com\/product\/yoast-seo-wordpress\/ -->\n<title>&quot;Nari\u00f1o fue al Departamento que m\u00e1s recursos le redujeron&quot; Ra\u00fal Delgado | P\u00e1gina10<\/title>\n<meta name=\"robots\" content=\"index, follow, max-snippet:-1, max-image-preview:large, max-video-preview:-1\" \/>\n<link rel=\"canonical\" href=\"https:\/\/pagina10.com\/web\/narino-fue-al-departamento-que-mas-recursos-le-redujeron-raul-delgado\/\" \/>\n<meta property=\"og:locale\" content=\"es_ES\" \/>\n<meta property=\"og:type\" content=\"article\" \/>\n<meta property=\"og:title\" content=\"&quot;Nari\u00f1o fue al Departamento que m\u00e1s recursos le redujeron&quot; Ra\u00fal Delgado | P\u00e1gina10\" \/>\n<meta property=\"og:description\" content=\"El exgobernador, Ra\u00fal Delgado, lanz\u00f3 una alerta regional debido a la dr\u00e1stica disminuci\u00f3n del presupuesto asignado al departamento de Nari\u00f1o por el gobierno nacional. Delgado se\u00f1al\u00f3 que el \u201cGobierno de Iv\u00e1n Duque da el peor tratamiento de todos los departamentos a Nari\u00f1o en el proyecto de presupuesto de la Naci\u00f3n 2022. Recorta de 2 a [&hellip;]\" \/>\n<meta property=\"og:url\" content=\"https:\/\/pagina10.com\/web\/narino-fue-al-departamento-que-mas-recursos-le-redujeron-raul-delgado\/\" \/>\n<meta property=\"og:site_name\" content=\"P\u00e1gina10\" \/>\n<meta property=\"article:publisher\" content=\"https:\/\/www.facebook.com\/pag10com\" \/>\n<meta property=\"article:published_time\" content=\"2021-10-02T15:52:22+00:00\" \/>\n<meta property=\"article:modified_time\" content=\"2021-10-02T16:13:03+00:00\" \/>\n<meta property=\"og:image\" content=\"https:\/\/pagina10.com\/web\/wp-content\/uploads\/2021\/10\/Captura-de-Pantalla-2021-10-02-a-las-10.46.08-a.-m..png\" \/>\n\t<meta property=\"og:image:width\" content=\"601\" \/>\n\t<meta property=\"og:image:height\" content=\"397\" \/>\n\t<meta property=\"og:image:type\" content=\"image\/png\" \/>\n<meta name=\"author\" content=\"P\u00e1gina 10\" \/>\n<meta name=\"twitter:card\" content=\"summary_large_image\" \/>\n<meta name=\"twitter:creator\" content=\"@Pag10com\" \/>\n<meta name=\"twitter:site\" content=\"@Pag10com\" \/>\n<meta name=\"twitter:label1\" content=\"Escrito por\" \/>\n\t<meta name=\"twitter:data1\" content=\"P\u00e1gina 10\" \/>\n\t<meta name=\"twitter:label2\" content=\"Tiempo de lectura\" \/>\n\t<meta name=\"twitter:data2\" content=\"1 minuto\" \/>\n<script type=\"application\/ld+json\" class=\"yoast-schema-graph\">{\"@context\":\"https:\/\/schema.org\",\"@graph\":[{\"@type\":\"Article\",\"@id\":\"https:\/\/pagina10.com\/web\/narino-fue-al-departamento-que-mas-recursos-le-redujeron-raul-delgado\/#article\",\"isPartOf\":{\"@id\":\"https:\/\/pagina10.com\/web\/narino-fue-al-departamento-que-mas-recursos-le-redujeron-raul-delgado\/\"},\"author\":{\"name\":\"P\u00e1gina 10\",\"@id\":\"https:\/\/pagina10.com\/web\/#\/schema\/person\/2efc4a090d25b667d3bc796798a3a81b\"},\"headline\":\"&#8220;Nari\u00f1o fue al Departamento que m\u00e1s recursos le redujeron&#8221; Ra\u00fal Delgado\",\"datePublished\":\"2021-10-02T15:52:22+00:00\",\"dateModified\":\"2021-10-02T16:13:03+00:00\",\"mainEntityOfPage\":{\"@id\":\"https:\/\/pagina10.com\/web\/narino-fue-al-departamento-que-mas-recursos-le-redujeron-raul-delgado\/\"},\"wordCount\":296,\"commentCount\":0,\"publisher\":{\"@id\":\"https:\/\/pagina10.com\/web\/#organization\"},\"image\":{\"@id\":\"https:\/\/pagina10.com\/web\/narino-fue-al-departamento-que-mas-recursos-le-redujeron-raul-delgado\/#primaryimage\"},\"thumbnailUrl\":\"https:\/\/pagina10.com\/web\/wp-content\/uploads\/2021\/10\/Captura-de-Pantalla-2021-10-02-a-las-10.46.08-a.-m..png\",\"articleSection\":[\"Regiones\"],\"inLanguage\":\"es\",\"potentialAction\":[{\"@type\":\"CommentAction\",\"name\":\"Comment\",\"target\":[\"https:\/\/pagina10.com\/web\/narino-fue-al-departamento-que-mas-recursos-le-redujeron-raul-delgado\/#respond\"]}]},{\"@type\":\"WebPage\",\"@id\":\"https:\/\/pagina10.com\/web\/narino-fue-al-departamento-que-mas-recursos-le-redujeron-raul-delgado\/\",\"url\":\"https:\/\/pagina10.com\/web\/narino-fue-al-departamento-que-mas-recursos-le-redujeron-raul-delgado\/\",\"name\":\"\\\"Nari\u00f1o fue al Departamento que m\u00e1s recursos le redujeron\\\" Ra\u00fal Delgado | P\u00e1gina10\",\"isPartOf\":{\"@id\":\"https:\/\/pagina10.com\/web\/#website\"},\"primaryImageOfPage\":{\"@id\":\"https:\/\/pagina10.com\/web\/narino-fue-al-departamento-que-mas-recursos-le-redujeron-raul-delgado\/#primaryimage\"},\"image\":{\"@id\":\"https:\/\/pagina10.com\/web\/narino-fue-al-departamento-que-mas-recursos-le-redujeron-raul-delgado\/#primaryimage\"},\"thumbnailUrl\":\"https:\/\/pagina10.com\/web\/wp-content\/uploads\/2021\/10\/Captura-de-Pantalla-2021-10-02-a-las-10.46.08-a.-m..png\",\"datePublished\":\"2021-10-02T15:52:22+00:00\",\"dateModified\":\"2021-10-02T16:13:03+00:00\",\"breadcrumb\":{\"@id\":\"https:\/\/pagina10.com\/web\/narino-fue-al-departamento-que-mas-recursos-le-redujeron-raul-delgado\/#breadcrumb\"},\"inLanguage\":\"es\",\"potentialAction\":[{\"@type\":\"ReadAction\",\"target\":[\"https:\/\/pagina10.com\/web\/narino-fue-al-departamento-que-mas-recursos-le-redujeron-raul-delgado\/\"]}]},{\"@type\":\"ImageObject\",\"inLanguage\":\"es\",\"@id\":\"https:\/\/pagina10.com\/web\/narino-fue-al-departamento-que-mas-recursos-le-redujeron-raul-delgado\/#primaryimage\",\"url\":\"https:\/\/pagina10.com\/web\/wp-content\/uploads\/2021\/10\/Captura-de-Pantalla-2021-10-02-a-las-10.46.08-a.-m..png\",\"contentUrl\":\"https:\/\/pagina10.com\/web\/wp-content\/uploads\/2021\/10\/Captura-de-Pantalla-2021-10-02-a-las-10.46.08-a.-m..png\",\"width\":601,\"height\":397},{\"@type\":\"BreadcrumbList\",\"@id\":\"https:\/\/pagina10.com\/web\/narino-fue-al-departamento-que-mas-recursos-le-redujeron-raul-delgado\/#breadcrumb\",\"itemListElement\":[{\"@type\":\"ListItem\",\"position\":1,\"name\":\"Portada\",\"item\":\"https:\/\/pagina10.com\/web\/\"},{\"@type\":\"ListItem\",\"position\":2,\"name\":\"&#8220;Nari\u00f1o fue al Departamento que m\u00e1s recursos le redujeron&#8221; Ra\u00fal Delgado\"}]},{\"@type\":\"WebSite\",\"@id\":\"https:\/\/pagina10.com\/web\/#website\",\"url\":\"https:\/\/pagina10.com\/web\/\",\"name\":\"P\u00e1gina10\",\"description\":\"Peri\u00f3dico Regional\",\"publisher\":{\"@id\":\"https:\/\/pagina10.com\/web\/#organization\"},\"alternateName\":\"P\u00e1gina10 Peri\u00f3dico Regional\",\"potentialAction\":[{\"@type\":\"SearchAction\",\"target\":{\"@type\":\"EntryPoint\",\"urlTemplate\":\"https:\/\/pagina10.com\/web\/?s={search_term_string}\"},\"query-input\":{\"@type\":\"PropertyValueSpecification\",\"valueRequired\":true,\"valueName\":\"search_term_string\"}}],\"inLanguage\":\"es\"},{\"@type\":\"Organization\",\"@id\":\"https:\/\/pagina10.com\/web\/#organization\",\"name\":\"P\u00e1gina10\",\"alternateName\":\"P\u00e1gina10 Peri\u00f3dico Regional\",\"url\":\"https:\/\/pagina10.com\/web\/\",\"logo\":{\"@type\":\"ImageObject\",\"inLanguage\":\"es\",\"@id\":\"https:\/\/pagina10.com\/web\/#\/schema\/logo\/image\/\",\"url\":\"https:\/\/pagina10.com\/web\/wp-content\/uploads\/2024\/01\/40-pagina-10-periodico-regional-pasto.jpg\",\"contentUrl\":\"https:\/\/pagina10.com\/web\/wp-content\/uploads\/2024\/01\/40-pagina-10-periodico-regional-pasto.jpg\",\"width\":1280,\"height\":720,\"caption\":\"P\u00e1gina10\"},\"image\":{\"@id\":\"https:\/\/pagina10.com\/web\/#\/schema\/logo\/image\/\"},\"sameAs\":[\"https:\/\/www.facebook.com\/pag10com\",\"https:\/\/x.com\/Pag10com\",\"https:\/\/www.instagram.com\/pagina10col\/\",\"https:\/\/youtube.com\/channel\/pag10\",\"https:\/\/www.tiktok.com\/@p10col\"]},{\"@type\":\"Person\",\"@id\":\"https:\/\/pagina10.com\/web\/#\/schema\/person\/2efc4a090d25b667d3bc796798a3a81b\",\"name\":\"P\u00e1gina 10\",\"description\":\"P\u00e1gina 10 es un peri\u00f3dico regional que nace en Colombia, en el departamento de Nari\u00f1o, con un enfoque global, fundamentado en cuatro pilares esenciales: la libertad, el pluralismo, la inclusi\u00f3n y la independencia. P\u00e1gina 10 hace referencia a Nari\u00f1o como el d\u00e9cimo departamento creado en Colombia, despu\u00e9s de un proceso pol\u00edtico liderado por actores y actrices regionales con el fin de obtener la independencia y autonom\u00eda de nuestros territorios. Con la creaci\u00f3n de P\u00e1gina 10 se pretende abrir un escenario para el dialogo, la reflexi\u00f3n y el debate que se extienda a otras geograf\u00edas de Am\u00e9rica Latina y del planeta, en una apuesta por transformar colectivamente los desaf\u00edos de un mundo contempor\u00e1neo, m\u00e1s all\u00e1 de las fronteras impuestas.\",\"url\":\"https:\/\/pagina10.com\/web\/author\/pdiezadmin\/\"}]}<\/script>\n<!-- \/ Yoast SEO plugin. -->","yoast_head_json":{"title":"\"Nari\u00f1o fue al Departamento que m\u00e1s recursos le redujeron\" Ra\u00fal Delgado | P\u00e1gina10","robots":{"index":"index","follow":"follow","max-snippet":"max-snippet:-1","max-image-preview":"max-image-preview:large","max-video-preview":"max-video-preview:-1"},"canonical":"https:\/\/pagina10.com\/web\/narino-fue-al-departamento-que-mas-recursos-le-redujeron-raul-delgado\/","og_locale":"es_ES","og_type":"article","og_title":"\"Nari\u00f1o fue al Departamento que m\u00e1s recursos le redujeron\" Ra\u00fal Delgado | P\u00e1gina10","og_description":"El exgobernador, Ra\u00fal Delgado, lanz\u00f3 una alerta regional debido a la dr\u00e1stica disminuci\u00f3n del presupuesto asignado al departamento de Nari\u00f1o por el gobierno nacional. Delgado se\u00f1al\u00f3 que el \u201cGobierno de Iv\u00e1n Duque da el peor tratamiento de todos los departamentos a Nari\u00f1o en el proyecto de presupuesto de la Naci\u00f3n 2022. Recorta de 2 a [&hellip;]","og_url":"https:\/\/pagina10.com\/web\/narino-fue-al-departamento-que-mas-recursos-le-redujeron-raul-delgado\/","og_site_name":"P\u00e1gina10","article_publisher":"https:\/\/www.facebook.com\/pag10com","article_published_time":"2021-10-02T15:52:22+00:00","article_modified_time":"2021-10-02T16:13:03+00:00","og_image":[{"width":601,"height":397,"url":"https:\/\/pagina10.com\/web\/wp-content\/uploads\/2021\/10\/Captura-de-Pantalla-2021-10-02-a-las-10.46.08-a.-m..png","type":"image\/png"}],"author":"P\u00e1gina 10","twitter_card":"summary_large_image","twitter_creator":"@Pag10com","twitter_site":"@Pag10com","twitter_misc":{"Escrito por":"P\u00e1gina 10","Tiempo de lectura":"1 minuto"},"schema":{"@context":"https:\/\/schema.org","@graph":[{"@type":"Article","@id":"https:\/\/pagina10.com\/web\/narino-fue-al-departamento-que-mas-recursos-le-redujeron-raul-delgado\/#article","isPartOf":{"@id":"https:\/\/pagina10.com\/web\/narino-fue-al-departamento-que-mas-recursos-le-redujeron-raul-delgado\/"},"author":{"name":"P\u00e1gina 10","@id":"https:\/\/pagina10.com\/web\/#\/schema\/person\/2efc4a090d25b667d3bc796798a3a81b"},"headline":"&#8220;Nari\u00f1o fue al Departamento que m\u00e1s recursos le redujeron&#8221; Ra\u00fal Delgado","datePublished":"2021-10-02T15:52:22+00:00","dateModified":"2021-10-02T16:13:03+00:00","mainEntityOfPage":{"@id":"https:\/\/pagina10.com\/web\/narino-fue-al-departamento-que-mas-recursos-le-redujeron-raul-delgado\/"},"wordCount":296,"commentCount":0,"publisher":{"@id":"https:\/\/pagina10.com\/web\/#organization"},"image":{"@id":"https:\/\/pagina10.com\/web\/narino-fue-al-departamento-que-mas-recursos-le-redujeron-raul-delgado\/#primaryimage"},"thumbnailUrl":"https:\/\/pagina10.com\/web\/wp-content\/uploads\/2021\/10\/Captura-de-Pantalla-2021-10-02-a-las-10.46.08-a.-m..png","articleSection":["Regiones"],"inLanguage":"es","potentialAction":[{"@type":"CommentAction","name":"Comment","target":["https:\/\/pagina10.com\/web\/narino-fue-al-departamento-que-mas-recursos-le-redujeron-raul-delgado\/#respond"]}]},{"@type":"WebPage","@id":"https:\/\/pagina10.com\/web\/narino-fue-al-departamento-que-mas-recursos-le-redujeron-raul-delgado\/","url":"https:\/\/pagina10.com\/web\/narino-fue-al-departamento-que-mas-recursos-le-redujeron-raul-delgado\/","name":"\"Nari\u00f1o fue al Departamento que m\u00e1s recursos le redujeron\" Ra\u00fal Delgado | P\u00e1gina10","isPartOf":{"@id":"https:\/\/pagina10.com\/web\/#website"},"primaryImageOfPage":{"@id":"https:\/\/pagina10.com\/web\/narino-fue-al-departamento-que-mas-recursos-le-redujeron-raul-delgado\/#primaryimage"},"image":{"@id":"https:\/\/pagina10.com\/web\/narino-fue-al-departamento-que-mas-recursos-le-redujeron-raul-delgado\/#primaryimage"},"thumbnailUrl":"https:\/\/pagina10.com\/web\/wp-content\/uploads\/2021\/10\/Captura-de-Pantalla-2021-10-02-a-las-10.46.08-a.-m..png","datePublished":"2021-10-02T15:52:22+00:00","dateModified":"2021-10-02T16:13:03+00:00","breadcrumb":{"@id":"https:\/\/pagina10.com\/web\/narino-fue-al-departamento-que-mas-recursos-le-redujeron-raul-delgado\/#breadcrumb"},"inLanguage":"es","potentialAction":[{"@type":"ReadAction","target":["https:\/\/pagina10.com\/web\/narino-fue-al-departamento-que-mas-recursos-le-redujeron-raul-delgado\/"]}]},{"@type":"ImageObject","inLanguage":"es","@id":"https:\/\/pagina10.com\/web\/narino-fue-al-departamento-que-mas-recursos-le-redujeron-raul-delgado\/#primaryimage","url":"https:\/\/pagina10.com\/web\/wp-content\/uploads\/2021\/10\/Captura-de-Pantalla-2021-10-02-a-las-10.46.08-a.-m..png","contentUrl":"https:\/\/pagina10.com\/web\/wp-content\/uploads\/2021\/10\/Captura-de-Pantalla-2021-10-02-a-las-10.46.08-a.-m..png","width":601,"height":397},{"@type":"BreadcrumbList","@id":"https:\/\/pagina10.com\/web\/narino-fue-al-departamento-que-mas-recursos-le-redujeron-raul-delgado\/#breadcrumb","itemListElement":[{"@type":"ListItem","position":1,"name":"Portada","item":"https:\/\/pagina10.com\/web\/"},{"@type":"ListItem","position":2,"name":"&#8220;Nari\u00f1o fue al Departamento que m\u00e1s recursos le redujeron&#8221; Ra\u00fal Delgado"}]},{"@type":"WebSite","@id":"https:\/\/pagina10.com\/web\/#website","url":"https:\/\/pagina10.com\/web\/","name":"P\u00e1gina10","description":"Peri\u00f3dico Regional","publisher":{"@id":"https:\/\/pagina10.com\/web\/#organization"},"alternateName":"P\u00e1gina10 Peri\u00f3dico Regional","potentialAction":[{"@type":"SearchAction","target":{"@type":"EntryPoint","urlTemplate":"https:\/\/pagina10.com\/web\/?s={search_term_string}"},"query-input":{"@type":"PropertyValueSpecification","valueRequired":true,"valueName":"search_term_string"}}],"inLanguage":"es"},{"@type":"Organization","@id":"https:\/\/pagina10.com\/web\/#organization","name":"P\u00e1gina10","alternateName":"P\u00e1gina10 Peri\u00f3dico Regional","url":"https:\/\/pagina10.com\/web\/","logo":{"@type":"ImageObject","inLanguage":"es","@id":"https:\/\/pagina10.com\/web\/#\/schema\/logo\/image\/","url":"https:\/\/pagina10.com\/web\/wp-content\/uploads\/2024\/01\/40-pagina-10-periodico-regional-pasto.jpg","contentUrl":"https:\/\/pagina10.com\/web\/wp-content\/uploads\/2024\/01\/40-pagina-10-periodico-regional-pasto.jpg","width":1280,"height":720,"caption":"P\u00e1gina10"},"image":{"@id":"https:\/\/pagina10.com\/web\/#\/schema\/logo\/image\/"},"sameAs":["https:\/\/www.facebook.com\/pag10com","https:\/\/x.com\/Pag10com","https:\/\/www.instagram.com\/pagina10col\/","https:\/\/youtube.com\/channel\/pag10","https:\/\/www.tiktok.com\/@p10col"]},{"@type":"Person","@id":"https:\/\/pagina10.com\/web\/#\/schema\/person\/2efc4a090d25b667d3bc796798a3a81b","name":"P\u00e1gina 10","description":"P\u00e1gina 10 es un peri\u00f3dico regional que nace en Colombia, en el departamento de Nari\u00f1o, con un enfoque global, fundamentado en cuatro pilares esenciales: la libertad, el pluralismo, la inclusi\u00f3n y la independencia. P\u00e1gina 10 hace referencia a Nari\u00f1o como el d\u00e9cimo departamento creado en Colombia, despu\u00e9s de un proceso pol\u00edtico liderado por actores y actrices regionales con el fin de obtener la independencia y autonom\u00eda de nuestros territorios. Con la creaci\u00f3n de P\u00e1gina 10 se pretende abrir un escenario para el dialogo, la reflexi\u00f3n y el debate que se extienda a otras geograf\u00edas de Am\u00e9rica Latina y del planeta, en una apuesta por transformar colectivamente los desaf\u00edos de un mundo contempor\u00e1neo, m\u00e1s all\u00e1 de las fronteras impuestas.","url":"https:\/\/pagina10.com\/web\/author\/pdiezadmin\/"}]}},"_links":{"self":[{"href":"https:\/\/pagina10.com\/web\/wp-json\/wp\/v2\/posts\/55973","targetHints":{"allow":["GET"]}}],"collection":[{"href":"https:\/\/pagina10.com\/web\/wp-json\/wp\/v2\/posts"}],"about":[{"href":"https:\/\/pagina10.com\/web\/wp-json\/wp\/v2\/types\/post"}],"author":[{"embeddable":true,"href":"https:\/\/pagina10.com\/web\/wp-json\/wp\/v2\/users\/1"}],"replies":[{"embeddable":true,"href":"https:\/\/pagina10.com\/web\/wp-json\/wp\/v2\/comments?post=55973"}],"version-history":[{"count":5,"href":"https:\/\/pagina10.com\/web\/wp-json\/wp\/v2\/posts\/55973\/revisions"}],"predecessor-version":[{"id":55985,"href":"https:\/\/pagina10.com\/web\/wp-json\/wp\/v2\/posts\/55973\/revisions\/55985"}],"wp:featuredmedia":[{"embeddable":true,"href":"https:\/\/pagina10.com\/web\/wp-json\/wp\/v2\/media\/55974"}],"wp:attachment":[{"href":"https:\/\/pagina10.com\/web\/wp-json\/wp\/v2\/media?parent=55973"}],"wp:term":[{"taxonomy":"category","embeddable":true,"href":"https:\/\/pagina10.com\/web\/wp-json\/wp\/v2\/categories?post=55973"},{"taxonomy":"post_tag","embeddable":true,"href":"https:\/\/pagina10.com\/web\/wp-json\/wp\/v2\/tags?post=55973"}],"curies":[{"name":"wp","href":"https:\/\/api.w.org\/{rel}","templated":true}]}}