{"id":56008,"date":"2021-10-05T09:45:54","date_gmt":"2021-10-05T14:45:54","guid":{"rendered":"https:\/\/pagina10.com\/web\/?p=56008"},"modified":"2021-10-05T09:45:54","modified_gmt":"2021-10-05T14:45:54","slug":"con-exito-finalizo-el-proyecto-que-impulsa-a-productores-de-cafes-especiales","status":"publish","type":"post","link":"https:\/\/pagina10.com\/web\/con-exito-finalizo-el-proyecto-que-impulsa-a-productores-de-cafes-especiales\/","title":{"rendered":"Con \u00e9xito finaliz\u00f3 el proyecto que impulsa a productores de caf\u00e9s especiales"},"content":{"rendered":"<p style=\"text-align: justify;\">Este proyecto denominado \u2018Incremento de los ingresos de los productores de caf\u00e9s especiales en la Subregi\u00f3n del R\u00edo Mayo\u2019, fue ejecutado por la Federaci\u00f3n Nacional de Cafeteros y supervisada por la Secretar\u00eda de Agricultura y Desarrollo Rural de la Gobernaci\u00f3n de Nari\u00f1o, cont\u00f3 con una inversi\u00f3n de $2.234 millones, con cargo al Sistema General de Regal\u00edas, adem\u00e1s, de una contrapartida de OIM y otras entidades.<\/p>\n<p>El Gobernador de Nari\u00f1o, Jhon Rojas, destac\u00f3 la importancia del fortalecimiento del sector agr\u00edcola en el Departamento en especial del caf\u00e9, producto que hoy por hoy, constituye uno de los renglones econ\u00f3micos m\u00e1s importantes para la regi\u00f3n. Rojas asegur\u00f3 que desde el Gobierno Departamental se continuar\u00e1 gestionando apoyo, recursos y proyectos para todo el sector agr\u00edcola.<\/p>\n<div>\nEn el desarrollo del proyecto se beneficiaron de manera directa 1.096 caficultores de los municipios de Alb\u00e1n, El Tabl\u00f3n, San Bernardo, Bel\u00e9n, Col\u00f3n, San Pablo y la Cruz, fortaleciendo organizativa y empresarialmente a 36 asociaciones, se formaron 18 gerentes asociativos y 12 j\u00f3venes catadores con certificaci\u00f3n Q grader; as\u00ed mismo, se mejor\u00f3 la calidad y cantidad del producto gracias al acompa\u00f1amiento t\u00e9cnico en las etapas de manejo, cosecha y post cosecha. Entre las herramientas y equipos entregados a los caficultores se destacan: despulpadoras, motores, tanques, m\u00f3dulos de beneficio, secadores parab\u00f3licos, composteras entre otros.<\/p>\n<div>\nAdem\u00e1s, se realiz\u00f3 la dotaci\u00f3n y puesta en marcha de dos laboratorios especializados para establecer la calidad del caf\u00e9, los cuales han recibido gran acogida entre los productores de los municipios de San Pablo y San Jos\u00e9 de Alb\u00e1n, logrando en este \u00faltimo que a tan solo 3 meses de operaci\u00f3n se atendieran a 448 productores, se tomar\u00e1n an\u00e1lisis a m\u00e1s de 1.418 muestras y se analizar\u00e1n un volumen general de m\u00e1s de 405 mil kilogramos durante la \u00faltima cosecha. El resultado final del proceso se ver\u00e1 reflejado en las bonificaciones econ\u00f3micas entregadas a los productores de acuerdo a la calidad de su producto, siendo estas, reconocidas por los clientes y compradores que buscan negociar uno de los mejores caf\u00e9s de Colombia y el mundo.<\/p>\n<div style=\"text-align: justify;\">\n\u201cEn buena hora las inversiones orientadas por el Sr. Gobernador, Dr. Jhon Rojas, hacia el sector agropecuario contribuyen a contrarrestar los elevados costos de producci\u00f3n y aportan notablemente a la reactivaci\u00f3n econ\u00f3mica, la generaci\u00f3n de ingresos, la recuperaci\u00f3n de empleos y al apalancamiento de sectores estrat\u00e9gicos para la econom\u00eda departamental como lo es el sector cafetero, en donde destacamos de manera sobresaliente en el mercado nacional e internacional\u201d indic\u00f3 el Secretario de Agricultura y Desarrollo Rural, Jairo Chamorro.<\/div>\n<\/div>\n<\/div>\n","protected":false},"excerpt":{"rendered":"<p>Este proyecto denominado \u2018Incremento de los ingresos de los productores de caf\u00e9s especiales en la Subregi\u00f3n del R\u00edo Mayo\u2019, fue ejecutado por la Federaci\u00f3n Nacional de Cafeteros y supervisada por la Secretar\u00eda de Agricultura y Desarrollo Rural de la Gobernaci\u00f3n de Nari\u00f1o, cont\u00f3 con una inversi\u00f3n de $2.234 millones, con cargo al Sistema General de [&hellip;]<\/p>\n","protected":false},"author":1,"featured_media":56009,"comment_status":"open","ping_status":"open","sticky":false,"template":"","format":"standard","meta":{"footnotes":""},"categories":[13],"tags":[],"class_list":["post-56008","post","type-post","status-publish","format-standard","has-post-thumbnail","hentry","category-economia"],"yoast_head":"<!-- This site is optimized with the Yoast SEO plugin v27.1.1 - https:\/\/yoast.com\/product\/yoast-seo-wordpress\/ -->\n<title>Con \u00e9xito finaliz\u00f3 el proyecto que impulsa a productores de caf\u00e9s especiales | P\u00e1gina10<\/title>\n<meta name=\"robots\" content=\"index, follow, max-snippet:-1, max-image-preview:large, max-video-preview:-1\" \/>\n<link rel=\"canonical\" href=\"https:\/\/pagina10.com\/web\/con-exito-finalizo-el-proyecto-que-impulsa-a-productores-de-cafes-especiales\/\" \/>\n<meta property=\"og:locale\" content=\"es_ES\" \/>\n<meta property=\"og:type\" content=\"article\" \/>\n<meta property=\"og:title\" content=\"Con \u00e9xito finaliz\u00f3 el proyecto que impulsa a productores de caf\u00e9s especiales | P\u00e1gina10\" \/>\n<meta property=\"og:description\" content=\"Este proyecto denominado \u2018Incremento de los ingresos de los productores de caf\u00e9s especiales en la Subregi\u00f3n del R\u00edo Mayo\u2019, fue ejecutado por la Federaci\u00f3n Nacional de Cafeteros y supervisada por la Secretar\u00eda de Agricultura y Desarrollo Rural de la Gobernaci\u00f3n de Nari\u00f1o, cont\u00f3 con una inversi\u00f3n de $2.234 millones, con cargo al Sistema General de [&hellip;]\" \/>\n<meta property=\"og:url\" content=\"https:\/\/pagina10.com\/web\/con-exito-finalizo-el-proyecto-que-impulsa-a-productores-de-cafes-especiales\/\" \/>\n<meta property=\"og:site_name\" content=\"P\u00e1gina10\" \/>\n<meta property=\"article:publisher\" content=\"https:\/\/www.facebook.com\/pag10com\" \/>\n<meta property=\"article:published_time\" content=\"2021-10-05T14:45:54+00:00\" \/>\n<meta property=\"og:image\" content=\"https:\/\/pagina10.com\/web\/wp-content\/uploads\/2021\/10\/1653823_10151996860621588_263062794_n.jpg\" \/>\n\t<meta property=\"og:image:width\" content=\"960\" \/>\n\t<meta property=\"og:image:height\" content=\"640\" \/>\n\t<meta property=\"og:image:type\" content=\"image\/jpeg\" \/>\n<meta name=\"author\" content=\"P\u00e1gina 10\" \/>\n<meta name=\"twitter:card\" content=\"summary_large_image\" \/>\n<meta name=\"twitter:creator\" content=\"@Pag10com\" \/>\n<meta name=\"twitter:site\" content=\"@Pag10com\" \/>\n<meta name=\"twitter:label1\" content=\"Escrito por\" \/>\n\t<meta name=\"twitter:data1\" content=\"P\u00e1gina 10\" \/>\n\t<meta name=\"twitter:label2\" content=\"Tiempo de lectura\" \/>\n\t<meta name=\"twitter:data2\" content=\"2 minutos\" \/>\n<script type=\"application\/ld+json\" class=\"yoast-schema-graph\">{\"@context\":\"https:\/\/schema.org\",\"@graph\":[{\"@type\":\"Article\",\"@id\":\"https:\/\/pagina10.com\/web\/con-exito-finalizo-el-proyecto-que-impulsa-a-productores-de-cafes-especiales\/#article\",\"isPartOf\":{\"@id\":\"https:\/\/pagina10.com\/web\/con-exito-finalizo-el-proyecto-que-impulsa-a-productores-de-cafes-especiales\/\"},\"author\":{\"name\":\"P\u00e1gina 10\",\"@id\":\"https:\/\/pagina10.com\/web\/#\/schema\/person\/2efc4a090d25b667d3bc796798a3a81b\"},\"headline\":\"Con \u00e9xito finaliz\u00f3 el proyecto que impulsa a productores de caf\u00e9s especiales\",\"datePublished\":\"2021-10-05T14:45:54+00:00\",\"mainEntityOfPage\":{\"@id\":\"https:\/\/pagina10.com\/web\/con-exito-finalizo-el-proyecto-que-impulsa-a-productores-de-cafes-especiales\/\"},\"wordCount\":465,\"commentCount\":0,\"publisher\":{\"@id\":\"https:\/\/pagina10.com\/web\/#organization\"},\"image\":{\"@id\":\"https:\/\/pagina10.com\/web\/con-exito-finalizo-el-proyecto-que-impulsa-a-productores-de-cafes-especiales\/#primaryimage\"},\"thumbnailUrl\":\"https:\/\/pagina10.com\/web\/wp-content\/uploads\/2021\/10\/1653823_10151996860621588_263062794_n.jpg\",\"articleSection\":[\"Econom\u00eda\"],\"inLanguage\":\"es\",\"potentialAction\":[{\"@type\":\"CommentAction\",\"name\":\"Comment\",\"target\":[\"https:\/\/pagina10.com\/web\/con-exito-finalizo-el-proyecto-que-impulsa-a-productores-de-cafes-especiales\/#respond\"]}]},{\"@type\":\"WebPage\",\"@id\":\"https:\/\/pagina10.com\/web\/con-exito-finalizo-el-proyecto-que-impulsa-a-productores-de-cafes-especiales\/\",\"url\":\"https:\/\/pagina10.com\/web\/con-exito-finalizo-el-proyecto-que-impulsa-a-productores-de-cafes-especiales\/\",\"name\":\"Con \u00e9xito finaliz\u00f3 el proyecto que impulsa a productores de caf\u00e9s especiales | P\u00e1gina10\",\"isPartOf\":{\"@id\":\"https:\/\/pagina10.com\/web\/#website\"},\"primaryImageOfPage\":{\"@id\":\"https:\/\/pagina10.com\/web\/con-exito-finalizo-el-proyecto-que-impulsa-a-productores-de-cafes-especiales\/#primaryimage\"},\"image\":{\"@id\":\"https:\/\/pagina10.com\/web\/con-exito-finalizo-el-proyecto-que-impulsa-a-productores-de-cafes-especiales\/#primaryimage\"},\"thumbnailUrl\":\"https:\/\/pagina10.com\/web\/wp-content\/uploads\/2021\/10\/1653823_10151996860621588_263062794_n.jpg\",\"datePublished\":\"2021-10-05T14:45:54+00:00\",\"breadcrumb\":{\"@id\":\"https:\/\/pagina10.com\/web\/con-exito-finalizo-el-proyecto-que-impulsa-a-productores-de-cafes-especiales\/#breadcrumb\"},\"inLanguage\":\"es\",\"potentialAction\":[{\"@type\":\"ReadAction\",\"target\":[\"https:\/\/pagina10.com\/web\/con-exito-finalizo-el-proyecto-que-impulsa-a-productores-de-cafes-especiales\/\"]}]},{\"@type\":\"ImageObject\",\"inLanguage\":\"es\",\"@id\":\"https:\/\/pagina10.com\/web\/con-exito-finalizo-el-proyecto-que-impulsa-a-productores-de-cafes-especiales\/#primaryimage\",\"url\":\"https:\/\/pagina10.com\/web\/wp-content\/uploads\/2021\/10\/1653823_10151996860621588_263062794_n.jpg\",\"contentUrl\":\"https:\/\/pagina10.com\/web\/wp-content\/uploads\/2021\/10\/1653823_10151996860621588_263062794_n.jpg\",\"width\":960,\"height\":640},{\"@type\":\"BreadcrumbList\",\"@id\":\"https:\/\/pagina10.com\/web\/con-exito-finalizo-el-proyecto-que-impulsa-a-productores-de-cafes-especiales\/#breadcrumb\",\"itemListElement\":[{\"@type\":\"ListItem\",\"position\":1,\"name\":\"Portada\",\"item\":\"https:\/\/pagina10.com\/web\/\"},{\"@type\":\"ListItem\",\"position\":2,\"name\":\"Con \u00e9xito finaliz\u00f3 el proyecto que impulsa a productores de caf\u00e9s especiales\"}]},{\"@type\":\"WebSite\",\"@id\":\"https:\/\/pagina10.com\/web\/#website\",\"url\":\"https:\/\/pagina10.com\/web\/\",\"name\":\"P\u00e1gina10\",\"description\":\"Peri\u00f3dico Regional\",\"publisher\":{\"@id\":\"https:\/\/pagina10.com\/web\/#organization\"},\"alternateName\":\"P\u00e1gina10 Peri\u00f3dico Regional\",\"potentialAction\":[{\"@type\":\"SearchAction\",\"target\":{\"@type\":\"EntryPoint\",\"urlTemplate\":\"https:\/\/pagina10.com\/web\/?s={search_term_string}\"},\"query-input\":{\"@type\":\"PropertyValueSpecification\",\"valueRequired\":true,\"valueName\":\"search_term_string\"}}],\"inLanguage\":\"es\"},{\"@type\":\"Organization\",\"@id\":\"https:\/\/pagina10.com\/web\/#organization\",\"name\":\"P\u00e1gina10\",\"alternateName\":\"P\u00e1gina10 Peri\u00f3dico Regional\",\"url\":\"https:\/\/pagina10.com\/web\/\",\"logo\":{\"@type\":\"ImageObject\",\"inLanguage\":\"es\",\"@id\":\"https:\/\/pagina10.com\/web\/#\/schema\/logo\/image\/\",\"url\":\"https:\/\/pagina10.com\/web\/wp-content\/uploads\/2024\/01\/40-pagina-10-periodico-regional-pasto.jpg\",\"contentUrl\":\"https:\/\/pagina10.com\/web\/wp-content\/uploads\/2024\/01\/40-pagina-10-periodico-regional-pasto.jpg\",\"width\":1280,\"height\":720,\"caption\":\"P\u00e1gina10\"},\"image\":{\"@id\":\"https:\/\/pagina10.com\/web\/#\/schema\/logo\/image\/\"},\"sameAs\":[\"https:\/\/www.facebook.com\/pag10com\",\"https:\/\/x.com\/Pag10com\",\"https:\/\/www.instagram.com\/pagina10col\/\",\"https:\/\/youtube.com\/channel\/pag10\",\"https:\/\/www.tiktok.com\/@p10col\"]},{\"@type\":\"Person\",\"@id\":\"https:\/\/pagina10.com\/web\/#\/schema\/person\/2efc4a090d25b667d3bc796798a3a81b\",\"name\":\"P\u00e1gina 10\",\"description\":\"P\u00e1gina 10 es un peri\u00f3dico regional que nace en Colombia, en el departamento de Nari\u00f1o, con un enfoque global, fundamentado en cuatro pilares esenciales: la libertad, el pluralismo, la inclusi\u00f3n y la independencia. P\u00e1gina 10 hace referencia a Nari\u00f1o como el d\u00e9cimo departamento creado en Colombia, despu\u00e9s de un proceso pol\u00edtico liderado por actores y actrices regionales con el fin de obtener la independencia y autonom\u00eda de nuestros territorios. Con la creaci\u00f3n de P\u00e1gina 10 se pretende abrir un escenario para el dialogo, la reflexi\u00f3n y el debate que se extienda a otras geograf\u00edas de Am\u00e9rica Latina y del planeta, en una apuesta por transformar colectivamente los desaf\u00edos de un mundo contempor\u00e1neo, m\u00e1s all\u00e1 de las fronteras impuestas.\",\"url\":\"https:\/\/pagina10.com\/web\/author\/pdiezadmin\/\"}]}<\/script>\n<!-- \/ Yoast SEO plugin. -->","yoast_head_json":{"title":"Con \u00e9xito finaliz\u00f3 el proyecto que impulsa a productores de caf\u00e9s especiales | P\u00e1gina10","robots":{"index":"index","follow":"follow","max-snippet":"max-snippet:-1","max-image-preview":"max-image-preview:large","max-video-preview":"max-video-preview:-1"},"canonical":"https:\/\/pagina10.com\/web\/con-exito-finalizo-el-proyecto-que-impulsa-a-productores-de-cafes-especiales\/","og_locale":"es_ES","og_type":"article","og_title":"Con \u00e9xito finaliz\u00f3 el proyecto que impulsa a productores de caf\u00e9s especiales | P\u00e1gina10","og_description":"Este proyecto denominado \u2018Incremento de los ingresos de los productores de caf\u00e9s especiales en la Subregi\u00f3n del R\u00edo Mayo\u2019, fue ejecutado por la Federaci\u00f3n Nacional de Cafeteros y supervisada por la Secretar\u00eda de Agricultura y Desarrollo Rural de la Gobernaci\u00f3n de Nari\u00f1o, cont\u00f3 con una inversi\u00f3n de $2.234 millones, con cargo al Sistema General de [&hellip;]","og_url":"https:\/\/pagina10.com\/web\/con-exito-finalizo-el-proyecto-que-impulsa-a-productores-de-cafes-especiales\/","og_site_name":"P\u00e1gina10","article_publisher":"https:\/\/www.facebook.com\/pag10com","article_published_time":"2021-10-05T14:45:54+00:00","og_image":[{"width":960,"height":640,"url":"https:\/\/pagina10.com\/web\/wp-content\/uploads\/2021\/10\/1653823_10151996860621588_263062794_n.jpg","type":"image\/jpeg"}],"author":"P\u00e1gina 10","twitter_card":"summary_large_image","twitter_creator":"@Pag10com","twitter_site":"@Pag10com","twitter_misc":{"Escrito por":"P\u00e1gina 10","Tiempo de lectura":"2 minutos"},"schema":{"@context":"https:\/\/schema.org","@graph":[{"@type":"Article","@id":"https:\/\/pagina10.com\/web\/con-exito-finalizo-el-proyecto-que-impulsa-a-productores-de-cafes-especiales\/#article","isPartOf":{"@id":"https:\/\/pagina10.com\/web\/con-exito-finalizo-el-proyecto-que-impulsa-a-productores-de-cafes-especiales\/"},"author":{"name":"P\u00e1gina 10","@id":"https:\/\/pagina10.com\/web\/#\/schema\/person\/2efc4a090d25b667d3bc796798a3a81b"},"headline":"Con \u00e9xito finaliz\u00f3 el proyecto que impulsa a productores de caf\u00e9s especiales","datePublished":"2021-10-05T14:45:54+00:00","mainEntityOfPage":{"@id":"https:\/\/pagina10.com\/web\/con-exito-finalizo-el-proyecto-que-impulsa-a-productores-de-cafes-especiales\/"},"wordCount":465,"commentCount":0,"publisher":{"@id":"https:\/\/pagina10.com\/web\/#organization"},"image":{"@id":"https:\/\/pagina10.com\/web\/con-exito-finalizo-el-proyecto-que-impulsa-a-productores-de-cafes-especiales\/#primaryimage"},"thumbnailUrl":"https:\/\/pagina10.com\/web\/wp-content\/uploads\/2021\/10\/1653823_10151996860621588_263062794_n.jpg","articleSection":["Econom\u00eda"],"inLanguage":"es","potentialAction":[{"@type":"CommentAction","name":"Comment","target":["https:\/\/pagina10.com\/web\/con-exito-finalizo-el-proyecto-que-impulsa-a-productores-de-cafes-especiales\/#respond"]}]},{"@type":"WebPage","@id":"https:\/\/pagina10.com\/web\/con-exito-finalizo-el-proyecto-que-impulsa-a-productores-de-cafes-especiales\/","url":"https:\/\/pagina10.com\/web\/con-exito-finalizo-el-proyecto-que-impulsa-a-productores-de-cafes-especiales\/","name":"Con \u00e9xito finaliz\u00f3 el proyecto que impulsa a productores de caf\u00e9s especiales | P\u00e1gina10","isPartOf":{"@id":"https:\/\/pagina10.com\/web\/#website"},"primaryImageOfPage":{"@id":"https:\/\/pagina10.com\/web\/con-exito-finalizo-el-proyecto-que-impulsa-a-productores-de-cafes-especiales\/#primaryimage"},"image":{"@id":"https:\/\/pagina10.com\/web\/con-exito-finalizo-el-proyecto-que-impulsa-a-productores-de-cafes-especiales\/#primaryimage"},"thumbnailUrl":"https:\/\/pagina10.com\/web\/wp-content\/uploads\/2021\/10\/1653823_10151996860621588_263062794_n.jpg","datePublished":"2021-10-05T14:45:54+00:00","breadcrumb":{"@id":"https:\/\/pagina10.com\/web\/con-exito-finalizo-el-proyecto-que-impulsa-a-productores-de-cafes-especiales\/#breadcrumb"},"inLanguage":"es","potentialAction":[{"@type":"ReadAction","target":["https:\/\/pagina10.com\/web\/con-exito-finalizo-el-proyecto-que-impulsa-a-productores-de-cafes-especiales\/"]}]},{"@type":"ImageObject","inLanguage":"es","@id":"https:\/\/pagina10.com\/web\/con-exito-finalizo-el-proyecto-que-impulsa-a-productores-de-cafes-especiales\/#primaryimage","url":"https:\/\/pagina10.com\/web\/wp-content\/uploads\/2021\/10\/1653823_10151996860621588_263062794_n.jpg","contentUrl":"https:\/\/pagina10.com\/web\/wp-content\/uploads\/2021\/10\/1653823_10151996860621588_263062794_n.jpg","width":960,"height":640},{"@type":"BreadcrumbList","@id":"https:\/\/pagina10.com\/web\/con-exito-finalizo-el-proyecto-que-impulsa-a-productores-de-cafes-especiales\/#breadcrumb","itemListElement":[{"@type":"ListItem","position":1,"name":"Portada","item":"https:\/\/pagina10.com\/web\/"},{"@type":"ListItem","position":2,"name":"Con \u00e9xito finaliz\u00f3 el proyecto que impulsa a productores de caf\u00e9s especiales"}]},{"@type":"WebSite","@id":"https:\/\/pagina10.com\/web\/#website","url":"https:\/\/pagina10.com\/web\/","name":"P\u00e1gina10","description":"Peri\u00f3dico Regional","publisher":{"@id":"https:\/\/pagina10.com\/web\/#organization"},"alternateName":"P\u00e1gina10 Peri\u00f3dico Regional","potentialAction":[{"@type":"SearchAction","target":{"@type":"EntryPoint","urlTemplate":"https:\/\/pagina10.com\/web\/?s={search_term_string}"},"query-input":{"@type":"PropertyValueSpecification","valueRequired":true,"valueName":"search_term_string"}}],"inLanguage":"es"},{"@type":"Organization","@id":"https:\/\/pagina10.com\/web\/#organization","name":"P\u00e1gina10","alternateName":"P\u00e1gina10 Peri\u00f3dico Regional","url":"https:\/\/pagina10.com\/web\/","logo":{"@type":"ImageObject","inLanguage":"es","@id":"https:\/\/pagina10.com\/web\/#\/schema\/logo\/image\/","url":"https:\/\/pagina10.com\/web\/wp-content\/uploads\/2024\/01\/40-pagina-10-periodico-regional-pasto.jpg","contentUrl":"https:\/\/pagina10.com\/web\/wp-content\/uploads\/2024\/01\/40-pagina-10-periodico-regional-pasto.jpg","width":1280,"height":720,"caption":"P\u00e1gina10"},"image":{"@id":"https:\/\/pagina10.com\/web\/#\/schema\/logo\/image\/"},"sameAs":["https:\/\/www.facebook.com\/pag10com","https:\/\/x.com\/Pag10com","https:\/\/www.instagram.com\/pagina10col\/","https:\/\/youtube.com\/channel\/pag10","https:\/\/www.tiktok.com\/@p10col"]},{"@type":"Person","@id":"https:\/\/pagina10.com\/web\/#\/schema\/person\/2efc4a090d25b667d3bc796798a3a81b","name":"P\u00e1gina 10","description":"P\u00e1gina 10 es un peri\u00f3dico regional que nace en Colombia, en el departamento de Nari\u00f1o, con un enfoque global, fundamentado en cuatro pilares esenciales: la libertad, el pluralismo, la inclusi\u00f3n y la independencia. P\u00e1gina 10 hace referencia a Nari\u00f1o como el d\u00e9cimo departamento creado en Colombia, despu\u00e9s de un proceso pol\u00edtico liderado por actores y actrices regionales con el fin de obtener la independencia y autonom\u00eda de nuestros territorios. Con la creaci\u00f3n de P\u00e1gina 10 se pretende abrir un escenario para el dialogo, la reflexi\u00f3n y el debate que se extienda a otras geograf\u00edas de Am\u00e9rica Latina y del planeta, en una apuesta por transformar colectivamente los desaf\u00edos de un mundo contempor\u00e1neo, m\u00e1s all\u00e1 de las fronteras impuestas.","url":"https:\/\/pagina10.com\/web\/author\/pdiezadmin\/"}]}},"_links":{"self":[{"href":"https:\/\/pagina10.com\/web\/wp-json\/wp\/v2\/posts\/56008","targetHints":{"allow":["GET"]}}],"collection":[{"href":"https:\/\/pagina10.com\/web\/wp-json\/wp\/v2\/posts"}],"about":[{"href":"https:\/\/pagina10.com\/web\/wp-json\/wp\/v2\/types\/post"}],"author":[{"embeddable":true,"href":"https:\/\/pagina10.com\/web\/wp-json\/wp\/v2\/users\/1"}],"replies":[{"embeddable":true,"href":"https:\/\/pagina10.com\/web\/wp-json\/wp\/v2\/comments?post=56008"}],"version-history":[{"count":1,"href":"https:\/\/pagina10.com\/web\/wp-json\/wp\/v2\/posts\/56008\/revisions"}],"predecessor-version":[{"id":56010,"href":"https:\/\/pagina10.com\/web\/wp-json\/wp\/v2\/posts\/56008\/revisions\/56010"}],"wp:featuredmedia":[{"embeddable":true,"href":"https:\/\/pagina10.com\/web\/wp-json\/wp\/v2\/media\/56009"}],"wp:attachment":[{"href":"https:\/\/pagina10.com\/web\/wp-json\/wp\/v2\/media?parent=56008"}],"wp:term":[{"taxonomy":"category","embeddable":true,"href":"https:\/\/pagina10.com\/web\/wp-json\/wp\/v2\/categories?post=56008"},{"taxonomy":"post_tag","embeddable":true,"href":"https:\/\/pagina10.com\/web\/wp-json\/wp\/v2\/tags?post=56008"}],"curies":[{"name":"wp","href":"https:\/\/api.w.org\/{rel}","templated":true}]}}