{"id":56014,"date":"2021-10-05T09:52:57","date_gmt":"2021-10-05T14:52:57","guid":{"rendered":"https:\/\/pagina10.com\/web\/?p=56014"},"modified":"2021-10-05T10:30:12","modified_gmt":"2021-10-05T15:30:12","slug":"tuquerres-cuenta-con-comite-municipal-de-envejecimiento-y-vejez","status":"publish","type":"post","link":"https:\/\/pagina10.com\/web\/tuquerres-cuenta-con-comite-municipal-de-envejecimiento-y-vejez\/","title":{"rendered":"T\u00faquerres cuenta con Comit\u00e9 Municipal de Envejecimiento y Vejez"},"content":{"rendered":"<p style=\"text-align: justify;\">Tras realizarse el proceso de asistencia t\u00e9cnica y capacitaci\u00f3n en conformaci\u00f3n, activaci\u00f3n y funcionamiento de los Comit\u00e9s Municipales de Envejecimiento y Vejez -CMEV a cargo de la Secretar\u00eda de Equidad de G\u00e9nero e Inclusi\u00f3n Social -SEGIS de la Gobernaci\u00f3n de Nari\u00f1o, se logr\u00f3 la creaci\u00f3n de este estamento en el municipio de T\u00faquerres, actividad lograda como reconocimiento a la labor de los mayores en conmemoraci\u00f3n de su d\u00eda internacional.<\/p>\n<div>Se destaca la importancia de la conformaci\u00f3n de los CMEV en cada territorio a trav\u00e9s de los cuales se busca fortalecer los espacios, mecanismos e instancias de participaci\u00f3n social de las personas adultas mayores y vincular a otros actores y organizaciones sociales en el reconocimiento del papel protag\u00f3nico que han tenido estas personas organizadas ante el Estado.<\/p>\n<div style=\"text-align: justify;\">As\u00ed mismo, se realizan estas acciones en cumplimiento de la Pol\u00edtica P\u00fablica Departamental instaurada mediante Ordenanza 042 de diciembre 5 de 2013 que establece: \u201cFortalecer procesos de formaci\u00f3n y autogesti\u00f3n de los comit\u00e9s municipales de adulto mayor y Fortalecer la participaci\u00f3n de representantes de las personas mayores en espacios de toma de decisi\u00f3n institucionales\u201d.<br \/>\n\u201cAfortunadamente contamos con el apoyo irrestricto de la Administraci\u00f3n Departamental, con quienes hemos hecho llave para llevar a cabo este tipo de\u00a0procesos y con ello, garantizar el buen vivir de la poblaci\u00f3n adulto mayor\u201d,\u00a0indic\u00f3 el Alcalde de T\u00faquerres, Juan Fernando L\u00f3pez.<\/p>\n<div>\u201cEl comit\u00e9 es una importante instancia de participaci\u00f3n, permite a la poblaci\u00f3n adulta mayor tener un lugar consultivo para todas las pol\u00edticas e iniciativas p\u00fablicas dirigidas a este grupo poblacional\u201d, manifest\u00f3 la Secretaria SEGIS, Ver\u00f3nica Caicedo.<\/p>\n<div style=\"text-align: justify;\">Durante de la jornada, se destac\u00f3 adem\u00e1s el proceso, \u2018Guardianes de los a\u00f1os Dorados\u2019, estrategia desarrollada en el municipio de T\u00faquerres en donde un grupo de m\u00e1s de 90 voluntarios, se encargan de la garant\u00eda de los Derechos y tr\u00e1mites estatales de los adultos mayores tanto de la zona urbana como rural.<\/div>\n<div style=\"text-align: justify;\"><\/div>\n<div style=\"text-align: justify;\">Esta acci\u00f3n ha sido destacada como modelo nacional y que permitir\u00e1 a futuro a trav\u00e9s de la intervenci\u00f3n de un ente internacional, contar con la construcci\u00f3n de un centro de atenci\u00f3n integral para este grupo poblacional.<\/div>\n<\/div>\n<\/div>\n<\/div>\n","protected":false},"excerpt":{"rendered":"<p>Tras realizarse el proceso de asistencia t\u00e9cnica y capacitaci\u00f3n en conformaci\u00f3n, activaci\u00f3n y funcionamiento de los Comit\u00e9s Municipales de Envejecimiento y Vejez -CMEV a cargo de la Secretar\u00eda de Equidad de G\u00e9nero e Inclusi\u00f3n Social -SEGIS de la Gobernaci\u00f3n de Nari\u00f1o, se logr\u00f3 la creaci\u00f3n de este estamento en el municipio de T\u00faquerres, actividad lograda [&hellip;]<\/p>\n","protected":false},"author":1,"featured_media":56015,"comment_status":"open","ping_status":"open","sticky":false,"template":"","format":"standard","meta":{"footnotes":""},"categories":[53],"tags":[],"class_list":["post-56014","post","type-post","status-publish","format-standard","has-post-thumbnail","hentry","category-regiones"],"yoast_head":"<!-- This site is optimized with the Yoast SEO plugin v27.1.1 - https:\/\/yoast.com\/product\/yoast-seo-wordpress\/ -->\n<title>T\u00faquerres cuenta con Comit\u00e9 Municipal de Envejecimiento y Vejez | P\u00e1gina10<\/title>\n<meta name=\"robots\" content=\"index, follow, max-snippet:-1, max-image-preview:large, max-video-preview:-1\" \/>\n<link rel=\"canonical\" href=\"https:\/\/pagina10.com\/web\/tuquerres-cuenta-con-comite-municipal-de-envejecimiento-y-vejez\/\" \/>\n<meta property=\"og:locale\" content=\"es_ES\" \/>\n<meta property=\"og:type\" content=\"article\" \/>\n<meta property=\"og:title\" content=\"T\u00faquerres cuenta con Comit\u00e9 Municipal de Envejecimiento y Vejez | P\u00e1gina10\" \/>\n<meta property=\"og:description\" content=\"Tras realizarse el proceso de asistencia t\u00e9cnica y capacitaci\u00f3n en conformaci\u00f3n, activaci\u00f3n y funcionamiento de los Comit\u00e9s Municipales de Envejecimiento y Vejez -CMEV a cargo de la Secretar\u00eda de Equidad de G\u00e9nero e Inclusi\u00f3n Social -SEGIS de la Gobernaci\u00f3n de Nari\u00f1o, se logr\u00f3 la creaci\u00f3n de este estamento en el municipio de T\u00faquerres, actividad lograda [&hellip;]\" \/>\n<meta property=\"og:url\" content=\"https:\/\/pagina10.com\/web\/tuquerres-cuenta-con-comite-municipal-de-envejecimiento-y-vejez\/\" \/>\n<meta property=\"og:site_name\" content=\"P\u00e1gina10\" \/>\n<meta property=\"article:publisher\" content=\"https:\/\/www.facebook.com\/pag10com\" \/>\n<meta property=\"article:published_time\" content=\"2021-10-05T14:52:57+00:00\" \/>\n<meta property=\"article:modified_time\" content=\"2021-10-05T15:30:12+00:00\" \/>\n<meta property=\"og:image\" content=\"https:\/\/pagina10.com\/web\/wp-content\/uploads\/2021\/10\/Captura-de-Pantalla-2021-10-05-a-las-9.52.21-a.-m..png\" \/>\n\t<meta property=\"og:image:width\" content=\"485\" \/>\n\t<meta property=\"og:image:height\" content=\"237\" \/>\n\t<meta property=\"og:image:type\" content=\"image\/png\" \/>\n<meta name=\"author\" content=\"P\u00e1gina 10\" \/>\n<meta name=\"twitter:card\" content=\"summary_large_image\" \/>\n<meta name=\"twitter:creator\" content=\"@Pag10com\" \/>\n<meta name=\"twitter:site\" content=\"@Pag10com\" \/>\n<meta name=\"twitter:label1\" content=\"Escrito por\" \/>\n\t<meta name=\"twitter:data1\" content=\"P\u00e1gina 10\" \/>\n\t<meta name=\"twitter:label2\" content=\"Tiempo de lectura\" \/>\n\t<meta name=\"twitter:data2\" content=\"2 minutos\" \/>\n<script type=\"application\/ld+json\" class=\"yoast-schema-graph\">{\"@context\":\"https:\/\/schema.org\",\"@graph\":[{\"@type\":\"Article\",\"@id\":\"https:\/\/pagina10.com\/web\/tuquerres-cuenta-con-comite-municipal-de-envejecimiento-y-vejez\/#article\",\"isPartOf\":{\"@id\":\"https:\/\/pagina10.com\/web\/tuquerres-cuenta-con-comite-municipal-de-envejecimiento-y-vejez\/\"},\"author\":{\"name\":\"P\u00e1gina 10\",\"@id\":\"https:\/\/pagina10.com\/web\/#\/schema\/person\/2efc4a090d25b667d3bc796798a3a81b\"},\"headline\":\"T\u00faquerres cuenta con Comit\u00e9 Municipal de Envejecimiento y Vejez\",\"datePublished\":\"2021-10-05T14:52:57+00:00\",\"dateModified\":\"2021-10-05T15:30:12+00:00\",\"mainEntityOfPage\":{\"@id\":\"https:\/\/pagina10.com\/web\/tuquerres-cuenta-con-comite-municipal-de-envejecimiento-y-vejez\/\"},\"wordCount\":398,\"commentCount\":0,\"publisher\":{\"@id\":\"https:\/\/pagina10.com\/web\/#organization\"},\"image\":{\"@id\":\"https:\/\/pagina10.com\/web\/tuquerres-cuenta-con-comite-municipal-de-envejecimiento-y-vejez\/#primaryimage\"},\"thumbnailUrl\":\"https:\/\/pagina10.com\/web\/wp-content\/uploads\/2021\/10\/Captura-de-Pantalla-2021-10-05-a-las-9.52.21-a.-m..png\",\"articleSection\":[\"Regiones\"],\"inLanguage\":\"es\",\"potentialAction\":[{\"@type\":\"CommentAction\",\"name\":\"Comment\",\"target\":[\"https:\/\/pagina10.com\/web\/tuquerres-cuenta-con-comite-municipal-de-envejecimiento-y-vejez\/#respond\"]}]},{\"@type\":\"WebPage\",\"@id\":\"https:\/\/pagina10.com\/web\/tuquerres-cuenta-con-comite-municipal-de-envejecimiento-y-vejez\/\",\"url\":\"https:\/\/pagina10.com\/web\/tuquerres-cuenta-con-comite-municipal-de-envejecimiento-y-vejez\/\",\"name\":\"T\u00faquerres cuenta con Comit\u00e9 Municipal de Envejecimiento y Vejez | P\u00e1gina10\",\"isPartOf\":{\"@id\":\"https:\/\/pagina10.com\/web\/#website\"},\"primaryImageOfPage\":{\"@id\":\"https:\/\/pagina10.com\/web\/tuquerres-cuenta-con-comite-municipal-de-envejecimiento-y-vejez\/#primaryimage\"},\"image\":{\"@id\":\"https:\/\/pagina10.com\/web\/tuquerres-cuenta-con-comite-municipal-de-envejecimiento-y-vejez\/#primaryimage\"},\"thumbnailUrl\":\"https:\/\/pagina10.com\/web\/wp-content\/uploads\/2021\/10\/Captura-de-Pantalla-2021-10-05-a-las-9.52.21-a.-m..png\",\"datePublished\":\"2021-10-05T14:52:57+00:00\",\"dateModified\":\"2021-10-05T15:30:12+00:00\",\"breadcrumb\":{\"@id\":\"https:\/\/pagina10.com\/web\/tuquerres-cuenta-con-comite-municipal-de-envejecimiento-y-vejez\/#breadcrumb\"},\"inLanguage\":\"es\",\"potentialAction\":[{\"@type\":\"ReadAction\",\"target\":[\"https:\/\/pagina10.com\/web\/tuquerres-cuenta-con-comite-municipal-de-envejecimiento-y-vejez\/\"]}]},{\"@type\":\"ImageObject\",\"inLanguage\":\"es\",\"@id\":\"https:\/\/pagina10.com\/web\/tuquerres-cuenta-con-comite-municipal-de-envejecimiento-y-vejez\/#primaryimage\",\"url\":\"https:\/\/pagina10.com\/web\/wp-content\/uploads\/2021\/10\/Captura-de-Pantalla-2021-10-05-a-las-9.52.21-a.-m..png\",\"contentUrl\":\"https:\/\/pagina10.com\/web\/wp-content\/uploads\/2021\/10\/Captura-de-Pantalla-2021-10-05-a-las-9.52.21-a.-m..png\",\"width\":485,\"height\":237},{\"@type\":\"BreadcrumbList\",\"@id\":\"https:\/\/pagina10.com\/web\/tuquerres-cuenta-con-comite-municipal-de-envejecimiento-y-vejez\/#breadcrumb\",\"itemListElement\":[{\"@type\":\"ListItem\",\"position\":1,\"name\":\"Portada\",\"item\":\"https:\/\/pagina10.com\/web\/\"},{\"@type\":\"ListItem\",\"position\":2,\"name\":\"T\u00faquerres cuenta con Comit\u00e9 Municipal de Envejecimiento y Vejez\"}]},{\"@type\":\"WebSite\",\"@id\":\"https:\/\/pagina10.com\/web\/#website\",\"url\":\"https:\/\/pagina10.com\/web\/\",\"name\":\"P\u00e1gina10\",\"description\":\"Peri\u00f3dico Regional\",\"publisher\":{\"@id\":\"https:\/\/pagina10.com\/web\/#organization\"},\"alternateName\":\"P\u00e1gina10 Peri\u00f3dico Regional\",\"potentialAction\":[{\"@type\":\"SearchAction\",\"target\":{\"@type\":\"EntryPoint\",\"urlTemplate\":\"https:\/\/pagina10.com\/web\/?s={search_term_string}\"},\"query-input\":{\"@type\":\"PropertyValueSpecification\",\"valueRequired\":true,\"valueName\":\"search_term_string\"}}],\"inLanguage\":\"es\"},{\"@type\":\"Organization\",\"@id\":\"https:\/\/pagina10.com\/web\/#organization\",\"name\":\"P\u00e1gina10\",\"alternateName\":\"P\u00e1gina10 Peri\u00f3dico Regional\",\"url\":\"https:\/\/pagina10.com\/web\/\",\"logo\":{\"@type\":\"ImageObject\",\"inLanguage\":\"es\",\"@id\":\"https:\/\/pagina10.com\/web\/#\/schema\/logo\/image\/\",\"url\":\"https:\/\/pagina10.com\/web\/wp-content\/uploads\/2024\/01\/40-pagina-10-periodico-regional-pasto.jpg\",\"contentUrl\":\"https:\/\/pagina10.com\/web\/wp-content\/uploads\/2024\/01\/40-pagina-10-periodico-regional-pasto.jpg\",\"width\":1280,\"height\":720,\"caption\":\"P\u00e1gina10\"},\"image\":{\"@id\":\"https:\/\/pagina10.com\/web\/#\/schema\/logo\/image\/\"},\"sameAs\":[\"https:\/\/www.facebook.com\/pag10com\",\"https:\/\/x.com\/Pag10com\",\"https:\/\/www.instagram.com\/pagina10col\/\",\"https:\/\/youtube.com\/channel\/pag10\",\"https:\/\/www.tiktok.com\/@p10col\"]},{\"@type\":\"Person\",\"@id\":\"https:\/\/pagina10.com\/web\/#\/schema\/person\/2efc4a090d25b667d3bc796798a3a81b\",\"name\":\"P\u00e1gina 10\",\"description\":\"P\u00e1gina 10 es un peri\u00f3dico regional que nace en Colombia, en el departamento de Nari\u00f1o, con un enfoque global, fundamentado en cuatro pilares esenciales: la libertad, el pluralismo, la inclusi\u00f3n y la independencia. P\u00e1gina 10 hace referencia a Nari\u00f1o como el d\u00e9cimo departamento creado en Colombia, despu\u00e9s de un proceso pol\u00edtico liderado por actores y actrices regionales con el fin de obtener la independencia y autonom\u00eda de nuestros territorios. Con la creaci\u00f3n de P\u00e1gina 10 se pretende abrir un escenario para el dialogo, la reflexi\u00f3n y el debate que se extienda a otras geograf\u00edas de Am\u00e9rica Latina y del planeta, en una apuesta por transformar colectivamente los desaf\u00edos de un mundo contempor\u00e1neo, m\u00e1s all\u00e1 de las fronteras impuestas.\",\"url\":\"https:\/\/pagina10.com\/web\/author\/pdiezadmin\/\"}]}<\/script>\n<!-- \/ Yoast SEO plugin. -->","yoast_head_json":{"title":"T\u00faquerres cuenta con Comit\u00e9 Municipal de Envejecimiento y Vejez | P\u00e1gina10","robots":{"index":"index","follow":"follow","max-snippet":"max-snippet:-1","max-image-preview":"max-image-preview:large","max-video-preview":"max-video-preview:-1"},"canonical":"https:\/\/pagina10.com\/web\/tuquerres-cuenta-con-comite-municipal-de-envejecimiento-y-vejez\/","og_locale":"es_ES","og_type":"article","og_title":"T\u00faquerres cuenta con Comit\u00e9 Municipal de Envejecimiento y Vejez | P\u00e1gina10","og_description":"Tras realizarse el proceso de asistencia t\u00e9cnica y capacitaci\u00f3n en conformaci\u00f3n, activaci\u00f3n y funcionamiento de los Comit\u00e9s Municipales de Envejecimiento y Vejez -CMEV a cargo de la Secretar\u00eda de Equidad de G\u00e9nero e Inclusi\u00f3n Social -SEGIS de la Gobernaci\u00f3n de Nari\u00f1o, se logr\u00f3 la creaci\u00f3n de este estamento en el municipio de T\u00faquerres, actividad lograda [&hellip;]","og_url":"https:\/\/pagina10.com\/web\/tuquerres-cuenta-con-comite-municipal-de-envejecimiento-y-vejez\/","og_site_name":"P\u00e1gina10","article_publisher":"https:\/\/www.facebook.com\/pag10com","article_published_time":"2021-10-05T14:52:57+00:00","article_modified_time":"2021-10-05T15:30:12+00:00","og_image":[{"width":485,"height":237,"url":"https:\/\/pagina10.com\/web\/wp-content\/uploads\/2021\/10\/Captura-de-Pantalla-2021-10-05-a-las-9.52.21-a.-m..png","type":"image\/png"}],"author":"P\u00e1gina 10","twitter_card":"summary_large_image","twitter_creator":"@Pag10com","twitter_site":"@Pag10com","twitter_misc":{"Escrito por":"P\u00e1gina 10","Tiempo de lectura":"2 minutos"},"schema":{"@context":"https:\/\/schema.org","@graph":[{"@type":"Article","@id":"https:\/\/pagina10.com\/web\/tuquerres-cuenta-con-comite-municipal-de-envejecimiento-y-vejez\/#article","isPartOf":{"@id":"https:\/\/pagina10.com\/web\/tuquerres-cuenta-con-comite-municipal-de-envejecimiento-y-vejez\/"},"author":{"name":"P\u00e1gina 10","@id":"https:\/\/pagina10.com\/web\/#\/schema\/person\/2efc4a090d25b667d3bc796798a3a81b"},"headline":"T\u00faquerres cuenta con Comit\u00e9 Municipal de Envejecimiento y Vejez","datePublished":"2021-10-05T14:52:57+00:00","dateModified":"2021-10-05T15:30:12+00:00","mainEntityOfPage":{"@id":"https:\/\/pagina10.com\/web\/tuquerres-cuenta-con-comite-municipal-de-envejecimiento-y-vejez\/"},"wordCount":398,"commentCount":0,"publisher":{"@id":"https:\/\/pagina10.com\/web\/#organization"},"image":{"@id":"https:\/\/pagina10.com\/web\/tuquerres-cuenta-con-comite-municipal-de-envejecimiento-y-vejez\/#primaryimage"},"thumbnailUrl":"https:\/\/pagina10.com\/web\/wp-content\/uploads\/2021\/10\/Captura-de-Pantalla-2021-10-05-a-las-9.52.21-a.-m..png","articleSection":["Regiones"],"inLanguage":"es","potentialAction":[{"@type":"CommentAction","name":"Comment","target":["https:\/\/pagina10.com\/web\/tuquerres-cuenta-con-comite-municipal-de-envejecimiento-y-vejez\/#respond"]}]},{"@type":"WebPage","@id":"https:\/\/pagina10.com\/web\/tuquerres-cuenta-con-comite-municipal-de-envejecimiento-y-vejez\/","url":"https:\/\/pagina10.com\/web\/tuquerres-cuenta-con-comite-municipal-de-envejecimiento-y-vejez\/","name":"T\u00faquerres cuenta con Comit\u00e9 Municipal de Envejecimiento y Vejez | P\u00e1gina10","isPartOf":{"@id":"https:\/\/pagina10.com\/web\/#website"},"primaryImageOfPage":{"@id":"https:\/\/pagina10.com\/web\/tuquerres-cuenta-con-comite-municipal-de-envejecimiento-y-vejez\/#primaryimage"},"image":{"@id":"https:\/\/pagina10.com\/web\/tuquerres-cuenta-con-comite-municipal-de-envejecimiento-y-vejez\/#primaryimage"},"thumbnailUrl":"https:\/\/pagina10.com\/web\/wp-content\/uploads\/2021\/10\/Captura-de-Pantalla-2021-10-05-a-las-9.52.21-a.-m..png","datePublished":"2021-10-05T14:52:57+00:00","dateModified":"2021-10-05T15:30:12+00:00","breadcrumb":{"@id":"https:\/\/pagina10.com\/web\/tuquerres-cuenta-con-comite-municipal-de-envejecimiento-y-vejez\/#breadcrumb"},"inLanguage":"es","potentialAction":[{"@type":"ReadAction","target":["https:\/\/pagina10.com\/web\/tuquerres-cuenta-con-comite-municipal-de-envejecimiento-y-vejez\/"]}]},{"@type":"ImageObject","inLanguage":"es","@id":"https:\/\/pagina10.com\/web\/tuquerres-cuenta-con-comite-municipal-de-envejecimiento-y-vejez\/#primaryimage","url":"https:\/\/pagina10.com\/web\/wp-content\/uploads\/2021\/10\/Captura-de-Pantalla-2021-10-05-a-las-9.52.21-a.-m..png","contentUrl":"https:\/\/pagina10.com\/web\/wp-content\/uploads\/2021\/10\/Captura-de-Pantalla-2021-10-05-a-las-9.52.21-a.-m..png","width":485,"height":237},{"@type":"BreadcrumbList","@id":"https:\/\/pagina10.com\/web\/tuquerres-cuenta-con-comite-municipal-de-envejecimiento-y-vejez\/#breadcrumb","itemListElement":[{"@type":"ListItem","position":1,"name":"Portada","item":"https:\/\/pagina10.com\/web\/"},{"@type":"ListItem","position":2,"name":"T\u00faquerres cuenta con Comit\u00e9 Municipal de Envejecimiento y Vejez"}]},{"@type":"WebSite","@id":"https:\/\/pagina10.com\/web\/#website","url":"https:\/\/pagina10.com\/web\/","name":"P\u00e1gina10","description":"Peri\u00f3dico Regional","publisher":{"@id":"https:\/\/pagina10.com\/web\/#organization"},"alternateName":"P\u00e1gina10 Peri\u00f3dico Regional","potentialAction":[{"@type":"SearchAction","target":{"@type":"EntryPoint","urlTemplate":"https:\/\/pagina10.com\/web\/?s={search_term_string}"},"query-input":{"@type":"PropertyValueSpecification","valueRequired":true,"valueName":"search_term_string"}}],"inLanguage":"es"},{"@type":"Organization","@id":"https:\/\/pagina10.com\/web\/#organization","name":"P\u00e1gina10","alternateName":"P\u00e1gina10 Peri\u00f3dico Regional","url":"https:\/\/pagina10.com\/web\/","logo":{"@type":"ImageObject","inLanguage":"es","@id":"https:\/\/pagina10.com\/web\/#\/schema\/logo\/image\/","url":"https:\/\/pagina10.com\/web\/wp-content\/uploads\/2024\/01\/40-pagina-10-periodico-regional-pasto.jpg","contentUrl":"https:\/\/pagina10.com\/web\/wp-content\/uploads\/2024\/01\/40-pagina-10-periodico-regional-pasto.jpg","width":1280,"height":720,"caption":"P\u00e1gina10"},"image":{"@id":"https:\/\/pagina10.com\/web\/#\/schema\/logo\/image\/"},"sameAs":["https:\/\/www.facebook.com\/pag10com","https:\/\/x.com\/Pag10com","https:\/\/www.instagram.com\/pagina10col\/","https:\/\/youtube.com\/channel\/pag10","https:\/\/www.tiktok.com\/@p10col"]},{"@type":"Person","@id":"https:\/\/pagina10.com\/web\/#\/schema\/person\/2efc4a090d25b667d3bc796798a3a81b","name":"P\u00e1gina 10","description":"P\u00e1gina 10 es un peri\u00f3dico regional que nace en Colombia, en el departamento de Nari\u00f1o, con un enfoque global, fundamentado en cuatro pilares esenciales: la libertad, el pluralismo, la inclusi\u00f3n y la independencia. P\u00e1gina 10 hace referencia a Nari\u00f1o como el d\u00e9cimo departamento creado en Colombia, despu\u00e9s de un proceso pol\u00edtico liderado por actores y actrices regionales con el fin de obtener la independencia y autonom\u00eda de nuestros territorios. Con la creaci\u00f3n de P\u00e1gina 10 se pretende abrir un escenario para el dialogo, la reflexi\u00f3n y el debate que se extienda a otras geograf\u00edas de Am\u00e9rica Latina y del planeta, en una apuesta por transformar colectivamente los desaf\u00edos de un mundo contempor\u00e1neo, m\u00e1s all\u00e1 de las fronteras impuestas.","url":"https:\/\/pagina10.com\/web\/author\/pdiezadmin\/"}]}},"_links":{"self":[{"href":"https:\/\/pagina10.com\/web\/wp-json\/wp\/v2\/posts\/56014","targetHints":{"allow":["GET"]}}],"collection":[{"href":"https:\/\/pagina10.com\/web\/wp-json\/wp\/v2\/posts"}],"about":[{"href":"https:\/\/pagina10.com\/web\/wp-json\/wp\/v2\/types\/post"}],"author":[{"embeddable":true,"href":"https:\/\/pagina10.com\/web\/wp-json\/wp\/v2\/users\/1"}],"replies":[{"embeddable":true,"href":"https:\/\/pagina10.com\/web\/wp-json\/wp\/v2\/comments?post=56014"}],"version-history":[{"count":2,"href":"https:\/\/pagina10.com\/web\/wp-json\/wp\/v2\/posts\/56014\/revisions"}],"predecessor-version":[{"id":56021,"href":"https:\/\/pagina10.com\/web\/wp-json\/wp\/v2\/posts\/56014\/revisions\/56021"}],"wp:featuredmedia":[{"embeddable":true,"href":"https:\/\/pagina10.com\/web\/wp-json\/wp\/v2\/media\/56015"}],"wp:attachment":[{"href":"https:\/\/pagina10.com\/web\/wp-json\/wp\/v2\/media?parent=56014"}],"wp:term":[{"taxonomy":"category","embeddable":true,"href":"https:\/\/pagina10.com\/web\/wp-json\/wp\/v2\/categories?post=56014"},{"taxonomy":"post_tag","embeddable":true,"href":"https:\/\/pagina10.com\/web\/wp-json\/wp\/v2\/tags?post=56014"}],"curies":[{"name":"wp","href":"https:\/\/api.w.org\/{rel}","templated":true}]}}