{"id":56034,"date":"2021-10-06T21:32:37","date_gmt":"2021-10-07T02:32:37","guid":{"rendered":"https:\/\/pagina10.com\/web\/?p=56034"},"modified":"2021-10-06T21:32:37","modified_gmt":"2021-10-07T02:32:37","slug":"todo-listo-para-la-feria-la-mejor-taza-de-mi-narino-2021","status":"publish","type":"post","link":"https:\/\/pagina10.com\/web\/todo-listo-para-la-feria-la-mejor-taza-de-mi-narino-2021\/","title":{"rendered":"Todo listo para la Feria \u2018La Mejor Taza de Mi Nari\u00f1o 2021\u2019"},"content":{"rendered":"<p style=\"text-align: justify;\">El 7, 8 y 9 de octubre de 2021, en el Seminario Mayor Los Sagrados Corazones en Torobajo, se llevar\u00e1 a cabo la feria, \u00b4La Mejor Taza de Mi Nari\u00f1o 2021\u00b4, iniciativa que busca reactivar la econom\u00eda e impulsar la cadena de valor del caf\u00e9, para sustentar y desarrollar la industria y posicionar el caf\u00e9 de Nari\u00f1o como uno de los mejores del mundo.<\/p>\n<p>La feria ser\u00e1 un espacio de intercambio de actores de la cadena productiva del caf\u00e9; la cual fomentar\u00e1, alianzas estrat\u00e9gicas entre productores, clientes, proveedores de productos y servicios de apoyo a este sector; adem\u00e1s, conocer innovaciones en calidad de finca e industria y promover el consumo de caf\u00e9s especiales en la regi\u00f3n.<\/p>\n<div style=\"text-align: justify;\">\nEl jueves siete de octubre, a partir de las nueve de la ma\u00f1ana, se llevar\u00e1 a cabo la apertura oficial del evento, donde se realizar\u00e1 la presentaci\u00f3n de expositores y marcas de caf\u00e9 tostado por regiones, adem\u00e1s, del impulso de las vitrinas regionales.<\/div>\n<div style=\"text-align: justify;\">\nDe igual manera, se realizar\u00e1 el Show de Barismo Infantil, donde ni\u00f1os y ni\u00f1as con el acompa\u00f1amiento de Sandra Rincones, barista certificada del Caf\u00e9 La Alsacia, realizar\u00e1n preparaciones de caf\u00e9 como latte, cappuccino y americanos; esto con el fin, de fortalecer la c\u00e1tedra de caf\u00e9 para la ni\u00f1ez del Departamento, con el prop\u00f3sito de incentivar la apropiaci\u00f3n del conocimiento sobre la producci\u00f3n, transformaci\u00f3n y comercializaci\u00f3n de caf\u00e9 especial origen Nari\u00f1o, generando as\u00ed, una cultura cafetera.<\/div>\n<div>\nContinuando con el desarrollo del evento, el viernes ocho de octubre se dar\u00e1 inicio a la agenda acad\u00e9mica, donde se abordar\u00e1n conversatorios y paneles sobre reactivaci\u00f3n econ\u00f3mica en la cadena de caf\u00e9, expectativas de mercado, seguros de rentabilidad para cafeteros, y la apicultura, como una estrategia de impacto para reducir los efectos del cambio clim\u00e1tico en el cultivo de caf\u00e9.<\/p>\n<div style=\"text-align: justify;\">\nFinalizando la feria, el s\u00e1bado nueve de octubre, se realizar\u00e1n shows de barismo, premiaci\u00f3n de los concursos \u2018La Mejor Taza\u2019 y el \u2018Campeonato de Tosti\u00f3n\u2019; adem\u00e1s, de un acto cultural que dar\u00e1 por finalizado el evento.<\/div>\n<div style=\"text-align: justify;\">\nLa Mejor Taza de Mi Nari\u00f1o 2021, se convierte en la oportunidad para apoyar la cadena de valor del caf\u00e9 en el territorio, adem\u00e1s, de valorar y respaldar el trabajo que d\u00eda a d\u00eda m\u00e1s de 39.000 familias caficultoras de los 40 municipios cafeteros de Nari\u00f1o desempe\u00f1an para salir adelante.<br \/>\nApoyar el caf\u00e9, genera oportunidades, potencia la econom\u00eda y se consolida como una apuesta por el desarrollo, la igualdad y la paz en nuestro Departamento.<\/div>\n<div style=\"text-align: justify;\">\nEn el siguiente enlace puede conocer la agenda: <a href=\"https:\/\/drive.google.com\/file\/d\/1PJT5r063cZWshrWWSDI4fhKPPUxbwDl4\/view?usp=sharing\" target=\"_blank\" rel=\"noopener\" data-saferedirecturl=\"https:\/\/www.google.com\/url?q=https:\/\/drive.google.com\/file\/d\/1PJT5r063cZWshrWWSDI4fhKPPUxbwDl4\/view?usp%3Dsharing&amp;source=gmail&amp;ust=1633622129444000&amp;usg=AFQjCNH6MK_803rXRsQTvNJZR9f3xlQj7w\">https:\/\/drive.google.com\/file\/<wbr \/>d\/<wbr \/>1PJT5r063cZWshrWWSDI4fhKPPUxbw<wbr \/>Dl4\/view?usp=sharing<\/a><\/div>\n<\/div>\n","protected":false},"excerpt":{"rendered":"<p>El 7, 8 y 9 de octubre de 2021, en el Seminario Mayor Los Sagrados Corazones en Torobajo, se llevar\u00e1 a cabo la feria, \u00b4La Mejor Taza de Mi Nari\u00f1o 2021\u00b4, iniciativa que busca reactivar la econom\u00eda e impulsar la cadena de valor del caf\u00e9, para sustentar y desarrollar la industria y posicionar el caf\u00e9 [&hellip;]<\/p>\n","protected":false},"author":1,"featured_media":56035,"comment_status":"open","ping_status":"open","sticky":false,"template":"","format":"standard","meta":{"footnotes":""},"categories":[13],"tags":[],"class_list":["post-56034","post","type-post","status-publish","format-standard","has-post-thumbnail","hentry","category-economia"],"yoast_head":"<!-- This site is optimized with the Yoast SEO plugin v27.1.1 - https:\/\/yoast.com\/product\/yoast-seo-wordpress\/ -->\n<title>Todo listo para la Feria \u2018La Mejor Taza de Mi Nari\u00f1o 2021\u2019 | P\u00e1gina10<\/title>\n<meta name=\"robots\" content=\"index, follow, max-snippet:-1, max-image-preview:large, max-video-preview:-1\" \/>\n<link rel=\"canonical\" href=\"https:\/\/pagina10.com\/web\/todo-listo-para-la-feria-la-mejor-taza-de-mi-narino-2021\/\" \/>\n<meta property=\"og:locale\" content=\"es_ES\" \/>\n<meta property=\"og:type\" content=\"article\" \/>\n<meta property=\"og:title\" content=\"Todo listo para la Feria \u2018La Mejor Taza de Mi Nari\u00f1o 2021\u2019 | P\u00e1gina10\" \/>\n<meta property=\"og:description\" content=\"El 7, 8 y 9 de octubre de 2021, en el Seminario Mayor Los Sagrados Corazones en Torobajo, se llevar\u00e1 a cabo la feria, \u00b4La Mejor Taza de Mi Nari\u00f1o 2021\u00b4, iniciativa que busca reactivar la econom\u00eda e impulsar la cadena de valor del caf\u00e9, para sustentar y desarrollar la industria y posicionar el caf\u00e9 [&hellip;]\" \/>\n<meta property=\"og:url\" content=\"https:\/\/pagina10.com\/web\/todo-listo-para-la-feria-la-mejor-taza-de-mi-narino-2021\/\" \/>\n<meta property=\"og:site_name\" content=\"P\u00e1gina10\" \/>\n<meta property=\"article:publisher\" content=\"https:\/\/www.facebook.com\/pag10com\" \/>\n<meta property=\"article:published_time\" content=\"2021-10-07T02:32:37+00:00\" \/>\n<meta property=\"og:image\" content=\"https:\/\/pagina10.com\/web\/wp-content\/uploads\/2021\/10\/Captura-de-Pantalla-2021-10-06-a-las-9.31.51-p.-m..png\" \/>\n\t<meta property=\"og:image:width\" content=\"317\" \/>\n\t<meta property=\"og:image:height\" content=\"291\" \/>\n\t<meta property=\"og:image:type\" content=\"image\/png\" \/>\n<meta name=\"author\" content=\"P\u00e1gina 10\" \/>\n<meta name=\"twitter:card\" content=\"summary_large_image\" \/>\n<meta name=\"twitter:creator\" content=\"@Pag10com\" \/>\n<meta name=\"twitter:site\" content=\"@Pag10com\" \/>\n<meta name=\"twitter:label1\" content=\"Escrito por\" \/>\n\t<meta name=\"twitter:data1\" content=\"P\u00e1gina 10\" \/>\n\t<meta name=\"twitter:label2\" content=\"Tiempo de lectura\" \/>\n\t<meta name=\"twitter:data2\" content=\"2 minutos\" \/>\n<script type=\"application\/ld+json\" class=\"yoast-schema-graph\">{\"@context\":\"https:\/\/schema.org\",\"@graph\":[{\"@type\":\"Article\",\"@id\":\"https:\/\/pagina10.com\/web\/todo-listo-para-la-feria-la-mejor-taza-de-mi-narino-2021\/#article\",\"isPartOf\":{\"@id\":\"https:\/\/pagina10.com\/web\/todo-listo-para-la-feria-la-mejor-taza-de-mi-narino-2021\/\"},\"author\":{\"name\":\"P\u00e1gina 10\",\"@id\":\"https:\/\/pagina10.com\/web\/#\/schema\/person\/2efc4a090d25b667d3bc796798a3a81b\"},\"headline\":\"Todo listo para la Feria \u2018La Mejor Taza de Mi Nari\u00f1o 2021\u2019\",\"datePublished\":\"2021-10-07T02:32:37+00:00\",\"mainEntityOfPage\":{\"@id\":\"https:\/\/pagina10.com\/web\/todo-listo-para-la-feria-la-mejor-taza-de-mi-narino-2021\/\"},\"wordCount\":470,\"commentCount\":0,\"publisher\":{\"@id\":\"https:\/\/pagina10.com\/web\/#organization\"},\"image\":{\"@id\":\"https:\/\/pagina10.com\/web\/todo-listo-para-la-feria-la-mejor-taza-de-mi-narino-2021\/#primaryimage\"},\"thumbnailUrl\":\"https:\/\/pagina10.com\/web\/wp-content\/uploads\/2021\/10\/Captura-de-Pantalla-2021-10-06-a-las-9.31.51-p.-m..png\",\"articleSection\":[\"Econom\u00eda\"],\"inLanguage\":\"es\",\"potentialAction\":[{\"@type\":\"CommentAction\",\"name\":\"Comment\",\"target\":[\"https:\/\/pagina10.com\/web\/todo-listo-para-la-feria-la-mejor-taza-de-mi-narino-2021\/#respond\"]}]},{\"@type\":\"WebPage\",\"@id\":\"https:\/\/pagina10.com\/web\/todo-listo-para-la-feria-la-mejor-taza-de-mi-narino-2021\/\",\"url\":\"https:\/\/pagina10.com\/web\/todo-listo-para-la-feria-la-mejor-taza-de-mi-narino-2021\/\",\"name\":\"Todo listo para la Feria \u2018La Mejor Taza de Mi Nari\u00f1o 2021\u2019 | P\u00e1gina10\",\"isPartOf\":{\"@id\":\"https:\/\/pagina10.com\/web\/#website\"},\"primaryImageOfPage\":{\"@id\":\"https:\/\/pagina10.com\/web\/todo-listo-para-la-feria-la-mejor-taza-de-mi-narino-2021\/#primaryimage\"},\"image\":{\"@id\":\"https:\/\/pagina10.com\/web\/todo-listo-para-la-feria-la-mejor-taza-de-mi-narino-2021\/#primaryimage\"},\"thumbnailUrl\":\"https:\/\/pagina10.com\/web\/wp-content\/uploads\/2021\/10\/Captura-de-Pantalla-2021-10-06-a-las-9.31.51-p.-m..png\",\"datePublished\":\"2021-10-07T02:32:37+00:00\",\"breadcrumb\":{\"@id\":\"https:\/\/pagina10.com\/web\/todo-listo-para-la-feria-la-mejor-taza-de-mi-narino-2021\/#breadcrumb\"},\"inLanguage\":\"es\",\"potentialAction\":[{\"@type\":\"ReadAction\",\"target\":[\"https:\/\/pagina10.com\/web\/todo-listo-para-la-feria-la-mejor-taza-de-mi-narino-2021\/\"]}]},{\"@type\":\"ImageObject\",\"inLanguage\":\"es\",\"@id\":\"https:\/\/pagina10.com\/web\/todo-listo-para-la-feria-la-mejor-taza-de-mi-narino-2021\/#primaryimage\",\"url\":\"https:\/\/pagina10.com\/web\/wp-content\/uploads\/2021\/10\/Captura-de-Pantalla-2021-10-06-a-las-9.31.51-p.-m..png\",\"contentUrl\":\"https:\/\/pagina10.com\/web\/wp-content\/uploads\/2021\/10\/Captura-de-Pantalla-2021-10-06-a-las-9.31.51-p.-m..png\",\"width\":317,\"height\":291},{\"@type\":\"BreadcrumbList\",\"@id\":\"https:\/\/pagina10.com\/web\/todo-listo-para-la-feria-la-mejor-taza-de-mi-narino-2021\/#breadcrumb\",\"itemListElement\":[{\"@type\":\"ListItem\",\"position\":1,\"name\":\"Portada\",\"item\":\"https:\/\/pagina10.com\/web\/\"},{\"@type\":\"ListItem\",\"position\":2,\"name\":\"Todo listo para la Feria \u2018La Mejor Taza de Mi Nari\u00f1o 2021\u2019\"}]},{\"@type\":\"WebSite\",\"@id\":\"https:\/\/pagina10.com\/web\/#website\",\"url\":\"https:\/\/pagina10.com\/web\/\",\"name\":\"P\u00e1gina10\",\"description\":\"Peri\u00f3dico Regional\",\"publisher\":{\"@id\":\"https:\/\/pagina10.com\/web\/#organization\"},\"alternateName\":\"P\u00e1gina10 Peri\u00f3dico Regional\",\"potentialAction\":[{\"@type\":\"SearchAction\",\"target\":{\"@type\":\"EntryPoint\",\"urlTemplate\":\"https:\/\/pagina10.com\/web\/?s={search_term_string}\"},\"query-input\":{\"@type\":\"PropertyValueSpecification\",\"valueRequired\":true,\"valueName\":\"search_term_string\"}}],\"inLanguage\":\"es\"},{\"@type\":\"Organization\",\"@id\":\"https:\/\/pagina10.com\/web\/#organization\",\"name\":\"P\u00e1gina10\",\"alternateName\":\"P\u00e1gina10 Peri\u00f3dico Regional\",\"url\":\"https:\/\/pagina10.com\/web\/\",\"logo\":{\"@type\":\"ImageObject\",\"inLanguage\":\"es\",\"@id\":\"https:\/\/pagina10.com\/web\/#\/schema\/logo\/image\/\",\"url\":\"https:\/\/pagina10.com\/web\/wp-content\/uploads\/2024\/01\/40-pagina-10-periodico-regional-pasto.jpg\",\"contentUrl\":\"https:\/\/pagina10.com\/web\/wp-content\/uploads\/2024\/01\/40-pagina-10-periodico-regional-pasto.jpg\",\"width\":1280,\"height\":720,\"caption\":\"P\u00e1gina10\"},\"image\":{\"@id\":\"https:\/\/pagina10.com\/web\/#\/schema\/logo\/image\/\"},\"sameAs\":[\"https:\/\/www.facebook.com\/pag10com\",\"https:\/\/x.com\/Pag10com\",\"https:\/\/www.instagram.com\/pagina10col\/\",\"https:\/\/youtube.com\/channel\/pag10\",\"https:\/\/www.tiktok.com\/@p10col\"]},{\"@type\":\"Person\",\"@id\":\"https:\/\/pagina10.com\/web\/#\/schema\/person\/2efc4a090d25b667d3bc796798a3a81b\",\"name\":\"P\u00e1gina 10\",\"description\":\"P\u00e1gina 10 es un peri\u00f3dico regional que nace en Colombia, en el departamento de Nari\u00f1o, con un enfoque global, fundamentado en cuatro pilares esenciales: la libertad, el pluralismo, la inclusi\u00f3n y la independencia. P\u00e1gina 10 hace referencia a Nari\u00f1o como el d\u00e9cimo departamento creado en Colombia, despu\u00e9s de un proceso pol\u00edtico liderado por actores y actrices regionales con el fin de obtener la independencia y autonom\u00eda de nuestros territorios. Con la creaci\u00f3n de P\u00e1gina 10 se pretende abrir un escenario para el dialogo, la reflexi\u00f3n y el debate que se extienda a otras geograf\u00edas de Am\u00e9rica Latina y del planeta, en una apuesta por transformar colectivamente los desaf\u00edos de un mundo contempor\u00e1neo, m\u00e1s all\u00e1 de las fronteras impuestas.\",\"url\":\"https:\/\/pagina10.com\/web\/author\/pdiezadmin\/\"}]}<\/script>\n<!-- \/ Yoast SEO plugin. -->","yoast_head_json":{"title":"Todo listo para la Feria \u2018La Mejor Taza de Mi Nari\u00f1o 2021\u2019 | P\u00e1gina10","robots":{"index":"index","follow":"follow","max-snippet":"max-snippet:-1","max-image-preview":"max-image-preview:large","max-video-preview":"max-video-preview:-1"},"canonical":"https:\/\/pagina10.com\/web\/todo-listo-para-la-feria-la-mejor-taza-de-mi-narino-2021\/","og_locale":"es_ES","og_type":"article","og_title":"Todo listo para la Feria \u2018La Mejor Taza de Mi Nari\u00f1o 2021\u2019 | P\u00e1gina10","og_description":"El 7, 8 y 9 de octubre de 2021, en el Seminario Mayor Los Sagrados Corazones en Torobajo, se llevar\u00e1 a cabo la feria, \u00b4La Mejor Taza de Mi Nari\u00f1o 2021\u00b4, iniciativa que busca reactivar la econom\u00eda e impulsar la cadena de valor del caf\u00e9, para sustentar y desarrollar la industria y posicionar el caf\u00e9 [&hellip;]","og_url":"https:\/\/pagina10.com\/web\/todo-listo-para-la-feria-la-mejor-taza-de-mi-narino-2021\/","og_site_name":"P\u00e1gina10","article_publisher":"https:\/\/www.facebook.com\/pag10com","article_published_time":"2021-10-07T02:32:37+00:00","og_image":[{"width":317,"height":291,"url":"https:\/\/pagina10.com\/web\/wp-content\/uploads\/2021\/10\/Captura-de-Pantalla-2021-10-06-a-las-9.31.51-p.-m..png","type":"image\/png"}],"author":"P\u00e1gina 10","twitter_card":"summary_large_image","twitter_creator":"@Pag10com","twitter_site":"@Pag10com","twitter_misc":{"Escrito por":"P\u00e1gina 10","Tiempo de lectura":"2 minutos"},"schema":{"@context":"https:\/\/schema.org","@graph":[{"@type":"Article","@id":"https:\/\/pagina10.com\/web\/todo-listo-para-la-feria-la-mejor-taza-de-mi-narino-2021\/#article","isPartOf":{"@id":"https:\/\/pagina10.com\/web\/todo-listo-para-la-feria-la-mejor-taza-de-mi-narino-2021\/"},"author":{"name":"P\u00e1gina 10","@id":"https:\/\/pagina10.com\/web\/#\/schema\/person\/2efc4a090d25b667d3bc796798a3a81b"},"headline":"Todo listo para la Feria \u2018La Mejor Taza de Mi Nari\u00f1o 2021\u2019","datePublished":"2021-10-07T02:32:37+00:00","mainEntityOfPage":{"@id":"https:\/\/pagina10.com\/web\/todo-listo-para-la-feria-la-mejor-taza-de-mi-narino-2021\/"},"wordCount":470,"commentCount":0,"publisher":{"@id":"https:\/\/pagina10.com\/web\/#organization"},"image":{"@id":"https:\/\/pagina10.com\/web\/todo-listo-para-la-feria-la-mejor-taza-de-mi-narino-2021\/#primaryimage"},"thumbnailUrl":"https:\/\/pagina10.com\/web\/wp-content\/uploads\/2021\/10\/Captura-de-Pantalla-2021-10-06-a-las-9.31.51-p.-m..png","articleSection":["Econom\u00eda"],"inLanguage":"es","potentialAction":[{"@type":"CommentAction","name":"Comment","target":["https:\/\/pagina10.com\/web\/todo-listo-para-la-feria-la-mejor-taza-de-mi-narino-2021\/#respond"]}]},{"@type":"WebPage","@id":"https:\/\/pagina10.com\/web\/todo-listo-para-la-feria-la-mejor-taza-de-mi-narino-2021\/","url":"https:\/\/pagina10.com\/web\/todo-listo-para-la-feria-la-mejor-taza-de-mi-narino-2021\/","name":"Todo listo para la Feria \u2018La Mejor Taza de Mi Nari\u00f1o 2021\u2019 | P\u00e1gina10","isPartOf":{"@id":"https:\/\/pagina10.com\/web\/#website"},"primaryImageOfPage":{"@id":"https:\/\/pagina10.com\/web\/todo-listo-para-la-feria-la-mejor-taza-de-mi-narino-2021\/#primaryimage"},"image":{"@id":"https:\/\/pagina10.com\/web\/todo-listo-para-la-feria-la-mejor-taza-de-mi-narino-2021\/#primaryimage"},"thumbnailUrl":"https:\/\/pagina10.com\/web\/wp-content\/uploads\/2021\/10\/Captura-de-Pantalla-2021-10-06-a-las-9.31.51-p.-m..png","datePublished":"2021-10-07T02:32:37+00:00","breadcrumb":{"@id":"https:\/\/pagina10.com\/web\/todo-listo-para-la-feria-la-mejor-taza-de-mi-narino-2021\/#breadcrumb"},"inLanguage":"es","potentialAction":[{"@type":"ReadAction","target":["https:\/\/pagina10.com\/web\/todo-listo-para-la-feria-la-mejor-taza-de-mi-narino-2021\/"]}]},{"@type":"ImageObject","inLanguage":"es","@id":"https:\/\/pagina10.com\/web\/todo-listo-para-la-feria-la-mejor-taza-de-mi-narino-2021\/#primaryimage","url":"https:\/\/pagina10.com\/web\/wp-content\/uploads\/2021\/10\/Captura-de-Pantalla-2021-10-06-a-las-9.31.51-p.-m..png","contentUrl":"https:\/\/pagina10.com\/web\/wp-content\/uploads\/2021\/10\/Captura-de-Pantalla-2021-10-06-a-las-9.31.51-p.-m..png","width":317,"height":291},{"@type":"BreadcrumbList","@id":"https:\/\/pagina10.com\/web\/todo-listo-para-la-feria-la-mejor-taza-de-mi-narino-2021\/#breadcrumb","itemListElement":[{"@type":"ListItem","position":1,"name":"Portada","item":"https:\/\/pagina10.com\/web\/"},{"@type":"ListItem","position":2,"name":"Todo listo para la Feria \u2018La Mejor Taza de Mi Nari\u00f1o 2021\u2019"}]},{"@type":"WebSite","@id":"https:\/\/pagina10.com\/web\/#website","url":"https:\/\/pagina10.com\/web\/","name":"P\u00e1gina10","description":"Peri\u00f3dico Regional","publisher":{"@id":"https:\/\/pagina10.com\/web\/#organization"},"alternateName":"P\u00e1gina10 Peri\u00f3dico Regional","potentialAction":[{"@type":"SearchAction","target":{"@type":"EntryPoint","urlTemplate":"https:\/\/pagina10.com\/web\/?s={search_term_string}"},"query-input":{"@type":"PropertyValueSpecification","valueRequired":true,"valueName":"search_term_string"}}],"inLanguage":"es"},{"@type":"Organization","@id":"https:\/\/pagina10.com\/web\/#organization","name":"P\u00e1gina10","alternateName":"P\u00e1gina10 Peri\u00f3dico Regional","url":"https:\/\/pagina10.com\/web\/","logo":{"@type":"ImageObject","inLanguage":"es","@id":"https:\/\/pagina10.com\/web\/#\/schema\/logo\/image\/","url":"https:\/\/pagina10.com\/web\/wp-content\/uploads\/2024\/01\/40-pagina-10-periodico-regional-pasto.jpg","contentUrl":"https:\/\/pagina10.com\/web\/wp-content\/uploads\/2024\/01\/40-pagina-10-periodico-regional-pasto.jpg","width":1280,"height":720,"caption":"P\u00e1gina10"},"image":{"@id":"https:\/\/pagina10.com\/web\/#\/schema\/logo\/image\/"},"sameAs":["https:\/\/www.facebook.com\/pag10com","https:\/\/x.com\/Pag10com","https:\/\/www.instagram.com\/pagina10col\/","https:\/\/youtube.com\/channel\/pag10","https:\/\/www.tiktok.com\/@p10col"]},{"@type":"Person","@id":"https:\/\/pagina10.com\/web\/#\/schema\/person\/2efc4a090d25b667d3bc796798a3a81b","name":"P\u00e1gina 10","description":"P\u00e1gina 10 es un peri\u00f3dico regional que nace en Colombia, en el departamento de Nari\u00f1o, con un enfoque global, fundamentado en cuatro pilares esenciales: la libertad, el pluralismo, la inclusi\u00f3n y la independencia. P\u00e1gina 10 hace referencia a Nari\u00f1o como el d\u00e9cimo departamento creado en Colombia, despu\u00e9s de un proceso pol\u00edtico liderado por actores y actrices regionales con el fin de obtener la independencia y autonom\u00eda de nuestros territorios. Con la creaci\u00f3n de P\u00e1gina 10 se pretende abrir un escenario para el dialogo, la reflexi\u00f3n y el debate que se extienda a otras geograf\u00edas de Am\u00e9rica Latina y del planeta, en una apuesta por transformar colectivamente los desaf\u00edos de un mundo contempor\u00e1neo, m\u00e1s all\u00e1 de las fronteras impuestas.","url":"https:\/\/pagina10.com\/web\/author\/pdiezadmin\/"}]}},"_links":{"self":[{"href":"https:\/\/pagina10.com\/web\/wp-json\/wp\/v2\/posts\/56034","targetHints":{"allow":["GET"]}}],"collection":[{"href":"https:\/\/pagina10.com\/web\/wp-json\/wp\/v2\/posts"}],"about":[{"href":"https:\/\/pagina10.com\/web\/wp-json\/wp\/v2\/types\/post"}],"author":[{"embeddable":true,"href":"https:\/\/pagina10.com\/web\/wp-json\/wp\/v2\/users\/1"}],"replies":[{"embeddable":true,"href":"https:\/\/pagina10.com\/web\/wp-json\/wp\/v2\/comments?post=56034"}],"version-history":[{"count":1,"href":"https:\/\/pagina10.com\/web\/wp-json\/wp\/v2\/posts\/56034\/revisions"}],"predecessor-version":[{"id":56036,"href":"https:\/\/pagina10.com\/web\/wp-json\/wp\/v2\/posts\/56034\/revisions\/56036"}],"wp:featuredmedia":[{"embeddable":true,"href":"https:\/\/pagina10.com\/web\/wp-json\/wp\/v2\/media\/56035"}],"wp:attachment":[{"href":"https:\/\/pagina10.com\/web\/wp-json\/wp\/v2\/media?parent=56034"}],"wp:term":[{"taxonomy":"category","embeddable":true,"href":"https:\/\/pagina10.com\/web\/wp-json\/wp\/v2\/categories?post=56034"},{"taxonomy":"post_tag","embeddable":true,"href":"https:\/\/pagina10.com\/web\/wp-json\/wp\/v2\/tags?post=56034"}],"curies":[{"name":"wp","href":"https:\/\/api.w.org\/{rel}","templated":true}]}}