{"id":56037,"date":"2021-10-06T21:36:27","date_gmt":"2021-10-07T02:36:27","guid":{"rendered":"https:\/\/pagina10.com\/web\/?p=56037"},"modified":"2021-10-06T21:36:27","modified_gmt":"2021-10-07T02:36:27","slug":"gobernacion-de-narino-avanzan-en-la-ejecucion-del-proyecto-que-llevara-agua-potable-a-los-ninos-y-ninas-de-zonas-rurales","status":"publish","type":"post","link":"https:\/\/pagina10.com\/web\/gobernacion-de-narino-avanzan-en-la-ejecucion-del-proyecto-que-llevara-agua-potable-a-los-ninos-y-ninas-de-zonas-rurales\/","title":{"rendered":"Gobernaci\u00f3n de Nari\u00f1o avanzan en la ejecuci\u00f3n del proyecto que llevar\u00e1 agua potable, a los ni\u00f1os y ni\u00f1as de zonas rurales"},"content":{"rendered":"<p style=\"text-align: justify;\">La Gobernaci\u00f3n de Nari\u00f1o, a trav\u00e9s de la Subsecretar\u00eda de Econom\u00eda Regional y Agua Potable -PDA Nari\u00f1o, hace entrega de filtros con tecnolog\u00edas no convencionales, 150 instituciones educativas y 460 hogares comunitarios rurales del Departamento, para garantizar el acceso seguro de agua a ni\u00f1os y ni\u00f1as de zona rural, materializ\u00e1ndose as\u00ed la mayor inversi\u00f3n de la historia en sistemas no convencionales en Nari\u00f1o.<\/p>\n<p>El proyecto se ejecuta en una alianza estrat\u00e9gica de recursos humanos, econ\u00f3micos, administrativos, financieros y log\u00edsticos entre el Departamento de Nari\u00f1o como Gestor del Plan Departamental de Agua, la Universidad de Nari\u00f1o y el Instituto Departamental de Salud de Nari\u00f1o -IDSN, en la evaluaci\u00f3n de tecnolog\u00edas no convencionales y su apropiaci\u00f3n social al acceso de agua segura, para el mejoramiento de las condiciones de salud de las instituciones educativas y cocinas de hogares tradicionales, en el marco del Plan de Gesti\u00f3n Social, del Plan Departamental de Agua.<\/p>\n<div style=\"text-align: justify;\">\nLa Administraci\u00f3n Departamental, realizar\u00e1 la mayor inversi\u00f3n de recursos presupuestales que permitir\u00e1n lograr la continuidad del convenio. El proyecto en menci\u00f3n, tiene un valor total de $1.515.080.260 millones de pesos aportados de la siguiente manera:<\/div>\n<div>\nDepartamento de Nari\u00f1o a trav\u00e9s del Plan Departamental de Aguas, $1.181.635.200 millones, el IDSN aporta la suma de $215.281.540 millones, representados en bienes y servicios y la Universidad de Nari\u00f1o, aporta la suma de $118.163.520 millones, representados en bienes y servicios.<\/p>\n<div style=\"text-align: justify;\">\nEl Subsecretario de Econom\u00eda Regional y Agua Potable, Dar\u00edo Alexander Ch\u00e1ves L\u00f3pez, manifest\u00f3 que es prioritaria la continuidad de la ejecuci\u00f3n de los procesos de instalaci\u00f3n y puesta en marcha de las tecnolog\u00edas, seguimiento y evaluaci\u00f3n de las mismas, con el acompa\u00f1amiento de la comunidad educativa priorizada, pues, la entrega de estas tecnolog\u00edas, garantizan no s\u00f3lo el consumo de agua segura, sino, la mejora de la calidad de vida de los ni\u00f1os y ni\u00f1as beneficiados con estas entregas.<\/div>\n<div style=\"text-align: justify;\">\nEs fundamental recalcar que, la principal funci\u00f3n de los sistemas de filtraci\u00f3n de agua, logra eliminar el 99,9% de bacterias, virus y protozoos, presentes en el agua, lo que permite que las Instituciones Educativas y Hogares Tradicionales Comunitarios accedan al consumo agua segura.<\/div>\n<div style=\"text-align: justify;\">\nLos filtros en menci\u00f3n, ya fueron distribuidos en el 85.8% de las Instituciones Educativas de Nari\u00f1o, y a partir del 6 de octubre, estos filtros ser\u00e1n entregados a Hogares Comunitarios, iniciando con los municipios de Bel\u00e9n, Alb\u00e1n, Buesaco, San Pablo, La Uni\u00f3n, San Pedro de Cartago y Arboleda Berruecos, hasta cumplir con los 64 municipios de nuestro Departamento. Las entregas se har\u00e1n de manera simult\u00e1nea, en coordinaci\u00f3n con las alcald\u00edas territoriales.<\/div>\n<\/div>\n","protected":false},"excerpt":{"rendered":"<p>La Gobernaci\u00f3n de Nari\u00f1o, a trav\u00e9s de la Subsecretar\u00eda de Econom\u00eda Regional y Agua Potable -PDA Nari\u00f1o, hace entrega de filtros con tecnolog\u00edas no convencionales, 150 instituciones educativas y 460 hogares comunitarios rurales del Departamento, para garantizar el acceso seguro de agua a ni\u00f1os y ni\u00f1as de zona rural, materializ\u00e1ndose as\u00ed la mayor inversi\u00f3n de [&hellip;]<\/p>\n","protected":false},"author":1,"featured_media":56038,"comment_status":"open","ping_status":"open","sticky":false,"template":"","format":"standard","meta":{"footnotes":""},"categories":[53],"tags":[],"class_list":["post-56037","post","type-post","status-publish","format-standard","has-post-thumbnail","hentry","category-regiones"],"yoast_head":"<!-- This site is optimized with the Yoast SEO plugin v27.1.1 - https:\/\/yoast.com\/product\/yoast-seo-wordpress\/ -->\n<title>Gobernaci\u00f3n de Nari\u00f1o avanzan en la ejecuci\u00f3n del proyecto que llevar\u00e1 agua potable, a los ni\u00f1os y ni\u00f1as de zonas rurales | P\u00e1gina10<\/title>\n<meta name=\"robots\" content=\"index, follow, max-snippet:-1, max-image-preview:large, max-video-preview:-1\" \/>\n<link rel=\"canonical\" href=\"https:\/\/pagina10.com\/web\/gobernacion-de-narino-avanzan-en-la-ejecucion-del-proyecto-que-llevara-agua-potable-a-los-ninos-y-ninas-de-zonas-rurales\/\" \/>\n<meta property=\"og:locale\" content=\"es_ES\" \/>\n<meta property=\"og:type\" content=\"article\" \/>\n<meta property=\"og:title\" content=\"Gobernaci\u00f3n de Nari\u00f1o avanzan en la ejecuci\u00f3n del proyecto que llevar\u00e1 agua potable, a los ni\u00f1os y ni\u00f1as de zonas rurales | P\u00e1gina10\" \/>\n<meta property=\"og:description\" content=\"La Gobernaci\u00f3n de Nari\u00f1o, a trav\u00e9s de la Subsecretar\u00eda de Econom\u00eda Regional y Agua Potable -PDA Nari\u00f1o, hace entrega de filtros con tecnolog\u00edas no convencionales, 150 instituciones educativas y 460 hogares comunitarios rurales del Departamento, para garantizar el acceso seguro de agua a ni\u00f1os y ni\u00f1as de zona rural, materializ\u00e1ndose as\u00ed la mayor inversi\u00f3n de [&hellip;]\" \/>\n<meta property=\"og:url\" content=\"https:\/\/pagina10.com\/web\/gobernacion-de-narino-avanzan-en-la-ejecucion-del-proyecto-que-llevara-agua-potable-a-los-ninos-y-ninas-de-zonas-rurales\/\" \/>\n<meta property=\"og:site_name\" content=\"P\u00e1gina10\" \/>\n<meta property=\"article:publisher\" content=\"https:\/\/www.facebook.com\/pag10com\" \/>\n<meta property=\"article:published_time\" content=\"2021-10-07T02:36:27+00:00\" \/>\n<meta property=\"og:image\" content=\"https:\/\/pagina10.com\/web\/wp-content\/uploads\/2021\/10\/Captura-de-Pantalla-2021-10-06-a-las-9.35.30-p.-m..png\" \/>\n\t<meta property=\"og:image:width\" content=\"447\" \/>\n\t<meta property=\"og:image:height\" content=\"232\" \/>\n\t<meta property=\"og:image:type\" content=\"image\/png\" \/>\n<meta name=\"author\" content=\"P\u00e1gina 10\" \/>\n<meta name=\"twitter:card\" content=\"summary_large_image\" \/>\n<meta name=\"twitter:creator\" content=\"@Pag10com\" \/>\n<meta name=\"twitter:site\" content=\"@Pag10com\" \/>\n<meta name=\"twitter:label1\" content=\"Escrito por\" \/>\n\t<meta name=\"twitter:data1\" content=\"P\u00e1gina 10\" \/>\n\t<meta name=\"twitter:label2\" content=\"Tiempo de lectura\" \/>\n\t<meta name=\"twitter:data2\" content=\"2 minutos\" \/>\n<script type=\"application\/ld+json\" class=\"yoast-schema-graph\">{\"@context\":\"https:\/\/schema.org\",\"@graph\":[{\"@type\":\"Article\",\"@id\":\"https:\/\/pagina10.com\/web\/gobernacion-de-narino-avanzan-en-la-ejecucion-del-proyecto-que-llevara-agua-potable-a-los-ninos-y-ninas-de-zonas-rurales\/#article\",\"isPartOf\":{\"@id\":\"https:\/\/pagina10.com\/web\/gobernacion-de-narino-avanzan-en-la-ejecucion-del-proyecto-que-llevara-agua-potable-a-los-ninos-y-ninas-de-zonas-rurales\/\"},\"author\":{\"name\":\"P\u00e1gina 10\",\"@id\":\"https:\/\/pagina10.com\/web\/#\/schema\/person\/2efc4a090d25b667d3bc796798a3a81b\"},\"headline\":\"Gobernaci\u00f3n de Nari\u00f1o avanzan en la ejecuci\u00f3n del proyecto que llevar\u00e1 agua potable, a los ni\u00f1os y ni\u00f1as de zonas rurales\",\"datePublished\":\"2021-10-07T02:36:27+00:00\",\"mainEntityOfPage\":{\"@id\":\"https:\/\/pagina10.com\/web\/gobernacion-de-narino-avanzan-en-la-ejecucion-del-proyecto-que-llevara-agua-potable-a-los-ninos-y-ninas-de-zonas-rurales\/\"},\"wordCount\":488,\"commentCount\":0,\"publisher\":{\"@id\":\"https:\/\/pagina10.com\/web\/#organization\"},\"image\":{\"@id\":\"https:\/\/pagina10.com\/web\/gobernacion-de-narino-avanzan-en-la-ejecucion-del-proyecto-que-llevara-agua-potable-a-los-ninos-y-ninas-de-zonas-rurales\/#primaryimage\"},\"thumbnailUrl\":\"https:\/\/pagina10.com\/web\/wp-content\/uploads\/2021\/10\/Captura-de-Pantalla-2021-10-06-a-las-9.35.30-p.-m..png\",\"articleSection\":[\"Regiones\"],\"inLanguage\":\"es\",\"potentialAction\":[{\"@type\":\"CommentAction\",\"name\":\"Comment\",\"target\":[\"https:\/\/pagina10.com\/web\/gobernacion-de-narino-avanzan-en-la-ejecucion-del-proyecto-que-llevara-agua-potable-a-los-ninos-y-ninas-de-zonas-rurales\/#respond\"]}]},{\"@type\":\"WebPage\",\"@id\":\"https:\/\/pagina10.com\/web\/gobernacion-de-narino-avanzan-en-la-ejecucion-del-proyecto-que-llevara-agua-potable-a-los-ninos-y-ninas-de-zonas-rurales\/\",\"url\":\"https:\/\/pagina10.com\/web\/gobernacion-de-narino-avanzan-en-la-ejecucion-del-proyecto-que-llevara-agua-potable-a-los-ninos-y-ninas-de-zonas-rurales\/\",\"name\":\"Gobernaci\u00f3n de Nari\u00f1o avanzan en la ejecuci\u00f3n del proyecto que llevar\u00e1 agua potable, a los ni\u00f1os y ni\u00f1as de zonas rurales | P\u00e1gina10\",\"isPartOf\":{\"@id\":\"https:\/\/pagina10.com\/web\/#website\"},\"primaryImageOfPage\":{\"@id\":\"https:\/\/pagina10.com\/web\/gobernacion-de-narino-avanzan-en-la-ejecucion-del-proyecto-que-llevara-agua-potable-a-los-ninos-y-ninas-de-zonas-rurales\/#primaryimage\"},\"image\":{\"@id\":\"https:\/\/pagina10.com\/web\/gobernacion-de-narino-avanzan-en-la-ejecucion-del-proyecto-que-llevara-agua-potable-a-los-ninos-y-ninas-de-zonas-rurales\/#primaryimage\"},\"thumbnailUrl\":\"https:\/\/pagina10.com\/web\/wp-content\/uploads\/2021\/10\/Captura-de-Pantalla-2021-10-06-a-las-9.35.30-p.-m..png\",\"datePublished\":\"2021-10-07T02:36:27+00:00\",\"breadcrumb\":{\"@id\":\"https:\/\/pagina10.com\/web\/gobernacion-de-narino-avanzan-en-la-ejecucion-del-proyecto-que-llevara-agua-potable-a-los-ninos-y-ninas-de-zonas-rurales\/#breadcrumb\"},\"inLanguage\":\"es\",\"potentialAction\":[{\"@type\":\"ReadAction\",\"target\":[\"https:\/\/pagina10.com\/web\/gobernacion-de-narino-avanzan-en-la-ejecucion-del-proyecto-que-llevara-agua-potable-a-los-ninos-y-ninas-de-zonas-rurales\/\"]}]},{\"@type\":\"ImageObject\",\"inLanguage\":\"es\",\"@id\":\"https:\/\/pagina10.com\/web\/gobernacion-de-narino-avanzan-en-la-ejecucion-del-proyecto-que-llevara-agua-potable-a-los-ninos-y-ninas-de-zonas-rurales\/#primaryimage\",\"url\":\"https:\/\/pagina10.com\/web\/wp-content\/uploads\/2021\/10\/Captura-de-Pantalla-2021-10-06-a-las-9.35.30-p.-m..png\",\"contentUrl\":\"https:\/\/pagina10.com\/web\/wp-content\/uploads\/2021\/10\/Captura-de-Pantalla-2021-10-06-a-las-9.35.30-p.-m..png\",\"width\":447,\"height\":232},{\"@type\":\"BreadcrumbList\",\"@id\":\"https:\/\/pagina10.com\/web\/gobernacion-de-narino-avanzan-en-la-ejecucion-del-proyecto-que-llevara-agua-potable-a-los-ninos-y-ninas-de-zonas-rurales\/#breadcrumb\",\"itemListElement\":[{\"@type\":\"ListItem\",\"position\":1,\"name\":\"Portada\",\"item\":\"https:\/\/pagina10.com\/web\/\"},{\"@type\":\"ListItem\",\"position\":2,\"name\":\"Gobernaci\u00f3n de Nari\u00f1o avanzan en la ejecuci\u00f3n del proyecto que llevar\u00e1 agua potable, a los ni\u00f1os y ni\u00f1as de zonas rurales\"}]},{\"@type\":\"WebSite\",\"@id\":\"https:\/\/pagina10.com\/web\/#website\",\"url\":\"https:\/\/pagina10.com\/web\/\",\"name\":\"P\u00e1gina10\",\"description\":\"Peri\u00f3dico Regional\",\"publisher\":{\"@id\":\"https:\/\/pagina10.com\/web\/#organization\"},\"alternateName\":\"P\u00e1gina10 Peri\u00f3dico Regional\",\"potentialAction\":[{\"@type\":\"SearchAction\",\"target\":{\"@type\":\"EntryPoint\",\"urlTemplate\":\"https:\/\/pagina10.com\/web\/?s={search_term_string}\"},\"query-input\":{\"@type\":\"PropertyValueSpecification\",\"valueRequired\":true,\"valueName\":\"search_term_string\"}}],\"inLanguage\":\"es\"},{\"@type\":\"Organization\",\"@id\":\"https:\/\/pagina10.com\/web\/#organization\",\"name\":\"P\u00e1gina10\",\"alternateName\":\"P\u00e1gina10 Peri\u00f3dico Regional\",\"url\":\"https:\/\/pagina10.com\/web\/\",\"logo\":{\"@type\":\"ImageObject\",\"inLanguage\":\"es\",\"@id\":\"https:\/\/pagina10.com\/web\/#\/schema\/logo\/image\/\",\"url\":\"https:\/\/pagina10.com\/web\/wp-content\/uploads\/2024\/01\/40-pagina-10-periodico-regional-pasto.jpg\",\"contentUrl\":\"https:\/\/pagina10.com\/web\/wp-content\/uploads\/2024\/01\/40-pagina-10-periodico-regional-pasto.jpg\",\"width\":1280,\"height\":720,\"caption\":\"P\u00e1gina10\"},\"image\":{\"@id\":\"https:\/\/pagina10.com\/web\/#\/schema\/logo\/image\/\"},\"sameAs\":[\"https:\/\/www.facebook.com\/pag10com\",\"https:\/\/x.com\/Pag10com\",\"https:\/\/www.instagram.com\/pagina10col\/\",\"https:\/\/youtube.com\/channel\/pag10\",\"https:\/\/www.tiktok.com\/@p10col\"]},{\"@type\":\"Person\",\"@id\":\"https:\/\/pagina10.com\/web\/#\/schema\/person\/2efc4a090d25b667d3bc796798a3a81b\",\"name\":\"P\u00e1gina 10\",\"description\":\"P\u00e1gina 10 es un peri\u00f3dico regional que nace en Colombia, en el departamento de Nari\u00f1o, con un enfoque global, fundamentado en cuatro pilares esenciales: la libertad, el pluralismo, la inclusi\u00f3n y la independencia. P\u00e1gina 10 hace referencia a Nari\u00f1o como el d\u00e9cimo departamento creado en Colombia, despu\u00e9s de un proceso pol\u00edtico liderado por actores y actrices regionales con el fin de obtener la independencia y autonom\u00eda de nuestros territorios. Con la creaci\u00f3n de P\u00e1gina 10 se pretende abrir un escenario para el dialogo, la reflexi\u00f3n y el debate que se extienda a otras geograf\u00edas de Am\u00e9rica Latina y del planeta, en una apuesta por transformar colectivamente los desaf\u00edos de un mundo contempor\u00e1neo, m\u00e1s all\u00e1 de las fronteras impuestas.\",\"url\":\"https:\/\/pagina10.com\/web\/author\/pdiezadmin\/\"}]}<\/script>\n<!-- \/ Yoast SEO plugin. -->","yoast_head_json":{"title":"Gobernaci\u00f3n de Nari\u00f1o avanzan en la ejecuci\u00f3n del proyecto que llevar\u00e1 agua potable, a los ni\u00f1os y ni\u00f1as de zonas rurales | P\u00e1gina10","robots":{"index":"index","follow":"follow","max-snippet":"max-snippet:-1","max-image-preview":"max-image-preview:large","max-video-preview":"max-video-preview:-1"},"canonical":"https:\/\/pagina10.com\/web\/gobernacion-de-narino-avanzan-en-la-ejecucion-del-proyecto-que-llevara-agua-potable-a-los-ninos-y-ninas-de-zonas-rurales\/","og_locale":"es_ES","og_type":"article","og_title":"Gobernaci\u00f3n de Nari\u00f1o avanzan en la ejecuci\u00f3n del proyecto que llevar\u00e1 agua potable, a los ni\u00f1os y ni\u00f1as de zonas rurales | P\u00e1gina10","og_description":"La Gobernaci\u00f3n de Nari\u00f1o, a trav\u00e9s de la Subsecretar\u00eda de Econom\u00eda Regional y Agua Potable -PDA Nari\u00f1o, hace entrega de filtros con tecnolog\u00edas no convencionales, 150 instituciones educativas y 460 hogares comunitarios rurales del Departamento, para garantizar el acceso seguro de agua a ni\u00f1os y ni\u00f1as de zona rural, materializ\u00e1ndose as\u00ed la mayor inversi\u00f3n de [&hellip;]","og_url":"https:\/\/pagina10.com\/web\/gobernacion-de-narino-avanzan-en-la-ejecucion-del-proyecto-que-llevara-agua-potable-a-los-ninos-y-ninas-de-zonas-rurales\/","og_site_name":"P\u00e1gina10","article_publisher":"https:\/\/www.facebook.com\/pag10com","article_published_time":"2021-10-07T02:36:27+00:00","og_image":[{"width":447,"height":232,"url":"https:\/\/pagina10.com\/web\/wp-content\/uploads\/2021\/10\/Captura-de-Pantalla-2021-10-06-a-las-9.35.30-p.-m..png","type":"image\/png"}],"author":"P\u00e1gina 10","twitter_card":"summary_large_image","twitter_creator":"@Pag10com","twitter_site":"@Pag10com","twitter_misc":{"Escrito por":"P\u00e1gina 10","Tiempo de lectura":"2 minutos"},"schema":{"@context":"https:\/\/schema.org","@graph":[{"@type":"Article","@id":"https:\/\/pagina10.com\/web\/gobernacion-de-narino-avanzan-en-la-ejecucion-del-proyecto-que-llevara-agua-potable-a-los-ninos-y-ninas-de-zonas-rurales\/#article","isPartOf":{"@id":"https:\/\/pagina10.com\/web\/gobernacion-de-narino-avanzan-en-la-ejecucion-del-proyecto-que-llevara-agua-potable-a-los-ninos-y-ninas-de-zonas-rurales\/"},"author":{"name":"P\u00e1gina 10","@id":"https:\/\/pagina10.com\/web\/#\/schema\/person\/2efc4a090d25b667d3bc796798a3a81b"},"headline":"Gobernaci\u00f3n de Nari\u00f1o avanzan en la ejecuci\u00f3n del proyecto que llevar\u00e1 agua potable, a los ni\u00f1os y ni\u00f1as de zonas rurales","datePublished":"2021-10-07T02:36:27+00:00","mainEntityOfPage":{"@id":"https:\/\/pagina10.com\/web\/gobernacion-de-narino-avanzan-en-la-ejecucion-del-proyecto-que-llevara-agua-potable-a-los-ninos-y-ninas-de-zonas-rurales\/"},"wordCount":488,"commentCount":0,"publisher":{"@id":"https:\/\/pagina10.com\/web\/#organization"},"image":{"@id":"https:\/\/pagina10.com\/web\/gobernacion-de-narino-avanzan-en-la-ejecucion-del-proyecto-que-llevara-agua-potable-a-los-ninos-y-ninas-de-zonas-rurales\/#primaryimage"},"thumbnailUrl":"https:\/\/pagina10.com\/web\/wp-content\/uploads\/2021\/10\/Captura-de-Pantalla-2021-10-06-a-las-9.35.30-p.-m..png","articleSection":["Regiones"],"inLanguage":"es","potentialAction":[{"@type":"CommentAction","name":"Comment","target":["https:\/\/pagina10.com\/web\/gobernacion-de-narino-avanzan-en-la-ejecucion-del-proyecto-que-llevara-agua-potable-a-los-ninos-y-ninas-de-zonas-rurales\/#respond"]}]},{"@type":"WebPage","@id":"https:\/\/pagina10.com\/web\/gobernacion-de-narino-avanzan-en-la-ejecucion-del-proyecto-que-llevara-agua-potable-a-los-ninos-y-ninas-de-zonas-rurales\/","url":"https:\/\/pagina10.com\/web\/gobernacion-de-narino-avanzan-en-la-ejecucion-del-proyecto-que-llevara-agua-potable-a-los-ninos-y-ninas-de-zonas-rurales\/","name":"Gobernaci\u00f3n de Nari\u00f1o avanzan en la ejecuci\u00f3n del proyecto que llevar\u00e1 agua potable, a los ni\u00f1os y ni\u00f1as de zonas rurales | P\u00e1gina10","isPartOf":{"@id":"https:\/\/pagina10.com\/web\/#website"},"primaryImageOfPage":{"@id":"https:\/\/pagina10.com\/web\/gobernacion-de-narino-avanzan-en-la-ejecucion-del-proyecto-que-llevara-agua-potable-a-los-ninos-y-ninas-de-zonas-rurales\/#primaryimage"},"image":{"@id":"https:\/\/pagina10.com\/web\/gobernacion-de-narino-avanzan-en-la-ejecucion-del-proyecto-que-llevara-agua-potable-a-los-ninos-y-ninas-de-zonas-rurales\/#primaryimage"},"thumbnailUrl":"https:\/\/pagina10.com\/web\/wp-content\/uploads\/2021\/10\/Captura-de-Pantalla-2021-10-06-a-las-9.35.30-p.-m..png","datePublished":"2021-10-07T02:36:27+00:00","breadcrumb":{"@id":"https:\/\/pagina10.com\/web\/gobernacion-de-narino-avanzan-en-la-ejecucion-del-proyecto-que-llevara-agua-potable-a-los-ninos-y-ninas-de-zonas-rurales\/#breadcrumb"},"inLanguage":"es","potentialAction":[{"@type":"ReadAction","target":["https:\/\/pagina10.com\/web\/gobernacion-de-narino-avanzan-en-la-ejecucion-del-proyecto-que-llevara-agua-potable-a-los-ninos-y-ninas-de-zonas-rurales\/"]}]},{"@type":"ImageObject","inLanguage":"es","@id":"https:\/\/pagina10.com\/web\/gobernacion-de-narino-avanzan-en-la-ejecucion-del-proyecto-que-llevara-agua-potable-a-los-ninos-y-ninas-de-zonas-rurales\/#primaryimage","url":"https:\/\/pagina10.com\/web\/wp-content\/uploads\/2021\/10\/Captura-de-Pantalla-2021-10-06-a-las-9.35.30-p.-m..png","contentUrl":"https:\/\/pagina10.com\/web\/wp-content\/uploads\/2021\/10\/Captura-de-Pantalla-2021-10-06-a-las-9.35.30-p.-m..png","width":447,"height":232},{"@type":"BreadcrumbList","@id":"https:\/\/pagina10.com\/web\/gobernacion-de-narino-avanzan-en-la-ejecucion-del-proyecto-que-llevara-agua-potable-a-los-ninos-y-ninas-de-zonas-rurales\/#breadcrumb","itemListElement":[{"@type":"ListItem","position":1,"name":"Portada","item":"https:\/\/pagina10.com\/web\/"},{"@type":"ListItem","position":2,"name":"Gobernaci\u00f3n de Nari\u00f1o avanzan en la ejecuci\u00f3n del proyecto que llevar\u00e1 agua potable, a los ni\u00f1os y ni\u00f1as de zonas rurales"}]},{"@type":"WebSite","@id":"https:\/\/pagina10.com\/web\/#website","url":"https:\/\/pagina10.com\/web\/","name":"P\u00e1gina10","description":"Peri\u00f3dico Regional","publisher":{"@id":"https:\/\/pagina10.com\/web\/#organization"},"alternateName":"P\u00e1gina10 Peri\u00f3dico Regional","potentialAction":[{"@type":"SearchAction","target":{"@type":"EntryPoint","urlTemplate":"https:\/\/pagina10.com\/web\/?s={search_term_string}"},"query-input":{"@type":"PropertyValueSpecification","valueRequired":true,"valueName":"search_term_string"}}],"inLanguage":"es"},{"@type":"Organization","@id":"https:\/\/pagina10.com\/web\/#organization","name":"P\u00e1gina10","alternateName":"P\u00e1gina10 Peri\u00f3dico Regional","url":"https:\/\/pagina10.com\/web\/","logo":{"@type":"ImageObject","inLanguage":"es","@id":"https:\/\/pagina10.com\/web\/#\/schema\/logo\/image\/","url":"https:\/\/pagina10.com\/web\/wp-content\/uploads\/2024\/01\/40-pagina-10-periodico-regional-pasto.jpg","contentUrl":"https:\/\/pagina10.com\/web\/wp-content\/uploads\/2024\/01\/40-pagina-10-periodico-regional-pasto.jpg","width":1280,"height":720,"caption":"P\u00e1gina10"},"image":{"@id":"https:\/\/pagina10.com\/web\/#\/schema\/logo\/image\/"},"sameAs":["https:\/\/www.facebook.com\/pag10com","https:\/\/x.com\/Pag10com","https:\/\/www.instagram.com\/pagina10col\/","https:\/\/youtube.com\/channel\/pag10","https:\/\/www.tiktok.com\/@p10col"]},{"@type":"Person","@id":"https:\/\/pagina10.com\/web\/#\/schema\/person\/2efc4a090d25b667d3bc796798a3a81b","name":"P\u00e1gina 10","description":"P\u00e1gina 10 es un peri\u00f3dico regional que nace en Colombia, en el departamento de Nari\u00f1o, con un enfoque global, fundamentado en cuatro pilares esenciales: la libertad, el pluralismo, la inclusi\u00f3n y la independencia. P\u00e1gina 10 hace referencia a Nari\u00f1o como el d\u00e9cimo departamento creado en Colombia, despu\u00e9s de un proceso pol\u00edtico liderado por actores y actrices regionales con el fin de obtener la independencia y autonom\u00eda de nuestros territorios. Con la creaci\u00f3n de P\u00e1gina 10 se pretende abrir un escenario para el dialogo, la reflexi\u00f3n y el debate que se extienda a otras geograf\u00edas de Am\u00e9rica Latina y del planeta, en una apuesta por transformar colectivamente los desaf\u00edos de un mundo contempor\u00e1neo, m\u00e1s all\u00e1 de las fronteras impuestas.","url":"https:\/\/pagina10.com\/web\/author\/pdiezadmin\/"}]}},"_links":{"self":[{"href":"https:\/\/pagina10.com\/web\/wp-json\/wp\/v2\/posts\/56037","targetHints":{"allow":["GET"]}}],"collection":[{"href":"https:\/\/pagina10.com\/web\/wp-json\/wp\/v2\/posts"}],"about":[{"href":"https:\/\/pagina10.com\/web\/wp-json\/wp\/v2\/types\/post"}],"author":[{"embeddable":true,"href":"https:\/\/pagina10.com\/web\/wp-json\/wp\/v2\/users\/1"}],"replies":[{"embeddable":true,"href":"https:\/\/pagina10.com\/web\/wp-json\/wp\/v2\/comments?post=56037"}],"version-history":[{"count":1,"href":"https:\/\/pagina10.com\/web\/wp-json\/wp\/v2\/posts\/56037\/revisions"}],"predecessor-version":[{"id":56039,"href":"https:\/\/pagina10.com\/web\/wp-json\/wp\/v2\/posts\/56037\/revisions\/56039"}],"wp:featuredmedia":[{"embeddable":true,"href":"https:\/\/pagina10.com\/web\/wp-json\/wp\/v2\/media\/56038"}],"wp:attachment":[{"href":"https:\/\/pagina10.com\/web\/wp-json\/wp\/v2\/media?parent=56037"}],"wp:term":[{"taxonomy":"category","embeddable":true,"href":"https:\/\/pagina10.com\/web\/wp-json\/wp\/v2\/categories?post=56037"},{"taxonomy":"post_tag","embeddable":true,"href":"https:\/\/pagina10.com\/web\/wp-json\/wp\/v2\/tags?post=56037"}],"curies":[{"name":"wp","href":"https:\/\/api.w.org\/{rel}","templated":true}]}}