{"id":56045,"date":"2021-10-07T16:30:14","date_gmt":"2021-10-07T21:30:14","guid":{"rendered":"https:\/\/pagina10.com\/web\/?p=56045"},"modified":"2021-10-07T16:33:22","modified_gmt":"2021-10-07T21:33:22","slug":"lideresa-ambiental-de-narino-angela-carolina-galeano-es-el-personaje-10","status":"publish","type":"post","link":"https:\/\/pagina10.com\/web\/lideresa-ambiental-de-narino-angela-carolina-galeano-es-el-personaje-10\/","title":{"rendered":"Lideresa ambiental de Nari\u00f1o, \u00c1ngela Carolina Galeano, es El Personaje 10."},"content":{"rendered":"<p style=\"text-align: justify;\">\u00a0Ingeniera Ambiental de la Universidad Mariana desde el a\u00f1o 2019, Directora general de la organizaci\u00f3n IntiAllpa, Educaci\u00f3n, Ambiente y Territorio, miembro de la Mesa Nacional de Energ\u00eda, voluntaria de la Red Colombiana de J\u00f3venes por la Biodiversidad GYBN Colombia, miembro de la Red Nacional J\u00f3venes de Ambiente Nodo Pasto, voluntaria de Rotaract Pasto, coordinadora Departamental de Herederos del Planeta y consejera comunal de cultura y ambiente de la comuna 8 del Municipio de Pasto.<\/p>\n<p style=\"text-align: justify;\">Su carrera profesional se ha desempe\u00f1ado en diversos campos desde la conservaci\u00f3n y preservaci\u00f3n de los diferentes recursos naturales de Nari\u00f1o hasta la recuperaci\u00f3n y el reconocimiento del territorio a trav\u00e9s de los saberes de la comunidad. Ha sido reconocida por su liderazgo social y ambiental a nivel no solo municipal si no tambi\u00e9n Departamental y Nacional. Fue coordinadora General e institucional Departamental de la RNJA Nari\u00f1o logrando destacar a la organizaci\u00f3n en diferentes \u00e1mbitos del Pa\u00eds, generando un reconocimiento de la misma ante diferentes instituciones y organizaciones. De igual manera, hizo parte del comit\u00e9 interinstitucional de Educaci\u00f3n Ambiental Departamental de Nari\u00f1o CIDEA NARI\u00d1O, siendo participe del plan decenal departamental de educaci\u00f3n ambiental.<\/p>\n<p style=\"text-align: justify;\">Ha proporcionado iniciativas y procesos vinculados con la corporaci\u00f3n Aut\u00f3noma Regional de Nari\u00f1o, Alcald\u00edas Municipales, secretar\u00eda de ambiente y desarrollo, juntas de acci\u00f3n comunal, colectivos ambientales, empresas prestadoras de servicio, programa de las Naciones Unidas para el Desarrollo (PNUD) entre otros entes, en donde su prop\u00f3sito ha sido el trabajo articulado para una mayor incidencia en los territorios a trav\u00e9s de alianzas, acuerdos y pactos por el medio ambiente.<\/p>\n<p style=\"text-align: justify;\">Actualmente, continua su formaci\u00f3n acad\u00e9mica y trabajo comunitario a trav\u00e9s del liderazgo de procesos de educaci\u00f3n y gesti\u00f3n ambiental, impartiendo espacios de acci\u00f3n y dialogo en las diferentes localidades del departamento de Nari\u00f1o, en donde su humildad, compromiso, empat\u00eda y liderazgo le ha permitido trabajar y desempe\u00f1arse significativamente en Nari\u00f1o.<\/p>\n","protected":false},"excerpt":{"rendered":"<p>\u00a0Ingeniera Ambiental de la Universidad Mariana desde el a\u00f1o 2019, Directora general de la organizaci\u00f3n IntiAllpa, Educaci\u00f3n, Ambiente y Territorio, miembro de la Mesa Nacional de Energ\u00eda, voluntaria de la Red Colombiana de J\u00f3venes por la Biodiversidad GYBN Colombia, miembro de la Red Nacional J\u00f3venes de Ambiente Nodo Pasto, voluntaria de Rotaract Pasto, coordinadora Departamental [&hellip;]<\/p>\n","protected":false},"author":1,"featured_media":56047,"comment_status":"open","ping_status":"open","sticky":false,"template":"","format":"standard","meta":{"footnotes":""},"categories":[53,1528],"tags":[],"class_list":["post-56045","post","type-post","status-publish","format-standard","has-post-thumbnail","hentry","category-regiones","category-titulares"],"yoast_head":"<!-- This site is optimized with the Yoast SEO plugin v27.1.1 - https:\/\/yoast.com\/product\/yoast-seo-wordpress\/ -->\n<title>Lideresa ambiental de Nari\u00f1o, \u00c1ngela Carolina Galeano, es El Personaje 10. | P\u00e1gina10<\/title>\n<meta name=\"robots\" content=\"index, follow, max-snippet:-1, max-image-preview:large, max-video-preview:-1\" \/>\n<link rel=\"canonical\" href=\"https:\/\/pagina10.com\/web\/lideresa-ambiental-de-narino-angela-carolina-galeano-es-el-personaje-10\/\" \/>\n<meta property=\"og:locale\" content=\"es_ES\" \/>\n<meta property=\"og:type\" content=\"article\" \/>\n<meta property=\"og:title\" content=\"Lideresa ambiental de Nari\u00f1o, \u00c1ngela Carolina Galeano, es El Personaje 10. | P\u00e1gina10\" \/>\n<meta property=\"og:description\" content=\"\u00a0Ingeniera Ambiental de la Universidad Mariana desde el a\u00f1o 2019, Directora general de la organizaci\u00f3n IntiAllpa, Educaci\u00f3n, Ambiente y Territorio, miembro de la Mesa Nacional de Energ\u00eda, voluntaria de la Red Colombiana de J\u00f3venes por la Biodiversidad GYBN Colombia, miembro de la Red Nacional J\u00f3venes de Ambiente Nodo Pasto, voluntaria de Rotaract Pasto, coordinadora Departamental [&hellip;]\" \/>\n<meta property=\"og:url\" content=\"https:\/\/pagina10.com\/web\/lideresa-ambiental-de-narino-angela-carolina-galeano-es-el-personaje-10\/\" \/>\n<meta property=\"og:site_name\" content=\"P\u00e1gina10\" \/>\n<meta property=\"article:publisher\" content=\"https:\/\/www.facebook.com\/pag10com\" \/>\n<meta property=\"article:published_time\" content=\"2021-10-07T21:30:14+00:00\" \/>\n<meta property=\"article:modified_time\" content=\"2021-10-07T21:33:22+00:00\" \/>\n<meta property=\"og:image\" content=\"https:\/\/pagina10.com\/web\/wp-content\/uploads\/2021\/10\/Captura-de-Pantalla-2021-10-07-a-las-4.27.38-p.-m..png\" \/>\n\t<meta property=\"og:image:width\" content=\"522\" \/>\n\t<meta property=\"og:image:height\" content=\"429\" \/>\n\t<meta property=\"og:image:type\" content=\"image\/png\" \/>\n<meta name=\"author\" content=\"P\u00e1gina 10\" \/>\n<meta name=\"twitter:card\" content=\"summary_large_image\" \/>\n<meta name=\"twitter:creator\" content=\"@Pag10com\" \/>\n<meta name=\"twitter:site\" content=\"@Pag10com\" \/>\n<meta name=\"twitter:label1\" content=\"Escrito por\" \/>\n\t<meta name=\"twitter:data1\" content=\"P\u00e1gina 10\" \/>\n\t<meta name=\"twitter:label2\" content=\"Tiempo de lectura\" \/>\n\t<meta name=\"twitter:data2\" content=\"2 minutos\" \/>\n<script type=\"application\/ld+json\" class=\"yoast-schema-graph\">{\"@context\":\"https:\/\/schema.org\",\"@graph\":[{\"@type\":\"Article\",\"@id\":\"https:\/\/pagina10.com\/web\/lideresa-ambiental-de-narino-angela-carolina-galeano-es-el-personaje-10\/#article\",\"isPartOf\":{\"@id\":\"https:\/\/pagina10.com\/web\/lideresa-ambiental-de-narino-angela-carolina-galeano-es-el-personaje-10\/\"},\"author\":{\"name\":\"P\u00e1gina 10\",\"@id\":\"https:\/\/pagina10.com\/web\/#\/schema\/person\/2efc4a090d25b667d3bc796798a3a81b\"},\"headline\":\"Lideresa ambiental de Nari\u00f1o, \u00c1ngela Carolina Galeano, es El Personaje 10.\",\"datePublished\":\"2021-10-07T21:30:14+00:00\",\"dateModified\":\"2021-10-07T21:33:22+00:00\",\"mainEntityOfPage\":{\"@id\":\"https:\/\/pagina10.com\/web\/lideresa-ambiental-de-narino-angela-carolina-galeano-es-el-personaje-10\/\"},\"wordCount\":353,\"commentCount\":0,\"publisher\":{\"@id\":\"https:\/\/pagina10.com\/web\/#organization\"},\"image\":{\"@id\":\"https:\/\/pagina10.com\/web\/lideresa-ambiental-de-narino-angela-carolina-galeano-es-el-personaje-10\/#primaryimage\"},\"thumbnailUrl\":\"https:\/\/pagina10.com\/web\/wp-content\/uploads\/2021\/10\/Captura-de-Pantalla-2021-10-07-a-las-4.27.38-p.-m..png\",\"articleSection\":[\"Regiones\",\"Titulares\"],\"inLanguage\":\"es\",\"potentialAction\":[{\"@type\":\"CommentAction\",\"name\":\"Comment\",\"target\":[\"https:\/\/pagina10.com\/web\/lideresa-ambiental-de-narino-angela-carolina-galeano-es-el-personaje-10\/#respond\"]}]},{\"@type\":\"WebPage\",\"@id\":\"https:\/\/pagina10.com\/web\/lideresa-ambiental-de-narino-angela-carolina-galeano-es-el-personaje-10\/\",\"url\":\"https:\/\/pagina10.com\/web\/lideresa-ambiental-de-narino-angela-carolina-galeano-es-el-personaje-10\/\",\"name\":\"Lideresa ambiental de Nari\u00f1o, \u00c1ngela Carolina Galeano, es El Personaje 10. | P\u00e1gina10\",\"isPartOf\":{\"@id\":\"https:\/\/pagina10.com\/web\/#website\"},\"primaryImageOfPage\":{\"@id\":\"https:\/\/pagina10.com\/web\/lideresa-ambiental-de-narino-angela-carolina-galeano-es-el-personaje-10\/#primaryimage\"},\"image\":{\"@id\":\"https:\/\/pagina10.com\/web\/lideresa-ambiental-de-narino-angela-carolina-galeano-es-el-personaje-10\/#primaryimage\"},\"thumbnailUrl\":\"https:\/\/pagina10.com\/web\/wp-content\/uploads\/2021\/10\/Captura-de-Pantalla-2021-10-07-a-las-4.27.38-p.-m..png\",\"datePublished\":\"2021-10-07T21:30:14+00:00\",\"dateModified\":\"2021-10-07T21:33:22+00:00\",\"breadcrumb\":{\"@id\":\"https:\/\/pagina10.com\/web\/lideresa-ambiental-de-narino-angela-carolina-galeano-es-el-personaje-10\/#breadcrumb\"},\"inLanguage\":\"es\",\"potentialAction\":[{\"@type\":\"ReadAction\",\"target\":[\"https:\/\/pagina10.com\/web\/lideresa-ambiental-de-narino-angela-carolina-galeano-es-el-personaje-10\/\"]}]},{\"@type\":\"ImageObject\",\"inLanguage\":\"es\",\"@id\":\"https:\/\/pagina10.com\/web\/lideresa-ambiental-de-narino-angela-carolina-galeano-es-el-personaje-10\/#primaryimage\",\"url\":\"https:\/\/pagina10.com\/web\/wp-content\/uploads\/2021\/10\/Captura-de-Pantalla-2021-10-07-a-las-4.27.38-p.-m..png\",\"contentUrl\":\"https:\/\/pagina10.com\/web\/wp-content\/uploads\/2021\/10\/Captura-de-Pantalla-2021-10-07-a-las-4.27.38-p.-m..png\",\"width\":522,\"height\":429},{\"@type\":\"BreadcrumbList\",\"@id\":\"https:\/\/pagina10.com\/web\/lideresa-ambiental-de-narino-angela-carolina-galeano-es-el-personaje-10\/#breadcrumb\",\"itemListElement\":[{\"@type\":\"ListItem\",\"position\":1,\"name\":\"Portada\",\"item\":\"https:\/\/pagina10.com\/web\/\"},{\"@type\":\"ListItem\",\"position\":2,\"name\":\"Lideresa ambiental de Nari\u00f1o, \u00c1ngela Carolina Galeano, es El Personaje 10.\"}]},{\"@type\":\"WebSite\",\"@id\":\"https:\/\/pagina10.com\/web\/#website\",\"url\":\"https:\/\/pagina10.com\/web\/\",\"name\":\"P\u00e1gina10\",\"description\":\"Peri\u00f3dico Regional\",\"publisher\":{\"@id\":\"https:\/\/pagina10.com\/web\/#organization\"},\"alternateName\":\"P\u00e1gina10 Peri\u00f3dico Regional\",\"potentialAction\":[{\"@type\":\"SearchAction\",\"target\":{\"@type\":\"EntryPoint\",\"urlTemplate\":\"https:\/\/pagina10.com\/web\/?s={search_term_string}\"},\"query-input\":{\"@type\":\"PropertyValueSpecification\",\"valueRequired\":true,\"valueName\":\"search_term_string\"}}],\"inLanguage\":\"es\"},{\"@type\":\"Organization\",\"@id\":\"https:\/\/pagina10.com\/web\/#organization\",\"name\":\"P\u00e1gina10\",\"alternateName\":\"P\u00e1gina10 Peri\u00f3dico Regional\",\"url\":\"https:\/\/pagina10.com\/web\/\",\"logo\":{\"@type\":\"ImageObject\",\"inLanguage\":\"es\",\"@id\":\"https:\/\/pagina10.com\/web\/#\/schema\/logo\/image\/\",\"url\":\"https:\/\/pagina10.com\/web\/wp-content\/uploads\/2024\/01\/40-pagina-10-periodico-regional-pasto.jpg\",\"contentUrl\":\"https:\/\/pagina10.com\/web\/wp-content\/uploads\/2024\/01\/40-pagina-10-periodico-regional-pasto.jpg\",\"width\":1280,\"height\":720,\"caption\":\"P\u00e1gina10\"},\"image\":{\"@id\":\"https:\/\/pagina10.com\/web\/#\/schema\/logo\/image\/\"},\"sameAs\":[\"https:\/\/www.facebook.com\/pag10com\",\"https:\/\/x.com\/Pag10com\",\"https:\/\/www.instagram.com\/pagina10col\/\",\"https:\/\/youtube.com\/channel\/pag10\",\"https:\/\/www.tiktok.com\/@p10col\"]},{\"@type\":\"Person\",\"@id\":\"https:\/\/pagina10.com\/web\/#\/schema\/person\/2efc4a090d25b667d3bc796798a3a81b\",\"name\":\"P\u00e1gina 10\",\"description\":\"P\u00e1gina 10 es un peri\u00f3dico regional que nace en Colombia, en el departamento de Nari\u00f1o, con un enfoque global, fundamentado en cuatro pilares esenciales: la libertad, el pluralismo, la inclusi\u00f3n y la independencia. P\u00e1gina 10 hace referencia a Nari\u00f1o como el d\u00e9cimo departamento creado en Colombia, despu\u00e9s de un proceso pol\u00edtico liderado por actores y actrices regionales con el fin de obtener la independencia y autonom\u00eda de nuestros territorios. Con la creaci\u00f3n de P\u00e1gina 10 se pretende abrir un escenario para el dialogo, la reflexi\u00f3n y el debate que se extienda a otras geograf\u00edas de Am\u00e9rica Latina y del planeta, en una apuesta por transformar colectivamente los desaf\u00edos de un mundo contempor\u00e1neo, m\u00e1s all\u00e1 de las fronteras impuestas.\",\"url\":\"https:\/\/pagina10.com\/web\/author\/pdiezadmin\/\"}]}<\/script>\n<!-- \/ Yoast SEO plugin. -->","yoast_head_json":{"title":"Lideresa ambiental de Nari\u00f1o, \u00c1ngela Carolina Galeano, es El Personaje 10. | P\u00e1gina10","robots":{"index":"index","follow":"follow","max-snippet":"max-snippet:-1","max-image-preview":"max-image-preview:large","max-video-preview":"max-video-preview:-1"},"canonical":"https:\/\/pagina10.com\/web\/lideresa-ambiental-de-narino-angela-carolina-galeano-es-el-personaje-10\/","og_locale":"es_ES","og_type":"article","og_title":"Lideresa ambiental de Nari\u00f1o, \u00c1ngela Carolina Galeano, es El Personaje 10. | P\u00e1gina10","og_description":"\u00a0Ingeniera Ambiental de la Universidad Mariana desde el a\u00f1o 2019, Directora general de la organizaci\u00f3n IntiAllpa, Educaci\u00f3n, Ambiente y Territorio, miembro de la Mesa Nacional de Energ\u00eda, voluntaria de la Red Colombiana de J\u00f3venes por la Biodiversidad GYBN Colombia, miembro de la Red Nacional J\u00f3venes de Ambiente Nodo Pasto, voluntaria de Rotaract Pasto, coordinadora Departamental [&hellip;]","og_url":"https:\/\/pagina10.com\/web\/lideresa-ambiental-de-narino-angela-carolina-galeano-es-el-personaje-10\/","og_site_name":"P\u00e1gina10","article_publisher":"https:\/\/www.facebook.com\/pag10com","article_published_time":"2021-10-07T21:30:14+00:00","article_modified_time":"2021-10-07T21:33:22+00:00","og_image":[{"width":522,"height":429,"url":"https:\/\/pagina10.com\/web\/wp-content\/uploads\/2021\/10\/Captura-de-Pantalla-2021-10-07-a-las-4.27.38-p.-m..png","type":"image\/png"}],"author":"P\u00e1gina 10","twitter_card":"summary_large_image","twitter_creator":"@Pag10com","twitter_site":"@Pag10com","twitter_misc":{"Escrito por":"P\u00e1gina 10","Tiempo de lectura":"2 minutos"},"schema":{"@context":"https:\/\/schema.org","@graph":[{"@type":"Article","@id":"https:\/\/pagina10.com\/web\/lideresa-ambiental-de-narino-angela-carolina-galeano-es-el-personaje-10\/#article","isPartOf":{"@id":"https:\/\/pagina10.com\/web\/lideresa-ambiental-de-narino-angela-carolina-galeano-es-el-personaje-10\/"},"author":{"name":"P\u00e1gina 10","@id":"https:\/\/pagina10.com\/web\/#\/schema\/person\/2efc4a090d25b667d3bc796798a3a81b"},"headline":"Lideresa ambiental de Nari\u00f1o, \u00c1ngela Carolina Galeano, es El Personaje 10.","datePublished":"2021-10-07T21:30:14+00:00","dateModified":"2021-10-07T21:33:22+00:00","mainEntityOfPage":{"@id":"https:\/\/pagina10.com\/web\/lideresa-ambiental-de-narino-angela-carolina-galeano-es-el-personaje-10\/"},"wordCount":353,"commentCount":0,"publisher":{"@id":"https:\/\/pagina10.com\/web\/#organization"},"image":{"@id":"https:\/\/pagina10.com\/web\/lideresa-ambiental-de-narino-angela-carolina-galeano-es-el-personaje-10\/#primaryimage"},"thumbnailUrl":"https:\/\/pagina10.com\/web\/wp-content\/uploads\/2021\/10\/Captura-de-Pantalla-2021-10-07-a-las-4.27.38-p.-m..png","articleSection":["Regiones","Titulares"],"inLanguage":"es","potentialAction":[{"@type":"CommentAction","name":"Comment","target":["https:\/\/pagina10.com\/web\/lideresa-ambiental-de-narino-angela-carolina-galeano-es-el-personaje-10\/#respond"]}]},{"@type":"WebPage","@id":"https:\/\/pagina10.com\/web\/lideresa-ambiental-de-narino-angela-carolina-galeano-es-el-personaje-10\/","url":"https:\/\/pagina10.com\/web\/lideresa-ambiental-de-narino-angela-carolina-galeano-es-el-personaje-10\/","name":"Lideresa ambiental de Nari\u00f1o, \u00c1ngela Carolina Galeano, es El Personaje 10. | P\u00e1gina10","isPartOf":{"@id":"https:\/\/pagina10.com\/web\/#website"},"primaryImageOfPage":{"@id":"https:\/\/pagina10.com\/web\/lideresa-ambiental-de-narino-angela-carolina-galeano-es-el-personaje-10\/#primaryimage"},"image":{"@id":"https:\/\/pagina10.com\/web\/lideresa-ambiental-de-narino-angela-carolina-galeano-es-el-personaje-10\/#primaryimage"},"thumbnailUrl":"https:\/\/pagina10.com\/web\/wp-content\/uploads\/2021\/10\/Captura-de-Pantalla-2021-10-07-a-las-4.27.38-p.-m..png","datePublished":"2021-10-07T21:30:14+00:00","dateModified":"2021-10-07T21:33:22+00:00","breadcrumb":{"@id":"https:\/\/pagina10.com\/web\/lideresa-ambiental-de-narino-angela-carolina-galeano-es-el-personaje-10\/#breadcrumb"},"inLanguage":"es","potentialAction":[{"@type":"ReadAction","target":["https:\/\/pagina10.com\/web\/lideresa-ambiental-de-narino-angela-carolina-galeano-es-el-personaje-10\/"]}]},{"@type":"ImageObject","inLanguage":"es","@id":"https:\/\/pagina10.com\/web\/lideresa-ambiental-de-narino-angela-carolina-galeano-es-el-personaje-10\/#primaryimage","url":"https:\/\/pagina10.com\/web\/wp-content\/uploads\/2021\/10\/Captura-de-Pantalla-2021-10-07-a-las-4.27.38-p.-m..png","contentUrl":"https:\/\/pagina10.com\/web\/wp-content\/uploads\/2021\/10\/Captura-de-Pantalla-2021-10-07-a-las-4.27.38-p.-m..png","width":522,"height":429},{"@type":"BreadcrumbList","@id":"https:\/\/pagina10.com\/web\/lideresa-ambiental-de-narino-angela-carolina-galeano-es-el-personaje-10\/#breadcrumb","itemListElement":[{"@type":"ListItem","position":1,"name":"Portada","item":"https:\/\/pagina10.com\/web\/"},{"@type":"ListItem","position":2,"name":"Lideresa ambiental de Nari\u00f1o, \u00c1ngela Carolina Galeano, es El Personaje 10."}]},{"@type":"WebSite","@id":"https:\/\/pagina10.com\/web\/#website","url":"https:\/\/pagina10.com\/web\/","name":"P\u00e1gina10","description":"Peri\u00f3dico Regional","publisher":{"@id":"https:\/\/pagina10.com\/web\/#organization"},"alternateName":"P\u00e1gina10 Peri\u00f3dico Regional","potentialAction":[{"@type":"SearchAction","target":{"@type":"EntryPoint","urlTemplate":"https:\/\/pagina10.com\/web\/?s={search_term_string}"},"query-input":{"@type":"PropertyValueSpecification","valueRequired":true,"valueName":"search_term_string"}}],"inLanguage":"es"},{"@type":"Organization","@id":"https:\/\/pagina10.com\/web\/#organization","name":"P\u00e1gina10","alternateName":"P\u00e1gina10 Peri\u00f3dico Regional","url":"https:\/\/pagina10.com\/web\/","logo":{"@type":"ImageObject","inLanguage":"es","@id":"https:\/\/pagina10.com\/web\/#\/schema\/logo\/image\/","url":"https:\/\/pagina10.com\/web\/wp-content\/uploads\/2024\/01\/40-pagina-10-periodico-regional-pasto.jpg","contentUrl":"https:\/\/pagina10.com\/web\/wp-content\/uploads\/2024\/01\/40-pagina-10-periodico-regional-pasto.jpg","width":1280,"height":720,"caption":"P\u00e1gina10"},"image":{"@id":"https:\/\/pagina10.com\/web\/#\/schema\/logo\/image\/"},"sameAs":["https:\/\/www.facebook.com\/pag10com","https:\/\/x.com\/Pag10com","https:\/\/www.instagram.com\/pagina10col\/","https:\/\/youtube.com\/channel\/pag10","https:\/\/www.tiktok.com\/@p10col"]},{"@type":"Person","@id":"https:\/\/pagina10.com\/web\/#\/schema\/person\/2efc4a090d25b667d3bc796798a3a81b","name":"P\u00e1gina 10","description":"P\u00e1gina 10 es un peri\u00f3dico regional que nace en Colombia, en el departamento de Nari\u00f1o, con un enfoque global, fundamentado en cuatro pilares esenciales: la libertad, el pluralismo, la inclusi\u00f3n y la independencia. P\u00e1gina 10 hace referencia a Nari\u00f1o como el d\u00e9cimo departamento creado en Colombia, despu\u00e9s de un proceso pol\u00edtico liderado por actores y actrices regionales con el fin de obtener la independencia y autonom\u00eda de nuestros territorios. Con la creaci\u00f3n de P\u00e1gina 10 se pretende abrir un escenario para el dialogo, la reflexi\u00f3n y el debate que se extienda a otras geograf\u00edas de Am\u00e9rica Latina y del planeta, en una apuesta por transformar colectivamente los desaf\u00edos de un mundo contempor\u00e1neo, m\u00e1s all\u00e1 de las fronteras impuestas.","url":"https:\/\/pagina10.com\/web\/author\/pdiezadmin\/"}]}},"_links":{"self":[{"href":"https:\/\/pagina10.com\/web\/wp-json\/wp\/v2\/posts\/56045","targetHints":{"allow":["GET"]}}],"collection":[{"href":"https:\/\/pagina10.com\/web\/wp-json\/wp\/v2\/posts"}],"about":[{"href":"https:\/\/pagina10.com\/web\/wp-json\/wp\/v2\/types\/post"}],"author":[{"embeddable":true,"href":"https:\/\/pagina10.com\/web\/wp-json\/wp\/v2\/users\/1"}],"replies":[{"embeddable":true,"href":"https:\/\/pagina10.com\/web\/wp-json\/wp\/v2\/comments?post=56045"}],"version-history":[{"count":1,"href":"https:\/\/pagina10.com\/web\/wp-json\/wp\/v2\/posts\/56045\/revisions"}],"predecessor-version":[{"id":56046,"href":"https:\/\/pagina10.com\/web\/wp-json\/wp\/v2\/posts\/56045\/revisions\/56046"}],"wp:featuredmedia":[{"embeddable":true,"href":"https:\/\/pagina10.com\/web\/wp-json\/wp\/v2\/media\/56047"}],"wp:attachment":[{"href":"https:\/\/pagina10.com\/web\/wp-json\/wp\/v2\/media?parent=56045"}],"wp:term":[{"taxonomy":"category","embeddable":true,"href":"https:\/\/pagina10.com\/web\/wp-json\/wp\/v2\/categories?post=56045"},{"taxonomy":"post_tag","embeddable":true,"href":"https:\/\/pagina10.com\/web\/wp-json\/wp\/v2\/tags?post=56045"}],"curies":[{"name":"wp","href":"https:\/\/api.w.org\/{rel}","templated":true}]}}