{"id":56097,"date":"2021-10-11T11:38:23","date_gmt":"2021-10-11T16:38:23","guid":{"rendered":"https:\/\/pagina10.com\/web\/?p=56097"},"modified":"2021-10-11T11:38:23","modified_gmt":"2021-10-11T16:38:23","slug":"mas-de-6-000-personas-asistieron-a-la-mejor-taza-de-mi-narino-2021","status":"publish","type":"post","link":"https:\/\/pagina10.com\/web\/mas-de-6-000-personas-asistieron-a-la-mejor-taza-de-mi-narino-2021\/","title":{"rendered":"M\u00e1s de 6.000 personas asistieron a La Mejor Taza de Mi Nari\u00f1o 2021"},"content":{"rendered":"<p style=\"text-align: justify;\">El caf\u00e9 nari\u00f1ense se convierte en una apuesta por el desarrollo, las oportunidades y la paz en el territorio. En Nari\u00f1o existen 35.734 hect\u00e1reas donde se produce caf\u00e9 y m\u00e1s de 39.000 familias que se dedican a su cultivo.<\/p>\n<div style=\"text-align: justify;\"><\/div>\n<div>En nuestro Departamento se produce el mejor caf\u00e9 del mundo, apoyar este tipo de encuentros potencia la econom\u00eda y deja en alto el nombre de nuestro territorio ante el pa\u00eds y el mundo.<\/p>\n<div>\nEl cierre de \u2018La Mejor Taza de Mi Nari\u00f1o 2021\u2019, dio como resultado la premiaci\u00f3n del campeonato de tostadores y el concurso de \u2018La Mejor Taza\u2019. Donde se reconoci\u00f3 el proceso evaluativo de la calidad de la cosecha, con muestras de caf\u00e9 provenientes tanto de productores individuales como de asociaciones, con el prop\u00f3sito de realizar un an\u00e1lisis f\u00edsico\/sensorial de caf\u00e9s de diferentes regiones del Departamento.<\/p>\n<div>\n\u201cQuiero agradecer a todos los caficultores y a los aliados estrat\u00e9gicos que con entusiasmo y amor apoyaron esta iniciativa; adem\u00e1s, agradecerles a los 48 expositores que durante estos 3 d\u00edas de la feria estuvieron aqu\u00ed y no me cansar\u00e9 de seguir apoy\u00e1ndolos; as\u00ed mismo, a todas las personas que nos visitaron durante esta jornada y acompa\u00f1aron esta iniciativa, ojal\u00e1 logremos institucionalizar este evento y poderlo realizar cada a\u00f1o y que cada vez sea m\u00e1s grande. Nari\u00f1o siempre se va a caracterizar por tener el mejor caf\u00e9 de mundo, apoyemos a las m\u00e1s de 100 marcas de caf\u00e9 que hay en nuestra regi\u00f3n, los invito a consumir lo nuestro e impulsar los productos de nuestro campo\u201d, manifest\u00f3 la Gestora Social de Nari\u00f1o, Maritza Moncayo Hermosa.<\/p>\n<div style=\"text-align: justify;\">\n\u201cLa Mejor Taza de Mi Nari\u00f1o, super\u00f3 las expectativas de asistencia, ya que alrededor de 6.000 personas se dieron cita al recinto ferial. Esto demuestra una convocatoria positiva que beneficia a nuestros caficultores y a la cadena de valor. El caf\u00e9 nari\u00f1ense compite no por cantidad sino por su notoria diferencia de excelente calidad a nivel mundial\u201d, afirm\u00f3 el Coordinador del evento, David Vallejo.<\/div>\n<div style=\"text-align: justify;\">\nCabe destacar que, en el concurso \u201cLa Mejor Taza\u201d se recibieron alrededor de 400 muestras de los municipios cafeteros de Nari\u00f1o. Con un puntaje de 88.20 el municipio de Policarpa se llev\u00f3 el tercer lugar, la segunda posici\u00f3n fue para el municipio de Arboleda con un puntaje de 89.45, finalmente el primer lugar lo obtuvo el municipio de San Pedro de Cartago con una calificaci\u00f3n de 90.06 puntos.<\/div>\n<div>\n\u201cMe siento muy contento por este reconocimiento, porque el sue\u00f1o de todo productor, es que nuestro caf\u00e9 sea reconocido y valorado por su calidad\u201d, expres\u00f3 el Productor y Ganador del primer lugar del concurso, La Mejor Taza, Yeison Burbano Bravo.<\/p>\n<div style=\"text-align: justify;\">\nGracias a la proyecci\u00f3n del Campeonato de Tostadores a nivel nacional, se cont\u00f3 con la participaci\u00f3n de concursantes de los departamentos de Quind\u00edo y Cundinamarca; el campeonato permiti\u00f3 verificar la calidad y condici\u00f3n del tueste. El tercer lugar con un puntaje de 559.075 fue para Pasto &#8211; Nari\u00f1o, el segundo lugar lo ocup\u00f3 el municipio de Fusagasug\u00e1 \u2013 Cundinamarca con una calificaci\u00f3n de 571.025 y el primer lugar fue para el municipio de Armenia \u2013 Quind\u00edo con un puntaje de 573.000.<\/div>\n<div style=\"text-align: justify;\">\nActualmente se encuentra en consolidaci\u00f3n el informe final del evento, el cual dar\u00e1 a conocer los logros alcanzados en &#8220;La Mejor Taza de Mi Nari\u00f1o 2021&#8221;.<\/div>\n<\/div>\n<\/div>\n<\/div>\n<\/div>\n","protected":false},"excerpt":{"rendered":"<p>El caf\u00e9 nari\u00f1ense se convierte en una apuesta por el desarrollo, las oportunidades y la paz en el territorio. En Nari\u00f1o existen 35.734 hect\u00e1reas donde se produce caf\u00e9 y m\u00e1s de 39.000 familias que se dedican a su cultivo. En nuestro Departamento se produce el mejor caf\u00e9 del mundo, apoyar este tipo de encuentros potencia [&hellip;]<\/p>\n","protected":false},"author":1,"featured_media":56098,"comment_status":"open","ping_status":"open","sticky":false,"template":"","format":"standard","meta":{"footnotes":""},"categories":[13],"tags":[],"class_list":["post-56097","post","type-post","status-publish","format-standard","has-post-thumbnail","hentry","category-economia"],"yoast_head":"<!-- This site is optimized with the Yoast SEO plugin v27.1.1 - https:\/\/yoast.com\/product\/yoast-seo-wordpress\/ -->\n<title>M\u00e1s de 6.000 personas asistieron a La Mejor Taza de Mi Nari\u00f1o 2021 | P\u00e1gina10<\/title>\n<meta name=\"robots\" content=\"index, follow, max-snippet:-1, max-image-preview:large, max-video-preview:-1\" \/>\n<link rel=\"canonical\" href=\"https:\/\/pagina10.com\/web\/mas-de-6-000-personas-asistieron-a-la-mejor-taza-de-mi-narino-2021\/\" \/>\n<meta property=\"og:locale\" content=\"es_ES\" \/>\n<meta property=\"og:type\" content=\"article\" \/>\n<meta property=\"og:title\" content=\"M\u00e1s de 6.000 personas asistieron a La Mejor Taza de Mi Nari\u00f1o 2021 | P\u00e1gina10\" \/>\n<meta property=\"og:description\" content=\"El caf\u00e9 nari\u00f1ense se convierte en una apuesta por el desarrollo, las oportunidades y la paz en el territorio. En Nari\u00f1o existen 35.734 hect\u00e1reas donde se produce caf\u00e9 y m\u00e1s de 39.000 familias que se dedican a su cultivo. En nuestro Departamento se produce el mejor caf\u00e9 del mundo, apoyar este tipo de encuentros potencia [&hellip;]\" \/>\n<meta property=\"og:url\" content=\"https:\/\/pagina10.com\/web\/mas-de-6-000-personas-asistieron-a-la-mejor-taza-de-mi-narino-2021\/\" \/>\n<meta property=\"og:site_name\" content=\"P\u00e1gina10\" \/>\n<meta property=\"article:publisher\" content=\"https:\/\/www.facebook.com\/pag10com\" \/>\n<meta property=\"article:published_time\" content=\"2021-10-11T16:38:23+00:00\" \/>\n<meta property=\"og:image\" content=\"https:\/\/pagina10.com\/web\/wp-content\/uploads\/2021\/10\/Captura-de-Pantalla-2021-10-11-a-las-10.59.32-a.-m..png\" \/>\n\t<meta property=\"og:image:width\" content=\"536\" \/>\n\t<meta property=\"og:image:height\" content=\"349\" \/>\n\t<meta property=\"og:image:type\" content=\"image\/png\" \/>\n<meta name=\"author\" content=\"P\u00e1gina 10\" \/>\n<meta name=\"twitter:card\" content=\"summary_large_image\" \/>\n<meta name=\"twitter:creator\" content=\"@Pag10com\" \/>\n<meta name=\"twitter:site\" content=\"@Pag10com\" \/>\n<meta name=\"twitter:label1\" content=\"Escrito por\" \/>\n\t<meta name=\"twitter:data1\" content=\"P\u00e1gina 10\" \/>\n\t<meta name=\"twitter:label2\" content=\"Tiempo de lectura\" \/>\n\t<meta name=\"twitter:data2\" content=\"3 minutos\" \/>\n<script type=\"application\/ld+json\" class=\"yoast-schema-graph\">{\"@context\":\"https:\/\/schema.org\",\"@graph\":[{\"@type\":\"Article\",\"@id\":\"https:\/\/pagina10.com\/web\/mas-de-6-000-personas-asistieron-a-la-mejor-taza-de-mi-narino-2021\/#article\",\"isPartOf\":{\"@id\":\"https:\/\/pagina10.com\/web\/mas-de-6-000-personas-asistieron-a-la-mejor-taza-de-mi-narino-2021\/\"},\"author\":{\"name\":\"P\u00e1gina 10\",\"@id\":\"https:\/\/pagina10.com\/web\/#\/schema\/person\/2efc4a090d25b667d3bc796798a3a81b\"},\"headline\":\"M\u00e1s de 6.000 personas asistieron a La Mejor Taza de Mi Nari\u00f1o 2021\",\"datePublished\":\"2021-10-11T16:38:23+00:00\",\"mainEntityOfPage\":{\"@id\":\"https:\/\/pagina10.com\/web\/mas-de-6-000-personas-asistieron-a-la-mejor-taza-de-mi-narino-2021\/\"},\"wordCount\":575,\"commentCount\":0,\"publisher\":{\"@id\":\"https:\/\/pagina10.com\/web\/#organization\"},\"image\":{\"@id\":\"https:\/\/pagina10.com\/web\/mas-de-6-000-personas-asistieron-a-la-mejor-taza-de-mi-narino-2021\/#primaryimage\"},\"thumbnailUrl\":\"https:\/\/pagina10.com\/web\/wp-content\/uploads\/2021\/10\/Captura-de-Pantalla-2021-10-11-a-las-10.59.32-a.-m..png\",\"articleSection\":[\"Econom\u00eda\"],\"inLanguage\":\"es\",\"potentialAction\":[{\"@type\":\"CommentAction\",\"name\":\"Comment\",\"target\":[\"https:\/\/pagina10.com\/web\/mas-de-6-000-personas-asistieron-a-la-mejor-taza-de-mi-narino-2021\/#respond\"]}]},{\"@type\":\"WebPage\",\"@id\":\"https:\/\/pagina10.com\/web\/mas-de-6-000-personas-asistieron-a-la-mejor-taza-de-mi-narino-2021\/\",\"url\":\"https:\/\/pagina10.com\/web\/mas-de-6-000-personas-asistieron-a-la-mejor-taza-de-mi-narino-2021\/\",\"name\":\"M\u00e1s de 6.000 personas asistieron a La Mejor Taza de Mi Nari\u00f1o 2021 | P\u00e1gina10\",\"isPartOf\":{\"@id\":\"https:\/\/pagina10.com\/web\/#website\"},\"primaryImageOfPage\":{\"@id\":\"https:\/\/pagina10.com\/web\/mas-de-6-000-personas-asistieron-a-la-mejor-taza-de-mi-narino-2021\/#primaryimage\"},\"image\":{\"@id\":\"https:\/\/pagina10.com\/web\/mas-de-6-000-personas-asistieron-a-la-mejor-taza-de-mi-narino-2021\/#primaryimage\"},\"thumbnailUrl\":\"https:\/\/pagina10.com\/web\/wp-content\/uploads\/2021\/10\/Captura-de-Pantalla-2021-10-11-a-las-10.59.32-a.-m..png\",\"datePublished\":\"2021-10-11T16:38:23+00:00\",\"breadcrumb\":{\"@id\":\"https:\/\/pagina10.com\/web\/mas-de-6-000-personas-asistieron-a-la-mejor-taza-de-mi-narino-2021\/#breadcrumb\"},\"inLanguage\":\"es\",\"potentialAction\":[{\"@type\":\"ReadAction\",\"target\":[\"https:\/\/pagina10.com\/web\/mas-de-6-000-personas-asistieron-a-la-mejor-taza-de-mi-narino-2021\/\"]}]},{\"@type\":\"ImageObject\",\"inLanguage\":\"es\",\"@id\":\"https:\/\/pagina10.com\/web\/mas-de-6-000-personas-asistieron-a-la-mejor-taza-de-mi-narino-2021\/#primaryimage\",\"url\":\"https:\/\/pagina10.com\/web\/wp-content\/uploads\/2021\/10\/Captura-de-Pantalla-2021-10-11-a-las-10.59.32-a.-m..png\",\"contentUrl\":\"https:\/\/pagina10.com\/web\/wp-content\/uploads\/2021\/10\/Captura-de-Pantalla-2021-10-11-a-las-10.59.32-a.-m..png\",\"width\":536,\"height\":349},{\"@type\":\"BreadcrumbList\",\"@id\":\"https:\/\/pagina10.com\/web\/mas-de-6-000-personas-asistieron-a-la-mejor-taza-de-mi-narino-2021\/#breadcrumb\",\"itemListElement\":[{\"@type\":\"ListItem\",\"position\":1,\"name\":\"Portada\",\"item\":\"https:\/\/pagina10.com\/web\/\"},{\"@type\":\"ListItem\",\"position\":2,\"name\":\"M\u00e1s de 6.000 personas asistieron a La Mejor Taza de Mi Nari\u00f1o 2021\"}]},{\"@type\":\"WebSite\",\"@id\":\"https:\/\/pagina10.com\/web\/#website\",\"url\":\"https:\/\/pagina10.com\/web\/\",\"name\":\"P\u00e1gina10\",\"description\":\"Peri\u00f3dico Regional\",\"publisher\":{\"@id\":\"https:\/\/pagina10.com\/web\/#organization\"},\"alternateName\":\"P\u00e1gina10 Peri\u00f3dico Regional\",\"potentialAction\":[{\"@type\":\"SearchAction\",\"target\":{\"@type\":\"EntryPoint\",\"urlTemplate\":\"https:\/\/pagina10.com\/web\/?s={search_term_string}\"},\"query-input\":{\"@type\":\"PropertyValueSpecification\",\"valueRequired\":true,\"valueName\":\"search_term_string\"}}],\"inLanguage\":\"es\"},{\"@type\":\"Organization\",\"@id\":\"https:\/\/pagina10.com\/web\/#organization\",\"name\":\"P\u00e1gina10\",\"alternateName\":\"P\u00e1gina10 Peri\u00f3dico Regional\",\"url\":\"https:\/\/pagina10.com\/web\/\",\"logo\":{\"@type\":\"ImageObject\",\"inLanguage\":\"es\",\"@id\":\"https:\/\/pagina10.com\/web\/#\/schema\/logo\/image\/\",\"url\":\"https:\/\/pagina10.com\/web\/wp-content\/uploads\/2024\/01\/40-pagina-10-periodico-regional-pasto.jpg\",\"contentUrl\":\"https:\/\/pagina10.com\/web\/wp-content\/uploads\/2024\/01\/40-pagina-10-periodico-regional-pasto.jpg\",\"width\":1280,\"height\":720,\"caption\":\"P\u00e1gina10\"},\"image\":{\"@id\":\"https:\/\/pagina10.com\/web\/#\/schema\/logo\/image\/\"},\"sameAs\":[\"https:\/\/www.facebook.com\/pag10com\",\"https:\/\/x.com\/Pag10com\",\"https:\/\/www.instagram.com\/pagina10col\/\",\"https:\/\/youtube.com\/channel\/pag10\",\"https:\/\/www.tiktok.com\/@p10col\"]},{\"@type\":\"Person\",\"@id\":\"https:\/\/pagina10.com\/web\/#\/schema\/person\/2efc4a090d25b667d3bc796798a3a81b\",\"name\":\"P\u00e1gina 10\",\"description\":\"P\u00e1gina 10 es un peri\u00f3dico regional que nace en Colombia, en el departamento de Nari\u00f1o, con un enfoque global, fundamentado en cuatro pilares esenciales: la libertad, el pluralismo, la inclusi\u00f3n y la independencia. P\u00e1gina 10 hace referencia a Nari\u00f1o como el d\u00e9cimo departamento creado en Colombia, despu\u00e9s de un proceso pol\u00edtico liderado por actores y actrices regionales con el fin de obtener la independencia y autonom\u00eda de nuestros territorios. Con la creaci\u00f3n de P\u00e1gina 10 se pretende abrir un escenario para el dialogo, la reflexi\u00f3n y el debate que se extienda a otras geograf\u00edas de Am\u00e9rica Latina y del planeta, en una apuesta por transformar colectivamente los desaf\u00edos de un mundo contempor\u00e1neo, m\u00e1s all\u00e1 de las fronteras impuestas.\",\"url\":\"https:\/\/pagina10.com\/web\/author\/pdiezadmin\/\"}]}<\/script>\n<!-- \/ Yoast SEO plugin. -->","yoast_head_json":{"title":"M\u00e1s de 6.000 personas asistieron a La Mejor Taza de Mi Nari\u00f1o 2021 | P\u00e1gina10","robots":{"index":"index","follow":"follow","max-snippet":"max-snippet:-1","max-image-preview":"max-image-preview:large","max-video-preview":"max-video-preview:-1"},"canonical":"https:\/\/pagina10.com\/web\/mas-de-6-000-personas-asistieron-a-la-mejor-taza-de-mi-narino-2021\/","og_locale":"es_ES","og_type":"article","og_title":"M\u00e1s de 6.000 personas asistieron a La Mejor Taza de Mi Nari\u00f1o 2021 | P\u00e1gina10","og_description":"El caf\u00e9 nari\u00f1ense se convierte en una apuesta por el desarrollo, las oportunidades y la paz en el territorio. En Nari\u00f1o existen 35.734 hect\u00e1reas donde se produce caf\u00e9 y m\u00e1s de 39.000 familias que se dedican a su cultivo. En nuestro Departamento se produce el mejor caf\u00e9 del mundo, apoyar este tipo de encuentros potencia [&hellip;]","og_url":"https:\/\/pagina10.com\/web\/mas-de-6-000-personas-asistieron-a-la-mejor-taza-de-mi-narino-2021\/","og_site_name":"P\u00e1gina10","article_publisher":"https:\/\/www.facebook.com\/pag10com","article_published_time":"2021-10-11T16:38:23+00:00","og_image":[{"width":536,"height":349,"url":"https:\/\/pagina10.com\/web\/wp-content\/uploads\/2021\/10\/Captura-de-Pantalla-2021-10-11-a-las-10.59.32-a.-m..png","type":"image\/png"}],"author":"P\u00e1gina 10","twitter_card":"summary_large_image","twitter_creator":"@Pag10com","twitter_site":"@Pag10com","twitter_misc":{"Escrito por":"P\u00e1gina 10","Tiempo de lectura":"3 minutos"},"schema":{"@context":"https:\/\/schema.org","@graph":[{"@type":"Article","@id":"https:\/\/pagina10.com\/web\/mas-de-6-000-personas-asistieron-a-la-mejor-taza-de-mi-narino-2021\/#article","isPartOf":{"@id":"https:\/\/pagina10.com\/web\/mas-de-6-000-personas-asistieron-a-la-mejor-taza-de-mi-narino-2021\/"},"author":{"name":"P\u00e1gina 10","@id":"https:\/\/pagina10.com\/web\/#\/schema\/person\/2efc4a090d25b667d3bc796798a3a81b"},"headline":"M\u00e1s de 6.000 personas asistieron a La Mejor Taza de Mi Nari\u00f1o 2021","datePublished":"2021-10-11T16:38:23+00:00","mainEntityOfPage":{"@id":"https:\/\/pagina10.com\/web\/mas-de-6-000-personas-asistieron-a-la-mejor-taza-de-mi-narino-2021\/"},"wordCount":575,"commentCount":0,"publisher":{"@id":"https:\/\/pagina10.com\/web\/#organization"},"image":{"@id":"https:\/\/pagina10.com\/web\/mas-de-6-000-personas-asistieron-a-la-mejor-taza-de-mi-narino-2021\/#primaryimage"},"thumbnailUrl":"https:\/\/pagina10.com\/web\/wp-content\/uploads\/2021\/10\/Captura-de-Pantalla-2021-10-11-a-las-10.59.32-a.-m..png","articleSection":["Econom\u00eda"],"inLanguage":"es","potentialAction":[{"@type":"CommentAction","name":"Comment","target":["https:\/\/pagina10.com\/web\/mas-de-6-000-personas-asistieron-a-la-mejor-taza-de-mi-narino-2021\/#respond"]}]},{"@type":"WebPage","@id":"https:\/\/pagina10.com\/web\/mas-de-6-000-personas-asistieron-a-la-mejor-taza-de-mi-narino-2021\/","url":"https:\/\/pagina10.com\/web\/mas-de-6-000-personas-asistieron-a-la-mejor-taza-de-mi-narino-2021\/","name":"M\u00e1s de 6.000 personas asistieron a La Mejor Taza de Mi Nari\u00f1o 2021 | P\u00e1gina10","isPartOf":{"@id":"https:\/\/pagina10.com\/web\/#website"},"primaryImageOfPage":{"@id":"https:\/\/pagina10.com\/web\/mas-de-6-000-personas-asistieron-a-la-mejor-taza-de-mi-narino-2021\/#primaryimage"},"image":{"@id":"https:\/\/pagina10.com\/web\/mas-de-6-000-personas-asistieron-a-la-mejor-taza-de-mi-narino-2021\/#primaryimage"},"thumbnailUrl":"https:\/\/pagina10.com\/web\/wp-content\/uploads\/2021\/10\/Captura-de-Pantalla-2021-10-11-a-las-10.59.32-a.-m..png","datePublished":"2021-10-11T16:38:23+00:00","breadcrumb":{"@id":"https:\/\/pagina10.com\/web\/mas-de-6-000-personas-asistieron-a-la-mejor-taza-de-mi-narino-2021\/#breadcrumb"},"inLanguage":"es","potentialAction":[{"@type":"ReadAction","target":["https:\/\/pagina10.com\/web\/mas-de-6-000-personas-asistieron-a-la-mejor-taza-de-mi-narino-2021\/"]}]},{"@type":"ImageObject","inLanguage":"es","@id":"https:\/\/pagina10.com\/web\/mas-de-6-000-personas-asistieron-a-la-mejor-taza-de-mi-narino-2021\/#primaryimage","url":"https:\/\/pagina10.com\/web\/wp-content\/uploads\/2021\/10\/Captura-de-Pantalla-2021-10-11-a-las-10.59.32-a.-m..png","contentUrl":"https:\/\/pagina10.com\/web\/wp-content\/uploads\/2021\/10\/Captura-de-Pantalla-2021-10-11-a-las-10.59.32-a.-m..png","width":536,"height":349},{"@type":"BreadcrumbList","@id":"https:\/\/pagina10.com\/web\/mas-de-6-000-personas-asistieron-a-la-mejor-taza-de-mi-narino-2021\/#breadcrumb","itemListElement":[{"@type":"ListItem","position":1,"name":"Portada","item":"https:\/\/pagina10.com\/web\/"},{"@type":"ListItem","position":2,"name":"M\u00e1s de 6.000 personas asistieron a La Mejor Taza de Mi Nari\u00f1o 2021"}]},{"@type":"WebSite","@id":"https:\/\/pagina10.com\/web\/#website","url":"https:\/\/pagina10.com\/web\/","name":"P\u00e1gina10","description":"Peri\u00f3dico Regional","publisher":{"@id":"https:\/\/pagina10.com\/web\/#organization"},"alternateName":"P\u00e1gina10 Peri\u00f3dico Regional","potentialAction":[{"@type":"SearchAction","target":{"@type":"EntryPoint","urlTemplate":"https:\/\/pagina10.com\/web\/?s={search_term_string}"},"query-input":{"@type":"PropertyValueSpecification","valueRequired":true,"valueName":"search_term_string"}}],"inLanguage":"es"},{"@type":"Organization","@id":"https:\/\/pagina10.com\/web\/#organization","name":"P\u00e1gina10","alternateName":"P\u00e1gina10 Peri\u00f3dico Regional","url":"https:\/\/pagina10.com\/web\/","logo":{"@type":"ImageObject","inLanguage":"es","@id":"https:\/\/pagina10.com\/web\/#\/schema\/logo\/image\/","url":"https:\/\/pagina10.com\/web\/wp-content\/uploads\/2024\/01\/40-pagina-10-periodico-regional-pasto.jpg","contentUrl":"https:\/\/pagina10.com\/web\/wp-content\/uploads\/2024\/01\/40-pagina-10-periodico-regional-pasto.jpg","width":1280,"height":720,"caption":"P\u00e1gina10"},"image":{"@id":"https:\/\/pagina10.com\/web\/#\/schema\/logo\/image\/"},"sameAs":["https:\/\/www.facebook.com\/pag10com","https:\/\/x.com\/Pag10com","https:\/\/www.instagram.com\/pagina10col\/","https:\/\/youtube.com\/channel\/pag10","https:\/\/www.tiktok.com\/@p10col"]},{"@type":"Person","@id":"https:\/\/pagina10.com\/web\/#\/schema\/person\/2efc4a090d25b667d3bc796798a3a81b","name":"P\u00e1gina 10","description":"P\u00e1gina 10 es un peri\u00f3dico regional que nace en Colombia, en el departamento de Nari\u00f1o, con un enfoque global, fundamentado en cuatro pilares esenciales: la libertad, el pluralismo, la inclusi\u00f3n y la independencia. P\u00e1gina 10 hace referencia a Nari\u00f1o como el d\u00e9cimo departamento creado en Colombia, despu\u00e9s de un proceso pol\u00edtico liderado por actores y actrices regionales con el fin de obtener la independencia y autonom\u00eda de nuestros territorios. Con la creaci\u00f3n de P\u00e1gina 10 se pretende abrir un escenario para el dialogo, la reflexi\u00f3n y el debate que se extienda a otras geograf\u00edas de Am\u00e9rica Latina y del planeta, en una apuesta por transformar colectivamente los desaf\u00edos de un mundo contempor\u00e1neo, m\u00e1s all\u00e1 de las fronteras impuestas.","url":"https:\/\/pagina10.com\/web\/author\/pdiezadmin\/"}]}},"_links":{"self":[{"href":"https:\/\/pagina10.com\/web\/wp-json\/wp\/v2\/posts\/56097","targetHints":{"allow":["GET"]}}],"collection":[{"href":"https:\/\/pagina10.com\/web\/wp-json\/wp\/v2\/posts"}],"about":[{"href":"https:\/\/pagina10.com\/web\/wp-json\/wp\/v2\/types\/post"}],"author":[{"embeddable":true,"href":"https:\/\/pagina10.com\/web\/wp-json\/wp\/v2\/users\/1"}],"replies":[{"embeddable":true,"href":"https:\/\/pagina10.com\/web\/wp-json\/wp\/v2\/comments?post=56097"}],"version-history":[{"count":1,"href":"https:\/\/pagina10.com\/web\/wp-json\/wp\/v2\/posts\/56097\/revisions"}],"predecessor-version":[{"id":56099,"href":"https:\/\/pagina10.com\/web\/wp-json\/wp\/v2\/posts\/56097\/revisions\/56099"}],"wp:featuredmedia":[{"embeddable":true,"href":"https:\/\/pagina10.com\/web\/wp-json\/wp\/v2\/media\/56098"}],"wp:attachment":[{"href":"https:\/\/pagina10.com\/web\/wp-json\/wp\/v2\/media?parent=56097"}],"wp:term":[{"taxonomy":"category","embeddable":true,"href":"https:\/\/pagina10.com\/web\/wp-json\/wp\/v2\/categories?post=56097"},{"taxonomy":"post_tag","embeddable":true,"href":"https:\/\/pagina10.com\/web\/wp-json\/wp\/v2\/tags?post=56097"}],"curies":[{"name":"wp","href":"https:\/\/api.w.org\/{rel}","templated":true}]}}