{"id":56111,"date":"2021-10-12T23:19:21","date_gmt":"2021-10-13T04:19:21","guid":{"rendered":"https:\/\/pagina10.com\/web\/?p=56111"},"modified":"2021-10-12T23:19:21","modified_gmt":"2021-10-13T04:19:21","slug":"gobernacion-de-narino-se-une-a-la-gran-sembraton-nacional-este-12-de-octubre","status":"publish","type":"post","link":"https:\/\/pagina10.com\/web\/gobernacion-de-narino-se-une-a-la-gran-sembraton-nacional-este-12-de-octubre\/","title":{"rendered":"Gobernaci\u00f3n de Nari\u00f1o se une a la Gran Sembrat\u00f3n Nacional este 12 de octubre"},"content":{"rendered":"<p style=\"text-align: justify;\">La Gobernaci\u00f3n de Nari\u00f1o, en articulaci\u00f3n con la Corporaci\u00f3n Aut\u00f3noma Regional de Nari\u00f1o -Corponari\u00f1o, liderar\u00e1n la segunda Gran Sembrat\u00f3n Nacional 2021, con la siembra de 200 mil \u00e1rboles en el departamento de Nari\u00f1o.<\/p>\n<div>\nEsta sembrat\u00f3n se realizar\u00e1 en conmemoraci\u00f3n al d\u00eda internacional del \u00e1rbol y se realizar\u00e1 en el municipio de Pasto. En la actividad se contar\u00e1 con la con la presencia del Viceministro de Ambiente y Desarrollo Sostenible, Francisco Cruz.<\/p>\n<div>\nEl evento tendr\u00e1 lugar en el Servicio Nacional de Aprendizaje -SENA, sede Pasto, donde se realizar\u00e1 la siembra de algunas especies nativas de la regi\u00f3n por parte del Viceministro de Ambiente y Desarrollo Sostenible, Francisco Cruz, el Secretario de Ambiente y Desarrollo Sostenible, Pablo Aguirre y el Director de Corponari\u00f1o, Hugo Mideros.<\/p>\n<div style=\"text-align: justify;\">\n\u201cInvitamos a que todos los municipios del departamento de Nari\u00f1o, organizaciones ambientalistas de la sociedad civil, se sumen a la jornada de siembra de \u00e1rboles y as\u00ed podamos cumplir la meta que tenemos fijada en el departamento y contribuyamos a la meta Nacional de los 180 millones de \u00e1rboles sembrados\u201d, manifest\u00f3 el Secretario de Ambiente de Nari\u00f1o, Pablo Aguirre.<\/div>\n<div>\nCabe resaltar que, Nari\u00f1o es el tercer departamento que m\u00e1s \u00e1rboles ha sembrado en el pa\u00eds con un acumulado de 820 mil \u00e1rboles hasta la fecha. El evento tiene el objetivo de convocar a instituciones p\u00fablicas, privadas y comunidad en general a sembrar y apadrinar los \u00e1rboles, como muestra del compromiso de los nari\u00f1enses con la preservaci\u00f3n ambiental del Departamento.<\/p>\n<div style=\"text-align: justify;\">\nFuncionarios de la Corporaci\u00f3n y diferentes instituciones como son Empopasto, Concesionaria Vial del Sur, Polic\u00eda Nacional y Ej\u00e9rcito Nacional, tambi\u00e9n se sumaron a esta campa\u00f1a, en pro de nuestro ambiente, bosques y ecosistemas.<br \/>\nAlgunas de las especies nativas a sembrar este 12 de octubre son: Aliso, Laurel de cera, Guayac\u00e1n, Quillotocto, Pichuelo, Impamo, Cucharo, Pelotillo, Cajeto, Cerote, Pumamaqu\u00ed, Sauco, Alcaparro y Array\u00e1n. Sembrando juntos podemos, reducir la temperatura del aire, filtrar contaminantes urbanos, regular el flujo del agua, mitigar el cambio clim\u00e1tico y aumentar la biodiversidad urbana.<\/div>\n<div style=\"text-align: justify;\">\nRecuerda, al sembrar \u00e1rboles, sembramos vida.<\/div>\n<\/div>\n<\/div>\n<\/div>\n","protected":false},"excerpt":{"rendered":"<p>La Gobernaci\u00f3n de Nari\u00f1o, en articulaci\u00f3n con la Corporaci\u00f3n Aut\u00f3noma Regional de Nari\u00f1o -Corponari\u00f1o, liderar\u00e1n la segunda Gran Sembrat\u00f3n Nacional 2021, con la siembra de 200 mil \u00e1rboles en el departamento de Nari\u00f1o. Esta sembrat\u00f3n se realizar\u00e1 en conmemoraci\u00f3n al d\u00eda internacional del \u00e1rbol y se realizar\u00e1 en el municipio de Pasto. En la actividad [&hellip;]<\/p>\n","protected":false},"author":1,"featured_media":56112,"comment_status":"open","ping_status":"open","sticky":false,"template":"","format":"standard","meta":{"footnotes":""},"categories":[53],"tags":[],"class_list":["post-56111","post","type-post","status-publish","format-standard","has-post-thumbnail","hentry","category-regiones"],"yoast_head":"<!-- This site is optimized with the Yoast SEO plugin v27.1.1 - https:\/\/yoast.com\/product\/yoast-seo-wordpress\/ -->\n<title>Gobernaci\u00f3n de Nari\u00f1o se une a la Gran Sembrat\u00f3n Nacional este 12 de octubre | P\u00e1gina10<\/title>\n<meta name=\"robots\" content=\"index, follow, max-snippet:-1, max-image-preview:large, max-video-preview:-1\" \/>\n<link rel=\"canonical\" href=\"https:\/\/pagina10.com\/web\/gobernacion-de-narino-se-une-a-la-gran-sembraton-nacional-este-12-de-octubre\/\" \/>\n<meta property=\"og:locale\" content=\"es_ES\" \/>\n<meta property=\"og:type\" content=\"article\" \/>\n<meta property=\"og:title\" content=\"Gobernaci\u00f3n de Nari\u00f1o se une a la Gran Sembrat\u00f3n Nacional este 12 de octubre | P\u00e1gina10\" \/>\n<meta property=\"og:description\" content=\"La Gobernaci\u00f3n de Nari\u00f1o, en articulaci\u00f3n con la Corporaci\u00f3n Aut\u00f3noma Regional de Nari\u00f1o -Corponari\u00f1o, liderar\u00e1n la segunda Gran Sembrat\u00f3n Nacional 2021, con la siembra de 200 mil \u00e1rboles en el departamento de Nari\u00f1o. Esta sembrat\u00f3n se realizar\u00e1 en conmemoraci\u00f3n al d\u00eda internacional del \u00e1rbol y se realizar\u00e1 en el municipio de Pasto. En la actividad [&hellip;]\" \/>\n<meta property=\"og:url\" content=\"https:\/\/pagina10.com\/web\/gobernacion-de-narino-se-une-a-la-gran-sembraton-nacional-este-12-de-octubre\/\" \/>\n<meta property=\"og:site_name\" content=\"P\u00e1gina10\" \/>\n<meta property=\"article:publisher\" content=\"https:\/\/www.facebook.com\/pag10com\" \/>\n<meta property=\"article:published_time\" content=\"2021-10-13T04:19:21+00:00\" \/>\n<meta property=\"og:image\" content=\"https:\/\/pagina10.com\/web\/wp-content\/uploads\/2021\/10\/Captura-de-Pantalla-2021-10-12-a-las-11.18.33-p.-m..png\" \/>\n\t<meta property=\"og:image:width\" content=\"415\" \/>\n\t<meta property=\"og:image:height\" content=\"351\" \/>\n\t<meta property=\"og:image:type\" content=\"image\/png\" \/>\n<meta name=\"author\" content=\"P\u00e1gina 10\" \/>\n<meta name=\"twitter:card\" content=\"summary_large_image\" \/>\n<meta name=\"twitter:creator\" content=\"@Pag10com\" \/>\n<meta name=\"twitter:site\" content=\"@Pag10com\" \/>\n<meta name=\"twitter:label1\" content=\"Escrito por\" \/>\n\t<meta name=\"twitter:data1\" content=\"P\u00e1gina 10\" \/>\n\t<meta name=\"twitter:label2\" content=\"Tiempo de lectura\" \/>\n\t<meta name=\"twitter:data2\" content=\"2 minutos\" \/>\n<script type=\"application\/ld+json\" class=\"yoast-schema-graph\">{\"@context\":\"https:\/\/schema.org\",\"@graph\":[{\"@type\":\"Article\",\"@id\":\"https:\/\/pagina10.com\/web\/gobernacion-de-narino-se-une-a-la-gran-sembraton-nacional-este-12-de-octubre\/#article\",\"isPartOf\":{\"@id\":\"https:\/\/pagina10.com\/web\/gobernacion-de-narino-se-une-a-la-gran-sembraton-nacional-este-12-de-octubre\/\"},\"author\":{\"name\":\"P\u00e1gina 10\",\"@id\":\"https:\/\/pagina10.com\/web\/#\/schema\/person\/2efc4a090d25b667d3bc796798a3a81b\"},\"headline\":\"Gobernaci\u00f3n de Nari\u00f1o se une a la Gran Sembrat\u00f3n Nacional este 12 de octubre\",\"datePublished\":\"2021-10-13T04:19:21+00:00\",\"mainEntityOfPage\":{\"@id\":\"https:\/\/pagina10.com\/web\/gobernacion-de-narino-se-une-a-la-gran-sembraton-nacional-este-12-de-octubre\/\"},\"wordCount\":377,\"commentCount\":0,\"publisher\":{\"@id\":\"https:\/\/pagina10.com\/web\/#organization\"},\"image\":{\"@id\":\"https:\/\/pagina10.com\/web\/gobernacion-de-narino-se-une-a-la-gran-sembraton-nacional-este-12-de-octubre\/#primaryimage\"},\"thumbnailUrl\":\"https:\/\/pagina10.com\/web\/wp-content\/uploads\/2021\/10\/Captura-de-Pantalla-2021-10-12-a-las-11.18.33-p.-m..png\",\"articleSection\":[\"Regiones\"],\"inLanguage\":\"es\",\"potentialAction\":[{\"@type\":\"CommentAction\",\"name\":\"Comment\",\"target\":[\"https:\/\/pagina10.com\/web\/gobernacion-de-narino-se-une-a-la-gran-sembraton-nacional-este-12-de-octubre\/#respond\"]}]},{\"@type\":\"WebPage\",\"@id\":\"https:\/\/pagina10.com\/web\/gobernacion-de-narino-se-une-a-la-gran-sembraton-nacional-este-12-de-octubre\/\",\"url\":\"https:\/\/pagina10.com\/web\/gobernacion-de-narino-se-une-a-la-gran-sembraton-nacional-este-12-de-octubre\/\",\"name\":\"Gobernaci\u00f3n de Nari\u00f1o se une a la Gran Sembrat\u00f3n Nacional este 12 de octubre | P\u00e1gina10\",\"isPartOf\":{\"@id\":\"https:\/\/pagina10.com\/web\/#website\"},\"primaryImageOfPage\":{\"@id\":\"https:\/\/pagina10.com\/web\/gobernacion-de-narino-se-une-a-la-gran-sembraton-nacional-este-12-de-octubre\/#primaryimage\"},\"image\":{\"@id\":\"https:\/\/pagina10.com\/web\/gobernacion-de-narino-se-une-a-la-gran-sembraton-nacional-este-12-de-octubre\/#primaryimage\"},\"thumbnailUrl\":\"https:\/\/pagina10.com\/web\/wp-content\/uploads\/2021\/10\/Captura-de-Pantalla-2021-10-12-a-las-11.18.33-p.-m..png\",\"datePublished\":\"2021-10-13T04:19:21+00:00\",\"breadcrumb\":{\"@id\":\"https:\/\/pagina10.com\/web\/gobernacion-de-narino-se-une-a-la-gran-sembraton-nacional-este-12-de-octubre\/#breadcrumb\"},\"inLanguage\":\"es\",\"potentialAction\":[{\"@type\":\"ReadAction\",\"target\":[\"https:\/\/pagina10.com\/web\/gobernacion-de-narino-se-une-a-la-gran-sembraton-nacional-este-12-de-octubre\/\"]}]},{\"@type\":\"ImageObject\",\"inLanguage\":\"es\",\"@id\":\"https:\/\/pagina10.com\/web\/gobernacion-de-narino-se-une-a-la-gran-sembraton-nacional-este-12-de-octubre\/#primaryimage\",\"url\":\"https:\/\/pagina10.com\/web\/wp-content\/uploads\/2021\/10\/Captura-de-Pantalla-2021-10-12-a-las-11.18.33-p.-m..png\",\"contentUrl\":\"https:\/\/pagina10.com\/web\/wp-content\/uploads\/2021\/10\/Captura-de-Pantalla-2021-10-12-a-las-11.18.33-p.-m..png\",\"width\":415,\"height\":351},{\"@type\":\"BreadcrumbList\",\"@id\":\"https:\/\/pagina10.com\/web\/gobernacion-de-narino-se-une-a-la-gran-sembraton-nacional-este-12-de-octubre\/#breadcrumb\",\"itemListElement\":[{\"@type\":\"ListItem\",\"position\":1,\"name\":\"Portada\",\"item\":\"https:\/\/pagina10.com\/web\/\"},{\"@type\":\"ListItem\",\"position\":2,\"name\":\"Gobernaci\u00f3n de Nari\u00f1o se une a la Gran Sembrat\u00f3n Nacional este 12 de octubre\"}]},{\"@type\":\"WebSite\",\"@id\":\"https:\/\/pagina10.com\/web\/#website\",\"url\":\"https:\/\/pagina10.com\/web\/\",\"name\":\"P\u00e1gina10\",\"description\":\"Peri\u00f3dico Regional\",\"publisher\":{\"@id\":\"https:\/\/pagina10.com\/web\/#organization\"},\"alternateName\":\"P\u00e1gina10 Peri\u00f3dico Regional\",\"potentialAction\":[{\"@type\":\"SearchAction\",\"target\":{\"@type\":\"EntryPoint\",\"urlTemplate\":\"https:\/\/pagina10.com\/web\/?s={search_term_string}\"},\"query-input\":{\"@type\":\"PropertyValueSpecification\",\"valueRequired\":true,\"valueName\":\"search_term_string\"}}],\"inLanguage\":\"es\"},{\"@type\":\"Organization\",\"@id\":\"https:\/\/pagina10.com\/web\/#organization\",\"name\":\"P\u00e1gina10\",\"alternateName\":\"P\u00e1gina10 Peri\u00f3dico Regional\",\"url\":\"https:\/\/pagina10.com\/web\/\",\"logo\":{\"@type\":\"ImageObject\",\"inLanguage\":\"es\",\"@id\":\"https:\/\/pagina10.com\/web\/#\/schema\/logo\/image\/\",\"url\":\"https:\/\/pagina10.com\/web\/wp-content\/uploads\/2024\/01\/40-pagina-10-periodico-regional-pasto.jpg\",\"contentUrl\":\"https:\/\/pagina10.com\/web\/wp-content\/uploads\/2024\/01\/40-pagina-10-periodico-regional-pasto.jpg\",\"width\":1280,\"height\":720,\"caption\":\"P\u00e1gina10\"},\"image\":{\"@id\":\"https:\/\/pagina10.com\/web\/#\/schema\/logo\/image\/\"},\"sameAs\":[\"https:\/\/www.facebook.com\/pag10com\",\"https:\/\/x.com\/Pag10com\",\"https:\/\/www.instagram.com\/pagina10col\/\",\"https:\/\/youtube.com\/channel\/pag10\",\"https:\/\/www.tiktok.com\/@p10col\"]},{\"@type\":\"Person\",\"@id\":\"https:\/\/pagina10.com\/web\/#\/schema\/person\/2efc4a090d25b667d3bc796798a3a81b\",\"name\":\"P\u00e1gina 10\",\"description\":\"P\u00e1gina 10 es un peri\u00f3dico regional que nace en Colombia, en el departamento de Nari\u00f1o, con un enfoque global, fundamentado en cuatro pilares esenciales: la libertad, el pluralismo, la inclusi\u00f3n y la independencia. P\u00e1gina 10 hace referencia a Nari\u00f1o como el d\u00e9cimo departamento creado en Colombia, despu\u00e9s de un proceso pol\u00edtico liderado por actores y actrices regionales con el fin de obtener la independencia y autonom\u00eda de nuestros territorios. Con la creaci\u00f3n de P\u00e1gina 10 se pretende abrir un escenario para el dialogo, la reflexi\u00f3n y el debate que se extienda a otras geograf\u00edas de Am\u00e9rica Latina y del planeta, en una apuesta por transformar colectivamente los desaf\u00edos de un mundo contempor\u00e1neo, m\u00e1s all\u00e1 de las fronteras impuestas.\",\"url\":\"https:\/\/pagina10.com\/web\/author\/pdiezadmin\/\"}]}<\/script>\n<!-- \/ Yoast SEO plugin. -->","yoast_head_json":{"title":"Gobernaci\u00f3n de Nari\u00f1o se une a la Gran Sembrat\u00f3n Nacional este 12 de octubre | P\u00e1gina10","robots":{"index":"index","follow":"follow","max-snippet":"max-snippet:-1","max-image-preview":"max-image-preview:large","max-video-preview":"max-video-preview:-1"},"canonical":"https:\/\/pagina10.com\/web\/gobernacion-de-narino-se-une-a-la-gran-sembraton-nacional-este-12-de-octubre\/","og_locale":"es_ES","og_type":"article","og_title":"Gobernaci\u00f3n de Nari\u00f1o se une a la Gran Sembrat\u00f3n Nacional este 12 de octubre | P\u00e1gina10","og_description":"La Gobernaci\u00f3n de Nari\u00f1o, en articulaci\u00f3n con la Corporaci\u00f3n Aut\u00f3noma Regional de Nari\u00f1o -Corponari\u00f1o, liderar\u00e1n la segunda Gran Sembrat\u00f3n Nacional 2021, con la siembra de 200 mil \u00e1rboles en el departamento de Nari\u00f1o. Esta sembrat\u00f3n se realizar\u00e1 en conmemoraci\u00f3n al d\u00eda internacional del \u00e1rbol y se realizar\u00e1 en el municipio de Pasto. En la actividad [&hellip;]","og_url":"https:\/\/pagina10.com\/web\/gobernacion-de-narino-se-une-a-la-gran-sembraton-nacional-este-12-de-octubre\/","og_site_name":"P\u00e1gina10","article_publisher":"https:\/\/www.facebook.com\/pag10com","article_published_time":"2021-10-13T04:19:21+00:00","og_image":[{"width":415,"height":351,"url":"https:\/\/pagina10.com\/web\/wp-content\/uploads\/2021\/10\/Captura-de-Pantalla-2021-10-12-a-las-11.18.33-p.-m..png","type":"image\/png"}],"author":"P\u00e1gina 10","twitter_card":"summary_large_image","twitter_creator":"@Pag10com","twitter_site":"@Pag10com","twitter_misc":{"Escrito por":"P\u00e1gina 10","Tiempo de lectura":"2 minutos"},"schema":{"@context":"https:\/\/schema.org","@graph":[{"@type":"Article","@id":"https:\/\/pagina10.com\/web\/gobernacion-de-narino-se-une-a-la-gran-sembraton-nacional-este-12-de-octubre\/#article","isPartOf":{"@id":"https:\/\/pagina10.com\/web\/gobernacion-de-narino-se-une-a-la-gran-sembraton-nacional-este-12-de-octubre\/"},"author":{"name":"P\u00e1gina 10","@id":"https:\/\/pagina10.com\/web\/#\/schema\/person\/2efc4a090d25b667d3bc796798a3a81b"},"headline":"Gobernaci\u00f3n de Nari\u00f1o se une a la Gran Sembrat\u00f3n Nacional este 12 de octubre","datePublished":"2021-10-13T04:19:21+00:00","mainEntityOfPage":{"@id":"https:\/\/pagina10.com\/web\/gobernacion-de-narino-se-une-a-la-gran-sembraton-nacional-este-12-de-octubre\/"},"wordCount":377,"commentCount":0,"publisher":{"@id":"https:\/\/pagina10.com\/web\/#organization"},"image":{"@id":"https:\/\/pagina10.com\/web\/gobernacion-de-narino-se-une-a-la-gran-sembraton-nacional-este-12-de-octubre\/#primaryimage"},"thumbnailUrl":"https:\/\/pagina10.com\/web\/wp-content\/uploads\/2021\/10\/Captura-de-Pantalla-2021-10-12-a-las-11.18.33-p.-m..png","articleSection":["Regiones"],"inLanguage":"es","potentialAction":[{"@type":"CommentAction","name":"Comment","target":["https:\/\/pagina10.com\/web\/gobernacion-de-narino-se-une-a-la-gran-sembraton-nacional-este-12-de-octubre\/#respond"]}]},{"@type":"WebPage","@id":"https:\/\/pagina10.com\/web\/gobernacion-de-narino-se-une-a-la-gran-sembraton-nacional-este-12-de-octubre\/","url":"https:\/\/pagina10.com\/web\/gobernacion-de-narino-se-une-a-la-gran-sembraton-nacional-este-12-de-octubre\/","name":"Gobernaci\u00f3n de Nari\u00f1o se une a la Gran Sembrat\u00f3n Nacional este 12 de octubre | P\u00e1gina10","isPartOf":{"@id":"https:\/\/pagina10.com\/web\/#website"},"primaryImageOfPage":{"@id":"https:\/\/pagina10.com\/web\/gobernacion-de-narino-se-une-a-la-gran-sembraton-nacional-este-12-de-octubre\/#primaryimage"},"image":{"@id":"https:\/\/pagina10.com\/web\/gobernacion-de-narino-se-une-a-la-gran-sembraton-nacional-este-12-de-octubre\/#primaryimage"},"thumbnailUrl":"https:\/\/pagina10.com\/web\/wp-content\/uploads\/2021\/10\/Captura-de-Pantalla-2021-10-12-a-las-11.18.33-p.-m..png","datePublished":"2021-10-13T04:19:21+00:00","breadcrumb":{"@id":"https:\/\/pagina10.com\/web\/gobernacion-de-narino-se-une-a-la-gran-sembraton-nacional-este-12-de-octubre\/#breadcrumb"},"inLanguage":"es","potentialAction":[{"@type":"ReadAction","target":["https:\/\/pagina10.com\/web\/gobernacion-de-narino-se-une-a-la-gran-sembraton-nacional-este-12-de-octubre\/"]}]},{"@type":"ImageObject","inLanguage":"es","@id":"https:\/\/pagina10.com\/web\/gobernacion-de-narino-se-une-a-la-gran-sembraton-nacional-este-12-de-octubre\/#primaryimage","url":"https:\/\/pagina10.com\/web\/wp-content\/uploads\/2021\/10\/Captura-de-Pantalla-2021-10-12-a-las-11.18.33-p.-m..png","contentUrl":"https:\/\/pagina10.com\/web\/wp-content\/uploads\/2021\/10\/Captura-de-Pantalla-2021-10-12-a-las-11.18.33-p.-m..png","width":415,"height":351},{"@type":"BreadcrumbList","@id":"https:\/\/pagina10.com\/web\/gobernacion-de-narino-se-une-a-la-gran-sembraton-nacional-este-12-de-octubre\/#breadcrumb","itemListElement":[{"@type":"ListItem","position":1,"name":"Portada","item":"https:\/\/pagina10.com\/web\/"},{"@type":"ListItem","position":2,"name":"Gobernaci\u00f3n de Nari\u00f1o se une a la Gran Sembrat\u00f3n Nacional este 12 de octubre"}]},{"@type":"WebSite","@id":"https:\/\/pagina10.com\/web\/#website","url":"https:\/\/pagina10.com\/web\/","name":"P\u00e1gina10","description":"Peri\u00f3dico Regional","publisher":{"@id":"https:\/\/pagina10.com\/web\/#organization"},"alternateName":"P\u00e1gina10 Peri\u00f3dico Regional","potentialAction":[{"@type":"SearchAction","target":{"@type":"EntryPoint","urlTemplate":"https:\/\/pagina10.com\/web\/?s={search_term_string}"},"query-input":{"@type":"PropertyValueSpecification","valueRequired":true,"valueName":"search_term_string"}}],"inLanguage":"es"},{"@type":"Organization","@id":"https:\/\/pagina10.com\/web\/#organization","name":"P\u00e1gina10","alternateName":"P\u00e1gina10 Peri\u00f3dico Regional","url":"https:\/\/pagina10.com\/web\/","logo":{"@type":"ImageObject","inLanguage":"es","@id":"https:\/\/pagina10.com\/web\/#\/schema\/logo\/image\/","url":"https:\/\/pagina10.com\/web\/wp-content\/uploads\/2024\/01\/40-pagina-10-periodico-regional-pasto.jpg","contentUrl":"https:\/\/pagina10.com\/web\/wp-content\/uploads\/2024\/01\/40-pagina-10-periodico-regional-pasto.jpg","width":1280,"height":720,"caption":"P\u00e1gina10"},"image":{"@id":"https:\/\/pagina10.com\/web\/#\/schema\/logo\/image\/"},"sameAs":["https:\/\/www.facebook.com\/pag10com","https:\/\/x.com\/Pag10com","https:\/\/www.instagram.com\/pagina10col\/","https:\/\/youtube.com\/channel\/pag10","https:\/\/www.tiktok.com\/@p10col"]},{"@type":"Person","@id":"https:\/\/pagina10.com\/web\/#\/schema\/person\/2efc4a090d25b667d3bc796798a3a81b","name":"P\u00e1gina 10","description":"P\u00e1gina 10 es un peri\u00f3dico regional que nace en Colombia, en el departamento de Nari\u00f1o, con un enfoque global, fundamentado en cuatro pilares esenciales: la libertad, el pluralismo, la inclusi\u00f3n y la independencia. P\u00e1gina 10 hace referencia a Nari\u00f1o como el d\u00e9cimo departamento creado en Colombia, despu\u00e9s de un proceso pol\u00edtico liderado por actores y actrices regionales con el fin de obtener la independencia y autonom\u00eda de nuestros territorios. Con la creaci\u00f3n de P\u00e1gina 10 se pretende abrir un escenario para el dialogo, la reflexi\u00f3n y el debate que se extienda a otras geograf\u00edas de Am\u00e9rica Latina y del planeta, en una apuesta por transformar colectivamente los desaf\u00edos de un mundo contempor\u00e1neo, m\u00e1s all\u00e1 de las fronteras impuestas.","url":"https:\/\/pagina10.com\/web\/author\/pdiezadmin\/"}]}},"_links":{"self":[{"href":"https:\/\/pagina10.com\/web\/wp-json\/wp\/v2\/posts\/56111","targetHints":{"allow":["GET"]}}],"collection":[{"href":"https:\/\/pagina10.com\/web\/wp-json\/wp\/v2\/posts"}],"about":[{"href":"https:\/\/pagina10.com\/web\/wp-json\/wp\/v2\/types\/post"}],"author":[{"embeddable":true,"href":"https:\/\/pagina10.com\/web\/wp-json\/wp\/v2\/users\/1"}],"replies":[{"embeddable":true,"href":"https:\/\/pagina10.com\/web\/wp-json\/wp\/v2\/comments?post=56111"}],"version-history":[{"count":1,"href":"https:\/\/pagina10.com\/web\/wp-json\/wp\/v2\/posts\/56111\/revisions"}],"predecessor-version":[{"id":56113,"href":"https:\/\/pagina10.com\/web\/wp-json\/wp\/v2\/posts\/56111\/revisions\/56113"}],"wp:featuredmedia":[{"embeddable":true,"href":"https:\/\/pagina10.com\/web\/wp-json\/wp\/v2\/media\/56112"}],"wp:attachment":[{"href":"https:\/\/pagina10.com\/web\/wp-json\/wp\/v2\/media?parent=56111"}],"wp:term":[{"taxonomy":"category","embeddable":true,"href":"https:\/\/pagina10.com\/web\/wp-json\/wp\/v2\/categories?post=56111"},{"taxonomy":"post_tag","embeddable":true,"href":"https:\/\/pagina10.com\/web\/wp-json\/wp\/v2\/tags?post=56111"}],"curies":[{"name":"wp","href":"https:\/\/api.w.org\/{rel}","templated":true}]}}