{"id":56114,"date":"2021-10-12T23:21:57","date_gmt":"2021-10-13T04:21:57","guid":{"rendered":"https:\/\/pagina10.com\/web\/?p=56114"},"modified":"2021-10-12T23:41:53","modified_gmt":"2021-10-13T04:41:53","slug":"cumplimos-con-jornada-de-atencion-integral-para-habitantes-de-calle-en-tumaco","status":"publish","type":"post","link":"https:\/\/pagina10.com\/web\/cumplimos-con-jornada-de-atencion-integral-para-habitantes-de-calle-en-tumaco\/","title":{"rendered":"Cumplimos con jornada de atenci\u00f3n integral para habitantes de calle en Tumaco"},"content":{"rendered":"<p style=\"text-align: justify;\">Gracias a la articulaci\u00f3n entre la Gobernaci\u00f3n de Nari\u00f1o, a trav\u00e9s de la Secretar\u00eda de Equidad de G\u00e9nero e Inclusi\u00f3n Social -SEGIS, junto a la Mesa Municipal de Habitante de Calle, Polic\u00eda Nacional, Personer\u00eda y ente local de salud, se atendieron 50 personas con problem\u00e1tica de calle en el Distrito Especial de San Andr\u00e9s de Tumaco.<\/p>\n<div>A trav\u00e9s de la donaci\u00f3n de ropa en buen estado, alimentaci\u00f3n, aseo personal, desinfecci\u00f3n de la antigua plaza de mercado donde se ubican e inclusive habitan, vacunaci\u00f3n contra el COVID \u2013 19 y jornada deportiva, se ratific\u00f3 el compromiso con este grupo poblacional en extrema vulnerabilidad.<\/p>\n<div>\u201cSon varias las historias que se encuentran y que nos invitan a seguir trabajando como gobierno y sobre todo como sociedad, buscando la garant\u00eda de derechos de quienes m\u00e1s lo necesitan. De nuestra parte seguimos promoviendo la construcci\u00f3n de un Nari\u00f1o m\u00e1s incluyente\u201d, indic\u00f3 la Secretaria SEGIS, Ver\u00f3nica Caicedo.<\/p>\n<div style=\"text-align: justify;\">El compromiso desde el Subprograma de Habitante de Calle de la SEGIS es brindar asistencia t\u00e9cnica a la oficina referente de este municipio y en cumplimiento de las proyecciones y el plan de acci\u00f3n municipal, lograr la estructuraci\u00f3n de un proyecto de atenci\u00f3n integral permanente para este grupo poblacional.<\/div>\n<\/div>\n<\/div>\n","protected":false},"excerpt":{"rendered":"<p>Gracias a la articulaci\u00f3n entre la Gobernaci\u00f3n de Nari\u00f1o, a trav\u00e9s de la Secretar\u00eda de Equidad de G\u00e9nero e Inclusi\u00f3n Social -SEGIS, junto a la Mesa Municipal de Habitante de Calle, Polic\u00eda Nacional, Personer\u00eda y ente local de salud, se atendieron 50 personas con problem\u00e1tica de calle en el Distrito Especial de San Andr\u00e9s de [&hellip;]<\/p>\n","protected":false},"author":1,"featured_media":56115,"comment_status":"open","ping_status":"open","sticky":false,"template":"","format":"standard","meta":{"footnotes":""},"categories":[53],"tags":[],"class_list":["post-56114","post","type-post","status-publish","format-standard","has-post-thumbnail","hentry","category-regiones"],"yoast_head":"<!-- This site is optimized with the Yoast SEO plugin v27.1.1 - https:\/\/yoast.com\/product\/yoast-seo-wordpress\/ -->\n<title>Cumplimos con jornada de atenci\u00f3n integral para habitantes de calle en Tumaco | P\u00e1gina10<\/title>\n<meta name=\"robots\" content=\"index, follow, max-snippet:-1, max-image-preview:large, max-video-preview:-1\" \/>\n<link rel=\"canonical\" href=\"https:\/\/pagina10.com\/web\/cumplimos-con-jornada-de-atencion-integral-para-habitantes-de-calle-en-tumaco\/\" \/>\n<meta property=\"og:locale\" content=\"es_ES\" \/>\n<meta property=\"og:type\" content=\"article\" \/>\n<meta property=\"og:title\" content=\"Cumplimos con jornada de atenci\u00f3n integral para habitantes de calle en Tumaco | P\u00e1gina10\" \/>\n<meta property=\"og:description\" content=\"Gracias a la articulaci\u00f3n entre la Gobernaci\u00f3n de Nari\u00f1o, a trav\u00e9s de la Secretar\u00eda de Equidad de G\u00e9nero e Inclusi\u00f3n Social -SEGIS, junto a la Mesa Municipal de Habitante de Calle, Polic\u00eda Nacional, Personer\u00eda y ente local de salud, se atendieron 50 personas con problem\u00e1tica de calle en el Distrito Especial de San Andr\u00e9s de [&hellip;]\" \/>\n<meta property=\"og:url\" content=\"https:\/\/pagina10.com\/web\/cumplimos-con-jornada-de-atencion-integral-para-habitantes-de-calle-en-tumaco\/\" \/>\n<meta property=\"og:site_name\" content=\"P\u00e1gina10\" \/>\n<meta property=\"article:publisher\" content=\"https:\/\/www.facebook.com\/pag10com\" \/>\n<meta property=\"article:published_time\" content=\"2021-10-13T04:21:57+00:00\" \/>\n<meta property=\"article:modified_time\" content=\"2021-10-13T04:41:53+00:00\" \/>\n<meta property=\"og:image\" content=\"https:\/\/pagina10.com\/web\/wp-content\/uploads\/2021\/10\/Captura-de-Pantalla-2021-10-12-a-las-11.20.49-p.-m..png\" \/>\n\t<meta property=\"og:image:width\" content=\"407\" \/>\n\t<meta property=\"og:image:height\" content=\"231\" \/>\n\t<meta property=\"og:image:type\" content=\"image\/png\" \/>\n<meta name=\"author\" content=\"P\u00e1gina 10\" \/>\n<meta name=\"twitter:card\" content=\"summary_large_image\" \/>\n<meta name=\"twitter:creator\" content=\"@Pag10com\" \/>\n<meta name=\"twitter:site\" content=\"@Pag10com\" \/>\n<meta name=\"twitter:label1\" content=\"Escrito por\" \/>\n\t<meta name=\"twitter:data1\" content=\"P\u00e1gina 10\" \/>\n\t<meta name=\"twitter:label2\" content=\"Tiempo de lectura\" \/>\n\t<meta name=\"twitter:data2\" content=\"1 minuto\" \/>\n<script type=\"application\/ld+json\" class=\"yoast-schema-graph\">{\"@context\":\"https:\/\/schema.org\",\"@graph\":[{\"@type\":\"Article\",\"@id\":\"https:\/\/pagina10.com\/web\/cumplimos-con-jornada-de-atencion-integral-para-habitantes-de-calle-en-tumaco\/#article\",\"isPartOf\":{\"@id\":\"https:\/\/pagina10.com\/web\/cumplimos-con-jornada-de-atencion-integral-para-habitantes-de-calle-en-tumaco\/\"},\"author\":{\"name\":\"P\u00e1gina 10\",\"@id\":\"https:\/\/pagina10.com\/web\/#\/schema\/person\/2efc4a090d25b667d3bc796798a3a81b\"},\"headline\":\"Cumplimos con jornada de atenci\u00f3n integral para habitantes de calle en Tumaco\",\"datePublished\":\"2021-10-13T04:21:57+00:00\",\"dateModified\":\"2021-10-13T04:41:53+00:00\",\"mainEntityOfPage\":{\"@id\":\"https:\/\/pagina10.com\/web\/cumplimos-con-jornada-de-atencion-integral-para-habitantes-de-calle-en-tumaco\/\"},\"wordCount\":236,\"commentCount\":0,\"publisher\":{\"@id\":\"https:\/\/pagina10.com\/web\/#organization\"},\"image\":{\"@id\":\"https:\/\/pagina10.com\/web\/cumplimos-con-jornada-de-atencion-integral-para-habitantes-de-calle-en-tumaco\/#primaryimage\"},\"thumbnailUrl\":\"https:\/\/pagina10.com\/web\/wp-content\/uploads\/2021\/10\/Captura-de-Pantalla-2021-10-12-a-las-11.20.49-p.-m..png\",\"articleSection\":[\"Regiones\"],\"inLanguage\":\"es\",\"potentialAction\":[{\"@type\":\"CommentAction\",\"name\":\"Comment\",\"target\":[\"https:\/\/pagina10.com\/web\/cumplimos-con-jornada-de-atencion-integral-para-habitantes-de-calle-en-tumaco\/#respond\"]}]},{\"@type\":\"WebPage\",\"@id\":\"https:\/\/pagina10.com\/web\/cumplimos-con-jornada-de-atencion-integral-para-habitantes-de-calle-en-tumaco\/\",\"url\":\"https:\/\/pagina10.com\/web\/cumplimos-con-jornada-de-atencion-integral-para-habitantes-de-calle-en-tumaco\/\",\"name\":\"Cumplimos con jornada de atenci\u00f3n integral para habitantes de calle en Tumaco | P\u00e1gina10\",\"isPartOf\":{\"@id\":\"https:\/\/pagina10.com\/web\/#website\"},\"primaryImageOfPage\":{\"@id\":\"https:\/\/pagina10.com\/web\/cumplimos-con-jornada-de-atencion-integral-para-habitantes-de-calle-en-tumaco\/#primaryimage\"},\"image\":{\"@id\":\"https:\/\/pagina10.com\/web\/cumplimos-con-jornada-de-atencion-integral-para-habitantes-de-calle-en-tumaco\/#primaryimage\"},\"thumbnailUrl\":\"https:\/\/pagina10.com\/web\/wp-content\/uploads\/2021\/10\/Captura-de-Pantalla-2021-10-12-a-las-11.20.49-p.-m..png\",\"datePublished\":\"2021-10-13T04:21:57+00:00\",\"dateModified\":\"2021-10-13T04:41:53+00:00\",\"breadcrumb\":{\"@id\":\"https:\/\/pagina10.com\/web\/cumplimos-con-jornada-de-atencion-integral-para-habitantes-de-calle-en-tumaco\/#breadcrumb\"},\"inLanguage\":\"es\",\"potentialAction\":[{\"@type\":\"ReadAction\",\"target\":[\"https:\/\/pagina10.com\/web\/cumplimos-con-jornada-de-atencion-integral-para-habitantes-de-calle-en-tumaco\/\"]}]},{\"@type\":\"ImageObject\",\"inLanguage\":\"es\",\"@id\":\"https:\/\/pagina10.com\/web\/cumplimos-con-jornada-de-atencion-integral-para-habitantes-de-calle-en-tumaco\/#primaryimage\",\"url\":\"https:\/\/pagina10.com\/web\/wp-content\/uploads\/2021\/10\/Captura-de-Pantalla-2021-10-12-a-las-11.20.49-p.-m..png\",\"contentUrl\":\"https:\/\/pagina10.com\/web\/wp-content\/uploads\/2021\/10\/Captura-de-Pantalla-2021-10-12-a-las-11.20.49-p.-m..png\",\"width\":407,\"height\":231},{\"@type\":\"BreadcrumbList\",\"@id\":\"https:\/\/pagina10.com\/web\/cumplimos-con-jornada-de-atencion-integral-para-habitantes-de-calle-en-tumaco\/#breadcrumb\",\"itemListElement\":[{\"@type\":\"ListItem\",\"position\":1,\"name\":\"Portada\",\"item\":\"https:\/\/pagina10.com\/web\/\"},{\"@type\":\"ListItem\",\"position\":2,\"name\":\"Cumplimos con jornada de atenci\u00f3n integral para habitantes de calle en Tumaco\"}]},{\"@type\":\"WebSite\",\"@id\":\"https:\/\/pagina10.com\/web\/#website\",\"url\":\"https:\/\/pagina10.com\/web\/\",\"name\":\"P\u00e1gina10\",\"description\":\"Peri\u00f3dico Regional\",\"publisher\":{\"@id\":\"https:\/\/pagina10.com\/web\/#organization\"},\"alternateName\":\"P\u00e1gina10 Peri\u00f3dico Regional\",\"potentialAction\":[{\"@type\":\"SearchAction\",\"target\":{\"@type\":\"EntryPoint\",\"urlTemplate\":\"https:\/\/pagina10.com\/web\/?s={search_term_string}\"},\"query-input\":{\"@type\":\"PropertyValueSpecification\",\"valueRequired\":true,\"valueName\":\"search_term_string\"}}],\"inLanguage\":\"es\"},{\"@type\":\"Organization\",\"@id\":\"https:\/\/pagina10.com\/web\/#organization\",\"name\":\"P\u00e1gina10\",\"alternateName\":\"P\u00e1gina10 Peri\u00f3dico Regional\",\"url\":\"https:\/\/pagina10.com\/web\/\",\"logo\":{\"@type\":\"ImageObject\",\"inLanguage\":\"es\",\"@id\":\"https:\/\/pagina10.com\/web\/#\/schema\/logo\/image\/\",\"url\":\"https:\/\/pagina10.com\/web\/wp-content\/uploads\/2024\/01\/40-pagina-10-periodico-regional-pasto.jpg\",\"contentUrl\":\"https:\/\/pagina10.com\/web\/wp-content\/uploads\/2024\/01\/40-pagina-10-periodico-regional-pasto.jpg\",\"width\":1280,\"height\":720,\"caption\":\"P\u00e1gina10\"},\"image\":{\"@id\":\"https:\/\/pagina10.com\/web\/#\/schema\/logo\/image\/\"},\"sameAs\":[\"https:\/\/www.facebook.com\/pag10com\",\"https:\/\/x.com\/Pag10com\",\"https:\/\/www.instagram.com\/pagina10col\/\",\"https:\/\/youtube.com\/channel\/pag10\",\"https:\/\/www.tiktok.com\/@p10col\"]},{\"@type\":\"Person\",\"@id\":\"https:\/\/pagina10.com\/web\/#\/schema\/person\/2efc4a090d25b667d3bc796798a3a81b\",\"name\":\"P\u00e1gina 10\",\"description\":\"P\u00e1gina 10 es un peri\u00f3dico regional que nace en Colombia, en el departamento de Nari\u00f1o, con un enfoque global, fundamentado en cuatro pilares esenciales: la libertad, el pluralismo, la inclusi\u00f3n y la independencia. P\u00e1gina 10 hace referencia a Nari\u00f1o como el d\u00e9cimo departamento creado en Colombia, despu\u00e9s de un proceso pol\u00edtico liderado por actores y actrices regionales con el fin de obtener la independencia y autonom\u00eda de nuestros territorios. Con la creaci\u00f3n de P\u00e1gina 10 se pretende abrir un escenario para el dialogo, la reflexi\u00f3n y el debate que se extienda a otras geograf\u00edas de Am\u00e9rica Latina y del planeta, en una apuesta por transformar colectivamente los desaf\u00edos de un mundo contempor\u00e1neo, m\u00e1s all\u00e1 de las fronteras impuestas.\",\"url\":\"https:\/\/pagina10.com\/web\/author\/pdiezadmin\/\"}]}<\/script>\n<!-- \/ Yoast SEO plugin. -->","yoast_head_json":{"title":"Cumplimos con jornada de atenci\u00f3n integral para habitantes de calle en Tumaco | P\u00e1gina10","robots":{"index":"index","follow":"follow","max-snippet":"max-snippet:-1","max-image-preview":"max-image-preview:large","max-video-preview":"max-video-preview:-1"},"canonical":"https:\/\/pagina10.com\/web\/cumplimos-con-jornada-de-atencion-integral-para-habitantes-de-calle-en-tumaco\/","og_locale":"es_ES","og_type":"article","og_title":"Cumplimos con jornada de atenci\u00f3n integral para habitantes de calle en Tumaco | P\u00e1gina10","og_description":"Gracias a la articulaci\u00f3n entre la Gobernaci\u00f3n de Nari\u00f1o, a trav\u00e9s de la Secretar\u00eda de Equidad de G\u00e9nero e Inclusi\u00f3n Social -SEGIS, junto a la Mesa Municipal de Habitante de Calle, Polic\u00eda Nacional, Personer\u00eda y ente local de salud, se atendieron 50 personas con problem\u00e1tica de calle en el Distrito Especial de San Andr\u00e9s de [&hellip;]","og_url":"https:\/\/pagina10.com\/web\/cumplimos-con-jornada-de-atencion-integral-para-habitantes-de-calle-en-tumaco\/","og_site_name":"P\u00e1gina10","article_publisher":"https:\/\/www.facebook.com\/pag10com","article_published_time":"2021-10-13T04:21:57+00:00","article_modified_time":"2021-10-13T04:41:53+00:00","og_image":[{"width":407,"height":231,"url":"https:\/\/pagina10.com\/web\/wp-content\/uploads\/2021\/10\/Captura-de-Pantalla-2021-10-12-a-las-11.20.49-p.-m..png","type":"image\/png"}],"author":"P\u00e1gina 10","twitter_card":"summary_large_image","twitter_creator":"@Pag10com","twitter_site":"@Pag10com","twitter_misc":{"Escrito por":"P\u00e1gina 10","Tiempo de lectura":"1 minuto"},"schema":{"@context":"https:\/\/schema.org","@graph":[{"@type":"Article","@id":"https:\/\/pagina10.com\/web\/cumplimos-con-jornada-de-atencion-integral-para-habitantes-de-calle-en-tumaco\/#article","isPartOf":{"@id":"https:\/\/pagina10.com\/web\/cumplimos-con-jornada-de-atencion-integral-para-habitantes-de-calle-en-tumaco\/"},"author":{"name":"P\u00e1gina 10","@id":"https:\/\/pagina10.com\/web\/#\/schema\/person\/2efc4a090d25b667d3bc796798a3a81b"},"headline":"Cumplimos con jornada de atenci\u00f3n integral para habitantes de calle en Tumaco","datePublished":"2021-10-13T04:21:57+00:00","dateModified":"2021-10-13T04:41:53+00:00","mainEntityOfPage":{"@id":"https:\/\/pagina10.com\/web\/cumplimos-con-jornada-de-atencion-integral-para-habitantes-de-calle-en-tumaco\/"},"wordCount":236,"commentCount":0,"publisher":{"@id":"https:\/\/pagina10.com\/web\/#organization"},"image":{"@id":"https:\/\/pagina10.com\/web\/cumplimos-con-jornada-de-atencion-integral-para-habitantes-de-calle-en-tumaco\/#primaryimage"},"thumbnailUrl":"https:\/\/pagina10.com\/web\/wp-content\/uploads\/2021\/10\/Captura-de-Pantalla-2021-10-12-a-las-11.20.49-p.-m..png","articleSection":["Regiones"],"inLanguage":"es","potentialAction":[{"@type":"CommentAction","name":"Comment","target":["https:\/\/pagina10.com\/web\/cumplimos-con-jornada-de-atencion-integral-para-habitantes-de-calle-en-tumaco\/#respond"]}]},{"@type":"WebPage","@id":"https:\/\/pagina10.com\/web\/cumplimos-con-jornada-de-atencion-integral-para-habitantes-de-calle-en-tumaco\/","url":"https:\/\/pagina10.com\/web\/cumplimos-con-jornada-de-atencion-integral-para-habitantes-de-calle-en-tumaco\/","name":"Cumplimos con jornada de atenci\u00f3n integral para habitantes de calle en Tumaco | P\u00e1gina10","isPartOf":{"@id":"https:\/\/pagina10.com\/web\/#website"},"primaryImageOfPage":{"@id":"https:\/\/pagina10.com\/web\/cumplimos-con-jornada-de-atencion-integral-para-habitantes-de-calle-en-tumaco\/#primaryimage"},"image":{"@id":"https:\/\/pagina10.com\/web\/cumplimos-con-jornada-de-atencion-integral-para-habitantes-de-calle-en-tumaco\/#primaryimage"},"thumbnailUrl":"https:\/\/pagina10.com\/web\/wp-content\/uploads\/2021\/10\/Captura-de-Pantalla-2021-10-12-a-las-11.20.49-p.-m..png","datePublished":"2021-10-13T04:21:57+00:00","dateModified":"2021-10-13T04:41:53+00:00","breadcrumb":{"@id":"https:\/\/pagina10.com\/web\/cumplimos-con-jornada-de-atencion-integral-para-habitantes-de-calle-en-tumaco\/#breadcrumb"},"inLanguage":"es","potentialAction":[{"@type":"ReadAction","target":["https:\/\/pagina10.com\/web\/cumplimos-con-jornada-de-atencion-integral-para-habitantes-de-calle-en-tumaco\/"]}]},{"@type":"ImageObject","inLanguage":"es","@id":"https:\/\/pagina10.com\/web\/cumplimos-con-jornada-de-atencion-integral-para-habitantes-de-calle-en-tumaco\/#primaryimage","url":"https:\/\/pagina10.com\/web\/wp-content\/uploads\/2021\/10\/Captura-de-Pantalla-2021-10-12-a-las-11.20.49-p.-m..png","contentUrl":"https:\/\/pagina10.com\/web\/wp-content\/uploads\/2021\/10\/Captura-de-Pantalla-2021-10-12-a-las-11.20.49-p.-m..png","width":407,"height":231},{"@type":"BreadcrumbList","@id":"https:\/\/pagina10.com\/web\/cumplimos-con-jornada-de-atencion-integral-para-habitantes-de-calle-en-tumaco\/#breadcrumb","itemListElement":[{"@type":"ListItem","position":1,"name":"Portada","item":"https:\/\/pagina10.com\/web\/"},{"@type":"ListItem","position":2,"name":"Cumplimos con jornada de atenci\u00f3n integral para habitantes de calle en Tumaco"}]},{"@type":"WebSite","@id":"https:\/\/pagina10.com\/web\/#website","url":"https:\/\/pagina10.com\/web\/","name":"P\u00e1gina10","description":"Peri\u00f3dico Regional","publisher":{"@id":"https:\/\/pagina10.com\/web\/#organization"},"alternateName":"P\u00e1gina10 Peri\u00f3dico Regional","potentialAction":[{"@type":"SearchAction","target":{"@type":"EntryPoint","urlTemplate":"https:\/\/pagina10.com\/web\/?s={search_term_string}"},"query-input":{"@type":"PropertyValueSpecification","valueRequired":true,"valueName":"search_term_string"}}],"inLanguage":"es"},{"@type":"Organization","@id":"https:\/\/pagina10.com\/web\/#organization","name":"P\u00e1gina10","alternateName":"P\u00e1gina10 Peri\u00f3dico Regional","url":"https:\/\/pagina10.com\/web\/","logo":{"@type":"ImageObject","inLanguage":"es","@id":"https:\/\/pagina10.com\/web\/#\/schema\/logo\/image\/","url":"https:\/\/pagina10.com\/web\/wp-content\/uploads\/2024\/01\/40-pagina-10-periodico-regional-pasto.jpg","contentUrl":"https:\/\/pagina10.com\/web\/wp-content\/uploads\/2024\/01\/40-pagina-10-periodico-regional-pasto.jpg","width":1280,"height":720,"caption":"P\u00e1gina10"},"image":{"@id":"https:\/\/pagina10.com\/web\/#\/schema\/logo\/image\/"},"sameAs":["https:\/\/www.facebook.com\/pag10com","https:\/\/x.com\/Pag10com","https:\/\/www.instagram.com\/pagina10col\/","https:\/\/youtube.com\/channel\/pag10","https:\/\/www.tiktok.com\/@p10col"]},{"@type":"Person","@id":"https:\/\/pagina10.com\/web\/#\/schema\/person\/2efc4a090d25b667d3bc796798a3a81b","name":"P\u00e1gina 10","description":"P\u00e1gina 10 es un peri\u00f3dico regional que nace en Colombia, en el departamento de Nari\u00f1o, con un enfoque global, fundamentado en cuatro pilares esenciales: la libertad, el pluralismo, la inclusi\u00f3n y la independencia. P\u00e1gina 10 hace referencia a Nari\u00f1o como el d\u00e9cimo departamento creado en Colombia, despu\u00e9s de un proceso pol\u00edtico liderado por actores y actrices regionales con el fin de obtener la independencia y autonom\u00eda de nuestros territorios. Con la creaci\u00f3n de P\u00e1gina 10 se pretende abrir un escenario para el dialogo, la reflexi\u00f3n y el debate que se extienda a otras geograf\u00edas de Am\u00e9rica Latina y del planeta, en una apuesta por transformar colectivamente los desaf\u00edos de un mundo contempor\u00e1neo, m\u00e1s all\u00e1 de las fronteras impuestas.","url":"https:\/\/pagina10.com\/web\/author\/pdiezadmin\/"}]}},"_links":{"self":[{"href":"https:\/\/pagina10.com\/web\/wp-json\/wp\/v2\/posts\/56114","targetHints":{"allow":["GET"]}}],"collection":[{"href":"https:\/\/pagina10.com\/web\/wp-json\/wp\/v2\/posts"}],"about":[{"href":"https:\/\/pagina10.com\/web\/wp-json\/wp\/v2\/types\/post"}],"author":[{"embeddable":true,"href":"https:\/\/pagina10.com\/web\/wp-json\/wp\/v2\/users\/1"}],"replies":[{"embeddable":true,"href":"https:\/\/pagina10.com\/web\/wp-json\/wp\/v2\/comments?post=56114"}],"version-history":[{"count":2,"href":"https:\/\/pagina10.com\/web\/wp-json\/wp\/v2\/posts\/56114\/revisions"}],"predecessor-version":[{"id":56117,"href":"https:\/\/pagina10.com\/web\/wp-json\/wp\/v2\/posts\/56114\/revisions\/56117"}],"wp:featuredmedia":[{"embeddable":true,"href":"https:\/\/pagina10.com\/web\/wp-json\/wp\/v2\/media\/56115"}],"wp:attachment":[{"href":"https:\/\/pagina10.com\/web\/wp-json\/wp\/v2\/media?parent=56114"}],"wp:term":[{"taxonomy":"category","embeddable":true,"href":"https:\/\/pagina10.com\/web\/wp-json\/wp\/v2\/categories?post=56114"},{"taxonomy":"post_tag","embeddable":true,"href":"https:\/\/pagina10.com\/web\/wp-json\/wp\/v2\/tags?post=56114"}],"curies":[{"name":"wp","href":"https:\/\/api.w.org\/{rel}","templated":true}]}}