{"id":56140,"date":"2021-10-14T12:13:17","date_gmt":"2021-10-14T17:13:17","guid":{"rendered":"https:\/\/pagina10.com\/web\/?p=56140"},"modified":"2021-10-14T12:13:17","modified_gmt":"2021-10-14T17:13:17","slug":"310-000-arboles-fueron-sembrados-en-el-departamento-de-narino-en-la-gran-sembraton-nacional","status":"publish","type":"post","link":"https:\/\/pagina10.com\/web\/310-000-arboles-fueron-sembrados-en-el-departamento-de-narino-en-la-gran-sembraton-nacional\/","title":{"rendered":"310.000 \u00e1rboles fueron sembrados en el departamento de Nari\u00f1o, en la Gran Sembrat\u00f3n Nacional"},"content":{"rendered":"<p style=\"text-align: justify;\">Bajo el lema \u2018Un \u00e1rbol para conservar la vida\u2019, la Gobernaci\u00f3n de Nari\u00f1o, a trav\u00e9s de la Secretar\u00eda de Ambiente y Desarrollo Sostenible, particip\u00f3 de la Gran Sembrat\u00f3n Nacional 2021. Durante la jornada se realiz\u00f3 la siembra de 310.000 \u00e1rboles que aportan a la meta de m\u00e1s de 2 millones de \u00e1rboles en todo el departamento de Nari\u00f1o a 2022 y contribuyendo a la meta de nacional de 180 millones de \u00e1rboles.<\/p>\n<div>\nLa jornada de siembra, realizada en el municipio de Pasto, en el Servicio Nacional de Aprendizaje -SENA, se desarroll\u00f3 en articulaci\u00f3n con la Corporaci\u00f3n Aut\u00f3noma Regional de Nari\u00f1o &#8211; Corponari\u00f1o, SENA, Empopasto, alcald\u00edas municipales, entidades y comunidad en general. Adem\u00e1s, cont\u00f3 con la participaci\u00f3n del Viceministro de Ambiente y Desarrollo Sostenible, Francisco Cruz.<\/p>\n<div>\n\u201cLo que buscamos es contribuir a la restauraci\u00f3n ecol\u00f3gica de los diferentes ecosistemas que tenemos en el departamento de Nari\u00f1o, en la que tambi\u00e9n nos aportan los diferentes municipios, organizaciones ambientalistas y de la sociedad civil, que siembran plantas como sin\u00f3nimo de sembrar vida, proteger los ecosistemas y conservar el l\u00edquido vital que es el agua\u201d, manifest\u00f3 el Secretario de Ambiente y Desarrollo Sostenible de Nari\u00f1o, Pablo Aguirre.<\/p>\n<div style=\"text-align: justify;\">\nPor su parte el Viceministro de Ambiente y Desarrollo Sostenible Francisco Cruz indic\u00f3 que: \u201cInvito a que sembremos \u00e1rboles para la vida, para producir ox\u00edgeno, para embellecer nuestro entorno y darle un mejor futuro a las generaciones que vienen\u201d.<br \/>\nAlgunas de las especies nativas que se sembraron en el departamento son: Aliso, Laurel de Cera, Guayac\u00e1n, Quillotocto, Pichuelo, Impamo, Cucharo, Pelotillo, Cajeto, Cerote, Pumamaqu\u00ed, Sauco, Alcaparro y Array\u00e1n.<\/div>\n<div style=\"text-align: justify;\">\nCabe resaltar que, Nari\u00f1o es el tercer departamento que m\u00e1s \u00e1rboles ha sembrado en el pa\u00eds con un acumulado de 820 mil \u00e1rboles hasta la fecha. Mediante esta siembra ratificamos nuestro compromiso ambiental, con la restauraci\u00f3n ecol\u00f3gica y la mitigaci\u00f3n de los efectos del cambio clim\u00e1tico, previstos como factores de intervenci\u00f3n en el eje estrat\u00e9gico de Mi Nari\u00f1o Sostenible.<\/p>\n<p>Instituciones como la Concesionaria Vial del Sur, Polic\u00eda Nacional y Ej\u00e9rcito Nacional, tambi\u00e9n se sumaron a esta campa\u00f1a, en pro de nuestro ambiente, bosques y ecosistemas<\/p><\/div>\n<\/div>\n<\/div>\n","protected":false},"excerpt":{"rendered":"<p>Bajo el lema \u2018Un \u00e1rbol para conservar la vida\u2019, la Gobernaci\u00f3n de Nari\u00f1o, a trav\u00e9s de la Secretar\u00eda de Ambiente y Desarrollo Sostenible, particip\u00f3 de la Gran Sembrat\u00f3n Nacional 2021. Durante la jornada se realiz\u00f3 la siembra de 310.000 \u00e1rboles que aportan a la meta de m\u00e1s de 2 millones de \u00e1rboles en todo el [&hellip;]<\/p>\n","protected":false},"author":1,"featured_media":56141,"comment_status":"open","ping_status":"open","sticky":false,"template":"","format":"standard","meta":{"footnotes":""},"categories":[53],"tags":[],"class_list":["post-56140","post","type-post","status-publish","format-standard","has-post-thumbnail","hentry","category-regiones"],"yoast_head":"<!-- This site is optimized with the Yoast SEO plugin v27.1.1 - https:\/\/yoast.com\/product\/yoast-seo-wordpress\/ -->\n<title>310.000 \u00e1rboles fueron sembrados en el departamento de Nari\u00f1o, en la Gran Sembrat\u00f3n Nacional | P\u00e1gina10<\/title>\n<meta name=\"robots\" content=\"index, follow, max-snippet:-1, max-image-preview:large, max-video-preview:-1\" \/>\n<link rel=\"canonical\" href=\"https:\/\/pagina10.com\/web\/310-000-arboles-fueron-sembrados-en-el-departamento-de-narino-en-la-gran-sembraton-nacional\/\" \/>\n<meta property=\"og:locale\" content=\"es_ES\" \/>\n<meta property=\"og:type\" content=\"article\" \/>\n<meta property=\"og:title\" content=\"310.000 \u00e1rboles fueron sembrados en el departamento de Nari\u00f1o, en la Gran Sembrat\u00f3n Nacional | P\u00e1gina10\" \/>\n<meta property=\"og:description\" content=\"Bajo el lema \u2018Un \u00e1rbol para conservar la vida\u2019, la Gobernaci\u00f3n de Nari\u00f1o, a trav\u00e9s de la Secretar\u00eda de Ambiente y Desarrollo Sostenible, particip\u00f3 de la Gran Sembrat\u00f3n Nacional 2021. Durante la jornada se realiz\u00f3 la siembra de 310.000 \u00e1rboles que aportan a la meta de m\u00e1s de 2 millones de \u00e1rboles en todo el [&hellip;]\" \/>\n<meta property=\"og:url\" content=\"https:\/\/pagina10.com\/web\/310-000-arboles-fueron-sembrados-en-el-departamento-de-narino-en-la-gran-sembraton-nacional\/\" \/>\n<meta property=\"og:site_name\" content=\"P\u00e1gina10\" \/>\n<meta property=\"article:publisher\" content=\"https:\/\/www.facebook.com\/pag10com\" \/>\n<meta property=\"article:published_time\" content=\"2021-10-14T17:13:17+00:00\" \/>\n<meta property=\"og:image\" content=\"https:\/\/pagina10.com\/web\/wp-content\/uploads\/2021\/10\/Captura-de-Pantalla-2021-10-14-a-las-12.12.45-p.-m..png\" \/>\n\t<meta property=\"og:image:width\" content=\"435\" \/>\n\t<meta property=\"og:image:height\" content=\"265\" \/>\n\t<meta property=\"og:image:type\" content=\"image\/png\" \/>\n<meta name=\"author\" content=\"P\u00e1gina 10\" \/>\n<meta name=\"twitter:card\" content=\"summary_large_image\" \/>\n<meta name=\"twitter:creator\" content=\"@Pag10com\" \/>\n<meta name=\"twitter:site\" content=\"@Pag10com\" \/>\n<meta name=\"twitter:label1\" content=\"Escrito por\" \/>\n\t<meta name=\"twitter:data1\" content=\"P\u00e1gina 10\" \/>\n\t<meta name=\"twitter:label2\" content=\"Tiempo de lectura\" \/>\n\t<meta name=\"twitter:data2\" content=\"2 minutos\" \/>\n<script type=\"application\/ld+json\" class=\"yoast-schema-graph\">{\"@context\":\"https:\/\/schema.org\",\"@graph\":[{\"@type\":\"Article\",\"@id\":\"https:\/\/pagina10.com\/web\/310-000-arboles-fueron-sembrados-en-el-departamento-de-narino-en-la-gran-sembraton-nacional\/#article\",\"isPartOf\":{\"@id\":\"https:\/\/pagina10.com\/web\/310-000-arboles-fueron-sembrados-en-el-departamento-de-narino-en-la-gran-sembraton-nacional\/\"},\"author\":{\"name\":\"P\u00e1gina 10\",\"@id\":\"https:\/\/pagina10.com\/web\/#\/schema\/person\/2efc4a090d25b667d3bc796798a3a81b\"},\"headline\":\"310.000 \u00e1rboles fueron sembrados en el departamento de Nari\u00f1o, en la Gran Sembrat\u00f3n Nacional\",\"datePublished\":\"2021-10-14T17:13:17+00:00\",\"mainEntityOfPage\":{\"@id\":\"https:\/\/pagina10.com\/web\/310-000-arboles-fueron-sembrados-en-el-departamento-de-narino-en-la-gran-sembraton-nacional\/\"},\"wordCount\":394,\"commentCount\":0,\"publisher\":{\"@id\":\"https:\/\/pagina10.com\/web\/#organization\"},\"image\":{\"@id\":\"https:\/\/pagina10.com\/web\/310-000-arboles-fueron-sembrados-en-el-departamento-de-narino-en-la-gran-sembraton-nacional\/#primaryimage\"},\"thumbnailUrl\":\"https:\/\/pagina10.com\/web\/wp-content\/uploads\/2021\/10\/Captura-de-Pantalla-2021-10-14-a-las-12.12.45-p.-m..png\",\"articleSection\":[\"Regiones\"],\"inLanguage\":\"es\",\"potentialAction\":[{\"@type\":\"CommentAction\",\"name\":\"Comment\",\"target\":[\"https:\/\/pagina10.com\/web\/310-000-arboles-fueron-sembrados-en-el-departamento-de-narino-en-la-gran-sembraton-nacional\/#respond\"]}]},{\"@type\":\"WebPage\",\"@id\":\"https:\/\/pagina10.com\/web\/310-000-arboles-fueron-sembrados-en-el-departamento-de-narino-en-la-gran-sembraton-nacional\/\",\"url\":\"https:\/\/pagina10.com\/web\/310-000-arboles-fueron-sembrados-en-el-departamento-de-narino-en-la-gran-sembraton-nacional\/\",\"name\":\"310.000 \u00e1rboles fueron sembrados en el departamento de Nari\u00f1o, en la Gran Sembrat\u00f3n Nacional | P\u00e1gina10\",\"isPartOf\":{\"@id\":\"https:\/\/pagina10.com\/web\/#website\"},\"primaryImageOfPage\":{\"@id\":\"https:\/\/pagina10.com\/web\/310-000-arboles-fueron-sembrados-en-el-departamento-de-narino-en-la-gran-sembraton-nacional\/#primaryimage\"},\"image\":{\"@id\":\"https:\/\/pagina10.com\/web\/310-000-arboles-fueron-sembrados-en-el-departamento-de-narino-en-la-gran-sembraton-nacional\/#primaryimage\"},\"thumbnailUrl\":\"https:\/\/pagina10.com\/web\/wp-content\/uploads\/2021\/10\/Captura-de-Pantalla-2021-10-14-a-las-12.12.45-p.-m..png\",\"datePublished\":\"2021-10-14T17:13:17+00:00\",\"breadcrumb\":{\"@id\":\"https:\/\/pagina10.com\/web\/310-000-arboles-fueron-sembrados-en-el-departamento-de-narino-en-la-gran-sembraton-nacional\/#breadcrumb\"},\"inLanguage\":\"es\",\"potentialAction\":[{\"@type\":\"ReadAction\",\"target\":[\"https:\/\/pagina10.com\/web\/310-000-arboles-fueron-sembrados-en-el-departamento-de-narino-en-la-gran-sembraton-nacional\/\"]}]},{\"@type\":\"ImageObject\",\"inLanguage\":\"es\",\"@id\":\"https:\/\/pagina10.com\/web\/310-000-arboles-fueron-sembrados-en-el-departamento-de-narino-en-la-gran-sembraton-nacional\/#primaryimage\",\"url\":\"https:\/\/pagina10.com\/web\/wp-content\/uploads\/2021\/10\/Captura-de-Pantalla-2021-10-14-a-las-12.12.45-p.-m..png\",\"contentUrl\":\"https:\/\/pagina10.com\/web\/wp-content\/uploads\/2021\/10\/Captura-de-Pantalla-2021-10-14-a-las-12.12.45-p.-m..png\",\"width\":435,\"height\":265},{\"@type\":\"BreadcrumbList\",\"@id\":\"https:\/\/pagina10.com\/web\/310-000-arboles-fueron-sembrados-en-el-departamento-de-narino-en-la-gran-sembraton-nacional\/#breadcrumb\",\"itemListElement\":[{\"@type\":\"ListItem\",\"position\":1,\"name\":\"Portada\",\"item\":\"https:\/\/pagina10.com\/web\/\"},{\"@type\":\"ListItem\",\"position\":2,\"name\":\"310.000 \u00e1rboles fueron sembrados en el departamento de Nari\u00f1o, en la Gran Sembrat\u00f3n Nacional\"}]},{\"@type\":\"WebSite\",\"@id\":\"https:\/\/pagina10.com\/web\/#website\",\"url\":\"https:\/\/pagina10.com\/web\/\",\"name\":\"P\u00e1gina10\",\"description\":\"Peri\u00f3dico Regional\",\"publisher\":{\"@id\":\"https:\/\/pagina10.com\/web\/#organization\"},\"alternateName\":\"P\u00e1gina10 Peri\u00f3dico Regional\",\"potentialAction\":[{\"@type\":\"SearchAction\",\"target\":{\"@type\":\"EntryPoint\",\"urlTemplate\":\"https:\/\/pagina10.com\/web\/?s={search_term_string}\"},\"query-input\":{\"@type\":\"PropertyValueSpecification\",\"valueRequired\":true,\"valueName\":\"search_term_string\"}}],\"inLanguage\":\"es\"},{\"@type\":\"Organization\",\"@id\":\"https:\/\/pagina10.com\/web\/#organization\",\"name\":\"P\u00e1gina10\",\"alternateName\":\"P\u00e1gina10 Peri\u00f3dico Regional\",\"url\":\"https:\/\/pagina10.com\/web\/\",\"logo\":{\"@type\":\"ImageObject\",\"inLanguage\":\"es\",\"@id\":\"https:\/\/pagina10.com\/web\/#\/schema\/logo\/image\/\",\"url\":\"https:\/\/pagina10.com\/web\/wp-content\/uploads\/2024\/01\/40-pagina-10-periodico-regional-pasto.jpg\",\"contentUrl\":\"https:\/\/pagina10.com\/web\/wp-content\/uploads\/2024\/01\/40-pagina-10-periodico-regional-pasto.jpg\",\"width\":1280,\"height\":720,\"caption\":\"P\u00e1gina10\"},\"image\":{\"@id\":\"https:\/\/pagina10.com\/web\/#\/schema\/logo\/image\/\"},\"sameAs\":[\"https:\/\/www.facebook.com\/pag10com\",\"https:\/\/x.com\/Pag10com\",\"https:\/\/www.instagram.com\/pagina10col\/\",\"https:\/\/youtube.com\/channel\/pag10\",\"https:\/\/www.tiktok.com\/@p10col\"]},{\"@type\":\"Person\",\"@id\":\"https:\/\/pagina10.com\/web\/#\/schema\/person\/2efc4a090d25b667d3bc796798a3a81b\",\"name\":\"P\u00e1gina 10\",\"description\":\"P\u00e1gina 10 es un peri\u00f3dico regional que nace en Colombia, en el departamento de Nari\u00f1o, con un enfoque global, fundamentado en cuatro pilares esenciales: la libertad, el pluralismo, la inclusi\u00f3n y la independencia. P\u00e1gina 10 hace referencia a Nari\u00f1o como el d\u00e9cimo departamento creado en Colombia, despu\u00e9s de un proceso pol\u00edtico liderado por actores y actrices regionales con el fin de obtener la independencia y autonom\u00eda de nuestros territorios. Con la creaci\u00f3n de P\u00e1gina 10 se pretende abrir un escenario para el dialogo, la reflexi\u00f3n y el debate que se extienda a otras geograf\u00edas de Am\u00e9rica Latina y del planeta, en una apuesta por transformar colectivamente los desaf\u00edos de un mundo contempor\u00e1neo, m\u00e1s all\u00e1 de las fronteras impuestas.\",\"url\":\"https:\/\/pagina10.com\/web\/author\/pdiezadmin\/\"}]}<\/script>\n<!-- \/ Yoast SEO plugin. -->","yoast_head_json":{"title":"310.000 \u00e1rboles fueron sembrados en el departamento de Nari\u00f1o, en la Gran Sembrat\u00f3n Nacional | P\u00e1gina10","robots":{"index":"index","follow":"follow","max-snippet":"max-snippet:-1","max-image-preview":"max-image-preview:large","max-video-preview":"max-video-preview:-1"},"canonical":"https:\/\/pagina10.com\/web\/310-000-arboles-fueron-sembrados-en-el-departamento-de-narino-en-la-gran-sembraton-nacional\/","og_locale":"es_ES","og_type":"article","og_title":"310.000 \u00e1rboles fueron sembrados en el departamento de Nari\u00f1o, en la Gran Sembrat\u00f3n Nacional | P\u00e1gina10","og_description":"Bajo el lema \u2018Un \u00e1rbol para conservar la vida\u2019, la Gobernaci\u00f3n de Nari\u00f1o, a trav\u00e9s de la Secretar\u00eda de Ambiente y Desarrollo Sostenible, particip\u00f3 de la Gran Sembrat\u00f3n Nacional 2021. Durante la jornada se realiz\u00f3 la siembra de 310.000 \u00e1rboles que aportan a la meta de m\u00e1s de 2 millones de \u00e1rboles en todo el [&hellip;]","og_url":"https:\/\/pagina10.com\/web\/310-000-arboles-fueron-sembrados-en-el-departamento-de-narino-en-la-gran-sembraton-nacional\/","og_site_name":"P\u00e1gina10","article_publisher":"https:\/\/www.facebook.com\/pag10com","article_published_time":"2021-10-14T17:13:17+00:00","og_image":[{"width":435,"height":265,"url":"https:\/\/pagina10.com\/web\/wp-content\/uploads\/2021\/10\/Captura-de-Pantalla-2021-10-14-a-las-12.12.45-p.-m..png","type":"image\/png"}],"author":"P\u00e1gina 10","twitter_card":"summary_large_image","twitter_creator":"@Pag10com","twitter_site":"@Pag10com","twitter_misc":{"Escrito por":"P\u00e1gina 10","Tiempo de lectura":"2 minutos"},"schema":{"@context":"https:\/\/schema.org","@graph":[{"@type":"Article","@id":"https:\/\/pagina10.com\/web\/310-000-arboles-fueron-sembrados-en-el-departamento-de-narino-en-la-gran-sembraton-nacional\/#article","isPartOf":{"@id":"https:\/\/pagina10.com\/web\/310-000-arboles-fueron-sembrados-en-el-departamento-de-narino-en-la-gran-sembraton-nacional\/"},"author":{"name":"P\u00e1gina 10","@id":"https:\/\/pagina10.com\/web\/#\/schema\/person\/2efc4a090d25b667d3bc796798a3a81b"},"headline":"310.000 \u00e1rboles fueron sembrados en el departamento de Nari\u00f1o, en la Gran Sembrat\u00f3n Nacional","datePublished":"2021-10-14T17:13:17+00:00","mainEntityOfPage":{"@id":"https:\/\/pagina10.com\/web\/310-000-arboles-fueron-sembrados-en-el-departamento-de-narino-en-la-gran-sembraton-nacional\/"},"wordCount":394,"commentCount":0,"publisher":{"@id":"https:\/\/pagina10.com\/web\/#organization"},"image":{"@id":"https:\/\/pagina10.com\/web\/310-000-arboles-fueron-sembrados-en-el-departamento-de-narino-en-la-gran-sembraton-nacional\/#primaryimage"},"thumbnailUrl":"https:\/\/pagina10.com\/web\/wp-content\/uploads\/2021\/10\/Captura-de-Pantalla-2021-10-14-a-las-12.12.45-p.-m..png","articleSection":["Regiones"],"inLanguage":"es","potentialAction":[{"@type":"CommentAction","name":"Comment","target":["https:\/\/pagina10.com\/web\/310-000-arboles-fueron-sembrados-en-el-departamento-de-narino-en-la-gran-sembraton-nacional\/#respond"]}]},{"@type":"WebPage","@id":"https:\/\/pagina10.com\/web\/310-000-arboles-fueron-sembrados-en-el-departamento-de-narino-en-la-gran-sembraton-nacional\/","url":"https:\/\/pagina10.com\/web\/310-000-arboles-fueron-sembrados-en-el-departamento-de-narino-en-la-gran-sembraton-nacional\/","name":"310.000 \u00e1rboles fueron sembrados en el departamento de Nari\u00f1o, en la Gran Sembrat\u00f3n Nacional | P\u00e1gina10","isPartOf":{"@id":"https:\/\/pagina10.com\/web\/#website"},"primaryImageOfPage":{"@id":"https:\/\/pagina10.com\/web\/310-000-arboles-fueron-sembrados-en-el-departamento-de-narino-en-la-gran-sembraton-nacional\/#primaryimage"},"image":{"@id":"https:\/\/pagina10.com\/web\/310-000-arboles-fueron-sembrados-en-el-departamento-de-narino-en-la-gran-sembraton-nacional\/#primaryimage"},"thumbnailUrl":"https:\/\/pagina10.com\/web\/wp-content\/uploads\/2021\/10\/Captura-de-Pantalla-2021-10-14-a-las-12.12.45-p.-m..png","datePublished":"2021-10-14T17:13:17+00:00","breadcrumb":{"@id":"https:\/\/pagina10.com\/web\/310-000-arboles-fueron-sembrados-en-el-departamento-de-narino-en-la-gran-sembraton-nacional\/#breadcrumb"},"inLanguage":"es","potentialAction":[{"@type":"ReadAction","target":["https:\/\/pagina10.com\/web\/310-000-arboles-fueron-sembrados-en-el-departamento-de-narino-en-la-gran-sembraton-nacional\/"]}]},{"@type":"ImageObject","inLanguage":"es","@id":"https:\/\/pagina10.com\/web\/310-000-arboles-fueron-sembrados-en-el-departamento-de-narino-en-la-gran-sembraton-nacional\/#primaryimage","url":"https:\/\/pagina10.com\/web\/wp-content\/uploads\/2021\/10\/Captura-de-Pantalla-2021-10-14-a-las-12.12.45-p.-m..png","contentUrl":"https:\/\/pagina10.com\/web\/wp-content\/uploads\/2021\/10\/Captura-de-Pantalla-2021-10-14-a-las-12.12.45-p.-m..png","width":435,"height":265},{"@type":"BreadcrumbList","@id":"https:\/\/pagina10.com\/web\/310-000-arboles-fueron-sembrados-en-el-departamento-de-narino-en-la-gran-sembraton-nacional\/#breadcrumb","itemListElement":[{"@type":"ListItem","position":1,"name":"Portada","item":"https:\/\/pagina10.com\/web\/"},{"@type":"ListItem","position":2,"name":"310.000 \u00e1rboles fueron sembrados en el departamento de Nari\u00f1o, en la Gran Sembrat\u00f3n Nacional"}]},{"@type":"WebSite","@id":"https:\/\/pagina10.com\/web\/#website","url":"https:\/\/pagina10.com\/web\/","name":"P\u00e1gina10","description":"Peri\u00f3dico Regional","publisher":{"@id":"https:\/\/pagina10.com\/web\/#organization"},"alternateName":"P\u00e1gina10 Peri\u00f3dico Regional","potentialAction":[{"@type":"SearchAction","target":{"@type":"EntryPoint","urlTemplate":"https:\/\/pagina10.com\/web\/?s={search_term_string}"},"query-input":{"@type":"PropertyValueSpecification","valueRequired":true,"valueName":"search_term_string"}}],"inLanguage":"es"},{"@type":"Organization","@id":"https:\/\/pagina10.com\/web\/#organization","name":"P\u00e1gina10","alternateName":"P\u00e1gina10 Peri\u00f3dico Regional","url":"https:\/\/pagina10.com\/web\/","logo":{"@type":"ImageObject","inLanguage":"es","@id":"https:\/\/pagina10.com\/web\/#\/schema\/logo\/image\/","url":"https:\/\/pagina10.com\/web\/wp-content\/uploads\/2024\/01\/40-pagina-10-periodico-regional-pasto.jpg","contentUrl":"https:\/\/pagina10.com\/web\/wp-content\/uploads\/2024\/01\/40-pagina-10-periodico-regional-pasto.jpg","width":1280,"height":720,"caption":"P\u00e1gina10"},"image":{"@id":"https:\/\/pagina10.com\/web\/#\/schema\/logo\/image\/"},"sameAs":["https:\/\/www.facebook.com\/pag10com","https:\/\/x.com\/Pag10com","https:\/\/www.instagram.com\/pagina10col\/","https:\/\/youtube.com\/channel\/pag10","https:\/\/www.tiktok.com\/@p10col"]},{"@type":"Person","@id":"https:\/\/pagina10.com\/web\/#\/schema\/person\/2efc4a090d25b667d3bc796798a3a81b","name":"P\u00e1gina 10","description":"P\u00e1gina 10 es un peri\u00f3dico regional que nace en Colombia, en el departamento de Nari\u00f1o, con un enfoque global, fundamentado en cuatro pilares esenciales: la libertad, el pluralismo, la inclusi\u00f3n y la independencia. P\u00e1gina 10 hace referencia a Nari\u00f1o como el d\u00e9cimo departamento creado en Colombia, despu\u00e9s de un proceso pol\u00edtico liderado por actores y actrices regionales con el fin de obtener la independencia y autonom\u00eda de nuestros territorios. Con la creaci\u00f3n de P\u00e1gina 10 se pretende abrir un escenario para el dialogo, la reflexi\u00f3n y el debate que se extienda a otras geograf\u00edas de Am\u00e9rica Latina y del planeta, en una apuesta por transformar colectivamente los desaf\u00edos de un mundo contempor\u00e1neo, m\u00e1s all\u00e1 de las fronteras impuestas.","url":"https:\/\/pagina10.com\/web\/author\/pdiezadmin\/"}]}},"_links":{"self":[{"href":"https:\/\/pagina10.com\/web\/wp-json\/wp\/v2\/posts\/56140","targetHints":{"allow":["GET"]}}],"collection":[{"href":"https:\/\/pagina10.com\/web\/wp-json\/wp\/v2\/posts"}],"about":[{"href":"https:\/\/pagina10.com\/web\/wp-json\/wp\/v2\/types\/post"}],"author":[{"embeddable":true,"href":"https:\/\/pagina10.com\/web\/wp-json\/wp\/v2\/users\/1"}],"replies":[{"embeddable":true,"href":"https:\/\/pagina10.com\/web\/wp-json\/wp\/v2\/comments?post=56140"}],"version-history":[{"count":1,"href":"https:\/\/pagina10.com\/web\/wp-json\/wp\/v2\/posts\/56140\/revisions"}],"predecessor-version":[{"id":56142,"href":"https:\/\/pagina10.com\/web\/wp-json\/wp\/v2\/posts\/56140\/revisions\/56142"}],"wp:featuredmedia":[{"embeddable":true,"href":"https:\/\/pagina10.com\/web\/wp-json\/wp\/v2\/media\/56141"}],"wp:attachment":[{"href":"https:\/\/pagina10.com\/web\/wp-json\/wp\/v2\/media?parent=56140"}],"wp:term":[{"taxonomy":"category","embeddable":true,"href":"https:\/\/pagina10.com\/web\/wp-json\/wp\/v2\/categories?post=56140"},{"taxonomy":"post_tag","embeddable":true,"href":"https:\/\/pagina10.com\/web\/wp-json\/wp\/v2\/tags?post=56140"}],"curies":[{"name":"wp","href":"https:\/\/api.w.org\/{rel}","templated":true}]}}