{"id":56143,"date":"2021-10-15T14:14:53","date_gmt":"2021-10-15T19:14:53","guid":{"rendered":"https:\/\/pagina10.com\/web\/?p=56143"},"modified":"2021-10-15T14:14:53","modified_gmt":"2021-10-15T19:14:53","slug":"la-gobernacion-de-narino-impulsa-el-eficiente-manejo-de-recursos-en-proyectos-de-agua-potable","status":"publish","type":"post","link":"https:\/\/pagina10.com\/web\/la-gobernacion-de-narino-impulsa-el-eficiente-manejo-de-recursos-en-proyectos-de-agua-potable\/","title":{"rendered":"La Gobernaci\u00f3n de Nari\u00f1o impulsa el eficiente manejo de recursos en proyectos de agua potable"},"content":{"rendered":"<p style=\"text-align: justify;\">La Gobernaci\u00f3n de Nari\u00f1o, a trav\u00e9s de la Subsecretar\u00eda de Econom\u00eda Regional y Agua Potable -PDA Nari\u00f1o, en coordinaci\u00f3n con el Ministerio de Vivienda Ciudad y Territorio, participa en la capacitaci\u00f3n para los municipios del departamento de Nari\u00f1o en el uso eficiente y manejo de Recursos del Sistema General de Participaciones para Agua Potable y Saneamiento B\u00e1sico -SGP-APSB<\/p>\n<p>Los participantes se capacitaron en materia del monitoreo de los recursos del Sistema General de Participaciones para Agua Potable y Saneamiento B\u00e1sico (SGP-APSB) y fue dirigida a los alcaldes y alcaldesas de los 64 municipios de nuestro Departamento, con el fin de promover el uso adecuado de dichos recursos. La formaci\u00f3n en el territorio se logra con la articulaci\u00f3n entre la Subsecretar\u00eda de Econom\u00eda Regional y Agua Potable -PDA Nari\u00f1o, y el Viceministerio de Agua y Saneamiento B\u00e1sico del Ministerio de Vivienda, Ciudad y Territorio, a trav\u00e9s de la Direcci\u00f3n de Pol\u00edtica y Regulaci\u00f3n.<\/p>\n<div>\nEstas jornadas fueron dirigidas a los responsables de las secretar\u00edas de hacienda, oficinas de planeaci\u00f3n y servicios p\u00fablicos de las administraciones municipales. \u201cCon la expedici\u00f3n del Acto Legislativo 04 de 2007, se cre\u00f3 la participaci\u00f3n espec\u00edfica para el sector de agua potable y saneamiento b\u00e1sico y se dispone que el gasto de estos recursos, se destine a la financiaci\u00f3n de los servicios p\u00fablicos domiciliarios de acueducto, alcantarillado y aseo, por ello, los alcaldes y alcaldesas de nuestro Departamento, recibieron una capacitaci\u00f3n dirigida por el Viceministerio de Agua y Saneamiento B\u00e1sico, del Ministerio de Vivienda y Procuradur\u00eda, para hacer una ejecuci\u00f3n eficiente de los recursos de SGP. Esto garantizar\u00e1 indicadores favorables para cada municipio y con ello, se evitar\u00e1n sanciones\u201d, indic\u00f3 el Subsecretario de Econom\u00eda Regional y Agua Potable -PDA Nari\u00f1o, Dar\u00edo Alexander Ch\u00e1ves L\u00f3pez.<\/p>\n<div>\nEl Plan Departamental de Agua de Nari\u00f1o, continuar\u00e1 promoviendo las mesas t\u00e9cnicas, con los principales conceptos sobre el uso de los recursos del SGP-APSB, los cuales tienen como objetivo, financiar los proyectos de impacto para mejorar la eficiencia y asegurar la prestaci\u00f3n de los servicios p\u00fablicos domiciliarios de acueducto, alcantarillado y aseo por parte de las entidades territoriales, en condiciones \u00f3ptimas de cobertura, calidad, continuidad y aseguramiento, en cumplimiento de los preceptos constitucionales.<\/p>\n<p>Datos de inter\u00e9s:<\/p>\n<div style=\"text-align: justify;\">\n\u2022 El Sistema General de Participaciones (SGP) corresponde a los recursos que la Naci\u00f3n transfiere, por mandato de los art\u00edculos 356 y 357 Constitucionales (reformados por los Actos Legislativos 01 de 2001 y 04 de 2007), a las entidades territoriales para la financiaci\u00f3n de los servicios a su cargo, en salud, educaci\u00f3n, agua potable y los definidos en el art\u00edculo 76 de la Ley 715 de 2001.<\/div>\n<\/div>\n<\/div>\n","protected":false},"excerpt":{"rendered":"<p>La Gobernaci\u00f3n de Nari\u00f1o, a trav\u00e9s de la Subsecretar\u00eda de Econom\u00eda Regional y Agua Potable -PDA Nari\u00f1o, en coordinaci\u00f3n con el Ministerio de Vivienda Ciudad y Territorio, participa en la capacitaci\u00f3n para los municipios del departamento de Nari\u00f1o en el uso eficiente y manejo de Recursos del Sistema General de Participaciones para Agua Potable y [&hellip;]<\/p>\n","protected":false},"author":1,"featured_media":56144,"comment_status":"open","ping_status":"open","sticky":false,"template":"","format":"standard","meta":{"footnotes":""},"categories":[13],"tags":[],"class_list":["post-56143","post","type-post","status-publish","format-standard","has-post-thumbnail","hentry","category-economia"],"yoast_head":"<!-- This site is optimized with the Yoast SEO plugin v27.1.1 - https:\/\/yoast.com\/product\/yoast-seo-wordpress\/ -->\n<title>La Gobernaci\u00f3n de Nari\u00f1o impulsa el eficiente manejo de recursos en proyectos de agua potable | P\u00e1gina10<\/title>\n<meta name=\"robots\" content=\"index, follow, max-snippet:-1, max-image-preview:large, max-video-preview:-1\" \/>\n<link rel=\"canonical\" href=\"https:\/\/pagina10.com\/web\/la-gobernacion-de-narino-impulsa-el-eficiente-manejo-de-recursos-en-proyectos-de-agua-potable\/\" \/>\n<meta property=\"og:locale\" content=\"es_ES\" \/>\n<meta property=\"og:type\" content=\"article\" \/>\n<meta property=\"og:title\" content=\"La Gobernaci\u00f3n de Nari\u00f1o impulsa el eficiente manejo de recursos en proyectos de agua potable | P\u00e1gina10\" \/>\n<meta property=\"og:description\" content=\"La Gobernaci\u00f3n de Nari\u00f1o, a trav\u00e9s de la Subsecretar\u00eda de Econom\u00eda Regional y Agua Potable -PDA Nari\u00f1o, en coordinaci\u00f3n con el Ministerio de Vivienda Ciudad y Territorio, participa en la capacitaci\u00f3n para los municipios del departamento de Nari\u00f1o en el uso eficiente y manejo de Recursos del Sistema General de Participaciones para Agua Potable y [&hellip;]\" \/>\n<meta property=\"og:url\" content=\"https:\/\/pagina10.com\/web\/la-gobernacion-de-narino-impulsa-el-eficiente-manejo-de-recursos-en-proyectos-de-agua-potable\/\" \/>\n<meta property=\"og:site_name\" content=\"P\u00e1gina10\" \/>\n<meta property=\"article:publisher\" content=\"https:\/\/www.facebook.com\/pag10com\" \/>\n<meta property=\"article:published_time\" content=\"2021-10-15T19:14:53+00:00\" \/>\n<meta property=\"og:image\" content=\"https:\/\/pagina10.com\/web\/wp-content\/uploads\/2021\/10\/Captura-de-Pantalla-2021-10-15-a-las-2.14.11-p.-m..png\" \/>\n\t<meta property=\"og:image:width\" content=\"436\" \/>\n\t<meta property=\"og:image:height\" content=\"287\" \/>\n\t<meta property=\"og:image:type\" content=\"image\/png\" \/>\n<meta name=\"author\" content=\"P\u00e1gina 10\" \/>\n<meta name=\"twitter:card\" content=\"summary_large_image\" \/>\n<meta name=\"twitter:creator\" content=\"@Pag10com\" \/>\n<meta name=\"twitter:site\" content=\"@Pag10com\" \/>\n<meta name=\"twitter:label1\" content=\"Escrito por\" \/>\n\t<meta name=\"twitter:data1\" content=\"P\u00e1gina 10\" \/>\n\t<meta name=\"twitter:label2\" content=\"Tiempo de lectura\" \/>\n\t<meta name=\"twitter:data2\" content=\"2 minutos\" \/>\n<script type=\"application\/ld+json\" class=\"yoast-schema-graph\">{\"@context\":\"https:\/\/schema.org\",\"@graph\":[{\"@type\":\"Article\",\"@id\":\"https:\/\/pagina10.com\/web\/la-gobernacion-de-narino-impulsa-el-eficiente-manejo-de-recursos-en-proyectos-de-agua-potable\/#article\",\"isPartOf\":{\"@id\":\"https:\/\/pagina10.com\/web\/la-gobernacion-de-narino-impulsa-el-eficiente-manejo-de-recursos-en-proyectos-de-agua-potable\/\"},\"author\":{\"name\":\"P\u00e1gina 10\",\"@id\":\"https:\/\/pagina10.com\/web\/#\/schema\/person\/2efc4a090d25b667d3bc796798a3a81b\"},\"headline\":\"La Gobernaci\u00f3n de Nari\u00f1o impulsa el eficiente manejo de recursos en proyectos de agua potable\",\"datePublished\":\"2021-10-15T19:14:53+00:00\",\"mainEntityOfPage\":{\"@id\":\"https:\/\/pagina10.com\/web\/la-gobernacion-de-narino-impulsa-el-eficiente-manejo-de-recursos-en-proyectos-de-agua-potable\/\"},\"wordCount\":483,\"commentCount\":0,\"publisher\":{\"@id\":\"https:\/\/pagina10.com\/web\/#organization\"},\"image\":{\"@id\":\"https:\/\/pagina10.com\/web\/la-gobernacion-de-narino-impulsa-el-eficiente-manejo-de-recursos-en-proyectos-de-agua-potable\/#primaryimage\"},\"thumbnailUrl\":\"https:\/\/pagina10.com\/web\/wp-content\/uploads\/2021\/10\/Captura-de-Pantalla-2021-10-15-a-las-2.14.11-p.-m..png\",\"articleSection\":[\"Econom\u00eda\"],\"inLanguage\":\"es\",\"potentialAction\":[{\"@type\":\"CommentAction\",\"name\":\"Comment\",\"target\":[\"https:\/\/pagina10.com\/web\/la-gobernacion-de-narino-impulsa-el-eficiente-manejo-de-recursos-en-proyectos-de-agua-potable\/#respond\"]}]},{\"@type\":\"WebPage\",\"@id\":\"https:\/\/pagina10.com\/web\/la-gobernacion-de-narino-impulsa-el-eficiente-manejo-de-recursos-en-proyectos-de-agua-potable\/\",\"url\":\"https:\/\/pagina10.com\/web\/la-gobernacion-de-narino-impulsa-el-eficiente-manejo-de-recursos-en-proyectos-de-agua-potable\/\",\"name\":\"La Gobernaci\u00f3n de Nari\u00f1o impulsa el eficiente manejo de recursos en proyectos de agua potable | P\u00e1gina10\",\"isPartOf\":{\"@id\":\"https:\/\/pagina10.com\/web\/#website\"},\"primaryImageOfPage\":{\"@id\":\"https:\/\/pagina10.com\/web\/la-gobernacion-de-narino-impulsa-el-eficiente-manejo-de-recursos-en-proyectos-de-agua-potable\/#primaryimage\"},\"image\":{\"@id\":\"https:\/\/pagina10.com\/web\/la-gobernacion-de-narino-impulsa-el-eficiente-manejo-de-recursos-en-proyectos-de-agua-potable\/#primaryimage\"},\"thumbnailUrl\":\"https:\/\/pagina10.com\/web\/wp-content\/uploads\/2021\/10\/Captura-de-Pantalla-2021-10-15-a-las-2.14.11-p.-m..png\",\"datePublished\":\"2021-10-15T19:14:53+00:00\",\"breadcrumb\":{\"@id\":\"https:\/\/pagina10.com\/web\/la-gobernacion-de-narino-impulsa-el-eficiente-manejo-de-recursos-en-proyectos-de-agua-potable\/#breadcrumb\"},\"inLanguage\":\"es\",\"potentialAction\":[{\"@type\":\"ReadAction\",\"target\":[\"https:\/\/pagina10.com\/web\/la-gobernacion-de-narino-impulsa-el-eficiente-manejo-de-recursos-en-proyectos-de-agua-potable\/\"]}]},{\"@type\":\"ImageObject\",\"inLanguage\":\"es\",\"@id\":\"https:\/\/pagina10.com\/web\/la-gobernacion-de-narino-impulsa-el-eficiente-manejo-de-recursos-en-proyectos-de-agua-potable\/#primaryimage\",\"url\":\"https:\/\/pagina10.com\/web\/wp-content\/uploads\/2021\/10\/Captura-de-Pantalla-2021-10-15-a-las-2.14.11-p.-m..png\",\"contentUrl\":\"https:\/\/pagina10.com\/web\/wp-content\/uploads\/2021\/10\/Captura-de-Pantalla-2021-10-15-a-las-2.14.11-p.-m..png\",\"width\":436,\"height\":287},{\"@type\":\"BreadcrumbList\",\"@id\":\"https:\/\/pagina10.com\/web\/la-gobernacion-de-narino-impulsa-el-eficiente-manejo-de-recursos-en-proyectos-de-agua-potable\/#breadcrumb\",\"itemListElement\":[{\"@type\":\"ListItem\",\"position\":1,\"name\":\"Portada\",\"item\":\"https:\/\/pagina10.com\/web\/\"},{\"@type\":\"ListItem\",\"position\":2,\"name\":\"La Gobernaci\u00f3n de Nari\u00f1o impulsa el eficiente manejo de recursos en proyectos de agua potable\"}]},{\"@type\":\"WebSite\",\"@id\":\"https:\/\/pagina10.com\/web\/#website\",\"url\":\"https:\/\/pagina10.com\/web\/\",\"name\":\"P\u00e1gina10\",\"description\":\"Peri\u00f3dico Regional\",\"publisher\":{\"@id\":\"https:\/\/pagina10.com\/web\/#organization\"},\"alternateName\":\"P\u00e1gina10 Peri\u00f3dico Regional\",\"potentialAction\":[{\"@type\":\"SearchAction\",\"target\":{\"@type\":\"EntryPoint\",\"urlTemplate\":\"https:\/\/pagina10.com\/web\/?s={search_term_string}\"},\"query-input\":{\"@type\":\"PropertyValueSpecification\",\"valueRequired\":true,\"valueName\":\"search_term_string\"}}],\"inLanguage\":\"es\"},{\"@type\":\"Organization\",\"@id\":\"https:\/\/pagina10.com\/web\/#organization\",\"name\":\"P\u00e1gina10\",\"alternateName\":\"P\u00e1gina10 Peri\u00f3dico Regional\",\"url\":\"https:\/\/pagina10.com\/web\/\",\"logo\":{\"@type\":\"ImageObject\",\"inLanguage\":\"es\",\"@id\":\"https:\/\/pagina10.com\/web\/#\/schema\/logo\/image\/\",\"url\":\"https:\/\/pagina10.com\/web\/wp-content\/uploads\/2024\/01\/40-pagina-10-periodico-regional-pasto.jpg\",\"contentUrl\":\"https:\/\/pagina10.com\/web\/wp-content\/uploads\/2024\/01\/40-pagina-10-periodico-regional-pasto.jpg\",\"width\":1280,\"height\":720,\"caption\":\"P\u00e1gina10\"},\"image\":{\"@id\":\"https:\/\/pagina10.com\/web\/#\/schema\/logo\/image\/\"},\"sameAs\":[\"https:\/\/www.facebook.com\/pag10com\",\"https:\/\/x.com\/Pag10com\",\"https:\/\/www.instagram.com\/pagina10col\/\",\"https:\/\/youtube.com\/channel\/pag10\",\"https:\/\/www.tiktok.com\/@p10col\"]},{\"@type\":\"Person\",\"@id\":\"https:\/\/pagina10.com\/web\/#\/schema\/person\/2efc4a090d25b667d3bc796798a3a81b\",\"name\":\"P\u00e1gina 10\",\"description\":\"P\u00e1gina 10 es un peri\u00f3dico regional que nace en Colombia, en el departamento de Nari\u00f1o, con un enfoque global, fundamentado en cuatro pilares esenciales: la libertad, el pluralismo, la inclusi\u00f3n y la independencia. P\u00e1gina 10 hace referencia a Nari\u00f1o como el d\u00e9cimo departamento creado en Colombia, despu\u00e9s de un proceso pol\u00edtico liderado por actores y actrices regionales con el fin de obtener la independencia y autonom\u00eda de nuestros territorios. Con la creaci\u00f3n de P\u00e1gina 10 se pretende abrir un escenario para el dialogo, la reflexi\u00f3n y el debate que se extienda a otras geograf\u00edas de Am\u00e9rica Latina y del planeta, en una apuesta por transformar colectivamente los desaf\u00edos de un mundo contempor\u00e1neo, m\u00e1s all\u00e1 de las fronteras impuestas.\",\"url\":\"https:\/\/pagina10.com\/web\/author\/pdiezadmin\/\"}]}<\/script>\n<!-- \/ Yoast SEO plugin. -->","yoast_head_json":{"title":"La Gobernaci\u00f3n de Nari\u00f1o impulsa el eficiente manejo de recursos en proyectos de agua potable | P\u00e1gina10","robots":{"index":"index","follow":"follow","max-snippet":"max-snippet:-1","max-image-preview":"max-image-preview:large","max-video-preview":"max-video-preview:-1"},"canonical":"https:\/\/pagina10.com\/web\/la-gobernacion-de-narino-impulsa-el-eficiente-manejo-de-recursos-en-proyectos-de-agua-potable\/","og_locale":"es_ES","og_type":"article","og_title":"La Gobernaci\u00f3n de Nari\u00f1o impulsa el eficiente manejo de recursos en proyectos de agua potable | P\u00e1gina10","og_description":"La Gobernaci\u00f3n de Nari\u00f1o, a trav\u00e9s de la Subsecretar\u00eda de Econom\u00eda Regional y Agua Potable -PDA Nari\u00f1o, en coordinaci\u00f3n con el Ministerio de Vivienda Ciudad y Territorio, participa en la capacitaci\u00f3n para los municipios del departamento de Nari\u00f1o en el uso eficiente y manejo de Recursos del Sistema General de Participaciones para Agua Potable y [&hellip;]","og_url":"https:\/\/pagina10.com\/web\/la-gobernacion-de-narino-impulsa-el-eficiente-manejo-de-recursos-en-proyectos-de-agua-potable\/","og_site_name":"P\u00e1gina10","article_publisher":"https:\/\/www.facebook.com\/pag10com","article_published_time":"2021-10-15T19:14:53+00:00","og_image":[{"width":436,"height":287,"url":"https:\/\/pagina10.com\/web\/wp-content\/uploads\/2021\/10\/Captura-de-Pantalla-2021-10-15-a-las-2.14.11-p.-m..png","type":"image\/png"}],"author":"P\u00e1gina 10","twitter_card":"summary_large_image","twitter_creator":"@Pag10com","twitter_site":"@Pag10com","twitter_misc":{"Escrito por":"P\u00e1gina 10","Tiempo de lectura":"2 minutos"},"schema":{"@context":"https:\/\/schema.org","@graph":[{"@type":"Article","@id":"https:\/\/pagina10.com\/web\/la-gobernacion-de-narino-impulsa-el-eficiente-manejo-de-recursos-en-proyectos-de-agua-potable\/#article","isPartOf":{"@id":"https:\/\/pagina10.com\/web\/la-gobernacion-de-narino-impulsa-el-eficiente-manejo-de-recursos-en-proyectos-de-agua-potable\/"},"author":{"name":"P\u00e1gina 10","@id":"https:\/\/pagina10.com\/web\/#\/schema\/person\/2efc4a090d25b667d3bc796798a3a81b"},"headline":"La Gobernaci\u00f3n de Nari\u00f1o impulsa el eficiente manejo de recursos en proyectos de agua potable","datePublished":"2021-10-15T19:14:53+00:00","mainEntityOfPage":{"@id":"https:\/\/pagina10.com\/web\/la-gobernacion-de-narino-impulsa-el-eficiente-manejo-de-recursos-en-proyectos-de-agua-potable\/"},"wordCount":483,"commentCount":0,"publisher":{"@id":"https:\/\/pagina10.com\/web\/#organization"},"image":{"@id":"https:\/\/pagina10.com\/web\/la-gobernacion-de-narino-impulsa-el-eficiente-manejo-de-recursos-en-proyectos-de-agua-potable\/#primaryimage"},"thumbnailUrl":"https:\/\/pagina10.com\/web\/wp-content\/uploads\/2021\/10\/Captura-de-Pantalla-2021-10-15-a-las-2.14.11-p.-m..png","articleSection":["Econom\u00eda"],"inLanguage":"es","potentialAction":[{"@type":"CommentAction","name":"Comment","target":["https:\/\/pagina10.com\/web\/la-gobernacion-de-narino-impulsa-el-eficiente-manejo-de-recursos-en-proyectos-de-agua-potable\/#respond"]}]},{"@type":"WebPage","@id":"https:\/\/pagina10.com\/web\/la-gobernacion-de-narino-impulsa-el-eficiente-manejo-de-recursos-en-proyectos-de-agua-potable\/","url":"https:\/\/pagina10.com\/web\/la-gobernacion-de-narino-impulsa-el-eficiente-manejo-de-recursos-en-proyectos-de-agua-potable\/","name":"La Gobernaci\u00f3n de Nari\u00f1o impulsa el eficiente manejo de recursos en proyectos de agua potable | P\u00e1gina10","isPartOf":{"@id":"https:\/\/pagina10.com\/web\/#website"},"primaryImageOfPage":{"@id":"https:\/\/pagina10.com\/web\/la-gobernacion-de-narino-impulsa-el-eficiente-manejo-de-recursos-en-proyectos-de-agua-potable\/#primaryimage"},"image":{"@id":"https:\/\/pagina10.com\/web\/la-gobernacion-de-narino-impulsa-el-eficiente-manejo-de-recursos-en-proyectos-de-agua-potable\/#primaryimage"},"thumbnailUrl":"https:\/\/pagina10.com\/web\/wp-content\/uploads\/2021\/10\/Captura-de-Pantalla-2021-10-15-a-las-2.14.11-p.-m..png","datePublished":"2021-10-15T19:14:53+00:00","breadcrumb":{"@id":"https:\/\/pagina10.com\/web\/la-gobernacion-de-narino-impulsa-el-eficiente-manejo-de-recursos-en-proyectos-de-agua-potable\/#breadcrumb"},"inLanguage":"es","potentialAction":[{"@type":"ReadAction","target":["https:\/\/pagina10.com\/web\/la-gobernacion-de-narino-impulsa-el-eficiente-manejo-de-recursos-en-proyectos-de-agua-potable\/"]}]},{"@type":"ImageObject","inLanguage":"es","@id":"https:\/\/pagina10.com\/web\/la-gobernacion-de-narino-impulsa-el-eficiente-manejo-de-recursos-en-proyectos-de-agua-potable\/#primaryimage","url":"https:\/\/pagina10.com\/web\/wp-content\/uploads\/2021\/10\/Captura-de-Pantalla-2021-10-15-a-las-2.14.11-p.-m..png","contentUrl":"https:\/\/pagina10.com\/web\/wp-content\/uploads\/2021\/10\/Captura-de-Pantalla-2021-10-15-a-las-2.14.11-p.-m..png","width":436,"height":287},{"@type":"BreadcrumbList","@id":"https:\/\/pagina10.com\/web\/la-gobernacion-de-narino-impulsa-el-eficiente-manejo-de-recursos-en-proyectos-de-agua-potable\/#breadcrumb","itemListElement":[{"@type":"ListItem","position":1,"name":"Portada","item":"https:\/\/pagina10.com\/web\/"},{"@type":"ListItem","position":2,"name":"La Gobernaci\u00f3n de Nari\u00f1o impulsa el eficiente manejo de recursos en proyectos de agua potable"}]},{"@type":"WebSite","@id":"https:\/\/pagina10.com\/web\/#website","url":"https:\/\/pagina10.com\/web\/","name":"P\u00e1gina10","description":"Peri\u00f3dico Regional","publisher":{"@id":"https:\/\/pagina10.com\/web\/#organization"},"alternateName":"P\u00e1gina10 Peri\u00f3dico Regional","potentialAction":[{"@type":"SearchAction","target":{"@type":"EntryPoint","urlTemplate":"https:\/\/pagina10.com\/web\/?s={search_term_string}"},"query-input":{"@type":"PropertyValueSpecification","valueRequired":true,"valueName":"search_term_string"}}],"inLanguage":"es"},{"@type":"Organization","@id":"https:\/\/pagina10.com\/web\/#organization","name":"P\u00e1gina10","alternateName":"P\u00e1gina10 Peri\u00f3dico Regional","url":"https:\/\/pagina10.com\/web\/","logo":{"@type":"ImageObject","inLanguage":"es","@id":"https:\/\/pagina10.com\/web\/#\/schema\/logo\/image\/","url":"https:\/\/pagina10.com\/web\/wp-content\/uploads\/2024\/01\/40-pagina-10-periodico-regional-pasto.jpg","contentUrl":"https:\/\/pagina10.com\/web\/wp-content\/uploads\/2024\/01\/40-pagina-10-periodico-regional-pasto.jpg","width":1280,"height":720,"caption":"P\u00e1gina10"},"image":{"@id":"https:\/\/pagina10.com\/web\/#\/schema\/logo\/image\/"},"sameAs":["https:\/\/www.facebook.com\/pag10com","https:\/\/x.com\/Pag10com","https:\/\/www.instagram.com\/pagina10col\/","https:\/\/youtube.com\/channel\/pag10","https:\/\/www.tiktok.com\/@p10col"]},{"@type":"Person","@id":"https:\/\/pagina10.com\/web\/#\/schema\/person\/2efc4a090d25b667d3bc796798a3a81b","name":"P\u00e1gina 10","description":"P\u00e1gina 10 es un peri\u00f3dico regional que nace en Colombia, en el departamento de Nari\u00f1o, con un enfoque global, fundamentado en cuatro pilares esenciales: la libertad, el pluralismo, la inclusi\u00f3n y la independencia. P\u00e1gina 10 hace referencia a Nari\u00f1o como el d\u00e9cimo departamento creado en Colombia, despu\u00e9s de un proceso pol\u00edtico liderado por actores y actrices regionales con el fin de obtener la independencia y autonom\u00eda de nuestros territorios. Con la creaci\u00f3n de P\u00e1gina 10 se pretende abrir un escenario para el dialogo, la reflexi\u00f3n y el debate que se extienda a otras geograf\u00edas de Am\u00e9rica Latina y del planeta, en una apuesta por transformar colectivamente los desaf\u00edos de un mundo contempor\u00e1neo, m\u00e1s all\u00e1 de las fronteras impuestas.","url":"https:\/\/pagina10.com\/web\/author\/pdiezadmin\/"}]}},"_links":{"self":[{"href":"https:\/\/pagina10.com\/web\/wp-json\/wp\/v2\/posts\/56143","targetHints":{"allow":["GET"]}}],"collection":[{"href":"https:\/\/pagina10.com\/web\/wp-json\/wp\/v2\/posts"}],"about":[{"href":"https:\/\/pagina10.com\/web\/wp-json\/wp\/v2\/types\/post"}],"author":[{"embeddable":true,"href":"https:\/\/pagina10.com\/web\/wp-json\/wp\/v2\/users\/1"}],"replies":[{"embeddable":true,"href":"https:\/\/pagina10.com\/web\/wp-json\/wp\/v2\/comments?post=56143"}],"version-history":[{"count":1,"href":"https:\/\/pagina10.com\/web\/wp-json\/wp\/v2\/posts\/56143\/revisions"}],"predecessor-version":[{"id":56145,"href":"https:\/\/pagina10.com\/web\/wp-json\/wp\/v2\/posts\/56143\/revisions\/56145"}],"wp:featuredmedia":[{"embeddable":true,"href":"https:\/\/pagina10.com\/web\/wp-json\/wp\/v2\/media\/56144"}],"wp:attachment":[{"href":"https:\/\/pagina10.com\/web\/wp-json\/wp\/v2\/media?parent=56143"}],"wp:term":[{"taxonomy":"category","embeddable":true,"href":"https:\/\/pagina10.com\/web\/wp-json\/wp\/v2\/categories?post=56143"},{"taxonomy":"post_tag","embeddable":true,"href":"https:\/\/pagina10.com\/web\/wp-json\/wp\/v2\/tags?post=56143"}],"curies":[{"name":"wp","href":"https:\/\/api.w.org\/{rel}","templated":true}]}}