{"id":56188,"date":"2021-10-18T11:20:34","date_gmt":"2021-10-18T16:20:34","guid":{"rendered":"https:\/\/pagina10.com\/web\/?p=56188"},"modified":"2021-10-18T11:20:34","modified_gmt":"2021-10-18T16:20:34","slug":"carcel-para-un-hombre-que-habria-asesinado-a-su-companera-sentimental-embarazada-en-sandona","status":"publish","type":"post","link":"https:\/\/pagina10.com\/web\/carcel-para-un-hombre-que-habria-asesinado-a-su-companera-sentimental-embarazada-en-sandona\/","title":{"rendered":"C\u00e1rcel para un hombre que habr\u00eda asesinado a su compa\u00f1era sentimental embarazada en Sandon\u00e1"},"content":{"rendered":"<p style=\"text-align: justify;\">El presunto agresor supuestamente trat\u00f3 de hacer parecer el crimen como un suicidio.<\/p>\n<p style=\"text-align: justify;\">Leandro Edixon Pinchao Tarapues fue privado de la libertad con medida de aseguramiento en establecimiento carcelario por un juez promiscuo de control de garant\u00edas de Sandon\u00e1 (Nari\u00f1o), luego de que la Fiscal\u00eda le imput\u00f3 cargos como presunto autor material del delito de\u00a0<a href=\"https:\/\/www.fiscalia.gov.co\/colombia\/seccionales\/fiscalia-obtuvo-condenas-por-feminicidio-agravado-y-violencia-intrafamiliar-en-cali\/\">feminicidio agravado<\/a>.<\/p>\n<p style=\"text-align: justify;\">La investigaci\u00f3n se relaciona con los hechos ocurridos el 27 de agosto de 2020, en la\u00a0vereda Santa B\u00e1rbara, zona rural de esa poblaci\u00f3n nari\u00f1ense.<\/p>\n<p style=\"text-align: justify;\">Ese d\u00eda, las autoridades acudieron al llamado de los habitantes de la zona, quienes reportaron el hallazgo del cuerpo sin vida de una mujer de 24 a\u00f1os, compa\u00f1era sentimental del asegurado, quien se encontraba en estado de embarazo.<\/p>\n<p style=\"text-align: justify;\">Durante la inspecci\u00f3n t\u00e9cnica preliminar al cad\u00e1ver, los peritos forenses establecieron que la v\u00edctima registraba heridas provocadas con\u00a0<a href=\"https:\/\/www.fiscalia.gov.co\/colombia\/noticias\/privado-de-la-libertad-un-hombre-que-habria-asesinado-a-su-companera-sentimental-con-un-arma-cortopunzante\/\">arma cortopunzante<\/a>\u00a0en el cuello, en las mu\u00f1ecas de ambas manos, las cuales le causaron la muerte.<\/p>\n<p style=\"text-align: justify;\">De acuerdo con las indagaciones de la Fiscal\u00eda, entrevistas recopiladas y el material probatorio recabado en la escena del crimen, Pinchao Tarapues habr\u00eda sido el agresor de la mujer y, con las heridas producidas en las mu\u00f1ecas de la v\u00edctima, al parecer pretend\u00eda inducir a los investigadores a establecer que se trataba de un suicidio. Los forenses encontraron un bistur\u00ed muy cerca de cuerpo de la joven.<\/p>\n<p style=\"text-align: justify;\">Inicialmente, el acto de tergiversar la escena del crimen\u00a0indujo al error a la Polic\u00eda Judicial\u00a0y al m\u00e9dico rural que practic\u00f3 la\u00a0autopsia, que en ese momento concordaron en que habr\u00eda sido un suicidio. Sin embargo, pruebas posteriores recaudadas permitieron demostrar la incompatibilidad con un evento suicida, como la herida en el cuello que registr\u00f3 la mujer, el hallazgo de su tel\u00e9fono celular y las llaves de su casa en poder del presunto agresor; asimismo la pr\u00e1ctica de una segunda autopsia por parte de Medicina Legal, y la obtenci\u00f3n de muestras biol\u00f3gicas de Pinchao Tarapues y su cotejo gen\u00e9tico con la evidencia encontrada en el cuerpo de la v\u00edctima.<\/p>\n<p style=\"text-align: justify;\">El pasado 13 de octubre servidores del Cuerpo T\u00e9cnico de Investigaci\u00f3n (CTI), capturaron al posible implicado en v\u00eda p\u00fablica, cerca del hospital Clarita Santos, donde le fue notificada la orden emitida por el juez promiscuo el 20 de agosto de 2021.<\/p>\n<p style=\"text-align: justify;\">Durante las audiencias concentradas, el hombre no se allan\u00f3 a los cargos imputados por el ente investigador.<\/p>\n","protected":false},"excerpt":{"rendered":"<p>El presunto agresor supuestamente trat\u00f3 de hacer parecer el crimen como un suicidio. Leandro Edixon Pinchao Tarapues fue privado de la libertad con medida de aseguramiento en establecimiento carcelario por un juez promiscuo de control de garant\u00edas de Sandon\u00e1 (Nari\u00f1o), luego de que la Fiscal\u00eda le imput\u00f3 cargos como presunto autor material del delito de\u00a0feminicidio [&hellip;]<\/p>\n","protected":false},"author":1,"featured_media":56189,"comment_status":"open","ping_status":"open","sticky":false,"template":"","format":"standard","meta":{"footnotes":""},"categories":[61],"tags":[],"class_list":["post-56188","post","type-post","status-publish","format-standard","has-post-thumbnail","hentry","category-judicial"],"yoast_head":"<!-- This site is optimized with the Yoast SEO plugin v27.1.1 - https:\/\/yoast.com\/product\/yoast-seo-wordpress\/ -->\n<title>C\u00e1rcel para un hombre que habr\u00eda asesinado a su compa\u00f1era sentimental embarazada en Sandon\u00e1 | P\u00e1gina10<\/title>\n<meta name=\"robots\" content=\"index, follow, max-snippet:-1, max-image-preview:large, max-video-preview:-1\" \/>\n<link rel=\"canonical\" href=\"https:\/\/pagina10.com\/web\/carcel-para-un-hombre-que-habria-asesinado-a-su-companera-sentimental-embarazada-en-sandona\/\" \/>\n<meta property=\"og:locale\" content=\"es_ES\" \/>\n<meta property=\"og:type\" content=\"article\" \/>\n<meta property=\"og:title\" content=\"C\u00e1rcel para un hombre que habr\u00eda asesinado a su compa\u00f1era sentimental embarazada en Sandon\u00e1 | P\u00e1gina10\" \/>\n<meta property=\"og:description\" content=\"El presunto agresor supuestamente trat\u00f3 de hacer parecer el crimen como un suicidio. Leandro Edixon Pinchao Tarapues fue privado de la libertad con medida de aseguramiento en establecimiento carcelario por un juez promiscuo de control de garant\u00edas de Sandon\u00e1 (Nari\u00f1o), luego de que la Fiscal\u00eda le imput\u00f3 cargos como presunto autor material del delito de\u00a0feminicidio [&hellip;]\" \/>\n<meta property=\"og:url\" content=\"https:\/\/pagina10.com\/web\/carcel-para-un-hombre-que-habria-asesinado-a-su-companera-sentimental-embarazada-en-sandona\/\" \/>\n<meta property=\"og:site_name\" content=\"P\u00e1gina10\" \/>\n<meta property=\"article:publisher\" content=\"https:\/\/www.facebook.com\/pag10com\" \/>\n<meta property=\"article:published_time\" content=\"2021-10-18T16:20:34+00:00\" \/>\n<meta property=\"og:image\" content=\"https:\/\/pagina10.com\/web\/wp-content\/uploads\/2021\/10\/Captura-de-Pantalla-2021-10-18-a-las-11.19.49-a.-m..png\" \/>\n\t<meta property=\"og:image:width\" content=\"420\" \/>\n\t<meta property=\"og:image:height\" content=\"341\" \/>\n\t<meta property=\"og:image:type\" content=\"image\/png\" \/>\n<meta name=\"author\" content=\"P\u00e1gina 10\" \/>\n<meta name=\"twitter:card\" content=\"summary_large_image\" \/>\n<meta name=\"twitter:creator\" content=\"@Pag10com\" \/>\n<meta name=\"twitter:site\" content=\"@Pag10com\" \/>\n<meta name=\"twitter:label1\" content=\"Escrito por\" \/>\n\t<meta name=\"twitter:data1\" content=\"P\u00e1gina 10\" \/>\n\t<meta name=\"twitter:label2\" content=\"Tiempo de lectura\" \/>\n\t<meta name=\"twitter:data2\" content=\"2 minutos\" \/>\n<script type=\"application\/ld+json\" class=\"yoast-schema-graph\">{\"@context\":\"https:\/\/schema.org\",\"@graph\":[{\"@type\":\"Article\",\"@id\":\"https:\/\/pagina10.com\/web\/carcel-para-un-hombre-que-habria-asesinado-a-su-companera-sentimental-embarazada-en-sandona\/#article\",\"isPartOf\":{\"@id\":\"https:\/\/pagina10.com\/web\/carcel-para-un-hombre-que-habria-asesinado-a-su-companera-sentimental-embarazada-en-sandona\/\"},\"author\":{\"name\":\"P\u00e1gina 10\",\"@id\":\"https:\/\/pagina10.com\/web\/#\/schema\/person\/2efc4a090d25b667d3bc796798a3a81b\"},\"headline\":\"C\u00e1rcel para un hombre que habr\u00eda asesinado a su compa\u00f1era sentimental embarazada en Sandon\u00e1\",\"datePublished\":\"2021-10-18T16:20:34+00:00\",\"mainEntityOfPage\":{\"@id\":\"https:\/\/pagina10.com\/web\/carcel-para-un-hombre-que-habria-asesinado-a-su-companera-sentimental-embarazada-en-sandona\/\"},\"wordCount\":434,\"commentCount\":0,\"publisher\":{\"@id\":\"https:\/\/pagina10.com\/web\/#organization\"},\"image\":{\"@id\":\"https:\/\/pagina10.com\/web\/carcel-para-un-hombre-que-habria-asesinado-a-su-companera-sentimental-embarazada-en-sandona\/#primaryimage\"},\"thumbnailUrl\":\"https:\/\/pagina10.com\/web\/wp-content\/uploads\/2021\/10\/Captura-de-Pantalla-2021-10-18-a-las-11.19.49-a.-m..png\",\"articleSection\":[\"Judicial\"],\"inLanguage\":\"es\",\"potentialAction\":[{\"@type\":\"CommentAction\",\"name\":\"Comment\",\"target\":[\"https:\/\/pagina10.com\/web\/carcel-para-un-hombre-que-habria-asesinado-a-su-companera-sentimental-embarazada-en-sandona\/#respond\"]}]},{\"@type\":\"WebPage\",\"@id\":\"https:\/\/pagina10.com\/web\/carcel-para-un-hombre-que-habria-asesinado-a-su-companera-sentimental-embarazada-en-sandona\/\",\"url\":\"https:\/\/pagina10.com\/web\/carcel-para-un-hombre-que-habria-asesinado-a-su-companera-sentimental-embarazada-en-sandona\/\",\"name\":\"C\u00e1rcel para un hombre que habr\u00eda asesinado a su compa\u00f1era sentimental embarazada en Sandon\u00e1 | P\u00e1gina10\",\"isPartOf\":{\"@id\":\"https:\/\/pagina10.com\/web\/#website\"},\"primaryImageOfPage\":{\"@id\":\"https:\/\/pagina10.com\/web\/carcel-para-un-hombre-que-habria-asesinado-a-su-companera-sentimental-embarazada-en-sandona\/#primaryimage\"},\"image\":{\"@id\":\"https:\/\/pagina10.com\/web\/carcel-para-un-hombre-que-habria-asesinado-a-su-companera-sentimental-embarazada-en-sandona\/#primaryimage\"},\"thumbnailUrl\":\"https:\/\/pagina10.com\/web\/wp-content\/uploads\/2021\/10\/Captura-de-Pantalla-2021-10-18-a-las-11.19.49-a.-m..png\",\"datePublished\":\"2021-10-18T16:20:34+00:00\",\"breadcrumb\":{\"@id\":\"https:\/\/pagina10.com\/web\/carcel-para-un-hombre-que-habria-asesinado-a-su-companera-sentimental-embarazada-en-sandona\/#breadcrumb\"},\"inLanguage\":\"es\",\"potentialAction\":[{\"@type\":\"ReadAction\",\"target\":[\"https:\/\/pagina10.com\/web\/carcel-para-un-hombre-que-habria-asesinado-a-su-companera-sentimental-embarazada-en-sandona\/\"]}]},{\"@type\":\"ImageObject\",\"inLanguage\":\"es\",\"@id\":\"https:\/\/pagina10.com\/web\/carcel-para-un-hombre-que-habria-asesinado-a-su-companera-sentimental-embarazada-en-sandona\/#primaryimage\",\"url\":\"https:\/\/pagina10.com\/web\/wp-content\/uploads\/2021\/10\/Captura-de-Pantalla-2021-10-18-a-las-11.19.49-a.-m..png\",\"contentUrl\":\"https:\/\/pagina10.com\/web\/wp-content\/uploads\/2021\/10\/Captura-de-Pantalla-2021-10-18-a-las-11.19.49-a.-m..png\",\"width\":420,\"height\":341},{\"@type\":\"BreadcrumbList\",\"@id\":\"https:\/\/pagina10.com\/web\/carcel-para-un-hombre-que-habria-asesinado-a-su-companera-sentimental-embarazada-en-sandona\/#breadcrumb\",\"itemListElement\":[{\"@type\":\"ListItem\",\"position\":1,\"name\":\"Portada\",\"item\":\"https:\/\/pagina10.com\/web\/\"},{\"@type\":\"ListItem\",\"position\":2,\"name\":\"C\u00e1rcel para un hombre que habr\u00eda asesinado a su compa\u00f1era sentimental embarazada en Sandon\u00e1\"}]},{\"@type\":\"WebSite\",\"@id\":\"https:\/\/pagina10.com\/web\/#website\",\"url\":\"https:\/\/pagina10.com\/web\/\",\"name\":\"P\u00e1gina10\",\"description\":\"Peri\u00f3dico Regional\",\"publisher\":{\"@id\":\"https:\/\/pagina10.com\/web\/#organization\"},\"alternateName\":\"P\u00e1gina10 Peri\u00f3dico Regional\",\"potentialAction\":[{\"@type\":\"SearchAction\",\"target\":{\"@type\":\"EntryPoint\",\"urlTemplate\":\"https:\/\/pagina10.com\/web\/?s={search_term_string}\"},\"query-input\":{\"@type\":\"PropertyValueSpecification\",\"valueRequired\":true,\"valueName\":\"search_term_string\"}}],\"inLanguage\":\"es\"},{\"@type\":\"Organization\",\"@id\":\"https:\/\/pagina10.com\/web\/#organization\",\"name\":\"P\u00e1gina10\",\"alternateName\":\"P\u00e1gina10 Peri\u00f3dico Regional\",\"url\":\"https:\/\/pagina10.com\/web\/\",\"logo\":{\"@type\":\"ImageObject\",\"inLanguage\":\"es\",\"@id\":\"https:\/\/pagina10.com\/web\/#\/schema\/logo\/image\/\",\"url\":\"https:\/\/pagina10.com\/web\/wp-content\/uploads\/2024\/01\/40-pagina-10-periodico-regional-pasto.jpg\",\"contentUrl\":\"https:\/\/pagina10.com\/web\/wp-content\/uploads\/2024\/01\/40-pagina-10-periodico-regional-pasto.jpg\",\"width\":1280,\"height\":720,\"caption\":\"P\u00e1gina10\"},\"image\":{\"@id\":\"https:\/\/pagina10.com\/web\/#\/schema\/logo\/image\/\"},\"sameAs\":[\"https:\/\/www.facebook.com\/pag10com\",\"https:\/\/x.com\/Pag10com\",\"https:\/\/www.instagram.com\/pagina10col\/\",\"https:\/\/youtube.com\/channel\/pag10\",\"https:\/\/www.tiktok.com\/@p10col\"]},{\"@type\":\"Person\",\"@id\":\"https:\/\/pagina10.com\/web\/#\/schema\/person\/2efc4a090d25b667d3bc796798a3a81b\",\"name\":\"P\u00e1gina 10\",\"description\":\"P\u00e1gina 10 es un peri\u00f3dico regional que nace en Colombia, en el departamento de Nari\u00f1o, con un enfoque global, fundamentado en cuatro pilares esenciales: la libertad, el pluralismo, la inclusi\u00f3n y la independencia. P\u00e1gina 10 hace referencia a Nari\u00f1o como el d\u00e9cimo departamento creado en Colombia, despu\u00e9s de un proceso pol\u00edtico liderado por actores y actrices regionales con el fin de obtener la independencia y autonom\u00eda de nuestros territorios. Con la creaci\u00f3n de P\u00e1gina 10 se pretende abrir un escenario para el dialogo, la reflexi\u00f3n y el debate que se extienda a otras geograf\u00edas de Am\u00e9rica Latina y del planeta, en una apuesta por transformar colectivamente los desaf\u00edos de un mundo contempor\u00e1neo, m\u00e1s all\u00e1 de las fronteras impuestas.\",\"url\":\"https:\/\/pagina10.com\/web\/author\/pdiezadmin\/\"}]}<\/script>\n<!-- \/ Yoast SEO plugin. -->","yoast_head_json":{"title":"C\u00e1rcel para un hombre que habr\u00eda asesinado a su compa\u00f1era sentimental embarazada en Sandon\u00e1 | P\u00e1gina10","robots":{"index":"index","follow":"follow","max-snippet":"max-snippet:-1","max-image-preview":"max-image-preview:large","max-video-preview":"max-video-preview:-1"},"canonical":"https:\/\/pagina10.com\/web\/carcel-para-un-hombre-que-habria-asesinado-a-su-companera-sentimental-embarazada-en-sandona\/","og_locale":"es_ES","og_type":"article","og_title":"C\u00e1rcel para un hombre que habr\u00eda asesinado a su compa\u00f1era sentimental embarazada en Sandon\u00e1 | P\u00e1gina10","og_description":"El presunto agresor supuestamente trat\u00f3 de hacer parecer el crimen como un suicidio. Leandro Edixon Pinchao Tarapues fue privado de la libertad con medida de aseguramiento en establecimiento carcelario por un juez promiscuo de control de garant\u00edas de Sandon\u00e1 (Nari\u00f1o), luego de que la Fiscal\u00eda le imput\u00f3 cargos como presunto autor material del delito de\u00a0feminicidio [&hellip;]","og_url":"https:\/\/pagina10.com\/web\/carcel-para-un-hombre-que-habria-asesinado-a-su-companera-sentimental-embarazada-en-sandona\/","og_site_name":"P\u00e1gina10","article_publisher":"https:\/\/www.facebook.com\/pag10com","article_published_time":"2021-10-18T16:20:34+00:00","og_image":[{"width":420,"height":341,"url":"https:\/\/pagina10.com\/web\/wp-content\/uploads\/2021\/10\/Captura-de-Pantalla-2021-10-18-a-las-11.19.49-a.-m..png","type":"image\/png"}],"author":"P\u00e1gina 10","twitter_card":"summary_large_image","twitter_creator":"@Pag10com","twitter_site":"@Pag10com","twitter_misc":{"Escrito por":"P\u00e1gina 10","Tiempo de lectura":"2 minutos"},"schema":{"@context":"https:\/\/schema.org","@graph":[{"@type":"Article","@id":"https:\/\/pagina10.com\/web\/carcel-para-un-hombre-que-habria-asesinado-a-su-companera-sentimental-embarazada-en-sandona\/#article","isPartOf":{"@id":"https:\/\/pagina10.com\/web\/carcel-para-un-hombre-que-habria-asesinado-a-su-companera-sentimental-embarazada-en-sandona\/"},"author":{"name":"P\u00e1gina 10","@id":"https:\/\/pagina10.com\/web\/#\/schema\/person\/2efc4a090d25b667d3bc796798a3a81b"},"headline":"C\u00e1rcel para un hombre que habr\u00eda asesinado a su compa\u00f1era sentimental embarazada en Sandon\u00e1","datePublished":"2021-10-18T16:20:34+00:00","mainEntityOfPage":{"@id":"https:\/\/pagina10.com\/web\/carcel-para-un-hombre-que-habria-asesinado-a-su-companera-sentimental-embarazada-en-sandona\/"},"wordCount":434,"commentCount":0,"publisher":{"@id":"https:\/\/pagina10.com\/web\/#organization"},"image":{"@id":"https:\/\/pagina10.com\/web\/carcel-para-un-hombre-que-habria-asesinado-a-su-companera-sentimental-embarazada-en-sandona\/#primaryimage"},"thumbnailUrl":"https:\/\/pagina10.com\/web\/wp-content\/uploads\/2021\/10\/Captura-de-Pantalla-2021-10-18-a-las-11.19.49-a.-m..png","articleSection":["Judicial"],"inLanguage":"es","potentialAction":[{"@type":"CommentAction","name":"Comment","target":["https:\/\/pagina10.com\/web\/carcel-para-un-hombre-que-habria-asesinado-a-su-companera-sentimental-embarazada-en-sandona\/#respond"]}]},{"@type":"WebPage","@id":"https:\/\/pagina10.com\/web\/carcel-para-un-hombre-que-habria-asesinado-a-su-companera-sentimental-embarazada-en-sandona\/","url":"https:\/\/pagina10.com\/web\/carcel-para-un-hombre-que-habria-asesinado-a-su-companera-sentimental-embarazada-en-sandona\/","name":"C\u00e1rcel para un hombre que habr\u00eda asesinado a su compa\u00f1era sentimental embarazada en Sandon\u00e1 | P\u00e1gina10","isPartOf":{"@id":"https:\/\/pagina10.com\/web\/#website"},"primaryImageOfPage":{"@id":"https:\/\/pagina10.com\/web\/carcel-para-un-hombre-que-habria-asesinado-a-su-companera-sentimental-embarazada-en-sandona\/#primaryimage"},"image":{"@id":"https:\/\/pagina10.com\/web\/carcel-para-un-hombre-que-habria-asesinado-a-su-companera-sentimental-embarazada-en-sandona\/#primaryimage"},"thumbnailUrl":"https:\/\/pagina10.com\/web\/wp-content\/uploads\/2021\/10\/Captura-de-Pantalla-2021-10-18-a-las-11.19.49-a.-m..png","datePublished":"2021-10-18T16:20:34+00:00","breadcrumb":{"@id":"https:\/\/pagina10.com\/web\/carcel-para-un-hombre-que-habria-asesinado-a-su-companera-sentimental-embarazada-en-sandona\/#breadcrumb"},"inLanguage":"es","potentialAction":[{"@type":"ReadAction","target":["https:\/\/pagina10.com\/web\/carcel-para-un-hombre-que-habria-asesinado-a-su-companera-sentimental-embarazada-en-sandona\/"]}]},{"@type":"ImageObject","inLanguage":"es","@id":"https:\/\/pagina10.com\/web\/carcel-para-un-hombre-que-habria-asesinado-a-su-companera-sentimental-embarazada-en-sandona\/#primaryimage","url":"https:\/\/pagina10.com\/web\/wp-content\/uploads\/2021\/10\/Captura-de-Pantalla-2021-10-18-a-las-11.19.49-a.-m..png","contentUrl":"https:\/\/pagina10.com\/web\/wp-content\/uploads\/2021\/10\/Captura-de-Pantalla-2021-10-18-a-las-11.19.49-a.-m..png","width":420,"height":341},{"@type":"BreadcrumbList","@id":"https:\/\/pagina10.com\/web\/carcel-para-un-hombre-que-habria-asesinado-a-su-companera-sentimental-embarazada-en-sandona\/#breadcrumb","itemListElement":[{"@type":"ListItem","position":1,"name":"Portada","item":"https:\/\/pagina10.com\/web\/"},{"@type":"ListItem","position":2,"name":"C\u00e1rcel para un hombre que habr\u00eda asesinado a su compa\u00f1era sentimental embarazada en Sandon\u00e1"}]},{"@type":"WebSite","@id":"https:\/\/pagina10.com\/web\/#website","url":"https:\/\/pagina10.com\/web\/","name":"P\u00e1gina10","description":"Peri\u00f3dico Regional","publisher":{"@id":"https:\/\/pagina10.com\/web\/#organization"},"alternateName":"P\u00e1gina10 Peri\u00f3dico Regional","potentialAction":[{"@type":"SearchAction","target":{"@type":"EntryPoint","urlTemplate":"https:\/\/pagina10.com\/web\/?s={search_term_string}"},"query-input":{"@type":"PropertyValueSpecification","valueRequired":true,"valueName":"search_term_string"}}],"inLanguage":"es"},{"@type":"Organization","@id":"https:\/\/pagina10.com\/web\/#organization","name":"P\u00e1gina10","alternateName":"P\u00e1gina10 Peri\u00f3dico Regional","url":"https:\/\/pagina10.com\/web\/","logo":{"@type":"ImageObject","inLanguage":"es","@id":"https:\/\/pagina10.com\/web\/#\/schema\/logo\/image\/","url":"https:\/\/pagina10.com\/web\/wp-content\/uploads\/2024\/01\/40-pagina-10-periodico-regional-pasto.jpg","contentUrl":"https:\/\/pagina10.com\/web\/wp-content\/uploads\/2024\/01\/40-pagina-10-periodico-regional-pasto.jpg","width":1280,"height":720,"caption":"P\u00e1gina10"},"image":{"@id":"https:\/\/pagina10.com\/web\/#\/schema\/logo\/image\/"},"sameAs":["https:\/\/www.facebook.com\/pag10com","https:\/\/x.com\/Pag10com","https:\/\/www.instagram.com\/pagina10col\/","https:\/\/youtube.com\/channel\/pag10","https:\/\/www.tiktok.com\/@p10col"]},{"@type":"Person","@id":"https:\/\/pagina10.com\/web\/#\/schema\/person\/2efc4a090d25b667d3bc796798a3a81b","name":"P\u00e1gina 10","description":"P\u00e1gina 10 es un peri\u00f3dico regional que nace en Colombia, en el departamento de Nari\u00f1o, con un enfoque global, fundamentado en cuatro pilares esenciales: la libertad, el pluralismo, la inclusi\u00f3n y la independencia. P\u00e1gina 10 hace referencia a Nari\u00f1o como el d\u00e9cimo departamento creado en Colombia, despu\u00e9s de un proceso pol\u00edtico liderado por actores y actrices regionales con el fin de obtener la independencia y autonom\u00eda de nuestros territorios. Con la creaci\u00f3n de P\u00e1gina 10 se pretende abrir un escenario para el dialogo, la reflexi\u00f3n y el debate que se extienda a otras geograf\u00edas de Am\u00e9rica Latina y del planeta, en una apuesta por transformar colectivamente los desaf\u00edos de un mundo contempor\u00e1neo, m\u00e1s all\u00e1 de las fronteras impuestas.","url":"https:\/\/pagina10.com\/web\/author\/pdiezadmin\/"}]}},"_links":{"self":[{"href":"https:\/\/pagina10.com\/web\/wp-json\/wp\/v2\/posts\/56188","targetHints":{"allow":["GET"]}}],"collection":[{"href":"https:\/\/pagina10.com\/web\/wp-json\/wp\/v2\/posts"}],"about":[{"href":"https:\/\/pagina10.com\/web\/wp-json\/wp\/v2\/types\/post"}],"author":[{"embeddable":true,"href":"https:\/\/pagina10.com\/web\/wp-json\/wp\/v2\/users\/1"}],"replies":[{"embeddable":true,"href":"https:\/\/pagina10.com\/web\/wp-json\/wp\/v2\/comments?post=56188"}],"version-history":[{"count":1,"href":"https:\/\/pagina10.com\/web\/wp-json\/wp\/v2\/posts\/56188\/revisions"}],"predecessor-version":[{"id":56190,"href":"https:\/\/pagina10.com\/web\/wp-json\/wp\/v2\/posts\/56188\/revisions\/56190"}],"wp:featuredmedia":[{"embeddable":true,"href":"https:\/\/pagina10.com\/web\/wp-json\/wp\/v2\/media\/56189"}],"wp:attachment":[{"href":"https:\/\/pagina10.com\/web\/wp-json\/wp\/v2\/media?parent=56188"}],"wp:term":[{"taxonomy":"category","embeddable":true,"href":"https:\/\/pagina10.com\/web\/wp-json\/wp\/v2\/categories?post=56188"},{"taxonomy":"post_tag","embeddable":true,"href":"https:\/\/pagina10.com\/web\/wp-json\/wp\/v2\/tags?post=56188"}],"curies":[{"name":"wp","href":"https:\/\/api.w.org\/{rel}","templated":true}]}}