{"id":56212,"date":"2021-10-19T23:07:53","date_gmt":"2021-10-20T04:07:53","guid":{"rendered":"https:\/\/pagina10.com\/web\/?p=56212"},"modified":"2021-10-19T23:07:53","modified_gmt":"2021-10-20T04:07:53","slug":"mas-de-15-mil-ninos-y-460-hogares-comunitarios-se-beneficiaran-de-filtros-para-potabilizar-el-agua","status":"publish","type":"post","link":"https:\/\/pagina10.com\/web\/mas-de-15-mil-ninos-y-460-hogares-comunitarios-se-beneficiaran-de-filtros-para-potabilizar-el-agua\/","title":{"rendered":"M\u00e1s de 15 mil ni\u00f1os y 460 hogares comunitarios se beneficiar\u00e1n de filtros para potabilizar el agua"},"content":{"rendered":"<p style=\"text-align: justify;\">El Gobernador de Nari\u00f1o junto al Gestor del Plan Departamental de Agua, hacen entrega de filtros a madres comunitarias e instituciones educativas de la zona rural de los municipios de T\u00faquerres, Imu\u00e9s, C\u00f3rdoba y Ospina.<\/p>\n<p>Potabilizar el agua garantiza el derecho a consumir agua segura, adem\u00e1s de proteger la salud y de evitar el contagio y propagaci\u00f3n de enfermedades que se transmiten por el agua. Los filtros entregados, cuentan con una tecnolog\u00eda que remueve el 99,9% de virus, bacterias y protozoos, garantizando su consumo.<\/p>\n<p>\u201cNos sentimos complacidos con estas entregas de filtros, sabemos que el agua potable es un factor preponderante para el desarrollo de nuestro Departamento, estas entregas, significan menos enfermedades y una mayor calidad de vida para los ni\u00f1os y ni\u00f1as de la zona rural.<\/p>\n<p>Continuaremos aunando esfuerzos para llevar agua segura a las comunidades m\u00e1s vulnerables de mi Nari\u00f1o, quiero recalcar, que el proyecto, tiene un valor de m\u00e1s de mil millones de pesos, una inversi\u00f3n hist\u00f3rica en tecnolog\u00edas no convencionales para nuestro Departamento\u201d, afirm\u00f3 el Gobernador de Nari\u00f1o, Jhon Rojas Cabrera.<\/p>\n<p>En consiguiente, el proyecto se ejecutar\u00e1 en alianza con la Universidad de Nari\u00f1o y el Instituto Departamental de Salud, beneficiando a 150 instituciones educativas y 460 hogares comunitarios de los municipios en menci\u00f3n. Al acto de entrega, asistieron los alcaldes de los municipios en menci\u00f3n, quienes agradecieron la ayuda estrat\u00e9gica en la consolidaci\u00f3n de un Nari\u00f1o m\u00e1s incluyente, comprometido con el bienestar de las comunidades y sostenible con el ambiente.<\/p>\n<p>Por su parte, el alcalde del municipio de T\u00faquerres Juan Fernando L\u00f3pez, manifest\u00f3 \u201cHoy agradecemos la voluntad de nuestro Gobernador Jhon Rojas, sabemos de su trabajo y hoy, en nombre de nuestro municipio, las ni\u00f1as, los ni\u00f1os y las madres comunitarias, levantamos nuestra voz de felicitaciones por esta iniciativa, que trae agua potable y segura para nuestras comunidades\u201d.<\/p>\n","protected":false},"excerpt":{"rendered":"<p>El Gobernador de Nari\u00f1o junto al Gestor del Plan Departamental de Agua, hacen entrega de filtros a madres comunitarias e instituciones educativas de la zona rural de los municipios de T\u00faquerres, Imu\u00e9s, C\u00f3rdoba y Ospina. Potabilizar el agua garantiza el derecho a consumir agua segura, adem\u00e1s de proteger la salud y de evitar el contagio [&hellip;]<\/p>\n","protected":false},"author":1,"featured_media":56213,"comment_status":"open","ping_status":"open","sticky":false,"template":"","format":"standard","meta":{"footnotes":""},"categories":[14],"tags":[],"class_list":["post-56212","post","type-post","status-publish","format-standard","has-post-thumbnail","hentry","category-narino-actual"],"yoast_head":"<!-- This site is optimized with the Yoast SEO plugin v27.1.1 - https:\/\/yoast.com\/product\/yoast-seo-wordpress\/ -->\n<title>M\u00e1s de 15 mil ni\u00f1os y 460 hogares comunitarios se beneficiar\u00e1n de filtros para potabilizar el agua | P\u00e1gina10<\/title>\n<meta name=\"robots\" content=\"index, follow, max-snippet:-1, max-image-preview:large, max-video-preview:-1\" \/>\n<link rel=\"canonical\" href=\"https:\/\/pagina10.com\/web\/mas-de-15-mil-ninos-y-460-hogares-comunitarios-se-beneficiaran-de-filtros-para-potabilizar-el-agua\/\" \/>\n<meta property=\"og:locale\" content=\"es_ES\" \/>\n<meta property=\"og:type\" content=\"article\" \/>\n<meta property=\"og:title\" content=\"M\u00e1s de 15 mil ni\u00f1os y 460 hogares comunitarios se beneficiar\u00e1n de filtros para potabilizar el agua | P\u00e1gina10\" \/>\n<meta property=\"og:description\" content=\"El Gobernador de Nari\u00f1o junto al Gestor del Plan Departamental de Agua, hacen entrega de filtros a madres comunitarias e instituciones educativas de la zona rural de los municipios de T\u00faquerres, Imu\u00e9s, C\u00f3rdoba y Ospina. Potabilizar el agua garantiza el derecho a consumir agua segura, adem\u00e1s de proteger la salud y de evitar el contagio [&hellip;]\" \/>\n<meta property=\"og:url\" content=\"https:\/\/pagina10.com\/web\/mas-de-15-mil-ninos-y-460-hogares-comunitarios-se-beneficiaran-de-filtros-para-potabilizar-el-agua\/\" \/>\n<meta property=\"og:site_name\" content=\"P\u00e1gina10\" \/>\n<meta property=\"article:publisher\" content=\"https:\/\/www.facebook.com\/pag10com\" \/>\n<meta property=\"article:published_time\" content=\"2021-10-20T04:07:53+00:00\" \/>\n<meta property=\"og:image\" content=\"https:\/\/pagina10.com\/web\/wp-content\/uploads\/2021\/10\/Captura-de-Pantalla-2021-10-19-a-las-11.07.19-p.-m..png\" \/>\n\t<meta property=\"og:image:width\" content=\"444\" \/>\n\t<meta property=\"og:image:height\" content=\"293\" \/>\n\t<meta property=\"og:image:type\" content=\"image\/png\" \/>\n<meta name=\"author\" content=\"P\u00e1gina 10\" \/>\n<meta name=\"twitter:card\" content=\"summary_large_image\" \/>\n<meta name=\"twitter:creator\" content=\"@Pag10com\" \/>\n<meta name=\"twitter:site\" content=\"@Pag10com\" \/>\n<meta name=\"twitter:label1\" content=\"Escrito por\" \/>\n\t<meta name=\"twitter:data1\" content=\"P\u00e1gina 10\" \/>\n\t<meta name=\"twitter:label2\" content=\"Tiempo de lectura\" \/>\n\t<meta name=\"twitter:data2\" content=\"2 minutos\" \/>\n<script type=\"application\/ld+json\" class=\"yoast-schema-graph\">{\"@context\":\"https:\/\/schema.org\",\"@graph\":[{\"@type\":\"Article\",\"@id\":\"https:\/\/pagina10.com\/web\/mas-de-15-mil-ninos-y-460-hogares-comunitarios-se-beneficiaran-de-filtros-para-potabilizar-el-agua\/#article\",\"isPartOf\":{\"@id\":\"https:\/\/pagina10.com\/web\/mas-de-15-mil-ninos-y-460-hogares-comunitarios-se-beneficiaran-de-filtros-para-potabilizar-el-agua\/\"},\"author\":{\"name\":\"P\u00e1gina 10\",\"@id\":\"https:\/\/pagina10.com\/web\/#\/schema\/person\/2efc4a090d25b667d3bc796798a3a81b\"},\"headline\":\"M\u00e1s de 15 mil ni\u00f1os y 460 hogares comunitarios se beneficiar\u00e1n de filtros para potabilizar el agua\",\"datePublished\":\"2021-10-20T04:07:53+00:00\",\"mainEntityOfPage\":{\"@id\":\"https:\/\/pagina10.com\/web\/mas-de-15-mil-ninos-y-460-hogares-comunitarios-se-beneficiaran-de-filtros-para-potabilizar-el-agua\/\"},\"wordCount\":345,\"commentCount\":0,\"publisher\":{\"@id\":\"https:\/\/pagina10.com\/web\/#organization\"},\"image\":{\"@id\":\"https:\/\/pagina10.com\/web\/mas-de-15-mil-ninos-y-460-hogares-comunitarios-se-beneficiaran-de-filtros-para-potabilizar-el-agua\/#primaryimage\"},\"thumbnailUrl\":\"https:\/\/pagina10.com\/web\/wp-content\/uploads\/2021\/10\/Captura-de-Pantalla-2021-10-19-a-las-11.07.19-p.-m..png\",\"articleSection\":[\"Nari\u00f1o Actual\"],\"inLanguage\":\"es\",\"potentialAction\":[{\"@type\":\"CommentAction\",\"name\":\"Comment\",\"target\":[\"https:\/\/pagina10.com\/web\/mas-de-15-mil-ninos-y-460-hogares-comunitarios-se-beneficiaran-de-filtros-para-potabilizar-el-agua\/#respond\"]}]},{\"@type\":\"WebPage\",\"@id\":\"https:\/\/pagina10.com\/web\/mas-de-15-mil-ninos-y-460-hogares-comunitarios-se-beneficiaran-de-filtros-para-potabilizar-el-agua\/\",\"url\":\"https:\/\/pagina10.com\/web\/mas-de-15-mil-ninos-y-460-hogares-comunitarios-se-beneficiaran-de-filtros-para-potabilizar-el-agua\/\",\"name\":\"M\u00e1s de 15 mil ni\u00f1os y 460 hogares comunitarios se beneficiar\u00e1n de filtros para potabilizar el agua | P\u00e1gina10\",\"isPartOf\":{\"@id\":\"https:\/\/pagina10.com\/web\/#website\"},\"primaryImageOfPage\":{\"@id\":\"https:\/\/pagina10.com\/web\/mas-de-15-mil-ninos-y-460-hogares-comunitarios-se-beneficiaran-de-filtros-para-potabilizar-el-agua\/#primaryimage\"},\"image\":{\"@id\":\"https:\/\/pagina10.com\/web\/mas-de-15-mil-ninos-y-460-hogares-comunitarios-se-beneficiaran-de-filtros-para-potabilizar-el-agua\/#primaryimage\"},\"thumbnailUrl\":\"https:\/\/pagina10.com\/web\/wp-content\/uploads\/2021\/10\/Captura-de-Pantalla-2021-10-19-a-las-11.07.19-p.-m..png\",\"datePublished\":\"2021-10-20T04:07:53+00:00\",\"breadcrumb\":{\"@id\":\"https:\/\/pagina10.com\/web\/mas-de-15-mil-ninos-y-460-hogares-comunitarios-se-beneficiaran-de-filtros-para-potabilizar-el-agua\/#breadcrumb\"},\"inLanguage\":\"es\",\"potentialAction\":[{\"@type\":\"ReadAction\",\"target\":[\"https:\/\/pagina10.com\/web\/mas-de-15-mil-ninos-y-460-hogares-comunitarios-se-beneficiaran-de-filtros-para-potabilizar-el-agua\/\"]}]},{\"@type\":\"ImageObject\",\"inLanguage\":\"es\",\"@id\":\"https:\/\/pagina10.com\/web\/mas-de-15-mil-ninos-y-460-hogares-comunitarios-se-beneficiaran-de-filtros-para-potabilizar-el-agua\/#primaryimage\",\"url\":\"https:\/\/pagina10.com\/web\/wp-content\/uploads\/2021\/10\/Captura-de-Pantalla-2021-10-19-a-las-11.07.19-p.-m..png\",\"contentUrl\":\"https:\/\/pagina10.com\/web\/wp-content\/uploads\/2021\/10\/Captura-de-Pantalla-2021-10-19-a-las-11.07.19-p.-m..png\",\"width\":444,\"height\":293},{\"@type\":\"BreadcrumbList\",\"@id\":\"https:\/\/pagina10.com\/web\/mas-de-15-mil-ninos-y-460-hogares-comunitarios-se-beneficiaran-de-filtros-para-potabilizar-el-agua\/#breadcrumb\",\"itemListElement\":[{\"@type\":\"ListItem\",\"position\":1,\"name\":\"Portada\",\"item\":\"https:\/\/pagina10.com\/web\/\"},{\"@type\":\"ListItem\",\"position\":2,\"name\":\"M\u00e1s de 15 mil ni\u00f1os y 460 hogares comunitarios se beneficiar\u00e1n de filtros para potabilizar el agua\"}]},{\"@type\":\"WebSite\",\"@id\":\"https:\/\/pagina10.com\/web\/#website\",\"url\":\"https:\/\/pagina10.com\/web\/\",\"name\":\"P\u00e1gina10\",\"description\":\"Peri\u00f3dico Regional\",\"publisher\":{\"@id\":\"https:\/\/pagina10.com\/web\/#organization\"},\"alternateName\":\"P\u00e1gina10 Peri\u00f3dico Regional\",\"potentialAction\":[{\"@type\":\"SearchAction\",\"target\":{\"@type\":\"EntryPoint\",\"urlTemplate\":\"https:\/\/pagina10.com\/web\/?s={search_term_string}\"},\"query-input\":{\"@type\":\"PropertyValueSpecification\",\"valueRequired\":true,\"valueName\":\"search_term_string\"}}],\"inLanguage\":\"es\"},{\"@type\":\"Organization\",\"@id\":\"https:\/\/pagina10.com\/web\/#organization\",\"name\":\"P\u00e1gina10\",\"alternateName\":\"P\u00e1gina10 Peri\u00f3dico Regional\",\"url\":\"https:\/\/pagina10.com\/web\/\",\"logo\":{\"@type\":\"ImageObject\",\"inLanguage\":\"es\",\"@id\":\"https:\/\/pagina10.com\/web\/#\/schema\/logo\/image\/\",\"url\":\"https:\/\/pagina10.com\/web\/wp-content\/uploads\/2024\/01\/40-pagina-10-periodico-regional-pasto.jpg\",\"contentUrl\":\"https:\/\/pagina10.com\/web\/wp-content\/uploads\/2024\/01\/40-pagina-10-periodico-regional-pasto.jpg\",\"width\":1280,\"height\":720,\"caption\":\"P\u00e1gina10\"},\"image\":{\"@id\":\"https:\/\/pagina10.com\/web\/#\/schema\/logo\/image\/\"},\"sameAs\":[\"https:\/\/www.facebook.com\/pag10com\",\"https:\/\/x.com\/Pag10com\",\"https:\/\/www.instagram.com\/pagina10col\/\",\"https:\/\/youtube.com\/channel\/pag10\",\"https:\/\/www.tiktok.com\/@p10col\"]},{\"@type\":\"Person\",\"@id\":\"https:\/\/pagina10.com\/web\/#\/schema\/person\/2efc4a090d25b667d3bc796798a3a81b\",\"name\":\"P\u00e1gina 10\",\"description\":\"P\u00e1gina 10 es un peri\u00f3dico regional que nace en Colombia, en el departamento de Nari\u00f1o, con un enfoque global, fundamentado en cuatro pilares esenciales: la libertad, el pluralismo, la inclusi\u00f3n y la independencia. P\u00e1gina 10 hace referencia a Nari\u00f1o como el d\u00e9cimo departamento creado en Colombia, despu\u00e9s de un proceso pol\u00edtico liderado por actores y actrices regionales con el fin de obtener la independencia y autonom\u00eda de nuestros territorios. Con la creaci\u00f3n de P\u00e1gina 10 se pretende abrir un escenario para el dialogo, la reflexi\u00f3n y el debate que se extienda a otras geograf\u00edas de Am\u00e9rica Latina y del planeta, en una apuesta por transformar colectivamente los desaf\u00edos de un mundo contempor\u00e1neo, m\u00e1s all\u00e1 de las fronteras impuestas.\",\"url\":\"https:\/\/pagina10.com\/web\/author\/pdiezadmin\/\"}]}<\/script>\n<!-- \/ Yoast SEO plugin. -->","yoast_head_json":{"title":"M\u00e1s de 15 mil ni\u00f1os y 460 hogares comunitarios se beneficiar\u00e1n de filtros para potabilizar el agua | P\u00e1gina10","robots":{"index":"index","follow":"follow","max-snippet":"max-snippet:-1","max-image-preview":"max-image-preview:large","max-video-preview":"max-video-preview:-1"},"canonical":"https:\/\/pagina10.com\/web\/mas-de-15-mil-ninos-y-460-hogares-comunitarios-se-beneficiaran-de-filtros-para-potabilizar-el-agua\/","og_locale":"es_ES","og_type":"article","og_title":"M\u00e1s de 15 mil ni\u00f1os y 460 hogares comunitarios se beneficiar\u00e1n de filtros para potabilizar el agua | P\u00e1gina10","og_description":"El Gobernador de Nari\u00f1o junto al Gestor del Plan Departamental de Agua, hacen entrega de filtros a madres comunitarias e instituciones educativas de la zona rural de los municipios de T\u00faquerres, Imu\u00e9s, C\u00f3rdoba y Ospina. Potabilizar el agua garantiza el derecho a consumir agua segura, adem\u00e1s de proteger la salud y de evitar el contagio [&hellip;]","og_url":"https:\/\/pagina10.com\/web\/mas-de-15-mil-ninos-y-460-hogares-comunitarios-se-beneficiaran-de-filtros-para-potabilizar-el-agua\/","og_site_name":"P\u00e1gina10","article_publisher":"https:\/\/www.facebook.com\/pag10com","article_published_time":"2021-10-20T04:07:53+00:00","og_image":[{"width":444,"height":293,"url":"https:\/\/pagina10.com\/web\/wp-content\/uploads\/2021\/10\/Captura-de-Pantalla-2021-10-19-a-las-11.07.19-p.-m..png","type":"image\/png"}],"author":"P\u00e1gina 10","twitter_card":"summary_large_image","twitter_creator":"@Pag10com","twitter_site":"@Pag10com","twitter_misc":{"Escrito por":"P\u00e1gina 10","Tiempo de lectura":"2 minutos"},"schema":{"@context":"https:\/\/schema.org","@graph":[{"@type":"Article","@id":"https:\/\/pagina10.com\/web\/mas-de-15-mil-ninos-y-460-hogares-comunitarios-se-beneficiaran-de-filtros-para-potabilizar-el-agua\/#article","isPartOf":{"@id":"https:\/\/pagina10.com\/web\/mas-de-15-mil-ninos-y-460-hogares-comunitarios-se-beneficiaran-de-filtros-para-potabilizar-el-agua\/"},"author":{"name":"P\u00e1gina 10","@id":"https:\/\/pagina10.com\/web\/#\/schema\/person\/2efc4a090d25b667d3bc796798a3a81b"},"headline":"M\u00e1s de 15 mil ni\u00f1os y 460 hogares comunitarios se beneficiar\u00e1n de filtros para potabilizar el agua","datePublished":"2021-10-20T04:07:53+00:00","mainEntityOfPage":{"@id":"https:\/\/pagina10.com\/web\/mas-de-15-mil-ninos-y-460-hogares-comunitarios-se-beneficiaran-de-filtros-para-potabilizar-el-agua\/"},"wordCount":345,"commentCount":0,"publisher":{"@id":"https:\/\/pagina10.com\/web\/#organization"},"image":{"@id":"https:\/\/pagina10.com\/web\/mas-de-15-mil-ninos-y-460-hogares-comunitarios-se-beneficiaran-de-filtros-para-potabilizar-el-agua\/#primaryimage"},"thumbnailUrl":"https:\/\/pagina10.com\/web\/wp-content\/uploads\/2021\/10\/Captura-de-Pantalla-2021-10-19-a-las-11.07.19-p.-m..png","articleSection":["Nari\u00f1o Actual"],"inLanguage":"es","potentialAction":[{"@type":"CommentAction","name":"Comment","target":["https:\/\/pagina10.com\/web\/mas-de-15-mil-ninos-y-460-hogares-comunitarios-se-beneficiaran-de-filtros-para-potabilizar-el-agua\/#respond"]}]},{"@type":"WebPage","@id":"https:\/\/pagina10.com\/web\/mas-de-15-mil-ninos-y-460-hogares-comunitarios-se-beneficiaran-de-filtros-para-potabilizar-el-agua\/","url":"https:\/\/pagina10.com\/web\/mas-de-15-mil-ninos-y-460-hogares-comunitarios-se-beneficiaran-de-filtros-para-potabilizar-el-agua\/","name":"M\u00e1s de 15 mil ni\u00f1os y 460 hogares comunitarios se beneficiar\u00e1n de filtros para potabilizar el agua | P\u00e1gina10","isPartOf":{"@id":"https:\/\/pagina10.com\/web\/#website"},"primaryImageOfPage":{"@id":"https:\/\/pagina10.com\/web\/mas-de-15-mil-ninos-y-460-hogares-comunitarios-se-beneficiaran-de-filtros-para-potabilizar-el-agua\/#primaryimage"},"image":{"@id":"https:\/\/pagina10.com\/web\/mas-de-15-mil-ninos-y-460-hogares-comunitarios-se-beneficiaran-de-filtros-para-potabilizar-el-agua\/#primaryimage"},"thumbnailUrl":"https:\/\/pagina10.com\/web\/wp-content\/uploads\/2021\/10\/Captura-de-Pantalla-2021-10-19-a-las-11.07.19-p.-m..png","datePublished":"2021-10-20T04:07:53+00:00","breadcrumb":{"@id":"https:\/\/pagina10.com\/web\/mas-de-15-mil-ninos-y-460-hogares-comunitarios-se-beneficiaran-de-filtros-para-potabilizar-el-agua\/#breadcrumb"},"inLanguage":"es","potentialAction":[{"@type":"ReadAction","target":["https:\/\/pagina10.com\/web\/mas-de-15-mil-ninos-y-460-hogares-comunitarios-se-beneficiaran-de-filtros-para-potabilizar-el-agua\/"]}]},{"@type":"ImageObject","inLanguage":"es","@id":"https:\/\/pagina10.com\/web\/mas-de-15-mil-ninos-y-460-hogares-comunitarios-se-beneficiaran-de-filtros-para-potabilizar-el-agua\/#primaryimage","url":"https:\/\/pagina10.com\/web\/wp-content\/uploads\/2021\/10\/Captura-de-Pantalla-2021-10-19-a-las-11.07.19-p.-m..png","contentUrl":"https:\/\/pagina10.com\/web\/wp-content\/uploads\/2021\/10\/Captura-de-Pantalla-2021-10-19-a-las-11.07.19-p.-m..png","width":444,"height":293},{"@type":"BreadcrumbList","@id":"https:\/\/pagina10.com\/web\/mas-de-15-mil-ninos-y-460-hogares-comunitarios-se-beneficiaran-de-filtros-para-potabilizar-el-agua\/#breadcrumb","itemListElement":[{"@type":"ListItem","position":1,"name":"Portada","item":"https:\/\/pagina10.com\/web\/"},{"@type":"ListItem","position":2,"name":"M\u00e1s de 15 mil ni\u00f1os y 460 hogares comunitarios se beneficiar\u00e1n de filtros para potabilizar el agua"}]},{"@type":"WebSite","@id":"https:\/\/pagina10.com\/web\/#website","url":"https:\/\/pagina10.com\/web\/","name":"P\u00e1gina10","description":"Peri\u00f3dico Regional","publisher":{"@id":"https:\/\/pagina10.com\/web\/#organization"},"alternateName":"P\u00e1gina10 Peri\u00f3dico Regional","potentialAction":[{"@type":"SearchAction","target":{"@type":"EntryPoint","urlTemplate":"https:\/\/pagina10.com\/web\/?s={search_term_string}"},"query-input":{"@type":"PropertyValueSpecification","valueRequired":true,"valueName":"search_term_string"}}],"inLanguage":"es"},{"@type":"Organization","@id":"https:\/\/pagina10.com\/web\/#organization","name":"P\u00e1gina10","alternateName":"P\u00e1gina10 Peri\u00f3dico Regional","url":"https:\/\/pagina10.com\/web\/","logo":{"@type":"ImageObject","inLanguage":"es","@id":"https:\/\/pagina10.com\/web\/#\/schema\/logo\/image\/","url":"https:\/\/pagina10.com\/web\/wp-content\/uploads\/2024\/01\/40-pagina-10-periodico-regional-pasto.jpg","contentUrl":"https:\/\/pagina10.com\/web\/wp-content\/uploads\/2024\/01\/40-pagina-10-periodico-regional-pasto.jpg","width":1280,"height":720,"caption":"P\u00e1gina10"},"image":{"@id":"https:\/\/pagina10.com\/web\/#\/schema\/logo\/image\/"},"sameAs":["https:\/\/www.facebook.com\/pag10com","https:\/\/x.com\/Pag10com","https:\/\/www.instagram.com\/pagina10col\/","https:\/\/youtube.com\/channel\/pag10","https:\/\/www.tiktok.com\/@p10col"]},{"@type":"Person","@id":"https:\/\/pagina10.com\/web\/#\/schema\/person\/2efc4a090d25b667d3bc796798a3a81b","name":"P\u00e1gina 10","description":"P\u00e1gina 10 es un peri\u00f3dico regional que nace en Colombia, en el departamento de Nari\u00f1o, con un enfoque global, fundamentado en cuatro pilares esenciales: la libertad, el pluralismo, la inclusi\u00f3n y la independencia. P\u00e1gina 10 hace referencia a Nari\u00f1o como el d\u00e9cimo departamento creado en Colombia, despu\u00e9s de un proceso pol\u00edtico liderado por actores y actrices regionales con el fin de obtener la independencia y autonom\u00eda de nuestros territorios. Con la creaci\u00f3n de P\u00e1gina 10 se pretende abrir un escenario para el dialogo, la reflexi\u00f3n y el debate que se extienda a otras geograf\u00edas de Am\u00e9rica Latina y del planeta, en una apuesta por transformar colectivamente los desaf\u00edos de un mundo contempor\u00e1neo, m\u00e1s all\u00e1 de las fronteras impuestas.","url":"https:\/\/pagina10.com\/web\/author\/pdiezadmin\/"}]}},"_links":{"self":[{"href":"https:\/\/pagina10.com\/web\/wp-json\/wp\/v2\/posts\/56212","targetHints":{"allow":["GET"]}}],"collection":[{"href":"https:\/\/pagina10.com\/web\/wp-json\/wp\/v2\/posts"}],"about":[{"href":"https:\/\/pagina10.com\/web\/wp-json\/wp\/v2\/types\/post"}],"author":[{"embeddable":true,"href":"https:\/\/pagina10.com\/web\/wp-json\/wp\/v2\/users\/1"}],"replies":[{"embeddable":true,"href":"https:\/\/pagina10.com\/web\/wp-json\/wp\/v2\/comments?post=56212"}],"version-history":[{"count":1,"href":"https:\/\/pagina10.com\/web\/wp-json\/wp\/v2\/posts\/56212\/revisions"}],"predecessor-version":[{"id":56214,"href":"https:\/\/pagina10.com\/web\/wp-json\/wp\/v2\/posts\/56212\/revisions\/56214"}],"wp:featuredmedia":[{"embeddable":true,"href":"https:\/\/pagina10.com\/web\/wp-json\/wp\/v2\/media\/56213"}],"wp:attachment":[{"href":"https:\/\/pagina10.com\/web\/wp-json\/wp\/v2\/media?parent=56212"}],"wp:term":[{"taxonomy":"category","embeddable":true,"href":"https:\/\/pagina10.com\/web\/wp-json\/wp\/v2\/categories?post=56212"},{"taxonomy":"post_tag","embeddable":true,"href":"https:\/\/pagina10.com\/web\/wp-json\/wp\/v2\/tags?post=56212"}],"curies":[{"name":"wp","href":"https:\/\/api.w.org\/{rel}","templated":true}]}}