{"id":56218,"date":"2021-10-19T23:16:43","date_gmt":"2021-10-20T04:16:43","guid":{"rendered":"https:\/\/pagina10.com\/web\/?p=56218"},"modified":"2021-10-19T23:16:43","modified_gmt":"2021-10-20T04:16:43","slug":"la-gobernacion-de-narino-inicia-proyecto-que-llevara-gas-domiciliario-a-mas-de-18-000-hogares-narinenses","status":"publish","type":"post","link":"https:\/\/pagina10.com\/web\/la-gobernacion-de-narino-inicia-proyecto-que-llevara-gas-domiciliario-a-mas-de-18-000-hogares-narinenses\/","title":{"rendered":"La Gobernaci\u00f3n de Nari\u00f1o inicia proyecto que llevar\u00e1 gas domiciliario a m\u00e1s de 18.000 hogares nari\u00f1enses"},"content":{"rendered":"<p style=\"text-align: justify;\">Mediante proyecto presentado por la administraci\u00f3n departamental, se subsidiar\u00e1 las conexiones de gas domiciliario a hogares de estratos uno y dos en 18 municipios de Nari\u00f1o.<\/p>\n<p>Este martes 19 de octubre, el Gobernador de Nari\u00f1o Jhon Rojas Cabrera, firmar\u00e1 el acta de inicio del proyecto estructurado por la Secretar\u00eda de Infraestructura y Minas por intermedio de la Subsecretar\u00eda de Minas y Energ\u00eda, por un valor de $43.632 millones de pesos.<\/p>\n<p>Los hogares beneficiados est\u00e1n ubicados en los municipios de San Jos\u00e9 de Alb\u00e1n, Ancuya, Bel\u00e9n, Buesaco, Cumbitara, El Rosario, Tabl\u00f3n de G\u00f3mez, Funes, Imues, La Cruz, Linares, Providencia, San Bernardo, Sandon\u00e1, Santacruz Guachavez, Tangua y Yacuanquer. La firma ejecutora del proyecto ser\u00e1 la empresa nari\u00f1ense Montagas S.A. E.S.P, el cual estar\u00e1 supervisado por la Subsecretar\u00eda de Minas y Energ\u00eda de Nari\u00f1o.<\/p>\n<p>La Subsecretaria de Minas y Energ\u00eda de Nari\u00f1o, Jhoanna Morillo, manifest\u00f3, \u201ccon la ejecuci\u00f3n del proyecto subsidio para ampliaci\u00f3n de la cobertura del servicio p\u00fablico domiciliario de GLP por redes para 18 municipios en el departamento de Nari\u00f1o, se ampliar\u00e1 este beneficio para 18.173 nuevos hogares de estratos uno y dos.<\/p>\n<p>En la presente administraci\u00f3n, 3520 familias de estratos 1 y 2 en los municipios de Cumbal, Guachucal y Potos\u00ed, cuentan con este beneficio y en los pr\u00f3ximos meses la aprobaci\u00f3n de otro proyecto de esta misma naturaleza beneficiar\u00e1 a otros siete municipios (Consac\u00e1, El Tambo, Nari\u00f1o, Puerres, Samaniego y san Lorenzo\u201d.<\/p>\n<p>El gas domiciliario genera condiciones de seguridad, econom\u00eda, y eficiencia en el servicio; adem\u00e1s reduce el impacto negativo para el medio ambiente y la salud por uso de le\u00f1a o carb\u00f3n en los hogares.<\/p>\n<p>*Desde la Gobernaci\u00f3n de Nari\u00f1o, extendemos la invitaci\u00f3n a los medios de comunicaci\u00f3n a asistir a la firma del acta de inicio a partir de las 9:30 de la ma\u00f1ana en las instalaciones del Hotel Cuellar`s. *<\/p>\n","protected":false},"excerpt":{"rendered":"<p>Mediante proyecto presentado por la administraci\u00f3n departamental, se subsidiar\u00e1 las conexiones de gas domiciliario a hogares de estratos uno y dos en 18 municipios de Nari\u00f1o. Este martes 19 de octubre, el Gobernador de Nari\u00f1o Jhon Rojas Cabrera, firmar\u00e1 el acta de inicio del proyecto estructurado por la Secretar\u00eda de Infraestructura y Minas por intermedio [&hellip;]<\/p>\n","protected":false},"author":1,"featured_media":56219,"comment_status":"open","ping_status":"open","sticky":false,"template":"","format":"standard","meta":{"footnotes":""},"categories":[13],"tags":[],"class_list":["post-56218","post","type-post","status-publish","format-standard","has-post-thumbnail","hentry","category-economia"],"yoast_head":"<!-- This site is optimized with the Yoast SEO plugin v27.1.1 - https:\/\/yoast.com\/product\/yoast-seo-wordpress\/ -->\n<title>La Gobernaci\u00f3n de Nari\u00f1o inicia proyecto que llevar\u00e1 gas domiciliario a m\u00e1s de 18.000 hogares nari\u00f1enses | P\u00e1gina10<\/title>\n<meta name=\"robots\" content=\"index, follow, max-snippet:-1, max-image-preview:large, max-video-preview:-1\" \/>\n<link rel=\"canonical\" href=\"https:\/\/pagina10.com\/web\/la-gobernacion-de-narino-inicia-proyecto-que-llevara-gas-domiciliario-a-mas-de-18-000-hogares-narinenses\/\" \/>\n<meta property=\"og:locale\" content=\"es_ES\" \/>\n<meta property=\"og:type\" content=\"article\" \/>\n<meta property=\"og:title\" content=\"La Gobernaci\u00f3n de Nari\u00f1o inicia proyecto que llevar\u00e1 gas domiciliario a m\u00e1s de 18.000 hogares nari\u00f1enses | P\u00e1gina10\" \/>\n<meta property=\"og:description\" content=\"Mediante proyecto presentado por la administraci\u00f3n departamental, se subsidiar\u00e1 las conexiones de gas domiciliario a hogares de estratos uno y dos en 18 municipios de Nari\u00f1o. Este martes 19 de octubre, el Gobernador de Nari\u00f1o Jhon Rojas Cabrera, firmar\u00e1 el acta de inicio del proyecto estructurado por la Secretar\u00eda de Infraestructura y Minas por intermedio [&hellip;]\" \/>\n<meta property=\"og:url\" content=\"https:\/\/pagina10.com\/web\/la-gobernacion-de-narino-inicia-proyecto-que-llevara-gas-domiciliario-a-mas-de-18-000-hogares-narinenses\/\" \/>\n<meta property=\"og:site_name\" content=\"P\u00e1gina10\" \/>\n<meta property=\"article:publisher\" content=\"https:\/\/www.facebook.com\/pag10com\" \/>\n<meta property=\"article:published_time\" content=\"2021-10-20T04:16:43+00:00\" \/>\n<meta property=\"og:image\" content=\"https:\/\/pagina10.com\/web\/wp-content\/uploads\/2021\/10\/245426946_4606682046075616_7669939260746342697_n.jpg\" \/>\n\t<meta property=\"og:image:width\" content=\"960\" \/>\n\t<meta property=\"og:image:height\" content=\"642\" \/>\n\t<meta property=\"og:image:type\" content=\"image\/jpeg\" \/>\n<meta name=\"author\" content=\"P\u00e1gina 10\" \/>\n<meta name=\"twitter:card\" content=\"summary_large_image\" \/>\n<meta name=\"twitter:creator\" content=\"@Pag10com\" \/>\n<meta name=\"twitter:site\" content=\"@Pag10com\" \/>\n<meta name=\"twitter:label1\" content=\"Escrito por\" \/>\n\t<meta name=\"twitter:data1\" content=\"P\u00e1gina 10\" \/>\n\t<meta name=\"twitter:label2\" content=\"Tiempo de lectura\" \/>\n\t<meta name=\"twitter:data2\" content=\"2 minutos\" \/>\n<script type=\"application\/ld+json\" class=\"yoast-schema-graph\">{\"@context\":\"https:\/\/schema.org\",\"@graph\":[{\"@type\":\"Article\",\"@id\":\"https:\/\/pagina10.com\/web\/la-gobernacion-de-narino-inicia-proyecto-que-llevara-gas-domiciliario-a-mas-de-18-000-hogares-narinenses\/#article\",\"isPartOf\":{\"@id\":\"https:\/\/pagina10.com\/web\/la-gobernacion-de-narino-inicia-proyecto-que-llevara-gas-domiciliario-a-mas-de-18-000-hogares-narinenses\/\"},\"author\":{\"name\":\"P\u00e1gina 10\",\"@id\":\"https:\/\/pagina10.com\/web\/#\/schema\/person\/2efc4a090d25b667d3bc796798a3a81b\"},\"headline\":\"La Gobernaci\u00f3n de Nari\u00f1o inicia proyecto que llevar\u00e1 gas domiciliario a m\u00e1s de 18.000 hogares nari\u00f1enses\",\"datePublished\":\"2021-10-20T04:16:43+00:00\",\"mainEntityOfPage\":{\"@id\":\"https:\/\/pagina10.com\/web\/la-gobernacion-de-narino-inicia-proyecto-que-llevara-gas-domiciliario-a-mas-de-18-000-hogares-narinenses\/\"},\"wordCount\":351,\"commentCount\":0,\"publisher\":{\"@id\":\"https:\/\/pagina10.com\/web\/#organization\"},\"image\":{\"@id\":\"https:\/\/pagina10.com\/web\/la-gobernacion-de-narino-inicia-proyecto-que-llevara-gas-domiciliario-a-mas-de-18-000-hogares-narinenses\/#primaryimage\"},\"thumbnailUrl\":\"https:\/\/pagina10.com\/web\/wp-content\/uploads\/2021\/10\/245426946_4606682046075616_7669939260746342697_n.jpg\",\"articleSection\":[\"Econom\u00eda\"],\"inLanguage\":\"es\",\"potentialAction\":[{\"@type\":\"CommentAction\",\"name\":\"Comment\",\"target\":[\"https:\/\/pagina10.com\/web\/la-gobernacion-de-narino-inicia-proyecto-que-llevara-gas-domiciliario-a-mas-de-18-000-hogares-narinenses\/#respond\"]}]},{\"@type\":\"WebPage\",\"@id\":\"https:\/\/pagina10.com\/web\/la-gobernacion-de-narino-inicia-proyecto-que-llevara-gas-domiciliario-a-mas-de-18-000-hogares-narinenses\/\",\"url\":\"https:\/\/pagina10.com\/web\/la-gobernacion-de-narino-inicia-proyecto-que-llevara-gas-domiciliario-a-mas-de-18-000-hogares-narinenses\/\",\"name\":\"La Gobernaci\u00f3n de Nari\u00f1o inicia proyecto que llevar\u00e1 gas domiciliario a m\u00e1s de 18.000 hogares nari\u00f1enses | P\u00e1gina10\",\"isPartOf\":{\"@id\":\"https:\/\/pagina10.com\/web\/#website\"},\"primaryImageOfPage\":{\"@id\":\"https:\/\/pagina10.com\/web\/la-gobernacion-de-narino-inicia-proyecto-que-llevara-gas-domiciliario-a-mas-de-18-000-hogares-narinenses\/#primaryimage\"},\"image\":{\"@id\":\"https:\/\/pagina10.com\/web\/la-gobernacion-de-narino-inicia-proyecto-que-llevara-gas-domiciliario-a-mas-de-18-000-hogares-narinenses\/#primaryimage\"},\"thumbnailUrl\":\"https:\/\/pagina10.com\/web\/wp-content\/uploads\/2021\/10\/245426946_4606682046075616_7669939260746342697_n.jpg\",\"datePublished\":\"2021-10-20T04:16:43+00:00\",\"breadcrumb\":{\"@id\":\"https:\/\/pagina10.com\/web\/la-gobernacion-de-narino-inicia-proyecto-que-llevara-gas-domiciliario-a-mas-de-18-000-hogares-narinenses\/#breadcrumb\"},\"inLanguage\":\"es\",\"potentialAction\":[{\"@type\":\"ReadAction\",\"target\":[\"https:\/\/pagina10.com\/web\/la-gobernacion-de-narino-inicia-proyecto-que-llevara-gas-domiciliario-a-mas-de-18-000-hogares-narinenses\/\"]}]},{\"@type\":\"ImageObject\",\"inLanguage\":\"es\",\"@id\":\"https:\/\/pagina10.com\/web\/la-gobernacion-de-narino-inicia-proyecto-que-llevara-gas-domiciliario-a-mas-de-18-000-hogares-narinenses\/#primaryimage\",\"url\":\"https:\/\/pagina10.com\/web\/wp-content\/uploads\/2021\/10\/245426946_4606682046075616_7669939260746342697_n.jpg\",\"contentUrl\":\"https:\/\/pagina10.com\/web\/wp-content\/uploads\/2021\/10\/245426946_4606682046075616_7669939260746342697_n.jpg\",\"width\":960,\"height\":642},{\"@type\":\"BreadcrumbList\",\"@id\":\"https:\/\/pagina10.com\/web\/la-gobernacion-de-narino-inicia-proyecto-que-llevara-gas-domiciliario-a-mas-de-18-000-hogares-narinenses\/#breadcrumb\",\"itemListElement\":[{\"@type\":\"ListItem\",\"position\":1,\"name\":\"Portada\",\"item\":\"https:\/\/pagina10.com\/web\/\"},{\"@type\":\"ListItem\",\"position\":2,\"name\":\"La Gobernaci\u00f3n de Nari\u00f1o inicia proyecto que llevar\u00e1 gas domiciliario a m\u00e1s de 18.000 hogares nari\u00f1enses\"}]},{\"@type\":\"WebSite\",\"@id\":\"https:\/\/pagina10.com\/web\/#website\",\"url\":\"https:\/\/pagina10.com\/web\/\",\"name\":\"P\u00e1gina10\",\"description\":\"Peri\u00f3dico Regional\",\"publisher\":{\"@id\":\"https:\/\/pagina10.com\/web\/#organization\"},\"alternateName\":\"P\u00e1gina10 Peri\u00f3dico Regional\",\"potentialAction\":[{\"@type\":\"SearchAction\",\"target\":{\"@type\":\"EntryPoint\",\"urlTemplate\":\"https:\/\/pagina10.com\/web\/?s={search_term_string}\"},\"query-input\":{\"@type\":\"PropertyValueSpecification\",\"valueRequired\":true,\"valueName\":\"search_term_string\"}}],\"inLanguage\":\"es\"},{\"@type\":\"Organization\",\"@id\":\"https:\/\/pagina10.com\/web\/#organization\",\"name\":\"P\u00e1gina10\",\"alternateName\":\"P\u00e1gina10 Peri\u00f3dico Regional\",\"url\":\"https:\/\/pagina10.com\/web\/\",\"logo\":{\"@type\":\"ImageObject\",\"inLanguage\":\"es\",\"@id\":\"https:\/\/pagina10.com\/web\/#\/schema\/logo\/image\/\",\"url\":\"https:\/\/pagina10.com\/web\/wp-content\/uploads\/2024\/01\/40-pagina-10-periodico-regional-pasto.jpg\",\"contentUrl\":\"https:\/\/pagina10.com\/web\/wp-content\/uploads\/2024\/01\/40-pagina-10-periodico-regional-pasto.jpg\",\"width\":1280,\"height\":720,\"caption\":\"P\u00e1gina10\"},\"image\":{\"@id\":\"https:\/\/pagina10.com\/web\/#\/schema\/logo\/image\/\"},\"sameAs\":[\"https:\/\/www.facebook.com\/pag10com\",\"https:\/\/x.com\/Pag10com\",\"https:\/\/www.instagram.com\/pagina10col\/\",\"https:\/\/youtube.com\/channel\/pag10\",\"https:\/\/www.tiktok.com\/@p10col\"]},{\"@type\":\"Person\",\"@id\":\"https:\/\/pagina10.com\/web\/#\/schema\/person\/2efc4a090d25b667d3bc796798a3a81b\",\"name\":\"P\u00e1gina 10\",\"description\":\"P\u00e1gina 10 es un peri\u00f3dico regional que nace en Colombia, en el departamento de Nari\u00f1o, con un enfoque global, fundamentado en cuatro pilares esenciales: la libertad, el pluralismo, la inclusi\u00f3n y la independencia. P\u00e1gina 10 hace referencia a Nari\u00f1o como el d\u00e9cimo departamento creado en Colombia, despu\u00e9s de un proceso pol\u00edtico liderado por actores y actrices regionales con el fin de obtener la independencia y autonom\u00eda de nuestros territorios. Con la creaci\u00f3n de P\u00e1gina 10 se pretende abrir un escenario para el dialogo, la reflexi\u00f3n y el debate que se extienda a otras geograf\u00edas de Am\u00e9rica Latina y del planeta, en una apuesta por transformar colectivamente los desaf\u00edos de un mundo contempor\u00e1neo, m\u00e1s all\u00e1 de las fronteras impuestas.\",\"url\":\"https:\/\/pagina10.com\/web\/author\/pdiezadmin\/\"}]}<\/script>\n<!-- \/ Yoast SEO plugin. -->","yoast_head_json":{"title":"La Gobernaci\u00f3n de Nari\u00f1o inicia proyecto que llevar\u00e1 gas domiciliario a m\u00e1s de 18.000 hogares nari\u00f1enses | P\u00e1gina10","robots":{"index":"index","follow":"follow","max-snippet":"max-snippet:-1","max-image-preview":"max-image-preview:large","max-video-preview":"max-video-preview:-1"},"canonical":"https:\/\/pagina10.com\/web\/la-gobernacion-de-narino-inicia-proyecto-que-llevara-gas-domiciliario-a-mas-de-18-000-hogares-narinenses\/","og_locale":"es_ES","og_type":"article","og_title":"La Gobernaci\u00f3n de Nari\u00f1o inicia proyecto que llevar\u00e1 gas domiciliario a m\u00e1s de 18.000 hogares nari\u00f1enses | P\u00e1gina10","og_description":"Mediante proyecto presentado por la administraci\u00f3n departamental, se subsidiar\u00e1 las conexiones de gas domiciliario a hogares de estratos uno y dos en 18 municipios de Nari\u00f1o. Este martes 19 de octubre, el Gobernador de Nari\u00f1o Jhon Rojas Cabrera, firmar\u00e1 el acta de inicio del proyecto estructurado por la Secretar\u00eda de Infraestructura y Minas por intermedio [&hellip;]","og_url":"https:\/\/pagina10.com\/web\/la-gobernacion-de-narino-inicia-proyecto-que-llevara-gas-domiciliario-a-mas-de-18-000-hogares-narinenses\/","og_site_name":"P\u00e1gina10","article_publisher":"https:\/\/www.facebook.com\/pag10com","article_published_time":"2021-10-20T04:16:43+00:00","og_image":[{"width":960,"height":642,"url":"https:\/\/pagina10.com\/web\/wp-content\/uploads\/2021\/10\/245426946_4606682046075616_7669939260746342697_n.jpg","type":"image\/jpeg"}],"author":"P\u00e1gina 10","twitter_card":"summary_large_image","twitter_creator":"@Pag10com","twitter_site":"@Pag10com","twitter_misc":{"Escrito por":"P\u00e1gina 10","Tiempo de lectura":"2 minutos"},"schema":{"@context":"https:\/\/schema.org","@graph":[{"@type":"Article","@id":"https:\/\/pagina10.com\/web\/la-gobernacion-de-narino-inicia-proyecto-que-llevara-gas-domiciliario-a-mas-de-18-000-hogares-narinenses\/#article","isPartOf":{"@id":"https:\/\/pagina10.com\/web\/la-gobernacion-de-narino-inicia-proyecto-que-llevara-gas-domiciliario-a-mas-de-18-000-hogares-narinenses\/"},"author":{"name":"P\u00e1gina 10","@id":"https:\/\/pagina10.com\/web\/#\/schema\/person\/2efc4a090d25b667d3bc796798a3a81b"},"headline":"La Gobernaci\u00f3n de Nari\u00f1o inicia proyecto que llevar\u00e1 gas domiciliario a m\u00e1s de 18.000 hogares nari\u00f1enses","datePublished":"2021-10-20T04:16:43+00:00","mainEntityOfPage":{"@id":"https:\/\/pagina10.com\/web\/la-gobernacion-de-narino-inicia-proyecto-que-llevara-gas-domiciliario-a-mas-de-18-000-hogares-narinenses\/"},"wordCount":351,"commentCount":0,"publisher":{"@id":"https:\/\/pagina10.com\/web\/#organization"},"image":{"@id":"https:\/\/pagina10.com\/web\/la-gobernacion-de-narino-inicia-proyecto-que-llevara-gas-domiciliario-a-mas-de-18-000-hogares-narinenses\/#primaryimage"},"thumbnailUrl":"https:\/\/pagina10.com\/web\/wp-content\/uploads\/2021\/10\/245426946_4606682046075616_7669939260746342697_n.jpg","articleSection":["Econom\u00eda"],"inLanguage":"es","potentialAction":[{"@type":"CommentAction","name":"Comment","target":["https:\/\/pagina10.com\/web\/la-gobernacion-de-narino-inicia-proyecto-que-llevara-gas-domiciliario-a-mas-de-18-000-hogares-narinenses\/#respond"]}]},{"@type":"WebPage","@id":"https:\/\/pagina10.com\/web\/la-gobernacion-de-narino-inicia-proyecto-que-llevara-gas-domiciliario-a-mas-de-18-000-hogares-narinenses\/","url":"https:\/\/pagina10.com\/web\/la-gobernacion-de-narino-inicia-proyecto-que-llevara-gas-domiciliario-a-mas-de-18-000-hogares-narinenses\/","name":"La Gobernaci\u00f3n de Nari\u00f1o inicia proyecto que llevar\u00e1 gas domiciliario a m\u00e1s de 18.000 hogares nari\u00f1enses | P\u00e1gina10","isPartOf":{"@id":"https:\/\/pagina10.com\/web\/#website"},"primaryImageOfPage":{"@id":"https:\/\/pagina10.com\/web\/la-gobernacion-de-narino-inicia-proyecto-que-llevara-gas-domiciliario-a-mas-de-18-000-hogares-narinenses\/#primaryimage"},"image":{"@id":"https:\/\/pagina10.com\/web\/la-gobernacion-de-narino-inicia-proyecto-que-llevara-gas-domiciliario-a-mas-de-18-000-hogares-narinenses\/#primaryimage"},"thumbnailUrl":"https:\/\/pagina10.com\/web\/wp-content\/uploads\/2021\/10\/245426946_4606682046075616_7669939260746342697_n.jpg","datePublished":"2021-10-20T04:16:43+00:00","breadcrumb":{"@id":"https:\/\/pagina10.com\/web\/la-gobernacion-de-narino-inicia-proyecto-que-llevara-gas-domiciliario-a-mas-de-18-000-hogares-narinenses\/#breadcrumb"},"inLanguage":"es","potentialAction":[{"@type":"ReadAction","target":["https:\/\/pagina10.com\/web\/la-gobernacion-de-narino-inicia-proyecto-que-llevara-gas-domiciliario-a-mas-de-18-000-hogares-narinenses\/"]}]},{"@type":"ImageObject","inLanguage":"es","@id":"https:\/\/pagina10.com\/web\/la-gobernacion-de-narino-inicia-proyecto-que-llevara-gas-domiciliario-a-mas-de-18-000-hogares-narinenses\/#primaryimage","url":"https:\/\/pagina10.com\/web\/wp-content\/uploads\/2021\/10\/245426946_4606682046075616_7669939260746342697_n.jpg","contentUrl":"https:\/\/pagina10.com\/web\/wp-content\/uploads\/2021\/10\/245426946_4606682046075616_7669939260746342697_n.jpg","width":960,"height":642},{"@type":"BreadcrumbList","@id":"https:\/\/pagina10.com\/web\/la-gobernacion-de-narino-inicia-proyecto-que-llevara-gas-domiciliario-a-mas-de-18-000-hogares-narinenses\/#breadcrumb","itemListElement":[{"@type":"ListItem","position":1,"name":"Portada","item":"https:\/\/pagina10.com\/web\/"},{"@type":"ListItem","position":2,"name":"La Gobernaci\u00f3n de Nari\u00f1o inicia proyecto que llevar\u00e1 gas domiciliario a m\u00e1s de 18.000 hogares nari\u00f1enses"}]},{"@type":"WebSite","@id":"https:\/\/pagina10.com\/web\/#website","url":"https:\/\/pagina10.com\/web\/","name":"P\u00e1gina10","description":"Peri\u00f3dico Regional","publisher":{"@id":"https:\/\/pagina10.com\/web\/#organization"},"alternateName":"P\u00e1gina10 Peri\u00f3dico Regional","potentialAction":[{"@type":"SearchAction","target":{"@type":"EntryPoint","urlTemplate":"https:\/\/pagina10.com\/web\/?s={search_term_string}"},"query-input":{"@type":"PropertyValueSpecification","valueRequired":true,"valueName":"search_term_string"}}],"inLanguage":"es"},{"@type":"Organization","@id":"https:\/\/pagina10.com\/web\/#organization","name":"P\u00e1gina10","alternateName":"P\u00e1gina10 Peri\u00f3dico Regional","url":"https:\/\/pagina10.com\/web\/","logo":{"@type":"ImageObject","inLanguage":"es","@id":"https:\/\/pagina10.com\/web\/#\/schema\/logo\/image\/","url":"https:\/\/pagina10.com\/web\/wp-content\/uploads\/2024\/01\/40-pagina-10-periodico-regional-pasto.jpg","contentUrl":"https:\/\/pagina10.com\/web\/wp-content\/uploads\/2024\/01\/40-pagina-10-periodico-regional-pasto.jpg","width":1280,"height":720,"caption":"P\u00e1gina10"},"image":{"@id":"https:\/\/pagina10.com\/web\/#\/schema\/logo\/image\/"},"sameAs":["https:\/\/www.facebook.com\/pag10com","https:\/\/x.com\/Pag10com","https:\/\/www.instagram.com\/pagina10col\/","https:\/\/youtube.com\/channel\/pag10","https:\/\/www.tiktok.com\/@p10col"]},{"@type":"Person","@id":"https:\/\/pagina10.com\/web\/#\/schema\/person\/2efc4a090d25b667d3bc796798a3a81b","name":"P\u00e1gina 10","description":"P\u00e1gina 10 es un peri\u00f3dico regional que nace en Colombia, en el departamento de Nari\u00f1o, con un enfoque global, fundamentado en cuatro pilares esenciales: la libertad, el pluralismo, la inclusi\u00f3n y la independencia. P\u00e1gina 10 hace referencia a Nari\u00f1o como el d\u00e9cimo departamento creado en Colombia, despu\u00e9s de un proceso pol\u00edtico liderado por actores y actrices regionales con el fin de obtener la independencia y autonom\u00eda de nuestros territorios. Con la creaci\u00f3n de P\u00e1gina 10 se pretende abrir un escenario para el dialogo, la reflexi\u00f3n y el debate que se extienda a otras geograf\u00edas de Am\u00e9rica Latina y del planeta, en una apuesta por transformar colectivamente los desaf\u00edos de un mundo contempor\u00e1neo, m\u00e1s all\u00e1 de las fronteras impuestas.","url":"https:\/\/pagina10.com\/web\/author\/pdiezadmin\/"}]}},"_links":{"self":[{"href":"https:\/\/pagina10.com\/web\/wp-json\/wp\/v2\/posts\/56218","targetHints":{"allow":["GET"]}}],"collection":[{"href":"https:\/\/pagina10.com\/web\/wp-json\/wp\/v2\/posts"}],"about":[{"href":"https:\/\/pagina10.com\/web\/wp-json\/wp\/v2\/types\/post"}],"author":[{"embeddable":true,"href":"https:\/\/pagina10.com\/web\/wp-json\/wp\/v2\/users\/1"}],"replies":[{"embeddable":true,"href":"https:\/\/pagina10.com\/web\/wp-json\/wp\/v2\/comments?post=56218"}],"version-history":[{"count":1,"href":"https:\/\/pagina10.com\/web\/wp-json\/wp\/v2\/posts\/56218\/revisions"}],"predecessor-version":[{"id":56220,"href":"https:\/\/pagina10.com\/web\/wp-json\/wp\/v2\/posts\/56218\/revisions\/56220"}],"wp:featuredmedia":[{"embeddable":true,"href":"https:\/\/pagina10.com\/web\/wp-json\/wp\/v2\/media\/56219"}],"wp:attachment":[{"href":"https:\/\/pagina10.com\/web\/wp-json\/wp\/v2\/media?parent=56218"}],"wp:term":[{"taxonomy":"category","embeddable":true,"href":"https:\/\/pagina10.com\/web\/wp-json\/wp\/v2\/categories?post=56218"},{"taxonomy":"post_tag","embeddable":true,"href":"https:\/\/pagina10.com\/web\/wp-json\/wp\/v2\/tags?post=56218"}],"curies":[{"name":"wp","href":"https:\/\/api.w.org\/{rel}","templated":true}]}}