{"id":56224,"date":"2021-10-20T15:48:50","date_gmt":"2021-10-20T20:48:50","guid":{"rendered":"https:\/\/pagina10.com\/web\/?p=56224"},"modified":"2021-10-20T15:48:50","modified_gmt":"2021-10-20T20:48:50","slug":"se-firmaron-32-alianzas-productivas-para-narino-que-beneficiaran-a-1-262-pequenos-productores-asociados","status":"publish","type":"post","link":"https:\/\/pagina10.com\/web\/se-firmaron-32-alianzas-productivas-para-narino-que-beneficiaran-a-1-262-pequenos-productores-asociados\/","title":{"rendered":"Se firmaron 32 alianzas productivas para Nari\u00f1o que beneficiar\u00e1n a 1.262 peque\u00f1os productores asociados"},"content":{"rendered":"<div style=\"text-align: justify;\">En el marco de la feria cafetera, \u2018La mejor taza de Mi Nari\u00f1o\u2019 y con la presencia del Gobernador de Nari\u00f1o, Jhon Rojas, la Coordinadora Nacional del Programa de Alianzas Productivas del Ministerio de Agricultura, Miriam Pantoja Otero, el Secretario de Agricultura y Desarrollo Rural de Nari\u00f1o, Jairo Chamorro, 15 Alcaldes de las diferentes subregiones, aliados comerciales y las juntas directivas de las 32 asociaciones beneficiadas, se realiz\u00f3 la firma protocolaria para la financiaci\u00f3n de importantes proyectos para el desarrollo del sector agropecuario nari\u00f1ense.<\/div>\n<div style=\"text-align: justify;\">\nComo un hecho sin precedentes, en lo corrido del Programa Alianzas Productivas, en este a\u00f1o, el Departamento logr\u00f3 gestionar 32 proyectos productivos gracias a los cuales se beneficiar\u00e1n 1.262 peque\u00f1os productores en donde el 75% de los beneficiarios ser\u00e1n mujeres campesinas asociadas que llevan a cabo su labor en 27 municipios del departamento.<\/div>\n<div style=\"text-align: justify;\">\nLa inversi\u00f3n estimada supera los $6.140 millones gracias a un esfuerzo conjunto del Ministerio de Agricultura, Gobernaci\u00f3n de Nari\u00f1o, Alcald\u00edas y aliados comerciales. Con la puesta en marcha de estos importantes proyectos se fortalecer\u00e1 la producci\u00f3n de l\u00edneas promisorias de exportaci\u00f3n como es el lim\u00f3n tait\u00ed, uchuva, gulupa, cacao, coco, pi\u00f1a entre otros.<\/div>\n<div style=\"text-align: justify;\">\nAdem\u00e1s, se beneficiar\u00e1 a las asociaciones productoras de leche, aves de postura, man\u00ed, fique, papa, trucha, quinoa y cuy; as\u00ed mismo, se dinamizar\u00e1n las empresas del sector y el mercado laboral, para los profesionales afines al sector agropecuario y socios empresariales encargados de capacitar a los asociados.<\/div>\n","protected":false},"excerpt":{"rendered":"<p>En el marco de la feria cafetera, \u2018La mejor taza de Mi Nari\u00f1o\u2019 y con la presencia del Gobernador de Nari\u00f1o, Jhon Rojas, la Coordinadora Nacional del Programa de Alianzas Productivas del Ministerio de Agricultura, Miriam Pantoja Otero, el Secretario de Agricultura y Desarrollo Rural de Nari\u00f1o, Jairo Chamorro, 15 Alcaldes de las diferentes subregiones, [&hellip;]<\/p>\n","protected":false},"author":1,"featured_media":56225,"comment_status":"open","ping_status":"open","sticky":false,"template":"","format":"standard","meta":{"footnotes":""},"categories":[13],"tags":[],"class_list":["post-56224","post","type-post","status-publish","format-standard","has-post-thumbnail","hentry","category-economia"],"yoast_head":"<!-- This site is optimized with the Yoast SEO plugin v27.1.1 - https:\/\/yoast.com\/product\/yoast-seo-wordpress\/ -->\n<title>Se firmaron 32 alianzas productivas para Nari\u00f1o que beneficiar\u00e1n a 1.262 peque\u00f1os productores asociados | P\u00e1gina10<\/title>\n<meta name=\"robots\" content=\"index, follow, max-snippet:-1, max-image-preview:large, max-video-preview:-1\" \/>\n<link rel=\"canonical\" href=\"https:\/\/pagina10.com\/web\/se-firmaron-32-alianzas-productivas-para-narino-que-beneficiaran-a-1-262-pequenos-productores-asociados\/\" \/>\n<meta property=\"og:locale\" content=\"es_ES\" \/>\n<meta property=\"og:type\" content=\"article\" \/>\n<meta property=\"og:title\" content=\"Se firmaron 32 alianzas productivas para Nari\u00f1o que beneficiar\u00e1n a 1.262 peque\u00f1os productores asociados | P\u00e1gina10\" \/>\n<meta property=\"og:description\" content=\"En el marco de la feria cafetera, \u2018La mejor taza de Mi Nari\u00f1o\u2019 y con la presencia del Gobernador de Nari\u00f1o, Jhon Rojas, la Coordinadora Nacional del Programa de Alianzas Productivas del Ministerio de Agricultura, Miriam Pantoja Otero, el Secretario de Agricultura y Desarrollo Rural de Nari\u00f1o, Jairo Chamorro, 15 Alcaldes de las diferentes subregiones, [&hellip;]\" \/>\n<meta property=\"og:url\" content=\"https:\/\/pagina10.com\/web\/se-firmaron-32-alianzas-productivas-para-narino-que-beneficiaran-a-1-262-pequenos-productores-asociados\/\" \/>\n<meta property=\"og:site_name\" content=\"P\u00e1gina10\" \/>\n<meta property=\"article:publisher\" content=\"https:\/\/www.facebook.com\/pag10com\" \/>\n<meta property=\"article:published_time\" content=\"2021-10-20T20:48:50+00:00\" \/>\n<meta property=\"og:image\" content=\"https:\/\/pagina10.com\/web\/wp-content\/uploads\/2021\/10\/Captura-de-Pantalla-2021-10-20-a-las-3.48.17-p.-m..png\" \/>\n\t<meta property=\"og:image:width\" content=\"462\" \/>\n\t<meta property=\"og:image:height\" content=\"302\" \/>\n\t<meta property=\"og:image:type\" content=\"image\/png\" \/>\n<meta name=\"author\" content=\"P\u00e1gina 10\" \/>\n<meta name=\"twitter:card\" content=\"summary_large_image\" \/>\n<meta name=\"twitter:creator\" content=\"@Pag10com\" \/>\n<meta name=\"twitter:site\" content=\"@Pag10com\" \/>\n<meta name=\"twitter:label1\" content=\"Escrito por\" \/>\n\t<meta name=\"twitter:data1\" content=\"P\u00e1gina 10\" \/>\n\t<meta name=\"twitter:label2\" content=\"Tiempo de lectura\" \/>\n\t<meta name=\"twitter:data2\" content=\"1 minuto\" \/>\n<script type=\"application\/ld+json\" class=\"yoast-schema-graph\">{\"@context\":\"https:\/\/schema.org\",\"@graph\":[{\"@type\":\"Article\",\"@id\":\"https:\/\/pagina10.com\/web\/se-firmaron-32-alianzas-productivas-para-narino-que-beneficiaran-a-1-262-pequenos-productores-asociados\/#article\",\"isPartOf\":{\"@id\":\"https:\/\/pagina10.com\/web\/se-firmaron-32-alianzas-productivas-para-narino-que-beneficiaran-a-1-262-pequenos-productores-asociados\/\"},\"author\":{\"name\":\"P\u00e1gina 10\",\"@id\":\"https:\/\/pagina10.com\/web\/#\/schema\/person\/2efc4a090d25b667d3bc796798a3a81b\"},\"headline\":\"Se firmaron 32 alianzas productivas para Nari\u00f1o que beneficiar\u00e1n a 1.262 peque\u00f1os productores asociados\",\"datePublished\":\"2021-10-20T20:48:50+00:00\",\"mainEntityOfPage\":{\"@id\":\"https:\/\/pagina10.com\/web\/se-firmaron-32-alianzas-productivas-para-narino-que-beneficiaran-a-1-262-pequenos-productores-asociados\/\"},\"wordCount\":265,\"commentCount\":0,\"publisher\":{\"@id\":\"https:\/\/pagina10.com\/web\/#organization\"},\"image\":{\"@id\":\"https:\/\/pagina10.com\/web\/se-firmaron-32-alianzas-productivas-para-narino-que-beneficiaran-a-1-262-pequenos-productores-asociados\/#primaryimage\"},\"thumbnailUrl\":\"https:\/\/pagina10.com\/web\/wp-content\/uploads\/2021\/10\/Captura-de-Pantalla-2021-10-20-a-las-3.48.17-p.-m..png\",\"articleSection\":[\"Econom\u00eda\"],\"inLanguage\":\"es\",\"potentialAction\":[{\"@type\":\"CommentAction\",\"name\":\"Comment\",\"target\":[\"https:\/\/pagina10.com\/web\/se-firmaron-32-alianzas-productivas-para-narino-que-beneficiaran-a-1-262-pequenos-productores-asociados\/#respond\"]}]},{\"@type\":\"WebPage\",\"@id\":\"https:\/\/pagina10.com\/web\/se-firmaron-32-alianzas-productivas-para-narino-que-beneficiaran-a-1-262-pequenos-productores-asociados\/\",\"url\":\"https:\/\/pagina10.com\/web\/se-firmaron-32-alianzas-productivas-para-narino-que-beneficiaran-a-1-262-pequenos-productores-asociados\/\",\"name\":\"Se firmaron 32 alianzas productivas para Nari\u00f1o que beneficiar\u00e1n a 1.262 peque\u00f1os productores asociados | P\u00e1gina10\",\"isPartOf\":{\"@id\":\"https:\/\/pagina10.com\/web\/#website\"},\"primaryImageOfPage\":{\"@id\":\"https:\/\/pagina10.com\/web\/se-firmaron-32-alianzas-productivas-para-narino-que-beneficiaran-a-1-262-pequenos-productores-asociados\/#primaryimage\"},\"image\":{\"@id\":\"https:\/\/pagina10.com\/web\/se-firmaron-32-alianzas-productivas-para-narino-que-beneficiaran-a-1-262-pequenos-productores-asociados\/#primaryimage\"},\"thumbnailUrl\":\"https:\/\/pagina10.com\/web\/wp-content\/uploads\/2021\/10\/Captura-de-Pantalla-2021-10-20-a-las-3.48.17-p.-m..png\",\"datePublished\":\"2021-10-20T20:48:50+00:00\",\"breadcrumb\":{\"@id\":\"https:\/\/pagina10.com\/web\/se-firmaron-32-alianzas-productivas-para-narino-que-beneficiaran-a-1-262-pequenos-productores-asociados\/#breadcrumb\"},\"inLanguage\":\"es\",\"potentialAction\":[{\"@type\":\"ReadAction\",\"target\":[\"https:\/\/pagina10.com\/web\/se-firmaron-32-alianzas-productivas-para-narino-que-beneficiaran-a-1-262-pequenos-productores-asociados\/\"]}]},{\"@type\":\"ImageObject\",\"inLanguage\":\"es\",\"@id\":\"https:\/\/pagina10.com\/web\/se-firmaron-32-alianzas-productivas-para-narino-que-beneficiaran-a-1-262-pequenos-productores-asociados\/#primaryimage\",\"url\":\"https:\/\/pagina10.com\/web\/wp-content\/uploads\/2021\/10\/Captura-de-Pantalla-2021-10-20-a-las-3.48.17-p.-m..png\",\"contentUrl\":\"https:\/\/pagina10.com\/web\/wp-content\/uploads\/2021\/10\/Captura-de-Pantalla-2021-10-20-a-las-3.48.17-p.-m..png\",\"width\":462,\"height\":302},{\"@type\":\"BreadcrumbList\",\"@id\":\"https:\/\/pagina10.com\/web\/se-firmaron-32-alianzas-productivas-para-narino-que-beneficiaran-a-1-262-pequenos-productores-asociados\/#breadcrumb\",\"itemListElement\":[{\"@type\":\"ListItem\",\"position\":1,\"name\":\"Portada\",\"item\":\"https:\/\/pagina10.com\/web\/\"},{\"@type\":\"ListItem\",\"position\":2,\"name\":\"Se firmaron 32 alianzas productivas para Nari\u00f1o que beneficiar\u00e1n a 1.262 peque\u00f1os productores asociados\"}]},{\"@type\":\"WebSite\",\"@id\":\"https:\/\/pagina10.com\/web\/#website\",\"url\":\"https:\/\/pagina10.com\/web\/\",\"name\":\"P\u00e1gina10\",\"description\":\"Peri\u00f3dico Regional\",\"publisher\":{\"@id\":\"https:\/\/pagina10.com\/web\/#organization\"},\"alternateName\":\"P\u00e1gina10 Peri\u00f3dico Regional\",\"potentialAction\":[{\"@type\":\"SearchAction\",\"target\":{\"@type\":\"EntryPoint\",\"urlTemplate\":\"https:\/\/pagina10.com\/web\/?s={search_term_string}\"},\"query-input\":{\"@type\":\"PropertyValueSpecification\",\"valueRequired\":true,\"valueName\":\"search_term_string\"}}],\"inLanguage\":\"es\"},{\"@type\":\"Organization\",\"@id\":\"https:\/\/pagina10.com\/web\/#organization\",\"name\":\"P\u00e1gina10\",\"alternateName\":\"P\u00e1gina10 Peri\u00f3dico Regional\",\"url\":\"https:\/\/pagina10.com\/web\/\",\"logo\":{\"@type\":\"ImageObject\",\"inLanguage\":\"es\",\"@id\":\"https:\/\/pagina10.com\/web\/#\/schema\/logo\/image\/\",\"url\":\"https:\/\/pagina10.com\/web\/wp-content\/uploads\/2024\/01\/40-pagina-10-periodico-regional-pasto.jpg\",\"contentUrl\":\"https:\/\/pagina10.com\/web\/wp-content\/uploads\/2024\/01\/40-pagina-10-periodico-regional-pasto.jpg\",\"width\":1280,\"height\":720,\"caption\":\"P\u00e1gina10\"},\"image\":{\"@id\":\"https:\/\/pagina10.com\/web\/#\/schema\/logo\/image\/\"},\"sameAs\":[\"https:\/\/www.facebook.com\/pag10com\",\"https:\/\/x.com\/Pag10com\",\"https:\/\/www.instagram.com\/pagina10col\/\",\"https:\/\/youtube.com\/channel\/pag10\",\"https:\/\/www.tiktok.com\/@p10col\"]},{\"@type\":\"Person\",\"@id\":\"https:\/\/pagina10.com\/web\/#\/schema\/person\/2efc4a090d25b667d3bc796798a3a81b\",\"name\":\"P\u00e1gina 10\",\"description\":\"P\u00e1gina 10 es un peri\u00f3dico regional que nace en Colombia, en el departamento de Nari\u00f1o, con un enfoque global, fundamentado en cuatro pilares esenciales: la libertad, el pluralismo, la inclusi\u00f3n y la independencia. P\u00e1gina 10 hace referencia a Nari\u00f1o como el d\u00e9cimo departamento creado en Colombia, despu\u00e9s de un proceso pol\u00edtico liderado por actores y actrices regionales con el fin de obtener la independencia y autonom\u00eda de nuestros territorios. Con la creaci\u00f3n de P\u00e1gina 10 se pretende abrir un escenario para el dialogo, la reflexi\u00f3n y el debate que se extienda a otras geograf\u00edas de Am\u00e9rica Latina y del planeta, en una apuesta por transformar colectivamente los desaf\u00edos de un mundo contempor\u00e1neo, m\u00e1s all\u00e1 de las fronteras impuestas.\",\"url\":\"https:\/\/pagina10.com\/web\/author\/pdiezadmin\/\"}]}<\/script>\n<!-- \/ Yoast SEO plugin. -->","yoast_head_json":{"title":"Se firmaron 32 alianzas productivas para Nari\u00f1o que beneficiar\u00e1n a 1.262 peque\u00f1os productores asociados | P\u00e1gina10","robots":{"index":"index","follow":"follow","max-snippet":"max-snippet:-1","max-image-preview":"max-image-preview:large","max-video-preview":"max-video-preview:-1"},"canonical":"https:\/\/pagina10.com\/web\/se-firmaron-32-alianzas-productivas-para-narino-que-beneficiaran-a-1-262-pequenos-productores-asociados\/","og_locale":"es_ES","og_type":"article","og_title":"Se firmaron 32 alianzas productivas para Nari\u00f1o que beneficiar\u00e1n a 1.262 peque\u00f1os productores asociados | P\u00e1gina10","og_description":"En el marco de la feria cafetera, \u2018La mejor taza de Mi Nari\u00f1o\u2019 y con la presencia del Gobernador de Nari\u00f1o, Jhon Rojas, la Coordinadora Nacional del Programa de Alianzas Productivas del Ministerio de Agricultura, Miriam Pantoja Otero, el Secretario de Agricultura y Desarrollo Rural de Nari\u00f1o, Jairo Chamorro, 15 Alcaldes de las diferentes subregiones, [&hellip;]","og_url":"https:\/\/pagina10.com\/web\/se-firmaron-32-alianzas-productivas-para-narino-que-beneficiaran-a-1-262-pequenos-productores-asociados\/","og_site_name":"P\u00e1gina10","article_publisher":"https:\/\/www.facebook.com\/pag10com","article_published_time":"2021-10-20T20:48:50+00:00","og_image":[{"width":462,"height":302,"url":"https:\/\/pagina10.com\/web\/wp-content\/uploads\/2021\/10\/Captura-de-Pantalla-2021-10-20-a-las-3.48.17-p.-m..png","type":"image\/png"}],"author":"P\u00e1gina 10","twitter_card":"summary_large_image","twitter_creator":"@Pag10com","twitter_site":"@Pag10com","twitter_misc":{"Escrito por":"P\u00e1gina 10","Tiempo de lectura":"1 minuto"},"schema":{"@context":"https:\/\/schema.org","@graph":[{"@type":"Article","@id":"https:\/\/pagina10.com\/web\/se-firmaron-32-alianzas-productivas-para-narino-que-beneficiaran-a-1-262-pequenos-productores-asociados\/#article","isPartOf":{"@id":"https:\/\/pagina10.com\/web\/se-firmaron-32-alianzas-productivas-para-narino-que-beneficiaran-a-1-262-pequenos-productores-asociados\/"},"author":{"name":"P\u00e1gina 10","@id":"https:\/\/pagina10.com\/web\/#\/schema\/person\/2efc4a090d25b667d3bc796798a3a81b"},"headline":"Se firmaron 32 alianzas productivas para Nari\u00f1o que beneficiar\u00e1n a 1.262 peque\u00f1os productores asociados","datePublished":"2021-10-20T20:48:50+00:00","mainEntityOfPage":{"@id":"https:\/\/pagina10.com\/web\/se-firmaron-32-alianzas-productivas-para-narino-que-beneficiaran-a-1-262-pequenos-productores-asociados\/"},"wordCount":265,"commentCount":0,"publisher":{"@id":"https:\/\/pagina10.com\/web\/#organization"},"image":{"@id":"https:\/\/pagina10.com\/web\/se-firmaron-32-alianzas-productivas-para-narino-que-beneficiaran-a-1-262-pequenos-productores-asociados\/#primaryimage"},"thumbnailUrl":"https:\/\/pagina10.com\/web\/wp-content\/uploads\/2021\/10\/Captura-de-Pantalla-2021-10-20-a-las-3.48.17-p.-m..png","articleSection":["Econom\u00eda"],"inLanguage":"es","potentialAction":[{"@type":"CommentAction","name":"Comment","target":["https:\/\/pagina10.com\/web\/se-firmaron-32-alianzas-productivas-para-narino-que-beneficiaran-a-1-262-pequenos-productores-asociados\/#respond"]}]},{"@type":"WebPage","@id":"https:\/\/pagina10.com\/web\/se-firmaron-32-alianzas-productivas-para-narino-que-beneficiaran-a-1-262-pequenos-productores-asociados\/","url":"https:\/\/pagina10.com\/web\/se-firmaron-32-alianzas-productivas-para-narino-que-beneficiaran-a-1-262-pequenos-productores-asociados\/","name":"Se firmaron 32 alianzas productivas para Nari\u00f1o que beneficiar\u00e1n a 1.262 peque\u00f1os productores asociados | P\u00e1gina10","isPartOf":{"@id":"https:\/\/pagina10.com\/web\/#website"},"primaryImageOfPage":{"@id":"https:\/\/pagina10.com\/web\/se-firmaron-32-alianzas-productivas-para-narino-que-beneficiaran-a-1-262-pequenos-productores-asociados\/#primaryimage"},"image":{"@id":"https:\/\/pagina10.com\/web\/se-firmaron-32-alianzas-productivas-para-narino-que-beneficiaran-a-1-262-pequenos-productores-asociados\/#primaryimage"},"thumbnailUrl":"https:\/\/pagina10.com\/web\/wp-content\/uploads\/2021\/10\/Captura-de-Pantalla-2021-10-20-a-las-3.48.17-p.-m..png","datePublished":"2021-10-20T20:48:50+00:00","breadcrumb":{"@id":"https:\/\/pagina10.com\/web\/se-firmaron-32-alianzas-productivas-para-narino-que-beneficiaran-a-1-262-pequenos-productores-asociados\/#breadcrumb"},"inLanguage":"es","potentialAction":[{"@type":"ReadAction","target":["https:\/\/pagina10.com\/web\/se-firmaron-32-alianzas-productivas-para-narino-que-beneficiaran-a-1-262-pequenos-productores-asociados\/"]}]},{"@type":"ImageObject","inLanguage":"es","@id":"https:\/\/pagina10.com\/web\/se-firmaron-32-alianzas-productivas-para-narino-que-beneficiaran-a-1-262-pequenos-productores-asociados\/#primaryimage","url":"https:\/\/pagina10.com\/web\/wp-content\/uploads\/2021\/10\/Captura-de-Pantalla-2021-10-20-a-las-3.48.17-p.-m..png","contentUrl":"https:\/\/pagina10.com\/web\/wp-content\/uploads\/2021\/10\/Captura-de-Pantalla-2021-10-20-a-las-3.48.17-p.-m..png","width":462,"height":302},{"@type":"BreadcrumbList","@id":"https:\/\/pagina10.com\/web\/se-firmaron-32-alianzas-productivas-para-narino-que-beneficiaran-a-1-262-pequenos-productores-asociados\/#breadcrumb","itemListElement":[{"@type":"ListItem","position":1,"name":"Portada","item":"https:\/\/pagina10.com\/web\/"},{"@type":"ListItem","position":2,"name":"Se firmaron 32 alianzas productivas para Nari\u00f1o que beneficiar\u00e1n a 1.262 peque\u00f1os productores asociados"}]},{"@type":"WebSite","@id":"https:\/\/pagina10.com\/web\/#website","url":"https:\/\/pagina10.com\/web\/","name":"P\u00e1gina10","description":"Peri\u00f3dico Regional","publisher":{"@id":"https:\/\/pagina10.com\/web\/#organization"},"alternateName":"P\u00e1gina10 Peri\u00f3dico Regional","potentialAction":[{"@type":"SearchAction","target":{"@type":"EntryPoint","urlTemplate":"https:\/\/pagina10.com\/web\/?s={search_term_string}"},"query-input":{"@type":"PropertyValueSpecification","valueRequired":true,"valueName":"search_term_string"}}],"inLanguage":"es"},{"@type":"Organization","@id":"https:\/\/pagina10.com\/web\/#organization","name":"P\u00e1gina10","alternateName":"P\u00e1gina10 Peri\u00f3dico Regional","url":"https:\/\/pagina10.com\/web\/","logo":{"@type":"ImageObject","inLanguage":"es","@id":"https:\/\/pagina10.com\/web\/#\/schema\/logo\/image\/","url":"https:\/\/pagina10.com\/web\/wp-content\/uploads\/2024\/01\/40-pagina-10-periodico-regional-pasto.jpg","contentUrl":"https:\/\/pagina10.com\/web\/wp-content\/uploads\/2024\/01\/40-pagina-10-periodico-regional-pasto.jpg","width":1280,"height":720,"caption":"P\u00e1gina10"},"image":{"@id":"https:\/\/pagina10.com\/web\/#\/schema\/logo\/image\/"},"sameAs":["https:\/\/www.facebook.com\/pag10com","https:\/\/x.com\/Pag10com","https:\/\/www.instagram.com\/pagina10col\/","https:\/\/youtube.com\/channel\/pag10","https:\/\/www.tiktok.com\/@p10col"]},{"@type":"Person","@id":"https:\/\/pagina10.com\/web\/#\/schema\/person\/2efc4a090d25b667d3bc796798a3a81b","name":"P\u00e1gina 10","description":"P\u00e1gina 10 es un peri\u00f3dico regional que nace en Colombia, en el departamento de Nari\u00f1o, con un enfoque global, fundamentado en cuatro pilares esenciales: la libertad, el pluralismo, la inclusi\u00f3n y la independencia. P\u00e1gina 10 hace referencia a Nari\u00f1o como el d\u00e9cimo departamento creado en Colombia, despu\u00e9s de un proceso pol\u00edtico liderado por actores y actrices regionales con el fin de obtener la independencia y autonom\u00eda de nuestros territorios. Con la creaci\u00f3n de P\u00e1gina 10 se pretende abrir un escenario para el dialogo, la reflexi\u00f3n y el debate que se extienda a otras geograf\u00edas de Am\u00e9rica Latina y del planeta, en una apuesta por transformar colectivamente los desaf\u00edos de un mundo contempor\u00e1neo, m\u00e1s all\u00e1 de las fronteras impuestas.","url":"https:\/\/pagina10.com\/web\/author\/pdiezadmin\/"}]}},"_links":{"self":[{"href":"https:\/\/pagina10.com\/web\/wp-json\/wp\/v2\/posts\/56224","targetHints":{"allow":["GET"]}}],"collection":[{"href":"https:\/\/pagina10.com\/web\/wp-json\/wp\/v2\/posts"}],"about":[{"href":"https:\/\/pagina10.com\/web\/wp-json\/wp\/v2\/types\/post"}],"author":[{"embeddable":true,"href":"https:\/\/pagina10.com\/web\/wp-json\/wp\/v2\/users\/1"}],"replies":[{"embeddable":true,"href":"https:\/\/pagina10.com\/web\/wp-json\/wp\/v2\/comments?post=56224"}],"version-history":[{"count":1,"href":"https:\/\/pagina10.com\/web\/wp-json\/wp\/v2\/posts\/56224\/revisions"}],"predecessor-version":[{"id":56226,"href":"https:\/\/pagina10.com\/web\/wp-json\/wp\/v2\/posts\/56224\/revisions\/56226"}],"wp:featuredmedia":[{"embeddable":true,"href":"https:\/\/pagina10.com\/web\/wp-json\/wp\/v2\/media\/56225"}],"wp:attachment":[{"href":"https:\/\/pagina10.com\/web\/wp-json\/wp\/v2\/media?parent=56224"}],"wp:term":[{"taxonomy":"category","embeddable":true,"href":"https:\/\/pagina10.com\/web\/wp-json\/wp\/v2\/categories?post=56224"},{"taxonomy":"post_tag","embeddable":true,"href":"https:\/\/pagina10.com\/web\/wp-json\/wp\/v2\/tags?post=56224"}],"curies":[{"name":"wp","href":"https:\/\/api.w.org\/{rel}","templated":true}]}}