{"id":56252,"date":"2021-10-22T15:36:23","date_gmt":"2021-10-22T20:36:23","guid":{"rendered":"https:\/\/pagina10.com\/web\/?p=56252"},"modified":"2021-10-22T15:36:23","modified_gmt":"2021-10-22T20:36:23","slug":"el-plan-departamental-de-agua-destrabo-proyecto-de-agua-potable-y-saneamiento-basico-estancado-durante-ocho-anos-en-el-municipio-de-cordoba","status":"publish","type":"post","link":"https:\/\/pagina10.com\/web\/el-plan-departamental-de-agua-destrabo-proyecto-de-agua-potable-y-saneamiento-basico-estancado-durante-ocho-anos-en-el-municipio-de-cordoba\/","title":{"rendered":"El Plan Departamental de Agua destrab\u00f3 proyecto de agua potable y saneamiento b\u00e1sico estancado durante ocho a\u00f1os en el municipio de C\u00f3rdoba"},"content":{"rendered":"<p style=\"text-align: justify;\">El Plan Departamental de Aguas logr\u00f3 resolver inconvenientes t\u00e9cnicos, administrativos y jur\u00eddicos, que imposibilitaron que un proyecto de mejoramiento del acueducto, adjudicado en el a\u00f1o 2013, se ejecutar\u00e1.<\/p>\n<p>Gracias a la gesti\u00f3n del PDA, adem\u00e1s de solventar varias dificultades, se logr\u00f3 recuperar los recursos que hace ocho a\u00f1os se entregaron al contratista. Es as\u00ed, como el municipio de C\u00f3rdoba, iniciar\u00e1 nuevamente en la estructuraci\u00f3n de un proyecto viable para el mejoramiento del sistema de agua potable que favorezca la calidad de vida de la comunidad.<\/p>\n<p>\u201cEl municipio de C\u00f3rdoba, ha sido comprometido con el cumplimiento de los aportes del PDA, y por ello este es el momento para que se estructure y desarrolle un proyecto que sea ejecutable en beneficio de la poblaci\u00f3n\u201d, indic\u00f3 el Sub Secretario de Econom\u00eda Regional y Agua Potable, Ingeniero Dar\u00edo Ch\u00e1vez.<\/p>\n<p>De este modo, implementar proyectos de saneamiento b\u00e1sico y agua potable en los territorios, contribuye a reducir y evitar la propagaci\u00f3n de enfermedades que afectan la salud de las personas, los animales, y la agricultura.<\/p>\n<p>Por su parte, el Gobernador de Nari\u00f1o, Jhon Rojas indic\u00f3 que, desde la administraci\u00f3n departamental, se apoyar\u00e1n este y otros proyectos como la construcci\u00f3n del hospital, adquisici\u00f3n de maquinaria amarilla y los estudios y dise\u00f1os para la construcci\u00f3n de una v\u00eda fundamental que comunique los municipios de Potos\u00ed &#8211; C\u00f3rdoba &#8211; Puerres.<\/p>\n<p>Es importante resaltar, que, gracias al di\u00e1logo y voluntad pol\u00edtica, adem\u00e1s de la gesti\u00f3n y concertaci\u00f3n entre los diferentes actores del sector, se logr\u00f3 durante el primer semestre del a\u00f1o 2021, la ejecuci\u00f3n de proyectos que ascienden a m\u00e1s de 31 mil millones de pesos en todo el territorio Nari\u00f1ense.<\/p>\n","protected":false},"excerpt":{"rendered":"<p>El Plan Departamental de Aguas logr\u00f3 resolver inconvenientes t\u00e9cnicos, administrativos y jur\u00eddicos, que imposibilitaron que un proyecto de mejoramiento del acueducto, adjudicado en el a\u00f1o 2013, se ejecutar\u00e1. Gracias a la gesti\u00f3n del PDA, adem\u00e1s de solventar varias dificultades, se logr\u00f3 recuperar los recursos que hace ocho a\u00f1os se entregaron al contratista. Es as\u00ed, como [&hellip;]<\/p>\n","protected":false},"author":1,"featured_media":56253,"comment_status":"open","ping_status":"open","sticky":false,"template":"","format":"standard","meta":{"footnotes":""},"categories":[53],"tags":[],"class_list":["post-56252","post","type-post","status-publish","format-standard","has-post-thumbnail","hentry","category-regiones"],"yoast_head":"<!-- This site is optimized with the Yoast SEO plugin v27.1.1 - https:\/\/yoast.com\/product\/yoast-seo-wordpress\/ -->\n<title>El Plan Departamental de Agua destrab\u00f3 proyecto de agua potable y saneamiento b\u00e1sico estancado durante ocho a\u00f1os en el municipio de C\u00f3rdoba | P\u00e1gina10<\/title>\n<meta name=\"robots\" content=\"index, follow, max-snippet:-1, max-image-preview:large, max-video-preview:-1\" \/>\n<link rel=\"canonical\" href=\"https:\/\/pagina10.com\/web\/el-plan-departamental-de-agua-destrabo-proyecto-de-agua-potable-y-saneamiento-basico-estancado-durante-ocho-anos-en-el-municipio-de-cordoba\/\" \/>\n<meta property=\"og:locale\" content=\"es_ES\" \/>\n<meta property=\"og:type\" content=\"article\" \/>\n<meta property=\"og:title\" content=\"El Plan Departamental de Agua destrab\u00f3 proyecto de agua potable y saneamiento b\u00e1sico estancado durante ocho a\u00f1os en el municipio de C\u00f3rdoba | P\u00e1gina10\" \/>\n<meta property=\"og:description\" content=\"El Plan Departamental de Aguas logr\u00f3 resolver inconvenientes t\u00e9cnicos, administrativos y jur\u00eddicos, que imposibilitaron que un proyecto de mejoramiento del acueducto, adjudicado en el a\u00f1o 2013, se ejecutar\u00e1. Gracias a la gesti\u00f3n del PDA, adem\u00e1s de solventar varias dificultades, se logr\u00f3 recuperar los recursos que hace ocho a\u00f1os se entregaron al contratista. Es as\u00ed, como [&hellip;]\" \/>\n<meta property=\"og:url\" content=\"https:\/\/pagina10.com\/web\/el-plan-departamental-de-agua-destrabo-proyecto-de-agua-potable-y-saneamiento-basico-estancado-durante-ocho-anos-en-el-municipio-de-cordoba\/\" \/>\n<meta property=\"og:site_name\" content=\"P\u00e1gina10\" \/>\n<meta property=\"article:publisher\" content=\"https:\/\/www.facebook.com\/pag10com\" \/>\n<meta property=\"article:published_time\" content=\"2021-10-22T20:36:23+00:00\" \/>\n<meta property=\"og:image\" content=\"https:\/\/pagina10.com\/web\/wp-content\/uploads\/2021\/10\/Captura-de-Pantalla-2021-10-22-a-las-3.35.49-p.-m..png\" \/>\n\t<meta property=\"og:image:width\" content=\"478\" \/>\n\t<meta property=\"og:image:height\" content=\"266\" \/>\n\t<meta property=\"og:image:type\" content=\"image\/png\" \/>\n<meta name=\"author\" content=\"P\u00e1gina 10\" \/>\n<meta name=\"twitter:card\" content=\"summary_large_image\" \/>\n<meta name=\"twitter:creator\" content=\"@Pag10com\" \/>\n<meta name=\"twitter:site\" content=\"@Pag10com\" \/>\n<meta name=\"twitter:label1\" content=\"Escrito por\" \/>\n\t<meta name=\"twitter:data1\" content=\"P\u00e1gina 10\" \/>\n\t<meta name=\"twitter:label2\" content=\"Tiempo de lectura\" \/>\n\t<meta name=\"twitter:data2\" content=\"2 minutos\" \/>\n<script type=\"application\/ld+json\" class=\"yoast-schema-graph\">{\"@context\":\"https:\/\/schema.org\",\"@graph\":[{\"@type\":\"Article\",\"@id\":\"https:\/\/pagina10.com\/web\/el-plan-departamental-de-agua-destrabo-proyecto-de-agua-potable-y-saneamiento-basico-estancado-durante-ocho-anos-en-el-municipio-de-cordoba\/#article\",\"isPartOf\":{\"@id\":\"https:\/\/pagina10.com\/web\/el-plan-departamental-de-agua-destrabo-proyecto-de-agua-potable-y-saneamiento-basico-estancado-durante-ocho-anos-en-el-municipio-de-cordoba\/\"},\"author\":{\"name\":\"P\u00e1gina 10\",\"@id\":\"https:\/\/pagina10.com\/web\/#\/schema\/person\/2efc4a090d25b667d3bc796798a3a81b\"},\"headline\":\"El Plan Departamental de Agua destrab\u00f3 proyecto de agua potable y saneamiento b\u00e1sico estancado durante ocho a\u00f1os en el municipio de C\u00f3rdoba\",\"datePublished\":\"2021-10-22T20:36:23+00:00\",\"mainEntityOfPage\":{\"@id\":\"https:\/\/pagina10.com\/web\/el-plan-departamental-de-agua-destrabo-proyecto-de-agua-potable-y-saneamiento-basico-estancado-durante-ocho-anos-en-el-municipio-de-cordoba\/\"},\"wordCount\":328,\"commentCount\":0,\"publisher\":{\"@id\":\"https:\/\/pagina10.com\/web\/#organization\"},\"image\":{\"@id\":\"https:\/\/pagina10.com\/web\/el-plan-departamental-de-agua-destrabo-proyecto-de-agua-potable-y-saneamiento-basico-estancado-durante-ocho-anos-en-el-municipio-de-cordoba\/#primaryimage\"},\"thumbnailUrl\":\"https:\/\/pagina10.com\/web\/wp-content\/uploads\/2021\/10\/Captura-de-Pantalla-2021-10-22-a-las-3.35.49-p.-m..png\",\"articleSection\":[\"Regiones\"],\"inLanguage\":\"es\",\"potentialAction\":[{\"@type\":\"CommentAction\",\"name\":\"Comment\",\"target\":[\"https:\/\/pagina10.com\/web\/el-plan-departamental-de-agua-destrabo-proyecto-de-agua-potable-y-saneamiento-basico-estancado-durante-ocho-anos-en-el-municipio-de-cordoba\/#respond\"]}]},{\"@type\":\"WebPage\",\"@id\":\"https:\/\/pagina10.com\/web\/el-plan-departamental-de-agua-destrabo-proyecto-de-agua-potable-y-saneamiento-basico-estancado-durante-ocho-anos-en-el-municipio-de-cordoba\/\",\"url\":\"https:\/\/pagina10.com\/web\/el-plan-departamental-de-agua-destrabo-proyecto-de-agua-potable-y-saneamiento-basico-estancado-durante-ocho-anos-en-el-municipio-de-cordoba\/\",\"name\":\"El Plan Departamental de Agua destrab\u00f3 proyecto de agua potable y saneamiento b\u00e1sico estancado durante ocho a\u00f1os en el municipio de C\u00f3rdoba | P\u00e1gina10\",\"isPartOf\":{\"@id\":\"https:\/\/pagina10.com\/web\/#website\"},\"primaryImageOfPage\":{\"@id\":\"https:\/\/pagina10.com\/web\/el-plan-departamental-de-agua-destrabo-proyecto-de-agua-potable-y-saneamiento-basico-estancado-durante-ocho-anos-en-el-municipio-de-cordoba\/#primaryimage\"},\"image\":{\"@id\":\"https:\/\/pagina10.com\/web\/el-plan-departamental-de-agua-destrabo-proyecto-de-agua-potable-y-saneamiento-basico-estancado-durante-ocho-anos-en-el-municipio-de-cordoba\/#primaryimage\"},\"thumbnailUrl\":\"https:\/\/pagina10.com\/web\/wp-content\/uploads\/2021\/10\/Captura-de-Pantalla-2021-10-22-a-las-3.35.49-p.-m..png\",\"datePublished\":\"2021-10-22T20:36:23+00:00\",\"breadcrumb\":{\"@id\":\"https:\/\/pagina10.com\/web\/el-plan-departamental-de-agua-destrabo-proyecto-de-agua-potable-y-saneamiento-basico-estancado-durante-ocho-anos-en-el-municipio-de-cordoba\/#breadcrumb\"},\"inLanguage\":\"es\",\"potentialAction\":[{\"@type\":\"ReadAction\",\"target\":[\"https:\/\/pagina10.com\/web\/el-plan-departamental-de-agua-destrabo-proyecto-de-agua-potable-y-saneamiento-basico-estancado-durante-ocho-anos-en-el-municipio-de-cordoba\/\"]}]},{\"@type\":\"ImageObject\",\"inLanguage\":\"es\",\"@id\":\"https:\/\/pagina10.com\/web\/el-plan-departamental-de-agua-destrabo-proyecto-de-agua-potable-y-saneamiento-basico-estancado-durante-ocho-anos-en-el-municipio-de-cordoba\/#primaryimage\",\"url\":\"https:\/\/pagina10.com\/web\/wp-content\/uploads\/2021\/10\/Captura-de-Pantalla-2021-10-22-a-las-3.35.49-p.-m..png\",\"contentUrl\":\"https:\/\/pagina10.com\/web\/wp-content\/uploads\/2021\/10\/Captura-de-Pantalla-2021-10-22-a-las-3.35.49-p.-m..png\",\"width\":478,\"height\":266},{\"@type\":\"BreadcrumbList\",\"@id\":\"https:\/\/pagina10.com\/web\/el-plan-departamental-de-agua-destrabo-proyecto-de-agua-potable-y-saneamiento-basico-estancado-durante-ocho-anos-en-el-municipio-de-cordoba\/#breadcrumb\",\"itemListElement\":[{\"@type\":\"ListItem\",\"position\":1,\"name\":\"Portada\",\"item\":\"https:\/\/pagina10.com\/web\/\"},{\"@type\":\"ListItem\",\"position\":2,\"name\":\"El Plan Departamental de Agua destrab\u00f3 proyecto de agua potable y saneamiento b\u00e1sico estancado durante ocho a\u00f1os en el municipio de C\u00f3rdoba\"}]},{\"@type\":\"WebSite\",\"@id\":\"https:\/\/pagina10.com\/web\/#website\",\"url\":\"https:\/\/pagina10.com\/web\/\",\"name\":\"P\u00e1gina10\",\"description\":\"Peri\u00f3dico Regional\",\"publisher\":{\"@id\":\"https:\/\/pagina10.com\/web\/#organization\"},\"alternateName\":\"P\u00e1gina10 Peri\u00f3dico Regional\",\"potentialAction\":[{\"@type\":\"SearchAction\",\"target\":{\"@type\":\"EntryPoint\",\"urlTemplate\":\"https:\/\/pagina10.com\/web\/?s={search_term_string}\"},\"query-input\":{\"@type\":\"PropertyValueSpecification\",\"valueRequired\":true,\"valueName\":\"search_term_string\"}}],\"inLanguage\":\"es\"},{\"@type\":\"Organization\",\"@id\":\"https:\/\/pagina10.com\/web\/#organization\",\"name\":\"P\u00e1gina10\",\"alternateName\":\"P\u00e1gina10 Peri\u00f3dico Regional\",\"url\":\"https:\/\/pagina10.com\/web\/\",\"logo\":{\"@type\":\"ImageObject\",\"inLanguage\":\"es\",\"@id\":\"https:\/\/pagina10.com\/web\/#\/schema\/logo\/image\/\",\"url\":\"https:\/\/pagina10.com\/web\/wp-content\/uploads\/2024\/01\/40-pagina-10-periodico-regional-pasto.jpg\",\"contentUrl\":\"https:\/\/pagina10.com\/web\/wp-content\/uploads\/2024\/01\/40-pagina-10-periodico-regional-pasto.jpg\",\"width\":1280,\"height\":720,\"caption\":\"P\u00e1gina10\"},\"image\":{\"@id\":\"https:\/\/pagina10.com\/web\/#\/schema\/logo\/image\/\"},\"sameAs\":[\"https:\/\/www.facebook.com\/pag10com\",\"https:\/\/x.com\/Pag10com\",\"https:\/\/www.instagram.com\/pagina10col\/\",\"https:\/\/youtube.com\/channel\/pag10\",\"https:\/\/www.tiktok.com\/@p10col\"]},{\"@type\":\"Person\",\"@id\":\"https:\/\/pagina10.com\/web\/#\/schema\/person\/2efc4a090d25b667d3bc796798a3a81b\",\"name\":\"P\u00e1gina 10\",\"description\":\"P\u00e1gina 10 es un peri\u00f3dico regional que nace en Colombia, en el departamento de Nari\u00f1o, con un enfoque global, fundamentado en cuatro pilares esenciales: la libertad, el pluralismo, la inclusi\u00f3n y la independencia. P\u00e1gina 10 hace referencia a Nari\u00f1o como el d\u00e9cimo departamento creado en Colombia, despu\u00e9s de un proceso pol\u00edtico liderado por actores y actrices regionales con el fin de obtener la independencia y autonom\u00eda de nuestros territorios. Con la creaci\u00f3n de P\u00e1gina 10 se pretende abrir un escenario para el dialogo, la reflexi\u00f3n y el debate que se extienda a otras geograf\u00edas de Am\u00e9rica Latina y del planeta, en una apuesta por transformar colectivamente los desaf\u00edos de un mundo contempor\u00e1neo, m\u00e1s all\u00e1 de las fronteras impuestas.\",\"url\":\"https:\/\/pagina10.com\/web\/author\/pdiezadmin\/\"}]}<\/script>\n<!-- \/ Yoast SEO plugin. -->","yoast_head_json":{"title":"El Plan Departamental de Agua destrab\u00f3 proyecto de agua potable y saneamiento b\u00e1sico estancado durante ocho a\u00f1os en el municipio de C\u00f3rdoba | P\u00e1gina10","robots":{"index":"index","follow":"follow","max-snippet":"max-snippet:-1","max-image-preview":"max-image-preview:large","max-video-preview":"max-video-preview:-1"},"canonical":"https:\/\/pagina10.com\/web\/el-plan-departamental-de-agua-destrabo-proyecto-de-agua-potable-y-saneamiento-basico-estancado-durante-ocho-anos-en-el-municipio-de-cordoba\/","og_locale":"es_ES","og_type":"article","og_title":"El Plan Departamental de Agua destrab\u00f3 proyecto de agua potable y saneamiento b\u00e1sico estancado durante ocho a\u00f1os en el municipio de C\u00f3rdoba | P\u00e1gina10","og_description":"El Plan Departamental de Aguas logr\u00f3 resolver inconvenientes t\u00e9cnicos, administrativos y jur\u00eddicos, que imposibilitaron que un proyecto de mejoramiento del acueducto, adjudicado en el a\u00f1o 2013, se ejecutar\u00e1. Gracias a la gesti\u00f3n del PDA, adem\u00e1s de solventar varias dificultades, se logr\u00f3 recuperar los recursos que hace ocho a\u00f1os se entregaron al contratista. Es as\u00ed, como [&hellip;]","og_url":"https:\/\/pagina10.com\/web\/el-plan-departamental-de-agua-destrabo-proyecto-de-agua-potable-y-saneamiento-basico-estancado-durante-ocho-anos-en-el-municipio-de-cordoba\/","og_site_name":"P\u00e1gina10","article_publisher":"https:\/\/www.facebook.com\/pag10com","article_published_time":"2021-10-22T20:36:23+00:00","og_image":[{"width":478,"height":266,"url":"https:\/\/pagina10.com\/web\/wp-content\/uploads\/2021\/10\/Captura-de-Pantalla-2021-10-22-a-las-3.35.49-p.-m..png","type":"image\/png"}],"author":"P\u00e1gina 10","twitter_card":"summary_large_image","twitter_creator":"@Pag10com","twitter_site":"@Pag10com","twitter_misc":{"Escrito por":"P\u00e1gina 10","Tiempo de lectura":"2 minutos"},"schema":{"@context":"https:\/\/schema.org","@graph":[{"@type":"Article","@id":"https:\/\/pagina10.com\/web\/el-plan-departamental-de-agua-destrabo-proyecto-de-agua-potable-y-saneamiento-basico-estancado-durante-ocho-anos-en-el-municipio-de-cordoba\/#article","isPartOf":{"@id":"https:\/\/pagina10.com\/web\/el-plan-departamental-de-agua-destrabo-proyecto-de-agua-potable-y-saneamiento-basico-estancado-durante-ocho-anos-en-el-municipio-de-cordoba\/"},"author":{"name":"P\u00e1gina 10","@id":"https:\/\/pagina10.com\/web\/#\/schema\/person\/2efc4a090d25b667d3bc796798a3a81b"},"headline":"El Plan Departamental de Agua destrab\u00f3 proyecto de agua potable y saneamiento b\u00e1sico estancado durante ocho a\u00f1os en el municipio de C\u00f3rdoba","datePublished":"2021-10-22T20:36:23+00:00","mainEntityOfPage":{"@id":"https:\/\/pagina10.com\/web\/el-plan-departamental-de-agua-destrabo-proyecto-de-agua-potable-y-saneamiento-basico-estancado-durante-ocho-anos-en-el-municipio-de-cordoba\/"},"wordCount":328,"commentCount":0,"publisher":{"@id":"https:\/\/pagina10.com\/web\/#organization"},"image":{"@id":"https:\/\/pagina10.com\/web\/el-plan-departamental-de-agua-destrabo-proyecto-de-agua-potable-y-saneamiento-basico-estancado-durante-ocho-anos-en-el-municipio-de-cordoba\/#primaryimage"},"thumbnailUrl":"https:\/\/pagina10.com\/web\/wp-content\/uploads\/2021\/10\/Captura-de-Pantalla-2021-10-22-a-las-3.35.49-p.-m..png","articleSection":["Regiones"],"inLanguage":"es","potentialAction":[{"@type":"CommentAction","name":"Comment","target":["https:\/\/pagina10.com\/web\/el-plan-departamental-de-agua-destrabo-proyecto-de-agua-potable-y-saneamiento-basico-estancado-durante-ocho-anos-en-el-municipio-de-cordoba\/#respond"]}]},{"@type":"WebPage","@id":"https:\/\/pagina10.com\/web\/el-plan-departamental-de-agua-destrabo-proyecto-de-agua-potable-y-saneamiento-basico-estancado-durante-ocho-anos-en-el-municipio-de-cordoba\/","url":"https:\/\/pagina10.com\/web\/el-plan-departamental-de-agua-destrabo-proyecto-de-agua-potable-y-saneamiento-basico-estancado-durante-ocho-anos-en-el-municipio-de-cordoba\/","name":"El Plan Departamental de Agua destrab\u00f3 proyecto de agua potable y saneamiento b\u00e1sico estancado durante ocho a\u00f1os en el municipio de C\u00f3rdoba | P\u00e1gina10","isPartOf":{"@id":"https:\/\/pagina10.com\/web\/#website"},"primaryImageOfPage":{"@id":"https:\/\/pagina10.com\/web\/el-plan-departamental-de-agua-destrabo-proyecto-de-agua-potable-y-saneamiento-basico-estancado-durante-ocho-anos-en-el-municipio-de-cordoba\/#primaryimage"},"image":{"@id":"https:\/\/pagina10.com\/web\/el-plan-departamental-de-agua-destrabo-proyecto-de-agua-potable-y-saneamiento-basico-estancado-durante-ocho-anos-en-el-municipio-de-cordoba\/#primaryimage"},"thumbnailUrl":"https:\/\/pagina10.com\/web\/wp-content\/uploads\/2021\/10\/Captura-de-Pantalla-2021-10-22-a-las-3.35.49-p.-m..png","datePublished":"2021-10-22T20:36:23+00:00","breadcrumb":{"@id":"https:\/\/pagina10.com\/web\/el-plan-departamental-de-agua-destrabo-proyecto-de-agua-potable-y-saneamiento-basico-estancado-durante-ocho-anos-en-el-municipio-de-cordoba\/#breadcrumb"},"inLanguage":"es","potentialAction":[{"@type":"ReadAction","target":["https:\/\/pagina10.com\/web\/el-plan-departamental-de-agua-destrabo-proyecto-de-agua-potable-y-saneamiento-basico-estancado-durante-ocho-anos-en-el-municipio-de-cordoba\/"]}]},{"@type":"ImageObject","inLanguage":"es","@id":"https:\/\/pagina10.com\/web\/el-plan-departamental-de-agua-destrabo-proyecto-de-agua-potable-y-saneamiento-basico-estancado-durante-ocho-anos-en-el-municipio-de-cordoba\/#primaryimage","url":"https:\/\/pagina10.com\/web\/wp-content\/uploads\/2021\/10\/Captura-de-Pantalla-2021-10-22-a-las-3.35.49-p.-m..png","contentUrl":"https:\/\/pagina10.com\/web\/wp-content\/uploads\/2021\/10\/Captura-de-Pantalla-2021-10-22-a-las-3.35.49-p.-m..png","width":478,"height":266},{"@type":"BreadcrumbList","@id":"https:\/\/pagina10.com\/web\/el-plan-departamental-de-agua-destrabo-proyecto-de-agua-potable-y-saneamiento-basico-estancado-durante-ocho-anos-en-el-municipio-de-cordoba\/#breadcrumb","itemListElement":[{"@type":"ListItem","position":1,"name":"Portada","item":"https:\/\/pagina10.com\/web\/"},{"@type":"ListItem","position":2,"name":"El Plan Departamental de Agua destrab\u00f3 proyecto de agua potable y saneamiento b\u00e1sico estancado durante ocho a\u00f1os en el municipio de C\u00f3rdoba"}]},{"@type":"WebSite","@id":"https:\/\/pagina10.com\/web\/#website","url":"https:\/\/pagina10.com\/web\/","name":"P\u00e1gina10","description":"Peri\u00f3dico Regional","publisher":{"@id":"https:\/\/pagina10.com\/web\/#organization"},"alternateName":"P\u00e1gina10 Peri\u00f3dico Regional","potentialAction":[{"@type":"SearchAction","target":{"@type":"EntryPoint","urlTemplate":"https:\/\/pagina10.com\/web\/?s={search_term_string}"},"query-input":{"@type":"PropertyValueSpecification","valueRequired":true,"valueName":"search_term_string"}}],"inLanguage":"es"},{"@type":"Organization","@id":"https:\/\/pagina10.com\/web\/#organization","name":"P\u00e1gina10","alternateName":"P\u00e1gina10 Peri\u00f3dico Regional","url":"https:\/\/pagina10.com\/web\/","logo":{"@type":"ImageObject","inLanguage":"es","@id":"https:\/\/pagina10.com\/web\/#\/schema\/logo\/image\/","url":"https:\/\/pagina10.com\/web\/wp-content\/uploads\/2024\/01\/40-pagina-10-periodico-regional-pasto.jpg","contentUrl":"https:\/\/pagina10.com\/web\/wp-content\/uploads\/2024\/01\/40-pagina-10-periodico-regional-pasto.jpg","width":1280,"height":720,"caption":"P\u00e1gina10"},"image":{"@id":"https:\/\/pagina10.com\/web\/#\/schema\/logo\/image\/"},"sameAs":["https:\/\/www.facebook.com\/pag10com","https:\/\/x.com\/Pag10com","https:\/\/www.instagram.com\/pagina10col\/","https:\/\/youtube.com\/channel\/pag10","https:\/\/www.tiktok.com\/@p10col"]},{"@type":"Person","@id":"https:\/\/pagina10.com\/web\/#\/schema\/person\/2efc4a090d25b667d3bc796798a3a81b","name":"P\u00e1gina 10","description":"P\u00e1gina 10 es un peri\u00f3dico regional que nace en Colombia, en el departamento de Nari\u00f1o, con un enfoque global, fundamentado en cuatro pilares esenciales: la libertad, el pluralismo, la inclusi\u00f3n y la independencia. P\u00e1gina 10 hace referencia a Nari\u00f1o como el d\u00e9cimo departamento creado en Colombia, despu\u00e9s de un proceso pol\u00edtico liderado por actores y actrices regionales con el fin de obtener la independencia y autonom\u00eda de nuestros territorios. Con la creaci\u00f3n de P\u00e1gina 10 se pretende abrir un escenario para el dialogo, la reflexi\u00f3n y el debate que se extienda a otras geograf\u00edas de Am\u00e9rica Latina y del planeta, en una apuesta por transformar colectivamente los desaf\u00edos de un mundo contempor\u00e1neo, m\u00e1s all\u00e1 de las fronteras impuestas.","url":"https:\/\/pagina10.com\/web\/author\/pdiezadmin\/"}]}},"_links":{"self":[{"href":"https:\/\/pagina10.com\/web\/wp-json\/wp\/v2\/posts\/56252","targetHints":{"allow":["GET"]}}],"collection":[{"href":"https:\/\/pagina10.com\/web\/wp-json\/wp\/v2\/posts"}],"about":[{"href":"https:\/\/pagina10.com\/web\/wp-json\/wp\/v2\/types\/post"}],"author":[{"embeddable":true,"href":"https:\/\/pagina10.com\/web\/wp-json\/wp\/v2\/users\/1"}],"replies":[{"embeddable":true,"href":"https:\/\/pagina10.com\/web\/wp-json\/wp\/v2\/comments?post=56252"}],"version-history":[{"count":1,"href":"https:\/\/pagina10.com\/web\/wp-json\/wp\/v2\/posts\/56252\/revisions"}],"predecessor-version":[{"id":56254,"href":"https:\/\/pagina10.com\/web\/wp-json\/wp\/v2\/posts\/56252\/revisions\/56254"}],"wp:featuredmedia":[{"embeddable":true,"href":"https:\/\/pagina10.com\/web\/wp-json\/wp\/v2\/media\/56253"}],"wp:attachment":[{"href":"https:\/\/pagina10.com\/web\/wp-json\/wp\/v2\/media?parent=56252"}],"wp:term":[{"taxonomy":"category","embeddable":true,"href":"https:\/\/pagina10.com\/web\/wp-json\/wp\/v2\/categories?post=56252"},{"taxonomy":"post_tag","embeddable":true,"href":"https:\/\/pagina10.com\/web\/wp-json\/wp\/v2\/tags?post=56252"}],"curies":[{"name":"wp","href":"https:\/\/api.w.org\/{rel}","templated":true}]}}