{"id":56266,"date":"2021-10-23T17:20:47","date_gmt":"2021-10-23T22:20:47","guid":{"rendered":"https:\/\/pagina10.com\/web\/?p=56266"},"modified":"2021-10-23T17:20:47","modified_gmt":"2021-10-23T22:20:47","slug":"gestora-social-marcela-hernandez-y-fundacion-telefonica-movistar-fortalecen-la-infraestructura-educativa-tecnologica-en-zona-rural-de-pasto","status":"publish","type":"post","link":"https:\/\/pagina10.com\/web\/gestora-social-marcela-hernandez-y-fundacion-telefonica-movistar-fortalecen-la-infraestructura-educativa-tecnologica-en-zona-rural-de-pasto\/","title":{"rendered":"Gestora social Marcela Hern\u00e1ndez y Fundaci\u00f3n Telef\u00f3nica Movistar fortalecen la infraestructura educativa tecnol\u00f3gica en zona rural de Pasto"},"content":{"rendered":"<p style=\"text-align: justify;\">Gracias al acuerdo de voluntades adelantado por la Gestora Social Marcela Hern\u00e1ndez con la Fundaci\u00f3n Telef\u00f3nica Movistar, hoy inicia el \u201cModelo Integral Profuturo\u201d, un programa de Fundaci\u00f3n Telef\u00f3nica Movistar y la Caixa Fundation que fortalecer\u00e1 las pr\u00e1cticas pedag\u00f3gicas de las Instituciones Educativas en el Municipio de Pasto.<\/p>\n<p style=\"text-align: justify;\">\n<p style=\"text-align: justify;\">El \u2018Modelo Integral Profuturo\u2019, adem\u00e1s de otorgar herramientas tecnol\u00f3gicas que facilitan el acceso a un mundo digital, reduce la brecha educativa al proporcionar una educaci\u00f3n de calidad con el desarrollo de competencias ciudadanas y habilidades socioemocionales en ni\u00f1os y ni\u00f1as.<\/p>\n<p style=\"text-align: justify;\">\n<p style=\"text-align: justify;\">\u201cAgradecemos a la Fundaci\u00f3n Telef\u00f3nica por volcar su mirada a Pasto y llegar a la comunidad m\u00e1s vulnerable desde la \u00e9poca de pandemia y hoy en las instituciones educativas por fortalecer la infraestructura tecnol\u00f3gica que es fundamental para docentes y estudiantes\u201d, mencion\u00f3 la Gestora Social, Marcela Hern\u00e1ndez.<\/p>\n<p style=\"text-align: justify;\">\n<p style=\"text-align: justify;\">As\u00ed mismo, el rector de la instituci\u00f3n, Juan Carlos Rodr\u00edguez, resalt\u00f3 la preocupaci\u00f3n de la administraci\u00f3n municipal por la situaci\u00f3n de las instituciones educativas rurales y agradeci\u00f3 al programa de Profuturo de la Fundaci\u00f3n Telef\u00f3nica por la dotaci\u00f3n de los nuevos elementos tecnol\u00f3gicos con los que se evoluciona de un contexto an\u00e1logo hacia un mundo digital, lo cual mejora substancialmente la calidad educativa.<\/p>\n<p style=\"text-align: justify;\">\n<p style=\"text-align: justify;\">Desde Fundaci\u00f3n Telef\u00f3nica Movistar es un orgullo anunciar que en Alianza con la Alcald\u00eda de Pasto implementaremos nuestro Modelo Integral Profuturo en instituciones educativas de la ciudad, con el fin de brindar a docentes herramientas para el uso de las TIC en el aula de clases y que puedan poner en pr\u00e1ctica metodolog\u00edas innovadoras y digitales acordes con las exigencias del mundo actual. En Fundaci\u00f3n Telef\u00f3nica Movistar, tenemos la convicci\u00f3n de que la educaci\u00f3n y la tecnolog\u00eda es la mejor v\u00eda para cerrar las brechas sociales y digitales, por lo que, para nosotros es muy importante desarrollar este tipo de proyectos e iniciativas, complement\u00f3 M\u00f3nica Hern\u00e1ndez, Directora Fundaci\u00f3n Telef\u00f3nica Movistar.<\/p>\n<p style=\"text-align: justify;\">\n<p style=\"text-align: justify;\">La ceremonia de apertura para el programa fue llevada a cabo en la Instituci\u00f3n Educativa Municipal Marco Fidel Su\u00e1rez, en el corregimiento de Anganoy, posteriormente se inici\u00f3 con el recorrido del aula tecnol\u00f3gica y el proceso de capacitaci\u00f3n de los docentes de primaria; con ello, se avanza hacia la visi\u00f3n trazada en el Plan de Desarrollo Municipal para convertir a Pasto en la capital educativa del pa\u00eds.<\/p>\n","protected":false},"excerpt":{"rendered":"<p>Gracias al acuerdo de voluntades adelantado por la Gestora Social Marcela Hern\u00e1ndez con la Fundaci\u00f3n Telef\u00f3nica Movistar, hoy inicia el \u201cModelo Integral Profuturo\u201d, un programa de Fundaci\u00f3n Telef\u00f3nica Movistar y la Caixa Fundation que fortalecer\u00e1 las pr\u00e1cticas pedag\u00f3gicas de las Instituciones Educativas en el Municipio de Pasto. El \u2018Modelo Integral Profuturo\u2019, adem\u00e1s de otorgar herramientas [&hellip;]<\/p>\n","protected":false},"author":1,"featured_media":56267,"comment_status":"open","ping_status":"open","sticky":false,"template":"","format":"standard","meta":{"footnotes":""},"categories":[82],"tags":[],"class_list":["post-56266","post","type-post","status-publish","format-standard","has-post-thumbnail","hentry","category-ciudad-2"],"yoast_head":"<!-- This site is optimized with the Yoast SEO plugin v27.1.1 - https:\/\/yoast.com\/product\/yoast-seo-wordpress\/ -->\n<title>Gestora social Marcela Hern\u00e1ndez y Fundaci\u00f3n Telef\u00f3nica Movistar fortalecen la infraestructura educativa tecnol\u00f3gica en zona rural de Pasto | P\u00e1gina10<\/title>\n<meta name=\"robots\" content=\"index, follow, max-snippet:-1, max-image-preview:large, max-video-preview:-1\" \/>\n<link rel=\"canonical\" href=\"https:\/\/pagina10.com\/web\/gestora-social-marcela-hernandez-y-fundacion-telefonica-movistar-fortalecen-la-infraestructura-educativa-tecnologica-en-zona-rural-de-pasto\/\" \/>\n<meta property=\"og:locale\" content=\"es_ES\" \/>\n<meta property=\"og:type\" content=\"article\" \/>\n<meta property=\"og:title\" content=\"Gestora social Marcela Hern\u00e1ndez y Fundaci\u00f3n Telef\u00f3nica Movistar fortalecen la infraestructura educativa tecnol\u00f3gica en zona rural de Pasto | P\u00e1gina10\" \/>\n<meta property=\"og:description\" content=\"Gracias al acuerdo de voluntades adelantado por la Gestora Social Marcela Hern\u00e1ndez con la Fundaci\u00f3n Telef\u00f3nica Movistar, hoy inicia el \u201cModelo Integral Profuturo\u201d, un programa de Fundaci\u00f3n Telef\u00f3nica Movistar y la Caixa Fundation que fortalecer\u00e1 las pr\u00e1cticas pedag\u00f3gicas de las Instituciones Educativas en el Municipio de Pasto. El \u2018Modelo Integral Profuturo\u2019, adem\u00e1s de otorgar herramientas [&hellip;]\" \/>\n<meta property=\"og:url\" content=\"https:\/\/pagina10.com\/web\/gestora-social-marcela-hernandez-y-fundacion-telefonica-movistar-fortalecen-la-infraestructura-educativa-tecnologica-en-zona-rural-de-pasto\/\" \/>\n<meta property=\"og:site_name\" content=\"P\u00e1gina10\" \/>\n<meta property=\"article:publisher\" content=\"https:\/\/www.facebook.com\/pag10com\" \/>\n<meta property=\"article:published_time\" content=\"2021-10-23T22:20:47+00:00\" \/>\n<meta property=\"og:image\" content=\"https:\/\/pagina10.com\/web\/wp-content\/uploads\/2021\/10\/WhatsApp-Image-2021-10-21-at-8.28.59-PM.jpeg\" \/>\n\t<meta property=\"og:image:width\" content=\"1024\" \/>\n\t<meta property=\"og:image:height\" content=\"682\" \/>\n\t<meta property=\"og:image:type\" content=\"image\/jpeg\" \/>\n<meta name=\"author\" content=\"P\u00e1gina 10\" \/>\n<meta name=\"twitter:card\" content=\"summary_large_image\" \/>\n<meta name=\"twitter:creator\" content=\"@Pag10com\" \/>\n<meta name=\"twitter:site\" content=\"@Pag10com\" \/>\n<meta name=\"twitter:label1\" content=\"Escrito por\" \/>\n\t<meta name=\"twitter:data1\" content=\"P\u00e1gina 10\" \/>\n\t<meta name=\"twitter:label2\" content=\"Tiempo de lectura\" \/>\n\t<meta name=\"twitter:data2\" content=\"2 minutos\" \/>\n<script type=\"application\/ld+json\" class=\"yoast-schema-graph\">{\"@context\":\"https:\/\/schema.org\",\"@graph\":[{\"@type\":\"Article\",\"@id\":\"https:\/\/pagina10.com\/web\/gestora-social-marcela-hernandez-y-fundacion-telefonica-movistar-fortalecen-la-infraestructura-educativa-tecnologica-en-zona-rural-de-pasto\/#article\",\"isPartOf\":{\"@id\":\"https:\/\/pagina10.com\/web\/gestora-social-marcela-hernandez-y-fundacion-telefonica-movistar-fortalecen-la-infraestructura-educativa-tecnologica-en-zona-rural-de-pasto\/\"},\"author\":{\"name\":\"P\u00e1gina 10\",\"@id\":\"https:\/\/pagina10.com\/web\/#\/schema\/person\/2efc4a090d25b667d3bc796798a3a81b\"},\"headline\":\"Gestora social Marcela Hern\u00e1ndez y Fundaci\u00f3n Telef\u00f3nica Movistar fortalecen la infraestructura educativa tecnol\u00f3gica en zona rural de Pasto\",\"datePublished\":\"2021-10-23T22:20:47+00:00\",\"mainEntityOfPage\":{\"@id\":\"https:\/\/pagina10.com\/web\/gestora-social-marcela-hernandez-y-fundacion-telefonica-movistar-fortalecen-la-infraestructura-educativa-tecnologica-en-zona-rural-de-pasto\/\"},\"wordCount\":444,\"commentCount\":0,\"publisher\":{\"@id\":\"https:\/\/pagina10.com\/web\/#organization\"},\"image\":{\"@id\":\"https:\/\/pagina10.com\/web\/gestora-social-marcela-hernandez-y-fundacion-telefonica-movistar-fortalecen-la-infraestructura-educativa-tecnologica-en-zona-rural-de-pasto\/#primaryimage\"},\"thumbnailUrl\":\"https:\/\/pagina10.com\/web\/wp-content\/uploads\/2021\/10\/WhatsApp-Image-2021-10-21-at-8.28.59-PM.jpeg\",\"articleSection\":[\"Ciudad\"],\"inLanguage\":\"es\",\"potentialAction\":[{\"@type\":\"CommentAction\",\"name\":\"Comment\",\"target\":[\"https:\/\/pagina10.com\/web\/gestora-social-marcela-hernandez-y-fundacion-telefonica-movistar-fortalecen-la-infraestructura-educativa-tecnologica-en-zona-rural-de-pasto\/#respond\"]}]},{\"@type\":\"WebPage\",\"@id\":\"https:\/\/pagina10.com\/web\/gestora-social-marcela-hernandez-y-fundacion-telefonica-movistar-fortalecen-la-infraestructura-educativa-tecnologica-en-zona-rural-de-pasto\/\",\"url\":\"https:\/\/pagina10.com\/web\/gestora-social-marcela-hernandez-y-fundacion-telefonica-movistar-fortalecen-la-infraestructura-educativa-tecnologica-en-zona-rural-de-pasto\/\",\"name\":\"Gestora social Marcela Hern\u00e1ndez y Fundaci\u00f3n Telef\u00f3nica Movistar fortalecen la infraestructura educativa tecnol\u00f3gica en zona rural de Pasto | P\u00e1gina10\",\"isPartOf\":{\"@id\":\"https:\/\/pagina10.com\/web\/#website\"},\"primaryImageOfPage\":{\"@id\":\"https:\/\/pagina10.com\/web\/gestora-social-marcela-hernandez-y-fundacion-telefonica-movistar-fortalecen-la-infraestructura-educativa-tecnologica-en-zona-rural-de-pasto\/#primaryimage\"},\"image\":{\"@id\":\"https:\/\/pagina10.com\/web\/gestora-social-marcela-hernandez-y-fundacion-telefonica-movistar-fortalecen-la-infraestructura-educativa-tecnologica-en-zona-rural-de-pasto\/#primaryimage\"},\"thumbnailUrl\":\"https:\/\/pagina10.com\/web\/wp-content\/uploads\/2021\/10\/WhatsApp-Image-2021-10-21-at-8.28.59-PM.jpeg\",\"datePublished\":\"2021-10-23T22:20:47+00:00\",\"breadcrumb\":{\"@id\":\"https:\/\/pagina10.com\/web\/gestora-social-marcela-hernandez-y-fundacion-telefonica-movistar-fortalecen-la-infraestructura-educativa-tecnologica-en-zona-rural-de-pasto\/#breadcrumb\"},\"inLanguage\":\"es\",\"potentialAction\":[{\"@type\":\"ReadAction\",\"target\":[\"https:\/\/pagina10.com\/web\/gestora-social-marcela-hernandez-y-fundacion-telefonica-movistar-fortalecen-la-infraestructura-educativa-tecnologica-en-zona-rural-de-pasto\/\"]}]},{\"@type\":\"ImageObject\",\"inLanguage\":\"es\",\"@id\":\"https:\/\/pagina10.com\/web\/gestora-social-marcela-hernandez-y-fundacion-telefonica-movistar-fortalecen-la-infraestructura-educativa-tecnologica-en-zona-rural-de-pasto\/#primaryimage\",\"url\":\"https:\/\/pagina10.com\/web\/wp-content\/uploads\/2021\/10\/WhatsApp-Image-2021-10-21-at-8.28.59-PM.jpeg\",\"contentUrl\":\"https:\/\/pagina10.com\/web\/wp-content\/uploads\/2021\/10\/WhatsApp-Image-2021-10-21-at-8.28.59-PM.jpeg\",\"width\":1024,\"height\":682},{\"@type\":\"BreadcrumbList\",\"@id\":\"https:\/\/pagina10.com\/web\/gestora-social-marcela-hernandez-y-fundacion-telefonica-movistar-fortalecen-la-infraestructura-educativa-tecnologica-en-zona-rural-de-pasto\/#breadcrumb\",\"itemListElement\":[{\"@type\":\"ListItem\",\"position\":1,\"name\":\"Portada\",\"item\":\"https:\/\/pagina10.com\/web\/\"},{\"@type\":\"ListItem\",\"position\":2,\"name\":\"Gestora social Marcela Hern\u00e1ndez y Fundaci\u00f3n Telef\u00f3nica Movistar fortalecen la infraestructura educativa tecnol\u00f3gica en zona rural de Pasto\"}]},{\"@type\":\"WebSite\",\"@id\":\"https:\/\/pagina10.com\/web\/#website\",\"url\":\"https:\/\/pagina10.com\/web\/\",\"name\":\"P\u00e1gina10\",\"description\":\"Peri\u00f3dico Regional\",\"publisher\":{\"@id\":\"https:\/\/pagina10.com\/web\/#organization\"},\"alternateName\":\"P\u00e1gina10 Peri\u00f3dico Regional\",\"potentialAction\":[{\"@type\":\"SearchAction\",\"target\":{\"@type\":\"EntryPoint\",\"urlTemplate\":\"https:\/\/pagina10.com\/web\/?s={search_term_string}\"},\"query-input\":{\"@type\":\"PropertyValueSpecification\",\"valueRequired\":true,\"valueName\":\"search_term_string\"}}],\"inLanguage\":\"es\"},{\"@type\":\"Organization\",\"@id\":\"https:\/\/pagina10.com\/web\/#organization\",\"name\":\"P\u00e1gina10\",\"alternateName\":\"P\u00e1gina10 Peri\u00f3dico Regional\",\"url\":\"https:\/\/pagina10.com\/web\/\",\"logo\":{\"@type\":\"ImageObject\",\"inLanguage\":\"es\",\"@id\":\"https:\/\/pagina10.com\/web\/#\/schema\/logo\/image\/\",\"url\":\"https:\/\/pagina10.com\/web\/wp-content\/uploads\/2024\/01\/40-pagina-10-periodico-regional-pasto.jpg\",\"contentUrl\":\"https:\/\/pagina10.com\/web\/wp-content\/uploads\/2024\/01\/40-pagina-10-periodico-regional-pasto.jpg\",\"width\":1280,\"height\":720,\"caption\":\"P\u00e1gina10\"},\"image\":{\"@id\":\"https:\/\/pagina10.com\/web\/#\/schema\/logo\/image\/\"},\"sameAs\":[\"https:\/\/www.facebook.com\/pag10com\",\"https:\/\/x.com\/Pag10com\",\"https:\/\/www.instagram.com\/pagina10col\/\",\"https:\/\/youtube.com\/channel\/pag10\",\"https:\/\/www.tiktok.com\/@p10col\"]},{\"@type\":\"Person\",\"@id\":\"https:\/\/pagina10.com\/web\/#\/schema\/person\/2efc4a090d25b667d3bc796798a3a81b\",\"name\":\"P\u00e1gina 10\",\"description\":\"P\u00e1gina 10 es un peri\u00f3dico regional que nace en Colombia, en el departamento de Nari\u00f1o, con un enfoque global, fundamentado en cuatro pilares esenciales: la libertad, el pluralismo, la inclusi\u00f3n y la independencia. P\u00e1gina 10 hace referencia a Nari\u00f1o como el d\u00e9cimo departamento creado en Colombia, despu\u00e9s de un proceso pol\u00edtico liderado por actores y actrices regionales con el fin de obtener la independencia y autonom\u00eda de nuestros territorios. Con la creaci\u00f3n de P\u00e1gina 10 se pretende abrir un escenario para el dialogo, la reflexi\u00f3n y el debate que se extienda a otras geograf\u00edas de Am\u00e9rica Latina y del planeta, en una apuesta por transformar colectivamente los desaf\u00edos de un mundo contempor\u00e1neo, m\u00e1s all\u00e1 de las fronteras impuestas.\",\"url\":\"https:\/\/pagina10.com\/web\/author\/pdiezadmin\/\"}]}<\/script>\n<!-- \/ Yoast SEO plugin. -->","yoast_head_json":{"title":"Gestora social Marcela Hern\u00e1ndez y Fundaci\u00f3n Telef\u00f3nica Movistar fortalecen la infraestructura educativa tecnol\u00f3gica en zona rural de Pasto | P\u00e1gina10","robots":{"index":"index","follow":"follow","max-snippet":"max-snippet:-1","max-image-preview":"max-image-preview:large","max-video-preview":"max-video-preview:-1"},"canonical":"https:\/\/pagina10.com\/web\/gestora-social-marcela-hernandez-y-fundacion-telefonica-movistar-fortalecen-la-infraestructura-educativa-tecnologica-en-zona-rural-de-pasto\/","og_locale":"es_ES","og_type":"article","og_title":"Gestora social Marcela Hern\u00e1ndez y Fundaci\u00f3n Telef\u00f3nica Movistar fortalecen la infraestructura educativa tecnol\u00f3gica en zona rural de Pasto | P\u00e1gina10","og_description":"Gracias al acuerdo de voluntades adelantado por la Gestora Social Marcela Hern\u00e1ndez con la Fundaci\u00f3n Telef\u00f3nica Movistar, hoy inicia el \u201cModelo Integral Profuturo\u201d, un programa de Fundaci\u00f3n Telef\u00f3nica Movistar y la Caixa Fundation que fortalecer\u00e1 las pr\u00e1cticas pedag\u00f3gicas de las Instituciones Educativas en el Municipio de Pasto. El \u2018Modelo Integral Profuturo\u2019, adem\u00e1s de otorgar herramientas [&hellip;]","og_url":"https:\/\/pagina10.com\/web\/gestora-social-marcela-hernandez-y-fundacion-telefonica-movistar-fortalecen-la-infraestructura-educativa-tecnologica-en-zona-rural-de-pasto\/","og_site_name":"P\u00e1gina10","article_publisher":"https:\/\/www.facebook.com\/pag10com","article_published_time":"2021-10-23T22:20:47+00:00","og_image":[{"width":1024,"height":682,"url":"https:\/\/pagina10.com\/web\/wp-content\/uploads\/2021\/10\/WhatsApp-Image-2021-10-21-at-8.28.59-PM.jpeg","type":"image\/jpeg"}],"author":"P\u00e1gina 10","twitter_card":"summary_large_image","twitter_creator":"@Pag10com","twitter_site":"@Pag10com","twitter_misc":{"Escrito por":"P\u00e1gina 10","Tiempo de lectura":"2 minutos"},"schema":{"@context":"https:\/\/schema.org","@graph":[{"@type":"Article","@id":"https:\/\/pagina10.com\/web\/gestora-social-marcela-hernandez-y-fundacion-telefonica-movistar-fortalecen-la-infraestructura-educativa-tecnologica-en-zona-rural-de-pasto\/#article","isPartOf":{"@id":"https:\/\/pagina10.com\/web\/gestora-social-marcela-hernandez-y-fundacion-telefonica-movistar-fortalecen-la-infraestructura-educativa-tecnologica-en-zona-rural-de-pasto\/"},"author":{"name":"P\u00e1gina 10","@id":"https:\/\/pagina10.com\/web\/#\/schema\/person\/2efc4a090d25b667d3bc796798a3a81b"},"headline":"Gestora social Marcela Hern\u00e1ndez y Fundaci\u00f3n Telef\u00f3nica Movistar fortalecen la infraestructura educativa tecnol\u00f3gica en zona rural de Pasto","datePublished":"2021-10-23T22:20:47+00:00","mainEntityOfPage":{"@id":"https:\/\/pagina10.com\/web\/gestora-social-marcela-hernandez-y-fundacion-telefonica-movistar-fortalecen-la-infraestructura-educativa-tecnologica-en-zona-rural-de-pasto\/"},"wordCount":444,"commentCount":0,"publisher":{"@id":"https:\/\/pagina10.com\/web\/#organization"},"image":{"@id":"https:\/\/pagina10.com\/web\/gestora-social-marcela-hernandez-y-fundacion-telefonica-movistar-fortalecen-la-infraestructura-educativa-tecnologica-en-zona-rural-de-pasto\/#primaryimage"},"thumbnailUrl":"https:\/\/pagina10.com\/web\/wp-content\/uploads\/2021\/10\/WhatsApp-Image-2021-10-21-at-8.28.59-PM.jpeg","articleSection":["Ciudad"],"inLanguage":"es","potentialAction":[{"@type":"CommentAction","name":"Comment","target":["https:\/\/pagina10.com\/web\/gestora-social-marcela-hernandez-y-fundacion-telefonica-movistar-fortalecen-la-infraestructura-educativa-tecnologica-en-zona-rural-de-pasto\/#respond"]}]},{"@type":"WebPage","@id":"https:\/\/pagina10.com\/web\/gestora-social-marcela-hernandez-y-fundacion-telefonica-movistar-fortalecen-la-infraestructura-educativa-tecnologica-en-zona-rural-de-pasto\/","url":"https:\/\/pagina10.com\/web\/gestora-social-marcela-hernandez-y-fundacion-telefonica-movistar-fortalecen-la-infraestructura-educativa-tecnologica-en-zona-rural-de-pasto\/","name":"Gestora social Marcela Hern\u00e1ndez y Fundaci\u00f3n Telef\u00f3nica Movistar fortalecen la infraestructura educativa tecnol\u00f3gica en zona rural de Pasto | P\u00e1gina10","isPartOf":{"@id":"https:\/\/pagina10.com\/web\/#website"},"primaryImageOfPage":{"@id":"https:\/\/pagina10.com\/web\/gestora-social-marcela-hernandez-y-fundacion-telefonica-movistar-fortalecen-la-infraestructura-educativa-tecnologica-en-zona-rural-de-pasto\/#primaryimage"},"image":{"@id":"https:\/\/pagina10.com\/web\/gestora-social-marcela-hernandez-y-fundacion-telefonica-movistar-fortalecen-la-infraestructura-educativa-tecnologica-en-zona-rural-de-pasto\/#primaryimage"},"thumbnailUrl":"https:\/\/pagina10.com\/web\/wp-content\/uploads\/2021\/10\/WhatsApp-Image-2021-10-21-at-8.28.59-PM.jpeg","datePublished":"2021-10-23T22:20:47+00:00","breadcrumb":{"@id":"https:\/\/pagina10.com\/web\/gestora-social-marcela-hernandez-y-fundacion-telefonica-movistar-fortalecen-la-infraestructura-educativa-tecnologica-en-zona-rural-de-pasto\/#breadcrumb"},"inLanguage":"es","potentialAction":[{"@type":"ReadAction","target":["https:\/\/pagina10.com\/web\/gestora-social-marcela-hernandez-y-fundacion-telefonica-movistar-fortalecen-la-infraestructura-educativa-tecnologica-en-zona-rural-de-pasto\/"]}]},{"@type":"ImageObject","inLanguage":"es","@id":"https:\/\/pagina10.com\/web\/gestora-social-marcela-hernandez-y-fundacion-telefonica-movistar-fortalecen-la-infraestructura-educativa-tecnologica-en-zona-rural-de-pasto\/#primaryimage","url":"https:\/\/pagina10.com\/web\/wp-content\/uploads\/2021\/10\/WhatsApp-Image-2021-10-21-at-8.28.59-PM.jpeg","contentUrl":"https:\/\/pagina10.com\/web\/wp-content\/uploads\/2021\/10\/WhatsApp-Image-2021-10-21-at-8.28.59-PM.jpeg","width":1024,"height":682},{"@type":"BreadcrumbList","@id":"https:\/\/pagina10.com\/web\/gestora-social-marcela-hernandez-y-fundacion-telefonica-movistar-fortalecen-la-infraestructura-educativa-tecnologica-en-zona-rural-de-pasto\/#breadcrumb","itemListElement":[{"@type":"ListItem","position":1,"name":"Portada","item":"https:\/\/pagina10.com\/web\/"},{"@type":"ListItem","position":2,"name":"Gestora social Marcela Hern\u00e1ndez y Fundaci\u00f3n Telef\u00f3nica Movistar fortalecen la infraestructura educativa tecnol\u00f3gica en zona rural de Pasto"}]},{"@type":"WebSite","@id":"https:\/\/pagina10.com\/web\/#website","url":"https:\/\/pagina10.com\/web\/","name":"P\u00e1gina10","description":"Peri\u00f3dico Regional","publisher":{"@id":"https:\/\/pagina10.com\/web\/#organization"},"alternateName":"P\u00e1gina10 Peri\u00f3dico Regional","potentialAction":[{"@type":"SearchAction","target":{"@type":"EntryPoint","urlTemplate":"https:\/\/pagina10.com\/web\/?s={search_term_string}"},"query-input":{"@type":"PropertyValueSpecification","valueRequired":true,"valueName":"search_term_string"}}],"inLanguage":"es"},{"@type":"Organization","@id":"https:\/\/pagina10.com\/web\/#organization","name":"P\u00e1gina10","alternateName":"P\u00e1gina10 Peri\u00f3dico Regional","url":"https:\/\/pagina10.com\/web\/","logo":{"@type":"ImageObject","inLanguage":"es","@id":"https:\/\/pagina10.com\/web\/#\/schema\/logo\/image\/","url":"https:\/\/pagina10.com\/web\/wp-content\/uploads\/2024\/01\/40-pagina-10-periodico-regional-pasto.jpg","contentUrl":"https:\/\/pagina10.com\/web\/wp-content\/uploads\/2024\/01\/40-pagina-10-periodico-regional-pasto.jpg","width":1280,"height":720,"caption":"P\u00e1gina10"},"image":{"@id":"https:\/\/pagina10.com\/web\/#\/schema\/logo\/image\/"},"sameAs":["https:\/\/www.facebook.com\/pag10com","https:\/\/x.com\/Pag10com","https:\/\/www.instagram.com\/pagina10col\/","https:\/\/youtube.com\/channel\/pag10","https:\/\/www.tiktok.com\/@p10col"]},{"@type":"Person","@id":"https:\/\/pagina10.com\/web\/#\/schema\/person\/2efc4a090d25b667d3bc796798a3a81b","name":"P\u00e1gina 10","description":"P\u00e1gina 10 es un peri\u00f3dico regional que nace en Colombia, en el departamento de Nari\u00f1o, con un enfoque global, fundamentado en cuatro pilares esenciales: la libertad, el pluralismo, la inclusi\u00f3n y la independencia. P\u00e1gina 10 hace referencia a Nari\u00f1o como el d\u00e9cimo departamento creado en Colombia, despu\u00e9s de un proceso pol\u00edtico liderado por actores y actrices regionales con el fin de obtener la independencia y autonom\u00eda de nuestros territorios. Con la creaci\u00f3n de P\u00e1gina 10 se pretende abrir un escenario para el dialogo, la reflexi\u00f3n y el debate que se extienda a otras geograf\u00edas de Am\u00e9rica Latina y del planeta, en una apuesta por transformar colectivamente los desaf\u00edos de un mundo contempor\u00e1neo, m\u00e1s all\u00e1 de las fronteras impuestas.","url":"https:\/\/pagina10.com\/web\/author\/pdiezadmin\/"}]}},"_links":{"self":[{"href":"https:\/\/pagina10.com\/web\/wp-json\/wp\/v2\/posts\/56266","targetHints":{"allow":["GET"]}}],"collection":[{"href":"https:\/\/pagina10.com\/web\/wp-json\/wp\/v2\/posts"}],"about":[{"href":"https:\/\/pagina10.com\/web\/wp-json\/wp\/v2\/types\/post"}],"author":[{"embeddable":true,"href":"https:\/\/pagina10.com\/web\/wp-json\/wp\/v2\/users\/1"}],"replies":[{"embeddable":true,"href":"https:\/\/pagina10.com\/web\/wp-json\/wp\/v2\/comments?post=56266"}],"version-history":[{"count":1,"href":"https:\/\/pagina10.com\/web\/wp-json\/wp\/v2\/posts\/56266\/revisions"}],"predecessor-version":[{"id":56268,"href":"https:\/\/pagina10.com\/web\/wp-json\/wp\/v2\/posts\/56266\/revisions\/56268"}],"wp:featuredmedia":[{"embeddable":true,"href":"https:\/\/pagina10.com\/web\/wp-json\/wp\/v2\/media\/56267"}],"wp:attachment":[{"href":"https:\/\/pagina10.com\/web\/wp-json\/wp\/v2\/media?parent=56266"}],"wp:term":[{"taxonomy":"category","embeddable":true,"href":"https:\/\/pagina10.com\/web\/wp-json\/wp\/v2\/categories?post=56266"},{"taxonomy":"post_tag","embeddable":true,"href":"https:\/\/pagina10.com\/web\/wp-json\/wp\/v2\/tags?post=56266"}],"curies":[{"name":"wp","href":"https:\/\/api.w.org\/{rel}","templated":true}]}}