{"id":56271,"date":"2021-10-23T17:31:11","date_gmt":"2021-10-23T22:31:11","guid":{"rendered":"https:\/\/pagina10.com\/web\/?p=56271"},"modified":"2021-10-23T17:31:51","modified_gmt":"2021-10-23T22:31:51","slug":"mujeres-emprendedoras-lideran-la-reactivacion-economica-en-pasto","status":"publish","type":"post","link":"https:\/\/pagina10.com\/web\/mujeres-emprendedoras-lideran-la-reactivacion-economica-en-pasto\/","title":{"rendered":"Mujeres emprendedoras lideran la reactivaci\u00f3n econ\u00f3mica en Pasto"},"content":{"rendered":"<p style=\"text-align: justify;\">La Alcald\u00eda de Pasto, a trav\u00e9s de la Secretar\u00eda de las Mujeres, Orientaciones Sexuales e Identidades de G\u00e9nero, apoy\u00f3 al Consejo Ciudadano de Mujeres en la organizaci\u00f3n de la feria Emprendiendo un Sue\u00f1o, liderada por mujeres cabeza de familia y que hace parte de las acciones previstas en el plan participativo de reactivaci\u00f3n econ\u00f3mica \u2018Pacto por Pasto\u2019.<\/p>\n<p style=\"text-align: justify;\">\u201cAgradecemos infinitamente estos espacios que nos permiten recuperarnos econ\u00f3micamente porque es lo que necesitamos. Esperamos tener buenas ventas ya que \u00e9sta es una vitrina comercial incre\u00edble\u201d, expres\u00f3 la emprendedora de Chocolates y Artesan\u00edas Sure\u00f1a, Mary Luz Burbano.<\/p>\n<p style=\"text-align: justify;\">En total 15 emprendimientos de madres cabeza de hogar exponen sus productos en el centro comercial Unicentro hasta ma\u00f1ana viernes en la noche. La organizadora del evento, Paola Bravo Guerrero, extendi\u00f3 un agradecimiento a las Secretar\u00edas de las Mujeres, Orientaciones Sexuales e Identidades de G\u00e9nero y Desarrollo Econ\u00f3mico y Competitividad. \u201cA trav\u00e9s de esta vitrina comercial podemos visibilizar nuestras aptitudes y creatividad y, en consonancia con las pol\u00edticas institucionales, contribuir a la autonom\u00eda econ\u00f3mica de las mujeres para mejorar su calidad de vida\u201d, agreg\u00f3 la consejera ciudadana y representante del sector.<\/p>\n<p style=\"text-align: justify;\">Por su parte, la secretaria de las Mujeres, Orientaciones Sexuales e Identidades de G\u00e9nero, Elena Pantoja Guerrero, asegur\u00f3 que la Administraci\u00f3n Municipal est\u00e1 comprometida con fortalecer a las organizaciones sociales de la sociedad civil y los emprendimientos econ\u00f3micos, en especial, los liderados por mujeres, pues fueron ellas las m\u00e1s afectadas despu\u00e9s de la pandemia y el paro nacional.<\/p>\n<p style=\"text-align: justify;\">\u201cLos recursos importantes y, adem\u00e1s, hist\u00f3ricos que el Alcalde Germ\u00e1n Chamorro De La Rosa le ha asignado al mecanismo de g\u00e9nero, nos han permitido articularnos de manera contundente con la Cooperaci\u00f3n Internacional para trabajar en convocatorias transparentes y que fortalezcan a las instancias de participaci\u00f3n enfoc\u00e1ndonos en las organizaciones sociales y emprendimientos econ\u00f3micos, porque son ellos quienes nos ayudan a hacer control social\u201d,\u00a0sostuvo la funcionaria.<\/p>\n","protected":false},"excerpt":{"rendered":"<p>La Alcald\u00eda de Pasto, a trav\u00e9s de la Secretar\u00eda de las Mujeres, Orientaciones Sexuales e Identidades de G\u00e9nero, apoy\u00f3 al Consejo Ciudadano de Mujeres en la organizaci\u00f3n de la feria Emprendiendo un Sue\u00f1o, liderada por mujeres cabeza de familia y que hace parte de las acciones previstas en el plan participativo de reactivaci\u00f3n econ\u00f3mica \u2018Pacto [&hellip;]<\/p>\n","protected":false},"author":1,"featured_media":56272,"comment_status":"open","ping_status":"open","sticky":false,"template":"","format":"standard","meta":{"footnotes":""},"categories":[13],"tags":[],"class_list":["post-56271","post","type-post","status-publish","format-standard","has-post-thumbnail","hentry","category-economia"],"yoast_head":"<!-- This site is optimized with the Yoast SEO plugin v27.1.1 - https:\/\/yoast.com\/product\/yoast-seo-wordpress\/ -->\n<title>Mujeres emprendedoras lideran la reactivaci\u00f3n econ\u00f3mica en Pasto | P\u00e1gina10<\/title>\n<meta name=\"robots\" content=\"index, follow, max-snippet:-1, max-image-preview:large, max-video-preview:-1\" \/>\n<link rel=\"canonical\" href=\"https:\/\/pagina10.com\/web\/mujeres-emprendedoras-lideran-la-reactivacion-economica-en-pasto\/\" \/>\n<meta property=\"og:locale\" content=\"es_ES\" \/>\n<meta property=\"og:type\" content=\"article\" \/>\n<meta property=\"og:title\" content=\"Mujeres emprendedoras lideran la reactivaci\u00f3n econ\u00f3mica en Pasto | P\u00e1gina10\" \/>\n<meta property=\"og:description\" content=\"La Alcald\u00eda de Pasto, a trav\u00e9s de la Secretar\u00eda de las Mujeres, Orientaciones Sexuales e Identidades de G\u00e9nero, apoy\u00f3 al Consejo Ciudadano de Mujeres en la organizaci\u00f3n de la feria Emprendiendo un Sue\u00f1o, liderada por mujeres cabeza de familia y que hace parte de las acciones previstas en el plan participativo de reactivaci\u00f3n econ\u00f3mica \u2018Pacto [&hellip;]\" \/>\n<meta property=\"og:url\" content=\"https:\/\/pagina10.com\/web\/mujeres-emprendedoras-lideran-la-reactivacion-economica-en-pasto\/\" \/>\n<meta property=\"og:site_name\" content=\"P\u00e1gina10\" \/>\n<meta property=\"article:publisher\" content=\"https:\/\/www.facebook.com\/pag10com\" \/>\n<meta property=\"article:published_time\" content=\"2021-10-23T22:31:11+00:00\" \/>\n<meta property=\"article:modified_time\" content=\"2021-10-23T22:31:51+00:00\" \/>\n<meta property=\"og:image\" content=\"https:\/\/pagina10.com\/web\/wp-content\/uploads\/2021\/10\/WhatsApp-Image-2021-10-22-at-12.10.59-AM.jpeg\" \/>\n\t<meta property=\"og:image:width\" content=\"1280\" \/>\n\t<meta property=\"og:image:height\" content=\"853\" \/>\n\t<meta property=\"og:image:type\" content=\"image\/jpeg\" \/>\n<meta name=\"author\" content=\"P\u00e1gina 10\" \/>\n<meta name=\"twitter:card\" content=\"summary_large_image\" \/>\n<meta name=\"twitter:creator\" content=\"@Pag10com\" \/>\n<meta name=\"twitter:site\" content=\"@Pag10com\" \/>\n<meta name=\"twitter:label1\" content=\"Escrito por\" \/>\n\t<meta name=\"twitter:data1\" content=\"P\u00e1gina 10\" \/>\n\t<meta name=\"twitter:label2\" content=\"Tiempo de lectura\" \/>\n\t<meta name=\"twitter:data2\" content=\"2 minutos\" \/>\n<script type=\"application\/ld+json\" class=\"yoast-schema-graph\">{\"@context\":\"https:\/\/schema.org\",\"@graph\":[{\"@type\":\"Article\",\"@id\":\"https:\/\/pagina10.com\/web\/mujeres-emprendedoras-lideran-la-reactivacion-economica-en-pasto\/#article\",\"isPartOf\":{\"@id\":\"https:\/\/pagina10.com\/web\/mujeres-emprendedoras-lideran-la-reactivacion-economica-en-pasto\/\"},\"author\":{\"name\":\"P\u00e1gina 10\",\"@id\":\"https:\/\/pagina10.com\/web\/#\/schema\/person\/2efc4a090d25b667d3bc796798a3a81b\"},\"headline\":\"Mujeres emprendedoras lideran la reactivaci\u00f3n econ\u00f3mica en Pasto\",\"datePublished\":\"2021-10-23T22:31:11+00:00\",\"dateModified\":\"2021-10-23T22:31:51+00:00\",\"mainEntityOfPage\":{\"@id\":\"https:\/\/pagina10.com\/web\/mujeres-emprendedoras-lideran-la-reactivacion-economica-en-pasto\/\"},\"wordCount\":351,\"commentCount\":0,\"publisher\":{\"@id\":\"https:\/\/pagina10.com\/web\/#organization\"},\"image\":{\"@id\":\"https:\/\/pagina10.com\/web\/mujeres-emprendedoras-lideran-la-reactivacion-economica-en-pasto\/#primaryimage\"},\"thumbnailUrl\":\"https:\/\/pagina10.com\/web\/wp-content\/uploads\/2021\/10\/WhatsApp-Image-2021-10-22-at-12.10.59-AM.jpeg\",\"articleSection\":[\"Econom\u00eda\"],\"inLanguage\":\"es\",\"potentialAction\":[{\"@type\":\"CommentAction\",\"name\":\"Comment\",\"target\":[\"https:\/\/pagina10.com\/web\/mujeres-emprendedoras-lideran-la-reactivacion-economica-en-pasto\/#respond\"]}]},{\"@type\":\"WebPage\",\"@id\":\"https:\/\/pagina10.com\/web\/mujeres-emprendedoras-lideran-la-reactivacion-economica-en-pasto\/\",\"url\":\"https:\/\/pagina10.com\/web\/mujeres-emprendedoras-lideran-la-reactivacion-economica-en-pasto\/\",\"name\":\"Mujeres emprendedoras lideran la reactivaci\u00f3n econ\u00f3mica en Pasto | P\u00e1gina10\",\"isPartOf\":{\"@id\":\"https:\/\/pagina10.com\/web\/#website\"},\"primaryImageOfPage\":{\"@id\":\"https:\/\/pagina10.com\/web\/mujeres-emprendedoras-lideran-la-reactivacion-economica-en-pasto\/#primaryimage\"},\"image\":{\"@id\":\"https:\/\/pagina10.com\/web\/mujeres-emprendedoras-lideran-la-reactivacion-economica-en-pasto\/#primaryimage\"},\"thumbnailUrl\":\"https:\/\/pagina10.com\/web\/wp-content\/uploads\/2021\/10\/WhatsApp-Image-2021-10-22-at-12.10.59-AM.jpeg\",\"datePublished\":\"2021-10-23T22:31:11+00:00\",\"dateModified\":\"2021-10-23T22:31:51+00:00\",\"breadcrumb\":{\"@id\":\"https:\/\/pagina10.com\/web\/mujeres-emprendedoras-lideran-la-reactivacion-economica-en-pasto\/#breadcrumb\"},\"inLanguage\":\"es\",\"potentialAction\":[{\"@type\":\"ReadAction\",\"target\":[\"https:\/\/pagina10.com\/web\/mujeres-emprendedoras-lideran-la-reactivacion-economica-en-pasto\/\"]}]},{\"@type\":\"ImageObject\",\"inLanguage\":\"es\",\"@id\":\"https:\/\/pagina10.com\/web\/mujeres-emprendedoras-lideran-la-reactivacion-economica-en-pasto\/#primaryimage\",\"url\":\"https:\/\/pagina10.com\/web\/wp-content\/uploads\/2021\/10\/WhatsApp-Image-2021-10-22-at-12.10.59-AM.jpeg\",\"contentUrl\":\"https:\/\/pagina10.com\/web\/wp-content\/uploads\/2021\/10\/WhatsApp-Image-2021-10-22-at-12.10.59-AM.jpeg\",\"width\":1280,\"height\":853},{\"@type\":\"BreadcrumbList\",\"@id\":\"https:\/\/pagina10.com\/web\/mujeres-emprendedoras-lideran-la-reactivacion-economica-en-pasto\/#breadcrumb\",\"itemListElement\":[{\"@type\":\"ListItem\",\"position\":1,\"name\":\"Portada\",\"item\":\"https:\/\/pagina10.com\/web\/\"},{\"@type\":\"ListItem\",\"position\":2,\"name\":\"Mujeres emprendedoras lideran la reactivaci\u00f3n econ\u00f3mica en Pasto\"}]},{\"@type\":\"WebSite\",\"@id\":\"https:\/\/pagina10.com\/web\/#website\",\"url\":\"https:\/\/pagina10.com\/web\/\",\"name\":\"P\u00e1gina10\",\"description\":\"Peri\u00f3dico Regional\",\"publisher\":{\"@id\":\"https:\/\/pagina10.com\/web\/#organization\"},\"alternateName\":\"P\u00e1gina10 Peri\u00f3dico Regional\",\"potentialAction\":[{\"@type\":\"SearchAction\",\"target\":{\"@type\":\"EntryPoint\",\"urlTemplate\":\"https:\/\/pagina10.com\/web\/?s={search_term_string}\"},\"query-input\":{\"@type\":\"PropertyValueSpecification\",\"valueRequired\":true,\"valueName\":\"search_term_string\"}}],\"inLanguage\":\"es\"},{\"@type\":\"Organization\",\"@id\":\"https:\/\/pagina10.com\/web\/#organization\",\"name\":\"P\u00e1gina10\",\"alternateName\":\"P\u00e1gina10 Peri\u00f3dico Regional\",\"url\":\"https:\/\/pagina10.com\/web\/\",\"logo\":{\"@type\":\"ImageObject\",\"inLanguage\":\"es\",\"@id\":\"https:\/\/pagina10.com\/web\/#\/schema\/logo\/image\/\",\"url\":\"https:\/\/pagina10.com\/web\/wp-content\/uploads\/2024\/01\/40-pagina-10-periodico-regional-pasto.jpg\",\"contentUrl\":\"https:\/\/pagina10.com\/web\/wp-content\/uploads\/2024\/01\/40-pagina-10-periodico-regional-pasto.jpg\",\"width\":1280,\"height\":720,\"caption\":\"P\u00e1gina10\"},\"image\":{\"@id\":\"https:\/\/pagina10.com\/web\/#\/schema\/logo\/image\/\"},\"sameAs\":[\"https:\/\/www.facebook.com\/pag10com\",\"https:\/\/x.com\/Pag10com\",\"https:\/\/www.instagram.com\/pagina10col\/\",\"https:\/\/youtube.com\/channel\/pag10\",\"https:\/\/www.tiktok.com\/@p10col\"]},{\"@type\":\"Person\",\"@id\":\"https:\/\/pagina10.com\/web\/#\/schema\/person\/2efc4a090d25b667d3bc796798a3a81b\",\"name\":\"P\u00e1gina 10\",\"description\":\"P\u00e1gina 10 es un peri\u00f3dico regional que nace en Colombia, en el departamento de Nari\u00f1o, con un enfoque global, fundamentado en cuatro pilares esenciales: la libertad, el pluralismo, la inclusi\u00f3n y la independencia. P\u00e1gina 10 hace referencia a Nari\u00f1o como el d\u00e9cimo departamento creado en Colombia, despu\u00e9s de un proceso pol\u00edtico liderado por actores y actrices regionales con el fin de obtener la independencia y autonom\u00eda de nuestros territorios. Con la creaci\u00f3n de P\u00e1gina 10 se pretende abrir un escenario para el dialogo, la reflexi\u00f3n y el debate que se extienda a otras geograf\u00edas de Am\u00e9rica Latina y del planeta, en una apuesta por transformar colectivamente los desaf\u00edos de un mundo contempor\u00e1neo, m\u00e1s all\u00e1 de las fronteras impuestas.\",\"url\":\"https:\/\/pagina10.com\/web\/author\/pdiezadmin\/\"}]}<\/script>\n<!-- \/ Yoast SEO plugin. -->","yoast_head_json":{"title":"Mujeres emprendedoras lideran la reactivaci\u00f3n econ\u00f3mica en Pasto | P\u00e1gina10","robots":{"index":"index","follow":"follow","max-snippet":"max-snippet:-1","max-image-preview":"max-image-preview:large","max-video-preview":"max-video-preview:-1"},"canonical":"https:\/\/pagina10.com\/web\/mujeres-emprendedoras-lideran-la-reactivacion-economica-en-pasto\/","og_locale":"es_ES","og_type":"article","og_title":"Mujeres emprendedoras lideran la reactivaci\u00f3n econ\u00f3mica en Pasto | P\u00e1gina10","og_description":"La Alcald\u00eda de Pasto, a trav\u00e9s de la Secretar\u00eda de las Mujeres, Orientaciones Sexuales e Identidades de G\u00e9nero, apoy\u00f3 al Consejo Ciudadano de Mujeres en la organizaci\u00f3n de la feria Emprendiendo un Sue\u00f1o, liderada por mujeres cabeza de familia y que hace parte de las acciones previstas en el plan participativo de reactivaci\u00f3n econ\u00f3mica \u2018Pacto [&hellip;]","og_url":"https:\/\/pagina10.com\/web\/mujeres-emprendedoras-lideran-la-reactivacion-economica-en-pasto\/","og_site_name":"P\u00e1gina10","article_publisher":"https:\/\/www.facebook.com\/pag10com","article_published_time":"2021-10-23T22:31:11+00:00","article_modified_time":"2021-10-23T22:31:51+00:00","og_image":[{"width":1280,"height":853,"url":"https:\/\/pagina10.com\/web\/wp-content\/uploads\/2021\/10\/WhatsApp-Image-2021-10-22-at-12.10.59-AM.jpeg","type":"image\/jpeg"}],"author":"P\u00e1gina 10","twitter_card":"summary_large_image","twitter_creator":"@Pag10com","twitter_site":"@Pag10com","twitter_misc":{"Escrito por":"P\u00e1gina 10","Tiempo de lectura":"2 minutos"},"schema":{"@context":"https:\/\/schema.org","@graph":[{"@type":"Article","@id":"https:\/\/pagina10.com\/web\/mujeres-emprendedoras-lideran-la-reactivacion-economica-en-pasto\/#article","isPartOf":{"@id":"https:\/\/pagina10.com\/web\/mujeres-emprendedoras-lideran-la-reactivacion-economica-en-pasto\/"},"author":{"name":"P\u00e1gina 10","@id":"https:\/\/pagina10.com\/web\/#\/schema\/person\/2efc4a090d25b667d3bc796798a3a81b"},"headline":"Mujeres emprendedoras lideran la reactivaci\u00f3n econ\u00f3mica en Pasto","datePublished":"2021-10-23T22:31:11+00:00","dateModified":"2021-10-23T22:31:51+00:00","mainEntityOfPage":{"@id":"https:\/\/pagina10.com\/web\/mujeres-emprendedoras-lideran-la-reactivacion-economica-en-pasto\/"},"wordCount":351,"commentCount":0,"publisher":{"@id":"https:\/\/pagina10.com\/web\/#organization"},"image":{"@id":"https:\/\/pagina10.com\/web\/mujeres-emprendedoras-lideran-la-reactivacion-economica-en-pasto\/#primaryimage"},"thumbnailUrl":"https:\/\/pagina10.com\/web\/wp-content\/uploads\/2021\/10\/WhatsApp-Image-2021-10-22-at-12.10.59-AM.jpeg","articleSection":["Econom\u00eda"],"inLanguage":"es","potentialAction":[{"@type":"CommentAction","name":"Comment","target":["https:\/\/pagina10.com\/web\/mujeres-emprendedoras-lideran-la-reactivacion-economica-en-pasto\/#respond"]}]},{"@type":"WebPage","@id":"https:\/\/pagina10.com\/web\/mujeres-emprendedoras-lideran-la-reactivacion-economica-en-pasto\/","url":"https:\/\/pagina10.com\/web\/mujeres-emprendedoras-lideran-la-reactivacion-economica-en-pasto\/","name":"Mujeres emprendedoras lideran la reactivaci\u00f3n econ\u00f3mica en Pasto | P\u00e1gina10","isPartOf":{"@id":"https:\/\/pagina10.com\/web\/#website"},"primaryImageOfPage":{"@id":"https:\/\/pagina10.com\/web\/mujeres-emprendedoras-lideran-la-reactivacion-economica-en-pasto\/#primaryimage"},"image":{"@id":"https:\/\/pagina10.com\/web\/mujeres-emprendedoras-lideran-la-reactivacion-economica-en-pasto\/#primaryimage"},"thumbnailUrl":"https:\/\/pagina10.com\/web\/wp-content\/uploads\/2021\/10\/WhatsApp-Image-2021-10-22-at-12.10.59-AM.jpeg","datePublished":"2021-10-23T22:31:11+00:00","dateModified":"2021-10-23T22:31:51+00:00","breadcrumb":{"@id":"https:\/\/pagina10.com\/web\/mujeres-emprendedoras-lideran-la-reactivacion-economica-en-pasto\/#breadcrumb"},"inLanguage":"es","potentialAction":[{"@type":"ReadAction","target":["https:\/\/pagina10.com\/web\/mujeres-emprendedoras-lideran-la-reactivacion-economica-en-pasto\/"]}]},{"@type":"ImageObject","inLanguage":"es","@id":"https:\/\/pagina10.com\/web\/mujeres-emprendedoras-lideran-la-reactivacion-economica-en-pasto\/#primaryimage","url":"https:\/\/pagina10.com\/web\/wp-content\/uploads\/2021\/10\/WhatsApp-Image-2021-10-22-at-12.10.59-AM.jpeg","contentUrl":"https:\/\/pagina10.com\/web\/wp-content\/uploads\/2021\/10\/WhatsApp-Image-2021-10-22-at-12.10.59-AM.jpeg","width":1280,"height":853},{"@type":"BreadcrumbList","@id":"https:\/\/pagina10.com\/web\/mujeres-emprendedoras-lideran-la-reactivacion-economica-en-pasto\/#breadcrumb","itemListElement":[{"@type":"ListItem","position":1,"name":"Portada","item":"https:\/\/pagina10.com\/web\/"},{"@type":"ListItem","position":2,"name":"Mujeres emprendedoras lideran la reactivaci\u00f3n econ\u00f3mica en Pasto"}]},{"@type":"WebSite","@id":"https:\/\/pagina10.com\/web\/#website","url":"https:\/\/pagina10.com\/web\/","name":"P\u00e1gina10","description":"Peri\u00f3dico Regional","publisher":{"@id":"https:\/\/pagina10.com\/web\/#organization"},"alternateName":"P\u00e1gina10 Peri\u00f3dico Regional","potentialAction":[{"@type":"SearchAction","target":{"@type":"EntryPoint","urlTemplate":"https:\/\/pagina10.com\/web\/?s={search_term_string}"},"query-input":{"@type":"PropertyValueSpecification","valueRequired":true,"valueName":"search_term_string"}}],"inLanguage":"es"},{"@type":"Organization","@id":"https:\/\/pagina10.com\/web\/#organization","name":"P\u00e1gina10","alternateName":"P\u00e1gina10 Peri\u00f3dico Regional","url":"https:\/\/pagina10.com\/web\/","logo":{"@type":"ImageObject","inLanguage":"es","@id":"https:\/\/pagina10.com\/web\/#\/schema\/logo\/image\/","url":"https:\/\/pagina10.com\/web\/wp-content\/uploads\/2024\/01\/40-pagina-10-periodico-regional-pasto.jpg","contentUrl":"https:\/\/pagina10.com\/web\/wp-content\/uploads\/2024\/01\/40-pagina-10-periodico-regional-pasto.jpg","width":1280,"height":720,"caption":"P\u00e1gina10"},"image":{"@id":"https:\/\/pagina10.com\/web\/#\/schema\/logo\/image\/"},"sameAs":["https:\/\/www.facebook.com\/pag10com","https:\/\/x.com\/Pag10com","https:\/\/www.instagram.com\/pagina10col\/","https:\/\/youtube.com\/channel\/pag10","https:\/\/www.tiktok.com\/@p10col"]},{"@type":"Person","@id":"https:\/\/pagina10.com\/web\/#\/schema\/person\/2efc4a090d25b667d3bc796798a3a81b","name":"P\u00e1gina 10","description":"P\u00e1gina 10 es un peri\u00f3dico regional que nace en Colombia, en el departamento de Nari\u00f1o, con un enfoque global, fundamentado en cuatro pilares esenciales: la libertad, el pluralismo, la inclusi\u00f3n y la independencia. P\u00e1gina 10 hace referencia a Nari\u00f1o como el d\u00e9cimo departamento creado en Colombia, despu\u00e9s de un proceso pol\u00edtico liderado por actores y actrices regionales con el fin de obtener la independencia y autonom\u00eda de nuestros territorios. Con la creaci\u00f3n de P\u00e1gina 10 se pretende abrir un escenario para el dialogo, la reflexi\u00f3n y el debate que se extienda a otras geograf\u00edas de Am\u00e9rica Latina y del planeta, en una apuesta por transformar colectivamente los desaf\u00edos de un mundo contempor\u00e1neo, m\u00e1s all\u00e1 de las fronteras impuestas.","url":"https:\/\/pagina10.com\/web\/author\/pdiezadmin\/"}]}},"_links":{"self":[{"href":"https:\/\/pagina10.com\/web\/wp-json\/wp\/v2\/posts\/56271","targetHints":{"allow":["GET"]}}],"collection":[{"href":"https:\/\/pagina10.com\/web\/wp-json\/wp\/v2\/posts"}],"about":[{"href":"https:\/\/pagina10.com\/web\/wp-json\/wp\/v2\/types\/post"}],"author":[{"embeddable":true,"href":"https:\/\/pagina10.com\/web\/wp-json\/wp\/v2\/users\/1"}],"replies":[{"embeddable":true,"href":"https:\/\/pagina10.com\/web\/wp-json\/wp\/v2\/comments?post=56271"}],"version-history":[{"count":2,"href":"https:\/\/pagina10.com\/web\/wp-json\/wp\/v2\/posts\/56271\/revisions"}],"predecessor-version":[{"id":56274,"href":"https:\/\/pagina10.com\/web\/wp-json\/wp\/v2\/posts\/56271\/revisions\/56274"}],"wp:featuredmedia":[{"embeddable":true,"href":"https:\/\/pagina10.com\/web\/wp-json\/wp\/v2\/media\/56272"}],"wp:attachment":[{"href":"https:\/\/pagina10.com\/web\/wp-json\/wp\/v2\/media?parent=56271"}],"wp:term":[{"taxonomy":"category","embeddable":true,"href":"https:\/\/pagina10.com\/web\/wp-json\/wp\/v2\/categories?post=56271"},{"taxonomy":"post_tag","embeddable":true,"href":"https:\/\/pagina10.com\/web\/wp-json\/wp\/v2\/tags?post=56271"}],"curies":[{"name":"wp","href":"https:\/\/api.w.org\/{rel}","templated":true}]}}