{"id":56289,"date":"2021-10-24T15:53:08","date_gmt":"2021-10-24T20:53:08","guid":{"rendered":"https:\/\/pagina10.com\/web\/?p=56289"},"modified":"2021-10-24T15:53:08","modified_gmt":"2021-10-24T20:53:08","slug":"el-parlamento-la-primera-academia-de-oratoria-en-el-sur-del-pais","status":"publish","type":"post","link":"https:\/\/pagina10.com\/web\/el-parlamento-la-primera-academia-de-oratoria-en-el-sur-del-pais\/","title":{"rendered":"&#8220;El Parlamento&#8221; la primera academia de oratoria en el Sur del pa\u00eds"},"content":{"rendered":"<div style=\"text-align: justify;\">\u201cEl Parlamento \u2013 Academia de Oratoria\u201d es una academia innovadora y pionera donde se trabaja con las debilidades del discurso, para que el educando se desenvuelva con propiedad ante las situaciones que requieran sustentaci\u00f3n de ideas, disertaciones o alocuciones. Orienta a los inscritos en la creaci\u00f3n y apropiaci\u00f3n del discurso con el fin de promover espacios de alocuci\u00f3n de temas socio pol\u00edticos, culturales, econ\u00f3micos o art\u00edsticos amenos y elocuentes. Creando l\u00edderes y lideresas para el ma\u00f1ana.&#8221; asegur\u00f3 su director,\u00a0Luis Miguel Palacios Cordoba.<br \/>\nAs\u00ed pues, en la metodolog\u00eda propuesta por la escuela \u00a0se desarrollan de manera paulatina habilidades que conlleven al buen manejo de los escenarios, implicando as\u00ed el desarrollo del autoconocimiento, la personalidad, la pasi\u00f3n, la conexi\u00f3n, la claridad, la sensibilidad y la imagen como factores integrales dentro de la oratoria como fuente fundamental en el desarrollo interpersonal y social del individuo.<\/div>\n<div style=\"text-align: justify;\"><\/div>\n<div style=\"text-align: justify;\">El Emprendimiento en menci\u00f3n est\u00e1 dirigido a toda la poblaci\u00f3n en general que quiera mejorar su proceso oratorio, vocal, de disertaci\u00f3n y presencia esc\u00e9nica, y art\u00edstica, adultos, ni\u00f1os, estudiantes, trabajadores, universitarios, profesionales en todas las \u00e1reas<\/div>\n<div style=\"text-align: justify;\"><\/div>\n<div style=\"text-align: justify;\">Esta empresa, tiene como fin desarrollar en los individuos una capacidad art\u00edstica, critica, pol\u00edtica, y anal\u00edtica a trav\u00e9s de la creaci\u00f3n y el uso de los discursos, la ret\u00f3rica y la oratoria entendiendo esta \u00a0\u00faltima como arte esc\u00e9nica desarrollando ciudadanos que construyan paz por medio de presentaciones novedosas con el uso de la palabra. \u00a0En este sentido, \u00a0&#8220;El Parlamento&#8221; Academia de Oratoria forma y crea oradores con buen desarrollo esc\u00e9nico, discursivo, cultural y acad\u00e9mico para que contribuyan al desarrollo del pa\u00eds por medio del arte.<\/div>\n<p>&nbsp;<\/p>\n<p style=\"text-align: justify;\">M\u00e1s informaci\u00f3n: \u00a0316-858-6671 &#8211; 317-299-6447<\/p>\n","protected":false},"excerpt":{"rendered":"<p>\u201cEl Parlamento \u2013 Academia de Oratoria\u201d es una academia innovadora y pionera donde se trabaja con las debilidades del discurso, para que el educando se desenvuelva con propiedad ante las situaciones que requieran sustentaci\u00f3n de ideas, disertaciones o alocuciones. Orienta a los inscritos en la creaci\u00f3n y apropiaci\u00f3n del discurso con el fin de promover [&hellip;]<\/p>\n","protected":false},"author":1,"featured_media":56290,"comment_status":"open","ping_status":"open","sticky":false,"template":"","format":"standard","meta":{"footnotes":""},"categories":[13],"tags":[],"class_list":["post-56289","post","type-post","status-publish","format-standard","has-post-thumbnail","hentry","category-economia"],"yoast_head":"<!-- This site is optimized with the Yoast SEO plugin v27.1.1 - https:\/\/yoast.com\/product\/yoast-seo-wordpress\/ -->\n<title>&quot;El Parlamento&quot; la primera academia de oratoria en el Sur del pa\u00eds | P\u00e1gina10<\/title>\n<meta name=\"robots\" content=\"index, follow, max-snippet:-1, max-image-preview:large, max-video-preview:-1\" \/>\n<link rel=\"canonical\" href=\"https:\/\/pagina10.com\/web\/el-parlamento-la-primera-academia-de-oratoria-en-el-sur-del-pais\/\" \/>\n<meta property=\"og:locale\" content=\"es_ES\" \/>\n<meta property=\"og:type\" content=\"article\" \/>\n<meta property=\"og:title\" content=\"&quot;El Parlamento&quot; la primera academia de oratoria en el Sur del pa\u00eds | P\u00e1gina10\" \/>\n<meta property=\"og:description\" content=\"\u201cEl Parlamento \u2013 Academia de Oratoria\u201d es una academia innovadora y pionera donde se trabaja con las debilidades del discurso, para que el educando se desenvuelva con propiedad ante las situaciones que requieran sustentaci\u00f3n de ideas, disertaciones o alocuciones. Orienta a los inscritos en la creaci\u00f3n y apropiaci\u00f3n del discurso con el fin de promover [&hellip;]\" \/>\n<meta property=\"og:url\" content=\"https:\/\/pagina10.com\/web\/el-parlamento-la-primera-academia-de-oratoria-en-el-sur-del-pais\/\" \/>\n<meta property=\"og:site_name\" content=\"P\u00e1gina10\" \/>\n<meta property=\"article:publisher\" content=\"https:\/\/www.facebook.com\/pag10com\" \/>\n<meta property=\"article:published_time\" content=\"2021-10-24T20:53:08+00:00\" \/>\n<meta property=\"og:image\" content=\"https:\/\/pagina10.com\/web\/wp-content\/uploads\/2021\/10\/DSC_0429-scaled.jpg\" \/>\n\t<meta property=\"og:image:width\" content=\"2560\" \/>\n\t<meta property=\"og:image:height\" content=\"1810\" \/>\n\t<meta property=\"og:image:type\" content=\"image\/jpeg\" \/>\n<meta name=\"author\" content=\"P\u00e1gina 10\" \/>\n<meta name=\"twitter:card\" content=\"summary_large_image\" \/>\n<meta name=\"twitter:creator\" content=\"@Pag10com\" \/>\n<meta name=\"twitter:site\" content=\"@Pag10com\" \/>\n<meta name=\"twitter:label1\" content=\"Escrito por\" \/>\n\t<meta name=\"twitter:data1\" content=\"P\u00e1gina 10\" \/>\n\t<meta name=\"twitter:label2\" content=\"Tiempo de lectura\" \/>\n\t<meta name=\"twitter:data2\" content=\"2 minutos\" \/>\n<script type=\"application\/ld+json\" class=\"yoast-schema-graph\">{\"@context\":\"https:\/\/schema.org\",\"@graph\":[{\"@type\":\"Article\",\"@id\":\"https:\/\/pagina10.com\/web\/el-parlamento-la-primera-academia-de-oratoria-en-el-sur-del-pais\/#article\",\"isPartOf\":{\"@id\":\"https:\/\/pagina10.com\/web\/el-parlamento-la-primera-academia-de-oratoria-en-el-sur-del-pais\/\"},\"author\":{\"name\":\"P\u00e1gina 10\",\"@id\":\"https:\/\/pagina10.com\/web\/#\/schema\/person\/2efc4a090d25b667d3bc796798a3a81b\"},\"headline\":\"&#8220;El Parlamento&#8221; la primera academia de oratoria en el Sur del pa\u00eds\",\"datePublished\":\"2021-10-24T20:53:08+00:00\",\"mainEntityOfPage\":{\"@id\":\"https:\/\/pagina10.com\/web\/el-parlamento-la-primera-academia-de-oratoria-en-el-sur-del-pais\/\"},\"wordCount\":314,\"commentCount\":0,\"publisher\":{\"@id\":\"https:\/\/pagina10.com\/web\/#organization\"},\"image\":{\"@id\":\"https:\/\/pagina10.com\/web\/el-parlamento-la-primera-academia-de-oratoria-en-el-sur-del-pais\/#primaryimage\"},\"thumbnailUrl\":\"https:\/\/pagina10.com\/web\/wp-content\/uploads\/2021\/10\/DSC_0429-scaled.jpg\",\"articleSection\":[\"Econom\u00eda\"],\"inLanguage\":\"es\",\"potentialAction\":[{\"@type\":\"CommentAction\",\"name\":\"Comment\",\"target\":[\"https:\/\/pagina10.com\/web\/el-parlamento-la-primera-academia-de-oratoria-en-el-sur-del-pais\/#respond\"]}]},{\"@type\":\"WebPage\",\"@id\":\"https:\/\/pagina10.com\/web\/el-parlamento-la-primera-academia-de-oratoria-en-el-sur-del-pais\/\",\"url\":\"https:\/\/pagina10.com\/web\/el-parlamento-la-primera-academia-de-oratoria-en-el-sur-del-pais\/\",\"name\":\"\\\"El Parlamento\\\" la primera academia de oratoria en el Sur del pa\u00eds | P\u00e1gina10\",\"isPartOf\":{\"@id\":\"https:\/\/pagina10.com\/web\/#website\"},\"primaryImageOfPage\":{\"@id\":\"https:\/\/pagina10.com\/web\/el-parlamento-la-primera-academia-de-oratoria-en-el-sur-del-pais\/#primaryimage\"},\"image\":{\"@id\":\"https:\/\/pagina10.com\/web\/el-parlamento-la-primera-academia-de-oratoria-en-el-sur-del-pais\/#primaryimage\"},\"thumbnailUrl\":\"https:\/\/pagina10.com\/web\/wp-content\/uploads\/2021\/10\/DSC_0429-scaled.jpg\",\"datePublished\":\"2021-10-24T20:53:08+00:00\",\"breadcrumb\":{\"@id\":\"https:\/\/pagina10.com\/web\/el-parlamento-la-primera-academia-de-oratoria-en-el-sur-del-pais\/#breadcrumb\"},\"inLanguage\":\"es\",\"potentialAction\":[{\"@type\":\"ReadAction\",\"target\":[\"https:\/\/pagina10.com\/web\/el-parlamento-la-primera-academia-de-oratoria-en-el-sur-del-pais\/\"]}]},{\"@type\":\"ImageObject\",\"inLanguage\":\"es\",\"@id\":\"https:\/\/pagina10.com\/web\/el-parlamento-la-primera-academia-de-oratoria-en-el-sur-del-pais\/#primaryimage\",\"url\":\"https:\/\/pagina10.com\/web\/wp-content\/uploads\/2021\/10\/DSC_0429-scaled.jpg\",\"contentUrl\":\"https:\/\/pagina10.com\/web\/wp-content\/uploads\/2021\/10\/DSC_0429-scaled.jpg\",\"width\":2560,\"height\":1810},{\"@type\":\"BreadcrumbList\",\"@id\":\"https:\/\/pagina10.com\/web\/el-parlamento-la-primera-academia-de-oratoria-en-el-sur-del-pais\/#breadcrumb\",\"itemListElement\":[{\"@type\":\"ListItem\",\"position\":1,\"name\":\"Portada\",\"item\":\"https:\/\/pagina10.com\/web\/\"},{\"@type\":\"ListItem\",\"position\":2,\"name\":\"&#8220;El Parlamento&#8221; la primera academia de oratoria en el Sur del pa\u00eds\"}]},{\"@type\":\"WebSite\",\"@id\":\"https:\/\/pagina10.com\/web\/#website\",\"url\":\"https:\/\/pagina10.com\/web\/\",\"name\":\"P\u00e1gina10\",\"description\":\"Peri\u00f3dico Regional\",\"publisher\":{\"@id\":\"https:\/\/pagina10.com\/web\/#organization\"},\"alternateName\":\"P\u00e1gina10 Peri\u00f3dico Regional\",\"potentialAction\":[{\"@type\":\"SearchAction\",\"target\":{\"@type\":\"EntryPoint\",\"urlTemplate\":\"https:\/\/pagina10.com\/web\/?s={search_term_string}\"},\"query-input\":{\"@type\":\"PropertyValueSpecification\",\"valueRequired\":true,\"valueName\":\"search_term_string\"}}],\"inLanguage\":\"es\"},{\"@type\":\"Organization\",\"@id\":\"https:\/\/pagina10.com\/web\/#organization\",\"name\":\"P\u00e1gina10\",\"alternateName\":\"P\u00e1gina10 Peri\u00f3dico Regional\",\"url\":\"https:\/\/pagina10.com\/web\/\",\"logo\":{\"@type\":\"ImageObject\",\"inLanguage\":\"es\",\"@id\":\"https:\/\/pagina10.com\/web\/#\/schema\/logo\/image\/\",\"url\":\"https:\/\/pagina10.com\/web\/wp-content\/uploads\/2024\/01\/40-pagina-10-periodico-regional-pasto.jpg\",\"contentUrl\":\"https:\/\/pagina10.com\/web\/wp-content\/uploads\/2024\/01\/40-pagina-10-periodico-regional-pasto.jpg\",\"width\":1280,\"height\":720,\"caption\":\"P\u00e1gina10\"},\"image\":{\"@id\":\"https:\/\/pagina10.com\/web\/#\/schema\/logo\/image\/\"},\"sameAs\":[\"https:\/\/www.facebook.com\/pag10com\",\"https:\/\/x.com\/Pag10com\",\"https:\/\/www.instagram.com\/pagina10col\/\",\"https:\/\/youtube.com\/channel\/pag10\",\"https:\/\/www.tiktok.com\/@p10col\"]},{\"@type\":\"Person\",\"@id\":\"https:\/\/pagina10.com\/web\/#\/schema\/person\/2efc4a090d25b667d3bc796798a3a81b\",\"name\":\"P\u00e1gina 10\",\"description\":\"P\u00e1gina 10 es un peri\u00f3dico regional que nace en Colombia, en el departamento de Nari\u00f1o, con un enfoque global, fundamentado en cuatro pilares esenciales: la libertad, el pluralismo, la inclusi\u00f3n y la independencia. P\u00e1gina 10 hace referencia a Nari\u00f1o como el d\u00e9cimo departamento creado en Colombia, despu\u00e9s de un proceso pol\u00edtico liderado por actores y actrices regionales con el fin de obtener la independencia y autonom\u00eda de nuestros territorios. Con la creaci\u00f3n de P\u00e1gina 10 se pretende abrir un escenario para el dialogo, la reflexi\u00f3n y el debate que se extienda a otras geograf\u00edas de Am\u00e9rica Latina y del planeta, en una apuesta por transformar colectivamente los desaf\u00edos de un mundo contempor\u00e1neo, m\u00e1s all\u00e1 de las fronteras impuestas.\",\"url\":\"https:\/\/pagina10.com\/web\/author\/pdiezadmin\/\"}]}<\/script>\n<!-- \/ Yoast SEO plugin. -->","yoast_head_json":{"title":"\"El Parlamento\" la primera academia de oratoria en el Sur del pa\u00eds | P\u00e1gina10","robots":{"index":"index","follow":"follow","max-snippet":"max-snippet:-1","max-image-preview":"max-image-preview:large","max-video-preview":"max-video-preview:-1"},"canonical":"https:\/\/pagina10.com\/web\/el-parlamento-la-primera-academia-de-oratoria-en-el-sur-del-pais\/","og_locale":"es_ES","og_type":"article","og_title":"\"El Parlamento\" la primera academia de oratoria en el Sur del pa\u00eds | P\u00e1gina10","og_description":"\u201cEl Parlamento \u2013 Academia de Oratoria\u201d es una academia innovadora y pionera donde se trabaja con las debilidades del discurso, para que el educando se desenvuelva con propiedad ante las situaciones que requieran sustentaci\u00f3n de ideas, disertaciones o alocuciones. Orienta a los inscritos en la creaci\u00f3n y apropiaci\u00f3n del discurso con el fin de promover [&hellip;]","og_url":"https:\/\/pagina10.com\/web\/el-parlamento-la-primera-academia-de-oratoria-en-el-sur-del-pais\/","og_site_name":"P\u00e1gina10","article_publisher":"https:\/\/www.facebook.com\/pag10com","article_published_time":"2021-10-24T20:53:08+00:00","og_image":[{"width":2560,"height":1810,"url":"https:\/\/pagina10.com\/web\/wp-content\/uploads\/2021\/10\/DSC_0429-scaled.jpg","type":"image\/jpeg"}],"author":"P\u00e1gina 10","twitter_card":"summary_large_image","twitter_creator":"@Pag10com","twitter_site":"@Pag10com","twitter_misc":{"Escrito por":"P\u00e1gina 10","Tiempo de lectura":"2 minutos"},"schema":{"@context":"https:\/\/schema.org","@graph":[{"@type":"Article","@id":"https:\/\/pagina10.com\/web\/el-parlamento-la-primera-academia-de-oratoria-en-el-sur-del-pais\/#article","isPartOf":{"@id":"https:\/\/pagina10.com\/web\/el-parlamento-la-primera-academia-de-oratoria-en-el-sur-del-pais\/"},"author":{"name":"P\u00e1gina 10","@id":"https:\/\/pagina10.com\/web\/#\/schema\/person\/2efc4a090d25b667d3bc796798a3a81b"},"headline":"&#8220;El Parlamento&#8221; la primera academia de oratoria en el Sur del pa\u00eds","datePublished":"2021-10-24T20:53:08+00:00","mainEntityOfPage":{"@id":"https:\/\/pagina10.com\/web\/el-parlamento-la-primera-academia-de-oratoria-en-el-sur-del-pais\/"},"wordCount":314,"commentCount":0,"publisher":{"@id":"https:\/\/pagina10.com\/web\/#organization"},"image":{"@id":"https:\/\/pagina10.com\/web\/el-parlamento-la-primera-academia-de-oratoria-en-el-sur-del-pais\/#primaryimage"},"thumbnailUrl":"https:\/\/pagina10.com\/web\/wp-content\/uploads\/2021\/10\/DSC_0429-scaled.jpg","articleSection":["Econom\u00eda"],"inLanguage":"es","potentialAction":[{"@type":"CommentAction","name":"Comment","target":["https:\/\/pagina10.com\/web\/el-parlamento-la-primera-academia-de-oratoria-en-el-sur-del-pais\/#respond"]}]},{"@type":"WebPage","@id":"https:\/\/pagina10.com\/web\/el-parlamento-la-primera-academia-de-oratoria-en-el-sur-del-pais\/","url":"https:\/\/pagina10.com\/web\/el-parlamento-la-primera-academia-de-oratoria-en-el-sur-del-pais\/","name":"\"El Parlamento\" la primera academia de oratoria en el Sur del pa\u00eds | P\u00e1gina10","isPartOf":{"@id":"https:\/\/pagina10.com\/web\/#website"},"primaryImageOfPage":{"@id":"https:\/\/pagina10.com\/web\/el-parlamento-la-primera-academia-de-oratoria-en-el-sur-del-pais\/#primaryimage"},"image":{"@id":"https:\/\/pagina10.com\/web\/el-parlamento-la-primera-academia-de-oratoria-en-el-sur-del-pais\/#primaryimage"},"thumbnailUrl":"https:\/\/pagina10.com\/web\/wp-content\/uploads\/2021\/10\/DSC_0429-scaled.jpg","datePublished":"2021-10-24T20:53:08+00:00","breadcrumb":{"@id":"https:\/\/pagina10.com\/web\/el-parlamento-la-primera-academia-de-oratoria-en-el-sur-del-pais\/#breadcrumb"},"inLanguage":"es","potentialAction":[{"@type":"ReadAction","target":["https:\/\/pagina10.com\/web\/el-parlamento-la-primera-academia-de-oratoria-en-el-sur-del-pais\/"]}]},{"@type":"ImageObject","inLanguage":"es","@id":"https:\/\/pagina10.com\/web\/el-parlamento-la-primera-academia-de-oratoria-en-el-sur-del-pais\/#primaryimage","url":"https:\/\/pagina10.com\/web\/wp-content\/uploads\/2021\/10\/DSC_0429-scaled.jpg","contentUrl":"https:\/\/pagina10.com\/web\/wp-content\/uploads\/2021\/10\/DSC_0429-scaled.jpg","width":2560,"height":1810},{"@type":"BreadcrumbList","@id":"https:\/\/pagina10.com\/web\/el-parlamento-la-primera-academia-de-oratoria-en-el-sur-del-pais\/#breadcrumb","itemListElement":[{"@type":"ListItem","position":1,"name":"Portada","item":"https:\/\/pagina10.com\/web\/"},{"@type":"ListItem","position":2,"name":"&#8220;El Parlamento&#8221; la primera academia de oratoria en el Sur del pa\u00eds"}]},{"@type":"WebSite","@id":"https:\/\/pagina10.com\/web\/#website","url":"https:\/\/pagina10.com\/web\/","name":"P\u00e1gina10","description":"Peri\u00f3dico Regional","publisher":{"@id":"https:\/\/pagina10.com\/web\/#organization"},"alternateName":"P\u00e1gina10 Peri\u00f3dico Regional","potentialAction":[{"@type":"SearchAction","target":{"@type":"EntryPoint","urlTemplate":"https:\/\/pagina10.com\/web\/?s={search_term_string}"},"query-input":{"@type":"PropertyValueSpecification","valueRequired":true,"valueName":"search_term_string"}}],"inLanguage":"es"},{"@type":"Organization","@id":"https:\/\/pagina10.com\/web\/#organization","name":"P\u00e1gina10","alternateName":"P\u00e1gina10 Peri\u00f3dico Regional","url":"https:\/\/pagina10.com\/web\/","logo":{"@type":"ImageObject","inLanguage":"es","@id":"https:\/\/pagina10.com\/web\/#\/schema\/logo\/image\/","url":"https:\/\/pagina10.com\/web\/wp-content\/uploads\/2024\/01\/40-pagina-10-periodico-regional-pasto.jpg","contentUrl":"https:\/\/pagina10.com\/web\/wp-content\/uploads\/2024\/01\/40-pagina-10-periodico-regional-pasto.jpg","width":1280,"height":720,"caption":"P\u00e1gina10"},"image":{"@id":"https:\/\/pagina10.com\/web\/#\/schema\/logo\/image\/"},"sameAs":["https:\/\/www.facebook.com\/pag10com","https:\/\/x.com\/Pag10com","https:\/\/www.instagram.com\/pagina10col\/","https:\/\/youtube.com\/channel\/pag10","https:\/\/www.tiktok.com\/@p10col"]},{"@type":"Person","@id":"https:\/\/pagina10.com\/web\/#\/schema\/person\/2efc4a090d25b667d3bc796798a3a81b","name":"P\u00e1gina 10","description":"P\u00e1gina 10 es un peri\u00f3dico regional que nace en Colombia, en el departamento de Nari\u00f1o, con un enfoque global, fundamentado en cuatro pilares esenciales: la libertad, el pluralismo, la inclusi\u00f3n y la independencia. P\u00e1gina 10 hace referencia a Nari\u00f1o como el d\u00e9cimo departamento creado en Colombia, despu\u00e9s de un proceso pol\u00edtico liderado por actores y actrices regionales con el fin de obtener la independencia y autonom\u00eda de nuestros territorios. Con la creaci\u00f3n de P\u00e1gina 10 se pretende abrir un escenario para el dialogo, la reflexi\u00f3n y el debate que se extienda a otras geograf\u00edas de Am\u00e9rica Latina y del planeta, en una apuesta por transformar colectivamente los desaf\u00edos de un mundo contempor\u00e1neo, m\u00e1s all\u00e1 de las fronteras impuestas.","url":"https:\/\/pagina10.com\/web\/author\/pdiezadmin\/"}]}},"_links":{"self":[{"href":"https:\/\/pagina10.com\/web\/wp-json\/wp\/v2\/posts\/56289","targetHints":{"allow":["GET"]}}],"collection":[{"href":"https:\/\/pagina10.com\/web\/wp-json\/wp\/v2\/posts"}],"about":[{"href":"https:\/\/pagina10.com\/web\/wp-json\/wp\/v2\/types\/post"}],"author":[{"embeddable":true,"href":"https:\/\/pagina10.com\/web\/wp-json\/wp\/v2\/users\/1"}],"replies":[{"embeddable":true,"href":"https:\/\/pagina10.com\/web\/wp-json\/wp\/v2\/comments?post=56289"}],"version-history":[{"count":1,"href":"https:\/\/pagina10.com\/web\/wp-json\/wp\/v2\/posts\/56289\/revisions"}],"predecessor-version":[{"id":56291,"href":"https:\/\/pagina10.com\/web\/wp-json\/wp\/v2\/posts\/56289\/revisions\/56291"}],"wp:featuredmedia":[{"embeddable":true,"href":"https:\/\/pagina10.com\/web\/wp-json\/wp\/v2\/media\/56290"}],"wp:attachment":[{"href":"https:\/\/pagina10.com\/web\/wp-json\/wp\/v2\/media?parent=56289"}],"wp:term":[{"taxonomy":"category","embeddable":true,"href":"https:\/\/pagina10.com\/web\/wp-json\/wp\/v2\/categories?post=56289"},{"taxonomy":"post_tag","embeddable":true,"href":"https:\/\/pagina10.com\/web\/wp-json\/wp\/v2\/tags?post=56289"}],"curies":[{"name":"wp","href":"https:\/\/api.w.org\/{rel}","templated":true}]}}