{"id":56292,"date":"2021-10-24T16:01:45","date_gmt":"2021-10-24T21:01:45","guid":{"rendered":"https:\/\/pagina10.com\/web\/?p=56292"},"modified":"2021-10-24T16:02:15","modified_gmt":"2021-10-24T21:02:15","slug":"el-libro-la-justicia-al-servicio-de-la-politica-es-una-confesion-del-alma-ricaurte-losada-valderrama","status":"publish","type":"post","link":"https:\/\/pagina10.com\/web\/el-libro-la-justicia-al-servicio-de-la-politica-es-una-confesion-del-alma-ricaurte-losada-valderrama\/","title":{"rendered":"El libro: la justicia al servicio de la pol\u00edtica, es una confesi\u00f3n del alma: Ricaurte Losada Valderrama"},"content":{"rendered":"<div id=\"m_-1941405878669385680ydpb92ed9b4yiv4185896826ydp6469eeaayiv2350783434yqt90250\">\n<div>\n<div id=\"m_-1941405878669385680ydpb92ed9b4yiv4185896826ydp6469eeaayiv2350783434ydpf05e9ef0yiv4619561515ydpdd68c485yiv8806550305yqtfd01956\">\n<p style=\"text-align: justify;\">El ex senador y constitucionalista Ricaurte Losada Valderrama escribi\u00f3 el libro \u201cLa Justicia al servicio de la pol\u00edtica\u201d donde narra algunos aspectos de su vida y relata el viacrucis que debi\u00f3 sufrir para defenderse de cargos y acusaciones sin fundamento.<\/p>\n<p style=\"text-align: justify;\">En 304 p\u00e1ginas recuerda c\u00f3mo a ra\u00edz de su ascenso pol\u00edtico en Colombia, se urdi\u00f3 todo un montaje de la Procuradur\u00eda General, al que le sigui\u00f3 otro de la Contralor\u00eda Distrital, organismos que hicieron parte del andamiaje con el cual le usurparon el apoyo popular para sacarlo del Senado e\u00a0inhabilitarlo a perpetuidad.<\/p>\n<p style=\"text-align: justify;\">Los procesos al exsenador Losada Valderrama dejan en la agenda p\u00fablica del pa\u00eds \u00a0las arbitrariedades que suelen darse en la justicia colombiana, alrededor de supuestos delitos e irregularidades de los que se le acus\u00f3 y que se basaban en pruebas nimias, pretendiendo penalizar conductas no contempladas en la Ley, en nada se parecen a tantos casos aberrantes de corrupci\u00f3n en las altas esferas del Estado que lo\u00a0deslegitiman, desangran sus arcas, terminan en la impunidad y causan profunda irritaci\u00f3n a la sociedad.<\/p>\n<p style=\"text-align: justify;\">El constitucionalista y profesor universitario \u00a0hace referencia a los casi tres lustros de vida que perdi\u00f3 defendi\u00e9ndose, sin que fueran tenidas en cuenta las razones jur\u00eddicas y las pruebas fehacientes que present\u00f3. Su drama no se qued\u00f3 solo en la p\u00e9rdida de la investidura y en la muerte pol\u00edtica, sino en la estigmatizaci\u00f3n de que fue v\u00edctima, alimentada con dosis de amarillismo por algunos medios de comunicaci\u00f3n, que\u00a0hicieron del suyo un gran esc\u00e1ndalo y lo presentaron como un acto de corrupci\u00f3n.<\/p>\n<\/div>\n<div style=\"text-align: justify;\">El autor expresa que, sin guardar rencor, el libro \u201cLa Justicia al servicio de la pol\u00edtica\u201d\u00a0 es una confesi\u00f3n del alma. \u201cHe liberado mi esp\u00edritu. A\u00f1oro volver a vivir realmente; No pierdo la esperanza porque habr\u00e1 de llegar mi reivindicaci\u00f3n, pues la verdad no triunf\u00f3 en los tribunales, pero es posible que con este libro encuentre espacio entre los lectores, entre ellos los millares de compatriotas que nunca pusieron en duda mi rectitud y que no entendieron el motivo de muestra exclusi\u00f3n de la vida p\u00fablica&#8221;<\/div>\n<\/div>\n<\/div>\n<div dir=\"ltr\" style=\"text-align: justify;\">Mayor Informaci\u00f3n<\/div>\n<div dir=\"ltr\">\n<div>\n<div style=\"text-align: justify;\"><\/div>\n<div>\n<div dir=\"ltr\" style=\"text-align: justify;\"><a href=\"mailto:ricaurtelosada@hotmail.com\" target=\"_blank\" rel=\"noopener\">ricaurtelosada@hotmail.com<\/a><\/div>\n<div style=\"text-align: justify;\"><\/div>\n<div dir=\"ltr\" style=\"text-align: justify;\">celular 3158586990<\/div>\n<\/div>\n<\/div>\n<\/div>\n","protected":false},"excerpt":{"rendered":"<p>El ex senador y constitucionalista Ricaurte Losada Valderrama escribi\u00f3 el libro \u201cLa Justicia al servicio de la pol\u00edtica\u201d donde narra algunos aspectos de su vida y relata el viacrucis que debi\u00f3 sufrir para defenderse de cargos y acusaciones sin fundamento. En 304 p\u00e1ginas recuerda c\u00f3mo a ra\u00edz de su ascenso pol\u00edtico en Colombia, se urdi\u00f3 [&hellip;]<\/p>\n","protected":false},"author":38,"featured_media":56293,"comment_status":"open","ping_status":"open","sticky":false,"template":"","format":"standard","meta":{"footnotes":""},"categories":[94],"tags":[],"class_list":["post-56292","post","type-post","status-publish","format-standard","has-post-thumbnail","hentry","category-nacional-global-2"],"yoast_head":"<!-- This site is optimized with the Yoast SEO plugin v27.1.1 - https:\/\/yoast.com\/product\/yoast-seo-wordpress\/ -->\n<title>El libro: la justicia al servicio de la pol\u00edtica, es una confesi\u00f3n del alma: Ricaurte Losada Valderrama | P\u00e1gina10<\/title>\n<meta name=\"robots\" content=\"index, follow, max-snippet:-1, max-image-preview:large, max-video-preview:-1\" \/>\n<link rel=\"canonical\" href=\"https:\/\/pagina10.com\/web\/el-libro-la-justicia-al-servicio-de-la-politica-es-una-confesion-del-alma-ricaurte-losada-valderrama\/\" \/>\n<meta property=\"og:locale\" content=\"es_ES\" \/>\n<meta property=\"og:type\" content=\"article\" \/>\n<meta property=\"og:title\" content=\"El libro: la justicia al servicio de la pol\u00edtica, es una confesi\u00f3n del alma: Ricaurte Losada Valderrama | P\u00e1gina10\" \/>\n<meta property=\"og:description\" content=\"El ex senador y constitucionalista Ricaurte Losada Valderrama escribi\u00f3 el libro \u201cLa Justicia al servicio de la pol\u00edtica\u201d donde narra algunos aspectos de su vida y relata el viacrucis que debi\u00f3 sufrir para defenderse de cargos y acusaciones sin fundamento. En 304 p\u00e1ginas recuerda c\u00f3mo a ra\u00edz de su ascenso pol\u00edtico en Colombia, se urdi\u00f3 [&hellip;]\" \/>\n<meta property=\"og:url\" content=\"https:\/\/pagina10.com\/web\/el-libro-la-justicia-al-servicio-de-la-politica-es-una-confesion-del-alma-ricaurte-losada-valderrama\/\" \/>\n<meta property=\"og:site_name\" content=\"P\u00e1gina10\" \/>\n<meta property=\"article:publisher\" content=\"https:\/\/www.facebook.com\/pag10com\" \/>\n<meta property=\"article:published_time\" content=\"2021-10-24T21:01:45+00:00\" \/>\n<meta property=\"article:modified_time\" content=\"2021-10-24T21:02:15+00:00\" \/>\n<meta property=\"og:image\" content=\"https:\/\/pagina10.com\/web\/wp-content\/uploads\/2021\/10\/Captura-de-Pantalla-2021-10-24-a-las-4.01.01-p.-m..png\" \/>\n\t<meta property=\"og:image:width\" content=\"465\" \/>\n\t<meta property=\"og:image:height\" content=\"362\" \/>\n\t<meta property=\"og:image:type\" content=\"image\/png\" \/>\n<meta name=\"author\" content=\"Carlos Villota Santacruz.\" \/>\n<meta name=\"twitter:card\" content=\"summary_large_image\" \/>\n<meta name=\"twitter:creator\" content=\"@Pag10com\" \/>\n<meta name=\"twitter:site\" content=\"@Pag10com\" \/>\n<meta name=\"twitter:label1\" content=\"Escrito por\" \/>\n\t<meta name=\"twitter:data1\" content=\"Carlos Villota Santacruz.\" \/>\n\t<meta name=\"twitter:label2\" content=\"Tiempo de lectura\" \/>\n\t<meta name=\"twitter:data2\" content=\"2 minutos\" \/>\n<script type=\"application\/ld+json\" class=\"yoast-schema-graph\">{\"@context\":\"https:\/\/schema.org\",\"@graph\":[{\"@type\":\"Article\",\"@id\":\"https:\/\/pagina10.com\/web\/el-libro-la-justicia-al-servicio-de-la-politica-es-una-confesion-del-alma-ricaurte-losada-valderrama\/#article\",\"isPartOf\":{\"@id\":\"https:\/\/pagina10.com\/web\/el-libro-la-justicia-al-servicio-de-la-politica-es-una-confesion-del-alma-ricaurte-losada-valderrama\/\"},\"author\":{\"name\":\"Carlos Villota Santacruz.\",\"@id\":\"https:\/\/pagina10.com\/web\/#\/schema\/person\/b459e2d15ec5ba9d5a2c9a81c71c4f7b\"},\"headline\":\"El libro: la justicia al servicio de la pol\u00edtica, es una confesi\u00f3n del alma: Ricaurte Losada Valderrama\",\"datePublished\":\"2021-10-24T21:01:45+00:00\",\"dateModified\":\"2021-10-24T21:02:15+00:00\",\"mainEntityOfPage\":{\"@id\":\"https:\/\/pagina10.com\/web\/el-libro-la-justicia-al-servicio-de-la-politica-es-una-confesion-del-alma-ricaurte-losada-valderrama\/\"},\"wordCount\":395,\"commentCount\":0,\"publisher\":{\"@id\":\"https:\/\/pagina10.com\/web\/#organization\"},\"image\":{\"@id\":\"https:\/\/pagina10.com\/web\/el-libro-la-justicia-al-servicio-de-la-politica-es-una-confesion-del-alma-ricaurte-losada-valderrama\/#primaryimage\"},\"thumbnailUrl\":\"https:\/\/pagina10.com\/web\/wp-content\/uploads\/2021\/10\/Captura-de-Pantalla-2021-10-24-a-las-4.01.01-p.-m..png\",\"articleSection\":[\"Nacional\"],\"inLanguage\":\"es\",\"potentialAction\":[{\"@type\":\"CommentAction\",\"name\":\"Comment\",\"target\":[\"https:\/\/pagina10.com\/web\/el-libro-la-justicia-al-servicio-de-la-politica-es-una-confesion-del-alma-ricaurte-losada-valderrama\/#respond\"]}]},{\"@type\":\"WebPage\",\"@id\":\"https:\/\/pagina10.com\/web\/el-libro-la-justicia-al-servicio-de-la-politica-es-una-confesion-del-alma-ricaurte-losada-valderrama\/\",\"url\":\"https:\/\/pagina10.com\/web\/el-libro-la-justicia-al-servicio-de-la-politica-es-una-confesion-del-alma-ricaurte-losada-valderrama\/\",\"name\":\"El libro: la justicia al servicio de la pol\u00edtica, es una confesi\u00f3n del alma: Ricaurte Losada Valderrama | P\u00e1gina10\",\"isPartOf\":{\"@id\":\"https:\/\/pagina10.com\/web\/#website\"},\"primaryImageOfPage\":{\"@id\":\"https:\/\/pagina10.com\/web\/el-libro-la-justicia-al-servicio-de-la-politica-es-una-confesion-del-alma-ricaurte-losada-valderrama\/#primaryimage\"},\"image\":{\"@id\":\"https:\/\/pagina10.com\/web\/el-libro-la-justicia-al-servicio-de-la-politica-es-una-confesion-del-alma-ricaurte-losada-valderrama\/#primaryimage\"},\"thumbnailUrl\":\"https:\/\/pagina10.com\/web\/wp-content\/uploads\/2021\/10\/Captura-de-Pantalla-2021-10-24-a-las-4.01.01-p.-m..png\",\"datePublished\":\"2021-10-24T21:01:45+00:00\",\"dateModified\":\"2021-10-24T21:02:15+00:00\",\"breadcrumb\":{\"@id\":\"https:\/\/pagina10.com\/web\/el-libro-la-justicia-al-servicio-de-la-politica-es-una-confesion-del-alma-ricaurte-losada-valderrama\/#breadcrumb\"},\"inLanguage\":\"es\",\"potentialAction\":[{\"@type\":\"ReadAction\",\"target\":[\"https:\/\/pagina10.com\/web\/el-libro-la-justicia-al-servicio-de-la-politica-es-una-confesion-del-alma-ricaurte-losada-valderrama\/\"]}]},{\"@type\":\"ImageObject\",\"inLanguage\":\"es\",\"@id\":\"https:\/\/pagina10.com\/web\/el-libro-la-justicia-al-servicio-de-la-politica-es-una-confesion-del-alma-ricaurte-losada-valderrama\/#primaryimage\",\"url\":\"https:\/\/pagina10.com\/web\/wp-content\/uploads\/2021\/10\/Captura-de-Pantalla-2021-10-24-a-las-4.01.01-p.-m..png\",\"contentUrl\":\"https:\/\/pagina10.com\/web\/wp-content\/uploads\/2021\/10\/Captura-de-Pantalla-2021-10-24-a-las-4.01.01-p.-m..png\",\"width\":465,\"height\":362},{\"@type\":\"BreadcrumbList\",\"@id\":\"https:\/\/pagina10.com\/web\/el-libro-la-justicia-al-servicio-de-la-politica-es-una-confesion-del-alma-ricaurte-losada-valderrama\/#breadcrumb\",\"itemListElement\":[{\"@type\":\"ListItem\",\"position\":1,\"name\":\"Portada\",\"item\":\"https:\/\/pagina10.com\/web\/\"},{\"@type\":\"ListItem\",\"position\":2,\"name\":\"El libro: la justicia al servicio de la pol\u00edtica, es una confesi\u00f3n del alma: Ricaurte Losada Valderrama\"}]},{\"@type\":\"WebSite\",\"@id\":\"https:\/\/pagina10.com\/web\/#website\",\"url\":\"https:\/\/pagina10.com\/web\/\",\"name\":\"P\u00e1gina10\",\"description\":\"Peri\u00f3dico Regional\",\"publisher\":{\"@id\":\"https:\/\/pagina10.com\/web\/#organization\"},\"alternateName\":\"P\u00e1gina10 Peri\u00f3dico Regional\",\"potentialAction\":[{\"@type\":\"SearchAction\",\"target\":{\"@type\":\"EntryPoint\",\"urlTemplate\":\"https:\/\/pagina10.com\/web\/?s={search_term_string}\"},\"query-input\":{\"@type\":\"PropertyValueSpecification\",\"valueRequired\":true,\"valueName\":\"search_term_string\"}}],\"inLanguage\":\"es\"},{\"@type\":\"Organization\",\"@id\":\"https:\/\/pagina10.com\/web\/#organization\",\"name\":\"P\u00e1gina10\",\"alternateName\":\"P\u00e1gina10 Peri\u00f3dico Regional\",\"url\":\"https:\/\/pagina10.com\/web\/\",\"logo\":{\"@type\":\"ImageObject\",\"inLanguage\":\"es\",\"@id\":\"https:\/\/pagina10.com\/web\/#\/schema\/logo\/image\/\",\"url\":\"https:\/\/pagina10.com\/web\/wp-content\/uploads\/2024\/01\/40-pagina-10-periodico-regional-pasto.jpg\",\"contentUrl\":\"https:\/\/pagina10.com\/web\/wp-content\/uploads\/2024\/01\/40-pagina-10-periodico-regional-pasto.jpg\",\"width\":1280,\"height\":720,\"caption\":\"P\u00e1gina10\"},\"image\":{\"@id\":\"https:\/\/pagina10.com\/web\/#\/schema\/logo\/image\/\"},\"sameAs\":[\"https:\/\/www.facebook.com\/pag10com\",\"https:\/\/x.com\/Pag10com\",\"https:\/\/www.instagram.com\/pagina10col\/\",\"https:\/\/youtube.com\/channel\/pag10\",\"https:\/\/www.tiktok.com\/@p10col\"]},{\"@type\":\"Person\",\"@id\":\"https:\/\/pagina10.com\/web\/#\/schema\/person\/b459e2d15ec5ba9d5a2c9a81c71c4f7b\",\"name\":\"Carlos Villota Santacruz.\",\"description\":\"Internacionalista-Comunicador Social y Periodista. Experto en Comunicaci\u00f3n para el desarrollo y ciudad-regi\u00f3n.. Promotor de proyectos e investigaci\u00f3n comunicativa en radio, prensa y televisi\u00f3n. Experiencia en el manejo de imagen externa, interna y protocolaria de entidades p\u00fablicas y privadas, encuentros culturales, empresariales y ambientales. Docente en el \u00e1rea de televisi\u00f3n, relaciones internacionales y bloques econ\u00f3micos. Experto y conferencista en temas de marketing pol\u00edtico, marketing de ciudad, integraci\u00f3n cultural, TLC y desarrollo urban\u00edstico. E-mail: villotasantacruzcarlos@yahoo.com.co\",\"url\":\"https:\/\/pagina10.com\/web\/author\/cvillota\/\"}]}<\/script>\n<!-- \/ Yoast SEO plugin. -->","yoast_head_json":{"title":"El libro: la justicia al servicio de la pol\u00edtica, es una confesi\u00f3n del alma: Ricaurte Losada Valderrama | P\u00e1gina10","robots":{"index":"index","follow":"follow","max-snippet":"max-snippet:-1","max-image-preview":"max-image-preview:large","max-video-preview":"max-video-preview:-1"},"canonical":"https:\/\/pagina10.com\/web\/el-libro-la-justicia-al-servicio-de-la-politica-es-una-confesion-del-alma-ricaurte-losada-valderrama\/","og_locale":"es_ES","og_type":"article","og_title":"El libro: la justicia al servicio de la pol\u00edtica, es una confesi\u00f3n del alma: Ricaurte Losada Valderrama | P\u00e1gina10","og_description":"El ex senador y constitucionalista Ricaurte Losada Valderrama escribi\u00f3 el libro \u201cLa Justicia al servicio de la pol\u00edtica\u201d donde narra algunos aspectos de su vida y relata el viacrucis que debi\u00f3 sufrir para defenderse de cargos y acusaciones sin fundamento. En 304 p\u00e1ginas recuerda c\u00f3mo a ra\u00edz de su ascenso pol\u00edtico en Colombia, se urdi\u00f3 [&hellip;]","og_url":"https:\/\/pagina10.com\/web\/el-libro-la-justicia-al-servicio-de-la-politica-es-una-confesion-del-alma-ricaurte-losada-valderrama\/","og_site_name":"P\u00e1gina10","article_publisher":"https:\/\/www.facebook.com\/pag10com","article_published_time":"2021-10-24T21:01:45+00:00","article_modified_time":"2021-10-24T21:02:15+00:00","og_image":[{"width":465,"height":362,"url":"https:\/\/pagina10.com\/web\/wp-content\/uploads\/2021\/10\/Captura-de-Pantalla-2021-10-24-a-las-4.01.01-p.-m..png","type":"image\/png"}],"author":"Carlos Villota Santacruz.","twitter_card":"summary_large_image","twitter_creator":"@Pag10com","twitter_site":"@Pag10com","twitter_misc":{"Escrito por":"Carlos Villota Santacruz.","Tiempo de lectura":"2 minutos"},"schema":{"@context":"https:\/\/schema.org","@graph":[{"@type":"Article","@id":"https:\/\/pagina10.com\/web\/el-libro-la-justicia-al-servicio-de-la-politica-es-una-confesion-del-alma-ricaurte-losada-valderrama\/#article","isPartOf":{"@id":"https:\/\/pagina10.com\/web\/el-libro-la-justicia-al-servicio-de-la-politica-es-una-confesion-del-alma-ricaurte-losada-valderrama\/"},"author":{"name":"Carlos Villota Santacruz.","@id":"https:\/\/pagina10.com\/web\/#\/schema\/person\/b459e2d15ec5ba9d5a2c9a81c71c4f7b"},"headline":"El libro: la justicia al servicio de la pol\u00edtica, es una confesi\u00f3n del alma: Ricaurte Losada Valderrama","datePublished":"2021-10-24T21:01:45+00:00","dateModified":"2021-10-24T21:02:15+00:00","mainEntityOfPage":{"@id":"https:\/\/pagina10.com\/web\/el-libro-la-justicia-al-servicio-de-la-politica-es-una-confesion-del-alma-ricaurte-losada-valderrama\/"},"wordCount":395,"commentCount":0,"publisher":{"@id":"https:\/\/pagina10.com\/web\/#organization"},"image":{"@id":"https:\/\/pagina10.com\/web\/el-libro-la-justicia-al-servicio-de-la-politica-es-una-confesion-del-alma-ricaurte-losada-valderrama\/#primaryimage"},"thumbnailUrl":"https:\/\/pagina10.com\/web\/wp-content\/uploads\/2021\/10\/Captura-de-Pantalla-2021-10-24-a-las-4.01.01-p.-m..png","articleSection":["Nacional"],"inLanguage":"es","potentialAction":[{"@type":"CommentAction","name":"Comment","target":["https:\/\/pagina10.com\/web\/el-libro-la-justicia-al-servicio-de-la-politica-es-una-confesion-del-alma-ricaurte-losada-valderrama\/#respond"]}]},{"@type":"WebPage","@id":"https:\/\/pagina10.com\/web\/el-libro-la-justicia-al-servicio-de-la-politica-es-una-confesion-del-alma-ricaurte-losada-valderrama\/","url":"https:\/\/pagina10.com\/web\/el-libro-la-justicia-al-servicio-de-la-politica-es-una-confesion-del-alma-ricaurte-losada-valderrama\/","name":"El libro: la justicia al servicio de la pol\u00edtica, es una confesi\u00f3n del alma: Ricaurte Losada Valderrama | P\u00e1gina10","isPartOf":{"@id":"https:\/\/pagina10.com\/web\/#website"},"primaryImageOfPage":{"@id":"https:\/\/pagina10.com\/web\/el-libro-la-justicia-al-servicio-de-la-politica-es-una-confesion-del-alma-ricaurte-losada-valderrama\/#primaryimage"},"image":{"@id":"https:\/\/pagina10.com\/web\/el-libro-la-justicia-al-servicio-de-la-politica-es-una-confesion-del-alma-ricaurte-losada-valderrama\/#primaryimage"},"thumbnailUrl":"https:\/\/pagina10.com\/web\/wp-content\/uploads\/2021\/10\/Captura-de-Pantalla-2021-10-24-a-las-4.01.01-p.-m..png","datePublished":"2021-10-24T21:01:45+00:00","dateModified":"2021-10-24T21:02:15+00:00","breadcrumb":{"@id":"https:\/\/pagina10.com\/web\/el-libro-la-justicia-al-servicio-de-la-politica-es-una-confesion-del-alma-ricaurte-losada-valderrama\/#breadcrumb"},"inLanguage":"es","potentialAction":[{"@type":"ReadAction","target":["https:\/\/pagina10.com\/web\/el-libro-la-justicia-al-servicio-de-la-politica-es-una-confesion-del-alma-ricaurte-losada-valderrama\/"]}]},{"@type":"ImageObject","inLanguage":"es","@id":"https:\/\/pagina10.com\/web\/el-libro-la-justicia-al-servicio-de-la-politica-es-una-confesion-del-alma-ricaurte-losada-valderrama\/#primaryimage","url":"https:\/\/pagina10.com\/web\/wp-content\/uploads\/2021\/10\/Captura-de-Pantalla-2021-10-24-a-las-4.01.01-p.-m..png","contentUrl":"https:\/\/pagina10.com\/web\/wp-content\/uploads\/2021\/10\/Captura-de-Pantalla-2021-10-24-a-las-4.01.01-p.-m..png","width":465,"height":362},{"@type":"BreadcrumbList","@id":"https:\/\/pagina10.com\/web\/el-libro-la-justicia-al-servicio-de-la-politica-es-una-confesion-del-alma-ricaurte-losada-valderrama\/#breadcrumb","itemListElement":[{"@type":"ListItem","position":1,"name":"Portada","item":"https:\/\/pagina10.com\/web\/"},{"@type":"ListItem","position":2,"name":"El libro: la justicia al servicio de la pol\u00edtica, es una confesi\u00f3n del alma: Ricaurte Losada Valderrama"}]},{"@type":"WebSite","@id":"https:\/\/pagina10.com\/web\/#website","url":"https:\/\/pagina10.com\/web\/","name":"P\u00e1gina10","description":"Peri\u00f3dico Regional","publisher":{"@id":"https:\/\/pagina10.com\/web\/#organization"},"alternateName":"P\u00e1gina10 Peri\u00f3dico Regional","potentialAction":[{"@type":"SearchAction","target":{"@type":"EntryPoint","urlTemplate":"https:\/\/pagina10.com\/web\/?s={search_term_string}"},"query-input":{"@type":"PropertyValueSpecification","valueRequired":true,"valueName":"search_term_string"}}],"inLanguage":"es"},{"@type":"Organization","@id":"https:\/\/pagina10.com\/web\/#organization","name":"P\u00e1gina10","alternateName":"P\u00e1gina10 Peri\u00f3dico Regional","url":"https:\/\/pagina10.com\/web\/","logo":{"@type":"ImageObject","inLanguage":"es","@id":"https:\/\/pagina10.com\/web\/#\/schema\/logo\/image\/","url":"https:\/\/pagina10.com\/web\/wp-content\/uploads\/2024\/01\/40-pagina-10-periodico-regional-pasto.jpg","contentUrl":"https:\/\/pagina10.com\/web\/wp-content\/uploads\/2024\/01\/40-pagina-10-periodico-regional-pasto.jpg","width":1280,"height":720,"caption":"P\u00e1gina10"},"image":{"@id":"https:\/\/pagina10.com\/web\/#\/schema\/logo\/image\/"},"sameAs":["https:\/\/www.facebook.com\/pag10com","https:\/\/x.com\/Pag10com","https:\/\/www.instagram.com\/pagina10col\/","https:\/\/youtube.com\/channel\/pag10","https:\/\/www.tiktok.com\/@p10col"]},{"@type":"Person","@id":"https:\/\/pagina10.com\/web\/#\/schema\/person\/b459e2d15ec5ba9d5a2c9a81c71c4f7b","name":"Carlos Villota Santacruz.","description":"Internacionalista-Comunicador Social y Periodista. Experto en Comunicaci\u00f3n para el desarrollo y ciudad-regi\u00f3n.. Promotor de proyectos e investigaci\u00f3n comunicativa en radio, prensa y televisi\u00f3n. Experiencia en el manejo de imagen externa, interna y protocolaria de entidades p\u00fablicas y privadas, encuentros culturales, empresariales y ambientales. Docente en el \u00e1rea de televisi\u00f3n, relaciones internacionales y bloques econ\u00f3micos. Experto y conferencista en temas de marketing pol\u00edtico, marketing de ciudad, integraci\u00f3n cultural, TLC y desarrollo urban\u00edstico. E-mail: villotasantacruzcarlos@yahoo.com.co","url":"https:\/\/pagina10.com\/web\/author\/cvillota\/"}]}},"_links":{"self":[{"href":"https:\/\/pagina10.com\/web\/wp-json\/wp\/v2\/posts\/56292","targetHints":{"allow":["GET"]}}],"collection":[{"href":"https:\/\/pagina10.com\/web\/wp-json\/wp\/v2\/posts"}],"about":[{"href":"https:\/\/pagina10.com\/web\/wp-json\/wp\/v2\/types\/post"}],"author":[{"embeddable":true,"href":"https:\/\/pagina10.com\/web\/wp-json\/wp\/v2\/users\/38"}],"replies":[{"embeddable":true,"href":"https:\/\/pagina10.com\/web\/wp-json\/wp\/v2\/comments?post=56292"}],"version-history":[{"count":1,"href":"https:\/\/pagina10.com\/web\/wp-json\/wp\/v2\/posts\/56292\/revisions"}],"predecessor-version":[{"id":56294,"href":"https:\/\/pagina10.com\/web\/wp-json\/wp\/v2\/posts\/56292\/revisions\/56294"}],"wp:featuredmedia":[{"embeddable":true,"href":"https:\/\/pagina10.com\/web\/wp-json\/wp\/v2\/media\/56293"}],"wp:attachment":[{"href":"https:\/\/pagina10.com\/web\/wp-json\/wp\/v2\/media?parent=56292"}],"wp:term":[{"taxonomy":"category","embeddable":true,"href":"https:\/\/pagina10.com\/web\/wp-json\/wp\/v2\/categories?post=56292"},{"taxonomy":"post_tag","embeddable":true,"href":"https:\/\/pagina10.com\/web\/wp-json\/wp\/v2\/tags?post=56292"}],"curies":[{"name":"wp","href":"https:\/\/api.w.org\/{rel}","templated":true}]}}